{"id":198792,"date":"2022-11-11T09:30:00","date_gmt":"2022-11-11T09:30:00","guid":{"rendered":"https:\/\/www.webdo.tn\/fr\/blog\/ghannouchi-interdit-de-voyage-dans-l-affaire-instalingo\/198792\/"},"modified":"2025-05-20T22:47:52","modified_gmt":"2025-05-20T22:47:52","slug":"ghannouchi-interdit-de-voyage-dans-l-affaire-instalingo","status":"publish","type":"post","link":"https:\/\/www.webdo.tn\/fr\/actualite\/national\/ghannouchi-interdit-de-voyage-dans-l-affaire-instalingo\/198792\/","title":{"rendered":"Rached Ghannouchi interdit de voyage dans l\u2019affaire Instalingo"},"content":{"rendered":"<p>Le juge d\u2019instruction aupr\u00e8s du tribunal de premi\u00e8re instance de Sousse II a d\u00e9cid\u00e9 d\u2019interdire le chef du parti Ennahdha Rached Ghannouchi de voyage dans le cadre de l\u2019affaire Instalingo.<\/p>\n<p>\t\t\t\t\t\t\t\t\tApr\u00e8s une audition de plusieurs heures, Ghannouchi a \u00e9t\u00e9 maintenu en \u00e9tat de libert\u00e9 mais interdit de voyage, rapporte Mosa\u00efque FM. Cette d\u00e9cision intervient en attendant la poursuite des investigations dans cette affaire, ajoute la m\u00eame source.\u00a0<\/p>\n<p>Ce dernier a comparu, en tant que suspect, devant le juge d\u2019instruction dans le cadre de l\u2019affaire Instalingo, une boite de production accus\u00e9e d\u2019espionnage.\u00a0<\/p>\n<p>A sa sortie, Rached Ghannouchi a affirm\u00e9 que les accusations sont mont\u00e9es de toutes pi\u00e8cse et que son maintien en \u00e9tat de libert\u00e9 en est la preuve.\u00a0<\/p>\n<p>Le pr\u00e9sident d&rsquo; Ennahdha, Rached Ghannouchi, a comparu devant le juge d&rsquo;instruction du Tribunal de premi\u00e8re instance de Sousse 2, dans l&rsquo;affaire Instalingo, en tant que suspect, selon son avocat, Sami Trifi.<\/p>\n<p>Ma\u00eetre Sami Trifi a \u00e9galement rappel\u00e9 qu&rsquo;une douzaine de personnes sont plac\u00e9es en d\u00e9tention, dans le cadre de cette affaire.<\/p>\n<p>Il est \u00e0 rappeler que Le parquet pr\u00e8s le tribunal de premi\u00e8re l\u2019instance \u00e0 Sousse 2 avait ordonn\u00e9, le 20 juin dernier, l\u2019ouverture d\u2019une information judiciaire contre 28 personnes soup\u00e7onn\u00e9es d\u2019\u00eatre impliqu\u00e9es dans l\u2019affaire Instalingo, soci\u00e9t\u00e9 implant\u00e9e \u00e0 Kal\u00e2a Kebira et sp\u00e9cialis\u00e9e dans la cr\u00e9ation de contenu et la communication num\u00e9rique.<\/p>\n","protected":false},"excerpt":{"rendered":"<p>Le juge d\u2019instruction aupr\u00e8s du tribunal de premi\u00e8re instance de Sousse II a d\u00e9cid\u00e9 d\u2019interdire le chef du parti Ennahdha Rached Ghannouchi de voyage dans le ca&#8230;<\/p>\n","protected":false},"author":3175,"featured_media":277224,"comment_status":"open","ping_status":"closed","sticky":false,"template":"","format":"standard","meta":{"footnotes":""},"categories":[44],"tags":[4127,2608],"class_list":["post-198792","post","type-post","status-publish","format-standard","has-post-thumbnail","hentry","category-national","tag-ghannouchi","tag-tunisie"],"yoast_head":"<!-- This site is optimized with the Yoast SEO Premium plugin v27.4 (Yoast SEO v27.5) - https:\/\/yoast.com\/product\/yoast-seo-premium-wordpress\/ -->\n<title>Rached Ghannouchi interdit de voyage dans l\u2019affaire Instalingo<\/title>\n<meta name=\"description\" content=\"Le juge d\u2019instruction aupr\u00e8s du tribunal de premi\u00e8re instance de Sousse II a d\u00e9cid\u00e9 d\u2019interdire le chef du parti Ennahdha Rached Ghannouchi de voyage dans le ca...\" \/>\n<link rel=\"canonical\" href=\"https:\/\/www.webdo.tn\/fr\/actualite\/national\/ghannouchi-interdit-de-voyage-dans-l-affaire-instalingo\/198792\/\" \/>\n<meta property=\"og:locale\" content=\"fr_FR\" \/>\n<meta property=\"og:type\" content=\"article\" \/>\n<meta property=\"og:title\" content=\"Rached Ghannouchi interdit de voyage dans l\u2019affaire Instalingo\" \/>\n<meta property=\"og:description\" content=\"Le juge d\u2019instruction aupr\u00e8s du tribunal de premi\u00e8re instance de Sousse II a d\u00e9cid\u00e9 d\u2019interdire le chef du parti Ennahdha Rached Ghannouchi de voyage dans le ca...\" \/>\n<meta property=\"og:url\" content=\"https:\/\/www.webdo.tn\/fr\/actualite\/national\/ghannouchi-interdit-de-voyage-dans-l-affaire-instalingo\/198792\/\" \/>\n<meta property=\"og:site_name\" content=\"webdo\" \/>\n<meta property=\"article:publisher\" content=\"https:\/\/www.facebook.com\/webdotn\" \/>\n<meta property=\"article:published_time\" content=\"2022-11-11T09:30:00+00:00\" \/>\n<meta property=\"article:modified_time\" content=\"2025-05-20T22:47:52+00:00\" \/>\n<meta property=\"og:image\" content=\"https:\/\/www.webdo.tn\/fr\/wp-content\/uploads\/2022\/11\/d32fdd75d35c461eed017ef340f54c4b.jpg\" \/>\n\t<meta property=\"og:image:width\" content=\"750\" \/>\n\t<meta property=\"og:image:height\" content=\"400\" \/>\n\t<meta property=\"og:image:type\" content=\"image\/jpeg\" \/>\n<meta name=\"author\" content=\"CL\" \/>\n<meta name=\"twitter:card\" content=\"summary_large_image\" \/>\n<meta name=\"twitter:creator\" content=\"@webdo_tn\" \/>\n<meta name=\"twitter:site\" content=\"@webdo_tn\" \/>\n<meta name=\"twitter:label1\" content=\"\u00c9crit par\" \/>\n\t<meta name=\"twitter:data1\" content=\"CL\" \/>\n\t<meta name=\"twitter:label2\" content=\"Dur\u00e9e de lecture estim\u00e9e\" \/>\n\t<meta name=\"twitter:data2\" content=\"1 minute\" \/>\n<script type=\"application\/ld+json\" class=\"yoast-schema-graph\">{\"@context\":\"https:\\\/\\\/schema.org\",\"@graph\":[{\"@type\":\"NewsArticle\",\"@id\":\"https:\\\/\\\/www.webdo.tn\\\/fr\\\/actualite\\\/national\\\/ghannouchi-interdit-de-voyage-dans-l-affaire-instalingo\\\/198792\\\/#article\",\"isPartOf\":{\"@id\":\"https:\\\/\\\/www.webdo.tn\\\/fr\\\/actualite\\\/national\\\/ghannouchi-interdit-de-voyage-dans-l-affaire-instalingo\\\/198792\\\/\"},\"author\":{\"name\":\"CL\",\"@id\":\"https:\\\/\\\/www.webdo.tn\\\/fr\\\/#\\\/schema\\\/person\\\/f35b42a42c5e2511bbd282959d6385cc\"},\"headline\":\"Rached Ghannouchi interdit de voyage dans l\u2019affaire Instalingo\",\"datePublished\":\"2022-11-11T09:30:00+00:00\",\"dateModified\":\"2025-05-20T22:47:52+00:00\",\"mainEntityOfPage\":{\"@id\":\"https:\\\/\\\/www.webdo.tn\\\/fr\\\/actualite\\\/national\\\/ghannouchi-interdit-de-voyage-dans-l-affaire-instalingo\\\/198792\\\/\"},\"wordCount\":264,\"commentCount\":0,\"publisher\":{\"@id\":\"https:\\\/\\\/www.webdo.tn\\\/fr\\\/#organization\"},\"image\":{\"@id\":\"https:\\\/\\\/www.webdo.tn\\\/fr\\\/actualite\\\/national\\\/ghannouchi-interdit-de-voyage-dans-l-affaire-instalingo\\\/198792\\\/#primaryimage\"},\"thumbnailUrl\":\"https:\\\/\\\/www.webdo.tn\\\/fr\\\/wp-content\\\/uploads\\\/2022\\\/11\\\/d32fdd75d35c461eed017ef340f54c4b.jpg\",\"keywords\":[\"Ghannouchi\",\"Tunisie\"],\"articleSection\":[\"National\"],\"inLanguage\":\"fr-FR\"},{\"@type\":\"WebPage\",\"@id\":\"https:\\\/\\\/www.webdo.tn\\\/fr\\\/actualite\\\/national\\\/ghannouchi-interdit-de-voyage-dans-l-affaire-instalingo\\\/198792\\\/\",\"url\":\"https:\\\/\\\/www.webdo.tn\\\/fr\\\/actualite\\\/national\\\/ghannouchi-interdit-de-voyage-dans-l-affaire-instalingo\\\/198792\\\/\",\"name\":\"Rached Ghannouchi interdit de voyage dans l\u2019affaire Instalingo\",\"isPartOf\":{\"@id\":\"https:\\\/\\\/www.webdo.tn\\\/fr\\\/#website\"},\"primaryImageOfPage\":{\"@id\":\"https:\\\/\\\/www.webdo.tn\\\/fr\\\/actualite\\\/national\\\/ghannouchi-interdit-de-voyage-dans-l-affaire-instalingo\\\/198792\\\/#primaryimage\"},\"image\":{\"@id\":\"https:\\\/\\\/www.webdo.tn\\\/fr\\\/actualite\\\/national\\\/ghannouchi-interdit-de-voyage-dans-l-affaire-instalingo\\\/198792\\\/#primaryimage\"},\"thumbnailUrl\":\"https:\\\/\\\/www.webdo.tn\\\/fr\\\/wp-content\\\/uploads\\\/2022\\\/11\\\/d32fdd75d35c461eed017ef340f54c4b.jpg\",\"datePublished\":\"2022-11-11T09:30:00+00:00\",\"dateModified\":\"2025-05-20T22:47:52+00:00\",\"description\":\"Le juge d\u2019instruction aupr\u00e8s du tribunal de premi\u00e8re instance de Sousse II a d\u00e9cid\u00e9 d\u2019interdire le chef du parti Ennahdha Rached Ghannouchi de voyage dans le ca...\",\"breadcrumb\":{\"@id\":\"https:\\\/\\\/www.webdo.tn\\\/fr\\\/actualite\\\/national\\\/ghannouchi-interdit-de-voyage-dans-l-affaire-instalingo\\\/198792\\\/#breadcrumb\"},\"inLanguage\":\"fr-FR\",\"potentialAction\":[{\"@type\":\"ReadAction\",\"target\":[\"https:\\\/\\\/www.webdo.tn\\\/fr\\\/actualite\\\/national\\\/ghannouchi-interdit-de-voyage-dans-l-affaire-instalingo\\\/198792\\\/\"]}]},{\"@type\":\"ImageObject\",\"inLanguage\":\"fr-FR\",\"@id\":\"https:\\\/\\\/www.webdo.tn\\\/fr\\\/actualite\\\/national\\\/ghannouchi-interdit-de-voyage-dans-l-affaire-instalingo\\\/198792\\\/#primaryimage\",\"url\":\"https:\\\/\\\/www.webdo.tn\\\/fr\\\/wp-content\\\/uploads\\\/2022\\\/11\\\/d32fdd75d35c461eed017ef340f54c4b.jpg\",\"contentUrl\":\"https:\\\/\\\/www.webdo.tn\\\/fr\\\/wp-content\\\/uploads\\\/2022\\\/11\\\/d32fdd75d35c461eed017ef340f54c4b.jpg\",\"width\":750,\"height\":400,\"caption\":\"Rached Ghannouchi\"},{\"@type\":\"BreadcrumbList\",\"@id\":\"https:\\\/\\\/www.webdo.tn\\\/fr\\\/actualite\\\/national\\\/ghannouchi-interdit-de-voyage-dans-l-affaire-instalingo\\\/198792\\\/#breadcrumb\",\"itemListElement\":[{\"@type\":\"ListItem\",\"position\":1,\"name\":\"Accueil\",\"item\":\"https:\\\/\\\/www.webdo.tn\\\/fr\\\/\"},{\"@type\":\"ListItem\",\"position\":2,\"name\":\"Rached Ghannouchi interdit de voyage dans l\u2019affaire Instalingo\"}]},{\"@type\":\"WebSite\",\"@id\":\"https:\\\/\\\/www.webdo.tn\\\/fr\\\/#website\",\"url\":\"https:\\\/\\\/www.webdo.tn\\\/fr\\\/\",\"name\":\"webdo\",\"description\":\"Tunisie - News en Tunisie et \u00e0 l&#039;international sur Webdo.tn\",\"publisher\":{\"@id\":\"https:\\\/\\\/www.webdo.tn\\\/fr\\\/#organization\"},\"potentialAction\":[{\"@type\":\"SearchAction\",\"target\":{\"@type\":\"EntryPoint\",\"urlTemplate\":\"https:\\\/\\\/www.webdo.tn\\\/fr\\\/?s={search_term_string}\"},\"query-input\":{\"@type\":\"PropertyValueSpecification\",\"valueRequired\":true,\"valueName\":\"search_term_string\"}}],\"inLanguage\":\"fr-FR\"},{\"@type\":\"Organization\",\"@id\":\"https:\\\/\\\/www.webdo.tn\\\/fr\\\/#organization\",\"name\":\"Webdo\",\"alternateName\":\"Webdo.tn\",\"url\":\"https:\\\/\\\/www.webdo.tn\\\/fr\\\/\",\"logo\":{\"@type\":\"ImageObject\",\"inLanguage\":\"fr-FR\",\"@id\":\"https:\\\/\\\/www.webdo.tn\\\/fr\\\/#\\\/schema\\\/logo\\\/image\\\/\",\"url\":\"https:\\\/\\\/www.webdo.tn\\\/fr\\\/wp-content\\\/uploads\\\/2025\\\/06\\\/Webdo-Tunisie_168377.jpg\",\"contentUrl\":\"https:\\\/\\\/www.webdo.tn\\\/fr\\\/wp-content\\\/uploads\\\/2025\\\/06\\\/Webdo-Tunisie_168377.jpg\",\"width\":301,\"height\":301,\"caption\":\"Webdo\"},\"image\":{\"@id\":\"https:\\\/\\\/www.webdo.tn\\\/fr\\\/#\\\/schema\\\/logo\\\/image\\\/\"},\"sameAs\":[\"https:\\\/\\\/www.facebook.com\\\/webdotn\",\"https:\\\/\\\/x.com\\\/webdo_tn\"],\"description\":\"Webdo est un m\u00e9dia num\u00e9rique tunisien fond\u00e9 en 2010, sp\u00e9cialis\u00e9 dans l\u2019actualit\u00e9 nationale et internationale, l\u2019\u00e9conomie, la soci\u00e9t\u00e9 et les analyses politiques. Le site s\u2019adresse \u00e0 un large public francophone et couvre l\u2019information tunisienne en temps r\u00e9el.\",\"email\":\"redac@webdo.tn\",\"legalName\":\"YNJ SARL\",\"foundingDate\":\"2010-09-06\",\"numberOfEmployees\":{\"@type\":\"QuantitativeValue\",\"minValue\":\"11\",\"maxValue\":\"50\"}},{\"@type\":\"Person\",\"@id\":\"https:\\\/\\\/www.webdo.tn\\\/fr\\\/#\\\/schema\\\/person\\\/f35b42a42c5e2511bbd282959d6385cc\",\"name\":\"CL\",\"image\":{\"@type\":\"ImageObject\",\"inLanguage\":\"fr-FR\",\"@id\":\"https:\\\/\\\/secure.gravatar.com\\\/avatar\\\/1447a49909b67aa657c488aec6512e1dd6143a480c1ecfee9b5b5cd74eb3b59e?s=96&d=mm&r=g\",\"url\":\"https:\\\/\\\/secure.gravatar.com\\\/avatar\\\/1447a49909b67aa657c488aec6512e1dd6143a480c1ecfee9b5b5cd74eb3b59e?s=96&d=mm&r=g\",\"contentUrl\":\"https:\\\/\\\/secure.gravatar.com\\\/avatar\\\/1447a49909b67aa657c488aec6512e1dd6143a480c1ecfee9b5b5cd74eb3b59e?s=96&d=mm&r=g\",\"caption\":\"CL\"},\"url\":\"https:\\\/\\\/www.webdo.tn\\\/fr\\\/actualite\\\/author\\\/cl\\\/\"}]}<\/script>\n<!-- \/ Yoast SEO Premium plugin. -->","yoast_head_json":{"title":"Rached Ghannouchi interdit de voyage dans l\u2019affaire Instalingo","description":"Le juge d\u2019instruction aupr\u00e8s du tribunal de premi\u00e8re instance de Sousse II a d\u00e9cid\u00e9 d\u2019interdire le chef du parti Ennahdha Rached Ghannouchi de voyage dans le ca...","canonical":"https:\/\/www.webdo.tn\/fr\/actualite\/national\/ghannouchi-interdit-de-voyage-dans-l-affaire-instalingo\/198792\/","og_locale":"fr_FR","og_type":"article","og_title":"Rached Ghannouchi interdit de voyage dans l\u2019affaire Instalingo","og_description":"Le juge d\u2019instruction aupr\u00e8s du tribunal de premi\u00e8re instance de Sousse II a d\u00e9cid\u00e9 d\u2019interdire le chef du parti Ennahdha Rached Ghannouchi de voyage dans le ca...","og_url":"https:\/\/www.webdo.tn\/fr\/actualite\/national\/ghannouchi-interdit-de-voyage-dans-l-affaire-instalingo\/198792\/","og_site_name":"webdo","article_publisher":"https:\/\/www.facebook.com\/webdotn","article_published_time":"2022-11-11T09:30:00+00:00","article_modified_time":"2025-05-20T22:47:52+00:00","og_image":[{"width":750,"height":400,"url":"https:\/\/www.webdo.tn\/fr\/wp-content\/uploads\/2022\/11\/d32fdd75d35c461eed017ef340f54c4b.jpg","type":"image\/jpeg"}],"author":"CL","twitter_card":"summary_large_image","twitter_creator":"@webdo_tn","twitter_site":"@webdo_tn","twitter_misc":{"\u00c9crit par":"CL","Dur\u00e9e de lecture estim\u00e9e":"1 minute"},"schema":{"@context":"https:\/\/schema.org","@graph":[{"@type":"NewsArticle","@id":"https:\/\/www.webdo.tn\/fr\/actualite\/national\/ghannouchi-interdit-de-voyage-dans-l-affaire-instalingo\/198792\/#article","isPartOf":{"@id":"https:\/\/www.webdo.tn\/fr\/actualite\/national\/ghannouchi-interdit-de-voyage-dans-l-affaire-instalingo\/198792\/"},"author":{"name":"CL","@id":"https:\/\/www.webdo.tn\/fr\/#\/schema\/person\/f35b42a42c5e2511bbd282959d6385cc"},"headline":"Rached Ghannouchi interdit de voyage dans l\u2019affaire Instalingo","datePublished":"2022-11-11T09:30:00+00:00","dateModified":"2025-05-20T22:47:52+00:00","mainEntityOfPage":{"@id":"https:\/\/www.webdo.tn\/fr\/actualite\/national\/ghannouchi-interdit-de-voyage-dans-l-affaire-instalingo\/198792\/"},"wordCount":264,"commentCount":0,"publisher":{"@id":"https:\/\/www.webdo.tn\/fr\/#organization"},"image":{"@id":"https:\/\/www.webdo.tn\/fr\/actualite\/national\/ghannouchi-interdit-de-voyage-dans-l-affaire-instalingo\/198792\/#primaryimage"},"thumbnailUrl":"https:\/\/www.webdo.tn\/fr\/wp-content\/uploads\/2022\/11\/d32fdd75d35c461eed017ef340f54c4b.jpg","keywords":["Ghannouchi","Tunisie"],"articleSection":["National"],"inLanguage":"fr-FR"},{"@type":"WebPage","@id":"https:\/\/www.webdo.tn\/fr\/actualite\/national\/ghannouchi-interdit-de-voyage-dans-l-affaire-instalingo\/198792\/","url":"https:\/\/www.webdo.tn\/fr\/actualite\/national\/ghannouchi-interdit-de-voyage-dans-l-affaire-instalingo\/198792\/","name":"Rached Ghannouchi interdit de voyage dans l\u2019affaire Instalingo","isPartOf":{"@id":"https:\/\/www.webdo.tn\/fr\/#website"},"primaryImageOfPage":{"@id":"https:\/\/www.webdo.tn\/fr\/actualite\/national\/ghannouchi-interdit-de-voyage-dans-l-affaire-instalingo\/198792\/#primaryimage"},"image":{"@id":"https:\/\/www.webdo.tn\/fr\/actualite\/national\/ghannouchi-interdit-de-voyage-dans-l-affaire-instalingo\/198792\/#primaryimage"},"thumbnailUrl":"https:\/\/www.webdo.tn\/fr\/wp-content\/uploads\/2022\/11\/d32fdd75d35c461eed017ef340f54c4b.jpg","datePublished":"2022-11-11T09:30:00+00:00","dateModified":"2025-05-20T22:47:52+00:00","description":"Le juge d\u2019instruction aupr\u00e8s du tribunal de premi\u00e8re instance de Sousse II a d\u00e9cid\u00e9 d\u2019interdire le chef du parti Ennahdha Rached Ghannouchi de voyage dans le ca...","breadcrumb":{"@id":"https:\/\/www.webdo.tn\/fr\/actualite\/national\/ghannouchi-interdit-de-voyage-dans-l-affaire-instalingo\/198792\/#breadcrumb"},"inLanguage":"fr-FR","potentialAction":[{"@type":"ReadAction","target":["https:\/\/www.webdo.tn\/fr\/actualite\/national\/ghannouchi-interdit-de-voyage-dans-l-affaire-instalingo\/198792\/"]}]},{"@type":"ImageObject","inLanguage":"fr-FR","@id":"https:\/\/www.webdo.tn\/fr\/actualite\/national\/ghannouchi-interdit-de-voyage-dans-l-affaire-instalingo\/198792\/#primaryimage","url":"https:\/\/www.webdo.tn\/fr\/wp-content\/uploads\/2022\/11\/d32fdd75d35c461eed017ef340f54c4b.jpg","contentUrl":"https:\/\/www.webdo.tn\/fr\/wp-content\/uploads\/2022\/11\/d32fdd75d35c461eed017ef340f54c4b.jpg","width":750,"height":400,"caption":"Rached Ghannouchi"},{"@type":"BreadcrumbList","@id":"https:\/\/www.webdo.tn\/fr\/actualite\/national\/ghannouchi-interdit-de-voyage-dans-l-affaire-instalingo\/198792\/#breadcrumb","itemListElement":[{"@type":"ListItem","position":1,"name":"Accueil","item":"https:\/\/www.webdo.tn\/fr\/"},{"@type":"ListItem","position":2,"name":"Rached Ghannouchi interdit de voyage dans l\u2019affaire Instalingo"}]},{"@type":"WebSite","@id":"https:\/\/www.webdo.tn\/fr\/#website","url":"https:\/\/www.webdo.tn\/fr\/","name":"webdo","description":"Tunisie - News en Tunisie et \u00e0 l&#039;international sur Webdo.tn","publisher":{"@id":"https:\/\/www.webdo.tn\/fr\/#organization"},"potentialAction":[{"@type":"SearchAction","target":{"@type":"EntryPoint","urlTemplate":"https:\/\/www.webdo.tn\/fr\/?s={search_term_string}"},"query-input":{"@type":"PropertyValueSpecification","valueRequired":true,"valueName":"search_term_string"}}],"inLanguage":"fr-FR"},{"@type":"Organization","@id":"https:\/\/www.webdo.tn\/fr\/#organization","name":"Webdo","alternateName":"Webdo.tn","url":"https:\/\/www.webdo.tn\/fr\/","logo":{"@type":"ImageObject","inLanguage":"fr-FR","@id":"https:\/\/www.webdo.tn\/fr\/#\/schema\/logo\/image\/","url":"https:\/\/www.webdo.tn\/fr\/wp-content\/uploads\/2025\/06\/Webdo-Tunisie_168377.jpg","contentUrl":"https:\/\/www.webdo.tn\/fr\/wp-content\/uploads\/2025\/06\/Webdo-Tunisie_168377.jpg","width":301,"height":301,"caption":"Webdo"},"image":{"@id":"https:\/\/www.webdo.tn\/fr\/#\/schema\/logo\/image\/"},"sameAs":["https:\/\/www.facebook.com\/webdotn","https:\/\/x.com\/webdo_tn"],"description":"Webdo est un m\u00e9dia num\u00e9rique tunisien fond\u00e9 en 2010, sp\u00e9cialis\u00e9 dans l\u2019actualit\u00e9 nationale et internationale, l\u2019\u00e9conomie, la soci\u00e9t\u00e9 et les analyses politiques. Le site s\u2019adresse \u00e0 un large public francophone et couvre l\u2019information tunisienne en temps r\u00e9el.","email":"redac@webdo.tn","legalName":"YNJ SARL","foundingDate":"2010-09-06","numberOfEmployees":{"@type":"QuantitativeValue","minValue":"11","maxValue":"50"}},{"@type":"Person","@id":"https:\/\/www.webdo.tn\/fr\/#\/schema\/person\/f35b42a42c5e2511bbd282959d6385cc","name":"CL","image":{"@type":"ImageObject","inLanguage":"fr-FR","@id":"https:\/\/secure.gravatar.com\/avatar\/1447a49909b67aa657c488aec6512e1dd6143a480c1ecfee9b5b5cd74eb3b59e?s=96&d=mm&r=g","url":"https:\/\/secure.gravatar.com\/avatar\/1447a49909b67aa657c488aec6512e1dd6143a480c1ecfee9b5b5cd74eb3b59e?s=96&d=mm&r=g","contentUrl":"https:\/\/secure.gravatar.com\/avatar\/1447a49909b67aa657c488aec6512e1dd6143a480c1ecfee9b5b5cd74eb3b59e?s=96&d=mm&r=g","caption":"CL"},"url":"https:\/\/www.webdo.tn\/fr\/actualite\/author\/cl\/"}]}},"_links":{"self":[{"href":"https:\/\/www.webdo.tn\/fr\/wp-json\/wp\/v2\/posts\/198792","targetHints":{"allow":["GET"]}}],"collection":[{"href":"https:\/\/www.webdo.tn\/fr\/wp-json\/wp\/v2\/posts"}],"about":[{"href":"https:\/\/www.webdo.tn\/fr\/wp-json\/wp\/v2\/types\/post"}],"author":[{"embeddable":true,"href":"https:\/\/www.webdo.tn\/fr\/wp-json\/wp\/v2\/users\/3175"}],"replies":[{"embeddable":true,"href":"https:\/\/www.webdo.tn\/fr\/wp-json\/wp\/v2\/comments?post=198792"}],"version-history":[{"count":0,"href":"https:\/\/www.webdo.tn\/fr\/wp-json\/wp\/v2\/posts\/198792\/revisions"}],"wp:featuredmedia":[{"embeddable":true,"href":"https:\/\/www.webdo.tn\/fr\/wp-json\/wp\/v2\/media\/277224"}],"wp:attachment":[{"href":"https:\/\/www.webdo.tn\/fr\/wp-json\/wp\/v2\/media?parent=198792"}],"wp:term":[{"taxonomy":"category","embeddable":true,"href":"https:\/\/www.webdo.tn\/fr\/wp-json\/wp\/v2\/categories?post=198792"},{"taxonomy":"post_tag","embeddable":true,"href":"https:\/\/www.webdo.tn\/fr\/wp-json\/wp\/v2\/tags?post=198792"}],"curies":[{"name":"wp","href":"https:\/\/api.w.org\/{rel}","templated":true}]}}