{"id":198790,"date":"2022-11-11T09:17:00","date_gmt":"2022-11-11T09:17:00","guid":{"rendered":"https:\/\/www.webdo.tn\/fr\/blog\/emigration-irreguliere-quatre-personnes-toujours-portees-disparues-a-bizerte\/198790\/"},"modified":"2025-05-20T22:04:58","modified_gmt":"2025-05-20T22:04:58","slug":"emigration-irreguliere-quatre-personnes-toujours-portees-disparues-a-bizerte","status":"publish","type":"post","link":"https:\/\/www.webdo.tn\/fr\/actualite\/regions\/emigration-irreguliere-quatre-personnes-toujours-portees-disparues-a-bizerte\/198790\/","title":{"rendered":"Emigration irr\u00e9guli\u00e8re : quatre personnes toujours port\u00e9es disparues \u00e0 Bizerte"},"content":{"rendered":"<p>Les recherches se poursuivent au large des c\u00f4tes de Bizerte dans l&rsquo;espoir de retrouver quatre personnes toujours port\u00e9es disparues au large de Ras Angela apr\u00e8s le naufrage de leur embarcation dans la nuit du 7 au 8 novembre, lors d&rsquo;une op\u00e9ration d&rsquo;\u00e9migration irr\u00e9guli\u00e8re.<\/p>\n<p>\t\t\t\t\t\t\t\t\tA ce jour, un corps a \u00e9t\u00e9 rep\u00each\u00e9, alors que dix personnes ont \u00e9t\u00e9 secourues par les unit\u00e9s de la Garde maritime de Bizerte parmi 17 jeunes, originaires des villes de Menzel Bourguiba et Mateur.<\/p>\n<p>Des op\u00e9rations de recherche conjointes entre la Garde maritime, la Protection civile et l&rsquo;Arm\u00e9e de mer ratissent le littoral \u00e0 la recherche des disparus, a indiqu\u00e9 le gouverneur de Bizerte Samir Abdellaoui.<\/p>\n","protected":false},"excerpt":{"rendered":"<p>Les recherches se poursuivent au large des c\u00f4tes de Bizerte dans l&rsquo;espoir de retrouver quatre personnes toujours port\u00e9es disparues au large de Ras Angela apr\u00e8s&#8230;<\/p>\n","protected":false},"author":3162,"featured_media":253317,"comment_status":"open","ping_status":"closed","sticky":false,"template":"","format":"standard","meta":{"footnotes":""},"categories":[2595],"tags":[2707,7177,7055],"class_list":["post-198790","post","type-post","status-publish","format-standard","has-post-thumbnail","hentry","category-regions","tag-bizerte","tag-disparus","tag-emigration-irreguliere"],"yoast_head":"<!-- This site is optimized with the Yoast SEO Premium plugin v27.5 (Yoast SEO v27.5) - https:\/\/yoast.com\/product\/yoast-seo-premium-wordpress\/ -->\n<title>Emigration irr\u00e9guli\u00e8re : quatre personnes toujours port\u00e9es disparues \u00e0 Bizerte<\/title>\n<meta name=\"description\" content=\"Les recherches se poursuivent au large des c\u00f4tes de Bizerte dans l&#039;espoir de retrouver quatre personnes toujours port\u00e9es disparues au large de Ras Angela apr\u00e8s...\" \/>\n<link rel=\"canonical\" href=\"https:\/\/www.webdo.tn\/fr\/actualite\/regions\/emigration-irreguliere-quatre-personnes-toujours-portees-disparues-a-bizerte\/198790\/\" \/>\n<meta property=\"og:locale\" content=\"fr_FR\" \/>\n<meta property=\"og:type\" content=\"article\" \/>\n<meta property=\"og:title\" content=\"Emigration irr\u00e9guli\u00e8re : quatre personnes toujours port\u00e9es disparues \u00e0 Bizerte\" \/>\n<meta property=\"og:description\" content=\"Les recherches se poursuivent au large des c\u00f4tes de Bizerte dans l&#039;espoir de retrouver quatre personnes toujours port\u00e9es disparues au large de Ras Angela apr\u00e8s...\" \/>\n<meta property=\"og:url\" content=\"https:\/\/www.webdo.tn\/fr\/actualite\/regions\/emigration-irreguliere-quatre-personnes-toujours-portees-disparues-a-bizerte\/198790\/\" \/>\n<meta property=\"og:site_name\" content=\"webdo\" \/>\n<meta property=\"article:publisher\" content=\"https:\/\/www.facebook.com\/webdotn\" \/>\n<meta property=\"article:published_time\" content=\"2022-11-11T09:17:00+00:00\" \/>\n<meta property=\"article:modified_time\" content=\"2025-05-20T22:04:58+00:00\" \/>\n<meta property=\"og:image\" content=\"https:\/\/www.webdo.tn\/fr\/wp-content\/uploads\/2022\/11\/e55d5f51f9a3d064b023cf3068b5c276.jpg\" \/>\n\t<meta property=\"og:image:width\" content=\"626\" \/>\n\t<meta property=\"og:image:height\" content=\"334\" \/>\n\t<meta property=\"og:image:type\" content=\"image\/jpeg\" \/>\n<meta name=\"author\" content=\"MC\" \/>\n<meta name=\"twitter:card\" content=\"summary_large_image\" \/>\n<meta name=\"twitter:creator\" content=\"@webdo_tn\" \/>\n<meta name=\"twitter:site\" content=\"@webdo_tn\" \/>\n<meta name=\"twitter:label1\" content=\"\u00c9crit par\" \/>\n\t<meta name=\"twitter:data1\" content=\"MC\" \/>\n\t<meta name=\"twitter:label2\" content=\"Dur\u00e9e de lecture estim\u00e9e\" \/>\n\t<meta name=\"twitter:data2\" content=\"1 minute\" \/>\n<script type=\"application\/ld+json\" class=\"yoast-schema-graph\">{\"@context\":\"https:\\\/\\\/schema.org\",\"@graph\":[{\"@type\":\"NewsArticle\",\"@id\":\"https:\\\/\\\/www.webdo.tn\\\/fr\\\/actualite\\\/regions\\\/emigration-irreguliere-quatre-personnes-toujours-portees-disparues-a-bizerte\\\/198790\\\/#article\",\"isPartOf\":{\"@id\":\"https:\\\/\\\/www.webdo.tn\\\/fr\\\/actualite\\\/regions\\\/emigration-irreguliere-quatre-personnes-toujours-portees-disparues-a-bizerte\\\/198790\\\/\"},\"author\":{\"name\":\"MC\",\"@id\":\"https:\\\/\\\/www.webdo.tn\\\/fr\\\/#\\\/schema\\\/person\\\/2c4929cbf5a809e3bd38617c6ce150f6\"},\"headline\":\"Emigration irr\u00e9guli\u00e8re : quatre personnes toujours port\u00e9es disparues \u00e0 Bizerte\",\"datePublished\":\"2022-11-11T09:17:00+00:00\",\"dateModified\":\"2025-05-20T22:04:58+00:00\",\"mainEntityOfPage\":{\"@id\":\"https:\\\/\\\/www.webdo.tn\\\/fr\\\/actualite\\\/regions\\\/emigration-irreguliere-quatre-personnes-toujours-portees-disparues-a-bizerte\\\/198790\\\/\"},\"wordCount\":131,\"commentCount\":0,\"publisher\":{\"@id\":\"https:\\\/\\\/www.webdo.tn\\\/fr\\\/#organization\"},\"image\":{\"@id\":\"https:\\\/\\\/www.webdo.tn\\\/fr\\\/actualite\\\/regions\\\/emigration-irreguliere-quatre-personnes-toujours-portees-disparues-a-bizerte\\\/198790\\\/#primaryimage\"},\"thumbnailUrl\":\"https:\\\/\\\/www.webdo.tn\\\/fr\\\/wp-content\\\/uploads\\\/2022\\\/11\\\/e55d5f51f9a3d064b023cf3068b5c276.jpg\",\"keywords\":[\"Bizerte\",\"disparus\",\"\u00e9migration irr\u00e9guli\u00e8re\"],\"articleSection\":[\"regions\"],\"inLanguage\":\"fr-FR\"},{\"@type\":\"WebPage\",\"@id\":\"https:\\\/\\\/www.webdo.tn\\\/fr\\\/actualite\\\/regions\\\/emigration-irreguliere-quatre-personnes-toujours-portees-disparues-a-bizerte\\\/198790\\\/\",\"url\":\"https:\\\/\\\/www.webdo.tn\\\/fr\\\/actualite\\\/regions\\\/emigration-irreguliere-quatre-personnes-toujours-portees-disparues-a-bizerte\\\/198790\\\/\",\"name\":\"Emigration irr\u00e9guli\u00e8re : quatre personnes toujours port\u00e9es disparues \u00e0 Bizerte\",\"isPartOf\":{\"@id\":\"https:\\\/\\\/www.webdo.tn\\\/fr\\\/#website\"},\"primaryImageOfPage\":{\"@id\":\"https:\\\/\\\/www.webdo.tn\\\/fr\\\/actualite\\\/regions\\\/emigration-irreguliere-quatre-personnes-toujours-portees-disparues-a-bizerte\\\/198790\\\/#primaryimage\"},\"image\":{\"@id\":\"https:\\\/\\\/www.webdo.tn\\\/fr\\\/actualite\\\/regions\\\/emigration-irreguliere-quatre-personnes-toujours-portees-disparues-a-bizerte\\\/198790\\\/#primaryimage\"},\"thumbnailUrl\":\"https:\\\/\\\/www.webdo.tn\\\/fr\\\/wp-content\\\/uploads\\\/2022\\\/11\\\/e55d5f51f9a3d064b023cf3068b5c276.jpg\",\"datePublished\":\"2022-11-11T09:17:00+00:00\",\"dateModified\":\"2025-05-20T22:04:58+00:00\",\"description\":\"Les recherches se poursuivent au large des c\u00f4tes de Bizerte dans l'espoir de retrouver quatre personnes toujours port\u00e9es disparues au large de Ras Angela apr\u00e8s...\",\"breadcrumb\":{\"@id\":\"https:\\\/\\\/www.webdo.tn\\\/fr\\\/actualite\\\/regions\\\/emigration-irreguliere-quatre-personnes-toujours-portees-disparues-a-bizerte\\\/198790\\\/#breadcrumb\"},\"inLanguage\":\"fr-FR\",\"potentialAction\":[{\"@type\":\"ReadAction\",\"target\":[\"https:\\\/\\\/www.webdo.tn\\\/fr\\\/actualite\\\/regions\\\/emigration-irreguliere-quatre-personnes-toujours-portees-disparues-a-bizerte\\\/198790\\\/\"]}]},{\"@type\":\"ImageObject\",\"inLanguage\":\"fr-FR\",\"@id\":\"https:\\\/\\\/www.webdo.tn\\\/fr\\\/actualite\\\/regions\\\/emigration-irreguliere-quatre-personnes-toujours-portees-disparues-a-bizerte\\\/198790\\\/#primaryimage\",\"url\":\"https:\\\/\\\/www.webdo.tn\\\/fr\\\/wp-content\\\/uploads\\\/2022\\\/11\\\/e55d5f51f9a3d064b023cf3068b5c276.jpg\",\"contentUrl\":\"https:\\\/\\\/www.webdo.tn\\\/fr\\\/wp-content\\\/uploads\\\/2022\\\/11\\\/e55d5f51f9a3d064b023cf3068b5c276.jpg\",\"width\":626,\"height\":334,\"caption\":\"La garde maritime \u00e0 la recherche des disparus\"},{\"@type\":\"BreadcrumbList\",\"@id\":\"https:\\\/\\\/www.webdo.tn\\\/fr\\\/actualite\\\/regions\\\/emigration-irreguliere-quatre-personnes-toujours-portees-disparues-a-bizerte\\\/198790\\\/#breadcrumb\",\"itemListElement\":[{\"@type\":\"ListItem\",\"position\":1,\"name\":\"Accueil\",\"item\":\"https:\\\/\\\/www.webdo.tn\\\/fr\\\/\"},{\"@type\":\"ListItem\",\"position\":2,\"name\":\"Emigration irr\u00e9guli\u00e8re : quatre personnes toujours port\u00e9es disparues \u00e0 Bizerte\"}]},{\"@type\":\"WebSite\",\"@id\":\"https:\\\/\\\/www.webdo.tn\\\/fr\\\/#website\",\"url\":\"https:\\\/\\\/www.webdo.tn\\\/fr\\\/\",\"name\":\"webdo\",\"description\":\"Tunisie - News en Tunisie et \u00e0 l&#039;international sur Webdo.tn\",\"publisher\":{\"@id\":\"https:\\\/\\\/www.webdo.tn\\\/fr\\\/#organization\"},\"potentialAction\":[{\"@type\":\"SearchAction\",\"target\":{\"@type\":\"EntryPoint\",\"urlTemplate\":\"https:\\\/\\\/www.webdo.tn\\\/fr\\\/?s={search_term_string}\"},\"query-input\":{\"@type\":\"PropertyValueSpecification\",\"valueRequired\":true,\"valueName\":\"search_term_string\"}}],\"inLanguage\":\"fr-FR\"},{\"@type\":\"Organization\",\"@id\":\"https:\\\/\\\/www.webdo.tn\\\/fr\\\/#organization\",\"name\":\"Webdo\",\"alternateName\":\"Webdo.tn\",\"url\":\"https:\\\/\\\/www.webdo.tn\\\/fr\\\/\",\"logo\":{\"@type\":\"ImageObject\",\"inLanguage\":\"fr-FR\",\"@id\":\"https:\\\/\\\/www.webdo.tn\\\/fr\\\/#\\\/schema\\\/logo\\\/image\\\/\",\"url\":\"https:\\\/\\\/www.webdo.tn\\\/fr\\\/wp-content\\\/uploads\\\/2025\\\/06\\\/Webdo-Tunisie_168377.jpg\",\"contentUrl\":\"https:\\\/\\\/www.webdo.tn\\\/fr\\\/wp-content\\\/uploads\\\/2025\\\/06\\\/Webdo-Tunisie_168377.jpg\",\"width\":301,\"height\":301,\"caption\":\"Webdo\"},\"image\":{\"@id\":\"https:\\\/\\\/www.webdo.tn\\\/fr\\\/#\\\/schema\\\/logo\\\/image\\\/\"},\"sameAs\":[\"https:\\\/\\\/www.facebook.com\\\/webdotn\",\"https:\\\/\\\/x.com\\\/webdo_tn\"],\"description\":\"Webdo est un m\u00e9dia num\u00e9rique tunisien fond\u00e9 en 2010, sp\u00e9cialis\u00e9 dans l\u2019actualit\u00e9 nationale et internationale, l\u2019\u00e9conomie, la soci\u00e9t\u00e9 et les analyses politiques. Le site s\u2019adresse \u00e0 un large public francophone et couvre l\u2019information tunisienne en temps r\u00e9el.\",\"email\":\"redac@webdo.tn\",\"legalName\":\"YNJ SARL\",\"foundingDate\":\"2010-09-06\",\"numberOfEmployees\":{\"@type\":\"QuantitativeValue\",\"minValue\":\"11\",\"maxValue\":\"50\"}},{\"@type\":\"Person\",\"@id\":\"https:\\\/\\\/www.webdo.tn\\\/fr\\\/#\\\/schema\\\/person\\\/2c4929cbf5a809e3bd38617c6ce150f6\",\"name\":\"MC\",\"image\":{\"@type\":\"ImageObject\",\"inLanguage\":\"fr-FR\",\"@id\":\"https:\\\/\\\/secure.gravatar.com\\\/avatar\\\/a545bbb6f84efdd5553dbbc2895e3ca8f1d12c5215e00a041c9670b54aa9b18a?s=96&d=mm&r=g\",\"url\":\"https:\\\/\\\/secure.gravatar.com\\\/avatar\\\/a545bbb6f84efdd5553dbbc2895e3ca8f1d12c5215e00a041c9670b54aa9b18a?s=96&d=mm&r=g\",\"contentUrl\":\"https:\\\/\\\/secure.gravatar.com\\\/avatar\\\/a545bbb6f84efdd5553dbbc2895e3ca8f1d12c5215e00a041c9670b54aa9b18a?s=96&d=mm&r=g\",\"caption\":\"MC\"},\"url\":\"https:\\\/\\\/www.webdo.tn\\\/fr\\\/actualite\\\/author\\\/mc\\\/\"}]}<\/script>\n<!-- \/ Yoast SEO Premium plugin. -->","yoast_head_json":{"title":"Emigration irr\u00e9guli\u00e8re : quatre personnes toujours port\u00e9es disparues \u00e0 Bizerte","description":"Les recherches se poursuivent au large des c\u00f4tes de Bizerte dans l'espoir de retrouver quatre personnes toujours port\u00e9es disparues au large de Ras Angela apr\u00e8s...","canonical":"https:\/\/www.webdo.tn\/fr\/actualite\/regions\/emigration-irreguliere-quatre-personnes-toujours-portees-disparues-a-bizerte\/198790\/","og_locale":"fr_FR","og_type":"article","og_title":"Emigration irr\u00e9guli\u00e8re : quatre personnes toujours port\u00e9es disparues \u00e0 Bizerte","og_description":"Les recherches se poursuivent au large des c\u00f4tes de Bizerte dans l'espoir de retrouver quatre personnes toujours port\u00e9es disparues au large de Ras Angela apr\u00e8s...","og_url":"https:\/\/www.webdo.tn\/fr\/actualite\/regions\/emigration-irreguliere-quatre-personnes-toujours-portees-disparues-a-bizerte\/198790\/","og_site_name":"webdo","article_publisher":"https:\/\/www.facebook.com\/webdotn","article_published_time":"2022-11-11T09:17:00+00:00","article_modified_time":"2025-05-20T22:04:58+00:00","og_image":[{"width":626,"height":334,"url":"https:\/\/www.webdo.tn\/fr\/wp-content\/uploads\/2022\/11\/e55d5f51f9a3d064b023cf3068b5c276.jpg","type":"image\/jpeg"}],"author":"MC","twitter_card":"summary_large_image","twitter_creator":"@webdo_tn","twitter_site":"@webdo_tn","twitter_misc":{"\u00c9crit par":"MC","Dur\u00e9e de lecture estim\u00e9e":"1 minute"},"schema":{"@context":"https:\/\/schema.org","@graph":[{"@type":"NewsArticle","@id":"https:\/\/www.webdo.tn\/fr\/actualite\/regions\/emigration-irreguliere-quatre-personnes-toujours-portees-disparues-a-bizerte\/198790\/#article","isPartOf":{"@id":"https:\/\/www.webdo.tn\/fr\/actualite\/regions\/emigration-irreguliere-quatre-personnes-toujours-portees-disparues-a-bizerte\/198790\/"},"author":{"name":"MC","@id":"https:\/\/www.webdo.tn\/fr\/#\/schema\/person\/2c4929cbf5a809e3bd38617c6ce150f6"},"headline":"Emigration irr\u00e9guli\u00e8re : quatre personnes toujours port\u00e9es disparues \u00e0 Bizerte","datePublished":"2022-11-11T09:17:00+00:00","dateModified":"2025-05-20T22:04:58+00:00","mainEntityOfPage":{"@id":"https:\/\/www.webdo.tn\/fr\/actualite\/regions\/emigration-irreguliere-quatre-personnes-toujours-portees-disparues-a-bizerte\/198790\/"},"wordCount":131,"commentCount":0,"publisher":{"@id":"https:\/\/www.webdo.tn\/fr\/#organization"},"image":{"@id":"https:\/\/www.webdo.tn\/fr\/actualite\/regions\/emigration-irreguliere-quatre-personnes-toujours-portees-disparues-a-bizerte\/198790\/#primaryimage"},"thumbnailUrl":"https:\/\/www.webdo.tn\/fr\/wp-content\/uploads\/2022\/11\/e55d5f51f9a3d064b023cf3068b5c276.jpg","keywords":["Bizerte","disparus","\u00e9migration irr\u00e9guli\u00e8re"],"articleSection":["regions"],"inLanguage":"fr-FR"},{"@type":"WebPage","@id":"https:\/\/www.webdo.tn\/fr\/actualite\/regions\/emigration-irreguliere-quatre-personnes-toujours-portees-disparues-a-bizerte\/198790\/","url":"https:\/\/www.webdo.tn\/fr\/actualite\/regions\/emigration-irreguliere-quatre-personnes-toujours-portees-disparues-a-bizerte\/198790\/","name":"Emigration irr\u00e9guli\u00e8re : quatre personnes toujours port\u00e9es disparues \u00e0 Bizerte","isPartOf":{"@id":"https:\/\/www.webdo.tn\/fr\/#website"},"primaryImageOfPage":{"@id":"https:\/\/www.webdo.tn\/fr\/actualite\/regions\/emigration-irreguliere-quatre-personnes-toujours-portees-disparues-a-bizerte\/198790\/#primaryimage"},"image":{"@id":"https:\/\/www.webdo.tn\/fr\/actualite\/regions\/emigration-irreguliere-quatre-personnes-toujours-portees-disparues-a-bizerte\/198790\/#primaryimage"},"thumbnailUrl":"https:\/\/www.webdo.tn\/fr\/wp-content\/uploads\/2022\/11\/e55d5f51f9a3d064b023cf3068b5c276.jpg","datePublished":"2022-11-11T09:17:00+00:00","dateModified":"2025-05-20T22:04:58+00:00","description":"Les recherches se poursuivent au large des c\u00f4tes de Bizerte dans l'espoir de retrouver quatre personnes toujours port\u00e9es disparues au large de Ras Angela apr\u00e8s...","breadcrumb":{"@id":"https:\/\/www.webdo.tn\/fr\/actualite\/regions\/emigration-irreguliere-quatre-personnes-toujours-portees-disparues-a-bizerte\/198790\/#breadcrumb"},"inLanguage":"fr-FR","potentialAction":[{"@type":"ReadAction","target":["https:\/\/www.webdo.tn\/fr\/actualite\/regions\/emigration-irreguliere-quatre-personnes-toujours-portees-disparues-a-bizerte\/198790\/"]}]},{"@type":"ImageObject","inLanguage":"fr-FR","@id":"https:\/\/www.webdo.tn\/fr\/actualite\/regions\/emigration-irreguliere-quatre-personnes-toujours-portees-disparues-a-bizerte\/198790\/#primaryimage","url":"https:\/\/www.webdo.tn\/fr\/wp-content\/uploads\/2022\/11\/e55d5f51f9a3d064b023cf3068b5c276.jpg","contentUrl":"https:\/\/www.webdo.tn\/fr\/wp-content\/uploads\/2022\/11\/e55d5f51f9a3d064b023cf3068b5c276.jpg","width":626,"height":334,"caption":"La garde maritime \u00e0 la recherche des disparus"},{"@type":"BreadcrumbList","@id":"https:\/\/www.webdo.tn\/fr\/actualite\/regions\/emigration-irreguliere-quatre-personnes-toujours-portees-disparues-a-bizerte\/198790\/#breadcrumb","itemListElement":[{"@type":"ListItem","position":1,"name":"Accueil","item":"https:\/\/www.webdo.tn\/fr\/"},{"@type":"ListItem","position":2,"name":"Emigration irr\u00e9guli\u00e8re : quatre personnes toujours port\u00e9es disparues \u00e0 Bizerte"}]},{"@type":"WebSite","@id":"https:\/\/www.webdo.tn\/fr\/#website","url":"https:\/\/www.webdo.tn\/fr\/","name":"webdo","description":"Tunisie - News en Tunisie et \u00e0 l&#039;international sur Webdo.tn","publisher":{"@id":"https:\/\/www.webdo.tn\/fr\/#organization"},"potentialAction":[{"@type":"SearchAction","target":{"@type":"EntryPoint","urlTemplate":"https:\/\/www.webdo.tn\/fr\/?s={search_term_string}"},"query-input":{"@type":"PropertyValueSpecification","valueRequired":true,"valueName":"search_term_string"}}],"inLanguage":"fr-FR"},{"@type":"Organization","@id":"https:\/\/www.webdo.tn\/fr\/#organization","name":"Webdo","alternateName":"Webdo.tn","url":"https:\/\/www.webdo.tn\/fr\/","logo":{"@type":"ImageObject","inLanguage":"fr-FR","@id":"https:\/\/www.webdo.tn\/fr\/#\/schema\/logo\/image\/","url":"https:\/\/www.webdo.tn\/fr\/wp-content\/uploads\/2025\/06\/Webdo-Tunisie_168377.jpg","contentUrl":"https:\/\/www.webdo.tn\/fr\/wp-content\/uploads\/2025\/06\/Webdo-Tunisie_168377.jpg","width":301,"height":301,"caption":"Webdo"},"image":{"@id":"https:\/\/www.webdo.tn\/fr\/#\/schema\/logo\/image\/"},"sameAs":["https:\/\/www.facebook.com\/webdotn","https:\/\/x.com\/webdo_tn"],"description":"Webdo est un m\u00e9dia num\u00e9rique tunisien fond\u00e9 en 2010, sp\u00e9cialis\u00e9 dans l\u2019actualit\u00e9 nationale et internationale, l\u2019\u00e9conomie, la soci\u00e9t\u00e9 et les analyses politiques. Le site s\u2019adresse \u00e0 un large public francophone et couvre l\u2019information tunisienne en temps r\u00e9el.","email":"redac@webdo.tn","legalName":"YNJ SARL","foundingDate":"2010-09-06","numberOfEmployees":{"@type":"QuantitativeValue","minValue":"11","maxValue":"50"}},{"@type":"Person","@id":"https:\/\/www.webdo.tn\/fr\/#\/schema\/person\/2c4929cbf5a809e3bd38617c6ce150f6","name":"MC","image":{"@type":"ImageObject","inLanguage":"fr-FR","@id":"https:\/\/secure.gravatar.com\/avatar\/a545bbb6f84efdd5553dbbc2895e3ca8f1d12c5215e00a041c9670b54aa9b18a?s=96&d=mm&r=g","url":"https:\/\/secure.gravatar.com\/avatar\/a545bbb6f84efdd5553dbbc2895e3ca8f1d12c5215e00a041c9670b54aa9b18a?s=96&d=mm&r=g","contentUrl":"https:\/\/secure.gravatar.com\/avatar\/a545bbb6f84efdd5553dbbc2895e3ca8f1d12c5215e00a041c9670b54aa9b18a?s=96&d=mm&r=g","caption":"MC"},"url":"https:\/\/www.webdo.tn\/fr\/actualite\/author\/mc\/"}]}},"_links":{"self":[{"href":"https:\/\/www.webdo.tn\/fr\/wp-json\/wp\/v2\/posts\/198790","targetHints":{"allow":["GET"]}}],"collection":[{"href":"https:\/\/www.webdo.tn\/fr\/wp-json\/wp\/v2\/posts"}],"about":[{"href":"https:\/\/www.webdo.tn\/fr\/wp-json\/wp\/v2\/types\/post"}],"author":[{"embeddable":true,"href":"https:\/\/www.webdo.tn\/fr\/wp-json\/wp\/v2\/users\/3162"}],"replies":[{"embeddable":true,"href":"https:\/\/www.webdo.tn\/fr\/wp-json\/wp\/v2\/comments?post=198790"}],"version-history":[{"count":0,"href":"https:\/\/www.webdo.tn\/fr\/wp-json\/wp\/v2\/posts\/198790\/revisions"}],"wp:featuredmedia":[{"embeddable":true,"href":"https:\/\/www.webdo.tn\/fr\/wp-json\/wp\/v2\/media\/253317"}],"wp:attachment":[{"href":"https:\/\/www.webdo.tn\/fr\/wp-json\/wp\/v2\/media?parent=198790"}],"wp:term":[{"taxonomy":"category","embeddable":true,"href":"https:\/\/www.webdo.tn\/fr\/wp-json\/wp\/v2\/categories?post=198790"},{"taxonomy":"post_tag","embeddable":true,"href":"https:\/\/www.webdo.tn\/fr\/wp-json\/wp\/v2\/tags?post=198790"}],"curies":[{"name":"wp","href":"https:\/\/api.w.org\/{rel}","templated":true}]}}