{"id":198786,"date":"2022-11-11T07:50:00","date_gmt":"2022-11-11T07:50:00","guid":{"rendered":"https:\/\/www.webdo.tn\/fr\/actualite\/blog\/affaire-instalingo-ghannouchi-maintenu-en-etat-de-liberte\/198786\/"},"modified":"2025-05-22T11:44:52","modified_gmt":"2025-05-22T11:44:52","slug":"affaire-instalingo-ghannouchi-maintenu-en-etat-de-liberte","status":"publish","type":"post","link":"https:\/\/www.webdo.tn\/fr\/actualite\/national\/affaire-instalingo-ghannouchi-maintenu-en-etat-de-liberte\/198786\/","title":{"rendered":"Affaire Instalingo : Ghannouchi maintenu en \u00e9tat de libert\u00e9"},"content":{"rendered":"<p>Suite \u00e0 une audition qui a dur\u00e9 plus que sept heures, le juge d\u2019instruction aupr\u00e8s du Tribunal de premi\u00e8re instance Sousse II, charg\u00e9 de l\u2019affaire Instalingo, a d\u00e9cid\u00e9, tard dans la nuit du jeudi 10 novembre, de maintenir le pr\u00e9sident du mouvement Ennahdha, Rached Ghannouchi en \u00e9tat de libert\u00e9.<\/p>\n<p> Ce dernier a comparu, en tant que suspect, devant le juge d\u2019instruction dans le cadre de l\u2019affaire Instalingo, une boite de production accus\u00e9e d\u2019espionnage.\u00a0<\/p>\n<p>A sa sortie, Rached Ghannouchi a affirm\u00e9 que les accusations sont mont\u00e9es de toute pi\u00e8ce et que son maintien en \u00e9tat de libert\u00e9 en est la preuve.\u00a0<\/p>\n<p>Le pr\u00e9sident d&rsquo; Ennahdha, Rached Ghannouchi, a comparu\u00a0devant le juge d&rsquo;instruction du Tribunal de premi\u00e8re instance de Sousse 2, dans l&rsquo;affaire Instalingo, en tant que suspect, selon son avocat, Sami Trifi.<\/p>\n<p>Ma\u00eetre Sami Trifi a \u00e9galement rappel\u00e9 qu&rsquo;une douzaine de personnes sont plac\u00e9es en d\u00e9tention, dans le cadre de cette affaire.<\/p>\n<p>Il est \u00e0 rappeler que Le parquet pr\u00e8s le tribunal de premi\u00e8re l\u2019instance \u00e0 Sousse 2 avait ordonn\u00e9, le 20 juin dernier, l\u2019ouverture d\u2019une information judiciaire contre 28 personnes soup\u00e7onn\u00e9es d\u2019\u00eatre impliqu\u00e9es dans l\u2019affaire Instalingo, soci\u00e9t\u00e9 implant\u00e9e \u00e0 Kal\u00e2a Kebira et sp\u00e9cialis\u00e9e dans la cr\u00e9ation de contenu et la communication num\u00e9rique.<\/p>\n<p>Les suspects sont poursuivi notamment pour blanchiment d\u2019argent, incitation des habitants \u00e0 s\u2019entretuer, la provocation des troubles sur le territoire tunisien ainsi que l\u2019offense du chef de l\u2019Etat et l\u2019atteinte \u00e0 la s\u00e9curit\u00e9 ext\u00e9rieure de l\u2019Etat.<\/p>\n","protected":false},"excerpt":{"rendered":"<p>Suite \u00e0 une audition qui a dur\u00e9 plus que sept heures, le juge d\u2019instruction aupr\u00e8s du Tribunal de premi\u00e8re instance Sousse II, charg\u00e9 de l\u2019affaire Instalingo, a&#8230;<\/p>\n","protected":false},"author":3175,"featured_media":348624,"comment_status":"open","ping_status":"closed","sticky":false,"template":"","format":"standard","meta":{"footnotes":""},"categories":[44],"tags":[4127,2619,2608],"class_list":["post-198786","post","type-post","status-publish","format-standard","has-post-thumbnail","hentry","category-national","tag-ghannouchi","tag-justice","tag-tunisie"],"yoast_head":"<!-- This site is optimized with the Yoast SEO Premium plugin v27.4 (Yoast SEO v27.5) - https:\/\/yoast.com\/product\/yoast-seo-premium-wordpress\/ -->\n<title>Affaire Instalingo : Ghannouchi maintenu en \u00e9tat de libert\u00e9<\/title>\n<meta name=\"description\" content=\"Suite \u00e0 une audition qui a dur\u00e9 plus que sept heures, le juge d\u2019instruction aupr\u00e8s du Tribunal de premi\u00e8re instance Sousse II, charg\u00e9 de l\u2019affaire Instalingo, a...\" \/>\n<link rel=\"canonical\" href=\"https:\/\/www.webdo.tn\/fr\/actualite\/national-45\/affaire-instalingo-ghannouchi-maintenu-en-etat-de-liberte\/198786\/\" \/>\n<meta property=\"og:locale\" content=\"fr_FR\" \/>\n<meta property=\"og:type\" content=\"article\" \/>\n<meta property=\"og:title\" content=\"Affaire Instalingo : Ghannouchi maintenu en \u00e9tat de libert\u00e9\" \/>\n<meta property=\"og:description\" content=\"Suite \u00e0 une audition qui a dur\u00e9 plus que sept heures, le juge d\u2019instruction aupr\u00e8s du Tribunal de premi\u00e8re instance Sousse II, charg\u00e9 de l\u2019affaire Instalingo, a...\" \/>\n<meta property=\"og:url\" content=\"https:\/\/www.webdo.tn\/fr\/actualite\/national-45\/affaire-instalingo-ghannouchi-maintenu-en-etat-de-liberte\/198786\/\" \/>\n<meta property=\"og:site_name\" content=\"webdo\" \/>\n<meta property=\"article:publisher\" content=\"https:\/\/www.facebook.com\/webdotn\" \/>\n<meta property=\"article:published_time\" content=\"2022-11-11T07:50:00+00:00\" \/>\n<meta property=\"article:modified_time\" content=\"2025-05-22T11:44:52+00:00\" \/>\n<meta property=\"og:image\" content=\"https:\/\/www.webdo.tn\/fr\/wp-content\/uploads\/2022\/11\/e9c6b67efecd163ef03f8ba692fa01ba.jpg\" \/>\n\t<meta property=\"og:image:width\" content=\"750\" \/>\n\t<meta property=\"og:image:height\" content=\"400\" \/>\n\t<meta property=\"og:image:type\" content=\"image\/jpeg\" \/>\n<meta name=\"author\" content=\"CL\" \/>\n<meta name=\"twitter:card\" content=\"summary_large_image\" \/>\n<meta name=\"twitter:creator\" content=\"@webdo_tn\" \/>\n<meta name=\"twitter:site\" content=\"@webdo_tn\" \/>\n<meta name=\"twitter:label1\" content=\"\u00c9crit par\" \/>\n\t<meta name=\"twitter:data1\" content=\"CL\" \/>\n\t<meta name=\"twitter:label2\" content=\"Dur\u00e9e de lecture estim\u00e9e\" \/>\n\t<meta name=\"twitter:data2\" content=\"1 minute\" \/>\n<script type=\"application\/ld+json\" class=\"yoast-schema-graph\">{\"@context\":\"https:\\\/\\\/schema.org\",\"@graph\":[{\"@type\":\"NewsArticle\",\"@id\":\"https:\\\/\\\/www.webdo.tn\\\/fr\\\/actualite\\\/national-45\\\/affaire-instalingo-ghannouchi-maintenu-en-etat-de-liberte\\\/198786\\\/#article\",\"isPartOf\":{\"@id\":\"https:\\\/\\\/www.webdo.tn\\\/fr\\\/actualite\\\/national-45\\\/affaire-instalingo-ghannouchi-maintenu-en-etat-de-liberte\\\/198786\\\/\"},\"author\":{\"name\":\"CL\",\"@id\":\"https:\\\/\\\/www.webdo.tn\\\/fr\\\/#\\\/schema\\\/person\\\/f35b42a42c5e2511bbd282959d6385cc\"},\"headline\":\"Affaire Instalingo : Ghannouchi maintenu en \u00e9tat de libert\u00e9\",\"datePublished\":\"2022-11-11T07:50:00+00:00\",\"dateModified\":\"2025-05-22T11:44:52+00:00\",\"mainEntityOfPage\":{\"@id\":\"https:\\\/\\\/www.webdo.tn\\\/fr\\\/actualite\\\/national-45\\\/affaire-instalingo-ghannouchi-maintenu-en-etat-de-liberte\\\/198786\\\/\"},\"wordCount\":281,\"commentCount\":0,\"publisher\":{\"@id\":\"https:\\\/\\\/www.webdo.tn\\\/fr\\\/#organization\"},\"image\":{\"@id\":\"https:\\\/\\\/www.webdo.tn\\\/fr\\\/actualite\\\/national-45\\\/affaire-instalingo-ghannouchi-maintenu-en-etat-de-liberte\\\/198786\\\/#primaryimage\"},\"thumbnailUrl\":\"https:\\\/\\\/www.webdo.tn\\\/fr\\\/wp-content\\\/uploads\\\/2022\\\/11\\\/e9c6b67efecd163ef03f8ba692fa01ba.jpg\",\"keywords\":[\"Ghannouchi\",\"justice\",\"Tunisie\"],\"articleSection\":[\"National\"],\"inLanguage\":\"fr-FR\"},{\"@type\":\"WebPage\",\"@id\":\"https:\\\/\\\/www.webdo.tn\\\/fr\\\/actualite\\\/national-45\\\/affaire-instalingo-ghannouchi-maintenu-en-etat-de-liberte\\\/198786\\\/\",\"url\":\"https:\\\/\\\/www.webdo.tn\\\/fr\\\/actualite\\\/national-45\\\/affaire-instalingo-ghannouchi-maintenu-en-etat-de-liberte\\\/198786\\\/\",\"name\":\"Affaire Instalingo : Ghannouchi maintenu en \u00e9tat de libert\u00e9\",\"isPartOf\":{\"@id\":\"https:\\\/\\\/www.webdo.tn\\\/fr\\\/#website\"},\"primaryImageOfPage\":{\"@id\":\"https:\\\/\\\/www.webdo.tn\\\/fr\\\/actualite\\\/national-45\\\/affaire-instalingo-ghannouchi-maintenu-en-etat-de-liberte\\\/198786\\\/#primaryimage\"},\"image\":{\"@id\":\"https:\\\/\\\/www.webdo.tn\\\/fr\\\/actualite\\\/national-45\\\/affaire-instalingo-ghannouchi-maintenu-en-etat-de-liberte\\\/198786\\\/#primaryimage\"},\"thumbnailUrl\":\"https:\\\/\\\/www.webdo.tn\\\/fr\\\/wp-content\\\/uploads\\\/2022\\\/11\\\/e9c6b67efecd163ef03f8ba692fa01ba.jpg\",\"datePublished\":\"2022-11-11T07:50:00+00:00\",\"dateModified\":\"2025-05-22T11:44:52+00:00\",\"description\":\"Suite \u00e0 une audition qui a dur\u00e9 plus que sept heures, le juge d\u2019instruction aupr\u00e8s du Tribunal de premi\u00e8re instance Sousse II, charg\u00e9 de l\u2019affaire Instalingo, a...\",\"breadcrumb\":{\"@id\":\"https:\\\/\\\/www.webdo.tn\\\/fr\\\/actualite\\\/national-45\\\/affaire-instalingo-ghannouchi-maintenu-en-etat-de-liberte\\\/198786\\\/#breadcrumb\"},\"inLanguage\":\"fr-FR\",\"potentialAction\":[{\"@type\":\"ReadAction\",\"target\":[\"https:\\\/\\\/www.webdo.tn\\\/fr\\\/actualite\\\/national-45\\\/affaire-instalingo-ghannouchi-maintenu-en-etat-de-liberte\\\/198786\\\/\"]}]},{\"@type\":\"ImageObject\",\"inLanguage\":\"fr-FR\",\"@id\":\"https:\\\/\\\/www.webdo.tn\\\/fr\\\/actualite\\\/national-45\\\/affaire-instalingo-ghannouchi-maintenu-en-etat-de-liberte\\\/198786\\\/#primaryimage\",\"url\":\"https:\\\/\\\/www.webdo.tn\\\/fr\\\/wp-content\\\/uploads\\\/2022\\\/11\\\/e9c6b67efecd163ef03f8ba692fa01ba.jpg\",\"contentUrl\":\"https:\\\/\\\/www.webdo.tn\\\/fr\\\/wp-content\\\/uploads\\\/2022\\\/11\\\/e9c6b67efecd163ef03f8ba692fa01ba.jpg\",\"width\":750,\"height\":400,\"caption\":\"Rached Ghannouchi\"},{\"@type\":\"BreadcrumbList\",\"@id\":\"https:\\\/\\\/www.webdo.tn\\\/fr\\\/actualite\\\/national-45\\\/affaire-instalingo-ghannouchi-maintenu-en-etat-de-liberte\\\/198786\\\/#breadcrumb\",\"itemListElement\":[{\"@type\":\"ListItem\",\"position\":1,\"name\":\"Accueil\",\"item\":\"https:\\\/\\\/www.webdo.tn\\\/fr\\\/\"},{\"@type\":\"ListItem\",\"position\":2,\"name\":\"Affaire Instalingo : Ghannouchi maintenu en \u00e9tat de libert\u00e9\"}]},{\"@type\":\"WebSite\",\"@id\":\"https:\\\/\\\/www.webdo.tn\\\/fr\\\/#website\",\"url\":\"https:\\\/\\\/www.webdo.tn\\\/fr\\\/\",\"name\":\"webdo\",\"description\":\"Tunisie - News en Tunisie et \u00e0 l&#039;international sur Webdo.tn\",\"publisher\":{\"@id\":\"https:\\\/\\\/www.webdo.tn\\\/fr\\\/#organization\"},\"potentialAction\":[{\"@type\":\"SearchAction\",\"target\":{\"@type\":\"EntryPoint\",\"urlTemplate\":\"https:\\\/\\\/www.webdo.tn\\\/fr\\\/?s={search_term_string}\"},\"query-input\":{\"@type\":\"PropertyValueSpecification\",\"valueRequired\":true,\"valueName\":\"search_term_string\"}}],\"inLanguage\":\"fr-FR\"},{\"@type\":\"Organization\",\"@id\":\"https:\\\/\\\/www.webdo.tn\\\/fr\\\/#organization\",\"name\":\"Webdo\",\"alternateName\":\"Webdo.tn\",\"url\":\"https:\\\/\\\/www.webdo.tn\\\/fr\\\/\",\"logo\":{\"@type\":\"ImageObject\",\"inLanguage\":\"fr-FR\",\"@id\":\"https:\\\/\\\/www.webdo.tn\\\/fr\\\/#\\\/schema\\\/logo\\\/image\\\/\",\"url\":\"https:\\\/\\\/www.webdo.tn\\\/fr\\\/wp-content\\\/uploads\\\/2025\\\/06\\\/Webdo-Tunisie_168377.jpg\",\"contentUrl\":\"https:\\\/\\\/www.webdo.tn\\\/fr\\\/wp-content\\\/uploads\\\/2025\\\/06\\\/Webdo-Tunisie_168377.jpg\",\"width\":301,\"height\":301,\"caption\":\"Webdo\"},\"image\":{\"@id\":\"https:\\\/\\\/www.webdo.tn\\\/fr\\\/#\\\/schema\\\/logo\\\/image\\\/\"},\"sameAs\":[\"https:\\\/\\\/www.facebook.com\\\/webdotn\",\"https:\\\/\\\/x.com\\\/webdo_tn\"],\"description\":\"Webdo est un m\u00e9dia num\u00e9rique tunisien fond\u00e9 en 2010, sp\u00e9cialis\u00e9 dans l\u2019actualit\u00e9 nationale et internationale, l\u2019\u00e9conomie, la soci\u00e9t\u00e9 et les analyses politiques. Le site s\u2019adresse \u00e0 un large public francophone et couvre l\u2019information tunisienne en temps r\u00e9el.\",\"email\":\"redac@webdo.tn\",\"legalName\":\"YNJ SARL\",\"foundingDate\":\"2010-09-06\",\"numberOfEmployees\":{\"@type\":\"QuantitativeValue\",\"minValue\":\"11\",\"maxValue\":\"50\"}},{\"@type\":\"Person\",\"@id\":\"https:\\\/\\\/www.webdo.tn\\\/fr\\\/#\\\/schema\\\/person\\\/f35b42a42c5e2511bbd282959d6385cc\",\"name\":\"CL\",\"image\":{\"@type\":\"ImageObject\",\"inLanguage\":\"fr-FR\",\"@id\":\"https:\\\/\\\/secure.gravatar.com\\\/avatar\\\/1447a49909b67aa657c488aec6512e1dd6143a480c1ecfee9b5b5cd74eb3b59e?s=96&d=mm&r=g\",\"url\":\"https:\\\/\\\/secure.gravatar.com\\\/avatar\\\/1447a49909b67aa657c488aec6512e1dd6143a480c1ecfee9b5b5cd74eb3b59e?s=96&d=mm&r=g\",\"contentUrl\":\"https:\\\/\\\/secure.gravatar.com\\\/avatar\\\/1447a49909b67aa657c488aec6512e1dd6143a480c1ecfee9b5b5cd74eb3b59e?s=96&d=mm&r=g\",\"caption\":\"CL\"},\"url\":\"https:\\\/\\\/www.webdo.tn\\\/fr\\\/actualite\\\/author\\\/cl\\\/\"}]}<\/script>\n<!-- \/ Yoast SEO Premium plugin. -->","yoast_head_json":{"title":"Affaire Instalingo : Ghannouchi maintenu en \u00e9tat de libert\u00e9","description":"Suite \u00e0 une audition qui a dur\u00e9 plus que sept heures, le juge d\u2019instruction aupr\u00e8s du Tribunal de premi\u00e8re instance Sousse II, charg\u00e9 de l\u2019affaire Instalingo, a...","canonical":"https:\/\/www.webdo.tn\/fr\/actualite\/national-45\/affaire-instalingo-ghannouchi-maintenu-en-etat-de-liberte\/198786\/","og_locale":"fr_FR","og_type":"article","og_title":"Affaire Instalingo : Ghannouchi maintenu en \u00e9tat de libert\u00e9","og_description":"Suite \u00e0 une audition qui a dur\u00e9 plus que sept heures, le juge d\u2019instruction aupr\u00e8s du Tribunal de premi\u00e8re instance Sousse II, charg\u00e9 de l\u2019affaire Instalingo, a...","og_url":"https:\/\/www.webdo.tn\/fr\/actualite\/national-45\/affaire-instalingo-ghannouchi-maintenu-en-etat-de-liberte\/198786\/","og_site_name":"webdo","article_publisher":"https:\/\/www.facebook.com\/webdotn","article_published_time":"2022-11-11T07:50:00+00:00","article_modified_time":"2025-05-22T11:44:52+00:00","og_image":[{"width":750,"height":400,"url":"https:\/\/www.webdo.tn\/fr\/wp-content\/uploads\/2022\/11\/e9c6b67efecd163ef03f8ba692fa01ba.jpg","type":"image\/jpeg"}],"author":"CL","twitter_card":"summary_large_image","twitter_creator":"@webdo_tn","twitter_site":"@webdo_tn","twitter_misc":{"\u00c9crit par":"CL","Dur\u00e9e de lecture estim\u00e9e":"1 minute"},"schema":{"@context":"https:\/\/schema.org","@graph":[{"@type":"NewsArticle","@id":"https:\/\/www.webdo.tn\/fr\/actualite\/national-45\/affaire-instalingo-ghannouchi-maintenu-en-etat-de-liberte\/198786\/#article","isPartOf":{"@id":"https:\/\/www.webdo.tn\/fr\/actualite\/national-45\/affaire-instalingo-ghannouchi-maintenu-en-etat-de-liberte\/198786\/"},"author":{"name":"CL","@id":"https:\/\/www.webdo.tn\/fr\/#\/schema\/person\/f35b42a42c5e2511bbd282959d6385cc"},"headline":"Affaire Instalingo : Ghannouchi maintenu en \u00e9tat de libert\u00e9","datePublished":"2022-11-11T07:50:00+00:00","dateModified":"2025-05-22T11:44:52+00:00","mainEntityOfPage":{"@id":"https:\/\/www.webdo.tn\/fr\/actualite\/national-45\/affaire-instalingo-ghannouchi-maintenu-en-etat-de-liberte\/198786\/"},"wordCount":281,"commentCount":0,"publisher":{"@id":"https:\/\/www.webdo.tn\/fr\/#organization"},"image":{"@id":"https:\/\/www.webdo.tn\/fr\/actualite\/national-45\/affaire-instalingo-ghannouchi-maintenu-en-etat-de-liberte\/198786\/#primaryimage"},"thumbnailUrl":"https:\/\/www.webdo.tn\/fr\/wp-content\/uploads\/2022\/11\/e9c6b67efecd163ef03f8ba692fa01ba.jpg","keywords":["Ghannouchi","justice","Tunisie"],"articleSection":["National"],"inLanguage":"fr-FR"},{"@type":"WebPage","@id":"https:\/\/www.webdo.tn\/fr\/actualite\/national-45\/affaire-instalingo-ghannouchi-maintenu-en-etat-de-liberte\/198786\/","url":"https:\/\/www.webdo.tn\/fr\/actualite\/national-45\/affaire-instalingo-ghannouchi-maintenu-en-etat-de-liberte\/198786\/","name":"Affaire Instalingo : Ghannouchi maintenu en \u00e9tat de libert\u00e9","isPartOf":{"@id":"https:\/\/www.webdo.tn\/fr\/#website"},"primaryImageOfPage":{"@id":"https:\/\/www.webdo.tn\/fr\/actualite\/national-45\/affaire-instalingo-ghannouchi-maintenu-en-etat-de-liberte\/198786\/#primaryimage"},"image":{"@id":"https:\/\/www.webdo.tn\/fr\/actualite\/national-45\/affaire-instalingo-ghannouchi-maintenu-en-etat-de-liberte\/198786\/#primaryimage"},"thumbnailUrl":"https:\/\/www.webdo.tn\/fr\/wp-content\/uploads\/2022\/11\/e9c6b67efecd163ef03f8ba692fa01ba.jpg","datePublished":"2022-11-11T07:50:00+00:00","dateModified":"2025-05-22T11:44:52+00:00","description":"Suite \u00e0 une audition qui a dur\u00e9 plus que sept heures, le juge d\u2019instruction aupr\u00e8s du Tribunal de premi\u00e8re instance Sousse II, charg\u00e9 de l\u2019affaire Instalingo, a...","breadcrumb":{"@id":"https:\/\/www.webdo.tn\/fr\/actualite\/national-45\/affaire-instalingo-ghannouchi-maintenu-en-etat-de-liberte\/198786\/#breadcrumb"},"inLanguage":"fr-FR","potentialAction":[{"@type":"ReadAction","target":["https:\/\/www.webdo.tn\/fr\/actualite\/national-45\/affaire-instalingo-ghannouchi-maintenu-en-etat-de-liberte\/198786\/"]}]},{"@type":"ImageObject","inLanguage":"fr-FR","@id":"https:\/\/www.webdo.tn\/fr\/actualite\/national-45\/affaire-instalingo-ghannouchi-maintenu-en-etat-de-liberte\/198786\/#primaryimage","url":"https:\/\/www.webdo.tn\/fr\/wp-content\/uploads\/2022\/11\/e9c6b67efecd163ef03f8ba692fa01ba.jpg","contentUrl":"https:\/\/www.webdo.tn\/fr\/wp-content\/uploads\/2022\/11\/e9c6b67efecd163ef03f8ba692fa01ba.jpg","width":750,"height":400,"caption":"Rached Ghannouchi"},{"@type":"BreadcrumbList","@id":"https:\/\/www.webdo.tn\/fr\/actualite\/national-45\/affaire-instalingo-ghannouchi-maintenu-en-etat-de-liberte\/198786\/#breadcrumb","itemListElement":[{"@type":"ListItem","position":1,"name":"Accueil","item":"https:\/\/www.webdo.tn\/fr\/"},{"@type":"ListItem","position":2,"name":"Affaire Instalingo : Ghannouchi maintenu en \u00e9tat de libert\u00e9"}]},{"@type":"WebSite","@id":"https:\/\/www.webdo.tn\/fr\/#website","url":"https:\/\/www.webdo.tn\/fr\/","name":"webdo","description":"Tunisie - News en Tunisie et \u00e0 l&#039;international sur Webdo.tn","publisher":{"@id":"https:\/\/www.webdo.tn\/fr\/#organization"},"potentialAction":[{"@type":"SearchAction","target":{"@type":"EntryPoint","urlTemplate":"https:\/\/www.webdo.tn\/fr\/?s={search_term_string}"},"query-input":{"@type":"PropertyValueSpecification","valueRequired":true,"valueName":"search_term_string"}}],"inLanguage":"fr-FR"},{"@type":"Organization","@id":"https:\/\/www.webdo.tn\/fr\/#organization","name":"Webdo","alternateName":"Webdo.tn","url":"https:\/\/www.webdo.tn\/fr\/","logo":{"@type":"ImageObject","inLanguage":"fr-FR","@id":"https:\/\/www.webdo.tn\/fr\/#\/schema\/logo\/image\/","url":"https:\/\/www.webdo.tn\/fr\/wp-content\/uploads\/2025\/06\/Webdo-Tunisie_168377.jpg","contentUrl":"https:\/\/www.webdo.tn\/fr\/wp-content\/uploads\/2025\/06\/Webdo-Tunisie_168377.jpg","width":301,"height":301,"caption":"Webdo"},"image":{"@id":"https:\/\/www.webdo.tn\/fr\/#\/schema\/logo\/image\/"},"sameAs":["https:\/\/www.facebook.com\/webdotn","https:\/\/x.com\/webdo_tn"],"description":"Webdo est un m\u00e9dia num\u00e9rique tunisien fond\u00e9 en 2010, sp\u00e9cialis\u00e9 dans l\u2019actualit\u00e9 nationale et internationale, l\u2019\u00e9conomie, la soci\u00e9t\u00e9 et les analyses politiques. Le site s\u2019adresse \u00e0 un large public francophone et couvre l\u2019information tunisienne en temps r\u00e9el.","email":"redac@webdo.tn","legalName":"YNJ SARL","foundingDate":"2010-09-06","numberOfEmployees":{"@type":"QuantitativeValue","minValue":"11","maxValue":"50"}},{"@type":"Person","@id":"https:\/\/www.webdo.tn\/fr\/#\/schema\/person\/f35b42a42c5e2511bbd282959d6385cc","name":"CL","image":{"@type":"ImageObject","inLanguage":"fr-FR","@id":"https:\/\/secure.gravatar.com\/avatar\/1447a49909b67aa657c488aec6512e1dd6143a480c1ecfee9b5b5cd74eb3b59e?s=96&d=mm&r=g","url":"https:\/\/secure.gravatar.com\/avatar\/1447a49909b67aa657c488aec6512e1dd6143a480c1ecfee9b5b5cd74eb3b59e?s=96&d=mm&r=g","contentUrl":"https:\/\/secure.gravatar.com\/avatar\/1447a49909b67aa657c488aec6512e1dd6143a480c1ecfee9b5b5cd74eb3b59e?s=96&d=mm&r=g","caption":"CL"},"url":"https:\/\/www.webdo.tn\/fr\/actualite\/author\/cl\/"}]}},"_links":{"self":[{"href":"https:\/\/www.webdo.tn\/fr\/wp-json\/wp\/v2\/posts\/198786","targetHints":{"allow":["GET"]}}],"collection":[{"href":"https:\/\/www.webdo.tn\/fr\/wp-json\/wp\/v2\/posts"}],"about":[{"href":"https:\/\/www.webdo.tn\/fr\/wp-json\/wp\/v2\/types\/post"}],"author":[{"embeddable":true,"href":"https:\/\/www.webdo.tn\/fr\/wp-json\/wp\/v2\/users\/3175"}],"replies":[{"embeddable":true,"href":"https:\/\/www.webdo.tn\/fr\/wp-json\/wp\/v2\/comments?post=198786"}],"version-history":[{"count":0,"href":"https:\/\/www.webdo.tn\/fr\/wp-json\/wp\/v2\/posts\/198786\/revisions"}],"wp:featuredmedia":[{"embeddable":true,"href":"https:\/\/www.webdo.tn\/fr\/wp-json\/wp\/v2\/media\/348624"}],"wp:attachment":[{"href":"https:\/\/www.webdo.tn\/fr\/wp-json\/wp\/v2\/media?parent=198786"}],"wp:term":[{"taxonomy":"category","embeddable":true,"href":"https:\/\/www.webdo.tn\/fr\/wp-json\/wp\/v2\/categories?post=198786"},{"taxonomy":"post_tag","embeddable":true,"href":"https:\/\/www.webdo.tn\/fr\/wp-json\/wp\/v2\/tags?post=198786"}],"curies":[{"name":"wp","href":"https:\/\/api.w.org\/{rel}","templated":true}]}}