{"id":198778,"date":"2022-11-10T20:37:00","date_gmt":"2022-11-10T20:37:00","guid":{"rendered":"https:\/\/www.webdo.tn\/fr\/blog\/les-enseignants-suppleants-expriment-leur-ras-le-bol\/198778\/"},"modified":"2025-05-20T22:47:02","modified_gmt":"2025-05-20T22:47:02","slug":"les-enseignants-suppleants-expriment-leur-ras-le-bol","status":"publish","type":"post","link":"https:\/\/www.webdo.tn\/fr\/actualite\/national\/les-enseignants-suppleants-expriment-leur-ras-le-bol\/198778\/","title":{"rendered":"Les enseignants suppl\u00e9ants expriment leur ras-le-bol"},"content":{"rendered":"<p>Les enseignants suppl\u00e9ants et les dipl\u00f4m\u00e9s en licence appliqu\u00e9e en \u00e9ducation ont organis\u00e9 jeudi une marche durant laquelle ils ont annonc\u00e9 la poursuite de leur mouvement de protestation jusqu&rsquo;\u00e0 la concr\u00e9tisation de leurs revendications.<\/p>\n<p>Ils ont refus\u00e9 l&rsquo;appel du minist\u00e8re de l&rsquo;\u00e9ducation de mettre fin \u00e0 la gr\u00e8ve avant la tenue de la commission administrative de la f\u00e9d\u00e9ration de l&rsquo;enseignement de base pr\u00e9vue la semaine prochaine. Les protestataires ont exprim\u00e9, lors de la marche et le sit-in observ\u00e9 devant le th\u00e9\u00e2tre municipal de Tunis, leurs refus des contrats propos\u00e9s par le minist\u00e8re de l&rsquo;\u00e9ducation estimant que c&rsquo;est contraire \u00e0 la loi. Ils ont \u00e9galement soulign\u00e9 la poursuite de leur mouvement jusqu&rsquo;\u00e0 la r\u00e9alisation de leurs demandes.\u00a0<\/p>\n<p>Les protestataires ont accus\u00e9 les directeurs g\u00e9n\u00e9raux du minist\u00e8re de vouloir mettre en p\u00e9ril la convention en refusant la publication des listes fix\u00e9es par le ministre pour la titularisation des personnes concern\u00e9es.\u00a0<\/p>\n<p>Le coordinateur national des enseignants suppl\u00e9ants, Abdelhafidh Hajlaoui a indiqu\u00e9 dans une d\u00e9claration \u00e0 la TAP que le gouvernement est appel\u00e9 \u00e0 publier dans le journal officiel (JORT) la convention n 58 qui stipule le recrutement de la promotion 2022 au titre d&rsquo;enseignant stagiaire du cycle primaire et un d\u00e9cret pour l&rsquo;amendement du d\u00e9cret n 228\/2018 concernant les agents temporaires, parmi la promotion 2018\/2019\/2020 et 2021 pour les recruter au titre d&rsquo;enseignant titulaire du cycle primaire.<\/p>\n<p>Toute menace de la part du minist\u00e8re de l&rsquo;\u00e9ducation sera confront\u00e9e par une escalade, a-t-il soutenu. La commission administrative de l&rsquo;enseignement de base relevant de l&rsquo;union g\u00e9n\u00e9rale tunisienne du travail tiendra sa r\u00e9union le 19 novembre en cours pour examiner la situation dans le secteur et prendre les positions n\u00e9cessaires.<\/p>\n","protected":false},"excerpt":{"rendered":"<p>Les enseignants suppl\u00e9ants et les dipl\u00f4m\u00e9s en licence appliqu\u00e9e en \u00e9ducation ont organis\u00e9 jeudi une marche durant laquelle ils ont annonc\u00e9 la poursuite de leur&#8230;<\/p>\n","protected":false},"author":3175,"featured_media":253316,"comment_status":"open","ping_status":"closed","sticky":false,"template":"","format":"standard","meta":{"footnotes":""},"categories":[44],"tags":[3911,2608],"class_list":["post-198778","post","type-post","status-publish","format-standard","has-post-thumbnail","hentry","category-national","tag-enseignants","tag-tunisie"],"yoast_head":"<!-- This site is optimized with the Yoast SEO Premium plugin v27.4 (Yoast SEO v27.5) - https:\/\/yoast.com\/product\/yoast-seo-premium-wordpress\/ -->\n<title>Les enseignants suppl\u00e9ants expriment leur ras-le-bol<\/title>\n<meta name=\"description\" content=\"Les enseignants suppl\u00e9ants et les dipl\u00f4m\u00e9s en licence appliqu\u00e9e en \u00e9ducation ont organis\u00e9 jeudi une marche durant laquelle ils ont annonc\u00e9 la poursuite de leur...\" \/>\n<link rel=\"canonical\" href=\"https:\/\/www.webdo.tn\/fr\/actualite\/national\/les-enseignants-suppleants-expriment-leur-ras-le-bol\/198778\/\" \/>\n<meta property=\"og:locale\" content=\"fr_FR\" \/>\n<meta property=\"og:type\" content=\"article\" \/>\n<meta property=\"og:title\" content=\"Les enseignants suppl\u00e9ants expriment leur ras-le-bol\" \/>\n<meta property=\"og:description\" content=\"Les enseignants suppl\u00e9ants et les dipl\u00f4m\u00e9s en licence appliqu\u00e9e en \u00e9ducation ont organis\u00e9 jeudi une marche durant laquelle ils ont annonc\u00e9 la poursuite de leur...\" \/>\n<meta property=\"og:url\" content=\"https:\/\/www.webdo.tn\/fr\/actualite\/national\/les-enseignants-suppleants-expriment-leur-ras-le-bol\/198778\/\" \/>\n<meta property=\"og:site_name\" content=\"webdo\" \/>\n<meta property=\"article:publisher\" content=\"https:\/\/www.facebook.com\/webdotn\" \/>\n<meta property=\"article:published_time\" content=\"2022-11-10T20:37:00+00:00\" \/>\n<meta property=\"article:modified_time\" content=\"2025-05-20T22:47:02+00:00\" \/>\n<meta property=\"og:image\" content=\"https:\/\/www.webdo.tn\/fr\/wp-content\/uploads\/2022\/11\/57d60015a8f24fabdf3e34e255300466-1.jpg\" \/>\n\t<meta property=\"og:image:width\" content=\"680\" \/>\n\t<meta property=\"og:image:height\" content=\"363\" \/>\n\t<meta property=\"og:image:type\" content=\"image\/jpeg\" \/>\n<meta name=\"author\" content=\"CL\" \/>\n<meta name=\"twitter:card\" content=\"summary_large_image\" \/>\n<meta name=\"twitter:creator\" content=\"@webdo_tn\" \/>\n<meta name=\"twitter:site\" content=\"@webdo_tn\" \/>\n<meta name=\"twitter:label1\" content=\"\u00c9crit par\" \/>\n\t<meta name=\"twitter:data1\" content=\"CL\" \/>\n\t<meta name=\"twitter:label2\" content=\"Dur\u00e9e de lecture estim\u00e9e\" \/>\n\t<meta name=\"twitter:data2\" content=\"1 minute\" \/>\n<script type=\"application\/ld+json\" class=\"yoast-schema-graph\">{\"@context\":\"https:\\\/\\\/schema.org\",\"@graph\":[{\"@type\":\"NewsArticle\",\"@id\":\"https:\\\/\\\/www.webdo.tn\\\/fr\\\/actualite\\\/national\\\/les-enseignants-suppleants-expriment-leur-ras-le-bol\\\/198778\\\/#article\",\"isPartOf\":{\"@id\":\"https:\\\/\\\/www.webdo.tn\\\/fr\\\/actualite\\\/national\\\/les-enseignants-suppleants-expriment-leur-ras-le-bol\\\/198778\\\/\"},\"author\":{\"name\":\"CL\",\"@id\":\"https:\\\/\\\/www.webdo.tn\\\/fr\\\/#\\\/schema\\\/person\\\/f35b42a42c5e2511bbd282959d6385cc\"},\"headline\":\"Les enseignants suppl\u00e9ants expriment leur ras-le-bol\",\"datePublished\":\"2022-11-10T20:37:00+00:00\",\"dateModified\":\"2025-05-20T22:47:02+00:00\",\"mainEntityOfPage\":{\"@id\":\"https:\\\/\\\/www.webdo.tn\\\/fr\\\/actualite\\\/national\\\/les-enseignants-suppleants-expriment-leur-ras-le-bol\\\/198778\\\/\"},\"wordCount\":312,\"commentCount\":0,\"publisher\":{\"@id\":\"https:\\\/\\\/www.webdo.tn\\\/fr\\\/#organization\"},\"image\":{\"@id\":\"https:\\\/\\\/www.webdo.tn\\\/fr\\\/actualite\\\/national\\\/les-enseignants-suppleants-expriment-leur-ras-le-bol\\\/198778\\\/#primaryimage\"},\"thumbnailUrl\":\"https:\\\/\\\/www.webdo.tn\\\/fr\\\/wp-content\\\/uploads\\\/2022\\\/11\\\/57d60015a8f24fabdf3e34e255300466-1.jpg\",\"keywords\":[\"enseignants\",\"Tunisie\"],\"articleSection\":[\"National\"],\"inLanguage\":\"fr-FR\"},{\"@type\":\"WebPage\",\"@id\":\"https:\\\/\\\/www.webdo.tn\\\/fr\\\/actualite\\\/national\\\/les-enseignants-suppleants-expriment-leur-ras-le-bol\\\/198778\\\/\",\"url\":\"https:\\\/\\\/www.webdo.tn\\\/fr\\\/actualite\\\/national\\\/les-enseignants-suppleants-expriment-leur-ras-le-bol\\\/198778\\\/\",\"name\":\"Les enseignants suppl\u00e9ants expriment leur ras-le-bol\",\"isPartOf\":{\"@id\":\"https:\\\/\\\/www.webdo.tn\\\/fr\\\/#website\"},\"primaryImageOfPage\":{\"@id\":\"https:\\\/\\\/www.webdo.tn\\\/fr\\\/actualite\\\/national\\\/les-enseignants-suppleants-expriment-leur-ras-le-bol\\\/198778\\\/#primaryimage\"},\"image\":{\"@id\":\"https:\\\/\\\/www.webdo.tn\\\/fr\\\/actualite\\\/national\\\/les-enseignants-suppleants-expriment-leur-ras-le-bol\\\/198778\\\/#primaryimage\"},\"thumbnailUrl\":\"https:\\\/\\\/www.webdo.tn\\\/fr\\\/wp-content\\\/uploads\\\/2022\\\/11\\\/57d60015a8f24fabdf3e34e255300466-1.jpg\",\"datePublished\":\"2022-11-10T20:37:00+00:00\",\"dateModified\":\"2025-05-20T22:47:02+00:00\",\"description\":\"Les enseignants suppl\u00e9ants et les dipl\u00f4m\u00e9s en licence appliqu\u00e9e en \u00e9ducation ont organis\u00e9 jeudi une marche durant laquelle ils ont annonc\u00e9 la poursuite de leur...\",\"breadcrumb\":{\"@id\":\"https:\\\/\\\/www.webdo.tn\\\/fr\\\/actualite\\\/national\\\/les-enseignants-suppleants-expriment-leur-ras-le-bol\\\/198778\\\/#breadcrumb\"},\"inLanguage\":\"fr-FR\",\"potentialAction\":[{\"@type\":\"ReadAction\",\"target\":[\"https:\\\/\\\/www.webdo.tn\\\/fr\\\/actualite\\\/national\\\/les-enseignants-suppleants-expriment-leur-ras-le-bol\\\/198778\\\/\"]}]},{\"@type\":\"ImageObject\",\"inLanguage\":\"fr-FR\",\"@id\":\"https:\\\/\\\/www.webdo.tn\\\/fr\\\/actualite\\\/national\\\/les-enseignants-suppleants-expriment-leur-ras-le-bol\\\/198778\\\/#primaryimage\",\"url\":\"https:\\\/\\\/www.webdo.tn\\\/fr\\\/wp-content\\\/uploads\\\/2022\\\/11\\\/57d60015a8f24fabdf3e34e255300466-1.jpg\",\"contentUrl\":\"https:\\\/\\\/www.webdo.tn\\\/fr\\\/wp-content\\\/uploads\\\/2022\\\/11\\\/57d60015a8f24fabdf3e34e255300466-1.jpg\",\"width\":680,\"height\":363,\"caption\":\"Enseignants\"},{\"@type\":\"BreadcrumbList\",\"@id\":\"https:\\\/\\\/www.webdo.tn\\\/fr\\\/actualite\\\/national\\\/les-enseignants-suppleants-expriment-leur-ras-le-bol\\\/198778\\\/#breadcrumb\",\"itemListElement\":[{\"@type\":\"ListItem\",\"position\":1,\"name\":\"Accueil\",\"item\":\"https:\\\/\\\/www.webdo.tn\\\/fr\\\/\"},{\"@type\":\"ListItem\",\"position\":2,\"name\":\"Les enseignants suppl\u00e9ants expriment leur ras-le-bol\"}]},{\"@type\":\"WebSite\",\"@id\":\"https:\\\/\\\/www.webdo.tn\\\/fr\\\/#website\",\"url\":\"https:\\\/\\\/www.webdo.tn\\\/fr\\\/\",\"name\":\"webdo\",\"description\":\"Tunisie - News en Tunisie et \u00e0 l&#039;international sur Webdo.tn\",\"publisher\":{\"@id\":\"https:\\\/\\\/www.webdo.tn\\\/fr\\\/#organization\"},\"potentialAction\":[{\"@type\":\"SearchAction\",\"target\":{\"@type\":\"EntryPoint\",\"urlTemplate\":\"https:\\\/\\\/www.webdo.tn\\\/fr\\\/?s={search_term_string}\"},\"query-input\":{\"@type\":\"PropertyValueSpecification\",\"valueRequired\":true,\"valueName\":\"search_term_string\"}}],\"inLanguage\":\"fr-FR\"},{\"@type\":\"Organization\",\"@id\":\"https:\\\/\\\/www.webdo.tn\\\/fr\\\/#organization\",\"name\":\"Webdo\",\"alternateName\":\"Webdo.tn\",\"url\":\"https:\\\/\\\/www.webdo.tn\\\/fr\\\/\",\"logo\":{\"@type\":\"ImageObject\",\"inLanguage\":\"fr-FR\",\"@id\":\"https:\\\/\\\/www.webdo.tn\\\/fr\\\/#\\\/schema\\\/logo\\\/image\\\/\",\"url\":\"https:\\\/\\\/www.webdo.tn\\\/fr\\\/wp-content\\\/uploads\\\/2025\\\/06\\\/Webdo-Tunisie_168377.jpg\",\"contentUrl\":\"https:\\\/\\\/www.webdo.tn\\\/fr\\\/wp-content\\\/uploads\\\/2025\\\/06\\\/Webdo-Tunisie_168377.jpg\",\"width\":301,\"height\":301,\"caption\":\"Webdo\"},\"image\":{\"@id\":\"https:\\\/\\\/www.webdo.tn\\\/fr\\\/#\\\/schema\\\/logo\\\/image\\\/\"},\"sameAs\":[\"https:\\\/\\\/www.facebook.com\\\/webdotn\",\"https:\\\/\\\/x.com\\\/webdo_tn\"],\"description\":\"Webdo est un m\u00e9dia num\u00e9rique tunisien fond\u00e9 en 2010, sp\u00e9cialis\u00e9 dans l\u2019actualit\u00e9 nationale et internationale, l\u2019\u00e9conomie, la soci\u00e9t\u00e9 et les analyses politiques. Le site s\u2019adresse \u00e0 un large public francophone et couvre l\u2019information tunisienne en temps r\u00e9el.\",\"email\":\"redac@webdo.tn\",\"legalName\":\"YNJ SARL\",\"foundingDate\":\"2010-09-06\",\"numberOfEmployees\":{\"@type\":\"QuantitativeValue\",\"minValue\":\"11\",\"maxValue\":\"50\"}},{\"@type\":\"Person\",\"@id\":\"https:\\\/\\\/www.webdo.tn\\\/fr\\\/#\\\/schema\\\/person\\\/f35b42a42c5e2511bbd282959d6385cc\",\"name\":\"CL\",\"image\":{\"@type\":\"ImageObject\",\"inLanguage\":\"fr-FR\",\"@id\":\"https:\\\/\\\/secure.gravatar.com\\\/avatar\\\/1447a49909b67aa657c488aec6512e1dd6143a480c1ecfee9b5b5cd74eb3b59e?s=96&d=mm&r=g\",\"url\":\"https:\\\/\\\/secure.gravatar.com\\\/avatar\\\/1447a49909b67aa657c488aec6512e1dd6143a480c1ecfee9b5b5cd74eb3b59e?s=96&d=mm&r=g\",\"contentUrl\":\"https:\\\/\\\/secure.gravatar.com\\\/avatar\\\/1447a49909b67aa657c488aec6512e1dd6143a480c1ecfee9b5b5cd74eb3b59e?s=96&d=mm&r=g\",\"caption\":\"CL\"},\"url\":\"https:\\\/\\\/www.webdo.tn\\\/fr\\\/actualite\\\/author\\\/cl\\\/\"}]}<\/script>\n<!-- \/ Yoast SEO Premium plugin. -->","yoast_head_json":{"title":"Les enseignants suppl\u00e9ants expriment leur ras-le-bol","description":"Les enseignants suppl\u00e9ants et les dipl\u00f4m\u00e9s en licence appliqu\u00e9e en \u00e9ducation ont organis\u00e9 jeudi une marche durant laquelle ils ont annonc\u00e9 la poursuite de leur...","canonical":"https:\/\/www.webdo.tn\/fr\/actualite\/national\/les-enseignants-suppleants-expriment-leur-ras-le-bol\/198778\/","og_locale":"fr_FR","og_type":"article","og_title":"Les enseignants suppl\u00e9ants expriment leur ras-le-bol","og_description":"Les enseignants suppl\u00e9ants et les dipl\u00f4m\u00e9s en licence appliqu\u00e9e en \u00e9ducation ont organis\u00e9 jeudi une marche durant laquelle ils ont annonc\u00e9 la poursuite de leur...","og_url":"https:\/\/www.webdo.tn\/fr\/actualite\/national\/les-enseignants-suppleants-expriment-leur-ras-le-bol\/198778\/","og_site_name":"webdo","article_publisher":"https:\/\/www.facebook.com\/webdotn","article_published_time":"2022-11-10T20:37:00+00:00","article_modified_time":"2025-05-20T22:47:02+00:00","og_image":[{"width":680,"height":363,"url":"https:\/\/www.webdo.tn\/fr\/wp-content\/uploads\/2022\/11\/57d60015a8f24fabdf3e34e255300466-1.jpg","type":"image\/jpeg"}],"author":"CL","twitter_card":"summary_large_image","twitter_creator":"@webdo_tn","twitter_site":"@webdo_tn","twitter_misc":{"\u00c9crit par":"CL","Dur\u00e9e de lecture estim\u00e9e":"1 minute"},"schema":{"@context":"https:\/\/schema.org","@graph":[{"@type":"NewsArticle","@id":"https:\/\/www.webdo.tn\/fr\/actualite\/national\/les-enseignants-suppleants-expriment-leur-ras-le-bol\/198778\/#article","isPartOf":{"@id":"https:\/\/www.webdo.tn\/fr\/actualite\/national\/les-enseignants-suppleants-expriment-leur-ras-le-bol\/198778\/"},"author":{"name":"CL","@id":"https:\/\/www.webdo.tn\/fr\/#\/schema\/person\/f35b42a42c5e2511bbd282959d6385cc"},"headline":"Les enseignants suppl\u00e9ants expriment leur ras-le-bol","datePublished":"2022-11-10T20:37:00+00:00","dateModified":"2025-05-20T22:47:02+00:00","mainEntityOfPage":{"@id":"https:\/\/www.webdo.tn\/fr\/actualite\/national\/les-enseignants-suppleants-expriment-leur-ras-le-bol\/198778\/"},"wordCount":312,"commentCount":0,"publisher":{"@id":"https:\/\/www.webdo.tn\/fr\/#organization"},"image":{"@id":"https:\/\/www.webdo.tn\/fr\/actualite\/national\/les-enseignants-suppleants-expriment-leur-ras-le-bol\/198778\/#primaryimage"},"thumbnailUrl":"https:\/\/www.webdo.tn\/fr\/wp-content\/uploads\/2022\/11\/57d60015a8f24fabdf3e34e255300466-1.jpg","keywords":["enseignants","Tunisie"],"articleSection":["National"],"inLanguage":"fr-FR"},{"@type":"WebPage","@id":"https:\/\/www.webdo.tn\/fr\/actualite\/national\/les-enseignants-suppleants-expriment-leur-ras-le-bol\/198778\/","url":"https:\/\/www.webdo.tn\/fr\/actualite\/national\/les-enseignants-suppleants-expriment-leur-ras-le-bol\/198778\/","name":"Les enseignants suppl\u00e9ants expriment leur ras-le-bol","isPartOf":{"@id":"https:\/\/www.webdo.tn\/fr\/#website"},"primaryImageOfPage":{"@id":"https:\/\/www.webdo.tn\/fr\/actualite\/national\/les-enseignants-suppleants-expriment-leur-ras-le-bol\/198778\/#primaryimage"},"image":{"@id":"https:\/\/www.webdo.tn\/fr\/actualite\/national\/les-enseignants-suppleants-expriment-leur-ras-le-bol\/198778\/#primaryimage"},"thumbnailUrl":"https:\/\/www.webdo.tn\/fr\/wp-content\/uploads\/2022\/11\/57d60015a8f24fabdf3e34e255300466-1.jpg","datePublished":"2022-11-10T20:37:00+00:00","dateModified":"2025-05-20T22:47:02+00:00","description":"Les enseignants suppl\u00e9ants et les dipl\u00f4m\u00e9s en licence appliqu\u00e9e en \u00e9ducation ont organis\u00e9 jeudi une marche durant laquelle ils ont annonc\u00e9 la poursuite de leur...","breadcrumb":{"@id":"https:\/\/www.webdo.tn\/fr\/actualite\/national\/les-enseignants-suppleants-expriment-leur-ras-le-bol\/198778\/#breadcrumb"},"inLanguage":"fr-FR","potentialAction":[{"@type":"ReadAction","target":["https:\/\/www.webdo.tn\/fr\/actualite\/national\/les-enseignants-suppleants-expriment-leur-ras-le-bol\/198778\/"]}]},{"@type":"ImageObject","inLanguage":"fr-FR","@id":"https:\/\/www.webdo.tn\/fr\/actualite\/national\/les-enseignants-suppleants-expriment-leur-ras-le-bol\/198778\/#primaryimage","url":"https:\/\/www.webdo.tn\/fr\/wp-content\/uploads\/2022\/11\/57d60015a8f24fabdf3e34e255300466-1.jpg","contentUrl":"https:\/\/www.webdo.tn\/fr\/wp-content\/uploads\/2022\/11\/57d60015a8f24fabdf3e34e255300466-1.jpg","width":680,"height":363,"caption":"Enseignants"},{"@type":"BreadcrumbList","@id":"https:\/\/www.webdo.tn\/fr\/actualite\/national\/les-enseignants-suppleants-expriment-leur-ras-le-bol\/198778\/#breadcrumb","itemListElement":[{"@type":"ListItem","position":1,"name":"Accueil","item":"https:\/\/www.webdo.tn\/fr\/"},{"@type":"ListItem","position":2,"name":"Les enseignants suppl\u00e9ants expriment leur ras-le-bol"}]},{"@type":"WebSite","@id":"https:\/\/www.webdo.tn\/fr\/#website","url":"https:\/\/www.webdo.tn\/fr\/","name":"webdo","description":"Tunisie - News en Tunisie et \u00e0 l&#039;international sur Webdo.tn","publisher":{"@id":"https:\/\/www.webdo.tn\/fr\/#organization"},"potentialAction":[{"@type":"SearchAction","target":{"@type":"EntryPoint","urlTemplate":"https:\/\/www.webdo.tn\/fr\/?s={search_term_string}"},"query-input":{"@type":"PropertyValueSpecification","valueRequired":true,"valueName":"search_term_string"}}],"inLanguage":"fr-FR"},{"@type":"Organization","@id":"https:\/\/www.webdo.tn\/fr\/#organization","name":"Webdo","alternateName":"Webdo.tn","url":"https:\/\/www.webdo.tn\/fr\/","logo":{"@type":"ImageObject","inLanguage":"fr-FR","@id":"https:\/\/www.webdo.tn\/fr\/#\/schema\/logo\/image\/","url":"https:\/\/www.webdo.tn\/fr\/wp-content\/uploads\/2025\/06\/Webdo-Tunisie_168377.jpg","contentUrl":"https:\/\/www.webdo.tn\/fr\/wp-content\/uploads\/2025\/06\/Webdo-Tunisie_168377.jpg","width":301,"height":301,"caption":"Webdo"},"image":{"@id":"https:\/\/www.webdo.tn\/fr\/#\/schema\/logo\/image\/"},"sameAs":["https:\/\/www.facebook.com\/webdotn","https:\/\/x.com\/webdo_tn"],"description":"Webdo est un m\u00e9dia num\u00e9rique tunisien fond\u00e9 en 2010, sp\u00e9cialis\u00e9 dans l\u2019actualit\u00e9 nationale et internationale, l\u2019\u00e9conomie, la soci\u00e9t\u00e9 et les analyses politiques. Le site s\u2019adresse \u00e0 un large public francophone et couvre l\u2019information tunisienne en temps r\u00e9el.","email":"redac@webdo.tn","legalName":"YNJ SARL","foundingDate":"2010-09-06","numberOfEmployees":{"@type":"QuantitativeValue","minValue":"11","maxValue":"50"}},{"@type":"Person","@id":"https:\/\/www.webdo.tn\/fr\/#\/schema\/person\/f35b42a42c5e2511bbd282959d6385cc","name":"CL","image":{"@type":"ImageObject","inLanguage":"fr-FR","@id":"https:\/\/secure.gravatar.com\/avatar\/1447a49909b67aa657c488aec6512e1dd6143a480c1ecfee9b5b5cd74eb3b59e?s=96&d=mm&r=g","url":"https:\/\/secure.gravatar.com\/avatar\/1447a49909b67aa657c488aec6512e1dd6143a480c1ecfee9b5b5cd74eb3b59e?s=96&d=mm&r=g","contentUrl":"https:\/\/secure.gravatar.com\/avatar\/1447a49909b67aa657c488aec6512e1dd6143a480c1ecfee9b5b5cd74eb3b59e?s=96&d=mm&r=g","caption":"CL"},"url":"https:\/\/www.webdo.tn\/fr\/actualite\/author\/cl\/"}]}},"_links":{"self":[{"href":"https:\/\/www.webdo.tn\/fr\/wp-json\/wp\/v2\/posts\/198778","targetHints":{"allow":["GET"]}}],"collection":[{"href":"https:\/\/www.webdo.tn\/fr\/wp-json\/wp\/v2\/posts"}],"about":[{"href":"https:\/\/www.webdo.tn\/fr\/wp-json\/wp\/v2\/types\/post"}],"author":[{"embeddable":true,"href":"https:\/\/www.webdo.tn\/fr\/wp-json\/wp\/v2\/users\/3175"}],"replies":[{"embeddable":true,"href":"https:\/\/www.webdo.tn\/fr\/wp-json\/wp\/v2\/comments?post=198778"}],"version-history":[{"count":0,"href":"https:\/\/www.webdo.tn\/fr\/wp-json\/wp\/v2\/posts\/198778\/revisions"}],"wp:featuredmedia":[{"embeddable":true,"href":"https:\/\/www.webdo.tn\/fr\/wp-json\/wp\/v2\/media\/253316"}],"wp:attachment":[{"href":"https:\/\/www.webdo.tn\/fr\/wp-json\/wp\/v2\/media?parent=198778"}],"wp:term":[{"taxonomy":"category","embeddable":true,"href":"https:\/\/www.webdo.tn\/fr\/wp-json\/wp\/v2\/categories?post=198778"},{"taxonomy":"post_tag","embeddable":true,"href":"https:\/\/www.webdo.tn\/fr\/wp-json\/wp\/v2\/tags?post=198778"}],"curies":[{"name":"wp","href":"https:\/\/api.w.org\/{rel}","templated":true}]}}