{"id":198774,"date":"2022-11-10T19:31:00","date_gmt":"2022-11-10T19:31:00","guid":{"rendered":"https:\/\/www.webdo.tn\/fr\/blog\/tunisie-appel-a-une-mobilisation-contre-la-normalisation-avec-israel\/198774\/"},"modified":"2025-05-20T22:47:02","modified_gmt":"2025-05-20T22:47:02","slug":"tunisie-appel-a-une-mobilisation-contre-la-normalisation-avec-israel","status":"publish","type":"post","link":"https:\/\/www.webdo.tn\/fr\/actualite\/national\/tunisie-appel-a-une-mobilisation-contre-la-normalisation-avec-israel\/198774\/","title":{"rendered":"Tunisie : Appel \u00e0 une mobilisation contre la \u00ab\u00a0normalisation avec Isra\u00ebl\u00a0\u00bb"},"content":{"rendered":"<p>Le mouvement Echaab a critiqu\u00e9 l&rsquo;\u00e9change qui a eu lieu entre la cheffe du gouvernement Najla Bouden et le pr\u00e9sident de l&rsquo;entit\u00e9 sioniste lors de la Conf\u00e9rence des Nations-Unies sur les changements climatiques (COP27) organis\u00e9e r\u00e9cemment en Egypte.<\/p>\n<p>Dans une d\u00e9claration, le parti r\u00e9affirme le refus cat\u00e9gorique de toute forme de normalisation avec Isra\u00ebl, l&rsquo;entit\u00e9 qui a viol\u00e9 les droits du peuple arabe en Palestine, en Tunisie, au Liban et en Syrie, lit-on de m\u00eame source.<\/p>\n<p>Echaab appelle la cheffe du gouvernement \u00e0 s&rsquo;expliquer publiquement sur cette question surtout qu&rsquo;elle a particip\u00e9 \u00e0 la conf\u00e9rence au nom du pr\u00e9sident de la R\u00e9publique qui avait insist\u00e9, dans sa campagne \u00e9lectorale, sur la criminalisation de la normalisation.<\/p>\n<p>De son c\u00f4t\u00e9, le Parti des Travailleurs a appel\u00e9 les masses populaires et les forces nationales \u00e0 unifier les efforts pour emp\u00eacher les autorit\u00e9s tunisiennes de normaliser avec l&rsquo;entit\u00e9 sioniste et les pousser \u00e0 promulguer une loi pour l&rsquo;incriminer.<\/p>\n<p>Cette loi qui consacre la volont\u00e9 de tout le peuple Tunisien, une volont\u00e9, ignor\u00e9e par les partis des diff\u00e9rentes coalitions qui se sont succ\u00e9d\u00e9 au pouvoir durant les dix derni\u00e8res ann\u00e9es.<\/p>\n<p>Dans une d\u00e9claration, le Parti des Travailleurs d\u00e9nonce \u00a0\u00bb un nouveau pas \u00a0\u00bb qui vient consacrer l&rsquo;orientation politique bas\u00e9e sur la d\u00e9pendance et la volont\u00e9 des forces imp\u00e9rialiste.<\/p>\n<p>Des m\u00e9dias tunisiens et \u00e9trangers ainsi que plusieurs pages sur les r\u00e9seaux sociaux avaient relay\u00e9 une s\u00e9quence vid\u00e9o montrant un bref \u00e9change entre Bouden et le pr\u00e9sident isra\u00e9lien pendant que les chefs d&rsquo;Etat et de gouvernement posaient pour une photo de groupe.<\/p>\n","protected":false},"excerpt":{"rendered":"<p>Le mouvement Echaab a critiqu\u00e9 l&rsquo;\u00e9change qui a eu lieu entre la cheffe du gouvernement Najla Bouden et le pr\u00e9sident de l&rsquo;entit\u00e9 sioniste lors de la Conf\u00e9rence d&#8230;<\/p>\n","protected":false},"author":3175,"featured_media":253312,"comment_status":"open","ping_status":"closed","sticky":false,"template":"","format":"standard","meta":{"footnotes":""},"categories":[44],"tags":[3729,2608],"class_list":["post-198774","post","type-post","status-publish","format-standard","has-post-thumbnail","hentry","category-national","tag-normalisation","tag-tunisie"],"yoast_head":"<!-- This site is optimized with the Yoast SEO Premium plugin v27.5 (Yoast SEO v27.5) - https:\/\/yoast.com\/product\/yoast-seo-premium-wordpress\/ -->\n<title>Tunisie : Appel \u00e0 une mobilisation contre la normalisation avec Isra\u00ebl<\/title>\n<meta name=\"description\" content=\"Le mouvement Echaab a critiqu\u00e9 l&#039;\u00e9change qui a eu lieu entre la cheffe du gouvernement Najla Bouden et le pr\u00e9sident de l&#039;entit\u00e9 sioniste lors de la Conf\u00e9rence d...\" \/>\n<link rel=\"canonical\" href=\"https:\/\/www.webdo.tn\/fr\/actualite\/national\/tunisie-appel-a-une-mobilisation-contre-la-normalisation-avec-israel\/198774\/\" \/>\n<meta property=\"og:locale\" content=\"fr_FR\" \/>\n<meta property=\"og:type\" content=\"article\" \/>\n<meta property=\"og:title\" content=\"Tunisie : Appel \u00e0 une mobilisation contre la &quot;normalisation avec Isra\u00ebl&quot;\" \/>\n<meta property=\"og:description\" content=\"Le mouvement Echaab a critiqu\u00e9 l&#039;\u00e9change qui a eu lieu entre la cheffe du gouvernement Najla Bouden et le pr\u00e9sident de l&#039;entit\u00e9 sioniste lors de la Conf\u00e9rence d...\" \/>\n<meta property=\"og:url\" content=\"https:\/\/www.webdo.tn\/fr\/actualite\/national\/tunisie-appel-a-une-mobilisation-contre-la-normalisation-avec-israel\/198774\/\" \/>\n<meta property=\"og:site_name\" content=\"webdo\" \/>\n<meta property=\"article:publisher\" content=\"https:\/\/www.facebook.com\/webdotn\" \/>\n<meta property=\"article:published_time\" content=\"2022-11-10T19:31:00+00:00\" \/>\n<meta property=\"article:modified_time\" content=\"2025-05-20T22:47:02+00:00\" \/>\n<meta property=\"og:image\" content=\"https:\/\/www.webdo.tn\/fr\/wp-content\/uploads\/2022\/11\/851b9e766792d273fda433820be247d8.jpg\" \/>\n\t<meta property=\"og:image:width\" content=\"750\" \/>\n\t<meta property=\"og:image:height\" content=\"400\" \/>\n\t<meta property=\"og:image:type\" content=\"image\/jpeg\" \/>\n<meta name=\"author\" content=\"CL\" \/>\n<meta name=\"twitter:card\" content=\"summary_large_image\" \/>\n<meta name=\"twitter:creator\" content=\"@webdo_tn\" \/>\n<meta name=\"twitter:site\" content=\"@webdo_tn\" \/>\n<meta name=\"twitter:label1\" content=\"\u00c9crit par\" \/>\n\t<meta name=\"twitter:data1\" content=\"CL\" \/>\n\t<meta name=\"twitter:label2\" content=\"Dur\u00e9e de lecture estim\u00e9e\" \/>\n\t<meta name=\"twitter:data2\" content=\"1 minute\" \/>\n<script type=\"application\/ld+json\" class=\"yoast-schema-graph\">{\"@context\":\"https:\\\/\\\/schema.org\",\"@graph\":[{\"@type\":\"NewsArticle\",\"@id\":\"https:\\\/\\\/www.webdo.tn\\\/fr\\\/actualite\\\/national\\\/tunisie-appel-a-une-mobilisation-contre-la-normalisation-avec-israel\\\/198774\\\/#article\",\"isPartOf\":{\"@id\":\"https:\\\/\\\/www.webdo.tn\\\/fr\\\/actualite\\\/national\\\/tunisie-appel-a-une-mobilisation-contre-la-normalisation-avec-israel\\\/198774\\\/\"},\"author\":{\"name\":\"CL\",\"@id\":\"https:\\\/\\\/www.webdo.tn\\\/fr\\\/#\\\/schema\\\/person\\\/f35b42a42c5e2511bbd282959d6385cc\"},\"headline\":\"Tunisie : Appel \u00e0 une mobilisation contre la \u00ab\u00a0normalisation avec Isra\u00ebl\u00a0\u00bb\",\"datePublished\":\"2022-11-10T19:31:00+00:00\",\"dateModified\":\"2025-05-20T22:47:02+00:00\",\"mainEntityOfPage\":{\"@id\":\"https:\\\/\\\/www.webdo.tn\\\/fr\\\/actualite\\\/national\\\/tunisie-appel-a-une-mobilisation-contre-la-normalisation-avec-israel\\\/198774\\\/\"},\"wordCount\":299,\"commentCount\":0,\"publisher\":{\"@id\":\"https:\\\/\\\/www.webdo.tn\\\/fr\\\/#organization\"},\"image\":{\"@id\":\"https:\\\/\\\/www.webdo.tn\\\/fr\\\/actualite\\\/national\\\/tunisie-appel-a-une-mobilisation-contre-la-normalisation-avec-israel\\\/198774\\\/#primaryimage\"},\"thumbnailUrl\":\"https:\\\/\\\/www.webdo.tn\\\/fr\\\/wp-content\\\/uploads\\\/2022\\\/11\\\/851b9e766792d273fda433820be247d8.jpg\",\"keywords\":[\"normalisation\",\"Tunisie\"],\"articleSection\":[\"National\"],\"inLanguage\":\"fr-FR\"},{\"@type\":\"WebPage\",\"@id\":\"https:\\\/\\\/www.webdo.tn\\\/fr\\\/actualite\\\/national\\\/tunisie-appel-a-une-mobilisation-contre-la-normalisation-avec-israel\\\/198774\\\/\",\"url\":\"https:\\\/\\\/www.webdo.tn\\\/fr\\\/actualite\\\/national\\\/tunisie-appel-a-une-mobilisation-contre-la-normalisation-avec-israel\\\/198774\\\/\",\"name\":\"Tunisie : Appel \u00e0 une mobilisation contre la normalisation avec Isra\u00ebl\",\"isPartOf\":{\"@id\":\"https:\\\/\\\/www.webdo.tn\\\/fr\\\/#website\"},\"primaryImageOfPage\":{\"@id\":\"https:\\\/\\\/www.webdo.tn\\\/fr\\\/actualite\\\/national\\\/tunisie-appel-a-une-mobilisation-contre-la-normalisation-avec-israel\\\/198774\\\/#primaryimage\"},\"image\":{\"@id\":\"https:\\\/\\\/www.webdo.tn\\\/fr\\\/actualite\\\/national\\\/tunisie-appel-a-une-mobilisation-contre-la-normalisation-avec-israel\\\/198774\\\/#primaryimage\"},\"thumbnailUrl\":\"https:\\\/\\\/www.webdo.tn\\\/fr\\\/wp-content\\\/uploads\\\/2022\\\/11\\\/851b9e766792d273fda433820be247d8.jpg\",\"datePublished\":\"2022-11-10T19:31:00+00:00\",\"dateModified\":\"2025-05-20T22:47:02+00:00\",\"description\":\"Le mouvement Echaab a critiqu\u00e9 l'\u00e9change qui a eu lieu entre la cheffe du gouvernement Najla Bouden et le pr\u00e9sident de l'entit\u00e9 sioniste lors de la Conf\u00e9rence d...\",\"breadcrumb\":{\"@id\":\"https:\\\/\\\/www.webdo.tn\\\/fr\\\/actualite\\\/national\\\/tunisie-appel-a-une-mobilisation-contre-la-normalisation-avec-israel\\\/198774\\\/#breadcrumb\"},\"inLanguage\":\"fr-FR\",\"potentialAction\":[{\"@type\":\"ReadAction\",\"target\":[\"https:\\\/\\\/www.webdo.tn\\\/fr\\\/actualite\\\/national\\\/tunisie-appel-a-une-mobilisation-contre-la-normalisation-avec-israel\\\/198774\\\/\"]}]},{\"@type\":\"ImageObject\",\"inLanguage\":\"fr-FR\",\"@id\":\"https:\\\/\\\/www.webdo.tn\\\/fr\\\/actualite\\\/national\\\/tunisie-appel-a-une-mobilisation-contre-la-normalisation-avec-israel\\\/198774\\\/#primaryimage\",\"url\":\"https:\\\/\\\/www.webdo.tn\\\/fr\\\/wp-content\\\/uploads\\\/2022\\\/11\\\/851b9e766792d273fda433820be247d8.jpg\",\"contentUrl\":\"https:\\\/\\\/www.webdo.tn\\\/fr\\\/wp-content\\\/uploads\\\/2022\\\/11\\\/851b9e766792d273fda433820be247d8.jpg\",\"width\":750,\"height\":400,\"caption\":\"Tunisie : Appel \u00e0 une mobilisation contre la \\\"normalisation avec Isra\u00ebl\\\"\"},{\"@type\":\"BreadcrumbList\",\"@id\":\"https:\\\/\\\/www.webdo.tn\\\/fr\\\/actualite\\\/national\\\/tunisie-appel-a-une-mobilisation-contre-la-normalisation-avec-israel\\\/198774\\\/#breadcrumb\",\"itemListElement\":[{\"@type\":\"ListItem\",\"position\":1,\"name\":\"Accueil\",\"item\":\"https:\\\/\\\/www.webdo.tn\\\/fr\\\/\"},{\"@type\":\"ListItem\",\"position\":2,\"name\":\"Tunisie : Appel \u00e0 une mobilisation contre la &#8220;normalisation avec Isra\u00ebl&#8221;\"}]},{\"@type\":\"WebSite\",\"@id\":\"https:\\\/\\\/www.webdo.tn\\\/fr\\\/#website\",\"url\":\"https:\\\/\\\/www.webdo.tn\\\/fr\\\/\",\"name\":\"webdo\",\"description\":\"Tunisie - News en Tunisie et \u00e0 l&#039;international sur Webdo.tn\",\"publisher\":{\"@id\":\"https:\\\/\\\/www.webdo.tn\\\/fr\\\/#organization\"},\"potentialAction\":[{\"@type\":\"SearchAction\",\"target\":{\"@type\":\"EntryPoint\",\"urlTemplate\":\"https:\\\/\\\/www.webdo.tn\\\/fr\\\/?s={search_term_string}\"},\"query-input\":{\"@type\":\"PropertyValueSpecification\",\"valueRequired\":true,\"valueName\":\"search_term_string\"}}],\"inLanguage\":\"fr-FR\"},{\"@type\":\"Organization\",\"@id\":\"https:\\\/\\\/www.webdo.tn\\\/fr\\\/#organization\",\"name\":\"Webdo\",\"alternateName\":\"Webdo.tn\",\"url\":\"https:\\\/\\\/www.webdo.tn\\\/fr\\\/\",\"logo\":{\"@type\":\"ImageObject\",\"inLanguage\":\"fr-FR\",\"@id\":\"https:\\\/\\\/www.webdo.tn\\\/fr\\\/#\\\/schema\\\/logo\\\/image\\\/\",\"url\":\"https:\\\/\\\/www.webdo.tn\\\/fr\\\/wp-content\\\/uploads\\\/2025\\\/06\\\/Webdo-Tunisie_168377.jpg\",\"contentUrl\":\"https:\\\/\\\/www.webdo.tn\\\/fr\\\/wp-content\\\/uploads\\\/2025\\\/06\\\/Webdo-Tunisie_168377.jpg\",\"width\":301,\"height\":301,\"caption\":\"Webdo\"},\"image\":{\"@id\":\"https:\\\/\\\/www.webdo.tn\\\/fr\\\/#\\\/schema\\\/logo\\\/image\\\/\"},\"sameAs\":[\"https:\\\/\\\/www.facebook.com\\\/webdotn\",\"https:\\\/\\\/x.com\\\/webdo_tn\"],\"description\":\"Webdo est un m\u00e9dia num\u00e9rique tunisien fond\u00e9 en 2010, sp\u00e9cialis\u00e9 dans l\u2019actualit\u00e9 nationale et internationale, l\u2019\u00e9conomie, la soci\u00e9t\u00e9 et les analyses politiques. Le site s\u2019adresse \u00e0 un large public francophone et couvre l\u2019information tunisienne en temps r\u00e9el.\",\"email\":\"redac@webdo.tn\",\"legalName\":\"YNJ SARL\",\"foundingDate\":\"2010-09-06\",\"numberOfEmployees\":{\"@type\":\"QuantitativeValue\",\"minValue\":\"11\",\"maxValue\":\"50\"}},{\"@type\":\"Person\",\"@id\":\"https:\\\/\\\/www.webdo.tn\\\/fr\\\/#\\\/schema\\\/person\\\/f35b42a42c5e2511bbd282959d6385cc\",\"name\":\"CL\",\"image\":{\"@type\":\"ImageObject\",\"inLanguage\":\"fr-FR\",\"@id\":\"https:\\\/\\\/secure.gravatar.com\\\/avatar\\\/1447a49909b67aa657c488aec6512e1dd6143a480c1ecfee9b5b5cd74eb3b59e?s=96&d=mm&r=g\",\"url\":\"https:\\\/\\\/secure.gravatar.com\\\/avatar\\\/1447a49909b67aa657c488aec6512e1dd6143a480c1ecfee9b5b5cd74eb3b59e?s=96&d=mm&r=g\",\"contentUrl\":\"https:\\\/\\\/secure.gravatar.com\\\/avatar\\\/1447a49909b67aa657c488aec6512e1dd6143a480c1ecfee9b5b5cd74eb3b59e?s=96&d=mm&r=g\",\"caption\":\"CL\"},\"url\":\"https:\\\/\\\/www.webdo.tn\\\/fr\\\/actualite\\\/author\\\/cl\\\/\"}]}<\/script>\n<!-- \/ Yoast SEO Premium plugin. -->","yoast_head_json":{"title":"Tunisie : Appel \u00e0 une mobilisation contre la normalisation avec Isra\u00ebl","description":"Le mouvement Echaab a critiqu\u00e9 l'\u00e9change qui a eu lieu entre la cheffe du gouvernement Najla Bouden et le pr\u00e9sident de l'entit\u00e9 sioniste lors de la Conf\u00e9rence d...","canonical":"https:\/\/www.webdo.tn\/fr\/actualite\/national\/tunisie-appel-a-une-mobilisation-contre-la-normalisation-avec-israel\/198774\/","og_locale":"fr_FR","og_type":"article","og_title":"Tunisie : Appel \u00e0 une mobilisation contre la \"normalisation avec Isra\u00ebl\"","og_description":"Le mouvement Echaab a critiqu\u00e9 l'\u00e9change qui a eu lieu entre la cheffe du gouvernement Najla Bouden et le pr\u00e9sident de l'entit\u00e9 sioniste lors de la Conf\u00e9rence d...","og_url":"https:\/\/www.webdo.tn\/fr\/actualite\/national\/tunisie-appel-a-une-mobilisation-contre-la-normalisation-avec-israel\/198774\/","og_site_name":"webdo","article_publisher":"https:\/\/www.facebook.com\/webdotn","article_published_time":"2022-11-10T19:31:00+00:00","article_modified_time":"2025-05-20T22:47:02+00:00","og_image":[{"width":750,"height":400,"url":"https:\/\/www.webdo.tn\/fr\/wp-content\/uploads\/2022\/11\/851b9e766792d273fda433820be247d8.jpg","type":"image\/jpeg"}],"author":"CL","twitter_card":"summary_large_image","twitter_creator":"@webdo_tn","twitter_site":"@webdo_tn","twitter_misc":{"\u00c9crit par":"CL","Dur\u00e9e de lecture estim\u00e9e":"1 minute"},"schema":{"@context":"https:\/\/schema.org","@graph":[{"@type":"NewsArticle","@id":"https:\/\/www.webdo.tn\/fr\/actualite\/national\/tunisie-appel-a-une-mobilisation-contre-la-normalisation-avec-israel\/198774\/#article","isPartOf":{"@id":"https:\/\/www.webdo.tn\/fr\/actualite\/national\/tunisie-appel-a-une-mobilisation-contre-la-normalisation-avec-israel\/198774\/"},"author":{"name":"CL","@id":"https:\/\/www.webdo.tn\/fr\/#\/schema\/person\/f35b42a42c5e2511bbd282959d6385cc"},"headline":"Tunisie : Appel \u00e0 une mobilisation contre la \u00ab\u00a0normalisation avec Isra\u00ebl\u00a0\u00bb","datePublished":"2022-11-10T19:31:00+00:00","dateModified":"2025-05-20T22:47:02+00:00","mainEntityOfPage":{"@id":"https:\/\/www.webdo.tn\/fr\/actualite\/national\/tunisie-appel-a-une-mobilisation-contre-la-normalisation-avec-israel\/198774\/"},"wordCount":299,"commentCount":0,"publisher":{"@id":"https:\/\/www.webdo.tn\/fr\/#organization"},"image":{"@id":"https:\/\/www.webdo.tn\/fr\/actualite\/national\/tunisie-appel-a-une-mobilisation-contre-la-normalisation-avec-israel\/198774\/#primaryimage"},"thumbnailUrl":"https:\/\/www.webdo.tn\/fr\/wp-content\/uploads\/2022\/11\/851b9e766792d273fda433820be247d8.jpg","keywords":["normalisation","Tunisie"],"articleSection":["National"],"inLanguage":"fr-FR"},{"@type":"WebPage","@id":"https:\/\/www.webdo.tn\/fr\/actualite\/national\/tunisie-appel-a-une-mobilisation-contre-la-normalisation-avec-israel\/198774\/","url":"https:\/\/www.webdo.tn\/fr\/actualite\/national\/tunisie-appel-a-une-mobilisation-contre-la-normalisation-avec-israel\/198774\/","name":"Tunisie : Appel \u00e0 une mobilisation contre la normalisation avec Isra\u00ebl","isPartOf":{"@id":"https:\/\/www.webdo.tn\/fr\/#website"},"primaryImageOfPage":{"@id":"https:\/\/www.webdo.tn\/fr\/actualite\/national\/tunisie-appel-a-une-mobilisation-contre-la-normalisation-avec-israel\/198774\/#primaryimage"},"image":{"@id":"https:\/\/www.webdo.tn\/fr\/actualite\/national\/tunisie-appel-a-une-mobilisation-contre-la-normalisation-avec-israel\/198774\/#primaryimage"},"thumbnailUrl":"https:\/\/www.webdo.tn\/fr\/wp-content\/uploads\/2022\/11\/851b9e766792d273fda433820be247d8.jpg","datePublished":"2022-11-10T19:31:00+00:00","dateModified":"2025-05-20T22:47:02+00:00","description":"Le mouvement Echaab a critiqu\u00e9 l'\u00e9change qui a eu lieu entre la cheffe du gouvernement Najla Bouden et le pr\u00e9sident de l'entit\u00e9 sioniste lors de la Conf\u00e9rence d...","breadcrumb":{"@id":"https:\/\/www.webdo.tn\/fr\/actualite\/national\/tunisie-appel-a-une-mobilisation-contre-la-normalisation-avec-israel\/198774\/#breadcrumb"},"inLanguage":"fr-FR","potentialAction":[{"@type":"ReadAction","target":["https:\/\/www.webdo.tn\/fr\/actualite\/national\/tunisie-appel-a-une-mobilisation-contre-la-normalisation-avec-israel\/198774\/"]}]},{"@type":"ImageObject","inLanguage":"fr-FR","@id":"https:\/\/www.webdo.tn\/fr\/actualite\/national\/tunisie-appel-a-une-mobilisation-contre-la-normalisation-avec-israel\/198774\/#primaryimage","url":"https:\/\/www.webdo.tn\/fr\/wp-content\/uploads\/2022\/11\/851b9e766792d273fda433820be247d8.jpg","contentUrl":"https:\/\/www.webdo.tn\/fr\/wp-content\/uploads\/2022\/11\/851b9e766792d273fda433820be247d8.jpg","width":750,"height":400,"caption":"Tunisie : Appel \u00e0 une mobilisation contre la \"normalisation avec Isra\u00ebl\""},{"@type":"BreadcrumbList","@id":"https:\/\/www.webdo.tn\/fr\/actualite\/national\/tunisie-appel-a-une-mobilisation-contre-la-normalisation-avec-israel\/198774\/#breadcrumb","itemListElement":[{"@type":"ListItem","position":1,"name":"Accueil","item":"https:\/\/www.webdo.tn\/fr\/"},{"@type":"ListItem","position":2,"name":"Tunisie : Appel \u00e0 une mobilisation contre la &#8220;normalisation avec Isra\u00ebl&#8221;"}]},{"@type":"WebSite","@id":"https:\/\/www.webdo.tn\/fr\/#website","url":"https:\/\/www.webdo.tn\/fr\/","name":"webdo","description":"Tunisie - News en Tunisie et \u00e0 l&#039;international sur Webdo.tn","publisher":{"@id":"https:\/\/www.webdo.tn\/fr\/#organization"},"potentialAction":[{"@type":"SearchAction","target":{"@type":"EntryPoint","urlTemplate":"https:\/\/www.webdo.tn\/fr\/?s={search_term_string}"},"query-input":{"@type":"PropertyValueSpecification","valueRequired":true,"valueName":"search_term_string"}}],"inLanguage":"fr-FR"},{"@type":"Organization","@id":"https:\/\/www.webdo.tn\/fr\/#organization","name":"Webdo","alternateName":"Webdo.tn","url":"https:\/\/www.webdo.tn\/fr\/","logo":{"@type":"ImageObject","inLanguage":"fr-FR","@id":"https:\/\/www.webdo.tn\/fr\/#\/schema\/logo\/image\/","url":"https:\/\/www.webdo.tn\/fr\/wp-content\/uploads\/2025\/06\/Webdo-Tunisie_168377.jpg","contentUrl":"https:\/\/www.webdo.tn\/fr\/wp-content\/uploads\/2025\/06\/Webdo-Tunisie_168377.jpg","width":301,"height":301,"caption":"Webdo"},"image":{"@id":"https:\/\/www.webdo.tn\/fr\/#\/schema\/logo\/image\/"},"sameAs":["https:\/\/www.facebook.com\/webdotn","https:\/\/x.com\/webdo_tn"],"description":"Webdo est un m\u00e9dia num\u00e9rique tunisien fond\u00e9 en 2010, sp\u00e9cialis\u00e9 dans l\u2019actualit\u00e9 nationale et internationale, l\u2019\u00e9conomie, la soci\u00e9t\u00e9 et les analyses politiques. Le site s\u2019adresse \u00e0 un large public francophone et couvre l\u2019information tunisienne en temps r\u00e9el.","email":"redac@webdo.tn","legalName":"YNJ SARL","foundingDate":"2010-09-06","numberOfEmployees":{"@type":"QuantitativeValue","minValue":"11","maxValue":"50"}},{"@type":"Person","@id":"https:\/\/www.webdo.tn\/fr\/#\/schema\/person\/f35b42a42c5e2511bbd282959d6385cc","name":"CL","image":{"@type":"ImageObject","inLanguage":"fr-FR","@id":"https:\/\/secure.gravatar.com\/avatar\/1447a49909b67aa657c488aec6512e1dd6143a480c1ecfee9b5b5cd74eb3b59e?s=96&d=mm&r=g","url":"https:\/\/secure.gravatar.com\/avatar\/1447a49909b67aa657c488aec6512e1dd6143a480c1ecfee9b5b5cd74eb3b59e?s=96&d=mm&r=g","contentUrl":"https:\/\/secure.gravatar.com\/avatar\/1447a49909b67aa657c488aec6512e1dd6143a480c1ecfee9b5b5cd74eb3b59e?s=96&d=mm&r=g","caption":"CL"},"url":"https:\/\/www.webdo.tn\/fr\/actualite\/author\/cl\/"}]}},"_links":{"self":[{"href":"https:\/\/www.webdo.tn\/fr\/wp-json\/wp\/v2\/posts\/198774","targetHints":{"allow":["GET"]}}],"collection":[{"href":"https:\/\/www.webdo.tn\/fr\/wp-json\/wp\/v2\/posts"}],"about":[{"href":"https:\/\/www.webdo.tn\/fr\/wp-json\/wp\/v2\/types\/post"}],"author":[{"embeddable":true,"href":"https:\/\/www.webdo.tn\/fr\/wp-json\/wp\/v2\/users\/3175"}],"replies":[{"embeddable":true,"href":"https:\/\/www.webdo.tn\/fr\/wp-json\/wp\/v2\/comments?post=198774"}],"version-history":[{"count":0,"href":"https:\/\/www.webdo.tn\/fr\/wp-json\/wp\/v2\/posts\/198774\/revisions"}],"wp:featuredmedia":[{"embeddable":true,"href":"https:\/\/www.webdo.tn\/fr\/wp-json\/wp\/v2\/media\/253312"}],"wp:attachment":[{"href":"https:\/\/www.webdo.tn\/fr\/wp-json\/wp\/v2\/media?parent=198774"}],"wp:term":[{"taxonomy":"category","embeddable":true,"href":"https:\/\/www.webdo.tn\/fr\/wp-json\/wp\/v2\/categories?post=198774"},{"taxonomy":"post_tag","embeddable":true,"href":"https:\/\/www.webdo.tn\/fr\/wp-json\/wp\/v2\/tags?post=198774"}],"curies":[{"name":"wp","href":"https:\/\/api.w.org\/{rel}","templated":true}]}}