{"id":198750,"date":"2022-11-10T11:58:00","date_gmt":"2022-11-10T11:58:00","guid":{"rendered":"https:\/\/www.webdo.tn\/fr\/blog\/ministere-de-l-education-la-crise-des-suppleants-sera-resolue-dans-les-heures-a-venir\/198750\/"},"modified":"2025-05-20T23:01:50","modified_gmt":"2025-05-20T23:01:50","slug":"ministere-de-l-education-la-crise-des-suppleants-sera-resolue-dans-les-heures-a-venir","status":"publish","type":"post","link":"https:\/\/www.webdo.tn\/fr\/actualite\/national\/ministere-de-l-education-la-crise-des-suppleants-sera-resolue-dans-les-heures-a-venir\/198750\/","title":{"rendered":"Minist\u00e8re de l\u2019Education : la crise des suppl\u00e9ants sera r\u00e9solue dans les heures \u00e0 venir"},"content":{"rendered":"<p>Le directeur g\u00e9n\u00e9ral des programmes et de la Formation continue au minist\u00e8re de l&rsquo;Education nationale, Riadh Boubaker, a affirm\u00e9 que la crise des enseignants suppl\u00e9ants sera r\u00e9solue dans les heures \u00e0 venir.<\/p>\n<p>\t\t\t\t\t\t\t\t\tIl a expliqu\u00e9, au micro de Mosa\u00efque fm, ce jeudi 10 novembre 2022, que beaucoup d&rsquo;enseignants \u00ab ont retir\u00e9 leurs contrats \u00bb, attestant qu&rsquo;il existe \u00ab des indicateurs positifs \u00bb.<\/p>\n<p>Le minist\u00e8re de l&rsquo;Education avait appel\u00e9 les enseignants suppl\u00e9ants \u00e0 accepter les contrats qui leur ont \u00e9t\u00e9 propos\u00e9s et de rejoindre leur poste avant le 10 novembre.<\/p>\n<p>Le secr\u00e9taire g\u00e9n\u00e9ral adjoint de la F\u00e9d\u00e9ration g\u00e9n\u00e9rale de l&rsquo;enseignement de base, Ikbel Azzabi a affirm\u00e9, il y a quelques jours, que le syndicat a rejet\u00e9 les propositions du ministre de l\u2019Education, visant \u00e0 r\u00e9duire la dur\u00e9e du contrat de 4 ans \u00e0 3 ans.<\/p>\n<p>Il est \u00e0 rappeler que cette crise a engendr\u00e9 une rentr\u00e9e scolaire chaotique puisque 500 milles \u00e9l\u00e8ves n\u2019ont pas encore repris le chemin de l\u2019\u00e9cole, selon le syndicat. Le ministre de l&rsquo;\u00e9ducation, Fathy Sellaouti affirme, de son c\u00f4t\u00e9, que leur nombre ne d\u00e9passe pas les 150 mille.<\/p>\n","protected":false},"excerpt":{"rendered":"<p>Le directeur g\u00e9n\u00e9ral des programmes et de la Formation continue au minist\u00e8re de l&rsquo;Education nationale, Riadh Boubaker, a affirm\u00e9 que la crise des enseignants su&#8230;<\/p>\n","protected":false},"author":3196,"featured_media":253296,"comment_status":"open","ping_status":"closed","sticky":false,"template":"","format":"standard","meta":{"footnotes":""},"categories":[44],"tags":[4458,9042,3532],"class_list":["post-198750","post","type-post","status-publish","format-standard","has-post-thumbnail","hentry","category-national","tag-enseignants-suppleants","tag-federation-generale-de-lenseignement-de-base","tag-ministere-de-leducation"],"yoast_head":"<!-- This site is optimized with the Yoast SEO Premium plugin v27.5 (Yoast SEO v27.5) - https:\/\/yoast.com\/product\/yoast-seo-premium-wordpress\/ -->\n<title>Minist\u00e8re de l\u2019Education : la crise des suppl\u00e9ants sera r\u00e9solue dans les heures \u00e0 venir<\/title>\n<meta name=\"description\" content=\"Le directeur g\u00e9n\u00e9ral des programmes et de la Formation continue au minist\u00e8re de l&#039;Education nationale, Riadh Boubaker, a affirm\u00e9 que la crise des enseignants su...\" \/>\n<link rel=\"canonical\" href=\"https:\/\/www.webdo.tn\/fr\/actualite\/national\/ministere-de-l-education-la-crise-des-suppleants-sera-resolue-dans-les-heures-a-venir\/198750\/\" \/>\n<meta property=\"og:locale\" content=\"fr_FR\" \/>\n<meta property=\"og:type\" content=\"article\" \/>\n<meta property=\"og:title\" content=\"Minist\u00e8re de l\u2019Education : la crise des suppl\u00e9ants sera r\u00e9solue dans les heures \u00e0 venir\" \/>\n<meta property=\"og:description\" content=\"Le directeur g\u00e9n\u00e9ral des programmes et de la Formation continue au minist\u00e8re de l&#039;Education nationale, Riadh Boubaker, a affirm\u00e9 que la crise des enseignants su...\" \/>\n<meta property=\"og:url\" content=\"https:\/\/www.webdo.tn\/fr\/actualite\/national\/ministere-de-l-education-la-crise-des-suppleants-sera-resolue-dans-les-heures-a-venir\/198750\/\" \/>\n<meta property=\"og:site_name\" content=\"webdo\" \/>\n<meta property=\"article:publisher\" content=\"https:\/\/www.facebook.com\/webdotn\" \/>\n<meta property=\"article:published_time\" content=\"2022-11-10T11:58:00+00:00\" \/>\n<meta property=\"article:modified_time\" content=\"2025-05-20T23:01:50+00:00\" \/>\n<meta property=\"og:image\" content=\"https:\/\/www.webdo.tn\/fr\/wp-content\/uploads\/2022\/11\/66ae2d0b5eb63830089690ad422ebe65.jpg\" \/>\n\t<meta property=\"og:image:width\" content=\"750\" \/>\n\t<meta property=\"og:image:height\" content=\"400\" \/>\n\t<meta property=\"og:image:type\" content=\"image\/jpeg\" \/>\n<meta name=\"author\" content=\"MK\" \/>\n<meta name=\"twitter:card\" content=\"summary_large_image\" \/>\n<meta name=\"twitter:creator\" content=\"@webdo_tn\" \/>\n<meta name=\"twitter:site\" content=\"@webdo_tn\" \/>\n<meta name=\"twitter:label1\" content=\"\u00c9crit par\" \/>\n\t<meta name=\"twitter:data1\" content=\"MK\" \/>\n\t<meta name=\"twitter:label2\" content=\"Dur\u00e9e de lecture estim\u00e9e\" \/>\n\t<meta name=\"twitter:data2\" content=\"1 minute\" \/>\n<script type=\"application\/ld+json\" class=\"yoast-schema-graph\">{\"@context\":\"https:\\\/\\\/schema.org\",\"@graph\":[{\"@type\":\"NewsArticle\",\"@id\":\"https:\\\/\\\/www.webdo.tn\\\/fr\\\/actualite\\\/national\\\/ministere-de-l-education-la-crise-des-suppleants-sera-resolue-dans-les-heures-a-venir\\\/198750\\\/#article\",\"isPartOf\":{\"@id\":\"https:\\\/\\\/www.webdo.tn\\\/fr\\\/actualite\\\/national\\\/ministere-de-l-education-la-crise-des-suppleants-sera-resolue-dans-les-heures-a-venir\\\/198750\\\/\"},\"author\":{\"name\":\"MK\",\"@id\":\"https:\\\/\\\/www.webdo.tn\\\/fr\\\/#\\\/schema\\\/person\\\/c3a9d32fa6d495ca5f4b6510e3db97bf\"},\"headline\":\"Minist\u00e8re de l\u2019Education : la crise des suppl\u00e9ants sera r\u00e9solue dans les heures \u00e0 venir\",\"datePublished\":\"2022-11-10T11:58:00+00:00\",\"dateModified\":\"2025-05-20T23:01:50+00:00\",\"mainEntityOfPage\":{\"@id\":\"https:\\\/\\\/www.webdo.tn\\\/fr\\\/actualite\\\/national\\\/ministere-de-l-education-la-crise-des-suppleants-sera-resolue-dans-les-heures-a-venir\\\/198750\\\/\"},\"wordCount\":213,\"commentCount\":0,\"publisher\":{\"@id\":\"https:\\\/\\\/www.webdo.tn\\\/fr\\\/#organization\"},\"image\":{\"@id\":\"https:\\\/\\\/www.webdo.tn\\\/fr\\\/actualite\\\/national\\\/ministere-de-l-education-la-crise-des-suppleants-sera-resolue-dans-les-heures-a-venir\\\/198750\\\/#primaryimage\"},\"thumbnailUrl\":\"https:\\\/\\\/www.webdo.tn\\\/fr\\\/wp-content\\\/uploads\\\/2022\\\/11\\\/66ae2d0b5eb63830089690ad422ebe65.jpg\",\"keywords\":[\"enseignants suppl\u00e9ants\",\"F\u00e9d\u00e9ration g\u00e9n\u00e9rale de l'enseignement de base\",\"minist\u00e8re de l'Education\"],\"articleSection\":[\"National\"],\"inLanguage\":\"fr-FR\"},{\"@type\":\"WebPage\",\"@id\":\"https:\\\/\\\/www.webdo.tn\\\/fr\\\/actualite\\\/national\\\/ministere-de-l-education-la-crise-des-suppleants-sera-resolue-dans-les-heures-a-venir\\\/198750\\\/\",\"url\":\"https:\\\/\\\/www.webdo.tn\\\/fr\\\/actualite\\\/national\\\/ministere-de-l-education-la-crise-des-suppleants-sera-resolue-dans-les-heures-a-venir\\\/198750\\\/\",\"name\":\"Minist\u00e8re de l\u2019Education : la crise des suppl\u00e9ants sera r\u00e9solue dans les heures \u00e0 venir\",\"isPartOf\":{\"@id\":\"https:\\\/\\\/www.webdo.tn\\\/fr\\\/#website\"},\"primaryImageOfPage\":{\"@id\":\"https:\\\/\\\/www.webdo.tn\\\/fr\\\/actualite\\\/national\\\/ministere-de-l-education-la-crise-des-suppleants-sera-resolue-dans-les-heures-a-venir\\\/198750\\\/#primaryimage\"},\"image\":{\"@id\":\"https:\\\/\\\/www.webdo.tn\\\/fr\\\/actualite\\\/national\\\/ministere-de-l-education-la-crise-des-suppleants-sera-resolue-dans-les-heures-a-venir\\\/198750\\\/#primaryimage\"},\"thumbnailUrl\":\"https:\\\/\\\/www.webdo.tn\\\/fr\\\/wp-content\\\/uploads\\\/2022\\\/11\\\/66ae2d0b5eb63830089690ad422ebe65.jpg\",\"datePublished\":\"2022-11-10T11:58:00+00:00\",\"dateModified\":\"2025-05-20T23:01:50+00:00\",\"description\":\"Le directeur g\u00e9n\u00e9ral des programmes et de la Formation continue au minist\u00e8re de l'Education nationale, Riadh Boubaker, a affirm\u00e9 que la crise des enseignants su...\",\"breadcrumb\":{\"@id\":\"https:\\\/\\\/www.webdo.tn\\\/fr\\\/actualite\\\/national\\\/ministere-de-l-education-la-crise-des-suppleants-sera-resolue-dans-les-heures-a-venir\\\/198750\\\/#breadcrumb\"},\"inLanguage\":\"fr-FR\",\"potentialAction\":[{\"@type\":\"ReadAction\",\"target\":[\"https:\\\/\\\/www.webdo.tn\\\/fr\\\/actualite\\\/national\\\/ministere-de-l-education-la-crise-des-suppleants-sera-resolue-dans-les-heures-a-venir\\\/198750\\\/\"]}]},{\"@type\":\"ImageObject\",\"inLanguage\":\"fr-FR\",\"@id\":\"https:\\\/\\\/www.webdo.tn\\\/fr\\\/actualite\\\/national\\\/ministere-de-l-education-la-crise-des-suppleants-sera-resolue-dans-les-heures-a-venir\\\/198750\\\/#primaryimage\",\"url\":\"https:\\\/\\\/www.webdo.tn\\\/fr\\\/wp-content\\\/uploads\\\/2022\\\/11\\\/66ae2d0b5eb63830089690ad422ebe65.jpg\",\"contentUrl\":\"https:\\\/\\\/www.webdo.tn\\\/fr\\\/wp-content\\\/uploads\\\/2022\\\/11\\\/66ae2d0b5eb63830089690ad422ebe65.jpg\",\"width\":750,\"height\":400,\"caption\":\"Minist\u00e8re de l\u2019Education : la crise des suppl\u00e9ants sera r\u00e9solue dans les heures \u00e0 venir\"},{\"@type\":\"BreadcrumbList\",\"@id\":\"https:\\\/\\\/www.webdo.tn\\\/fr\\\/actualite\\\/national\\\/ministere-de-l-education-la-crise-des-suppleants-sera-resolue-dans-les-heures-a-venir\\\/198750\\\/#breadcrumb\",\"itemListElement\":[{\"@type\":\"ListItem\",\"position\":1,\"name\":\"Accueil\",\"item\":\"https:\\\/\\\/www.webdo.tn\\\/fr\\\/\"},{\"@type\":\"ListItem\",\"position\":2,\"name\":\"Minist\u00e8re de l\u2019Education : la crise des suppl\u00e9ants sera r\u00e9solue dans les heures \u00e0 venir\"}]},{\"@type\":\"WebSite\",\"@id\":\"https:\\\/\\\/www.webdo.tn\\\/fr\\\/#website\",\"url\":\"https:\\\/\\\/www.webdo.tn\\\/fr\\\/\",\"name\":\"webdo\",\"description\":\"Tunisie - News en Tunisie et \u00e0 l&#039;international sur Webdo.tn\",\"publisher\":{\"@id\":\"https:\\\/\\\/www.webdo.tn\\\/fr\\\/#organization\"},\"potentialAction\":[{\"@type\":\"SearchAction\",\"target\":{\"@type\":\"EntryPoint\",\"urlTemplate\":\"https:\\\/\\\/www.webdo.tn\\\/fr\\\/?s={search_term_string}\"},\"query-input\":{\"@type\":\"PropertyValueSpecification\",\"valueRequired\":true,\"valueName\":\"search_term_string\"}}],\"inLanguage\":\"fr-FR\"},{\"@type\":\"Organization\",\"@id\":\"https:\\\/\\\/www.webdo.tn\\\/fr\\\/#organization\",\"name\":\"Webdo\",\"alternateName\":\"Webdo.tn\",\"url\":\"https:\\\/\\\/www.webdo.tn\\\/fr\\\/\",\"logo\":{\"@type\":\"ImageObject\",\"inLanguage\":\"fr-FR\",\"@id\":\"https:\\\/\\\/www.webdo.tn\\\/fr\\\/#\\\/schema\\\/logo\\\/image\\\/\",\"url\":\"https:\\\/\\\/www.webdo.tn\\\/fr\\\/wp-content\\\/uploads\\\/2025\\\/06\\\/Webdo-Tunisie_168377.jpg\",\"contentUrl\":\"https:\\\/\\\/www.webdo.tn\\\/fr\\\/wp-content\\\/uploads\\\/2025\\\/06\\\/Webdo-Tunisie_168377.jpg\",\"width\":301,\"height\":301,\"caption\":\"Webdo\"},\"image\":{\"@id\":\"https:\\\/\\\/www.webdo.tn\\\/fr\\\/#\\\/schema\\\/logo\\\/image\\\/\"},\"sameAs\":[\"https:\\\/\\\/www.facebook.com\\\/webdotn\",\"https:\\\/\\\/x.com\\\/webdo_tn\"],\"description\":\"Webdo est un m\u00e9dia num\u00e9rique tunisien fond\u00e9 en 2010, sp\u00e9cialis\u00e9 dans l\u2019actualit\u00e9 nationale et internationale, l\u2019\u00e9conomie, la soci\u00e9t\u00e9 et les analyses politiques. Le site s\u2019adresse \u00e0 un large public francophone et couvre l\u2019information tunisienne en temps r\u00e9el.\",\"email\":\"redac@webdo.tn\",\"legalName\":\"YNJ SARL\",\"foundingDate\":\"2010-09-06\",\"numberOfEmployees\":{\"@type\":\"QuantitativeValue\",\"minValue\":\"11\",\"maxValue\":\"50\"}},{\"@type\":\"Person\",\"@id\":\"https:\\\/\\\/www.webdo.tn\\\/fr\\\/#\\\/schema\\\/person\\\/c3a9d32fa6d495ca5f4b6510e3db97bf\",\"name\":\"MK\",\"image\":{\"@type\":\"ImageObject\",\"inLanguage\":\"fr-FR\",\"@id\":\"https:\\\/\\\/secure.gravatar.com\\\/avatar\\\/6d44f937f19929f3b75db77056d3e08abd6e302e71bcfea340cd8b00c13e7baf?s=96&d=mm&r=g\",\"url\":\"https:\\\/\\\/secure.gravatar.com\\\/avatar\\\/6d44f937f19929f3b75db77056d3e08abd6e302e71bcfea340cd8b00c13e7baf?s=96&d=mm&r=g\",\"contentUrl\":\"https:\\\/\\\/secure.gravatar.com\\\/avatar\\\/6d44f937f19929f3b75db77056d3e08abd6e302e71bcfea340cd8b00c13e7baf?s=96&d=mm&r=g\",\"caption\":\"MK\"},\"url\":\"https:\\\/\\\/www.webdo.tn\\\/fr\\\/actualite\\\/author\\\/mk\\\/\"}]}<\/script>\n<!-- \/ Yoast SEO Premium plugin. -->","yoast_head_json":{"title":"Minist\u00e8re de l\u2019Education : la crise des suppl\u00e9ants sera r\u00e9solue dans les heures \u00e0 venir","description":"Le directeur g\u00e9n\u00e9ral des programmes et de la Formation continue au minist\u00e8re de l'Education nationale, Riadh Boubaker, a affirm\u00e9 que la crise des enseignants su...","canonical":"https:\/\/www.webdo.tn\/fr\/actualite\/national\/ministere-de-l-education-la-crise-des-suppleants-sera-resolue-dans-les-heures-a-venir\/198750\/","og_locale":"fr_FR","og_type":"article","og_title":"Minist\u00e8re de l\u2019Education : la crise des suppl\u00e9ants sera r\u00e9solue dans les heures \u00e0 venir","og_description":"Le directeur g\u00e9n\u00e9ral des programmes et de la Formation continue au minist\u00e8re de l'Education nationale, Riadh Boubaker, a affirm\u00e9 que la crise des enseignants su...","og_url":"https:\/\/www.webdo.tn\/fr\/actualite\/national\/ministere-de-l-education-la-crise-des-suppleants-sera-resolue-dans-les-heures-a-venir\/198750\/","og_site_name":"webdo","article_publisher":"https:\/\/www.facebook.com\/webdotn","article_published_time":"2022-11-10T11:58:00+00:00","article_modified_time":"2025-05-20T23:01:50+00:00","og_image":[{"width":750,"height":400,"url":"https:\/\/www.webdo.tn\/fr\/wp-content\/uploads\/2022\/11\/66ae2d0b5eb63830089690ad422ebe65.jpg","type":"image\/jpeg"}],"author":"MK","twitter_card":"summary_large_image","twitter_creator":"@webdo_tn","twitter_site":"@webdo_tn","twitter_misc":{"\u00c9crit par":"MK","Dur\u00e9e de lecture estim\u00e9e":"1 minute"},"schema":{"@context":"https:\/\/schema.org","@graph":[{"@type":"NewsArticle","@id":"https:\/\/www.webdo.tn\/fr\/actualite\/national\/ministere-de-l-education-la-crise-des-suppleants-sera-resolue-dans-les-heures-a-venir\/198750\/#article","isPartOf":{"@id":"https:\/\/www.webdo.tn\/fr\/actualite\/national\/ministere-de-l-education-la-crise-des-suppleants-sera-resolue-dans-les-heures-a-venir\/198750\/"},"author":{"name":"MK","@id":"https:\/\/www.webdo.tn\/fr\/#\/schema\/person\/c3a9d32fa6d495ca5f4b6510e3db97bf"},"headline":"Minist\u00e8re de l\u2019Education : la crise des suppl\u00e9ants sera r\u00e9solue dans les heures \u00e0 venir","datePublished":"2022-11-10T11:58:00+00:00","dateModified":"2025-05-20T23:01:50+00:00","mainEntityOfPage":{"@id":"https:\/\/www.webdo.tn\/fr\/actualite\/national\/ministere-de-l-education-la-crise-des-suppleants-sera-resolue-dans-les-heures-a-venir\/198750\/"},"wordCount":213,"commentCount":0,"publisher":{"@id":"https:\/\/www.webdo.tn\/fr\/#organization"},"image":{"@id":"https:\/\/www.webdo.tn\/fr\/actualite\/national\/ministere-de-l-education-la-crise-des-suppleants-sera-resolue-dans-les-heures-a-venir\/198750\/#primaryimage"},"thumbnailUrl":"https:\/\/www.webdo.tn\/fr\/wp-content\/uploads\/2022\/11\/66ae2d0b5eb63830089690ad422ebe65.jpg","keywords":["enseignants suppl\u00e9ants","F\u00e9d\u00e9ration g\u00e9n\u00e9rale de l'enseignement de base","minist\u00e8re de l'Education"],"articleSection":["National"],"inLanguage":"fr-FR"},{"@type":"WebPage","@id":"https:\/\/www.webdo.tn\/fr\/actualite\/national\/ministere-de-l-education-la-crise-des-suppleants-sera-resolue-dans-les-heures-a-venir\/198750\/","url":"https:\/\/www.webdo.tn\/fr\/actualite\/national\/ministere-de-l-education-la-crise-des-suppleants-sera-resolue-dans-les-heures-a-venir\/198750\/","name":"Minist\u00e8re de l\u2019Education : la crise des suppl\u00e9ants sera r\u00e9solue dans les heures \u00e0 venir","isPartOf":{"@id":"https:\/\/www.webdo.tn\/fr\/#website"},"primaryImageOfPage":{"@id":"https:\/\/www.webdo.tn\/fr\/actualite\/national\/ministere-de-l-education-la-crise-des-suppleants-sera-resolue-dans-les-heures-a-venir\/198750\/#primaryimage"},"image":{"@id":"https:\/\/www.webdo.tn\/fr\/actualite\/national\/ministere-de-l-education-la-crise-des-suppleants-sera-resolue-dans-les-heures-a-venir\/198750\/#primaryimage"},"thumbnailUrl":"https:\/\/www.webdo.tn\/fr\/wp-content\/uploads\/2022\/11\/66ae2d0b5eb63830089690ad422ebe65.jpg","datePublished":"2022-11-10T11:58:00+00:00","dateModified":"2025-05-20T23:01:50+00:00","description":"Le directeur g\u00e9n\u00e9ral des programmes et de la Formation continue au minist\u00e8re de l'Education nationale, Riadh Boubaker, a affirm\u00e9 que la crise des enseignants su...","breadcrumb":{"@id":"https:\/\/www.webdo.tn\/fr\/actualite\/national\/ministere-de-l-education-la-crise-des-suppleants-sera-resolue-dans-les-heures-a-venir\/198750\/#breadcrumb"},"inLanguage":"fr-FR","potentialAction":[{"@type":"ReadAction","target":["https:\/\/www.webdo.tn\/fr\/actualite\/national\/ministere-de-l-education-la-crise-des-suppleants-sera-resolue-dans-les-heures-a-venir\/198750\/"]}]},{"@type":"ImageObject","inLanguage":"fr-FR","@id":"https:\/\/www.webdo.tn\/fr\/actualite\/national\/ministere-de-l-education-la-crise-des-suppleants-sera-resolue-dans-les-heures-a-venir\/198750\/#primaryimage","url":"https:\/\/www.webdo.tn\/fr\/wp-content\/uploads\/2022\/11\/66ae2d0b5eb63830089690ad422ebe65.jpg","contentUrl":"https:\/\/www.webdo.tn\/fr\/wp-content\/uploads\/2022\/11\/66ae2d0b5eb63830089690ad422ebe65.jpg","width":750,"height":400,"caption":"Minist\u00e8re de l\u2019Education : la crise des suppl\u00e9ants sera r\u00e9solue dans les heures \u00e0 venir"},{"@type":"BreadcrumbList","@id":"https:\/\/www.webdo.tn\/fr\/actualite\/national\/ministere-de-l-education-la-crise-des-suppleants-sera-resolue-dans-les-heures-a-venir\/198750\/#breadcrumb","itemListElement":[{"@type":"ListItem","position":1,"name":"Accueil","item":"https:\/\/www.webdo.tn\/fr\/"},{"@type":"ListItem","position":2,"name":"Minist\u00e8re de l\u2019Education : la crise des suppl\u00e9ants sera r\u00e9solue dans les heures \u00e0 venir"}]},{"@type":"WebSite","@id":"https:\/\/www.webdo.tn\/fr\/#website","url":"https:\/\/www.webdo.tn\/fr\/","name":"webdo","description":"Tunisie - News en Tunisie et \u00e0 l&#039;international sur Webdo.tn","publisher":{"@id":"https:\/\/www.webdo.tn\/fr\/#organization"},"potentialAction":[{"@type":"SearchAction","target":{"@type":"EntryPoint","urlTemplate":"https:\/\/www.webdo.tn\/fr\/?s={search_term_string}"},"query-input":{"@type":"PropertyValueSpecification","valueRequired":true,"valueName":"search_term_string"}}],"inLanguage":"fr-FR"},{"@type":"Organization","@id":"https:\/\/www.webdo.tn\/fr\/#organization","name":"Webdo","alternateName":"Webdo.tn","url":"https:\/\/www.webdo.tn\/fr\/","logo":{"@type":"ImageObject","inLanguage":"fr-FR","@id":"https:\/\/www.webdo.tn\/fr\/#\/schema\/logo\/image\/","url":"https:\/\/www.webdo.tn\/fr\/wp-content\/uploads\/2025\/06\/Webdo-Tunisie_168377.jpg","contentUrl":"https:\/\/www.webdo.tn\/fr\/wp-content\/uploads\/2025\/06\/Webdo-Tunisie_168377.jpg","width":301,"height":301,"caption":"Webdo"},"image":{"@id":"https:\/\/www.webdo.tn\/fr\/#\/schema\/logo\/image\/"},"sameAs":["https:\/\/www.facebook.com\/webdotn","https:\/\/x.com\/webdo_tn"],"description":"Webdo est un m\u00e9dia num\u00e9rique tunisien fond\u00e9 en 2010, sp\u00e9cialis\u00e9 dans l\u2019actualit\u00e9 nationale et internationale, l\u2019\u00e9conomie, la soci\u00e9t\u00e9 et les analyses politiques. Le site s\u2019adresse \u00e0 un large public francophone et couvre l\u2019information tunisienne en temps r\u00e9el.","email":"redac@webdo.tn","legalName":"YNJ SARL","foundingDate":"2010-09-06","numberOfEmployees":{"@type":"QuantitativeValue","minValue":"11","maxValue":"50"}},{"@type":"Person","@id":"https:\/\/www.webdo.tn\/fr\/#\/schema\/person\/c3a9d32fa6d495ca5f4b6510e3db97bf","name":"MK","image":{"@type":"ImageObject","inLanguage":"fr-FR","@id":"https:\/\/secure.gravatar.com\/avatar\/6d44f937f19929f3b75db77056d3e08abd6e302e71bcfea340cd8b00c13e7baf?s=96&d=mm&r=g","url":"https:\/\/secure.gravatar.com\/avatar\/6d44f937f19929f3b75db77056d3e08abd6e302e71bcfea340cd8b00c13e7baf?s=96&d=mm&r=g","contentUrl":"https:\/\/secure.gravatar.com\/avatar\/6d44f937f19929f3b75db77056d3e08abd6e302e71bcfea340cd8b00c13e7baf?s=96&d=mm&r=g","caption":"MK"},"url":"https:\/\/www.webdo.tn\/fr\/actualite\/author\/mk\/"}]}},"_links":{"self":[{"href":"https:\/\/www.webdo.tn\/fr\/wp-json\/wp\/v2\/posts\/198750","targetHints":{"allow":["GET"]}}],"collection":[{"href":"https:\/\/www.webdo.tn\/fr\/wp-json\/wp\/v2\/posts"}],"about":[{"href":"https:\/\/www.webdo.tn\/fr\/wp-json\/wp\/v2\/types\/post"}],"author":[{"embeddable":true,"href":"https:\/\/www.webdo.tn\/fr\/wp-json\/wp\/v2\/users\/3196"}],"replies":[{"embeddable":true,"href":"https:\/\/www.webdo.tn\/fr\/wp-json\/wp\/v2\/comments?post=198750"}],"version-history":[{"count":0,"href":"https:\/\/www.webdo.tn\/fr\/wp-json\/wp\/v2\/posts\/198750\/revisions"}],"wp:featuredmedia":[{"embeddable":true,"href":"https:\/\/www.webdo.tn\/fr\/wp-json\/wp\/v2\/media\/253296"}],"wp:attachment":[{"href":"https:\/\/www.webdo.tn\/fr\/wp-json\/wp\/v2\/media?parent=198750"}],"wp:term":[{"taxonomy":"category","embeddable":true,"href":"https:\/\/www.webdo.tn\/fr\/wp-json\/wp\/v2\/categories?post=198750"},{"taxonomy":"post_tag","embeddable":true,"href":"https:\/\/www.webdo.tn\/fr\/wp-json\/wp\/v2\/tags?post=198750"}],"curies":[{"name":"wp","href":"https:\/\/api.w.org\/{rel}","templated":true}]}}