{"id":198711,"date":"2022-11-09T15:08:00","date_gmt":"2022-11-09T15:08:00","guid":{"rendered":"https:\/\/www.webdo.tn\/fr\/actualite\/blog\/la-tunisie-va-importer-250-mille-tonnes-de-ble-de-france\/198711\/"},"modified":"2025-05-22T11:45:06","modified_gmt":"2025-05-22T11:45:06","slug":"la-tunisie-va-importer-250-mille-tonnes-de-ble-de-france","status":"publish","type":"post","link":"https:\/\/www.webdo.tn\/fr\/actualite\/national\/la-tunisie-va-importer-250-mille-tonnes-de-ble-de-france\/198711\/","title":{"rendered":"La Tunisie va importer 250 mille tonnes de bl\u00e9 de France"},"content":{"rendered":"<p>\u00ab\u00a0La Tunisie va importer 250 mille tonnes de bl\u00e9 de France, pour la campagne 2022-2023\u00a0\u00bb. C&rsquo;est ce qu&rsquo;a r\u00e9v\u00e9l\u00e9, ce mercredi 9 novembre, Yann Lebeau, chef de mission Maghreb-Afrique de l&rsquo;Association \u00ab\u00a0Intercer\u00e9ales France\u00a0\u00bb, .<\/p>\n<p> C&rsquo;est \u00e0 l&rsquo;occasion de la tenue, aujourd&rsquo;huii, \u00e0 Tunis, \u00ab\u00a0des rencontres 2022 franco-Tunisiennes des c\u00e9r\u00e9ales\u00a0\u00bb, que le responsable a confirm\u00e9 cette information.<\/p>\n<p>Il a rappel\u00e9 que la Tunisie importe 15 \u00e0 25% de ses besoins en bl\u00e9 tendre de France, 5\u00e8me producteur mondial et 4\u00e8me exportateur de bl\u00e9 tendre.<\/p>\n<p>Il a rappel\u00e9 qu&rsquo;en 2021-2022, la France n&rsquo;a pas export\u00e9 de bl\u00e9 \u00e0 la Tunisie, en raison des faibles r\u00e9coltes enregistr\u00e9es en France.<\/p>\n<p>Il a \u00e9galement rappel\u00e9 que la Tunisie importe chaque ann\u00e9e de France 1,1 million de tonnes de bl\u00e9 tendre, environ 500 mille \u00e0 600 mille tonnes de bl\u00e9 dur, 800 mille tonnes d&rsquo;orge et 1 million tonnes de ma\u00efs.<\/p>\n<p>Dans le cadre de cet \u00ab\u00a0achat\u00a0\u00bb, un protocole d&rsquo;accord de coop\u00e9ration technique entre l&rsquo;association fran\u00e7aise, l&rsquo;office tunisien des c\u00e9r\u00e9ales et FranceAgriMer (Etablissement national des produits de l&rsquo;agriculture et de la mer) a \u00e9t\u00e9, sign\u00e9, lors de cette rencontre.<\/p>\n<p>Cet accord qui s&rsquo;\u00e9tale sur une p\u00e9riode de 3 ans, a pour objectifs d&rsquo;harmoniser les m\u00e9thodes de contr\u00f4le qualit\u00e9 des c\u00e9r\u00e9ales et d&rsquo;assurer des formations sur les m\u00e9thodes de stockage et de conservation des c\u00e9r\u00e9ales.<\/p>\n","protected":false},"excerpt":{"rendered":"<p> La Tunisie va importer 250 mille tonnes de bl\u00e9 de France, pour la campagne 2022-2023 . C&rsquo;est ce qu&rsquo;a r\u00e9v\u00e9l\u00e9, ce mercredi 9 novembre, Yann Lebeau, chef de missi&#8230;<\/p>\n","protected":false},"author":3162,"featured_media":348635,"comment_status":"open","ping_status":"closed","sticky":false,"template":"","format":"standard","meta":{"footnotes":""},"categories":[44],"tags":[3627,2998,3598,2608],"class_list":["post-198711","post","type-post","status-publish","format-standard","has-post-thumbnail","hentry","category-national","tag-ble","tag-france","tag-importation","tag-tunisie"],"yoast_head":"<!-- This site is optimized with the Yoast SEO Premium plugin v27.5 (Yoast SEO v27.5) - https:\/\/yoast.com\/product\/yoast-seo-premium-wordpress\/ -->\n<title>La Tunisie va importer 250 mille tonnes de bl\u00e9 de France<\/title>\n<meta name=\"description\" content=\"La Tunisie va importer 250 mille tonnes de bl\u00e9 de France, pour la campagne 2022-2023 . C&#039;est ce qu&#039;a r\u00e9v\u00e9l\u00e9, ce mercredi 9 novembre, Yann Lebeau, chef de missi...\" \/>\n<link rel=\"canonical\" href=\"https:\/\/www.webdo.tn\/fr\/actualite\/national-45\/la-tunisie-va-importer-250-mille-tonnes-de-ble-de-france\/198711\/\" \/>\n<meta property=\"og:locale\" content=\"fr_FR\" \/>\n<meta property=\"og:type\" content=\"article\" \/>\n<meta property=\"og:title\" content=\"La Tunisie va importer 250 mille tonnes de bl\u00e9 de France\" \/>\n<meta property=\"og:description\" content=\"La Tunisie va importer 250 mille tonnes de bl\u00e9 de France, pour la campagne 2022-2023 . C&#039;est ce qu&#039;a r\u00e9v\u00e9l\u00e9, ce mercredi 9 novembre, Yann Lebeau, chef de missi...\" \/>\n<meta property=\"og:url\" content=\"https:\/\/www.webdo.tn\/fr\/actualite\/national-45\/la-tunisie-va-importer-250-mille-tonnes-de-ble-de-france\/198711\/\" \/>\n<meta property=\"og:site_name\" content=\"webdo\" \/>\n<meta property=\"article:publisher\" content=\"https:\/\/www.facebook.com\/webdotn\" \/>\n<meta property=\"article:published_time\" content=\"2022-11-09T15:08:00+00:00\" \/>\n<meta property=\"article:modified_time\" content=\"2025-05-22T11:45:06+00:00\" \/>\n<meta property=\"og:image\" content=\"https:\/\/www.webdo.tn\/fr\/wp-content\/uploads\/2022\/11\/c8d67806340595b01b5a830a311b7851.jpg\" \/>\n\t<meta property=\"og:image:width\" content=\"679\" \/>\n\t<meta property=\"og:image:height\" content=\"362\" \/>\n\t<meta property=\"og:image:type\" content=\"image\/jpeg\" \/>\n<meta name=\"author\" content=\"MC\" \/>\n<meta name=\"twitter:card\" content=\"summary_large_image\" \/>\n<meta name=\"twitter:creator\" content=\"@webdo_tn\" \/>\n<meta name=\"twitter:site\" content=\"@webdo_tn\" \/>\n<meta name=\"twitter:label1\" content=\"\u00c9crit par\" \/>\n\t<meta name=\"twitter:data1\" content=\"MC\" \/>\n\t<meta name=\"twitter:label2\" content=\"Dur\u00e9e de lecture estim\u00e9e\" \/>\n\t<meta name=\"twitter:data2\" content=\"1 minute\" \/>\n<script type=\"application\/ld+json\" class=\"yoast-schema-graph\">{\"@context\":\"https:\\\/\\\/schema.org\",\"@graph\":[{\"@type\":\"NewsArticle\",\"@id\":\"https:\\\/\\\/www.webdo.tn\\\/fr\\\/actualite\\\/national-45\\\/la-tunisie-va-importer-250-mille-tonnes-de-ble-de-france\\\/198711\\\/#article\",\"isPartOf\":{\"@id\":\"https:\\\/\\\/www.webdo.tn\\\/fr\\\/actualite\\\/national-45\\\/la-tunisie-va-importer-250-mille-tonnes-de-ble-de-france\\\/198711\\\/\"},\"author\":{\"name\":\"MC\",\"@id\":\"https:\\\/\\\/www.webdo.tn\\\/fr\\\/#\\\/schema\\\/person\\\/2c4929cbf5a809e3bd38617c6ce150f6\"},\"headline\":\"La Tunisie va importer 250 mille tonnes de bl\u00e9 de France\",\"datePublished\":\"2022-11-09T15:08:00+00:00\",\"dateModified\":\"2025-05-22T11:45:06+00:00\",\"mainEntityOfPage\":{\"@id\":\"https:\\\/\\\/www.webdo.tn\\\/fr\\\/actualite\\\/national-45\\\/la-tunisie-va-importer-250-mille-tonnes-de-ble-de-france\\\/198711\\\/\"},\"wordCount\":248,\"commentCount\":0,\"publisher\":{\"@id\":\"https:\\\/\\\/www.webdo.tn\\\/fr\\\/#organization\"},\"image\":{\"@id\":\"https:\\\/\\\/www.webdo.tn\\\/fr\\\/actualite\\\/national-45\\\/la-tunisie-va-importer-250-mille-tonnes-de-ble-de-france\\\/198711\\\/#primaryimage\"},\"thumbnailUrl\":\"https:\\\/\\\/www.webdo.tn\\\/fr\\\/wp-content\\\/uploads\\\/2022\\\/11\\\/c8d67806340595b01b5a830a311b7851.jpg\",\"keywords\":[\"bl\u00e9\",\"france\",\"importation\",\"Tunisie\"],\"articleSection\":[\"National\"],\"inLanguage\":\"fr-FR\"},{\"@type\":\"WebPage\",\"@id\":\"https:\\\/\\\/www.webdo.tn\\\/fr\\\/actualite\\\/national-45\\\/la-tunisie-va-importer-250-mille-tonnes-de-ble-de-france\\\/198711\\\/\",\"url\":\"https:\\\/\\\/www.webdo.tn\\\/fr\\\/actualite\\\/national-45\\\/la-tunisie-va-importer-250-mille-tonnes-de-ble-de-france\\\/198711\\\/\",\"name\":\"La Tunisie va importer 250 mille tonnes de bl\u00e9 de France\",\"isPartOf\":{\"@id\":\"https:\\\/\\\/www.webdo.tn\\\/fr\\\/#website\"},\"primaryImageOfPage\":{\"@id\":\"https:\\\/\\\/www.webdo.tn\\\/fr\\\/actualite\\\/national-45\\\/la-tunisie-va-importer-250-mille-tonnes-de-ble-de-france\\\/198711\\\/#primaryimage\"},\"image\":{\"@id\":\"https:\\\/\\\/www.webdo.tn\\\/fr\\\/actualite\\\/national-45\\\/la-tunisie-va-importer-250-mille-tonnes-de-ble-de-france\\\/198711\\\/#primaryimage\"},\"thumbnailUrl\":\"https:\\\/\\\/www.webdo.tn\\\/fr\\\/wp-content\\\/uploads\\\/2022\\\/11\\\/c8d67806340595b01b5a830a311b7851.jpg\",\"datePublished\":\"2022-11-09T15:08:00+00:00\",\"dateModified\":\"2025-05-22T11:45:06+00:00\",\"description\":\"La Tunisie va importer 250 mille tonnes de bl\u00e9 de France, pour la campagne 2022-2023 . C'est ce qu'a r\u00e9v\u00e9l\u00e9, ce mercredi 9 novembre, Yann Lebeau, chef de missi...\",\"breadcrumb\":{\"@id\":\"https:\\\/\\\/www.webdo.tn\\\/fr\\\/actualite\\\/national-45\\\/la-tunisie-va-importer-250-mille-tonnes-de-ble-de-france\\\/198711\\\/#breadcrumb\"},\"inLanguage\":\"fr-FR\",\"potentialAction\":[{\"@type\":\"ReadAction\",\"target\":[\"https:\\\/\\\/www.webdo.tn\\\/fr\\\/actualite\\\/national-45\\\/la-tunisie-va-importer-250-mille-tonnes-de-ble-de-france\\\/198711\\\/\"]}]},{\"@type\":\"ImageObject\",\"inLanguage\":\"fr-FR\",\"@id\":\"https:\\\/\\\/www.webdo.tn\\\/fr\\\/actualite\\\/national-45\\\/la-tunisie-va-importer-250-mille-tonnes-de-ble-de-france\\\/198711\\\/#primaryimage\",\"url\":\"https:\\\/\\\/www.webdo.tn\\\/fr\\\/wp-content\\\/uploads\\\/2022\\\/11\\\/c8d67806340595b01b5a830a311b7851.jpg\",\"contentUrl\":\"https:\\\/\\\/www.webdo.tn\\\/fr\\\/wp-content\\\/uploads\\\/2022\\\/11\\\/c8d67806340595b01b5a830a311b7851.jpg\",\"width\":679,\"height\":362,\"caption\":\"Importation de 250 mille tonnes de bl\u00e9\"},{\"@type\":\"BreadcrumbList\",\"@id\":\"https:\\\/\\\/www.webdo.tn\\\/fr\\\/actualite\\\/national-45\\\/la-tunisie-va-importer-250-mille-tonnes-de-ble-de-france\\\/198711\\\/#breadcrumb\",\"itemListElement\":[{\"@type\":\"ListItem\",\"position\":1,\"name\":\"Accueil\",\"item\":\"https:\\\/\\\/www.webdo.tn\\\/fr\\\/\"},{\"@type\":\"ListItem\",\"position\":2,\"name\":\"La Tunisie va importer 250 mille tonnes de bl\u00e9 de France\"}]},{\"@type\":\"WebSite\",\"@id\":\"https:\\\/\\\/www.webdo.tn\\\/fr\\\/#website\",\"url\":\"https:\\\/\\\/www.webdo.tn\\\/fr\\\/\",\"name\":\"webdo\",\"description\":\"Tunisie - News en Tunisie et \u00e0 l&#039;international sur Webdo.tn\",\"publisher\":{\"@id\":\"https:\\\/\\\/www.webdo.tn\\\/fr\\\/#organization\"},\"potentialAction\":[{\"@type\":\"SearchAction\",\"target\":{\"@type\":\"EntryPoint\",\"urlTemplate\":\"https:\\\/\\\/www.webdo.tn\\\/fr\\\/?s={search_term_string}\"},\"query-input\":{\"@type\":\"PropertyValueSpecification\",\"valueRequired\":true,\"valueName\":\"search_term_string\"}}],\"inLanguage\":\"fr-FR\"},{\"@type\":\"Organization\",\"@id\":\"https:\\\/\\\/www.webdo.tn\\\/fr\\\/#organization\",\"name\":\"Webdo\",\"alternateName\":\"Webdo.tn\",\"url\":\"https:\\\/\\\/www.webdo.tn\\\/fr\\\/\",\"logo\":{\"@type\":\"ImageObject\",\"inLanguage\":\"fr-FR\",\"@id\":\"https:\\\/\\\/www.webdo.tn\\\/fr\\\/#\\\/schema\\\/logo\\\/image\\\/\",\"url\":\"https:\\\/\\\/www.webdo.tn\\\/fr\\\/wp-content\\\/uploads\\\/2025\\\/06\\\/Webdo-Tunisie_168377.jpg\",\"contentUrl\":\"https:\\\/\\\/www.webdo.tn\\\/fr\\\/wp-content\\\/uploads\\\/2025\\\/06\\\/Webdo-Tunisie_168377.jpg\",\"width\":301,\"height\":301,\"caption\":\"Webdo\"},\"image\":{\"@id\":\"https:\\\/\\\/www.webdo.tn\\\/fr\\\/#\\\/schema\\\/logo\\\/image\\\/\"},\"sameAs\":[\"https:\\\/\\\/www.facebook.com\\\/webdotn\",\"https:\\\/\\\/x.com\\\/webdo_tn\"],\"description\":\"Webdo est un m\u00e9dia num\u00e9rique tunisien fond\u00e9 en 2010, sp\u00e9cialis\u00e9 dans l\u2019actualit\u00e9 nationale et internationale, l\u2019\u00e9conomie, la soci\u00e9t\u00e9 et les analyses politiques. Le site s\u2019adresse \u00e0 un large public francophone et couvre l\u2019information tunisienne en temps r\u00e9el.\",\"email\":\"redac@webdo.tn\",\"legalName\":\"YNJ SARL\",\"foundingDate\":\"2010-09-06\",\"numberOfEmployees\":{\"@type\":\"QuantitativeValue\",\"minValue\":\"11\",\"maxValue\":\"50\"}},{\"@type\":\"Person\",\"@id\":\"https:\\\/\\\/www.webdo.tn\\\/fr\\\/#\\\/schema\\\/person\\\/2c4929cbf5a809e3bd38617c6ce150f6\",\"name\":\"MC\",\"image\":{\"@type\":\"ImageObject\",\"inLanguage\":\"fr-FR\",\"@id\":\"https:\\\/\\\/secure.gravatar.com\\\/avatar\\\/a545bbb6f84efdd5553dbbc2895e3ca8f1d12c5215e00a041c9670b54aa9b18a?s=96&d=mm&r=g\",\"url\":\"https:\\\/\\\/secure.gravatar.com\\\/avatar\\\/a545bbb6f84efdd5553dbbc2895e3ca8f1d12c5215e00a041c9670b54aa9b18a?s=96&d=mm&r=g\",\"contentUrl\":\"https:\\\/\\\/secure.gravatar.com\\\/avatar\\\/a545bbb6f84efdd5553dbbc2895e3ca8f1d12c5215e00a041c9670b54aa9b18a?s=96&d=mm&r=g\",\"caption\":\"MC\"},\"url\":\"https:\\\/\\\/www.webdo.tn\\\/fr\\\/actualite\\\/author\\\/mc\\\/\"}]}<\/script>\n<!-- \/ Yoast SEO Premium plugin. -->","yoast_head_json":{"title":"La Tunisie va importer 250 mille tonnes de bl\u00e9 de France","description":"La Tunisie va importer 250 mille tonnes de bl\u00e9 de France, pour la campagne 2022-2023 . C'est ce qu'a r\u00e9v\u00e9l\u00e9, ce mercredi 9 novembre, Yann Lebeau, chef de missi...","canonical":"https:\/\/www.webdo.tn\/fr\/actualite\/national-45\/la-tunisie-va-importer-250-mille-tonnes-de-ble-de-france\/198711\/","og_locale":"fr_FR","og_type":"article","og_title":"La Tunisie va importer 250 mille tonnes de bl\u00e9 de France","og_description":"La Tunisie va importer 250 mille tonnes de bl\u00e9 de France, pour la campagne 2022-2023 . C'est ce qu'a r\u00e9v\u00e9l\u00e9, ce mercredi 9 novembre, Yann Lebeau, chef de missi...","og_url":"https:\/\/www.webdo.tn\/fr\/actualite\/national-45\/la-tunisie-va-importer-250-mille-tonnes-de-ble-de-france\/198711\/","og_site_name":"webdo","article_publisher":"https:\/\/www.facebook.com\/webdotn","article_published_time":"2022-11-09T15:08:00+00:00","article_modified_time":"2025-05-22T11:45:06+00:00","og_image":[{"width":679,"height":362,"url":"https:\/\/www.webdo.tn\/fr\/wp-content\/uploads\/2022\/11\/c8d67806340595b01b5a830a311b7851.jpg","type":"image\/jpeg"}],"author":"MC","twitter_card":"summary_large_image","twitter_creator":"@webdo_tn","twitter_site":"@webdo_tn","twitter_misc":{"\u00c9crit par":"MC","Dur\u00e9e de lecture estim\u00e9e":"1 minute"},"schema":{"@context":"https:\/\/schema.org","@graph":[{"@type":"NewsArticle","@id":"https:\/\/www.webdo.tn\/fr\/actualite\/national-45\/la-tunisie-va-importer-250-mille-tonnes-de-ble-de-france\/198711\/#article","isPartOf":{"@id":"https:\/\/www.webdo.tn\/fr\/actualite\/national-45\/la-tunisie-va-importer-250-mille-tonnes-de-ble-de-france\/198711\/"},"author":{"name":"MC","@id":"https:\/\/www.webdo.tn\/fr\/#\/schema\/person\/2c4929cbf5a809e3bd38617c6ce150f6"},"headline":"La Tunisie va importer 250 mille tonnes de bl\u00e9 de France","datePublished":"2022-11-09T15:08:00+00:00","dateModified":"2025-05-22T11:45:06+00:00","mainEntityOfPage":{"@id":"https:\/\/www.webdo.tn\/fr\/actualite\/national-45\/la-tunisie-va-importer-250-mille-tonnes-de-ble-de-france\/198711\/"},"wordCount":248,"commentCount":0,"publisher":{"@id":"https:\/\/www.webdo.tn\/fr\/#organization"},"image":{"@id":"https:\/\/www.webdo.tn\/fr\/actualite\/national-45\/la-tunisie-va-importer-250-mille-tonnes-de-ble-de-france\/198711\/#primaryimage"},"thumbnailUrl":"https:\/\/www.webdo.tn\/fr\/wp-content\/uploads\/2022\/11\/c8d67806340595b01b5a830a311b7851.jpg","keywords":["bl\u00e9","france","importation","Tunisie"],"articleSection":["National"],"inLanguage":"fr-FR"},{"@type":"WebPage","@id":"https:\/\/www.webdo.tn\/fr\/actualite\/national-45\/la-tunisie-va-importer-250-mille-tonnes-de-ble-de-france\/198711\/","url":"https:\/\/www.webdo.tn\/fr\/actualite\/national-45\/la-tunisie-va-importer-250-mille-tonnes-de-ble-de-france\/198711\/","name":"La Tunisie va importer 250 mille tonnes de bl\u00e9 de France","isPartOf":{"@id":"https:\/\/www.webdo.tn\/fr\/#website"},"primaryImageOfPage":{"@id":"https:\/\/www.webdo.tn\/fr\/actualite\/national-45\/la-tunisie-va-importer-250-mille-tonnes-de-ble-de-france\/198711\/#primaryimage"},"image":{"@id":"https:\/\/www.webdo.tn\/fr\/actualite\/national-45\/la-tunisie-va-importer-250-mille-tonnes-de-ble-de-france\/198711\/#primaryimage"},"thumbnailUrl":"https:\/\/www.webdo.tn\/fr\/wp-content\/uploads\/2022\/11\/c8d67806340595b01b5a830a311b7851.jpg","datePublished":"2022-11-09T15:08:00+00:00","dateModified":"2025-05-22T11:45:06+00:00","description":"La Tunisie va importer 250 mille tonnes de bl\u00e9 de France, pour la campagne 2022-2023 . C'est ce qu'a r\u00e9v\u00e9l\u00e9, ce mercredi 9 novembre, Yann Lebeau, chef de missi...","breadcrumb":{"@id":"https:\/\/www.webdo.tn\/fr\/actualite\/national-45\/la-tunisie-va-importer-250-mille-tonnes-de-ble-de-france\/198711\/#breadcrumb"},"inLanguage":"fr-FR","potentialAction":[{"@type":"ReadAction","target":["https:\/\/www.webdo.tn\/fr\/actualite\/national-45\/la-tunisie-va-importer-250-mille-tonnes-de-ble-de-france\/198711\/"]}]},{"@type":"ImageObject","inLanguage":"fr-FR","@id":"https:\/\/www.webdo.tn\/fr\/actualite\/national-45\/la-tunisie-va-importer-250-mille-tonnes-de-ble-de-france\/198711\/#primaryimage","url":"https:\/\/www.webdo.tn\/fr\/wp-content\/uploads\/2022\/11\/c8d67806340595b01b5a830a311b7851.jpg","contentUrl":"https:\/\/www.webdo.tn\/fr\/wp-content\/uploads\/2022\/11\/c8d67806340595b01b5a830a311b7851.jpg","width":679,"height":362,"caption":"Importation de 250 mille tonnes de bl\u00e9"},{"@type":"BreadcrumbList","@id":"https:\/\/www.webdo.tn\/fr\/actualite\/national-45\/la-tunisie-va-importer-250-mille-tonnes-de-ble-de-france\/198711\/#breadcrumb","itemListElement":[{"@type":"ListItem","position":1,"name":"Accueil","item":"https:\/\/www.webdo.tn\/fr\/"},{"@type":"ListItem","position":2,"name":"La Tunisie va importer 250 mille tonnes de bl\u00e9 de France"}]},{"@type":"WebSite","@id":"https:\/\/www.webdo.tn\/fr\/#website","url":"https:\/\/www.webdo.tn\/fr\/","name":"webdo","description":"Tunisie - News en Tunisie et \u00e0 l&#039;international sur Webdo.tn","publisher":{"@id":"https:\/\/www.webdo.tn\/fr\/#organization"},"potentialAction":[{"@type":"SearchAction","target":{"@type":"EntryPoint","urlTemplate":"https:\/\/www.webdo.tn\/fr\/?s={search_term_string}"},"query-input":{"@type":"PropertyValueSpecification","valueRequired":true,"valueName":"search_term_string"}}],"inLanguage":"fr-FR"},{"@type":"Organization","@id":"https:\/\/www.webdo.tn\/fr\/#organization","name":"Webdo","alternateName":"Webdo.tn","url":"https:\/\/www.webdo.tn\/fr\/","logo":{"@type":"ImageObject","inLanguage":"fr-FR","@id":"https:\/\/www.webdo.tn\/fr\/#\/schema\/logo\/image\/","url":"https:\/\/www.webdo.tn\/fr\/wp-content\/uploads\/2025\/06\/Webdo-Tunisie_168377.jpg","contentUrl":"https:\/\/www.webdo.tn\/fr\/wp-content\/uploads\/2025\/06\/Webdo-Tunisie_168377.jpg","width":301,"height":301,"caption":"Webdo"},"image":{"@id":"https:\/\/www.webdo.tn\/fr\/#\/schema\/logo\/image\/"},"sameAs":["https:\/\/www.facebook.com\/webdotn","https:\/\/x.com\/webdo_tn"],"description":"Webdo est un m\u00e9dia num\u00e9rique tunisien fond\u00e9 en 2010, sp\u00e9cialis\u00e9 dans l\u2019actualit\u00e9 nationale et internationale, l\u2019\u00e9conomie, la soci\u00e9t\u00e9 et les analyses politiques. Le site s\u2019adresse \u00e0 un large public francophone et couvre l\u2019information tunisienne en temps r\u00e9el.","email":"redac@webdo.tn","legalName":"YNJ SARL","foundingDate":"2010-09-06","numberOfEmployees":{"@type":"QuantitativeValue","minValue":"11","maxValue":"50"}},{"@type":"Person","@id":"https:\/\/www.webdo.tn\/fr\/#\/schema\/person\/2c4929cbf5a809e3bd38617c6ce150f6","name":"MC","image":{"@type":"ImageObject","inLanguage":"fr-FR","@id":"https:\/\/secure.gravatar.com\/avatar\/a545bbb6f84efdd5553dbbc2895e3ca8f1d12c5215e00a041c9670b54aa9b18a?s=96&d=mm&r=g","url":"https:\/\/secure.gravatar.com\/avatar\/a545bbb6f84efdd5553dbbc2895e3ca8f1d12c5215e00a041c9670b54aa9b18a?s=96&d=mm&r=g","contentUrl":"https:\/\/secure.gravatar.com\/avatar\/a545bbb6f84efdd5553dbbc2895e3ca8f1d12c5215e00a041c9670b54aa9b18a?s=96&d=mm&r=g","caption":"MC"},"url":"https:\/\/www.webdo.tn\/fr\/actualite\/author\/mc\/"}]}},"_links":{"self":[{"href":"https:\/\/www.webdo.tn\/fr\/wp-json\/wp\/v2\/posts\/198711","targetHints":{"allow":["GET"]}}],"collection":[{"href":"https:\/\/www.webdo.tn\/fr\/wp-json\/wp\/v2\/posts"}],"about":[{"href":"https:\/\/www.webdo.tn\/fr\/wp-json\/wp\/v2\/types\/post"}],"author":[{"embeddable":true,"href":"https:\/\/www.webdo.tn\/fr\/wp-json\/wp\/v2\/users\/3162"}],"replies":[{"embeddable":true,"href":"https:\/\/www.webdo.tn\/fr\/wp-json\/wp\/v2\/comments?post=198711"}],"version-history":[{"count":0,"href":"https:\/\/www.webdo.tn\/fr\/wp-json\/wp\/v2\/posts\/198711\/revisions"}],"wp:featuredmedia":[{"embeddable":true,"href":"https:\/\/www.webdo.tn\/fr\/wp-json\/wp\/v2\/media\/348635"}],"wp:attachment":[{"href":"https:\/\/www.webdo.tn\/fr\/wp-json\/wp\/v2\/media?parent=198711"}],"wp:term":[{"taxonomy":"category","embeddable":true,"href":"https:\/\/www.webdo.tn\/fr\/wp-json\/wp\/v2\/categories?post=198711"},{"taxonomy":"post_tag","embeddable":true,"href":"https:\/\/www.webdo.tn\/fr\/wp-json\/wp\/v2\/tags?post=198711"}],"curies":[{"name":"wp","href":"https:\/\/api.w.org\/{rel}","templated":true}]}}