{"id":198705,"date":"2022-11-09T13:24:00","date_gmt":"2022-11-09T13:24:00","guid":{"rendered":"https:\/\/www.webdo.tn\/fr\/actualite\/blog\/gestion-de-dechets-a-sfax-fakher-fakhfakh-demandera-officiellement-l-intervention-de-l-armee\/198705\/"},"modified":"2025-05-22T11:45:05","modified_gmt":"2025-05-22T11:45:05","slug":"gestion-de-dechets-a-sfax-fakher-fakhfakh-demandera-officiellement-l-intervention-de-l-armee","status":"publish","type":"post","link":"https:\/\/www.webdo.tn\/fr\/actualite\/regions\/gestion-de-dechets-a-sfax-fakher-fakhfakh-demandera-officiellement-l-intervention-de-l-armee\/198705\/","title":{"rendered":"Gestion de d\u00e9chets \u00e0 Sfax : Fakher Fakhfakh demandera officiellement l&rsquo;intervention de l&rsquo;arm\u00e9e"},"content":{"rendered":"<p>Le gouverneur de Sfax, Fakher Fakhfakh a indiqu\u00e9 qu\u2019il contactera la cheffe du gouvernement, Najla Bouden et le ministre de l&rsquo;Int\u00e9rieur, Taoufik Charfeddine pour demander officiellement l&rsquo;intervention de l&rsquo;arm\u00e9e afin de s\u00e9curiser les routes et les installations pour le transport et le stockage des d\u00e9chets.<\/p>\n<p> Il a expliqu\u00e9, au micro de Shems fm, ce mercredi 9 novembre 2022, que les composantes de la soci\u00e9t\u00e9 civile et des acteurs r\u00e9gionaux ont demand\u00e9, lors d\u2019une r\u00e9union tenue au si\u00e8ge du gouvernorat, la s\u00e9curisation du transport des d\u00e9chets.<\/p>\n<p>Par ailleurs, Fakhfakh a rappel\u00e9 qu&rsquo;un appel d&rsquo;offres a \u00e9t\u00e9 \u00e9mis afin de construire une usine de traitement des ordures. Une d\u00e9charge a \u00e9t\u00e9 cr\u00e9\u00e9e au niveau du port de Sfax en attendant la mise en place de ladite usine. \u00ab Cependant, il fallait suspendre l\u2019activit\u00e9 de la d\u00e9charge du port, en raison de l&rsquo;importance des exportations des poissons \u00bb, a-t-il pr\u00e9cis\u00e9.<\/p>\n<p>Le gouverneur de Sfax a d\u00e9nonc\u00e9 les personnes qui ont pu suspendre le fonctionnement du centre de transfert, les qualifiant de \u00ab saboteurs, so\u00fblards et bandits \u00bb.<\/p>\n<p>Et d\u2019ajouter : \u00ab Je connais les personnes qui l\u2019ont fait. Nous les avons tous photographi\u00e9 et cela nous permettra de les identifier. Ils ont menac\u00e9 d\u2019incendier les camions de transfert des ordures \u00bb.<\/p>\n","protected":false},"excerpt":{"rendered":"<p>Le gouverneur de Sfax, Fakher Fakhfakh a indiqu\u00e9 qu\u2019il contactera la cheffe du gouvernement, Najla Bouden et le ministre de l&rsquo;Int\u00e9rieur, Taoufik Charfeddine pou&#8230;<\/p>\n","protected":false},"author":3169,"featured_media":348634,"comment_status":"open","ping_status":"closed","sticky":false,"template":"","format":"standard","meta":{"footnotes":""},"categories":[2595],"tags":[4479,3282,9018,2675],"class_list":["post-198705","post","type-post","status-publish","format-standard","has-post-thumbnail","hentry","category-regions","tag-armee","tag-dechets","tag-fakher-fakhfakh","tag-sfax"],"yoast_head":"<!-- This site is optimized with the Yoast SEO Premium plugin v27.5 (Yoast SEO v27.5) - https:\/\/yoast.com\/product\/yoast-seo-premium-wordpress\/ -->\n<title>Gestion de d\u00e9chets \u00e0 Sfax : Fakher Fakhfakh demandera officiellement l&#039;intervention de l&#039;arm\u00e9e<\/title>\n<meta name=\"description\" content=\"Le gouverneur de Sfax, Fakher Fakhfakh a indiqu\u00e9 qu\u2019il contactera la cheffe du gouvernement, Najla Bouden et le ministre de l&#039;Int\u00e9rieur, Taoufik Charfeddine pou...\" \/>\n<link rel=\"canonical\" href=\"https:\/\/www.webdo.tn\/fr\/actualite\/regions\/gestion-de-dechets-a-sfax-fakher-fakhfakh-demandera-officiellement-l-intervention-de-l-armee\/198705\/\" \/>\n<meta property=\"og:locale\" content=\"fr_FR\" \/>\n<meta property=\"og:type\" content=\"article\" \/>\n<meta property=\"og:title\" content=\"Gestion de d\u00e9chets \u00e0 Sfax : Fakher Fakhfakh demandera officiellement l&#039;intervention de l&#039;arm\u00e9e\" \/>\n<meta property=\"og:description\" content=\"Le gouverneur de Sfax, Fakher Fakhfakh a indiqu\u00e9 qu\u2019il contactera la cheffe du gouvernement, Najla Bouden et le ministre de l&#039;Int\u00e9rieur, Taoufik Charfeddine pou...\" \/>\n<meta property=\"og:url\" content=\"https:\/\/www.webdo.tn\/fr\/actualite\/regions\/gestion-de-dechets-a-sfax-fakher-fakhfakh-demandera-officiellement-l-intervention-de-l-armee\/198705\/\" \/>\n<meta property=\"og:site_name\" content=\"webdo\" \/>\n<meta property=\"article:publisher\" content=\"https:\/\/www.facebook.com\/webdotn\" \/>\n<meta property=\"article:published_time\" content=\"2022-11-09T13:24:00+00:00\" \/>\n<meta property=\"article:modified_time\" content=\"2025-05-22T11:45:05+00:00\" \/>\n<meta property=\"og:image\" content=\"https:\/\/www.webdo.tn\/fr\/wp-content\/uploads\/2022\/11\/92617d1eabee061c8188394dcf173fc3.jpg\" \/>\n\t<meta property=\"og:image:width\" content=\"720\" \/>\n\t<meta property=\"og:image:height\" content=\"384\" \/>\n\t<meta property=\"og:image:type\" content=\"image\/jpeg\" \/>\n<meta name=\"author\" content=\"Webdo\" \/>\n<meta name=\"twitter:card\" content=\"summary_large_image\" \/>\n<meta name=\"twitter:creator\" content=\"@webdo_tn\" \/>\n<meta name=\"twitter:site\" content=\"@webdo_tn\" \/>\n<meta name=\"twitter:label1\" content=\"\u00c9crit par\" \/>\n\t<meta name=\"twitter:data1\" content=\"Webdo\" \/>\n\t<meta name=\"twitter:label2\" content=\"Dur\u00e9e de lecture estim\u00e9e\" \/>\n\t<meta name=\"twitter:data2\" content=\"1 minute\" \/>\n<script type=\"application\/ld+json\" class=\"yoast-schema-graph\">{\"@context\":\"https:\\\/\\\/schema.org\",\"@graph\":[{\"@type\":\"NewsArticle\",\"@id\":\"https:\\\/\\\/www.webdo.tn\\\/fr\\\/actualite\\\/regions\\\/gestion-de-dechets-a-sfax-fakher-fakhfakh-demandera-officiellement-l-intervention-de-l-armee\\\/198705\\\/#article\",\"isPartOf\":{\"@id\":\"https:\\\/\\\/www.webdo.tn\\\/fr\\\/actualite\\\/regions\\\/gestion-de-dechets-a-sfax-fakher-fakhfakh-demandera-officiellement-l-intervention-de-l-armee\\\/198705\\\/\"},\"author\":{\"name\":\"Webdo\",\"@id\":\"https:\\\/\\\/www.webdo.tn\\\/fr\\\/#\\\/schema\\\/person\\\/1f4e491e0907b413d61089e8eb573acc\"},\"headline\":\"Gestion de d\u00e9chets \u00e0 Sfax : Fakher Fakhfakh demandera officiellement l&rsquo;intervention de l&rsquo;arm\u00e9e\",\"datePublished\":\"2022-11-09T13:24:00+00:00\",\"dateModified\":\"2025-05-22T11:45:05+00:00\",\"mainEntityOfPage\":{\"@id\":\"https:\\\/\\\/www.webdo.tn\\\/fr\\\/actualite\\\/regions\\\/gestion-de-dechets-a-sfax-fakher-fakhfakh-demandera-officiellement-l-intervention-de-l-armee\\\/198705\\\/\"},\"wordCount\":242,\"commentCount\":0,\"publisher\":{\"@id\":\"https:\\\/\\\/www.webdo.tn\\\/fr\\\/#organization\"},\"image\":{\"@id\":\"https:\\\/\\\/www.webdo.tn\\\/fr\\\/actualite\\\/regions\\\/gestion-de-dechets-a-sfax-fakher-fakhfakh-demandera-officiellement-l-intervention-de-l-armee\\\/198705\\\/#primaryimage\"},\"thumbnailUrl\":\"https:\\\/\\\/www.webdo.tn\\\/fr\\\/wp-content\\\/uploads\\\/2022\\\/11\\\/92617d1eabee061c8188394dcf173fc3.jpg\",\"keywords\":[\"arm\u00e9e\",\"d\u00e9chets\",\"Fakher Fakhfakh\",\"Sfax\"],\"articleSection\":[\"regions\"],\"inLanguage\":\"fr-FR\"},{\"@type\":\"WebPage\",\"@id\":\"https:\\\/\\\/www.webdo.tn\\\/fr\\\/actualite\\\/regions\\\/gestion-de-dechets-a-sfax-fakher-fakhfakh-demandera-officiellement-l-intervention-de-l-armee\\\/198705\\\/\",\"url\":\"https:\\\/\\\/www.webdo.tn\\\/fr\\\/actualite\\\/regions\\\/gestion-de-dechets-a-sfax-fakher-fakhfakh-demandera-officiellement-l-intervention-de-l-armee\\\/198705\\\/\",\"name\":\"Gestion de d\u00e9chets \u00e0 Sfax : Fakher Fakhfakh demandera officiellement l'intervention de l'arm\u00e9e\",\"isPartOf\":{\"@id\":\"https:\\\/\\\/www.webdo.tn\\\/fr\\\/#website\"},\"primaryImageOfPage\":{\"@id\":\"https:\\\/\\\/www.webdo.tn\\\/fr\\\/actualite\\\/regions\\\/gestion-de-dechets-a-sfax-fakher-fakhfakh-demandera-officiellement-l-intervention-de-l-armee\\\/198705\\\/#primaryimage\"},\"image\":{\"@id\":\"https:\\\/\\\/www.webdo.tn\\\/fr\\\/actualite\\\/regions\\\/gestion-de-dechets-a-sfax-fakher-fakhfakh-demandera-officiellement-l-intervention-de-l-armee\\\/198705\\\/#primaryimage\"},\"thumbnailUrl\":\"https:\\\/\\\/www.webdo.tn\\\/fr\\\/wp-content\\\/uploads\\\/2022\\\/11\\\/92617d1eabee061c8188394dcf173fc3.jpg\",\"datePublished\":\"2022-11-09T13:24:00+00:00\",\"dateModified\":\"2025-05-22T11:45:05+00:00\",\"description\":\"Le gouverneur de Sfax, Fakher Fakhfakh a indiqu\u00e9 qu\u2019il contactera la cheffe du gouvernement, Najla Bouden et le ministre de l'Int\u00e9rieur, Taoufik Charfeddine pou...\",\"breadcrumb\":{\"@id\":\"https:\\\/\\\/www.webdo.tn\\\/fr\\\/actualite\\\/regions\\\/gestion-de-dechets-a-sfax-fakher-fakhfakh-demandera-officiellement-l-intervention-de-l-armee\\\/198705\\\/#breadcrumb\"},\"inLanguage\":\"fr-FR\",\"potentialAction\":[{\"@type\":\"ReadAction\",\"target\":[\"https:\\\/\\\/www.webdo.tn\\\/fr\\\/actualite\\\/regions\\\/gestion-de-dechets-a-sfax-fakher-fakhfakh-demandera-officiellement-l-intervention-de-l-armee\\\/198705\\\/\"]}]},{\"@type\":\"ImageObject\",\"inLanguage\":\"fr-FR\",\"@id\":\"https:\\\/\\\/www.webdo.tn\\\/fr\\\/actualite\\\/regions\\\/gestion-de-dechets-a-sfax-fakher-fakhfakh-demandera-officiellement-l-intervention-de-l-armee\\\/198705\\\/#primaryimage\",\"url\":\"https:\\\/\\\/www.webdo.tn\\\/fr\\\/wp-content\\\/uploads\\\/2022\\\/11\\\/92617d1eabee061c8188394dcf173fc3.jpg\",\"contentUrl\":\"https:\\\/\\\/www.webdo.tn\\\/fr\\\/wp-content\\\/uploads\\\/2022\\\/11\\\/92617d1eabee061c8188394dcf173fc3.jpg\",\"width\":720,\"height\":384,\"caption\":\"Fakher Fakhfakh\"},{\"@type\":\"BreadcrumbList\",\"@id\":\"https:\\\/\\\/www.webdo.tn\\\/fr\\\/actualite\\\/regions\\\/gestion-de-dechets-a-sfax-fakher-fakhfakh-demandera-officiellement-l-intervention-de-l-armee\\\/198705\\\/#breadcrumb\",\"itemListElement\":[{\"@type\":\"ListItem\",\"position\":1,\"name\":\"Accueil\",\"item\":\"https:\\\/\\\/www.webdo.tn\\\/fr\\\/\"},{\"@type\":\"ListItem\",\"position\":2,\"name\":\"Gestion de d\u00e9chets \u00e0 Sfax : Fakher Fakhfakh demandera officiellement l&rsquo;intervention de l&rsquo;arm\u00e9e\"}]},{\"@type\":\"WebSite\",\"@id\":\"https:\\\/\\\/www.webdo.tn\\\/fr\\\/#website\",\"url\":\"https:\\\/\\\/www.webdo.tn\\\/fr\\\/\",\"name\":\"webdo\",\"description\":\"Tunisie - News en Tunisie et \u00e0 l&#039;international sur Webdo.tn\",\"publisher\":{\"@id\":\"https:\\\/\\\/www.webdo.tn\\\/fr\\\/#organization\"},\"potentialAction\":[{\"@type\":\"SearchAction\",\"target\":{\"@type\":\"EntryPoint\",\"urlTemplate\":\"https:\\\/\\\/www.webdo.tn\\\/fr\\\/?s={search_term_string}\"},\"query-input\":{\"@type\":\"PropertyValueSpecification\",\"valueRequired\":true,\"valueName\":\"search_term_string\"}}],\"inLanguage\":\"fr-FR\"},{\"@type\":\"Organization\",\"@id\":\"https:\\\/\\\/www.webdo.tn\\\/fr\\\/#organization\",\"name\":\"Webdo\",\"alternateName\":\"Webdo.tn\",\"url\":\"https:\\\/\\\/www.webdo.tn\\\/fr\\\/\",\"logo\":{\"@type\":\"ImageObject\",\"inLanguage\":\"fr-FR\",\"@id\":\"https:\\\/\\\/www.webdo.tn\\\/fr\\\/#\\\/schema\\\/logo\\\/image\\\/\",\"url\":\"https:\\\/\\\/www.webdo.tn\\\/fr\\\/wp-content\\\/uploads\\\/2025\\\/06\\\/Webdo-Tunisie_168377.jpg\",\"contentUrl\":\"https:\\\/\\\/www.webdo.tn\\\/fr\\\/wp-content\\\/uploads\\\/2025\\\/06\\\/Webdo-Tunisie_168377.jpg\",\"width\":301,\"height\":301,\"caption\":\"Webdo\"},\"image\":{\"@id\":\"https:\\\/\\\/www.webdo.tn\\\/fr\\\/#\\\/schema\\\/logo\\\/image\\\/\"},\"sameAs\":[\"https:\\\/\\\/www.facebook.com\\\/webdotn\",\"https:\\\/\\\/x.com\\\/webdo_tn\"],\"description\":\"Webdo est un m\u00e9dia num\u00e9rique tunisien fond\u00e9 en 2010, sp\u00e9cialis\u00e9 dans l\u2019actualit\u00e9 nationale et internationale, l\u2019\u00e9conomie, la soci\u00e9t\u00e9 et les analyses politiques. Le site s\u2019adresse \u00e0 un large public francophone et couvre l\u2019information tunisienne en temps r\u00e9el.\",\"email\":\"redac@webdo.tn\",\"legalName\":\"YNJ SARL\",\"foundingDate\":\"2010-09-06\",\"numberOfEmployees\":{\"@type\":\"QuantitativeValue\",\"minValue\":\"11\",\"maxValue\":\"50\"}},{\"@type\":\"Person\",\"@id\":\"https:\\\/\\\/www.webdo.tn\\\/fr\\\/#\\\/schema\\\/person\\\/1f4e491e0907b413d61089e8eb573acc\",\"name\":\"Webdo\",\"image\":{\"@type\":\"ImageObject\",\"inLanguage\":\"fr-FR\",\"@id\":\"https:\\\/\\\/secure.gravatar.com\\\/avatar\\\/de97aeec1bb80978a9dbb127e47dfc88aaacb2f3c29aac907d8d3222e3495d49?s=96&d=mm&r=g\",\"url\":\"https:\\\/\\\/secure.gravatar.com\\\/avatar\\\/de97aeec1bb80978a9dbb127e47dfc88aaacb2f3c29aac907d8d3222e3495d49?s=96&d=mm&r=g\",\"contentUrl\":\"https:\\\/\\\/secure.gravatar.com\\\/avatar\\\/de97aeec1bb80978a9dbb127e47dfc88aaacb2f3c29aac907d8d3222e3495d49?s=96&d=mm&r=g\",\"caption\":\"Webdo\"},\"url\":\"https:\\\/\\\/www.webdo.tn\\\/fr\\\/actualite\\\/author\\\/webdo\\\/\"}]}<\/script>\n<!-- \/ Yoast SEO Premium plugin. -->","yoast_head_json":{"title":"Gestion de d\u00e9chets \u00e0 Sfax : Fakher Fakhfakh demandera officiellement l'intervention de l'arm\u00e9e","description":"Le gouverneur de Sfax, Fakher Fakhfakh a indiqu\u00e9 qu\u2019il contactera la cheffe du gouvernement, Najla Bouden et le ministre de l'Int\u00e9rieur, Taoufik Charfeddine pou...","canonical":"https:\/\/www.webdo.tn\/fr\/actualite\/regions\/gestion-de-dechets-a-sfax-fakher-fakhfakh-demandera-officiellement-l-intervention-de-l-armee\/198705\/","og_locale":"fr_FR","og_type":"article","og_title":"Gestion de d\u00e9chets \u00e0 Sfax : Fakher Fakhfakh demandera officiellement l'intervention de l'arm\u00e9e","og_description":"Le gouverneur de Sfax, Fakher Fakhfakh a indiqu\u00e9 qu\u2019il contactera la cheffe du gouvernement, Najla Bouden et le ministre de l'Int\u00e9rieur, Taoufik Charfeddine pou...","og_url":"https:\/\/www.webdo.tn\/fr\/actualite\/regions\/gestion-de-dechets-a-sfax-fakher-fakhfakh-demandera-officiellement-l-intervention-de-l-armee\/198705\/","og_site_name":"webdo","article_publisher":"https:\/\/www.facebook.com\/webdotn","article_published_time":"2022-11-09T13:24:00+00:00","article_modified_time":"2025-05-22T11:45:05+00:00","og_image":[{"width":720,"height":384,"url":"https:\/\/www.webdo.tn\/fr\/wp-content\/uploads\/2022\/11\/92617d1eabee061c8188394dcf173fc3.jpg","type":"image\/jpeg"}],"author":"Webdo","twitter_card":"summary_large_image","twitter_creator":"@webdo_tn","twitter_site":"@webdo_tn","twitter_misc":{"\u00c9crit par":"Webdo","Dur\u00e9e de lecture estim\u00e9e":"1 minute"},"schema":{"@context":"https:\/\/schema.org","@graph":[{"@type":"NewsArticle","@id":"https:\/\/www.webdo.tn\/fr\/actualite\/regions\/gestion-de-dechets-a-sfax-fakher-fakhfakh-demandera-officiellement-l-intervention-de-l-armee\/198705\/#article","isPartOf":{"@id":"https:\/\/www.webdo.tn\/fr\/actualite\/regions\/gestion-de-dechets-a-sfax-fakher-fakhfakh-demandera-officiellement-l-intervention-de-l-armee\/198705\/"},"author":{"name":"Webdo","@id":"https:\/\/www.webdo.tn\/fr\/#\/schema\/person\/1f4e491e0907b413d61089e8eb573acc"},"headline":"Gestion de d\u00e9chets \u00e0 Sfax : Fakher Fakhfakh demandera officiellement l&rsquo;intervention de l&rsquo;arm\u00e9e","datePublished":"2022-11-09T13:24:00+00:00","dateModified":"2025-05-22T11:45:05+00:00","mainEntityOfPage":{"@id":"https:\/\/www.webdo.tn\/fr\/actualite\/regions\/gestion-de-dechets-a-sfax-fakher-fakhfakh-demandera-officiellement-l-intervention-de-l-armee\/198705\/"},"wordCount":242,"commentCount":0,"publisher":{"@id":"https:\/\/www.webdo.tn\/fr\/#organization"},"image":{"@id":"https:\/\/www.webdo.tn\/fr\/actualite\/regions\/gestion-de-dechets-a-sfax-fakher-fakhfakh-demandera-officiellement-l-intervention-de-l-armee\/198705\/#primaryimage"},"thumbnailUrl":"https:\/\/www.webdo.tn\/fr\/wp-content\/uploads\/2022\/11\/92617d1eabee061c8188394dcf173fc3.jpg","keywords":["arm\u00e9e","d\u00e9chets","Fakher Fakhfakh","Sfax"],"articleSection":["regions"],"inLanguage":"fr-FR"},{"@type":"WebPage","@id":"https:\/\/www.webdo.tn\/fr\/actualite\/regions\/gestion-de-dechets-a-sfax-fakher-fakhfakh-demandera-officiellement-l-intervention-de-l-armee\/198705\/","url":"https:\/\/www.webdo.tn\/fr\/actualite\/regions\/gestion-de-dechets-a-sfax-fakher-fakhfakh-demandera-officiellement-l-intervention-de-l-armee\/198705\/","name":"Gestion de d\u00e9chets \u00e0 Sfax : Fakher Fakhfakh demandera officiellement l'intervention de l'arm\u00e9e","isPartOf":{"@id":"https:\/\/www.webdo.tn\/fr\/#website"},"primaryImageOfPage":{"@id":"https:\/\/www.webdo.tn\/fr\/actualite\/regions\/gestion-de-dechets-a-sfax-fakher-fakhfakh-demandera-officiellement-l-intervention-de-l-armee\/198705\/#primaryimage"},"image":{"@id":"https:\/\/www.webdo.tn\/fr\/actualite\/regions\/gestion-de-dechets-a-sfax-fakher-fakhfakh-demandera-officiellement-l-intervention-de-l-armee\/198705\/#primaryimage"},"thumbnailUrl":"https:\/\/www.webdo.tn\/fr\/wp-content\/uploads\/2022\/11\/92617d1eabee061c8188394dcf173fc3.jpg","datePublished":"2022-11-09T13:24:00+00:00","dateModified":"2025-05-22T11:45:05+00:00","description":"Le gouverneur de Sfax, Fakher Fakhfakh a indiqu\u00e9 qu\u2019il contactera la cheffe du gouvernement, Najla Bouden et le ministre de l'Int\u00e9rieur, Taoufik Charfeddine pou...","breadcrumb":{"@id":"https:\/\/www.webdo.tn\/fr\/actualite\/regions\/gestion-de-dechets-a-sfax-fakher-fakhfakh-demandera-officiellement-l-intervention-de-l-armee\/198705\/#breadcrumb"},"inLanguage":"fr-FR","potentialAction":[{"@type":"ReadAction","target":["https:\/\/www.webdo.tn\/fr\/actualite\/regions\/gestion-de-dechets-a-sfax-fakher-fakhfakh-demandera-officiellement-l-intervention-de-l-armee\/198705\/"]}]},{"@type":"ImageObject","inLanguage":"fr-FR","@id":"https:\/\/www.webdo.tn\/fr\/actualite\/regions\/gestion-de-dechets-a-sfax-fakher-fakhfakh-demandera-officiellement-l-intervention-de-l-armee\/198705\/#primaryimage","url":"https:\/\/www.webdo.tn\/fr\/wp-content\/uploads\/2022\/11\/92617d1eabee061c8188394dcf173fc3.jpg","contentUrl":"https:\/\/www.webdo.tn\/fr\/wp-content\/uploads\/2022\/11\/92617d1eabee061c8188394dcf173fc3.jpg","width":720,"height":384,"caption":"Fakher Fakhfakh"},{"@type":"BreadcrumbList","@id":"https:\/\/www.webdo.tn\/fr\/actualite\/regions\/gestion-de-dechets-a-sfax-fakher-fakhfakh-demandera-officiellement-l-intervention-de-l-armee\/198705\/#breadcrumb","itemListElement":[{"@type":"ListItem","position":1,"name":"Accueil","item":"https:\/\/www.webdo.tn\/fr\/"},{"@type":"ListItem","position":2,"name":"Gestion de d\u00e9chets \u00e0 Sfax : Fakher Fakhfakh demandera officiellement l&rsquo;intervention de l&rsquo;arm\u00e9e"}]},{"@type":"WebSite","@id":"https:\/\/www.webdo.tn\/fr\/#website","url":"https:\/\/www.webdo.tn\/fr\/","name":"webdo","description":"Tunisie - News en Tunisie et \u00e0 l&#039;international sur Webdo.tn","publisher":{"@id":"https:\/\/www.webdo.tn\/fr\/#organization"},"potentialAction":[{"@type":"SearchAction","target":{"@type":"EntryPoint","urlTemplate":"https:\/\/www.webdo.tn\/fr\/?s={search_term_string}"},"query-input":{"@type":"PropertyValueSpecification","valueRequired":true,"valueName":"search_term_string"}}],"inLanguage":"fr-FR"},{"@type":"Organization","@id":"https:\/\/www.webdo.tn\/fr\/#organization","name":"Webdo","alternateName":"Webdo.tn","url":"https:\/\/www.webdo.tn\/fr\/","logo":{"@type":"ImageObject","inLanguage":"fr-FR","@id":"https:\/\/www.webdo.tn\/fr\/#\/schema\/logo\/image\/","url":"https:\/\/www.webdo.tn\/fr\/wp-content\/uploads\/2025\/06\/Webdo-Tunisie_168377.jpg","contentUrl":"https:\/\/www.webdo.tn\/fr\/wp-content\/uploads\/2025\/06\/Webdo-Tunisie_168377.jpg","width":301,"height":301,"caption":"Webdo"},"image":{"@id":"https:\/\/www.webdo.tn\/fr\/#\/schema\/logo\/image\/"},"sameAs":["https:\/\/www.facebook.com\/webdotn","https:\/\/x.com\/webdo_tn"],"description":"Webdo est un m\u00e9dia num\u00e9rique tunisien fond\u00e9 en 2010, sp\u00e9cialis\u00e9 dans l\u2019actualit\u00e9 nationale et internationale, l\u2019\u00e9conomie, la soci\u00e9t\u00e9 et les analyses politiques. Le site s\u2019adresse \u00e0 un large public francophone et couvre l\u2019information tunisienne en temps r\u00e9el.","email":"redac@webdo.tn","legalName":"YNJ SARL","foundingDate":"2010-09-06","numberOfEmployees":{"@type":"QuantitativeValue","minValue":"11","maxValue":"50"}},{"@type":"Person","@id":"https:\/\/www.webdo.tn\/fr\/#\/schema\/person\/1f4e491e0907b413d61089e8eb573acc","name":"Webdo","image":{"@type":"ImageObject","inLanguage":"fr-FR","@id":"https:\/\/secure.gravatar.com\/avatar\/de97aeec1bb80978a9dbb127e47dfc88aaacb2f3c29aac907d8d3222e3495d49?s=96&d=mm&r=g","url":"https:\/\/secure.gravatar.com\/avatar\/de97aeec1bb80978a9dbb127e47dfc88aaacb2f3c29aac907d8d3222e3495d49?s=96&d=mm&r=g","contentUrl":"https:\/\/secure.gravatar.com\/avatar\/de97aeec1bb80978a9dbb127e47dfc88aaacb2f3c29aac907d8d3222e3495d49?s=96&d=mm&r=g","caption":"Webdo"},"url":"https:\/\/www.webdo.tn\/fr\/actualite\/author\/webdo\/"}]}},"_links":{"self":[{"href":"https:\/\/www.webdo.tn\/fr\/wp-json\/wp\/v2\/posts\/198705","targetHints":{"allow":["GET"]}}],"collection":[{"href":"https:\/\/www.webdo.tn\/fr\/wp-json\/wp\/v2\/posts"}],"about":[{"href":"https:\/\/www.webdo.tn\/fr\/wp-json\/wp\/v2\/types\/post"}],"author":[{"embeddable":true,"href":"https:\/\/www.webdo.tn\/fr\/wp-json\/wp\/v2\/users\/3169"}],"replies":[{"embeddable":true,"href":"https:\/\/www.webdo.tn\/fr\/wp-json\/wp\/v2\/comments?post=198705"}],"version-history":[{"count":0,"href":"https:\/\/www.webdo.tn\/fr\/wp-json\/wp\/v2\/posts\/198705\/revisions"}],"wp:featuredmedia":[{"embeddable":true,"href":"https:\/\/www.webdo.tn\/fr\/wp-json\/wp\/v2\/media\/348634"}],"wp:attachment":[{"href":"https:\/\/www.webdo.tn\/fr\/wp-json\/wp\/v2\/media?parent=198705"}],"wp:term":[{"taxonomy":"category","embeddable":true,"href":"https:\/\/www.webdo.tn\/fr\/wp-json\/wp\/v2\/categories?post=198705"},{"taxonomy":"post_tag","embeddable":true,"href":"https:\/\/www.webdo.tn\/fr\/wp-json\/wp\/v2\/tags?post=198705"}],"curies":[{"name":"wp","href":"https:\/\/api.w.org\/{rel}","templated":true}]}}