{"id":198700,"date":"2022-11-09T12:20:00","date_gmt":"2022-11-09T12:20:00","guid":{"rendered":"https:\/\/www.webdo.tn\/fr\/actualite\/blog\/le-syndicat-de-l-enseignement-de-base-fait-monter-la-tension\/198700\/"},"modified":"2025-05-22T11:45:02","modified_gmt":"2025-05-22T11:45:02","slug":"le-syndicat-de-l-enseignement-de-base-fait-monter-la-tension","status":"publish","type":"post","link":"https:\/\/www.webdo.tn\/fr\/actualite\/national\/le-syndicat-de-l-enseignement-de-base-fait-monter-la-tension\/198700\/","title":{"rendered":"Le Syndicat de l\u2019enseignement de base fait monter la tension"},"content":{"rendered":"<p>Le Syndicat g\u00e9n\u00e9ral de l\u2019enseignement de base a appel\u00e9, ce mercredi 9 novembre 2022, ses affili\u00e9s \u00e0 organiser des sit-in de deux heures (de 8 \u00e0 10 heures) dans toutes les \u00e9coles primaires \u00e0 partir de ce samedi 12 novembre 2022.<\/p>\n<p> En marge de ces sit-in, sera organis\u00e9 un sit-in \u00e0 l\u2019\u00e9chelle national, qui est programm\u00e9 pour le 18 novembre 2022.<\/p>\n<p>Cette d\u00e9cision de la F\u00e9d\u00e9ration g\u00e9n\u00e9rale de l\u2019enseignement de base fait suite au communiqu\u00e9 publi\u00e9, hier, mardi 8 novembre, par le minist\u00e8re de l\u2019Education et selon lequel un ultimatum est adress\u00e9 aux suppl\u00e9ants gr\u00e9vistes.<\/p>\n<p>Ces derniers ont, en effet jusqu\u2019\u00e0 demain, jeudi 10 novembre pour rejoindre leurs postes de travail et signer les contrats de travail propos\u00e9s par le minist\u00e8re de l\u2019Education.<\/p>\n<p>La \u00ab\u00a0menace\u00a0\u00bb du minist\u00e8re de mettre fin \u00e0 toute relation de travail en cas de non signature du contrat avant le 10 novembre, a \u00e9t\u00e9 rejet\u00e9e par la f\u00e9d\u00e9ration, estimant que le contrat propos\u00e9 est humiliant et en contradiction avec l&rsquo;accord du 8 mai 2018.<\/p>\n<p>De son c\u00f4t\u00e9, le minist\u00e8re pr\u00e9cise avoir propos\u00e9 une formule de contrats en faveur des suppl\u00e9ants concern\u00e9s par la r\u00e9gularisation (promotion de 2022) bas\u00e9e sur l\u2019article 108 de la loi r\u00e9gissant la fonction publique.<\/p>\n<p>Aujourd\u2019hui, le directeur des ressources humaines et des affaires administratives au minist\u00e8re de l&rsquo;Education, Mohamed Haj Salah a pr\u00e9cis\u00e9, sur les ondes de Mosaique fm que le minist\u00e8re avait pr\u00e9sent\u00e9 plusieurs solutions \u00e0 la F\u00e9d\u00e9ration, mais la partie syndicale a refus\u00e9 tout dialogue et toute concession.<\/p>\n<p>Pendant ce temps, plusieurs milliers d\u2019\u00e9coliers sont toujours priv\u00e9s de cours depuis la rentr\u00e9e scolaire. Le syndicat \u00e9voque le chiffre de 390 mille enfants priv\u00e9s d\u2019\u00e9cole alors que le minist\u00e8re parle de 150 mille enfants.<\/p>\n","protected":false},"excerpt":{"rendered":"<p>Le Syndicat g\u00e9n\u00e9ral de l\u2019enseignement de base a appel\u00e9, ce mercredi 9 novembre 2022, ses affili\u00e9s \u00e0 organiser des sit-in de deux heures (de 8 \u00e0 10 heures) dans&#8230;<\/p>\n","protected":false},"author":3162,"featured_media":348632,"comment_status":"open","ping_status":"closed","sticky":false,"template":"","format":"standard","meta":{"footnotes":""},"categories":[44],"tags":[11569,5766,3190],"class_list":["post-198700","post","type-post","status-publish","format-standard","has-post-thumbnail","hentry","category-national","tag-ecoliers","tag-enseignant","tag-sit-in"],"yoast_head":"<!-- This site is optimized with the Yoast SEO Premium plugin v27.4 (Yoast SEO v27.5) - https:\/\/yoast.com\/product\/yoast-seo-premium-wordpress\/ -->\n<title>Le Syndicat de l\u2019enseignement de base fait monter la tension<\/title>\n<meta name=\"description\" content=\"Le Syndicat g\u00e9n\u00e9ral de l\u2019enseignement de base a appel\u00e9, ce mercredi 9 novembre 2022, ses affili\u00e9s \u00e0 organiser des sit-in de deux heures (de 8 \u00e0 10 heures) dans...\" \/>\n<link rel=\"canonical\" href=\"https:\/\/www.webdo.tn\/fr\/actualite\/national-45\/le-syndicat-de-l-enseignement-de-base-fait-monter-la-tension\/198700\/\" \/>\n<meta property=\"og:locale\" content=\"fr_FR\" \/>\n<meta property=\"og:type\" content=\"article\" \/>\n<meta property=\"og:title\" content=\"Le Syndicat de l\u2019enseignement de base fait monter la tension\" \/>\n<meta property=\"og:description\" content=\"Le Syndicat g\u00e9n\u00e9ral de l\u2019enseignement de base a appel\u00e9, ce mercredi 9 novembre 2022, ses affili\u00e9s \u00e0 organiser des sit-in de deux heures (de 8 \u00e0 10 heures) dans...\" \/>\n<meta property=\"og:url\" content=\"https:\/\/www.webdo.tn\/fr\/actualite\/national-45\/le-syndicat-de-l-enseignement-de-base-fait-monter-la-tension\/198700\/\" \/>\n<meta property=\"og:site_name\" content=\"webdo\" \/>\n<meta property=\"article:publisher\" content=\"https:\/\/www.facebook.com\/webdotn\" \/>\n<meta property=\"article:published_time\" content=\"2022-11-09T12:20:00+00:00\" \/>\n<meta property=\"article:modified_time\" content=\"2025-05-22T11:45:02+00:00\" \/>\n<meta property=\"og:image\" content=\"https:\/\/www.webdo.tn\/fr\/wp-content\/uploads\/2022\/11\/f57d33f1e4bf9d796f3024bafde6d9e7.jpg\" \/>\n\t<meta property=\"og:image:width\" content=\"750\" \/>\n\t<meta property=\"og:image:height\" content=\"400\" \/>\n\t<meta property=\"og:image:type\" content=\"image\/jpeg\" \/>\n<meta name=\"author\" content=\"MC\" \/>\n<meta name=\"twitter:card\" content=\"summary_large_image\" \/>\n<meta name=\"twitter:creator\" content=\"@webdo_tn\" \/>\n<meta name=\"twitter:site\" content=\"@webdo_tn\" \/>\n<meta name=\"twitter:label1\" content=\"\u00c9crit par\" \/>\n\t<meta name=\"twitter:data1\" content=\"MC\" \/>\n\t<meta name=\"twitter:label2\" content=\"Dur\u00e9e de lecture estim\u00e9e\" \/>\n\t<meta name=\"twitter:data2\" content=\"2 minutes\" \/>\n<script type=\"application\/ld+json\" class=\"yoast-schema-graph\">{\"@context\":\"https:\\\/\\\/schema.org\",\"@graph\":[{\"@type\":\"NewsArticle\",\"@id\":\"https:\\\/\\\/www.webdo.tn\\\/fr\\\/actualite\\\/national-45\\\/le-syndicat-de-l-enseignement-de-base-fait-monter-la-tension\\\/198700\\\/#article\",\"isPartOf\":{\"@id\":\"https:\\\/\\\/www.webdo.tn\\\/fr\\\/actualite\\\/national-45\\\/le-syndicat-de-l-enseignement-de-base-fait-monter-la-tension\\\/198700\\\/\"},\"author\":{\"name\":\"MC\",\"@id\":\"https:\\\/\\\/www.webdo.tn\\\/fr\\\/#\\\/schema\\\/person\\\/2c4929cbf5a809e3bd38617c6ce150f6\"},\"headline\":\"Le Syndicat de l\u2019enseignement de base fait monter la tension\",\"datePublished\":\"2022-11-09T12:20:00+00:00\",\"dateModified\":\"2025-05-22T11:45:02+00:00\",\"mainEntityOfPage\":{\"@id\":\"https:\\\/\\\/www.webdo.tn\\\/fr\\\/actualite\\\/national-45\\\/le-syndicat-de-l-enseignement-de-base-fait-monter-la-tension\\\/198700\\\/\"},\"wordCount\":317,\"commentCount\":0,\"publisher\":{\"@id\":\"https:\\\/\\\/www.webdo.tn\\\/fr\\\/#organization\"},\"image\":{\"@id\":\"https:\\\/\\\/www.webdo.tn\\\/fr\\\/actualite\\\/national-45\\\/le-syndicat-de-l-enseignement-de-base-fait-monter-la-tension\\\/198700\\\/#primaryimage\"},\"thumbnailUrl\":\"https:\\\/\\\/www.webdo.tn\\\/fr\\\/wp-content\\\/uploads\\\/2022\\\/11\\\/f57d33f1e4bf9d796f3024bafde6d9e7.jpg\",\"keywords\":[\"\u00e9coliers\",\"Enseignant\",\"sit-in\"],\"articleSection\":[\"National\"],\"inLanguage\":\"fr-FR\"},{\"@type\":\"WebPage\",\"@id\":\"https:\\\/\\\/www.webdo.tn\\\/fr\\\/actualite\\\/national-45\\\/le-syndicat-de-l-enseignement-de-base-fait-monter-la-tension\\\/198700\\\/\",\"url\":\"https:\\\/\\\/www.webdo.tn\\\/fr\\\/actualite\\\/national-45\\\/le-syndicat-de-l-enseignement-de-base-fait-monter-la-tension\\\/198700\\\/\",\"name\":\"Le Syndicat de l\u2019enseignement de base fait monter la tension\",\"isPartOf\":{\"@id\":\"https:\\\/\\\/www.webdo.tn\\\/fr\\\/#website\"},\"primaryImageOfPage\":{\"@id\":\"https:\\\/\\\/www.webdo.tn\\\/fr\\\/actualite\\\/national-45\\\/le-syndicat-de-l-enseignement-de-base-fait-monter-la-tension\\\/198700\\\/#primaryimage\"},\"image\":{\"@id\":\"https:\\\/\\\/www.webdo.tn\\\/fr\\\/actualite\\\/national-45\\\/le-syndicat-de-l-enseignement-de-base-fait-monter-la-tension\\\/198700\\\/#primaryimage\"},\"thumbnailUrl\":\"https:\\\/\\\/www.webdo.tn\\\/fr\\\/wp-content\\\/uploads\\\/2022\\\/11\\\/f57d33f1e4bf9d796f3024bafde6d9e7.jpg\",\"datePublished\":\"2022-11-09T12:20:00+00:00\",\"dateModified\":\"2025-05-22T11:45:02+00:00\",\"description\":\"Le Syndicat g\u00e9n\u00e9ral de l\u2019enseignement de base a appel\u00e9, ce mercredi 9 novembre 2022, ses affili\u00e9s \u00e0 organiser des sit-in de deux heures (de 8 \u00e0 10 heures) dans...\",\"breadcrumb\":{\"@id\":\"https:\\\/\\\/www.webdo.tn\\\/fr\\\/actualite\\\/national-45\\\/le-syndicat-de-l-enseignement-de-base-fait-monter-la-tension\\\/198700\\\/#breadcrumb\"},\"inLanguage\":\"fr-FR\",\"potentialAction\":[{\"@type\":\"ReadAction\",\"target\":[\"https:\\\/\\\/www.webdo.tn\\\/fr\\\/actualite\\\/national-45\\\/le-syndicat-de-l-enseignement-de-base-fait-monter-la-tension\\\/198700\\\/\"]}]},{\"@type\":\"ImageObject\",\"inLanguage\":\"fr-FR\",\"@id\":\"https:\\\/\\\/www.webdo.tn\\\/fr\\\/actualite\\\/national-45\\\/le-syndicat-de-l-enseignement-de-base-fait-monter-la-tension\\\/198700\\\/#primaryimage\",\"url\":\"https:\\\/\\\/www.webdo.tn\\\/fr\\\/wp-content\\\/uploads\\\/2022\\\/11\\\/f57d33f1e4bf9d796f3024bafde6d9e7.jpg\",\"contentUrl\":\"https:\\\/\\\/www.webdo.tn\\\/fr\\\/wp-content\\\/uploads\\\/2022\\\/11\\\/f57d33f1e4bf9d796f3024bafde6d9e7.jpg\",\"width\":750,\"height\":400,\"caption\":\"Le Syndicat de l\u2019enseignement de base fait monter la tension\"},{\"@type\":\"BreadcrumbList\",\"@id\":\"https:\\\/\\\/www.webdo.tn\\\/fr\\\/actualite\\\/national-45\\\/le-syndicat-de-l-enseignement-de-base-fait-monter-la-tension\\\/198700\\\/#breadcrumb\",\"itemListElement\":[{\"@type\":\"ListItem\",\"position\":1,\"name\":\"Accueil\",\"item\":\"https:\\\/\\\/www.webdo.tn\\\/fr\\\/\"},{\"@type\":\"ListItem\",\"position\":2,\"name\":\"Le Syndicat de l\u2019enseignement de base fait monter la tension\"}]},{\"@type\":\"WebSite\",\"@id\":\"https:\\\/\\\/www.webdo.tn\\\/fr\\\/#website\",\"url\":\"https:\\\/\\\/www.webdo.tn\\\/fr\\\/\",\"name\":\"webdo\",\"description\":\"Tunisie - News en Tunisie et \u00e0 l&#039;international sur Webdo.tn\",\"publisher\":{\"@id\":\"https:\\\/\\\/www.webdo.tn\\\/fr\\\/#organization\"},\"potentialAction\":[{\"@type\":\"SearchAction\",\"target\":{\"@type\":\"EntryPoint\",\"urlTemplate\":\"https:\\\/\\\/www.webdo.tn\\\/fr\\\/?s={search_term_string}\"},\"query-input\":{\"@type\":\"PropertyValueSpecification\",\"valueRequired\":true,\"valueName\":\"search_term_string\"}}],\"inLanguage\":\"fr-FR\"},{\"@type\":\"Organization\",\"@id\":\"https:\\\/\\\/www.webdo.tn\\\/fr\\\/#organization\",\"name\":\"Webdo\",\"alternateName\":\"Webdo.tn\",\"url\":\"https:\\\/\\\/www.webdo.tn\\\/fr\\\/\",\"logo\":{\"@type\":\"ImageObject\",\"inLanguage\":\"fr-FR\",\"@id\":\"https:\\\/\\\/www.webdo.tn\\\/fr\\\/#\\\/schema\\\/logo\\\/image\\\/\",\"url\":\"https:\\\/\\\/www.webdo.tn\\\/fr\\\/wp-content\\\/uploads\\\/2025\\\/06\\\/Webdo-Tunisie_168377.jpg\",\"contentUrl\":\"https:\\\/\\\/www.webdo.tn\\\/fr\\\/wp-content\\\/uploads\\\/2025\\\/06\\\/Webdo-Tunisie_168377.jpg\",\"width\":301,\"height\":301,\"caption\":\"Webdo\"},\"image\":{\"@id\":\"https:\\\/\\\/www.webdo.tn\\\/fr\\\/#\\\/schema\\\/logo\\\/image\\\/\"},\"sameAs\":[\"https:\\\/\\\/www.facebook.com\\\/webdotn\",\"https:\\\/\\\/x.com\\\/webdo_tn\"],\"description\":\"Webdo est un m\u00e9dia num\u00e9rique tunisien fond\u00e9 en 2010, sp\u00e9cialis\u00e9 dans l\u2019actualit\u00e9 nationale et internationale, l\u2019\u00e9conomie, la soci\u00e9t\u00e9 et les analyses politiques. Le site s\u2019adresse \u00e0 un large public francophone et couvre l\u2019information tunisienne en temps r\u00e9el.\",\"email\":\"redac@webdo.tn\",\"legalName\":\"YNJ SARL\",\"foundingDate\":\"2010-09-06\",\"numberOfEmployees\":{\"@type\":\"QuantitativeValue\",\"minValue\":\"11\",\"maxValue\":\"50\"}},{\"@type\":\"Person\",\"@id\":\"https:\\\/\\\/www.webdo.tn\\\/fr\\\/#\\\/schema\\\/person\\\/2c4929cbf5a809e3bd38617c6ce150f6\",\"name\":\"MC\",\"image\":{\"@type\":\"ImageObject\",\"inLanguage\":\"fr-FR\",\"@id\":\"https:\\\/\\\/secure.gravatar.com\\\/avatar\\\/a545bbb6f84efdd5553dbbc2895e3ca8f1d12c5215e00a041c9670b54aa9b18a?s=96&d=mm&r=g\",\"url\":\"https:\\\/\\\/secure.gravatar.com\\\/avatar\\\/a545bbb6f84efdd5553dbbc2895e3ca8f1d12c5215e00a041c9670b54aa9b18a?s=96&d=mm&r=g\",\"contentUrl\":\"https:\\\/\\\/secure.gravatar.com\\\/avatar\\\/a545bbb6f84efdd5553dbbc2895e3ca8f1d12c5215e00a041c9670b54aa9b18a?s=96&d=mm&r=g\",\"caption\":\"MC\"},\"url\":\"https:\\\/\\\/www.webdo.tn\\\/fr\\\/actualite\\\/author\\\/mc\\\/\"}]}<\/script>\n<!-- \/ Yoast SEO Premium plugin. -->","yoast_head_json":{"title":"Le Syndicat de l\u2019enseignement de base fait monter la tension","description":"Le Syndicat g\u00e9n\u00e9ral de l\u2019enseignement de base a appel\u00e9, ce mercredi 9 novembre 2022, ses affili\u00e9s \u00e0 organiser des sit-in de deux heures (de 8 \u00e0 10 heures) dans...","canonical":"https:\/\/www.webdo.tn\/fr\/actualite\/national-45\/le-syndicat-de-l-enseignement-de-base-fait-monter-la-tension\/198700\/","og_locale":"fr_FR","og_type":"article","og_title":"Le Syndicat de l\u2019enseignement de base fait monter la tension","og_description":"Le Syndicat g\u00e9n\u00e9ral de l\u2019enseignement de base a appel\u00e9, ce mercredi 9 novembre 2022, ses affili\u00e9s \u00e0 organiser des sit-in de deux heures (de 8 \u00e0 10 heures) dans...","og_url":"https:\/\/www.webdo.tn\/fr\/actualite\/national-45\/le-syndicat-de-l-enseignement-de-base-fait-monter-la-tension\/198700\/","og_site_name":"webdo","article_publisher":"https:\/\/www.facebook.com\/webdotn","article_published_time":"2022-11-09T12:20:00+00:00","article_modified_time":"2025-05-22T11:45:02+00:00","og_image":[{"width":750,"height":400,"url":"https:\/\/www.webdo.tn\/fr\/wp-content\/uploads\/2022\/11\/f57d33f1e4bf9d796f3024bafde6d9e7.jpg","type":"image\/jpeg"}],"author":"MC","twitter_card":"summary_large_image","twitter_creator":"@webdo_tn","twitter_site":"@webdo_tn","twitter_misc":{"\u00c9crit par":"MC","Dur\u00e9e de lecture estim\u00e9e":"2 minutes"},"schema":{"@context":"https:\/\/schema.org","@graph":[{"@type":"NewsArticle","@id":"https:\/\/www.webdo.tn\/fr\/actualite\/national-45\/le-syndicat-de-l-enseignement-de-base-fait-monter-la-tension\/198700\/#article","isPartOf":{"@id":"https:\/\/www.webdo.tn\/fr\/actualite\/national-45\/le-syndicat-de-l-enseignement-de-base-fait-monter-la-tension\/198700\/"},"author":{"name":"MC","@id":"https:\/\/www.webdo.tn\/fr\/#\/schema\/person\/2c4929cbf5a809e3bd38617c6ce150f6"},"headline":"Le Syndicat de l\u2019enseignement de base fait monter la tension","datePublished":"2022-11-09T12:20:00+00:00","dateModified":"2025-05-22T11:45:02+00:00","mainEntityOfPage":{"@id":"https:\/\/www.webdo.tn\/fr\/actualite\/national-45\/le-syndicat-de-l-enseignement-de-base-fait-monter-la-tension\/198700\/"},"wordCount":317,"commentCount":0,"publisher":{"@id":"https:\/\/www.webdo.tn\/fr\/#organization"},"image":{"@id":"https:\/\/www.webdo.tn\/fr\/actualite\/national-45\/le-syndicat-de-l-enseignement-de-base-fait-monter-la-tension\/198700\/#primaryimage"},"thumbnailUrl":"https:\/\/www.webdo.tn\/fr\/wp-content\/uploads\/2022\/11\/f57d33f1e4bf9d796f3024bafde6d9e7.jpg","keywords":["\u00e9coliers","Enseignant","sit-in"],"articleSection":["National"],"inLanguage":"fr-FR"},{"@type":"WebPage","@id":"https:\/\/www.webdo.tn\/fr\/actualite\/national-45\/le-syndicat-de-l-enseignement-de-base-fait-monter-la-tension\/198700\/","url":"https:\/\/www.webdo.tn\/fr\/actualite\/national-45\/le-syndicat-de-l-enseignement-de-base-fait-monter-la-tension\/198700\/","name":"Le Syndicat de l\u2019enseignement de base fait monter la tension","isPartOf":{"@id":"https:\/\/www.webdo.tn\/fr\/#website"},"primaryImageOfPage":{"@id":"https:\/\/www.webdo.tn\/fr\/actualite\/national-45\/le-syndicat-de-l-enseignement-de-base-fait-monter-la-tension\/198700\/#primaryimage"},"image":{"@id":"https:\/\/www.webdo.tn\/fr\/actualite\/national-45\/le-syndicat-de-l-enseignement-de-base-fait-monter-la-tension\/198700\/#primaryimage"},"thumbnailUrl":"https:\/\/www.webdo.tn\/fr\/wp-content\/uploads\/2022\/11\/f57d33f1e4bf9d796f3024bafde6d9e7.jpg","datePublished":"2022-11-09T12:20:00+00:00","dateModified":"2025-05-22T11:45:02+00:00","description":"Le Syndicat g\u00e9n\u00e9ral de l\u2019enseignement de base a appel\u00e9, ce mercredi 9 novembre 2022, ses affili\u00e9s \u00e0 organiser des sit-in de deux heures (de 8 \u00e0 10 heures) dans...","breadcrumb":{"@id":"https:\/\/www.webdo.tn\/fr\/actualite\/national-45\/le-syndicat-de-l-enseignement-de-base-fait-monter-la-tension\/198700\/#breadcrumb"},"inLanguage":"fr-FR","potentialAction":[{"@type":"ReadAction","target":["https:\/\/www.webdo.tn\/fr\/actualite\/national-45\/le-syndicat-de-l-enseignement-de-base-fait-monter-la-tension\/198700\/"]}]},{"@type":"ImageObject","inLanguage":"fr-FR","@id":"https:\/\/www.webdo.tn\/fr\/actualite\/national-45\/le-syndicat-de-l-enseignement-de-base-fait-monter-la-tension\/198700\/#primaryimage","url":"https:\/\/www.webdo.tn\/fr\/wp-content\/uploads\/2022\/11\/f57d33f1e4bf9d796f3024bafde6d9e7.jpg","contentUrl":"https:\/\/www.webdo.tn\/fr\/wp-content\/uploads\/2022\/11\/f57d33f1e4bf9d796f3024bafde6d9e7.jpg","width":750,"height":400,"caption":"Le Syndicat de l\u2019enseignement de base fait monter la tension"},{"@type":"BreadcrumbList","@id":"https:\/\/www.webdo.tn\/fr\/actualite\/national-45\/le-syndicat-de-l-enseignement-de-base-fait-monter-la-tension\/198700\/#breadcrumb","itemListElement":[{"@type":"ListItem","position":1,"name":"Accueil","item":"https:\/\/www.webdo.tn\/fr\/"},{"@type":"ListItem","position":2,"name":"Le Syndicat de l\u2019enseignement de base fait monter la tension"}]},{"@type":"WebSite","@id":"https:\/\/www.webdo.tn\/fr\/#website","url":"https:\/\/www.webdo.tn\/fr\/","name":"webdo","description":"Tunisie - News en Tunisie et \u00e0 l&#039;international sur Webdo.tn","publisher":{"@id":"https:\/\/www.webdo.tn\/fr\/#organization"},"potentialAction":[{"@type":"SearchAction","target":{"@type":"EntryPoint","urlTemplate":"https:\/\/www.webdo.tn\/fr\/?s={search_term_string}"},"query-input":{"@type":"PropertyValueSpecification","valueRequired":true,"valueName":"search_term_string"}}],"inLanguage":"fr-FR"},{"@type":"Organization","@id":"https:\/\/www.webdo.tn\/fr\/#organization","name":"Webdo","alternateName":"Webdo.tn","url":"https:\/\/www.webdo.tn\/fr\/","logo":{"@type":"ImageObject","inLanguage":"fr-FR","@id":"https:\/\/www.webdo.tn\/fr\/#\/schema\/logo\/image\/","url":"https:\/\/www.webdo.tn\/fr\/wp-content\/uploads\/2025\/06\/Webdo-Tunisie_168377.jpg","contentUrl":"https:\/\/www.webdo.tn\/fr\/wp-content\/uploads\/2025\/06\/Webdo-Tunisie_168377.jpg","width":301,"height":301,"caption":"Webdo"},"image":{"@id":"https:\/\/www.webdo.tn\/fr\/#\/schema\/logo\/image\/"},"sameAs":["https:\/\/www.facebook.com\/webdotn","https:\/\/x.com\/webdo_tn"],"description":"Webdo est un m\u00e9dia num\u00e9rique tunisien fond\u00e9 en 2010, sp\u00e9cialis\u00e9 dans l\u2019actualit\u00e9 nationale et internationale, l\u2019\u00e9conomie, la soci\u00e9t\u00e9 et les analyses politiques. Le site s\u2019adresse \u00e0 un large public francophone et couvre l\u2019information tunisienne en temps r\u00e9el.","email":"redac@webdo.tn","legalName":"YNJ SARL","foundingDate":"2010-09-06","numberOfEmployees":{"@type":"QuantitativeValue","minValue":"11","maxValue":"50"}},{"@type":"Person","@id":"https:\/\/www.webdo.tn\/fr\/#\/schema\/person\/2c4929cbf5a809e3bd38617c6ce150f6","name":"MC","image":{"@type":"ImageObject","inLanguage":"fr-FR","@id":"https:\/\/secure.gravatar.com\/avatar\/a545bbb6f84efdd5553dbbc2895e3ca8f1d12c5215e00a041c9670b54aa9b18a?s=96&d=mm&r=g","url":"https:\/\/secure.gravatar.com\/avatar\/a545bbb6f84efdd5553dbbc2895e3ca8f1d12c5215e00a041c9670b54aa9b18a?s=96&d=mm&r=g","contentUrl":"https:\/\/secure.gravatar.com\/avatar\/a545bbb6f84efdd5553dbbc2895e3ca8f1d12c5215e00a041c9670b54aa9b18a?s=96&d=mm&r=g","caption":"MC"},"url":"https:\/\/www.webdo.tn\/fr\/actualite\/author\/mc\/"}]}},"_links":{"self":[{"href":"https:\/\/www.webdo.tn\/fr\/wp-json\/wp\/v2\/posts\/198700","targetHints":{"allow":["GET"]}}],"collection":[{"href":"https:\/\/www.webdo.tn\/fr\/wp-json\/wp\/v2\/posts"}],"about":[{"href":"https:\/\/www.webdo.tn\/fr\/wp-json\/wp\/v2\/types\/post"}],"author":[{"embeddable":true,"href":"https:\/\/www.webdo.tn\/fr\/wp-json\/wp\/v2\/users\/3162"}],"replies":[{"embeddable":true,"href":"https:\/\/www.webdo.tn\/fr\/wp-json\/wp\/v2\/comments?post=198700"}],"version-history":[{"count":0,"href":"https:\/\/www.webdo.tn\/fr\/wp-json\/wp\/v2\/posts\/198700\/revisions"}],"wp:featuredmedia":[{"embeddable":true,"href":"https:\/\/www.webdo.tn\/fr\/wp-json\/wp\/v2\/media\/348632"}],"wp:attachment":[{"href":"https:\/\/www.webdo.tn\/fr\/wp-json\/wp\/v2\/media?parent=198700"}],"wp:term":[{"taxonomy":"category","embeddable":true,"href":"https:\/\/www.webdo.tn\/fr\/wp-json\/wp\/v2\/categories?post=198700"},{"taxonomy":"post_tag","embeddable":true,"href":"https:\/\/www.webdo.tn\/fr\/wp-json\/wp\/v2\/tags?post=198700"}],"curies":[{"name":"wp","href":"https:\/\/api.w.org\/{rel}","templated":true}]}}