{"id":198693,"date":"2022-11-09T11:16:00","date_gmt":"2022-11-09T11:16:00","guid":{"rendered":"https:\/\/www.webdo.tn\/fr\/actualite\/blog\/coup-dur-pour-le-senegal-sadio-mane-forfait-pour-la-coupe-du-monde\/198693\/"},"modified":"2025-05-22T11:44:56","modified_gmt":"2025-05-22T11:44:56","slug":"coup-dur-pour-le-senegal-sadio-mane-forfait-pour-la-coupe-du-monde","status":"publish","type":"post","link":"https:\/\/www.webdo.tn\/fr\/actualite\/sport\/coup-dur-pour-le-senegal-sadio-mane-forfait-pour-la-coupe-du-monde\/198693\/","title":{"rendered":"Mondial : Sadio Man\u00e9 n&rsquo;ira pas au Qatar !"},"content":{"rendered":"<p>C\u2019est un coup dur pour le S\u00e9n\u00e9gal, qui sera priv\u00e9 de son principal atout, Sadio Man\u00e9, forfait apr\u00e8s sa blessure, hier lors du match Bayern Munich &#8211; Werder Br\u00eame.<\/p>\n<p> Sadio Man\u00e9 ne jouera pas la Coupe du monde, lui qui avait emmen\u00e9 la s\u00e9lection de son pays vers la victoire finale en CAN avant de se qualifier pour le Mondial du Qatar.<\/p>\n<p>Le S\u00e9n\u00e9galais est sorti sur blessure lors de la victoire du Bayern Munich face au Werder Br\u00eame (6-1) hier soir, mais le milieu offensif se voulait, au d\u00e9but rassurant.<\/p>\n<p>Sadio Man\u00e9 souffre en r\u00e9alit\u00e9 d&rsquo;un tendon et devrait manquer plusieurs semaines de comp\u00e9tition et la Coupe du monde.<\/p>\n","protected":false},"excerpt":{"rendered":"<p>C\u2019est un coup dur pour le S\u00e9n\u00e9gal, qui sera priv\u00e9 de son principal atout, Sadio Man\u00e9, forfait apr\u00e8s sa blessure, hier lors du match Bayern Munich &#8211; Werder Br\u00eame&#8230;<\/p>\n","protected":false},"author":3162,"featured_media":348628,"comment_status":"open","ping_status":"closed","sticky":false,"template":"","format":"standard","meta":{"footnotes":""},"categories":[2593],"tags":[4066,5819,9033],"class_list":["post-198693","post","type-post","status-publish","format-standard","has-post-thumbnail","hentry","category-sport","tag-coupe-du-monde","tag-forfait","tag-sadio-mane"],"yoast_head":"<!-- This site is optimized with the Yoast SEO Premium plugin v27.4 (Yoast SEO v27.5) - https:\/\/yoast.com\/product\/yoast-seo-premium-wordpress\/ -->\n<title>Mondial : Sadio Man\u00e9 n&#039;ira pas au Qatar !<\/title>\n<meta name=\"description\" content=\"C\u2019est un coup dur pour le S\u00e9n\u00e9gal, qui sera priv\u00e9 de son principal atout, Sadio Man\u00e9, forfait apr\u00e8s sa blessure, hier lors du match Bayern Munich - Werder Br\u00eame...\" \/>\n<link rel=\"canonical\" href=\"https:\/\/www.webdo.tn\/fr\/actualite\/sport\/coup-dur-pour-le-senegal-sadio-mane-forfait-pour-la-coupe-du-monde\/198693\/\" \/>\n<meta property=\"og:locale\" content=\"fr_FR\" \/>\n<meta property=\"og:type\" content=\"article\" \/>\n<meta property=\"og:title\" content=\"Mondial : Sadio Man\u00e9 n&#039;ira pas au Qatar !\" \/>\n<meta property=\"og:description\" content=\"C\u2019est un coup dur pour le S\u00e9n\u00e9gal, qui sera priv\u00e9 de son principal atout, Sadio Man\u00e9, forfait apr\u00e8s sa blessure, hier lors du match Bayern Munich - Werder Br\u00eame...\" \/>\n<meta property=\"og:url\" content=\"https:\/\/www.webdo.tn\/fr\/actualite\/sport\/coup-dur-pour-le-senegal-sadio-mane-forfait-pour-la-coupe-du-monde\/198693\/\" \/>\n<meta property=\"og:site_name\" content=\"webdo\" \/>\n<meta property=\"article:publisher\" content=\"https:\/\/www.facebook.com\/webdotn\" \/>\n<meta property=\"article:published_time\" content=\"2022-11-09T11:16:00+00:00\" \/>\n<meta property=\"article:modified_time\" content=\"2025-05-22T11:44:56+00:00\" \/>\n<meta property=\"og:image\" content=\"https:\/\/www.webdo.tn\/fr\/wp-content\/uploads\/2022\/11\/53629961e5af7f36d36cab3236bc1390.jpg\" \/>\n\t<meta property=\"og:image:width\" content=\"619\" \/>\n\t<meta property=\"og:image:height\" content=\"330\" \/>\n\t<meta property=\"og:image:type\" content=\"image\/jpeg\" \/>\n<meta name=\"author\" content=\"MC\" \/>\n<meta name=\"twitter:card\" content=\"summary_large_image\" \/>\n<meta name=\"twitter:creator\" content=\"@webdo_tn\" \/>\n<meta name=\"twitter:site\" content=\"@webdo_tn\" \/>\n<meta name=\"twitter:label1\" content=\"\u00c9crit par\" \/>\n\t<meta name=\"twitter:data1\" content=\"MC\" \/>\n\t<meta name=\"twitter:label2\" content=\"Dur\u00e9e de lecture estim\u00e9e\" \/>\n\t<meta name=\"twitter:data2\" content=\"1 minute\" \/>\n<script type=\"application\/ld+json\" class=\"yoast-schema-graph\">{\"@context\":\"https:\\\/\\\/schema.org\",\"@graph\":[{\"@type\":\"NewsArticle\",\"@id\":\"https:\\\/\\\/www.webdo.tn\\\/fr\\\/actualite\\\/sport\\\/coup-dur-pour-le-senegal-sadio-mane-forfait-pour-la-coupe-du-monde\\\/198693\\\/#article\",\"isPartOf\":{\"@id\":\"https:\\\/\\\/www.webdo.tn\\\/fr\\\/actualite\\\/sport\\\/coup-dur-pour-le-senegal-sadio-mane-forfait-pour-la-coupe-du-monde\\\/198693\\\/\"},\"author\":{\"name\":\"MC\",\"@id\":\"https:\\\/\\\/www.webdo.tn\\\/fr\\\/#\\\/schema\\\/person\\\/2c4929cbf5a809e3bd38617c6ce150f6\"},\"headline\":\"Mondial : Sadio Man\u00e9 n&rsquo;ira pas au Qatar !\",\"datePublished\":\"2022-11-09T11:16:00+00:00\",\"dateModified\":\"2025-05-22T11:44:56+00:00\",\"mainEntityOfPage\":{\"@id\":\"https:\\\/\\\/www.webdo.tn\\\/fr\\\/actualite\\\/sport\\\/coup-dur-pour-le-senegal-sadio-mane-forfait-pour-la-coupe-du-monde\\\/198693\\\/\"},\"wordCount\":131,\"commentCount\":0,\"publisher\":{\"@id\":\"https:\\\/\\\/www.webdo.tn\\\/fr\\\/#organization\"},\"image\":{\"@id\":\"https:\\\/\\\/www.webdo.tn\\\/fr\\\/actualite\\\/sport\\\/coup-dur-pour-le-senegal-sadio-mane-forfait-pour-la-coupe-du-monde\\\/198693\\\/#primaryimage\"},\"thumbnailUrl\":\"https:\\\/\\\/www.webdo.tn\\\/fr\\\/wp-content\\\/uploads\\\/2022\\\/11\\\/53629961e5af7f36d36cab3236bc1390.jpg\",\"keywords\":[\"Coupe du Monde\",\"forfait\",\"sadio man\u00e9\"],\"articleSection\":[\"Sport\"],\"inLanguage\":\"fr-FR\"},{\"@type\":\"WebPage\",\"@id\":\"https:\\\/\\\/www.webdo.tn\\\/fr\\\/actualite\\\/sport\\\/coup-dur-pour-le-senegal-sadio-mane-forfait-pour-la-coupe-du-monde\\\/198693\\\/\",\"url\":\"https:\\\/\\\/www.webdo.tn\\\/fr\\\/actualite\\\/sport\\\/coup-dur-pour-le-senegal-sadio-mane-forfait-pour-la-coupe-du-monde\\\/198693\\\/\",\"name\":\"Mondial : Sadio Man\u00e9 n'ira pas au Qatar !\",\"isPartOf\":{\"@id\":\"https:\\\/\\\/www.webdo.tn\\\/fr\\\/#website\"},\"primaryImageOfPage\":{\"@id\":\"https:\\\/\\\/www.webdo.tn\\\/fr\\\/actualite\\\/sport\\\/coup-dur-pour-le-senegal-sadio-mane-forfait-pour-la-coupe-du-monde\\\/198693\\\/#primaryimage\"},\"image\":{\"@id\":\"https:\\\/\\\/www.webdo.tn\\\/fr\\\/actualite\\\/sport\\\/coup-dur-pour-le-senegal-sadio-mane-forfait-pour-la-coupe-du-monde\\\/198693\\\/#primaryimage\"},\"thumbnailUrl\":\"https:\\\/\\\/www.webdo.tn\\\/fr\\\/wp-content\\\/uploads\\\/2022\\\/11\\\/53629961e5af7f36d36cab3236bc1390.jpg\",\"datePublished\":\"2022-11-09T11:16:00+00:00\",\"dateModified\":\"2025-05-22T11:44:56+00:00\",\"description\":\"C\u2019est un coup dur pour le S\u00e9n\u00e9gal, qui sera priv\u00e9 de son principal atout, Sadio Man\u00e9, forfait apr\u00e8s sa blessure, hier lors du match Bayern Munich - Werder Br\u00eame...\",\"breadcrumb\":{\"@id\":\"https:\\\/\\\/www.webdo.tn\\\/fr\\\/actualite\\\/sport\\\/coup-dur-pour-le-senegal-sadio-mane-forfait-pour-la-coupe-du-monde\\\/198693\\\/#breadcrumb\"},\"inLanguage\":\"fr-FR\",\"potentialAction\":[{\"@type\":\"ReadAction\",\"target\":[\"https:\\\/\\\/www.webdo.tn\\\/fr\\\/actualite\\\/sport\\\/coup-dur-pour-le-senegal-sadio-mane-forfait-pour-la-coupe-du-monde\\\/198693\\\/\"]}]},{\"@type\":\"ImageObject\",\"inLanguage\":\"fr-FR\",\"@id\":\"https:\\\/\\\/www.webdo.tn\\\/fr\\\/actualite\\\/sport\\\/coup-dur-pour-le-senegal-sadio-mane-forfait-pour-la-coupe-du-monde\\\/198693\\\/#primaryimage\",\"url\":\"https:\\\/\\\/www.webdo.tn\\\/fr\\\/wp-content\\\/uploads\\\/2022\\\/11\\\/53629961e5af7f36d36cab3236bc1390.jpg\",\"contentUrl\":\"https:\\\/\\\/www.webdo.tn\\\/fr\\\/wp-content\\\/uploads\\\/2022\\\/11\\\/53629961e5af7f36d36cab3236bc1390.jpg\",\"width\":619,\"height\":330,\"caption\":\"Sadio Man\u00e9 forfait\"},{\"@type\":\"BreadcrumbList\",\"@id\":\"https:\\\/\\\/www.webdo.tn\\\/fr\\\/actualite\\\/sport\\\/coup-dur-pour-le-senegal-sadio-mane-forfait-pour-la-coupe-du-monde\\\/198693\\\/#breadcrumb\",\"itemListElement\":[{\"@type\":\"ListItem\",\"position\":1,\"name\":\"Accueil\",\"item\":\"https:\\\/\\\/www.webdo.tn\\\/fr\\\/\"},{\"@type\":\"ListItem\",\"position\":2,\"name\":\"Mondial : Sadio Man\u00e9 n&rsquo;ira pas au Qatar !\"}]},{\"@type\":\"WebSite\",\"@id\":\"https:\\\/\\\/www.webdo.tn\\\/fr\\\/#website\",\"url\":\"https:\\\/\\\/www.webdo.tn\\\/fr\\\/\",\"name\":\"webdo\",\"description\":\"Tunisie - News en Tunisie et \u00e0 l&#039;international sur Webdo.tn\",\"publisher\":{\"@id\":\"https:\\\/\\\/www.webdo.tn\\\/fr\\\/#organization\"},\"potentialAction\":[{\"@type\":\"SearchAction\",\"target\":{\"@type\":\"EntryPoint\",\"urlTemplate\":\"https:\\\/\\\/www.webdo.tn\\\/fr\\\/?s={search_term_string}\"},\"query-input\":{\"@type\":\"PropertyValueSpecification\",\"valueRequired\":true,\"valueName\":\"search_term_string\"}}],\"inLanguage\":\"fr-FR\"},{\"@type\":\"Organization\",\"@id\":\"https:\\\/\\\/www.webdo.tn\\\/fr\\\/#organization\",\"name\":\"Webdo\",\"alternateName\":\"Webdo.tn\",\"url\":\"https:\\\/\\\/www.webdo.tn\\\/fr\\\/\",\"logo\":{\"@type\":\"ImageObject\",\"inLanguage\":\"fr-FR\",\"@id\":\"https:\\\/\\\/www.webdo.tn\\\/fr\\\/#\\\/schema\\\/logo\\\/image\\\/\",\"url\":\"https:\\\/\\\/www.webdo.tn\\\/fr\\\/wp-content\\\/uploads\\\/2025\\\/06\\\/Webdo-Tunisie_168377.jpg\",\"contentUrl\":\"https:\\\/\\\/www.webdo.tn\\\/fr\\\/wp-content\\\/uploads\\\/2025\\\/06\\\/Webdo-Tunisie_168377.jpg\",\"width\":301,\"height\":301,\"caption\":\"Webdo\"},\"image\":{\"@id\":\"https:\\\/\\\/www.webdo.tn\\\/fr\\\/#\\\/schema\\\/logo\\\/image\\\/\"},\"sameAs\":[\"https:\\\/\\\/www.facebook.com\\\/webdotn\",\"https:\\\/\\\/x.com\\\/webdo_tn\"],\"description\":\"Webdo est un m\u00e9dia num\u00e9rique tunisien fond\u00e9 en 2010, sp\u00e9cialis\u00e9 dans l\u2019actualit\u00e9 nationale et internationale, l\u2019\u00e9conomie, la soci\u00e9t\u00e9 et les analyses politiques. Le site s\u2019adresse \u00e0 un large public francophone et couvre l\u2019information tunisienne en temps r\u00e9el.\",\"email\":\"redac@webdo.tn\",\"legalName\":\"YNJ SARL\",\"foundingDate\":\"2010-09-06\",\"numberOfEmployees\":{\"@type\":\"QuantitativeValue\",\"minValue\":\"11\",\"maxValue\":\"50\"}},{\"@type\":\"Person\",\"@id\":\"https:\\\/\\\/www.webdo.tn\\\/fr\\\/#\\\/schema\\\/person\\\/2c4929cbf5a809e3bd38617c6ce150f6\",\"name\":\"MC\",\"image\":{\"@type\":\"ImageObject\",\"inLanguage\":\"fr-FR\",\"@id\":\"https:\\\/\\\/secure.gravatar.com\\\/avatar\\\/a545bbb6f84efdd5553dbbc2895e3ca8f1d12c5215e00a041c9670b54aa9b18a?s=96&d=mm&r=g\",\"url\":\"https:\\\/\\\/secure.gravatar.com\\\/avatar\\\/a545bbb6f84efdd5553dbbc2895e3ca8f1d12c5215e00a041c9670b54aa9b18a?s=96&d=mm&r=g\",\"contentUrl\":\"https:\\\/\\\/secure.gravatar.com\\\/avatar\\\/a545bbb6f84efdd5553dbbc2895e3ca8f1d12c5215e00a041c9670b54aa9b18a?s=96&d=mm&r=g\",\"caption\":\"MC\"},\"url\":\"https:\\\/\\\/www.webdo.tn\\\/fr\\\/actualite\\\/author\\\/mc\\\/\"}]}<\/script>\n<!-- \/ Yoast SEO Premium plugin. -->","yoast_head_json":{"title":"Mondial : Sadio Man\u00e9 n'ira pas au Qatar !","description":"C\u2019est un coup dur pour le S\u00e9n\u00e9gal, qui sera priv\u00e9 de son principal atout, Sadio Man\u00e9, forfait apr\u00e8s sa blessure, hier lors du match Bayern Munich - Werder Br\u00eame...","canonical":"https:\/\/www.webdo.tn\/fr\/actualite\/sport\/coup-dur-pour-le-senegal-sadio-mane-forfait-pour-la-coupe-du-monde\/198693\/","og_locale":"fr_FR","og_type":"article","og_title":"Mondial : Sadio Man\u00e9 n'ira pas au Qatar !","og_description":"C\u2019est un coup dur pour le S\u00e9n\u00e9gal, qui sera priv\u00e9 de son principal atout, Sadio Man\u00e9, forfait apr\u00e8s sa blessure, hier lors du match Bayern Munich - Werder Br\u00eame...","og_url":"https:\/\/www.webdo.tn\/fr\/actualite\/sport\/coup-dur-pour-le-senegal-sadio-mane-forfait-pour-la-coupe-du-monde\/198693\/","og_site_name":"webdo","article_publisher":"https:\/\/www.facebook.com\/webdotn","article_published_time":"2022-11-09T11:16:00+00:00","article_modified_time":"2025-05-22T11:44:56+00:00","og_image":[{"width":619,"height":330,"url":"https:\/\/www.webdo.tn\/fr\/wp-content\/uploads\/2022\/11\/53629961e5af7f36d36cab3236bc1390.jpg","type":"image\/jpeg"}],"author":"MC","twitter_card":"summary_large_image","twitter_creator":"@webdo_tn","twitter_site":"@webdo_tn","twitter_misc":{"\u00c9crit par":"MC","Dur\u00e9e de lecture estim\u00e9e":"1 minute"},"schema":{"@context":"https:\/\/schema.org","@graph":[{"@type":"NewsArticle","@id":"https:\/\/www.webdo.tn\/fr\/actualite\/sport\/coup-dur-pour-le-senegal-sadio-mane-forfait-pour-la-coupe-du-monde\/198693\/#article","isPartOf":{"@id":"https:\/\/www.webdo.tn\/fr\/actualite\/sport\/coup-dur-pour-le-senegal-sadio-mane-forfait-pour-la-coupe-du-monde\/198693\/"},"author":{"name":"MC","@id":"https:\/\/www.webdo.tn\/fr\/#\/schema\/person\/2c4929cbf5a809e3bd38617c6ce150f6"},"headline":"Mondial : Sadio Man\u00e9 n&rsquo;ira pas au Qatar !","datePublished":"2022-11-09T11:16:00+00:00","dateModified":"2025-05-22T11:44:56+00:00","mainEntityOfPage":{"@id":"https:\/\/www.webdo.tn\/fr\/actualite\/sport\/coup-dur-pour-le-senegal-sadio-mane-forfait-pour-la-coupe-du-monde\/198693\/"},"wordCount":131,"commentCount":0,"publisher":{"@id":"https:\/\/www.webdo.tn\/fr\/#organization"},"image":{"@id":"https:\/\/www.webdo.tn\/fr\/actualite\/sport\/coup-dur-pour-le-senegal-sadio-mane-forfait-pour-la-coupe-du-monde\/198693\/#primaryimage"},"thumbnailUrl":"https:\/\/www.webdo.tn\/fr\/wp-content\/uploads\/2022\/11\/53629961e5af7f36d36cab3236bc1390.jpg","keywords":["Coupe du Monde","forfait","sadio man\u00e9"],"articleSection":["Sport"],"inLanguage":"fr-FR"},{"@type":"WebPage","@id":"https:\/\/www.webdo.tn\/fr\/actualite\/sport\/coup-dur-pour-le-senegal-sadio-mane-forfait-pour-la-coupe-du-monde\/198693\/","url":"https:\/\/www.webdo.tn\/fr\/actualite\/sport\/coup-dur-pour-le-senegal-sadio-mane-forfait-pour-la-coupe-du-monde\/198693\/","name":"Mondial : Sadio Man\u00e9 n'ira pas au Qatar !","isPartOf":{"@id":"https:\/\/www.webdo.tn\/fr\/#website"},"primaryImageOfPage":{"@id":"https:\/\/www.webdo.tn\/fr\/actualite\/sport\/coup-dur-pour-le-senegal-sadio-mane-forfait-pour-la-coupe-du-monde\/198693\/#primaryimage"},"image":{"@id":"https:\/\/www.webdo.tn\/fr\/actualite\/sport\/coup-dur-pour-le-senegal-sadio-mane-forfait-pour-la-coupe-du-monde\/198693\/#primaryimage"},"thumbnailUrl":"https:\/\/www.webdo.tn\/fr\/wp-content\/uploads\/2022\/11\/53629961e5af7f36d36cab3236bc1390.jpg","datePublished":"2022-11-09T11:16:00+00:00","dateModified":"2025-05-22T11:44:56+00:00","description":"C\u2019est un coup dur pour le S\u00e9n\u00e9gal, qui sera priv\u00e9 de son principal atout, Sadio Man\u00e9, forfait apr\u00e8s sa blessure, hier lors du match Bayern Munich - Werder Br\u00eame...","breadcrumb":{"@id":"https:\/\/www.webdo.tn\/fr\/actualite\/sport\/coup-dur-pour-le-senegal-sadio-mane-forfait-pour-la-coupe-du-monde\/198693\/#breadcrumb"},"inLanguage":"fr-FR","potentialAction":[{"@type":"ReadAction","target":["https:\/\/www.webdo.tn\/fr\/actualite\/sport\/coup-dur-pour-le-senegal-sadio-mane-forfait-pour-la-coupe-du-monde\/198693\/"]}]},{"@type":"ImageObject","inLanguage":"fr-FR","@id":"https:\/\/www.webdo.tn\/fr\/actualite\/sport\/coup-dur-pour-le-senegal-sadio-mane-forfait-pour-la-coupe-du-monde\/198693\/#primaryimage","url":"https:\/\/www.webdo.tn\/fr\/wp-content\/uploads\/2022\/11\/53629961e5af7f36d36cab3236bc1390.jpg","contentUrl":"https:\/\/www.webdo.tn\/fr\/wp-content\/uploads\/2022\/11\/53629961e5af7f36d36cab3236bc1390.jpg","width":619,"height":330,"caption":"Sadio Man\u00e9 forfait"},{"@type":"BreadcrumbList","@id":"https:\/\/www.webdo.tn\/fr\/actualite\/sport\/coup-dur-pour-le-senegal-sadio-mane-forfait-pour-la-coupe-du-monde\/198693\/#breadcrumb","itemListElement":[{"@type":"ListItem","position":1,"name":"Accueil","item":"https:\/\/www.webdo.tn\/fr\/"},{"@type":"ListItem","position":2,"name":"Mondial : Sadio Man\u00e9 n&rsquo;ira pas au Qatar !"}]},{"@type":"WebSite","@id":"https:\/\/www.webdo.tn\/fr\/#website","url":"https:\/\/www.webdo.tn\/fr\/","name":"webdo","description":"Tunisie - News en Tunisie et \u00e0 l&#039;international sur Webdo.tn","publisher":{"@id":"https:\/\/www.webdo.tn\/fr\/#organization"},"potentialAction":[{"@type":"SearchAction","target":{"@type":"EntryPoint","urlTemplate":"https:\/\/www.webdo.tn\/fr\/?s={search_term_string}"},"query-input":{"@type":"PropertyValueSpecification","valueRequired":true,"valueName":"search_term_string"}}],"inLanguage":"fr-FR"},{"@type":"Organization","@id":"https:\/\/www.webdo.tn\/fr\/#organization","name":"Webdo","alternateName":"Webdo.tn","url":"https:\/\/www.webdo.tn\/fr\/","logo":{"@type":"ImageObject","inLanguage":"fr-FR","@id":"https:\/\/www.webdo.tn\/fr\/#\/schema\/logo\/image\/","url":"https:\/\/www.webdo.tn\/fr\/wp-content\/uploads\/2025\/06\/Webdo-Tunisie_168377.jpg","contentUrl":"https:\/\/www.webdo.tn\/fr\/wp-content\/uploads\/2025\/06\/Webdo-Tunisie_168377.jpg","width":301,"height":301,"caption":"Webdo"},"image":{"@id":"https:\/\/www.webdo.tn\/fr\/#\/schema\/logo\/image\/"},"sameAs":["https:\/\/www.facebook.com\/webdotn","https:\/\/x.com\/webdo_tn"],"description":"Webdo est un m\u00e9dia num\u00e9rique tunisien fond\u00e9 en 2010, sp\u00e9cialis\u00e9 dans l\u2019actualit\u00e9 nationale et internationale, l\u2019\u00e9conomie, la soci\u00e9t\u00e9 et les analyses politiques. Le site s\u2019adresse \u00e0 un large public francophone et couvre l\u2019information tunisienne en temps r\u00e9el.","email":"redac@webdo.tn","legalName":"YNJ SARL","foundingDate":"2010-09-06","numberOfEmployees":{"@type":"QuantitativeValue","minValue":"11","maxValue":"50"}},{"@type":"Person","@id":"https:\/\/www.webdo.tn\/fr\/#\/schema\/person\/2c4929cbf5a809e3bd38617c6ce150f6","name":"MC","image":{"@type":"ImageObject","inLanguage":"fr-FR","@id":"https:\/\/secure.gravatar.com\/avatar\/a545bbb6f84efdd5553dbbc2895e3ca8f1d12c5215e00a041c9670b54aa9b18a?s=96&d=mm&r=g","url":"https:\/\/secure.gravatar.com\/avatar\/a545bbb6f84efdd5553dbbc2895e3ca8f1d12c5215e00a041c9670b54aa9b18a?s=96&d=mm&r=g","contentUrl":"https:\/\/secure.gravatar.com\/avatar\/a545bbb6f84efdd5553dbbc2895e3ca8f1d12c5215e00a041c9670b54aa9b18a?s=96&d=mm&r=g","caption":"MC"},"url":"https:\/\/www.webdo.tn\/fr\/actualite\/author\/mc\/"}]}},"_links":{"self":[{"href":"https:\/\/www.webdo.tn\/fr\/wp-json\/wp\/v2\/posts\/198693","targetHints":{"allow":["GET"]}}],"collection":[{"href":"https:\/\/www.webdo.tn\/fr\/wp-json\/wp\/v2\/posts"}],"about":[{"href":"https:\/\/www.webdo.tn\/fr\/wp-json\/wp\/v2\/types\/post"}],"author":[{"embeddable":true,"href":"https:\/\/www.webdo.tn\/fr\/wp-json\/wp\/v2\/users\/3162"}],"replies":[{"embeddable":true,"href":"https:\/\/www.webdo.tn\/fr\/wp-json\/wp\/v2\/comments?post=198693"}],"version-history":[{"count":0,"href":"https:\/\/www.webdo.tn\/fr\/wp-json\/wp\/v2\/posts\/198693\/revisions"}],"wp:featuredmedia":[{"embeddable":true,"href":"https:\/\/www.webdo.tn\/fr\/wp-json\/wp\/v2\/media\/348628"}],"wp:attachment":[{"href":"https:\/\/www.webdo.tn\/fr\/wp-json\/wp\/v2\/media?parent=198693"}],"wp:term":[{"taxonomy":"category","embeddable":true,"href":"https:\/\/www.webdo.tn\/fr\/wp-json\/wp\/v2\/categories?post=198693"},{"taxonomy":"post_tag","embeddable":true,"href":"https:\/\/www.webdo.tn\/fr\/wp-json\/wp\/v2\/tags?post=198693"}],"curies":[{"name":"wp","href":"https:\/\/api.w.org\/{rel}","templated":true}]}}