{"id":198677,"date":"2022-11-08T21:13:00","date_gmt":"2022-11-08T21:13:00","guid":{"rendered":"https:\/\/www.webdo.tn\/fr\/blog\/saluer-un-officiel-israelien-est-ce-apparente-a-de-la-normalisation\/198677\/"},"modified":"2025-05-20T22:05:45","modified_gmt":"2025-05-20T22:05:45","slug":"saluer-un-officiel-israelien-est-ce-apparente-a-de-la-normalisation","status":"publish","type":"post","link":"https:\/\/www.webdo.tn\/fr\/actualite\/national\/saluer-un-officiel-israelien-est-ce-apparente-a-de-la-normalisation\/198677\/","title":{"rendered":"Saluer un officiel isra\u00e9lien, est-ce apparent\u00e9 \u00e0 de la normalisation ?"},"content":{"rendered":"<p>Saluer un officiel isra\u00e9lien, est-ce apparent\u00e9 \u00e0 de la normalisation ? La Cheffe du gouvernement Najla Bouden a \u00e9t\u00e9 \u00e9pingl\u00e9e aujourd&rsquo;hui dans une vid\u00e9o pour avoir \u00e9chang\u00e9 avec le pr\u00e9sident isra\u00e9lien Isaac Herzog \u00e0 l\u2019occasion de la COP27 qui se tient en \u00c9gypte.<\/p>\n<p>\t\t\t\t\t\t\t\t\tDans la photo de groupe des responsables pr\u00e9sents, on la voit \u00e9changer des paroles et des rires avec le pr\u00e9sident isra\u00e9lien, ce qui n&rsquo;a pas plu, par exemple, au secr\u00e9taire g\u00e9n\u00e9ral adjoint de l\u2019UGTT, Sami Tahri, qualifiant cette attitude de scandaleuse.<\/p>\n<p>La vid\u00e9o a suscit\u00e9 une grande controverse en Tunisie notamment parce que le pr\u00e9sident de la R\u00e9publique, Kais Saied, consid\u00e8re toutes sortes de normalisation comme une trahison \u00e9lev\u00e9e.<\/p>\n<p>Ibrahim Rezgui, secr\u00e9taire g\u00e9n\u00e9ral du Syndicat du corps diplomatique, a tenu \u00e0 pr\u00e9ciser, aujourd&rsquo;hui, sur les ondes de Mosa\u00efque fm, que l\u2019\u00e9change entre la cheffe du gouvernement et le pr\u00e9sident isra\u00e9lien, ne peut \u00eatre consid\u00e9r\u00e9 comme une normalisation.<\/p>\n<p>Il a ajout\u00e9 que la normalisation entre deux pays signifie une reconnaissance mutuelle et des relations diplomatiques et commerciales.<\/p>\n<p>Il a \u00e9galement rappel\u00e9 que \u00ab\u00a0le geste de Najla Bouden n\u2019est pas une premi\u00e8re, rappelant que le ministre de la D\u00e9fense, Imed Memmich, avait serr\u00e9 la main d\u2019un \u00e9missaire isra\u00e9lien, lors d\u2019un \u00e9v\u00e9nement de l\u2019OTAN \u00e0 Berlin\u00a0\u00bb.<\/p>\n<p>Les \u00e9changes de courtoisie entre des officiels tunisiens et isra\u00e9liens ne peuvent \u00eatre apparent\u00e9s \u00e0 une normalisation, selon lui.<\/p>\n","protected":false},"excerpt":{"rendered":"<p>Saluer un officiel isra\u00e9lien, est-ce apparent\u00e9 \u00e0 de la normalisation ? La Cheffe du gouvernement Najla Bouden a \u00e9t\u00e9 \u00e9pingl\u00e9e aujourd&rsquo;hui dans une vid\u00e9o pour avo&#8230;<\/p>\n","protected":false},"author":3162,"featured_media":277210,"comment_status":"open","ping_status":"closed","sticky":false,"template":"","format":"standard","meta":{"footnotes":""},"categories":[44],"tags":[2636,8290,3729],"class_list":["post-198677","post","type-post","status-publish","format-standard","has-post-thumbnail","hentry","category-national","tag-israel","tag-najla-bouden","tag-normalisation"],"yoast_head":"<!-- This site is optimized with the Yoast SEO Premium plugin v27.5 (Yoast SEO v27.5) - https:\/\/yoast.com\/product\/yoast-seo-premium-wordpress\/ -->\n<title>Saluer un officiel isra\u00e9lien, est-ce apparent\u00e9 \u00e0 de la normalisation ?<\/title>\n<meta name=\"description\" content=\"Saluer un officiel isra\u00e9lien, est-ce apparent\u00e9 \u00e0 de la normalisation ? La Cheffe du gouvernement Najla Bouden a \u00e9t\u00e9 \u00e9pingl\u00e9e aujourd&#039;hui dans une vid\u00e9o pour avo...\" \/>\n<link rel=\"canonical\" href=\"https:\/\/www.webdo.tn\/fr\/actualite\/national\/saluer-un-officiel-israelien-est-ce-apparente-a-de-la-normalisation\/198677\/\" \/>\n<meta property=\"og:locale\" content=\"fr_FR\" \/>\n<meta property=\"og:type\" content=\"article\" \/>\n<meta property=\"og:title\" content=\"Saluer un officiel isra\u00e9lien, est-ce apparent\u00e9 \u00e0 de la normalisation ?\" \/>\n<meta property=\"og:description\" content=\"Saluer un officiel isra\u00e9lien, est-ce apparent\u00e9 \u00e0 de la normalisation ? La Cheffe du gouvernement Najla Bouden a \u00e9t\u00e9 \u00e9pingl\u00e9e aujourd&#039;hui dans une vid\u00e9o pour avo...\" \/>\n<meta property=\"og:url\" content=\"https:\/\/www.webdo.tn\/fr\/actualite\/national\/saluer-un-officiel-israelien-est-ce-apparente-a-de-la-normalisation\/198677\/\" \/>\n<meta property=\"og:site_name\" content=\"webdo\" \/>\n<meta property=\"article:publisher\" content=\"https:\/\/www.facebook.com\/webdotn\" \/>\n<meta property=\"article:published_time\" content=\"2022-11-08T21:13:00+00:00\" \/>\n<meta property=\"article:modified_time\" content=\"2025-05-20T22:05:45+00:00\" \/>\n<meta property=\"og:image\" content=\"https:\/\/www.webdo.tn\/fr\/wp-content\/uploads\/2022\/11\/d512705e61a48fc5333da360c0f253ee.png\" \/>\n\t<meta property=\"og:image:width\" content=\"750\" \/>\n\t<meta property=\"og:image:height\" content=\"400\" \/>\n\t<meta property=\"og:image:type\" content=\"image\/png\" \/>\n<meta name=\"author\" content=\"MC\" \/>\n<meta name=\"twitter:card\" content=\"summary_large_image\" \/>\n<meta name=\"twitter:creator\" content=\"@webdo_tn\" \/>\n<meta name=\"twitter:site\" content=\"@webdo_tn\" \/>\n<meta name=\"twitter:label1\" content=\"\u00c9crit par\" \/>\n\t<meta name=\"twitter:data1\" content=\"MC\" \/>\n\t<meta name=\"twitter:label2\" content=\"Dur\u00e9e de lecture estim\u00e9e\" \/>\n\t<meta name=\"twitter:data2\" content=\"1 minute\" \/>\n<script type=\"application\/ld+json\" class=\"yoast-schema-graph\">{\"@context\":\"https:\\\/\\\/schema.org\",\"@graph\":[{\"@type\":\"NewsArticle\",\"@id\":\"https:\\\/\\\/www.webdo.tn\\\/fr\\\/actualite\\\/national\\\/saluer-un-officiel-israelien-est-ce-apparente-a-de-la-normalisation\\\/198677\\\/#article\",\"isPartOf\":{\"@id\":\"https:\\\/\\\/www.webdo.tn\\\/fr\\\/actualite\\\/national\\\/saluer-un-officiel-israelien-est-ce-apparente-a-de-la-normalisation\\\/198677\\\/\"},\"author\":{\"name\":\"MC\",\"@id\":\"https:\\\/\\\/www.webdo.tn\\\/fr\\\/#\\\/schema\\\/person\\\/2c4929cbf5a809e3bd38617c6ce150f6\"},\"headline\":\"Saluer un officiel isra\u00e9lien, est-ce apparent\u00e9 \u00e0 de la normalisation ?\",\"datePublished\":\"2022-11-08T21:13:00+00:00\",\"dateModified\":\"2025-05-20T22:05:45+00:00\",\"mainEntityOfPage\":{\"@id\":\"https:\\\/\\\/www.webdo.tn\\\/fr\\\/actualite\\\/national\\\/saluer-un-officiel-israelien-est-ce-apparente-a-de-la-normalisation\\\/198677\\\/\"},\"wordCount\":269,\"commentCount\":0,\"publisher\":{\"@id\":\"https:\\\/\\\/www.webdo.tn\\\/fr\\\/#organization\"},\"image\":{\"@id\":\"https:\\\/\\\/www.webdo.tn\\\/fr\\\/actualite\\\/national\\\/saluer-un-officiel-israelien-est-ce-apparente-a-de-la-normalisation\\\/198677\\\/#primaryimage\"},\"thumbnailUrl\":\"https:\\\/\\\/www.webdo.tn\\\/fr\\\/wp-content\\\/uploads\\\/2022\\\/11\\\/d512705e61a48fc5333da360c0f253ee.png\",\"keywords\":[\"isra\u00ebl\",\"Najla Bouden\",\"normalisation\"],\"articleSection\":[\"National\"],\"inLanguage\":\"fr-FR\"},{\"@type\":\"WebPage\",\"@id\":\"https:\\\/\\\/www.webdo.tn\\\/fr\\\/actualite\\\/national\\\/saluer-un-officiel-israelien-est-ce-apparente-a-de-la-normalisation\\\/198677\\\/\",\"url\":\"https:\\\/\\\/www.webdo.tn\\\/fr\\\/actualite\\\/national\\\/saluer-un-officiel-israelien-est-ce-apparente-a-de-la-normalisation\\\/198677\\\/\",\"name\":\"Saluer un officiel isra\u00e9lien, est-ce apparent\u00e9 \u00e0 de la normalisation ?\",\"isPartOf\":{\"@id\":\"https:\\\/\\\/www.webdo.tn\\\/fr\\\/#website\"},\"primaryImageOfPage\":{\"@id\":\"https:\\\/\\\/www.webdo.tn\\\/fr\\\/actualite\\\/national\\\/saluer-un-officiel-israelien-est-ce-apparente-a-de-la-normalisation\\\/198677\\\/#primaryimage\"},\"image\":{\"@id\":\"https:\\\/\\\/www.webdo.tn\\\/fr\\\/actualite\\\/national\\\/saluer-un-officiel-israelien-est-ce-apparente-a-de-la-normalisation\\\/198677\\\/#primaryimage\"},\"thumbnailUrl\":\"https:\\\/\\\/www.webdo.tn\\\/fr\\\/wp-content\\\/uploads\\\/2022\\\/11\\\/d512705e61a48fc5333da360c0f253ee.png\",\"datePublished\":\"2022-11-08T21:13:00+00:00\",\"dateModified\":\"2025-05-20T22:05:45+00:00\",\"description\":\"Saluer un officiel isra\u00e9lien, est-ce apparent\u00e9 \u00e0 de la normalisation ? La Cheffe du gouvernement Najla Bouden a \u00e9t\u00e9 \u00e9pingl\u00e9e aujourd'hui dans une vid\u00e9o pour avo...\",\"breadcrumb\":{\"@id\":\"https:\\\/\\\/www.webdo.tn\\\/fr\\\/actualite\\\/national\\\/saluer-un-officiel-israelien-est-ce-apparente-a-de-la-normalisation\\\/198677\\\/#breadcrumb\"},\"inLanguage\":\"fr-FR\",\"potentialAction\":[{\"@type\":\"ReadAction\",\"target\":[\"https:\\\/\\\/www.webdo.tn\\\/fr\\\/actualite\\\/national\\\/saluer-un-officiel-israelien-est-ce-apparente-a-de-la-normalisation\\\/198677\\\/\"]}]},{\"@type\":\"ImageObject\",\"inLanguage\":\"fr-FR\",\"@id\":\"https:\\\/\\\/www.webdo.tn\\\/fr\\\/actualite\\\/national\\\/saluer-un-officiel-israelien-est-ce-apparente-a-de-la-normalisation\\\/198677\\\/#primaryimage\",\"url\":\"https:\\\/\\\/www.webdo.tn\\\/fr\\\/wp-content\\\/uploads\\\/2022\\\/11\\\/d512705e61a48fc5333da360c0f253ee.png\",\"contentUrl\":\"https:\\\/\\\/www.webdo.tn\\\/fr\\\/wp-content\\\/uploads\\\/2022\\\/11\\\/d512705e61a48fc5333da360c0f253ee.png\",\"width\":750,\"height\":400,\"caption\":\"Najla Bouden \u00e9pingl\u00e9e\"},{\"@type\":\"BreadcrumbList\",\"@id\":\"https:\\\/\\\/www.webdo.tn\\\/fr\\\/actualite\\\/national\\\/saluer-un-officiel-israelien-est-ce-apparente-a-de-la-normalisation\\\/198677\\\/#breadcrumb\",\"itemListElement\":[{\"@type\":\"ListItem\",\"position\":1,\"name\":\"Accueil\",\"item\":\"https:\\\/\\\/www.webdo.tn\\\/fr\\\/\"},{\"@type\":\"ListItem\",\"position\":2,\"name\":\"Saluer un officiel isra\u00e9lien, est-ce apparent\u00e9 \u00e0 de la normalisation ?\"}]},{\"@type\":\"WebSite\",\"@id\":\"https:\\\/\\\/www.webdo.tn\\\/fr\\\/#website\",\"url\":\"https:\\\/\\\/www.webdo.tn\\\/fr\\\/\",\"name\":\"webdo\",\"description\":\"Tunisie - News en Tunisie et \u00e0 l&#039;international sur Webdo.tn\",\"publisher\":{\"@id\":\"https:\\\/\\\/www.webdo.tn\\\/fr\\\/#organization\"},\"potentialAction\":[{\"@type\":\"SearchAction\",\"target\":{\"@type\":\"EntryPoint\",\"urlTemplate\":\"https:\\\/\\\/www.webdo.tn\\\/fr\\\/?s={search_term_string}\"},\"query-input\":{\"@type\":\"PropertyValueSpecification\",\"valueRequired\":true,\"valueName\":\"search_term_string\"}}],\"inLanguage\":\"fr-FR\"},{\"@type\":\"Organization\",\"@id\":\"https:\\\/\\\/www.webdo.tn\\\/fr\\\/#organization\",\"name\":\"Webdo\",\"alternateName\":\"Webdo.tn\",\"url\":\"https:\\\/\\\/www.webdo.tn\\\/fr\\\/\",\"logo\":{\"@type\":\"ImageObject\",\"inLanguage\":\"fr-FR\",\"@id\":\"https:\\\/\\\/www.webdo.tn\\\/fr\\\/#\\\/schema\\\/logo\\\/image\\\/\",\"url\":\"https:\\\/\\\/www.webdo.tn\\\/fr\\\/wp-content\\\/uploads\\\/2025\\\/06\\\/Webdo-Tunisie_168377.jpg\",\"contentUrl\":\"https:\\\/\\\/www.webdo.tn\\\/fr\\\/wp-content\\\/uploads\\\/2025\\\/06\\\/Webdo-Tunisie_168377.jpg\",\"width\":301,\"height\":301,\"caption\":\"Webdo\"},\"image\":{\"@id\":\"https:\\\/\\\/www.webdo.tn\\\/fr\\\/#\\\/schema\\\/logo\\\/image\\\/\"},\"sameAs\":[\"https:\\\/\\\/www.facebook.com\\\/webdotn\",\"https:\\\/\\\/x.com\\\/webdo_tn\"],\"description\":\"Webdo est un m\u00e9dia num\u00e9rique tunisien fond\u00e9 en 2010, sp\u00e9cialis\u00e9 dans l\u2019actualit\u00e9 nationale et internationale, l\u2019\u00e9conomie, la soci\u00e9t\u00e9 et les analyses politiques. Le site s\u2019adresse \u00e0 un large public francophone et couvre l\u2019information tunisienne en temps r\u00e9el.\",\"email\":\"redac@webdo.tn\",\"legalName\":\"YNJ SARL\",\"foundingDate\":\"2010-09-06\",\"numberOfEmployees\":{\"@type\":\"QuantitativeValue\",\"minValue\":\"11\",\"maxValue\":\"50\"}},{\"@type\":\"Person\",\"@id\":\"https:\\\/\\\/www.webdo.tn\\\/fr\\\/#\\\/schema\\\/person\\\/2c4929cbf5a809e3bd38617c6ce150f6\",\"name\":\"MC\",\"image\":{\"@type\":\"ImageObject\",\"inLanguage\":\"fr-FR\",\"@id\":\"https:\\\/\\\/secure.gravatar.com\\\/avatar\\\/a545bbb6f84efdd5553dbbc2895e3ca8f1d12c5215e00a041c9670b54aa9b18a?s=96&d=mm&r=g\",\"url\":\"https:\\\/\\\/secure.gravatar.com\\\/avatar\\\/a545bbb6f84efdd5553dbbc2895e3ca8f1d12c5215e00a041c9670b54aa9b18a?s=96&d=mm&r=g\",\"contentUrl\":\"https:\\\/\\\/secure.gravatar.com\\\/avatar\\\/a545bbb6f84efdd5553dbbc2895e3ca8f1d12c5215e00a041c9670b54aa9b18a?s=96&d=mm&r=g\",\"caption\":\"MC\"},\"url\":\"https:\\\/\\\/www.webdo.tn\\\/fr\\\/actualite\\\/author\\\/mc\\\/\"}]}<\/script>\n<!-- \/ Yoast SEO Premium plugin. -->","yoast_head_json":{"title":"Saluer un officiel isra\u00e9lien, est-ce apparent\u00e9 \u00e0 de la normalisation ?","description":"Saluer un officiel isra\u00e9lien, est-ce apparent\u00e9 \u00e0 de la normalisation ? La Cheffe du gouvernement Najla Bouden a \u00e9t\u00e9 \u00e9pingl\u00e9e aujourd'hui dans une vid\u00e9o pour avo...","canonical":"https:\/\/www.webdo.tn\/fr\/actualite\/national\/saluer-un-officiel-israelien-est-ce-apparente-a-de-la-normalisation\/198677\/","og_locale":"fr_FR","og_type":"article","og_title":"Saluer un officiel isra\u00e9lien, est-ce apparent\u00e9 \u00e0 de la normalisation ?","og_description":"Saluer un officiel isra\u00e9lien, est-ce apparent\u00e9 \u00e0 de la normalisation ? La Cheffe du gouvernement Najla Bouden a \u00e9t\u00e9 \u00e9pingl\u00e9e aujourd'hui dans une vid\u00e9o pour avo...","og_url":"https:\/\/www.webdo.tn\/fr\/actualite\/national\/saluer-un-officiel-israelien-est-ce-apparente-a-de-la-normalisation\/198677\/","og_site_name":"webdo","article_publisher":"https:\/\/www.facebook.com\/webdotn","article_published_time":"2022-11-08T21:13:00+00:00","article_modified_time":"2025-05-20T22:05:45+00:00","og_image":[{"width":750,"height":400,"url":"https:\/\/www.webdo.tn\/fr\/wp-content\/uploads\/2022\/11\/d512705e61a48fc5333da360c0f253ee.png","type":"image\/png"}],"author":"MC","twitter_card":"summary_large_image","twitter_creator":"@webdo_tn","twitter_site":"@webdo_tn","twitter_misc":{"\u00c9crit par":"MC","Dur\u00e9e de lecture estim\u00e9e":"1 minute"},"schema":{"@context":"https:\/\/schema.org","@graph":[{"@type":"NewsArticle","@id":"https:\/\/www.webdo.tn\/fr\/actualite\/national\/saluer-un-officiel-israelien-est-ce-apparente-a-de-la-normalisation\/198677\/#article","isPartOf":{"@id":"https:\/\/www.webdo.tn\/fr\/actualite\/national\/saluer-un-officiel-israelien-est-ce-apparente-a-de-la-normalisation\/198677\/"},"author":{"name":"MC","@id":"https:\/\/www.webdo.tn\/fr\/#\/schema\/person\/2c4929cbf5a809e3bd38617c6ce150f6"},"headline":"Saluer un officiel isra\u00e9lien, est-ce apparent\u00e9 \u00e0 de la normalisation ?","datePublished":"2022-11-08T21:13:00+00:00","dateModified":"2025-05-20T22:05:45+00:00","mainEntityOfPage":{"@id":"https:\/\/www.webdo.tn\/fr\/actualite\/national\/saluer-un-officiel-israelien-est-ce-apparente-a-de-la-normalisation\/198677\/"},"wordCount":269,"commentCount":0,"publisher":{"@id":"https:\/\/www.webdo.tn\/fr\/#organization"},"image":{"@id":"https:\/\/www.webdo.tn\/fr\/actualite\/national\/saluer-un-officiel-israelien-est-ce-apparente-a-de-la-normalisation\/198677\/#primaryimage"},"thumbnailUrl":"https:\/\/www.webdo.tn\/fr\/wp-content\/uploads\/2022\/11\/d512705e61a48fc5333da360c0f253ee.png","keywords":["isra\u00ebl","Najla Bouden","normalisation"],"articleSection":["National"],"inLanguage":"fr-FR"},{"@type":"WebPage","@id":"https:\/\/www.webdo.tn\/fr\/actualite\/national\/saluer-un-officiel-israelien-est-ce-apparente-a-de-la-normalisation\/198677\/","url":"https:\/\/www.webdo.tn\/fr\/actualite\/national\/saluer-un-officiel-israelien-est-ce-apparente-a-de-la-normalisation\/198677\/","name":"Saluer un officiel isra\u00e9lien, est-ce apparent\u00e9 \u00e0 de la normalisation ?","isPartOf":{"@id":"https:\/\/www.webdo.tn\/fr\/#website"},"primaryImageOfPage":{"@id":"https:\/\/www.webdo.tn\/fr\/actualite\/national\/saluer-un-officiel-israelien-est-ce-apparente-a-de-la-normalisation\/198677\/#primaryimage"},"image":{"@id":"https:\/\/www.webdo.tn\/fr\/actualite\/national\/saluer-un-officiel-israelien-est-ce-apparente-a-de-la-normalisation\/198677\/#primaryimage"},"thumbnailUrl":"https:\/\/www.webdo.tn\/fr\/wp-content\/uploads\/2022\/11\/d512705e61a48fc5333da360c0f253ee.png","datePublished":"2022-11-08T21:13:00+00:00","dateModified":"2025-05-20T22:05:45+00:00","description":"Saluer un officiel isra\u00e9lien, est-ce apparent\u00e9 \u00e0 de la normalisation ? La Cheffe du gouvernement Najla Bouden a \u00e9t\u00e9 \u00e9pingl\u00e9e aujourd'hui dans une vid\u00e9o pour avo...","breadcrumb":{"@id":"https:\/\/www.webdo.tn\/fr\/actualite\/national\/saluer-un-officiel-israelien-est-ce-apparente-a-de-la-normalisation\/198677\/#breadcrumb"},"inLanguage":"fr-FR","potentialAction":[{"@type":"ReadAction","target":["https:\/\/www.webdo.tn\/fr\/actualite\/national\/saluer-un-officiel-israelien-est-ce-apparente-a-de-la-normalisation\/198677\/"]}]},{"@type":"ImageObject","inLanguage":"fr-FR","@id":"https:\/\/www.webdo.tn\/fr\/actualite\/national\/saluer-un-officiel-israelien-est-ce-apparente-a-de-la-normalisation\/198677\/#primaryimage","url":"https:\/\/www.webdo.tn\/fr\/wp-content\/uploads\/2022\/11\/d512705e61a48fc5333da360c0f253ee.png","contentUrl":"https:\/\/www.webdo.tn\/fr\/wp-content\/uploads\/2022\/11\/d512705e61a48fc5333da360c0f253ee.png","width":750,"height":400,"caption":"Najla Bouden \u00e9pingl\u00e9e"},{"@type":"BreadcrumbList","@id":"https:\/\/www.webdo.tn\/fr\/actualite\/national\/saluer-un-officiel-israelien-est-ce-apparente-a-de-la-normalisation\/198677\/#breadcrumb","itemListElement":[{"@type":"ListItem","position":1,"name":"Accueil","item":"https:\/\/www.webdo.tn\/fr\/"},{"@type":"ListItem","position":2,"name":"Saluer un officiel isra\u00e9lien, est-ce apparent\u00e9 \u00e0 de la normalisation ?"}]},{"@type":"WebSite","@id":"https:\/\/www.webdo.tn\/fr\/#website","url":"https:\/\/www.webdo.tn\/fr\/","name":"webdo","description":"Tunisie - News en Tunisie et \u00e0 l&#039;international sur Webdo.tn","publisher":{"@id":"https:\/\/www.webdo.tn\/fr\/#organization"},"potentialAction":[{"@type":"SearchAction","target":{"@type":"EntryPoint","urlTemplate":"https:\/\/www.webdo.tn\/fr\/?s={search_term_string}"},"query-input":{"@type":"PropertyValueSpecification","valueRequired":true,"valueName":"search_term_string"}}],"inLanguage":"fr-FR"},{"@type":"Organization","@id":"https:\/\/www.webdo.tn\/fr\/#organization","name":"Webdo","alternateName":"Webdo.tn","url":"https:\/\/www.webdo.tn\/fr\/","logo":{"@type":"ImageObject","inLanguage":"fr-FR","@id":"https:\/\/www.webdo.tn\/fr\/#\/schema\/logo\/image\/","url":"https:\/\/www.webdo.tn\/fr\/wp-content\/uploads\/2025\/06\/Webdo-Tunisie_168377.jpg","contentUrl":"https:\/\/www.webdo.tn\/fr\/wp-content\/uploads\/2025\/06\/Webdo-Tunisie_168377.jpg","width":301,"height":301,"caption":"Webdo"},"image":{"@id":"https:\/\/www.webdo.tn\/fr\/#\/schema\/logo\/image\/"},"sameAs":["https:\/\/www.facebook.com\/webdotn","https:\/\/x.com\/webdo_tn"],"description":"Webdo est un m\u00e9dia num\u00e9rique tunisien fond\u00e9 en 2010, sp\u00e9cialis\u00e9 dans l\u2019actualit\u00e9 nationale et internationale, l\u2019\u00e9conomie, la soci\u00e9t\u00e9 et les analyses politiques. Le site s\u2019adresse \u00e0 un large public francophone et couvre l\u2019information tunisienne en temps r\u00e9el.","email":"redac@webdo.tn","legalName":"YNJ SARL","foundingDate":"2010-09-06","numberOfEmployees":{"@type":"QuantitativeValue","minValue":"11","maxValue":"50"}},{"@type":"Person","@id":"https:\/\/www.webdo.tn\/fr\/#\/schema\/person\/2c4929cbf5a809e3bd38617c6ce150f6","name":"MC","image":{"@type":"ImageObject","inLanguage":"fr-FR","@id":"https:\/\/secure.gravatar.com\/avatar\/a545bbb6f84efdd5553dbbc2895e3ca8f1d12c5215e00a041c9670b54aa9b18a?s=96&d=mm&r=g","url":"https:\/\/secure.gravatar.com\/avatar\/a545bbb6f84efdd5553dbbc2895e3ca8f1d12c5215e00a041c9670b54aa9b18a?s=96&d=mm&r=g","contentUrl":"https:\/\/secure.gravatar.com\/avatar\/a545bbb6f84efdd5553dbbc2895e3ca8f1d12c5215e00a041c9670b54aa9b18a?s=96&d=mm&r=g","caption":"MC"},"url":"https:\/\/www.webdo.tn\/fr\/actualite\/author\/mc\/"}]}},"_links":{"self":[{"href":"https:\/\/www.webdo.tn\/fr\/wp-json\/wp\/v2\/posts\/198677","targetHints":{"allow":["GET"]}}],"collection":[{"href":"https:\/\/www.webdo.tn\/fr\/wp-json\/wp\/v2\/posts"}],"about":[{"href":"https:\/\/www.webdo.tn\/fr\/wp-json\/wp\/v2\/types\/post"}],"author":[{"embeddable":true,"href":"https:\/\/www.webdo.tn\/fr\/wp-json\/wp\/v2\/users\/3162"}],"replies":[{"embeddable":true,"href":"https:\/\/www.webdo.tn\/fr\/wp-json\/wp\/v2\/comments?post=198677"}],"version-history":[{"count":0,"href":"https:\/\/www.webdo.tn\/fr\/wp-json\/wp\/v2\/posts\/198677\/revisions"}],"wp:featuredmedia":[{"embeddable":true,"href":"https:\/\/www.webdo.tn\/fr\/wp-json\/wp\/v2\/media\/277210"}],"wp:attachment":[{"href":"https:\/\/www.webdo.tn\/fr\/wp-json\/wp\/v2\/media?parent=198677"}],"wp:term":[{"taxonomy":"category","embeddable":true,"href":"https:\/\/www.webdo.tn\/fr\/wp-json\/wp\/v2\/categories?post=198677"},{"taxonomy":"post_tag","embeddable":true,"href":"https:\/\/www.webdo.tn\/fr\/wp-json\/wp\/v2\/tags?post=198677"}],"curies":[{"name":"wp","href":"https:\/\/api.w.org\/{rel}","templated":true}]}}