{"id":198672,"date":"2022-11-08T20:05:00","date_gmt":"2022-11-08T20:05:00","guid":{"rendered":"https:\/\/www.webdo.tn\/fr\/blog\/la-federation-de-l-enseignement-de-base-menace-d-escalade\/198672\/"},"modified":"2025-05-20T22:05:44","modified_gmt":"2025-05-20T22:05:44","slug":"la-federation-de-l-enseignement-de-base-menace-d-escalade","status":"publish","type":"post","link":"https:\/\/www.webdo.tn\/fr\/actualite\/national\/la-federation-de-l-enseignement-de-base-menace-d-escalade\/198672\/","title":{"rendered":"La F\u00e9d\u00e9ration de l&rsquo;enseignement de base menace d&rsquo;escalade"},"content":{"rendered":"<p>\u00ab\u00a0Le minist\u00e8re de l&rsquo;\u00e9ducation traite le dossier des enseignants suppl\u00e9ants en \u00e9mettant des menaces\u00a0\u00bb, c&rsquo;est ce qu&rsquo;a indiqu\u00e9 Taoufik Chebbi, secr\u00e9taire g\u00e9n\u00e9ral adjoint de la f\u00e9d\u00e9ration g\u00e9n\u00e9rale de l&rsquo;enseignement de base.<\/p>\n<p>\t\t\t\t\t\t\t\t\tIl r\u00e9agissait \u00e0 un communiqu\u00e9 du minist\u00e8re concernant le contrat \u00e0 signer par les enseignants suppl\u00e9ants, estimant que le but est de mettre fin \u00e0 la gr\u00e8ve qui a priv\u00e9 des milliers d&rsquo;\u00e9l\u00e8ves de leur droit \u00e0 l&rsquo;\u00e9ducation.<\/p>\n<p>\u00ab\u00a0La menace du minist\u00e8re de mettre fin \u00e0 toute relation de travail en cas de non signature du contrat avant le 10 novembre courant, sera confront\u00e9e par une r\u00e9action de la f\u00e9d\u00e9ration g\u00e9n\u00e9rale de l&rsquo;enseignement de base et de ses adh\u00e9rents\u00a0\u00bb, a-t-il affirm\u00e9.<\/p>\n<p>D&rsquo;autre part, il a estim\u00e9 que le contrat propos\u00e9 par le minist\u00e8re de l&rsquo;Education est humiliant et en contradiction avec l&rsquo;accord du 8 mai 2018, rapporte l&rsquo;agence TAP<\/p>\n<p>Selon lui, le minist\u00e8re m\u00e8ne une pression et menace les enseignants suppl\u00e9ants au lieu d&rsquo;entamer un dialogue pour r\u00e9soudre le probl\u00e8me et pouvoir reprendre les cours, a-t-il encore expliqu\u00e9.<\/p>\n<p>La f\u00e9d\u00e9ration poursuivra ses mouvements de protestation, a notamment ajout\u00e9 Chebbi.<\/p>\n<p>Le minist\u00e8re de l\u2019Education a publi\u00e9, ce mardi 8 novembre, un communiqu\u00e9, dans lequel il pr\u00e9cise les dispositions, y compris financi\u00e8res, des contrats qu\u2019il a \u00e9tabli au nom des enseignant gr\u00e9vistes.<\/p>\n<p>Le minist\u00e8re pr\u00e9cise, en outre que les enseignants d\u00e9sireux de r\u00e9gulariser leur situation doivent signer ces contrats mis \u00e0 leur disposition, avant le 10 novembre. Date \u00e0 laquelle ils seront consid\u00e9r\u00e9s comme d\u00e9faillants et seront remplac\u00e9s.<\/p>\n","protected":false},"excerpt":{"rendered":"<p>Le minist\u00e8re de l&rsquo;\u00e9ducation traite le dossier des enseignants suppl\u00e9ants en \u00e9mettant des menaces , c&rsquo;est ce qu&rsquo;a indiqu\u00e9 Taoufik Chebbi, secr\u00e9taire g\u00e9n\u00e9ral adj&#8230;<\/p>\n","protected":false},"author":3162,"featured_media":277206,"comment_status":"open","ping_status":"closed","sticky":false,"template":"","format":"standard","meta":{"footnotes":""},"categories":[44],"tags":[2634,3911,2647],"class_list":["post-198672","post","type-post","status-publish","format-standard","has-post-thumbnail","hentry","category-national","tag-education","tag-enseignants","tag-greve"],"yoast_head":"<!-- This site is optimized with the Yoast SEO Premium plugin v27.4 (Yoast SEO v27.5) - https:\/\/yoast.com\/product\/yoast-seo-premium-wordpress\/ -->\n<title>La F\u00e9d\u00e9ration de l&#039;enseignement de base menace d&#039;escalade<\/title>\n<meta name=\"description\" content=\"Le minist\u00e8re de l&#039;\u00e9ducation traite le dossier des enseignants suppl\u00e9ants en \u00e9mettant des menaces , c&#039;est ce qu&#039;a indiqu\u00e9 Taoufik Chebbi, secr\u00e9taire g\u00e9n\u00e9ral adj...\" \/>\n<link rel=\"canonical\" href=\"https:\/\/www.webdo.tn\/fr\/actualite\/national\/la-federation-de-l-enseignement-de-base-menace-d-escalade\/198672\/\" \/>\n<meta property=\"og:locale\" content=\"fr_FR\" \/>\n<meta property=\"og:type\" content=\"article\" \/>\n<meta property=\"og:title\" content=\"La F\u00e9d\u00e9ration de l&#039;enseignement de base menace d&#039;escalade\" \/>\n<meta property=\"og:description\" content=\"Le minist\u00e8re de l&#039;\u00e9ducation traite le dossier des enseignants suppl\u00e9ants en \u00e9mettant des menaces , c&#039;est ce qu&#039;a indiqu\u00e9 Taoufik Chebbi, secr\u00e9taire g\u00e9n\u00e9ral adj...\" \/>\n<meta property=\"og:url\" content=\"https:\/\/www.webdo.tn\/fr\/actualite\/national\/la-federation-de-l-enseignement-de-base-menace-d-escalade\/198672\/\" \/>\n<meta property=\"og:site_name\" content=\"webdo\" \/>\n<meta property=\"article:publisher\" content=\"https:\/\/www.facebook.com\/webdotn\" \/>\n<meta property=\"article:published_time\" content=\"2022-11-08T20:05:00+00:00\" \/>\n<meta property=\"article:modified_time\" content=\"2025-05-20T22:05:44+00:00\" \/>\n<meta property=\"og:image\" content=\"https:\/\/www.webdo.tn\/fr\/wp-content\/uploads\/2022\/11\/b87e87d964f2c4e6d6318ae2756dd6f5.jpg\" \/>\n\t<meta property=\"og:image:width\" content=\"750\" \/>\n\t<meta property=\"og:image:height\" content=\"400\" \/>\n\t<meta property=\"og:image:type\" content=\"image\/jpeg\" \/>\n<meta name=\"author\" content=\"MC\" \/>\n<meta name=\"twitter:card\" content=\"summary_large_image\" \/>\n<meta name=\"twitter:creator\" content=\"@webdo_tn\" \/>\n<meta name=\"twitter:site\" content=\"@webdo_tn\" \/>\n<meta name=\"twitter:label1\" content=\"\u00c9crit par\" \/>\n\t<meta name=\"twitter:data1\" content=\"MC\" \/>\n\t<meta name=\"twitter:label2\" content=\"Dur\u00e9e de lecture estim\u00e9e\" \/>\n\t<meta name=\"twitter:data2\" content=\"1 minute\" \/>\n<script type=\"application\/ld+json\" class=\"yoast-schema-graph\">{\"@context\":\"https:\\\/\\\/schema.org\",\"@graph\":[{\"@type\":\"NewsArticle\",\"@id\":\"https:\\\/\\\/www.webdo.tn\\\/fr\\\/actualite\\\/national\\\/la-federation-de-l-enseignement-de-base-menace-d-escalade\\\/198672\\\/#article\",\"isPartOf\":{\"@id\":\"https:\\\/\\\/www.webdo.tn\\\/fr\\\/actualite\\\/national\\\/la-federation-de-l-enseignement-de-base-menace-d-escalade\\\/198672\\\/\"},\"author\":{\"name\":\"MC\",\"@id\":\"https:\\\/\\\/www.webdo.tn\\\/fr\\\/#\\\/schema\\\/person\\\/2c4929cbf5a809e3bd38617c6ce150f6\"},\"headline\":\"La F\u00e9d\u00e9ration de l&rsquo;enseignement de base menace d&rsquo;escalade\",\"datePublished\":\"2022-11-08T20:05:00+00:00\",\"dateModified\":\"2025-05-20T22:05:44+00:00\",\"mainEntityOfPage\":{\"@id\":\"https:\\\/\\\/www.webdo.tn\\\/fr\\\/actualite\\\/national\\\/la-federation-de-l-enseignement-de-base-menace-d-escalade\\\/198672\\\/\"},\"wordCount\":303,\"commentCount\":0,\"publisher\":{\"@id\":\"https:\\\/\\\/www.webdo.tn\\\/fr\\\/#organization\"},\"image\":{\"@id\":\"https:\\\/\\\/www.webdo.tn\\\/fr\\\/actualite\\\/national\\\/la-federation-de-l-enseignement-de-base-menace-d-escalade\\\/198672\\\/#primaryimage\"},\"thumbnailUrl\":\"https:\\\/\\\/www.webdo.tn\\\/fr\\\/wp-content\\\/uploads\\\/2022\\\/11\\\/b87e87d964f2c4e6d6318ae2756dd6f5.jpg\",\"keywords\":[\"\u00e9ducation\",\"enseignants\",\"Gr\u00e8ve\"],\"articleSection\":[\"National\"],\"inLanguage\":\"fr-FR\"},{\"@type\":\"WebPage\",\"@id\":\"https:\\\/\\\/www.webdo.tn\\\/fr\\\/actualite\\\/national\\\/la-federation-de-l-enseignement-de-base-menace-d-escalade\\\/198672\\\/\",\"url\":\"https:\\\/\\\/www.webdo.tn\\\/fr\\\/actualite\\\/national\\\/la-federation-de-l-enseignement-de-base-menace-d-escalade\\\/198672\\\/\",\"name\":\"La F\u00e9d\u00e9ration de l'enseignement de base menace d'escalade\",\"isPartOf\":{\"@id\":\"https:\\\/\\\/www.webdo.tn\\\/fr\\\/#website\"},\"primaryImageOfPage\":{\"@id\":\"https:\\\/\\\/www.webdo.tn\\\/fr\\\/actualite\\\/national\\\/la-federation-de-l-enseignement-de-base-menace-d-escalade\\\/198672\\\/#primaryimage\"},\"image\":{\"@id\":\"https:\\\/\\\/www.webdo.tn\\\/fr\\\/actualite\\\/national\\\/la-federation-de-l-enseignement-de-base-menace-d-escalade\\\/198672\\\/#primaryimage\"},\"thumbnailUrl\":\"https:\\\/\\\/www.webdo.tn\\\/fr\\\/wp-content\\\/uploads\\\/2022\\\/11\\\/b87e87d964f2c4e6d6318ae2756dd6f5.jpg\",\"datePublished\":\"2022-11-08T20:05:00+00:00\",\"dateModified\":\"2025-05-20T22:05:44+00:00\",\"description\":\"Le minist\u00e8re de l'\u00e9ducation traite le dossier des enseignants suppl\u00e9ants en \u00e9mettant des menaces , c'est ce qu'a indiqu\u00e9 Taoufik Chebbi, secr\u00e9taire g\u00e9n\u00e9ral adj...\",\"breadcrumb\":{\"@id\":\"https:\\\/\\\/www.webdo.tn\\\/fr\\\/actualite\\\/national\\\/la-federation-de-l-enseignement-de-base-menace-d-escalade\\\/198672\\\/#breadcrumb\"},\"inLanguage\":\"fr-FR\",\"potentialAction\":[{\"@type\":\"ReadAction\",\"target\":[\"https:\\\/\\\/www.webdo.tn\\\/fr\\\/actualite\\\/national\\\/la-federation-de-l-enseignement-de-base-menace-d-escalade\\\/198672\\\/\"]}]},{\"@type\":\"ImageObject\",\"inLanguage\":\"fr-FR\",\"@id\":\"https:\\\/\\\/www.webdo.tn\\\/fr\\\/actualite\\\/national\\\/la-federation-de-l-enseignement-de-base-menace-d-escalade\\\/198672\\\/#primaryimage\",\"url\":\"https:\\\/\\\/www.webdo.tn\\\/fr\\\/wp-content\\\/uploads\\\/2022\\\/11\\\/b87e87d964f2c4e6d6318ae2756dd6f5.jpg\",\"contentUrl\":\"https:\\\/\\\/www.webdo.tn\\\/fr\\\/wp-content\\\/uploads\\\/2022\\\/11\\\/b87e87d964f2c4e6d6318ae2756dd6f5.jpg\",\"width\":750,\"height\":400,\"caption\":\"Les \u00e9l\u00e8ves victimes du bras de fer entre le syndicat et le minist\u00e8re\"},{\"@type\":\"BreadcrumbList\",\"@id\":\"https:\\\/\\\/www.webdo.tn\\\/fr\\\/actualite\\\/national\\\/la-federation-de-l-enseignement-de-base-menace-d-escalade\\\/198672\\\/#breadcrumb\",\"itemListElement\":[{\"@type\":\"ListItem\",\"position\":1,\"name\":\"Accueil\",\"item\":\"https:\\\/\\\/www.webdo.tn\\\/fr\\\/\"},{\"@type\":\"ListItem\",\"position\":2,\"name\":\"La F\u00e9d\u00e9ration de l&rsquo;enseignement de base menace d&rsquo;escalade\"}]},{\"@type\":\"WebSite\",\"@id\":\"https:\\\/\\\/www.webdo.tn\\\/fr\\\/#website\",\"url\":\"https:\\\/\\\/www.webdo.tn\\\/fr\\\/\",\"name\":\"webdo\",\"description\":\"Tunisie - News en Tunisie et \u00e0 l&#039;international sur Webdo.tn\",\"publisher\":{\"@id\":\"https:\\\/\\\/www.webdo.tn\\\/fr\\\/#organization\"},\"potentialAction\":[{\"@type\":\"SearchAction\",\"target\":{\"@type\":\"EntryPoint\",\"urlTemplate\":\"https:\\\/\\\/www.webdo.tn\\\/fr\\\/?s={search_term_string}\"},\"query-input\":{\"@type\":\"PropertyValueSpecification\",\"valueRequired\":true,\"valueName\":\"search_term_string\"}}],\"inLanguage\":\"fr-FR\"},{\"@type\":\"Organization\",\"@id\":\"https:\\\/\\\/www.webdo.tn\\\/fr\\\/#organization\",\"name\":\"Webdo\",\"alternateName\":\"Webdo.tn\",\"url\":\"https:\\\/\\\/www.webdo.tn\\\/fr\\\/\",\"logo\":{\"@type\":\"ImageObject\",\"inLanguage\":\"fr-FR\",\"@id\":\"https:\\\/\\\/www.webdo.tn\\\/fr\\\/#\\\/schema\\\/logo\\\/image\\\/\",\"url\":\"https:\\\/\\\/www.webdo.tn\\\/fr\\\/wp-content\\\/uploads\\\/2025\\\/06\\\/Webdo-Tunisie_168377.jpg\",\"contentUrl\":\"https:\\\/\\\/www.webdo.tn\\\/fr\\\/wp-content\\\/uploads\\\/2025\\\/06\\\/Webdo-Tunisie_168377.jpg\",\"width\":301,\"height\":301,\"caption\":\"Webdo\"},\"image\":{\"@id\":\"https:\\\/\\\/www.webdo.tn\\\/fr\\\/#\\\/schema\\\/logo\\\/image\\\/\"},\"sameAs\":[\"https:\\\/\\\/www.facebook.com\\\/webdotn\",\"https:\\\/\\\/x.com\\\/webdo_tn\"],\"description\":\"Webdo est un m\u00e9dia num\u00e9rique tunisien fond\u00e9 en 2010, sp\u00e9cialis\u00e9 dans l\u2019actualit\u00e9 nationale et internationale, l\u2019\u00e9conomie, la soci\u00e9t\u00e9 et les analyses politiques. Le site s\u2019adresse \u00e0 un large public francophone et couvre l\u2019information tunisienne en temps r\u00e9el.\",\"email\":\"redac@webdo.tn\",\"legalName\":\"YNJ SARL\",\"foundingDate\":\"2010-09-06\",\"numberOfEmployees\":{\"@type\":\"QuantitativeValue\",\"minValue\":\"11\",\"maxValue\":\"50\"}},{\"@type\":\"Person\",\"@id\":\"https:\\\/\\\/www.webdo.tn\\\/fr\\\/#\\\/schema\\\/person\\\/2c4929cbf5a809e3bd38617c6ce150f6\",\"name\":\"MC\",\"image\":{\"@type\":\"ImageObject\",\"inLanguage\":\"fr-FR\",\"@id\":\"https:\\\/\\\/secure.gravatar.com\\\/avatar\\\/a545bbb6f84efdd5553dbbc2895e3ca8f1d12c5215e00a041c9670b54aa9b18a?s=96&d=mm&r=g\",\"url\":\"https:\\\/\\\/secure.gravatar.com\\\/avatar\\\/a545bbb6f84efdd5553dbbc2895e3ca8f1d12c5215e00a041c9670b54aa9b18a?s=96&d=mm&r=g\",\"contentUrl\":\"https:\\\/\\\/secure.gravatar.com\\\/avatar\\\/a545bbb6f84efdd5553dbbc2895e3ca8f1d12c5215e00a041c9670b54aa9b18a?s=96&d=mm&r=g\",\"caption\":\"MC\"},\"url\":\"https:\\\/\\\/www.webdo.tn\\\/fr\\\/actualite\\\/author\\\/mc\\\/\"}]}<\/script>\n<!-- \/ Yoast SEO Premium plugin. -->","yoast_head_json":{"title":"La F\u00e9d\u00e9ration de l'enseignement de base menace d'escalade","description":"Le minist\u00e8re de l'\u00e9ducation traite le dossier des enseignants suppl\u00e9ants en \u00e9mettant des menaces , c'est ce qu'a indiqu\u00e9 Taoufik Chebbi, secr\u00e9taire g\u00e9n\u00e9ral adj...","canonical":"https:\/\/www.webdo.tn\/fr\/actualite\/national\/la-federation-de-l-enseignement-de-base-menace-d-escalade\/198672\/","og_locale":"fr_FR","og_type":"article","og_title":"La F\u00e9d\u00e9ration de l'enseignement de base menace d'escalade","og_description":"Le minist\u00e8re de l'\u00e9ducation traite le dossier des enseignants suppl\u00e9ants en \u00e9mettant des menaces , c'est ce qu'a indiqu\u00e9 Taoufik Chebbi, secr\u00e9taire g\u00e9n\u00e9ral adj...","og_url":"https:\/\/www.webdo.tn\/fr\/actualite\/national\/la-federation-de-l-enseignement-de-base-menace-d-escalade\/198672\/","og_site_name":"webdo","article_publisher":"https:\/\/www.facebook.com\/webdotn","article_published_time":"2022-11-08T20:05:00+00:00","article_modified_time":"2025-05-20T22:05:44+00:00","og_image":[{"width":750,"height":400,"url":"https:\/\/www.webdo.tn\/fr\/wp-content\/uploads\/2022\/11\/b87e87d964f2c4e6d6318ae2756dd6f5.jpg","type":"image\/jpeg"}],"author":"MC","twitter_card":"summary_large_image","twitter_creator":"@webdo_tn","twitter_site":"@webdo_tn","twitter_misc":{"\u00c9crit par":"MC","Dur\u00e9e de lecture estim\u00e9e":"1 minute"},"schema":{"@context":"https:\/\/schema.org","@graph":[{"@type":"NewsArticle","@id":"https:\/\/www.webdo.tn\/fr\/actualite\/national\/la-federation-de-l-enseignement-de-base-menace-d-escalade\/198672\/#article","isPartOf":{"@id":"https:\/\/www.webdo.tn\/fr\/actualite\/national\/la-federation-de-l-enseignement-de-base-menace-d-escalade\/198672\/"},"author":{"name":"MC","@id":"https:\/\/www.webdo.tn\/fr\/#\/schema\/person\/2c4929cbf5a809e3bd38617c6ce150f6"},"headline":"La F\u00e9d\u00e9ration de l&rsquo;enseignement de base menace d&rsquo;escalade","datePublished":"2022-11-08T20:05:00+00:00","dateModified":"2025-05-20T22:05:44+00:00","mainEntityOfPage":{"@id":"https:\/\/www.webdo.tn\/fr\/actualite\/national\/la-federation-de-l-enseignement-de-base-menace-d-escalade\/198672\/"},"wordCount":303,"commentCount":0,"publisher":{"@id":"https:\/\/www.webdo.tn\/fr\/#organization"},"image":{"@id":"https:\/\/www.webdo.tn\/fr\/actualite\/national\/la-federation-de-l-enseignement-de-base-menace-d-escalade\/198672\/#primaryimage"},"thumbnailUrl":"https:\/\/www.webdo.tn\/fr\/wp-content\/uploads\/2022\/11\/b87e87d964f2c4e6d6318ae2756dd6f5.jpg","keywords":["\u00e9ducation","enseignants","Gr\u00e8ve"],"articleSection":["National"],"inLanguage":"fr-FR"},{"@type":"WebPage","@id":"https:\/\/www.webdo.tn\/fr\/actualite\/national\/la-federation-de-l-enseignement-de-base-menace-d-escalade\/198672\/","url":"https:\/\/www.webdo.tn\/fr\/actualite\/national\/la-federation-de-l-enseignement-de-base-menace-d-escalade\/198672\/","name":"La F\u00e9d\u00e9ration de l'enseignement de base menace d'escalade","isPartOf":{"@id":"https:\/\/www.webdo.tn\/fr\/#website"},"primaryImageOfPage":{"@id":"https:\/\/www.webdo.tn\/fr\/actualite\/national\/la-federation-de-l-enseignement-de-base-menace-d-escalade\/198672\/#primaryimage"},"image":{"@id":"https:\/\/www.webdo.tn\/fr\/actualite\/national\/la-federation-de-l-enseignement-de-base-menace-d-escalade\/198672\/#primaryimage"},"thumbnailUrl":"https:\/\/www.webdo.tn\/fr\/wp-content\/uploads\/2022\/11\/b87e87d964f2c4e6d6318ae2756dd6f5.jpg","datePublished":"2022-11-08T20:05:00+00:00","dateModified":"2025-05-20T22:05:44+00:00","description":"Le minist\u00e8re de l'\u00e9ducation traite le dossier des enseignants suppl\u00e9ants en \u00e9mettant des menaces , c'est ce qu'a indiqu\u00e9 Taoufik Chebbi, secr\u00e9taire g\u00e9n\u00e9ral adj...","breadcrumb":{"@id":"https:\/\/www.webdo.tn\/fr\/actualite\/national\/la-federation-de-l-enseignement-de-base-menace-d-escalade\/198672\/#breadcrumb"},"inLanguage":"fr-FR","potentialAction":[{"@type":"ReadAction","target":["https:\/\/www.webdo.tn\/fr\/actualite\/national\/la-federation-de-l-enseignement-de-base-menace-d-escalade\/198672\/"]}]},{"@type":"ImageObject","inLanguage":"fr-FR","@id":"https:\/\/www.webdo.tn\/fr\/actualite\/national\/la-federation-de-l-enseignement-de-base-menace-d-escalade\/198672\/#primaryimage","url":"https:\/\/www.webdo.tn\/fr\/wp-content\/uploads\/2022\/11\/b87e87d964f2c4e6d6318ae2756dd6f5.jpg","contentUrl":"https:\/\/www.webdo.tn\/fr\/wp-content\/uploads\/2022\/11\/b87e87d964f2c4e6d6318ae2756dd6f5.jpg","width":750,"height":400,"caption":"Les \u00e9l\u00e8ves victimes du bras de fer entre le syndicat et le minist\u00e8re"},{"@type":"BreadcrumbList","@id":"https:\/\/www.webdo.tn\/fr\/actualite\/national\/la-federation-de-l-enseignement-de-base-menace-d-escalade\/198672\/#breadcrumb","itemListElement":[{"@type":"ListItem","position":1,"name":"Accueil","item":"https:\/\/www.webdo.tn\/fr\/"},{"@type":"ListItem","position":2,"name":"La F\u00e9d\u00e9ration de l&rsquo;enseignement de base menace d&rsquo;escalade"}]},{"@type":"WebSite","@id":"https:\/\/www.webdo.tn\/fr\/#website","url":"https:\/\/www.webdo.tn\/fr\/","name":"webdo","description":"Tunisie - News en Tunisie et \u00e0 l&#039;international sur Webdo.tn","publisher":{"@id":"https:\/\/www.webdo.tn\/fr\/#organization"},"potentialAction":[{"@type":"SearchAction","target":{"@type":"EntryPoint","urlTemplate":"https:\/\/www.webdo.tn\/fr\/?s={search_term_string}"},"query-input":{"@type":"PropertyValueSpecification","valueRequired":true,"valueName":"search_term_string"}}],"inLanguage":"fr-FR"},{"@type":"Organization","@id":"https:\/\/www.webdo.tn\/fr\/#organization","name":"Webdo","alternateName":"Webdo.tn","url":"https:\/\/www.webdo.tn\/fr\/","logo":{"@type":"ImageObject","inLanguage":"fr-FR","@id":"https:\/\/www.webdo.tn\/fr\/#\/schema\/logo\/image\/","url":"https:\/\/www.webdo.tn\/fr\/wp-content\/uploads\/2025\/06\/Webdo-Tunisie_168377.jpg","contentUrl":"https:\/\/www.webdo.tn\/fr\/wp-content\/uploads\/2025\/06\/Webdo-Tunisie_168377.jpg","width":301,"height":301,"caption":"Webdo"},"image":{"@id":"https:\/\/www.webdo.tn\/fr\/#\/schema\/logo\/image\/"},"sameAs":["https:\/\/www.facebook.com\/webdotn","https:\/\/x.com\/webdo_tn"],"description":"Webdo est un m\u00e9dia num\u00e9rique tunisien fond\u00e9 en 2010, sp\u00e9cialis\u00e9 dans l\u2019actualit\u00e9 nationale et internationale, l\u2019\u00e9conomie, la soci\u00e9t\u00e9 et les analyses politiques. Le site s\u2019adresse \u00e0 un large public francophone et couvre l\u2019information tunisienne en temps r\u00e9el.","email":"redac@webdo.tn","legalName":"YNJ SARL","foundingDate":"2010-09-06","numberOfEmployees":{"@type":"QuantitativeValue","minValue":"11","maxValue":"50"}},{"@type":"Person","@id":"https:\/\/www.webdo.tn\/fr\/#\/schema\/person\/2c4929cbf5a809e3bd38617c6ce150f6","name":"MC","image":{"@type":"ImageObject","inLanguage":"fr-FR","@id":"https:\/\/secure.gravatar.com\/avatar\/a545bbb6f84efdd5553dbbc2895e3ca8f1d12c5215e00a041c9670b54aa9b18a?s=96&d=mm&r=g","url":"https:\/\/secure.gravatar.com\/avatar\/a545bbb6f84efdd5553dbbc2895e3ca8f1d12c5215e00a041c9670b54aa9b18a?s=96&d=mm&r=g","contentUrl":"https:\/\/secure.gravatar.com\/avatar\/a545bbb6f84efdd5553dbbc2895e3ca8f1d12c5215e00a041c9670b54aa9b18a?s=96&d=mm&r=g","caption":"MC"},"url":"https:\/\/www.webdo.tn\/fr\/actualite\/author\/mc\/"}]}},"_links":{"self":[{"href":"https:\/\/www.webdo.tn\/fr\/wp-json\/wp\/v2\/posts\/198672","targetHints":{"allow":["GET"]}}],"collection":[{"href":"https:\/\/www.webdo.tn\/fr\/wp-json\/wp\/v2\/posts"}],"about":[{"href":"https:\/\/www.webdo.tn\/fr\/wp-json\/wp\/v2\/types\/post"}],"author":[{"embeddable":true,"href":"https:\/\/www.webdo.tn\/fr\/wp-json\/wp\/v2\/users\/3162"}],"replies":[{"embeddable":true,"href":"https:\/\/www.webdo.tn\/fr\/wp-json\/wp\/v2\/comments?post=198672"}],"version-history":[{"count":0,"href":"https:\/\/www.webdo.tn\/fr\/wp-json\/wp\/v2\/posts\/198672\/revisions"}],"wp:featuredmedia":[{"embeddable":true,"href":"https:\/\/www.webdo.tn\/fr\/wp-json\/wp\/v2\/media\/277206"}],"wp:attachment":[{"href":"https:\/\/www.webdo.tn\/fr\/wp-json\/wp\/v2\/media?parent=198672"}],"wp:term":[{"taxonomy":"category","embeddable":true,"href":"https:\/\/www.webdo.tn\/fr\/wp-json\/wp\/v2\/categories?post=198672"},{"taxonomy":"post_tag","embeddable":true,"href":"https:\/\/www.webdo.tn\/fr\/wp-json\/wp\/v2\/tags?post=198672"}],"curies":[{"name":"wp","href":"https:\/\/api.w.org\/{rel}","templated":true}]}}