{"id":198643,"date":"2022-11-08T09:58:00","date_gmt":"2022-11-08T09:58:00","guid":{"rendered":"https:\/\/www.webdo.tn\/fr\/actualite\/blog\/jamais-sans-ma-diaspora\/198643\/"},"modified":"2025-05-22T11:45:20","modified_gmt":"2025-05-22T11:45:20","slug":"jamais-sans-ma-diaspora","status":"publish","type":"post","link":"https:\/\/www.webdo.tn\/fr\/actualite\/tunis-hebdo\/jamais-sans-ma-diaspora\/198643\/","title":{"rendered":"Jamais sans ma diaspora !"},"content":{"rendered":"<p>Au moment o\u00f9 tous les indicateurs \u00e9conomiques de l\u2019int\u00e9rieur sont au rouge, il est une valeur ajout\u00e9e nationale, venant de l\u2019\u00e9tranger, qui met du baume au c\u0153ur. Il s\u2019agit des revenus du travail de la diaspora tunisienne. Focus sur un agr\u00e9gat qui s\u2019impose dans la sph\u00e8re \u00e9conomique en ces temps de vaches maigres.<\/p>\n<p> Les revenus du travail de la diaspora tunisienne, voil\u00e0 une composante importante des finances publiques qui donne de l\u2019espoir au moment o\u00f9 tout semble aller de travers.<\/p>\n<p>Parce qu\u2019ils sont libell\u00e9s en devises, ils servent, d\u2019une part, \u00e0 alimenter nos r\u00e9serves de change et, d\u2019autre part, \u00e0 payer nos importations, concomitamment, cela va de soi, au remboursement du service de la dette, laquelle s\u2019amplifie \u00e0 un rythme insoutenable m\u00eame si on \u00e9vite de le dire express\u00e9ment.<\/p>\n<p>Les raisons d\u2019un bond<\/p>\n<p>En cette conjoncture difficile, on ne peut pas ne pas savourer la valeur des revenus du travail des TRE m\u00eame si elle ne nous rassasie. A fin octobre 2022, ces revenus ont atteint la bagatelle de 7,15 milliards de dinars.<\/p>\n<p>Pour certains, peu vers\u00e9s dans la chose \u00e9conomique, ce chiffre peut para\u00eetre futile. Le situer dans un cadre macro\u00e9conomique, il devient, sans doute, significatif.<\/p>\n<p>Ce montant repr\u00e9sente, en effet, le double des entr\u00e9es touristiques de la Tunisie. Celles-ci s\u2019\u00e9taient \u00e9tablies \u00e0 pr\u00e8s de 3,4 Mds en dix mois. A titre comparatif toujours, les quelque 1,5 million de Tunisiens \u00e9tablis \u00e0 l\u2019\u00e9tranger ont fait rentrer le double de l\u2019argent qu\u2019ont apport\u00e9 3 millions de touristes.<\/p>\n<p>Comment explique-t-on l\u2019envol\u00e9e des revenus des TRE durant les dix premiers mois de 2022, par rapport \u00e0 la m\u00eame p\u00e9riode de 2021, de pr\u00e8s de 850 millions de dinars (6,3 Mds en 2021 contre 7,15 Mds en 2022).<\/p>\n<p>Cela est-il d\u00fb \u00e0 la hausse de l\u2019effectif des expatri\u00e9s suite \u00e0 la vague de sortie de plusieurs centaines de nos cadres, sans compter les milliers de jeunes qui ont \u00e9migr\u00e9 clandestinement ?<\/p>\n<p>\u00ab Les quelque 1,5 million de Tunisiens<br \/>\n\u00e9tablis \u00e0 l\u2019\u00e9tranger<br \/>\nont fait rentrer le double de l\u2019argent<br \/>\nqu\u2019ont apport\u00e9 3 millions de touristes \u00bb<\/p>\n<p>Pour importante qu\u2019elle soit, nous ne pensons pas que la hausse de l\u2019effectif des expatri\u00e9s est la seule raison derri\u00e8re l\u2019am\u00e9lioration des revenus du travail, sans doute faut-il y ajouter les fluctuations qui ont marqu\u00e9 la valeur du dinar par rapport \u00e0 l\u2019euro entre 2021 et 2022.<\/p>\n<p>L\u2019autre explication plausible : la chert\u00e9 de la vie et l\u2019inflation galopante qui pr\u00e9valent sous nos cieux sont autant de facteurs dont nos TRE prennent, d\u00e9sormais, en compte quand ils transf\u00e8rent de l\u2019argent \u00e0 leurs familles et leurs proches.<\/p>\n<p>D\u2019ailleurs, nombreux expatri\u00e9s apprennent \u00e0 leurs d\u00e9pens, lorsqu\u2019ils rentrent en \u00e9t\u00e9, que la vie est ch\u00e8re en Tunisie et que m\u00eame avec leurs euros ils doivent serrer la ceinture.<\/p>\n<p>Ajouter \u00e0 cela les investissements qu\u2019ils r\u00e9alisent principalement dans le b\u00e2timent, construction ou achat de maison familiale, et on comprend pourquoi le volume des transferts s\u2019est nettement am\u00e9lior\u00e9.<\/p>\n<p>Lev\u00e9e des subventions et immigration !<\/p>\n<p>Nous ignorons si les \u00e9conomistes s\u2019\u00e9taient pench\u00e9s, dans le pass\u00e9, sur la relation entre subventions et immigration, en tout cas le temps est venu aujourd\u2019hui \u00e0 ce qu\u2019ils pr\u00eatent \u00e0 cette question \u00e0 la fois importance et r\u00e9flexion. Et pourquoi pas la mod\u00e9liser pour en saisir la port\u00e9e. Et nous ne sommes pas dans le caricatural.<\/p>\n<p>A notre avis, la lev\u00e9e des subventions est un facteur qui acc\u00e9l\u00e9rera \u00e0 coup s\u00fbr l\u2019immigration dans son aspect aussi bien formel et informel et cette th\u00e9orie faite aujourd\u2019hui d\u2019id\u00e9es abstraites ou d\u2019hypoth\u00e8ses, risque de se v\u00e9rifier demain, et le danger de voir notre pays sevr\u00e9 d\u2019\u00e9lite et de main-d\u2019\u0153uvre mena\u00e7ant notre croissance, s\u2019amplifier.<\/p>\n<p>En insistant sur la question des subventions qu\u2019ils ont suspendues \u00e0 l\u2019accord de pr\u00eat, le FMI et leur armada d\u2019experts ne voient-ils pas venir la menace que cette r\u00e9forme peut produire en termes de flux migratoires vers l\u2019Europe ?<\/p>\n<p>Les restrictions de visas, si elles baissent le nombre de candidats tunisiens au voyage par voie formelle, elles amplifieront le ph\u00e9nom\u00e8ne de l\u2019immigration clandestine et, cons\u00e9quemment, la s\u00e9curit\u00e9 et la stabilit\u00e9 de l\u2019Europe.<\/p>\n<p>Le FMI et l\u2019Europe doivent couvrir leurs arri\u00e8res. Les subventions, les Tunisiens iront les chercher dans vos fiefs !<\/p>\n","protected":false},"excerpt":{"rendered":"<p>Au moment o\u00f9 tous les indicateurs \u00e9conomiques de l\u2019int\u00e9rieur sont au rouge, il est une valeur ajout\u00e9e nationale, venant de l\u2019\u00e9tranger, qui met du baume au c\u0153ur&#8230;.<\/p>\n","protected":false},"author":3186,"featured_media":348644,"comment_status":"open","ping_status":"closed","sticky":false,"template":"","format":"standard","meta":{"footnotes":""},"categories":[7653],"tags":[6539,3642],"class_list":["post-198643","post","type-post","status-publish","format-standard","has-post-thumbnail","hentry","category-tunis-hebdo","tag-diaspora","tag-finances"],"yoast_head":"<!-- This site is optimized with the Yoast SEO Premium plugin v27.5 (Yoast SEO v27.5) - https:\/\/yoast.com\/product\/yoast-seo-premium-wordpress\/ -->\n<title>Jamais sans ma diaspora !<\/title>\n<meta name=\"description\" content=\"Au moment o\u00f9 tous les indicateurs \u00e9conomiques de l\u2019int\u00e9rieur sont au rouge, il est une valeur ajout\u00e9e nationale, venant de l\u2019\u00e9tranger, qui met du baume au c\u0153ur....\" \/>\n<link rel=\"canonical\" href=\"https:\/\/www.webdo.tn\/fr\/actualite\/tunis-hebdo\/jamais-sans-ma-diaspora\/198643\/\" \/>\n<meta property=\"og:locale\" content=\"fr_FR\" \/>\n<meta property=\"og:type\" content=\"article\" \/>\n<meta property=\"og:title\" content=\"Jamais sans ma diaspora !\" \/>\n<meta property=\"og:description\" content=\"Au moment o\u00f9 tous les indicateurs \u00e9conomiques de l\u2019int\u00e9rieur sont au rouge, il est une valeur ajout\u00e9e nationale, venant de l\u2019\u00e9tranger, qui met du baume au c\u0153ur....\" \/>\n<meta property=\"og:url\" content=\"https:\/\/www.webdo.tn\/fr\/actualite\/tunis-hebdo\/jamais-sans-ma-diaspora\/198643\/\" \/>\n<meta property=\"og:site_name\" content=\"webdo\" \/>\n<meta property=\"article:publisher\" content=\"https:\/\/www.facebook.com\/webdotn\" \/>\n<meta property=\"article:published_time\" content=\"2022-11-08T09:58:00+00:00\" \/>\n<meta property=\"article:modified_time\" content=\"2025-05-22T11:45:20+00:00\" \/>\n<meta property=\"og:image\" content=\"https:\/\/www.webdo.tn\/fr\/wp-content\/uploads\/2022\/11\/4f72aaba2c4b3121a7e0a043c867f80c.jpg\" \/>\n\t<meta property=\"og:image:width\" content=\"750\" \/>\n\t<meta property=\"og:image:height\" content=\"400\" \/>\n\t<meta property=\"og:image:type\" content=\"image\/jpeg\" \/>\n<meta name=\"author\" content=\"Chahir Chakroun\" \/>\n<meta name=\"twitter:card\" content=\"summary_large_image\" \/>\n<meta name=\"twitter:creator\" content=\"@webdo_tn\" \/>\n<meta name=\"twitter:site\" content=\"@webdo_tn\" \/>\n<meta name=\"twitter:label1\" content=\"\u00c9crit par\" \/>\n\t<meta name=\"twitter:data1\" content=\"Chahir Chakroun\" \/>\n\t<meta name=\"twitter:label2\" content=\"Dur\u00e9e de lecture estim\u00e9e\" \/>\n\t<meta name=\"twitter:data2\" content=\"4 minutes\" \/>\n<script type=\"application\/ld+json\" class=\"yoast-schema-graph\">{\"@context\":\"https:\\\/\\\/schema.org\",\"@graph\":[{\"@type\":\"NewsArticle\",\"@id\":\"https:\\\/\\\/www.webdo.tn\\\/fr\\\/actualite\\\/tunis-hebdo\\\/jamais-sans-ma-diaspora\\\/198643\\\/#article\",\"isPartOf\":{\"@id\":\"https:\\\/\\\/www.webdo.tn\\\/fr\\\/actualite\\\/tunis-hebdo\\\/jamais-sans-ma-diaspora\\\/198643\\\/\"},\"author\":{\"name\":\"Chahir Chakroun\",\"@id\":\"https:\\\/\\\/www.webdo.tn\\\/fr\\\/#\\\/schema\\\/person\\\/3f41e9e13a5b28b1e090b453bf179656\"},\"headline\":\"Jamais sans ma diaspora !\",\"datePublished\":\"2022-11-08T09:58:00+00:00\",\"dateModified\":\"2025-05-22T11:45:20+00:00\",\"mainEntityOfPage\":{\"@id\":\"https:\\\/\\\/www.webdo.tn\\\/fr\\\/actualite\\\/tunis-hebdo\\\/jamais-sans-ma-diaspora\\\/198643\\\/\"},\"wordCount\":758,\"commentCount\":0,\"publisher\":{\"@id\":\"https:\\\/\\\/www.webdo.tn\\\/fr\\\/#organization\"},\"image\":{\"@id\":\"https:\\\/\\\/www.webdo.tn\\\/fr\\\/actualite\\\/tunis-hebdo\\\/jamais-sans-ma-diaspora\\\/198643\\\/#primaryimage\"},\"thumbnailUrl\":\"https:\\\/\\\/www.webdo.tn\\\/fr\\\/wp-content\\\/uploads\\\/2022\\\/11\\\/4f72aaba2c4b3121a7e0a043c867f80c.jpg\",\"keywords\":[\"diaspora\",\"Finances\"],\"articleSection\":[\"Tunis-Hebdo\"],\"inLanguage\":\"fr-FR\"},{\"@type\":\"WebPage\",\"@id\":\"https:\\\/\\\/www.webdo.tn\\\/fr\\\/actualite\\\/tunis-hebdo\\\/jamais-sans-ma-diaspora\\\/198643\\\/\",\"url\":\"https:\\\/\\\/www.webdo.tn\\\/fr\\\/actualite\\\/tunis-hebdo\\\/jamais-sans-ma-diaspora\\\/198643\\\/\",\"name\":\"Jamais sans ma diaspora !\",\"isPartOf\":{\"@id\":\"https:\\\/\\\/www.webdo.tn\\\/fr\\\/#website\"},\"primaryImageOfPage\":{\"@id\":\"https:\\\/\\\/www.webdo.tn\\\/fr\\\/actualite\\\/tunis-hebdo\\\/jamais-sans-ma-diaspora\\\/198643\\\/#primaryimage\"},\"image\":{\"@id\":\"https:\\\/\\\/www.webdo.tn\\\/fr\\\/actualite\\\/tunis-hebdo\\\/jamais-sans-ma-diaspora\\\/198643\\\/#primaryimage\"},\"thumbnailUrl\":\"https:\\\/\\\/www.webdo.tn\\\/fr\\\/wp-content\\\/uploads\\\/2022\\\/11\\\/4f72aaba2c4b3121a7e0a043c867f80c.jpg\",\"datePublished\":\"2022-11-08T09:58:00+00:00\",\"dateModified\":\"2025-05-22T11:45:20+00:00\",\"description\":\"Au moment o\u00f9 tous les indicateurs \u00e9conomiques de l\u2019int\u00e9rieur sont au rouge, il est une valeur ajout\u00e9e nationale, venant de l\u2019\u00e9tranger, qui met du baume au c\u0153ur....\",\"breadcrumb\":{\"@id\":\"https:\\\/\\\/www.webdo.tn\\\/fr\\\/actualite\\\/tunis-hebdo\\\/jamais-sans-ma-diaspora\\\/198643\\\/#breadcrumb\"},\"inLanguage\":\"fr-FR\",\"potentialAction\":[{\"@type\":\"ReadAction\",\"target\":[\"https:\\\/\\\/www.webdo.tn\\\/fr\\\/actualite\\\/tunis-hebdo\\\/jamais-sans-ma-diaspora\\\/198643\\\/\"]}]},{\"@type\":\"ImageObject\",\"inLanguage\":\"fr-FR\",\"@id\":\"https:\\\/\\\/www.webdo.tn\\\/fr\\\/actualite\\\/tunis-hebdo\\\/jamais-sans-ma-diaspora\\\/198643\\\/#primaryimage\",\"url\":\"https:\\\/\\\/www.webdo.tn\\\/fr\\\/wp-content\\\/uploads\\\/2022\\\/11\\\/4f72aaba2c4b3121a7e0a043c867f80c.jpg\",\"contentUrl\":\"https:\\\/\\\/www.webdo.tn\\\/fr\\\/wp-content\\\/uploads\\\/2022\\\/11\\\/4f72aaba2c4b3121a7e0a043c867f80c.jpg\",\"width\":750,\"height\":400,\"caption\":\"\u00ab Les quelque 1,5 million de Tunisiens \u00e9tablis \u00e0 l\u2019\u00e9tranger ont fait rentrer le double de l\u2019argent qu\u2019ont apport\u00e9 3 millions de touristes \u00bb\"},{\"@type\":\"BreadcrumbList\",\"@id\":\"https:\\\/\\\/www.webdo.tn\\\/fr\\\/actualite\\\/tunis-hebdo\\\/jamais-sans-ma-diaspora\\\/198643\\\/#breadcrumb\",\"itemListElement\":[{\"@type\":\"ListItem\",\"position\":1,\"name\":\"Accueil\",\"item\":\"https:\\\/\\\/www.webdo.tn\\\/fr\\\/\"},{\"@type\":\"ListItem\",\"position\":2,\"name\":\"Jamais sans ma diaspora !\"}]},{\"@type\":\"WebSite\",\"@id\":\"https:\\\/\\\/www.webdo.tn\\\/fr\\\/#website\",\"url\":\"https:\\\/\\\/www.webdo.tn\\\/fr\\\/\",\"name\":\"webdo\",\"description\":\"Tunisie - News en Tunisie et \u00e0 l&#039;international sur Webdo.tn\",\"publisher\":{\"@id\":\"https:\\\/\\\/www.webdo.tn\\\/fr\\\/#organization\"},\"potentialAction\":[{\"@type\":\"SearchAction\",\"target\":{\"@type\":\"EntryPoint\",\"urlTemplate\":\"https:\\\/\\\/www.webdo.tn\\\/fr\\\/?s={search_term_string}\"},\"query-input\":{\"@type\":\"PropertyValueSpecification\",\"valueRequired\":true,\"valueName\":\"search_term_string\"}}],\"inLanguage\":\"fr-FR\"},{\"@type\":\"Organization\",\"@id\":\"https:\\\/\\\/www.webdo.tn\\\/fr\\\/#organization\",\"name\":\"Webdo\",\"alternateName\":\"Webdo.tn\",\"url\":\"https:\\\/\\\/www.webdo.tn\\\/fr\\\/\",\"logo\":{\"@type\":\"ImageObject\",\"inLanguage\":\"fr-FR\",\"@id\":\"https:\\\/\\\/www.webdo.tn\\\/fr\\\/#\\\/schema\\\/logo\\\/image\\\/\",\"url\":\"https:\\\/\\\/www.webdo.tn\\\/fr\\\/wp-content\\\/uploads\\\/2025\\\/06\\\/Webdo-Tunisie_168377.jpg\",\"contentUrl\":\"https:\\\/\\\/www.webdo.tn\\\/fr\\\/wp-content\\\/uploads\\\/2025\\\/06\\\/Webdo-Tunisie_168377.jpg\",\"width\":301,\"height\":301,\"caption\":\"Webdo\"},\"image\":{\"@id\":\"https:\\\/\\\/www.webdo.tn\\\/fr\\\/#\\\/schema\\\/logo\\\/image\\\/\"},\"sameAs\":[\"https:\\\/\\\/www.facebook.com\\\/webdotn\",\"https:\\\/\\\/x.com\\\/webdo_tn\"],\"description\":\"Webdo est un m\u00e9dia num\u00e9rique tunisien fond\u00e9 en 2010, sp\u00e9cialis\u00e9 dans l\u2019actualit\u00e9 nationale et internationale, l\u2019\u00e9conomie, la soci\u00e9t\u00e9 et les analyses politiques. Le site s\u2019adresse \u00e0 un large public francophone et couvre l\u2019information tunisienne en temps r\u00e9el.\",\"email\":\"redac@webdo.tn\",\"legalName\":\"YNJ SARL\",\"foundingDate\":\"2010-09-06\",\"numberOfEmployees\":{\"@type\":\"QuantitativeValue\",\"minValue\":\"11\",\"maxValue\":\"50\"}},{\"@type\":\"Person\",\"@id\":\"https:\\\/\\\/www.webdo.tn\\\/fr\\\/#\\\/schema\\\/person\\\/3f41e9e13a5b28b1e090b453bf179656\",\"name\":\"Chahir Chakroun\",\"image\":{\"@type\":\"ImageObject\",\"inLanguage\":\"fr-FR\",\"@id\":\"https:\\\/\\\/secure.gravatar.com\\\/avatar\\\/7dc3cc20cf423eeea436bd24c5e8be46b96eeb7d8993ae5b47f74a1f18821d8a?s=96&d=mm&r=g\",\"url\":\"https:\\\/\\\/secure.gravatar.com\\\/avatar\\\/7dc3cc20cf423eeea436bd24c5e8be46b96eeb7d8993ae5b47f74a1f18821d8a?s=96&d=mm&r=g\",\"contentUrl\":\"https:\\\/\\\/secure.gravatar.com\\\/avatar\\\/7dc3cc20cf423eeea436bd24c5e8be46b96eeb7d8993ae5b47f74a1f18821d8a?s=96&d=mm&r=g\",\"caption\":\"Chahir Chakroun\"},\"url\":\"https:\\\/\\\/www.webdo.tn\\\/fr\\\/actualite\\\/author\\\/chahir-chakroun\\\/\"}]}<\/script>\n<!-- \/ Yoast SEO Premium plugin. -->","yoast_head_json":{"title":"Jamais sans ma diaspora !","description":"Au moment o\u00f9 tous les indicateurs \u00e9conomiques de l\u2019int\u00e9rieur sont au rouge, il est une valeur ajout\u00e9e nationale, venant de l\u2019\u00e9tranger, qui met du baume au c\u0153ur....","canonical":"https:\/\/www.webdo.tn\/fr\/actualite\/tunis-hebdo\/jamais-sans-ma-diaspora\/198643\/","og_locale":"fr_FR","og_type":"article","og_title":"Jamais sans ma diaspora !","og_description":"Au moment o\u00f9 tous les indicateurs \u00e9conomiques de l\u2019int\u00e9rieur sont au rouge, il est une valeur ajout\u00e9e nationale, venant de l\u2019\u00e9tranger, qui met du baume au c\u0153ur....","og_url":"https:\/\/www.webdo.tn\/fr\/actualite\/tunis-hebdo\/jamais-sans-ma-diaspora\/198643\/","og_site_name":"webdo","article_publisher":"https:\/\/www.facebook.com\/webdotn","article_published_time":"2022-11-08T09:58:00+00:00","article_modified_time":"2025-05-22T11:45:20+00:00","og_image":[{"width":750,"height":400,"url":"https:\/\/www.webdo.tn\/fr\/wp-content\/uploads\/2022\/11\/4f72aaba2c4b3121a7e0a043c867f80c.jpg","type":"image\/jpeg"}],"author":"Chahir Chakroun","twitter_card":"summary_large_image","twitter_creator":"@webdo_tn","twitter_site":"@webdo_tn","twitter_misc":{"\u00c9crit par":"Chahir Chakroun","Dur\u00e9e de lecture estim\u00e9e":"4 minutes"},"schema":{"@context":"https:\/\/schema.org","@graph":[{"@type":"NewsArticle","@id":"https:\/\/www.webdo.tn\/fr\/actualite\/tunis-hebdo\/jamais-sans-ma-diaspora\/198643\/#article","isPartOf":{"@id":"https:\/\/www.webdo.tn\/fr\/actualite\/tunis-hebdo\/jamais-sans-ma-diaspora\/198643\/"},"author":{"name":"Chahir Chakroun","@id":"https:\/\/www.webdo.tn\/fr\/#\/schema\/person\/3f41e9e13a5b28b1e090b453bf179656"},"headline":"Jamais sans ma diaspora !","datePublished":"2022-11-08T09:58:00+00:00","dateModified":"2025-05-22T11:45:20+00:00","mainEntityOfPage":{"@id":"https:\/\/www.webdo.tn\/fr\/actualite\/tunis-hebdo\/jamais-sans-ma-diaspora\/198643\/"},"wordCount":758,"commentCount":0,"publisher":{"@id":"https:\/\/www.webdo.tn\/fr\/#organization"},"image":{"@id":"https:\/\/www.webdo.tn\/fr\/actualite\/tunis-hebdo\/jamais-sans-ma-diaspora\/198643\/#primaryimage"},"thumbnailUrl":"https:\/\/www.webdo.tn\/fr\/wp-content\/uploads\/2022\/11\/4f72aaba2c4b3121a7e0a043c867f80c.jpg","keywords":["diaspora","Finances"],"articleSection":["Tunis-Hebdo"],"inLanguage":"fr-FR"},{"@type":"WebPage","@id":"https:\/\/www.webdo.tn\/fr\/actualite\/tunis-hebdo\/jamais-sans-ma-diaspora\/198643\/","url":"https:\/\/www.webdo.tn\/fr\/actualite\/tunis-hebdo\/jamais-sans-ma-diaspora\/198643\/","name":"Jamais sans ma diaspora !","isPartOf":{"@id":"https:\/\/www.webdo.tn\/fr\/#website"},"primaryImageOfPage":{"@id":"https:\/\/www.webdo.tn\/fr\/actualite\/tunis-hebdo\/jamais-sans-ma-diaspora\/198643\/#primaryimage"},"image":{"@id":"https:\/\/www.webdo.tn\/fr\/actualite\/tunis-hebdo\/jamais-sans-ma-diaspora\/198643\/#primaryimage"},"thumbnailUrl":"https:\/\/www.webdo.tn\/fr\/wp-content\/uploads\/2022\/11\/4f72aaba2c4b3121a7e0a043c867f80c.jpg","datePublished":"2022-11-08T09:58:00+00:00","dateModified":"2025-05-22T11:45:20+00:00","description":"Au moment o\u00f9 tous les indicateurs \u00e9conomiques de l\u2019int\u00e9rieur sont au rouge, il est une valeur ajout\u00e9e nationale, venant de l\u2019\u00e9tranger, qui met du baume au c\u0153ur....","breadcrumb":{"@id":"https:\/\/www.webdo.tn\/fr\/actualite\/tunis-hebdo\/jamais-sans-ma-diaspora\/198643\/#breadcrumb"},"inLanguage":"fr-FR","potentialAction":[{"@type":"ReadAction","target":["https:\/\/www.webdo.tn\/fr\/actualite\/tunis-hebdo\/jamais-sans-ma-diaspora\/198643\/"]}]},{"@type":"ImageObject","inLanguage":"fr-FR","@id":"https:\/\/www.webdo.tn\/fr\/actualite\/tunis-hebdo\/jamais-sans-ma-diaspora\/198643\/#primaryimage","url":"https:\/\/www.webdo.tn\/fr\/wp-content\/uploads\/2022\/11\/4f72aaba2c4b3121a7e0a043c867f80c.jpg","contentUrl":"https:\/\/www.webdo.tn\/fr\/wp-content\/uploads\/2022\/11\/4f72aaba2c4b3121a7e0a043c867f80c.jpg","width":750,"height":400,"caption":"\u00ab Les quelque 1,5 million de Tunisiens \u00e9tablis \u00e0 l\u2019\u00e9tranger ont fait rentrer le double de l\u2019argent qu\u2019ont apport\u00e9 3 millions de touristes \u00bb"},{"@type":"BreadcrumbList","@id":"https:\/\/www.webdo.tn\/fr\/actualite\/tunis-hebdo\/jamais-sans-ma-diaspora\/198643\/#breadcrumb","itemListElement":[{"@type":"ListItem","position":1,"name":"Accueil","item":"https:\/\/www.webdo.tn\/fr\/"},{"@type":"ListItem","position":2,"name":"Jamais sans ma diaspora !"}]},{"@type":"WebSite","@id":"https:\/\/www.webdo.tn\/fr\/#website","url":"https:\/\/www.webdo.tn\/fr\/","name":"webdo","description":"Tunisie - News en Tunisie et \u00e0 l&#039;international sur Webdo.tn","publisher":{"@id":"https:\/\/www.webdo.tn\/fr\/#organization"},"potentialAction":[{"@type":"SearchAction","target":{"@type":"EntryPoint","urlTemplate":"https:\/\/www.webdo.tn\/fr\/?s={search_term_string}"},"query-input":{"@type":"PropertyValueSpecification","valueRequired":true,"valueName":"search_term_string"}}],"inLanguage":"fr-FR"},{"@type":"Organization","@id":"https:\/\/www.webdo.tn\/fr\/#organization","name":"Webdo","alternateName":"Webdo.tn","url":"https:\/\/www.webdo.tn\/fr\/","logo":{"@type":"ImageObject","inLanguage":"fr-FR","@id":"https:\/\/www.webdo.tn\/fr\/#\/schema\/logo\/image\/","url":"https:\/\/www.webdo.tn\/fr\/wp-content\/uploads\/2025\/06\/Webdo-Tunisie_168377.jpg","contentUrl":"https:\/\/www.webdo.tn\/fr\/wp-content\/uploads\/2025\/06\/Webdo-Tunisie_168377.jpg","width":301,"height":301,"caption":"Webdo"},"image":{"@id":"https:\/\/www.webdo.tn\/fr\/#\/schema\/logo\/image\/"},"sameAs":["https:\/\/www.facebook.com\/webdotn","https:\/\/x.com\/webdo_tn"],"description":"Webdo est un m\u00e9dia num\u00e9rique tunisien fond\u00e9 en 2010, sp\u00e9cialis\u00e9 dans l\u2019actualit\u00e9 nationale et internationale, l\u2019\u00e9conomie, la soci\u00e9t\u00e9 et les analyses politiques. Le site s\u2019adresse \u00e0 un large public francophone et couvre l\u2019information tunisienne en temps r\u00e9el.","email":"redac@webdo.tn","legalName":"YNJ SARL","foundingDate":"2010-09-06","numberOfEmployees":{"@type":"QuantitativeValue","minValue":"11","maxValue":"50"}},{"@type":"Person","@id":"https:\/\/www.webdo.tn\/fr\/#\/schema\/person\/3f41e9e13a5b28b1e090b453bf179656","name":"Chahir Chakroun","image":{"@type":"ImageObject","inLanguage":"fr-FR","@id":"https:\/\/secure.gravatar.com\/avatar\/7dc3cc20cf423eeea436bd24c5e8be46b96eeb7d8993ae5b47f74a1f18821d8a?s=96&d=mm&r=g","url":"https:\/\/secure.gravatar.com\/avatar\/7dc3cc20cf423eeea436bd24c5e8be46b96eeb7d8993ae5b47f74a1f18821d8a?s=96&d=mm&r=g","contentUrl":"https:\/\/secure.gravatar.com\/avatar\/7dc3cc20cf423eeea436bd24c5e8be46b96eeb7d8993ae5b47f74a1f18821d8a?s=96&d=mm&r=g","caption":"Chahir Chakroun"},"url":"https:\/\/www.webdo.tn\/fr\/actualite\/author\/chahir-chakroun\/"}]}},"_links":{"self":[{"href":"https:\/\/www.webdo.tn\/fr\/wp-json\/wp\/v2\/posts\/198643","targetHints":{"allow":["GET"]}}],"collection":[{"href":"https:\/\/www.webdo.tn\/fr\/wp-json\/wp\/v2\/posts"}],"about":[{"href":"https:\/\/www.webdo.tn\/fr\/wp-json\/wp\/v2\/types\/post"}],"author":[{"embeddable":true,"href":"https:\/\/www.webdo.tn\/fr\/wp-json\/wp\/v2\/users\/3186"}],"replies":[{"embeddable":true,"href":"https:\/\/www.webdo.tn\/fr\/wp-json\/wp\/v2\/comments?post=198643"}],"version-history":[{"count":0,"href":"https:\/\/www.webdo.tn\/fr\/wp-json\/wp\/v2\/posts\/198643\/revisions"}],"wp:featuredmedia":[{"embeddable":true,"href":"https:\/\/www.webdo.tn\/fr\/wp-json\/wp\/v2\/media\/348644"}],"wp:attachment":[{"href":"https:\/\/www.webdo.tn\/fr\/wp-json\/wp\/v2\/media?parent=198643"}],"wp:term":[{"taxonomy":"category","embeddable":true,"href":"https:\/\/www.webdo.tn\/fr\/wp-json\/wp\/v2\/categories?post=198643"},{"taxonomy":"post_tag","embeddable":true,"href":"https:\/\/www.webdo.tn\/fr\/wp-json\/wp\/v2\/tags?post=198643"}],"curies":[{"name":"wp","href":"https:\/\/api.w.org\/{rel}","templated":true}]}}