{"id":198642,"date":"2022-11-08T09:22:00","date_gmt":"2022-11-08T09:22:00","guid":{"rendered":"https:\/\/www.webdo.tn\/fr\/actualite\/blog\/le-club-africain-appelle-ses-supporters-a-boycotter-mosaique-fm\/198642\/"},"modified":"2025-05-22T11:45:29","modified_gmt":"2025-05-22T11:45:29","slug":"le-club-africain-appelle-ses-supporters-a-boycotter-mosaique-fm","status":"publish","type":"post","link":"https:\/\/www.webdo.tn\/fr\/actualite\/sport\/le-club-africain-appelle-ses-supporters-a-boycotter-mosaique-fm\/198642\/","title":{"rendered":"Le Club Africain appelle ses supporters \u00e0 boycotter Mosa\u00efque fm"},"content":{"rendered":"<p>Le Bureau directeur du Club Africain a publi\u00e9, hier soir, un communiqu\u00e9 dans lequel il s&rsquo;indigne des propos jug\u00e9s m\u00e9prisants tenus par l&rsquo;animateur Migalo lors d&rsquo;une \u00e9mission radiophonique et appelle ses supporters \u00e0 boycotter cette radio, qui a d\u00e9cid\u00e9, de son c\u00f4t\u00e9, de supprimer la s\u00e9quence en question.<\/p>\n<p> Dans son communiqu\u00e9, le Bureau directeur du Club Africain \u00e9pingle les propos tenus ce lundi 7 novembre 2022 dans une \u00e9mission satirique diffus\u00e9e sur Radio Mosa\u00efque et prend note de la diatribe dont ont fait l\u2019objet les joueurs du Club Africain, Mouez Hassen et Nader Ghandri, convoqu\u00e9s en S\u00e9lection nationale pour participer \u00e0 la Coupe du monde.<\/p>\n<p>\u00ab\u00a0Il est important de mentionner que le Club Africain a toujours respect\u00e9 et continuera de respecter la libert\u00e9 d\u2019expression dans la presse \u00e9crite et audiovisuelle, avec la n\u00e9cessit\u00e9 que le contenu demeure respectueux envers l\u2019association, ses dirigeants, ses joueurs et ses supporters.<\/p>\n<p>Or, le Bureau directeur constate que les propos tenus sont des insulte directes envers les joueurs du club, qui sont \u00e0 la veille d\u2019un match d\u00e9cisif en Coupe de la Conf\u00e9d\u00e9ration africaine et d\u2019une historique participation \u00e0 la Coupe du monde.<\/p>\n<p>De plus, on assiste, \u00e0 l\u2019occasion d\u2019un dangereux pr\u00e9c\u00e9dent, au m\u00e9pris d\u2019un joueur pour la simple raison d\u2019avoir \u00e9t\u00e9 convoqu\u00e9 en S\u00e9lection nationale\u00a0\u00bb, indique le communiqu\u00e9.<\/p>\n<p>Suite \u00e0 ces propos de Migalo, tenus le jour du 19\u00e8me anniversaire de la radio, celle-ci a d\u00e9cid\u00e9 de supprimer la s\u00e9quence en question. Mais pour les Clubistes le mal est fait.<\/p>\n<p>\u00ab\u00a0Le Bureau directeur appelle toutes les composantes du Club Africain, notamment ses supporters, \u00e0 s\u2019unir et \u00e0 se rassembler autour de leur club, et \u00e0 boycotter imm\u00e9diatement ladite radio et en faire un exemple\u00a0\u00bb.<\/p>\n","protected":false},"excerpt":{"rendered":"<p>Le Bureau directeur du Club Africain a publi\u00e9, hier soir, un communiqu\u00e9 dans lequel il s&rsquo;indigne des propos jug\u00e9s m\u00e9prisants tenus par l&rsquo;animateur Migalo lors d&#8230;<\/p>\n","protected":false},"author":3162,"featured_media":348651,"comment_status":"open","ping_status":"closed","sticky":false,"template":"","format":"standard","meta":{"footnotes":""},"categories":[2593],"tags":[3509,3101,11579,5808],"class_list":["post-198642","post","type-post","status-publish","format-standard","has-post-thumbnail","hentry","category-sport","tag-boycott","tag-club-africain","tag-migalo","tag-mosaique-fm"],"yoast_head":"<!-- This site is optimized with the Yoast SEO Premium plugin v27.5 (Yoast SEO v27.5) - https:\/\/yoast.com\/product\/yoast-seo-premium-wordpress\/ -->\n<title>Le Club Africain appelle ses supporters \u00e0 boycotter Mosa\u00efque fm<\/title>\n<meta name=\"description\" content=\"Le Bureau directeur du Club Africain a publi\u00e9, hier soir, un communiqu\u00e9 dans lequel il s&#039;indigne des propos jug\u00e9s m\u00e9prisants tenus par l&#039;animateur Migalo lors d...\" \/>\n<link rel=\"canonical\" href=\"https:\/\/www.webdo.tn\/fr\/actualite\/sport\/le-club-africain-appelle-ses-supporters-a-boycotter-mosaique-fm\/198642\/\" \/>\n<meta property=\"og:locale\" content=\"fr_FR\" \/>\n<meta property=\"og:type\" content=\"article\" \/>\n<meta property=\"og:title\" content=\"Le Club Africain appelle ses supporters \u00e0 boycotter Mosa\u00efque fm\" \/>\n<meta property=\"og:description\" content=\"Le Bureau directeur du Club Africain a publi\u00e9, hier soir, un communiqu\u00e9 dans lequel il s&#039;indigne des propos jug\u00e9s m\u00e9prisants tenus par l&#039;animateur Migalo lors d...\" \/>\n<meta property=\"og:url\" content=\"https:\/\/www.webdo.tn\/fr\/actualite\/sport\/le-club-africain-appelle-ses-supporters-a-boycotter-mosaique-fm\/198642\/\" \/>\n<meta property=\"og:site_name\" content=\"webdo\" \/>\n<meta property=\"article:publisher\" content=\"https:\/\/www.facebook.com\/webdotn\" \/>\n<meta property=\"article:published_time\" content=\"2022-11-08T09:22:00+00:00\" \/>\n<meta property=\"article:modified_time\" content=\"2025-05-22T11:45:29+00:00\" \/>\n<meta property=\"og:image\" content=\"https:\/\/www.webdo.tn\/fr\/wp-content\/uploads\/2022\/11\/288d288b4c627bd3d25fd687e7e0a2ba.jpg\" \/>\n\t<meta property=\"og:image:width\" content=\"750\" \/>\n\t<meta property=\"og:image:height\" content=\"400\" \/>\n\t<meta property=\"og:image:type\" content=\"image\/jpeg\" \/>\n<meta name=\"author\" content=\"MC\" \/>\n<meta name=\"twitter:card\" content=\"summary_large_image\" \/>\n<meta name=\"twitter:creator\" content=\"@webdo_tn\" \/>\n<meta name=\"twitter:site\" content=\"@webdo_tn\" \/>\n<meta name=\"twitter:label1\" content=\"\u00c9crit par\" \/>\n\t<meta name=\"twitter:data1\" content=\"MC\" \/>\n\t<meta name=\"twitter:label2\" content=\"Dur\u00e9e de lecture estim\u00e9e\" \/>\n\t<meta name=\"twitter:data2\" content=\"1 minute\" \/>\n<script type=\"application\/ld+json\" class=\"yoast-schema-graph\">{\"@context\":\"https:\\\/\\\/schema.org\",\"@graph\":[{\"@type\":\"NewsArticle\",\"@id\":\"https:\\\/\\\/www.webdo.tn\\\/fr\\\/actualite\\\/sport\\\/le-club-africain-appelle-ses-supporters-a-boycotter-mosaique-fm\\\/198642\\\/#article\",\"isPartOf\":{\"@id\":\"https:\\\/\\\/www.webdo.tn\\\/fr\\\/actualite\\\/sport\\\/le-club-africain-appelle-ses-supporters-a-boycotter-mosaique-fm\\\/198642\\\/\"},\"author\":{\"name\":\"MC\",\"@id\":\"https:\\\/\\\/www.webdo.tn\\\/fr\\\/#\\\/schema\\\/person\\\/2c4929cbf5a809e3bd38617c6ce150f6\"},\"headline\":\"Le Club Africain appelle ses supporters \u00e0 boycotter Mosa\u00efque fm\",\"datePublished\":\"2022-11-08T09:22:00+00:00\",\"dateModified\":\"2025-05-22T11:45:29+00:00\",\"mainEntityOfPage\":{\"@id\":\"https:\\\/\\\/www.webdo.tn\\\/fr\\\/actualite\\\/sport\\\/le-club-africain-appelle-ses-supporters-a-boycotter-mosaique-fm\\\/198642\\\/\"},\"wordCount\":312,\"commentCount\":0,\"publisher\":{\"@id\":\"https:\\\/\\\/www.webdo.tn\\\/fr\\\/#organization\"},\"image\":{\"@id\":\"https:\\\/\\\/www.webdo.tn\\\/fr\\\/actualite\\\/sport\\\/le-club-africain-appelle-ses-supporters-a-boycotter-mosaique-fm\\\/198642\\\/#primaryimage\"},\"thumbnailUrl\":\"https:\\\/\\\/www.webdo.tn\\\/fr\\\/wp-content\\\/uploads\\\/2022\\\/11\\\/288d288b4c627bd3d25fd687e7e0a2ba.jpg\",\"keywords\":[\"Boycott\",\"Club Africain\",\"migalo\",\"mosaique fm\"],\"articleSection\":[\"Sport\"],\"inLanguage\":\"fr-FR\"},{\"@type\":\"WebPage\",\"@id\":\"https:\\\/\\\/www.webdo.tn\\\/fr\\\/actualite\\\/sport\\\/le-club-africain-appelle-ses-supporters-a-boycotter-mosaique-fm\\\/198642\\\/\",\"url\":\"https:\\\/\\\/www.webdo.tn\\\/fr\\\/actualite\\\/sport\\\/le-club-africain-appelle-ses-supporters-a-boycotter-mosaique-fm\\\/198642\\\/\",\"name\":\"Le Club Africain appelle ses supporters \u00e0 boycotter Mosa\u00efque fm\",\"isPartOf\":{\"@id\":\"https:\\\/\\\/www.webdo.tn\\\/fr\\\/#website\"},\"primaryImageOfPage\":{\"@id\":\"https:\\\/\\\/www.webdo.tn\\\/fr\\\/actualite\\\/sport\\\/le-club-africain-appelle-ses-supporters-a-boycotter-mosaique-fm\\\/198642\\\/#primaryimage\"},\"image\":{\"@id\":\"https:\\\/\\\/www.webdo.tn\\\/fr\\\/actualite\\\/sport\\\/le-club-africain-appelle-ses-supporters-a-boycotter-mosaique-fm\\\/198642\\\/#primaryimage\"},\"thumbnailUrl\":\"https:\\\/\\\/www.webdo.tn\\\/fr\\\/wp-content\\\/uploads\\\/2022\\\/11\\\/288d288b4c627bd3d25fd687e7e0a2ba.jpg\",\"datePublished\":\"2022-11-08T09:22:00+00:00\",\"dateModified\":\"2025-05-22T11:45:29+00:00\",\"description\":\"Le Bureau directeur du Club Africain a publi\u00e9, hier soir, un communiqu\u00e9 dans lequel il s'indigne des propos jug\u00e9s m\u00e9prisants tenus par l'animateur Migalo lors d...\",\"breadcrumb\":{\"@id\":\"https:\\\/\\\/www.webdo.tn\\\/fr\\\/actualite\\\/sport\\\/le-club-africain-appelle-ses-supporters-a-boycotter-mosaique-fm\\\/198642\\\/#breadcrumb\"},\"inLanguage\":\"fr-FR\",\"potentialAction\":[{\"@type\":\"ReadAction\",\"target\":[\"https:\\\/\\\/www.webdo.tn\\\/fr\\\/actualite\\\/sport\\\/le-club-africain-appelle-ses-supporters-a-boycotter-mosaique-fm\\\/198642\\\/\"]}]},{\"@type\":\"ImageObject\",\"inLanguage\":\"fr-FR\",\"@id\":\"https:\\\/\\\/www.webdo.tn\\\/fr\\\/actualite\\\/sport\\\/le-club-africain-appelle-ses-supporters-a-boycotter-mosaique-fm\\\/198642\\\/#primaryimage\",\"url\":\"https:\\\/\\\/www.webdo.tn\\\/fr\\\/wp-content\\\/uploads\\\/2022\\\/11\\\/288d288b4c627bd3d25fd687e7e0a2ba.jpg\",\"contentUrl\":\"https:\\\/\\\/www.webdo.tn\\\/fr\\\/wp-content\\\/uploads\\\/2022\\\/11\\\/288d288b4c627bd3d25fd687e7e0a2ba.jpg\",\"width\":750,\"height\":400,\"caption\":\"Le CA appelle ses fans \u00e0 boycotter la radio Mosa\u00efque fm\"},{\"@type\":\"BreadcrumbList\",\"@id\":\"https:\\\/\\\/www.webdo.tn\\\/fr\\\/actualite\\\/sport\\\/le-club-africain-appelle-ses-supporters-a-boycotter-mosaique-fm\\\/198642\\\/#breadcrumb\",\"itemListElement\":[{\"@type\":\"ListItem\",\"position\":1,\"name\":\"Accueil\",\"item\":\"https:\\\/\\\/www.webdo.tn\\\/fr\\\/\"},{\"@type\":\"ListItem\",\"position\":2,\"name\":\"Le Club Africain appelle ses supporters \u00e0 boycotter Mosa\u00efque fm\"}]},{\"@type\":\"WebSite\",\"@id\":\"https:\\\/\\\/www.webdo.tn\\\/fr\\\/#website\",\"url\":\"https:\\\/\\\/www.webdo.tn\\\/fr\\\/\",\"name\":\"webdo\",\"description\":\"Tunisie - News en Tunisie et \u00e0 l&#039;international sur Webdo.tn\",\"publisher\":{\"@id\":\"https:\\\/\\\/www.webdo.tn\\\/fr\\\/#organization\"},\"potentialAction\":[{\"@type\":\"SearchAction\",\"target\":{\"@type\":\"EntryPoint\",\"urlTemplate\":\"https:\\\/\\\/www.webdo.tn\\\/fr\\\/?s={search_term_string}\"},\"query-input\":{\"@type\":\"PropertyValueSpecification\",\"valueRequired\":true,\"valueName\":\"search_term_string\"}}],\"inLanguage\":\"fr-FR\"},{\"@type\":\"Organization\",\"@id\":\"https:\\\/\\\/www.webdo.tn\\\/fr\\\/#organization\",\"name\":\"Webdo\",\"alternateName\":\"Webdo.tn\",\"url\":\"https:\\\/\\\/www.webdo.tn\\\/fr\\\/\",\"logo\":{\"@type\":\"ImageObject\",\"inLanguage\":\"fr-FR\",\"@id\":\"https:\\\/\\\/www.webdo.tn\\\/fr\\\/#\\\/schema\\\/logo\\\/image\\\/\",\"url\":\"https:\\\/\\\/www.webdo.tn\\\/fr\\\/wp-content\\\/uploads\\\/2025\\\/06\\\/Webdo-Tunisie_168377.jpg\",\"contentUrl\":\"https:\\\/\\\/www.webdo.tn\\\/fr\\\/wp-content\\\/uploads\\\/2025\\\/06\\\/Webdo-Tunisie_168377.jpg\",\"width\":301,\"height\":301,\"caption\":\"Webdo\"},\"image\":{\"@id\":\"https:\\\/\\\/www.webdo.tn\\\/fr\\\/#\\\/schema\\\/logo\\\/image\\\/\"},\"sameAs\":[\"https:\\\/\\\/www.facebook.com\\\/webdotn\",\"https:\\\/\\\/x.com\\\/webdo_tn\"],\"description\":\"Webdo est un m\u00e9dia num\u00e9rique tunisien fond\u00e9 en 2010, sp\u00e9cialis\u00e9 dans l\u2019actualit\u00e9 nationale et internationale, l\u2019\u00e9conomie, la soci\u00e9t\u00e9 et les analyses politiques. Le site s\u2019adresse \u00e0 un large public francophone et couvre l\u2019information tunisienne en temps r\u00e9el.\",\"email\":\"redac@webdo.tn\",\"legalName\":\"YNJ SARL\",\"foundingDate\":\"2010-09-06\",\"numberOfEmployees\":{\"@type\":\"QuantitativeValue\",\"minValue\":\"11\",\"maxValue\":\"50\"}},{\"@type\":\"Person\",\"@id\":\"https:\\\/\\\/www.webdo.tn\\\/fr\\\/#\\\/schema\\\/person\\\/2c4929cbf5a809e3bd38617c6ce150f6\",\"name\":\"MC\",\"image\":{\"@type\":\"ImageObject\",\"inLanguage\":\"fr-FR\",\"@id\":\"https:\\\/\\\/secure.gravatar.com\\\/avatar\\\/a545bbb6f84efdd5553dbbc2895e3ca8f1d12c5215e00a041c9670b54aa9b18a?s=96&d=mm&r=g\",\"url\":\"https:\\\/\\\/secure.gravatar.com\\\/avatar\\\/a545bbb6f84efdd5553dbbc2895e3ca8f1d12c5215e00a041c9670b54aa9b18a?s=96&d=mm&r=g\",\"contentUrl\":\"https:\\\/\\\/secure.gravatar.com\\\/avatar\\\/a545bbb6f84efdd5553dbbc2895e3ca8f1d12c5215e00a041c9670b54aa9b18a?s=96&d=mm&r=g\",\"caption\":\"MC\"},\"url\":\"https:\\\/\\\/www.webdo.tn\\\/fr\\\/actualite\\\/author\\\/mc\\\/\"}]}<\/script>\n<!-- \/ Yoast SEO Premium plugin. -->","yoast_head_json":{"title":"Le Club Africain appelle ses supporters \u00e0 boycotter Mosa\u00efque fm","description":"Le Bureau directeur du Club Africain a publi\u00e9, hier soir, un communiqu\u00e9 dans lequel il s'indigne des propos jug\u00e9s m\u00e9prisants tenus par l'animateur Migalo lors d...","canonical":"https:\/\/www.webdo.tn\/fr\/actualite\/sport\/le-club-africain-appelle-ses-supporters-a-boycotter-mosaique-fm\/198642\/","og_locale":"fr_FR","og_type":"article","og_title":"Le Club Africain appelle ses supporters \u00e0 boycotter Mosa\u00efque fm","og_description":"Le Bureau directeur du Club Africain a publi\u00e9, hier soir, un communiqu\u00e9 dans lequel il s'indigne des propos jug\u00e9s m\u00e9prisants tenus par l'animateur Migalo lors d...","og_url":"https:\/\/www.webdo.tn\/fr\/actualite\/sport\/le-club-africain-appelle-ses-supporters-a-boycotter-mosaique-fm\/198642\/","og_site_name":"webdo","article_publisher":"https:\/\/www.facebook.com\/webdotn","article_published_time":"2022-11-08T09:22:00+00:00","article_modified_time":"2025-05-22T11:45:29+00:00","og_image":[{"width":750,"height":400,"url":"https:\/\/www.webdo.tn\/fr\/wp-content\/uploads\/2022\/11\/288d288b4c627bd3d25fd687e7e0a2ba.jpg","type":"image\/jpeg"}],"author":"MC","twitter_card":"summary_large_image","twitter_creator":"@webdo_tn","twitter_site":"@webdo_tn","twitter_misc":{"\u00c9crit par":"MC","Dur\u00e9e de lecture estim\u00e9e":"1 minute"},"schema":{"@context":"https:\/\/schema.org","@graph":[{"@type":"NewsArticle","@id":"https:\/\/www.webdo.tn\/fr\/actualite\/sport\/le-club-africain-appelle-ses-supporters-a-boycotter-mosaique-fm\/198642\/#article","isPartOf":{"@id":"https:\/\/www.webdo.tn\/fr\/actualite\/sport\/le-club-africain-appelle-ses-supporters-a-boycotter-mosaique-fm\/198642\/"},"author":{"name":"MC","@id":"https:\/\/www.webdo.tn\/fr\/#\/schema\/person\/2c4929cbf5a809e3bd38617c6ce150f6"},"headline":"Le Club Africain appelle ses supporters \u00e0 boycotter Mosa\u00efque fm","datePublished":"2022-11-08T09:22:00+00:00","dateModified":"2025-05-22T11:45:29+00:00","mainEntityOfPage":{"@id":"https:\/\/www.webdo.tn\/fr\/actualite\/sport\/le-club-africain-appelle-ses-supporters-a-boycotter-mosaique-fm\/198642\/"},"wordCount":312,"commentCount":0,"publisher":{"@id":"https:\/\/www.webdo.tn\/fr\/#organization"},"image":{"@id":"https:\/\/www.webdo.tn\/fr\/actualite\/sport\/le-club-africain-appelle-ses-supporters-a-boycotter-mosaique-fm\/198642\/#primaryimage"},"thumbnailUrl":"https:\/\/www.webdo.tn\/fr\/wp-content\/uploads\/2022\/11\/288d288b4c627bd3d25fd687e7e0a2ba.jpg","keywords":["Boycott","Club Africain","migalo","mosaique fm"],"articleSection":["Sport"],"inLanguage":"fr-FR"},{"@type":"WebPage","@id":"https:\/\/www.webdo.tn\/fr\/actualite\/sport\/le-club-africain-appelle-ses-supporters-a-boycotter-mosaique-fm\/198642\/","url":"https:\/\/www.webdo.tn\/fr\/actualite\/sport\/le-club-africain-appelle-ses-supporters-a-boycotter-mosaique-fm\/198642\/","name":"Le Club Africain appelle ses supporters \u00e0 boycotter Mosa\u00efque fm","isPartOf":{"@id":"https:\/\/www.webdo.tn\/fr\/#website"},"primaryImageOfPage":{"@id":"https:\/\/www.webdo.tn\/fr\/actualite\/sport\/le-club-africain-appelle-ses-supporters-a-boycotter-mosaique-fm\/198642\/#primaryimage"},"image":{"@id":"https:\/\/www.webdo.tn\/fr\/actualite\/sport\/le-club-africain-appelle-ses-supporters-a-boycotter-mosaique-fm\/198642\/#primaryimage"},"thumbnailUrl":"https:\/\/www.webdo.tn\/fr\/wp-content\/uploads\/2022\/11\/288d288b4c627bd3d25fd687e7e0a2ba.jpg","datePublished":"2022-11-08T09:22:00+00:00","dateModified":"2025-05-22T11:45:29+00:00","description":"Le Bureau directeur du Club Africain a publi\u00e9, hier soir, un communiqu\u00e9 dans lequel il s'indigne des propos jug\u00e9s m\u00e9prisants tenus par l'animateur Migalo lors d...","breadcrumb":{"@id":"https:\/\/www.webdo.tn\/fr\/actualite\/sport\/le-club-africain-appelle-ses-supporters-a-boycotter-mosaique-fm\/198642\/#breadcrumb"},"inLanguage":"fr-FR","potentialAction":[{"@type":"ReadAction","target":["https:\/\/www.webdo.tn\/fr\/actualite\/sport\/le-club-africain-appelle-ses-supporters-a-boycotter-mosaique-fm\/198642\/"]}]},{"@type":"ImageObject","inLanguage":"fr-FR","@id":"https:\/\/www.webdo.tn\/fr\/actualite\/sport\/le-club-africain-appelle-ses-supporters-a-boycotter-mosaique-fm\/198642\/#primaryimage","url":"https:\/\/www.webdo.tn\/fr\/wp-content\/uploads\/2022\/11\/288d288b4c627bd3d25fd687e7e0a2ba.jpg","contentUrl":"https:\/\/www.webdo.tn\/fr\/wp-content\/uploads\/2022\/11\/288d288b4c627bd3d25fd687e7e0a2ba.jpg","width":750,"height":400,"caption":"Le CA appelle ses fans \u00e0 boycotter la radio Mosa\u00efque fm"},{"@type":"BreadcrumbList","@id":"https:\/\/www.webdo.tn\/fr\/actualite\/sport\/le-club-africain-appelle-ses-supporters-a-boycotter-mosaique-fm\/198642\/#breadcrumb","itemListElement":[{"@type":"ListItem","position":1,"name":"Accueil","item":"https:\/\/www.webdo.tn\/fr\/"},{"@type":"ListItem","position":2,"name":"Le Club Africain appelle ses supporters \u00e0 boycotter Mosa\u00efque fm"}]},{"@type":"WebSite","@id":"https:\/\/www.webdo.tn\/fr\/#website","url":"https:\/\/www.webdo.tn\/fr\/","name":"webdo","description":"Tunisie - News en Tunisie et \u00e0 l&#039;international sur Webdo.tn","publisher":{"@id":"https:\/\/www.webdo.tn\/fr\/#organization"},"potentialAction":[{"@type":"SearchAction","target":{"@type":"EntryPoint","urlTemplate":"https:\/\/www.webdo.tn\/fr\/?s={search_term_string}"},"query-input":{"@type":"PropertyValueSpecification","valueRequired":true,"valueName":"search_term_string"}}],"inLanguage":"fr-FR"},{"@type":"Organization","@id":"https:\/\/www.webdo.tn\/fr\/#organization","name":"Webdo","alternateName":"Webdo.tn","url":"https:\/\/www.webdo.tn\/fr\/","logo":{"@type":"ImageObject","inLanguage":"fr-FR","@id":"https:\/\/www.webdo.tn\/fr\/#\/schema\/logo\/image\/","url":"https:\/\/www.webdo.tn\/fr\/wp-content\/uploads\/2025\/06\/Webdo-Tunisie_168377.jpg","contentUrl":"https:\/\/www.webdo.tn\/fr\/wp-content\/uploads\/2025\/06\/Webdo-Tunisie_168377.jpg","width":301,"height":301,"caption":"Webdo"},"image":{"@id":"https:\/\/www.webdo.tn\/fr\/#\/schema\/logo\/image\/"},"sameAs":["https:\/\/www.facebook.com\/webdotn","https:\/\/x.com\/webdo_tn"],"description":"Webdo est un m\u00e9dia num\u00e9rique tunisien fond\u00e9 en 2010, sp\u00e9cialis\u00e9 dans l\u2019actualit\u00e9 nationale et internationale, l\u2019\u00e9conomie, la soci\u00e9t\u00e9 et les analyses politiques. Le site s\u2019adresse \u00e0 un large public francophone et couvre l\u2019information tunisienne en temps r\u00e9el.","email":"redac@webdo.tn","legalName":"YNJ SARL","foundingDate":"2010-09-06","numberOfEmployees":{"@type":"QuantitativeValue","minValue":"11","maxValue":"50"}},{"@type":"Person","@id":"https:\/\/www.webdo.tn\/fr\/#\/schema\/person\/2c4929cbf5a809e3bd38617c6ce150f6","name":"MC","image":{"@type":"ImageObject","inLanguage":"fr-FR","@id":"https:\/\/secure.gravatar.com\/avatar\/a545bbb6f84efdd5553dbbc2895e3ca8f1d12c5215e00a041c9670b54aa9b18a?s=96&d=mm&r=g","url":"https:\/\/secure.gravatar.com\/avatar\/a545bbb6f84efdd5553dbbc2895e3ca8f1d12c5215e00a041c9670b54aa9b18a?s=96&d=mm&r=g","contentUrl":"https:\/\/secure.gravatar.com\/avatar\/a545bbb6f84efdd5553dbbc2895e3ca8f1d12c5215e00a041c9670b54aa9b18a?s=96&d=mm&r=g","caption":"MC"},"url":"https:\/\/www.webdo.tn\/fr\/actualite\/author\/mc\/"}]}},"_links":{"self":[{"href":"https:\/\/www.webdo.tn\/fr\/wp-json\/wp\/v2\/posts\/198642","targetHints":{"allow":["GET"]}}],"collection":[{"href":"https:\/\/www.webdo.tn\/fr\/wp-json\/wp\/v2\/posts"}],"about":[{"href":"https:\/\/www.webdo.tn\/fr\/wp-json\/wp\/v2\/types\/post"}],"author":[{"embeddable":true,"href":"https:\/\/www.webdo.tn\/fr\/wp-json\/wp\/v2\/users\/3162"}],"replies":[{"embeddable":true,"href":"https:\/\/www.webdo.tn\/fr\/wp-json\/wp\/v2\/comments?post=198642"}],"version-history":[{"count":0,"href":"https:\/\/www.webdo.tn\/fr\/wp-json\/wp\/v2\/posts\/198642\/revisions"}],"wp:featuredmedia":[{"embeddable":true,"href":"https:\/\/www.webdo.tn\/fr\/wp-json\/wp\/v2\/media\/348651"}],"wp:attachment":[{"href":"https:\/\/www.webdo.tn\/fr\/wp-json\/wp\/v2\/media?parent=198642"}],"wp:term":[{"taxonomy":"category","embeddable":true,"href":"https:\/\/www.webdo.tn\/fr\/wp-json\/wp\/v2\/categories?post=198642"},{"taxonomy":"post_tag","embeddable":true,"href":"https:\/\/www.webdo.tn\/fr\/wp-json\/wp\/v2\/tags?post=198642"}],"curies":[{"name":"wp","href":"https:\/\/api.w.org\/{rel}","templated":true}]}}