{"id":198640,"date":"2022-11-08T08:54:00","date_gmt":"2022-11-08T08:54:00","guid":{"rendered":"https:\/\/www.webdo.tn\/fr\/actualite\/blog\/les-jcc-ont-devie-de-leurs-objectifs-selon-le-president-kais-saied\/198640\/"},"modified":"2025-05-22T11:45:25","modified_gmt":"2025-05-22T11:45:25","slug":"les-jcc-ont-devie-de-leurs-objectifs-selon-le-president-kais-saied","status":"publish","type":"post","link":"https:\/\/www.webdo.tn\/fr\/actualite\/culture\/les-jcc-ont-devie-de-leurs-objectifs-selon-le-president-kais-saied\/198640\/","title":{"rendered":"Les JCC ont d\u00e9vi\u00e9 de leurs objectifs, selon le pr\u00e9sident Kais Saied"},"content":{"rendered":"<p>Le pr\u00e9sident de la R\u00e9publique, Kais Sa\u00efed, a re\u00e7u, ce lundi 7 novembre 2022, la ministre des Affaires culturelles, Hayet Ketat Guermazi, pour une r\u00e9union principalement ax\u00e9e sur la derni\u00e8re \u00e9dition des Journ\u00e9es Cin\u00e9matographiques de Carthage (JCC).<\/p>\n<p> A cette occasion, le Chef de l&rsquo;Etat a tenu \u00e0 revenir sur les \u00e0-c\u00f4t\u00e9s du festival, estimant qu&rsquo;ils ont entach\u00e9 les JCC et l&rsquo;ont fait d\u00e9vier de ses objectifs.<\/p>\n<p>Le chef de l\u2019Etat a tenu, dans ce sens, \u00e0 rrappeler le r\u00f4le des clubs de cin\u00e9ma en Tunisie et des maisons de jeunes, de la culture, des biblioth\u00e8ques et des maisons d\u2019\u00e9dition lanc\u00e9s par l\u2019Etat.<\/p>\n<p>Il a notamment \u00e9voqu\u00e9 leur situation d\u00e9sastreuse, exprimant le souhait de \u00a0redonner vie aux clubs culturels tout en proposant de nouvelles m\u00e9thodes adapt\u00e9es au d\u00e9veloppement des nouvelles technologies.<\/p>\n<p>Les JCC tous les deux ans<\/p>\n<p>Par ailleurs, la ministre Hayet Guettat Guermazi a annonc\u00e9, sur la Cha\u00eene Al Wataniya 1, hier soir, que les JCC auront lieu d\u00e9sormais tous les deux ans.<\/p>\n<p>Elle a \u00e9galement tenu \u00e0 rappeler, dans le m\u00eame ordre d&rsquo;id\u00e9es que le contenu de sa rencontre avec Kais Saied, que les JCC ne sont pas un festival mais des journ\u00e9es culturelles.<\/p>\n<p>\u00ab\u00a0Je ne suis pas satisfaite du tapis rouge et je rejette cette mode qui s&rsquo;est install\u00e9e depuis 2009\u00a0\u00bb, a-t-elle dit.<\/p>\n","protected":false},"excerpt":{"rendered":"<p>Le pr\u00e9sident de la R\u00e9publique, Kais Sa\u00efed, a re\u00e7u, ce lundi 7 novembre 2022, la ministre des Affaires culturelles, Hayet Ketat Guermazi, pour une r\u00e9union princi&#8230;<\/p>\n","protected":false},"author":3162,"featured_media":348648,"comment_status":"open","ping_status":"closed","sticky":false,"template":"","format":"standard","meta":{"footnotes":""},"categories":[2594],"tags":[5596,3116,11577],"class_list":["post-198640","post","type-post","status-publish","format-standard","has-post-thumbnail","hentry","category-culture","tag-culture","tag-jcc","tag-kasis-saied"],"yoast_head":"<!-- This site is optimized with the Yoast SEO Premium plugin v27.4 (Yoast SEO v27.5) - https:\/\/yoast.com\/product\/yoast-seo-premium-wordpress\/ -->\n<title>Les JCC ont d\u00e9vi\u00e9 de leurs objectifs, selon le pr\u00e9sident Kais Saied<\/title>\n<meta name=\"description\" content=\"Le pr\u00e9sident de la R\u00e9publique, Kais Sa\u00efed, a re\u00e7u, ce lundi 7 novembre 2022, la ministre des Affaires culturelles, Hayet Ketat Guermazi, pour une r\u00e9union princi...\" \/>\n<link rel=\"canonical\" href=\"https:\/\/www.webdo.tn\/fr\/actualite\/culture\/les-jcc-ont-devie-de-leurs-objectifs-selon-le-president-kais-saied\/198640\/\" \/>\n<meta property=\"og:locale\" content=\"fr_FR\" \/>\n<meta property=\"og:type\" content=\"article\" \/>\n<meta property=\"og:title\" content=\"Les JCC ont d\u00e9vi\u00e9 de leurs objectifs, selon le pr\u00e9sident Kais Saied\" \/>\n<meta property=\"og:description\" content=\"Le pr\u00e9sident de la R\u00e9publique, Kais Sa\u00efed, a re\u00e7u, ce lundi 7 novembre 2022, la ministre des Affaires culturelles, Hayet Ketat Guermazi, pour une r\u00e9union princi...\" \/>\n<meta property=\"og:url\" content=\"https:\/\/www.webdo.tn\/fr\/actualite\/culture\/les-jcc-ont-devie-de-leurs-objectifs-selon-le-president-kais-saied\/198640\/\" \/>\n<meta property=\"og:site_name\" content=\"webdo\" \/>\n<meta property=\"article:publisher\" content=\"https:\/\/www.facebook.com\/webdotn\" \/>\n<meta property=\"article:published_time\" content=\"2022-11-08T08:54:00+00:00\" \/>\n<meta property=\"article:modified_time\" content=\"2025-05-22T11:45:25+00:00\" \/>\n<meta property=\"og:image\" content=\"https:\/\/www.webdo.tn\/fr\/wp-content\/uploads\/2022\/11\/a61824f30fc3d6b1ba841a4523a79350.jpg\" \/>\n\t<meta property=\"og:image:width\" content=\"750\" \/>\n\t<meta property=\"og:image:height\" content=\"400\" \/>\n\t<meta property=\"og:image:type\" content=\"image\/jpeg\" \/>\n<meta name=\"author\" content=\"MC\" \/>\n<meta name=\"twitter:card\" content=\"summary_large_image\" \/>\n<meta name=\"twitter:creator\" content=\"@webdo_tn\" \/>\n<meta name=\"twitter:site\" content=\"@webdo_tn\" \/>\n<meta name=\"twitter:label1\" content=\"\u00c9crit par\" \/>\n\t<meta name=\"twitter:data1\" content=\"MC\" \/>\n\t<meta name=\"twitter:label2\" content=\"Dur\u00e9e de lecture estim\u00e9e\" \/>\n\t<meta name=\"twitter:data2\" content=\"1 minute\" \/>\n<script type=\"application\/ld+json\" class=\"yoast-schema-graph\">{\"@context\":\"https:\\\/\\\/schema.org\",\"@graph\":[{\"@type\":\"NewsArticle\",\"@id\":\"https:\\\/\\\/www.webdo.tn\\\/fr\\\/actualite\\\/culture\\\/les-jcc-ont-devie-de-leurs-objectifs-selon-le-president-kais-saied\\\/198640\\\/#article\",\"isPartOf\":{\"@id\":\"https:\\\/\\\/www.webdo.tn\\\/fr\\\/actualite\\\/culture\\\/les-jcc-ont-devie-de-leurs-objectifs-selon-le-president-kais-saied\\\/198640\\\/\"},\"author\":{\"name\":\"MC\",\"@id\":\"https:\\\/\\\/www.webdo.tn\\\/fr\\\/#\\\/schema\\\/person\\\/2c4929cbf5a809e3bd38617c6ce150f6\"},\"headline\":\"Les JCC ont d\u00e9vi\u00e9 de leurs objectifs, selon le pr\u00e9sident Kais Saied\",\"datePublished\":\"2022-11-08T08:54:00+00:00\",\"dateModified\":\"2025-05-22T11:45:25+00:00\",\"mainEntityOfPage\":{\"@id\":\"https:\\\/\\\/www.webdo.tn\\\/fr\\\/actualite\\\/culture\\\/les-jcc-ont-devie-de-leurs-objectifs-selon-le-president-kais-saied\\\/198640\\\/\"},\"wordCount\":256,\"commentCount\":0,\"publisher\":{\"@id\":\"https:\\\/\\\/www.webdo.tn\\\/fr\\\/#organization\"},\"image\":{\"@id\":\"https:\\\/\\\/www.webdo.tn\\\/fr\\\/actualite\\\/culture\\\/les-jcc-ont-devie-de-leurs-objectifs-selon-le-president-kais-saied\\\/198640\\\/#primaryimage\"},\"thumbnailUrl\":\"https:\\\/\\\/www.webdo.tn\\\/fr\\\/wp-content\\\/uploads\\\/2022\\\/11\\\/a61824f30fc3d6b1ba841a4523a79350.jpg\",\"keywords\":[\"culture\",\"JCC\",\"Kasis Saied\"],\"articleSection\":[\"Culture\"],\"inLanguage\":\"fr-FR\"},{\"@type\":\"WebPage\",\"@id\":\"https:\\\/\\\/www.webdo.tn\\\/fr\\\/actualite\\\/culture\\\/les-jcc-ont-devie-de-leurs-objectifs-selon-le-president-kais-saied\\\/198640\\\/\",\"url\":\"https:\\\/\\\/www.webdo.tn\\\/fr\\\/actualite\\\/culture\\\/les-jcc-ont-devie-de-leurs-objectifs-selon-le-president-kais-saied\\\/198640\\\/\",\"name\":\"Les JCC ont d\u00e9vi\u00e9 de leurs objectifs, selon le pr\u00e9sident Kais Saied\",\"isPartOf\":{\"@id\":\"https:\\\/\\\/www.webdo.tn\\\/fr\\\/#website\"},\"primaryImageOfPage\":{\"@id\":\"https:\\\/\\\/www.webdo.tn\\\/fr\\\/actualite\\\/culture\\\/les-jcc-ont-devie-de-leurs-objectifs-selon-le-president-kais-saied\\\/198640\\\/#primaryimage\"},\"image\":{\"@id\":\"https:\\\/\\\/www.webdo.tn\\\/fr\\\/actualite\\\/culture\\\/les-jcc-ont-devie-de-leurs-objectifs-selon-le-president-kais-saied\\\/198640\\\/#primaryimage\"},\"thumbnailUrl\":\"https:\\\/\\\/www.webdo.tn\\\/fr\\\/wp-content\\\/uploads\\\/2022\\\/11\\\/a61824f30fc3d6b1ba841a4523a79350.jpg\",\"datePublished\":\"2022-11-08T08:54:00+00:00\",\"dateModified\":\"2025-05-22T11:45:25+00:00\",\"description\":\"Le pr\u00e9sident de la R\u00e9publique, Kais Sa\u00efed, a re\u00e7u, ce lundi 7 novembre 2022, la ministre des Affaires culturelles, Hayet Ketat Guermazi, pour une r\u00e9union princi...\",\"breadcrumb\":{\"@id\":\"https:\\\/\\\/www.webdo.tn\\\/fr\\\/actualite\\\/culture\\\/les-jcc-ont-devie-de-leurs-objectifs-selon-le-president-kais-saied\\\/198640\\\/#breadcrumb\"},\"inLanguage\":\"fr-FR\",\"potentialAction\":[{\"@type\":\"ReadAction\",\"target\":[\"https:\\\/\\\/www.webdo.tn\\\/fr\\\/actualite\\\/culture\\\/les-jcc-ont-devie-de-leurs-objectifs-selon-le-president-kais-saied\\\/198640\\\/\"]}]},{\"@type\":\"ImageObject\",\"inLanguage\":\"fr-FR\",\"@id\":\"https:\\\/\\\/www.webdo.tn\\\/fr\\\/actualite\\\/culture\\\/les-jcc-ont-devie-de-leurs-objectifs-selon-le-president-kais-saied\\\/198640\\\/#primaryimage\",\"url\":\"https:\\\/\\\/www.webdo.tn\\\/fr\\\/wp-content\\\/uploads\\\/2022\\\/11\\\/a61824f30fc3d6b1ba841a4523a79350.jpg\",\"contentUrl\":\"https:\\\/\\\/www.webdo.tn\\\/fr\\\/wp-content\\\/uploads\\\/2022\\\/11\\\/a61824f30fc3d6b1ba841a4523a79350.jpg\",\"width\":750,\"height\":400,\"caption\":\"Kais Saied et la ministre des Affaires culturelles, Hayet Ketat Guermazi, une discussion ax\u00e9e sur les JCC\"},{\"@type\":\"BreadcrumbList\",\"@id\":\"https:\\\/\\\/www.webdo.tn\\\/fr\\\/actualite\\\/culture\\\/les-jcc-ont-devie-de-leurs-objectifs-selon-le-president-kais-saied\\\/198640\\\/#breadcrumb\",\"itemListElement\":[{\"@type\":\"ListItem\",\"position\":1,\"name\":\"Accueil\",\"item\":\"https:\\\/\\\/www.webdo.tn\\\/fr\\\/\"},{\"@type\":\"ListItem\",\"position\":2,\"name\":\"Les JCC ont d\u00e9vi\u00e9 de leurs objectifs, selon le pr\u00e9sident Kais Saied\"}]},{\"@type\":\"WebSite\",\"@id\":\"https:\\\/\\\/www.webdo.tn\\\/fr\\\/#website\",\"url\":\"https:\\\/\\\/www.webdo.tn\\\/fr\\\/\",\"name\":\"webdo\",\"description\":\"Tunisie - News en Tunisie et \u00e0 l&#039;international sur Webdo.tn\",\"publisher\":{\"@id\":\"https:\\\/\\\/www.webdo.tn\\\/fr\\\/#organization\"},\"potentialAction\":[{\"@type\":\"SearchAction\",\"target\":{\"@type\":\"EntryPoint\",\"urlTemplate\":\"https:\\\/\\\/www.webdo.tn\\\/fr\\\/?s={search_term_string}\"},\"query-input\":{\"@type\":\"PropertyValueSpecification\",\"valueRequired\":true,\"valueName\":\"search_term_string\"}}],\"inLanguage\":\"fr-FR\"},{\"@type\":\"Organization\",\"@id\":\"https:\\\/\\\/www.webdo.tn\\\/fr\\\/#organization\",\"name\":\"Webdo\",\"alternateName\":\"Webdo.tn\",\"url\":\"https:\\\/\\\/www.webdo.tn\\\/fr\\\/\",\"logo\":{\"@type\":\"ImageObject\",\"inLanguage\":\"fr-FR\",\"@id\":\"https:\\\/\\\/www.webdo.tn\\\/fr\\\/#\\\/schema\\\/logo\\\/image\\\/\",\"url\":\"https:\\\/\\\/www.webdo.tn\\\/fr\\\/wp-content\\\/uploads\\\/2025\\\/06\\\/Webdo-Tunisie_168377.jpg\",\"contentUrl\":\"https:\\\/\\\/www.webdo.tn\\\/fr\\\/wp-content\\\/uploads\\\/2025\\\/06\\\/Webdo-Tunisie_168377.jpg\",\"width\":301,\"height\":301,\"caption\":\"Webdo\"},\"image\":{\"@id\":\"https:\\\/\\\/www.webdo.tn\\\/fr\\\/#\\\/schema\\\/logo\\\/image\\\/\"},\"sameAs\":[\"https:\\\/\\\/www.facebook.com\\\/webdotn\",\"https:\\\/\\\/x.com\\\/webdo_tn\"],\"description\":\"Webdo est un m\u00e9dia num\u00e9rique tunisien fond\u00e9 en 2010, sp\u00e9cialis\u00e9 dans l\u2019actualit\u00e9 nationale et internationale, l\u2019\u00e9conomie, la soci\u00e9t\u00e9 et les analyses politiques. Le site s\u2019adresse \u00e0 un large public francophone et couvre l\u2019information tunisienne en temps r\u00e9el.\",\"email\":\"redac@webdo.tn\",\"legalName\":\"YNJ SARL\",\"foundingDate\":\"2010-09-06\",\"numberOfEmployees\":{\"@type\":\"QuantitativeValue\",\"minValue\":\"11\",\"maxValue\":\"50\"}},{\"@type\":\"Person\",\"@id\":\"https:\\\/\\\/www.webdo.tn\\\/fr\\\/#\\\/schema\\\/person\\\/2c4929cbf5a809e3bd38617c6ce150f6\",\"name\":\"MC\",\"image\":{\"@type\":\"ImageObject\",\"inLanguage\":\"fr-FR\",\"@id\":\"https:\\\/\\\/secure.gravatar.com\\\/avatar\\\/a545bbb6f84efdd5553dbbc2895e3ca8f1d12c5215e00a041c9670b54aa9b18a?s=96&d=mm&r=g\",\"url\":\"https:\\\/\\\/secure.gravatar.com\\\/avatar\\\/a545bbb6f84efdd5553dbbc2895e3ca8f1d12c5215e00a041c9670b54aa9b18a?s=96&d=mm&r=g\",\"contentUrl\":\"https:\\\/\\\/secure.gravatar.com\\\/avatar\\\/a545bbb6f84efdd5553dbbc2895e3ca8f1d12c5215e00a041c9670b54aa9b18a?s=96&d=mm&r=g\",\"caption\":\"MC\"},\"url\":\"https:\\\/\\\/www.webdo.tn\\\/fr\\\/actualite\\\/author\\\/mc\\\/\"}]}<\/script>\n<!-- \/ Yoast SEO Premium plugin. -->","yoast_head_json":{"title":"Les JCC ont d\u00e9vi\u00e9 de leurs objectifs, selon le pr\u00e9sident Kais Saied","description":"Le pr\u00e9sident de la R\u00e9publique, Kais Sa\u00efed, a re\u00e7u, ce lundi 7 novembre 2022, la ministre des Affaires culturelles, Hayet Ketat Guermazi, pour une r\u00e9union princi...","canonical":"https:\/\/www.webdo.tn\/fr\/actualite\/culture\/les-jcc-ont-devie-de-leurs-objectifs-selon-le-president-kais-saied\/198640\/","og_locale":"fr_FR","og_type":"article","og_title":"Les JCC ont d\u00e9vi\u00e9 de leurs objectifs, selon le pr\u00e9sident Kais Saied","og_description":"Le pr\u00e9sident de la R\u00e9publique, Kais Sa\u00efed, a re\u00e7u, ce lundi 7 novembre 2022, la ministre des Affaires culturelles, Hayet Ketat Guermazi, pour une r\u00e9union princi...","og_url":"https:\/\/www.webdo.tn\/fr\/actualite\/culture\/les-jcc-ont-devie-de-leurs-objectifs-selon-le-president-kais-saied\/198640\/","og_site_name":"webdo","article_publisher":"https:\/\/www.facebook.com\/webdotn","article_published_time":"2022-11-08T08:54:00+00:00","article_modified_time":"2025-05-22T11:45:25+00:00","og_image":[{"width":750,"height":400,"url":"https:\/\/www.webdo.tn\/fr\/wp-content\/uploads\/2022\/11\/a61824f30fc3d6b1ba841a4523a79350.jpg","type":"image\/jpeg"}],"author":"MC","twitter_card":"summary_large_image","twitter_creator":"@webdo_tn","twitter_site":"@webdo_tn","twitter_misc":{"\u00c9crit par":"MC","Dur\u00e9e de lecture estim\u00e9e":"1 minute"},"schema":{"@context":"https:\/\/schema.org","@graph":[{"@type":"NewsArticle","@id":"https:\/\/www.webdo.tn\/fr\/actualite\/culture\/les-jcc-ont-devie-de-leurs-objectifs-selon-le-president-kais-saied\/198640\/#article","isPartOf":{"@id":"https:\/\/www.webdo.tn\/fr\/actualite\/culture\/les-jcc-ont-devie-de-leurs-objectifs-selon-le-president-kais-saied\/198640\/"},"author":{"name":"MC","@id":"https:\/\/www.webdo.tn\/fr\/#\/schema\/person\/2c4929cbf5a809e3bd38617c6ce150f6"},"headline":"Les JCC ont d\u00e9vi\u00e9 de leurs objectifs, selon le pr\u00e9sident Kais Saied","datePublished":"2022-11-08T08:54:00+00:00","dateModified":"2025-05-22T11:45:25+00:00","mainEntityOfPage":{"@id":"https:\/\/www.webdo.tn\/fr\/actualite\/culture\/les-jcc-ont-devie-de-leurs-objectifs-selon-le-president-kais-saied\/198640\/"},"wordCount":256,"commentCount":0,"publisher":{"@id":"https:\/\/www.webdo.tn\/fr\/#organization"},"image":{"@id":"https:\/\/www.webdo.tn\/fr\/actualite\/culture\/les-jcc-ont-devie-de-leurs-objectifs-selon-le-president-kais-saied\/198640\/#primaryimage"},"thumbnailUrl":"https:\/\/www.webdo.tn\/fr\/wp-content\/uploads\/2022\/11\/a61824f30fc3d6b1ba841a4523a79350.jpg","keywords":["culture","JCC","Kasis Saied"],"articleSection":["Culture"],"inLanguage":"fr-FR"},{"@type":"WebPage","@id":"https:\/\/www.webdo.tn\/fr\/actualite\/culture\/les-jcc-ont-devie-de-leurs-objectifs-selon-le-president-kais-saied\/198640\/","url":"https:\/\/www.webdo.tn\/fr\/actualite\/culture\/les-jcc-ont-devie-de-leurs-objectifs-selon-le-president-kais-saied\/198640\/","name":"Les JCC ont d\u00e9vi\u00e9 de leurs objectifs, selon le pr\u00e9sident Kais Saied","isPartOf":{"@id":"https:\/\/www.webdo.tn\/fr\/#website"},"primaryImageOfPage":{"@id":"https:\/\/www.webdo.tn\/fr\/actualite\/culture\/les-jcc-ont-devie-de-leurs-objectifs-selon-le-president-kais-saied\/198640\/#primaryimage"},"image":{"@id":"https:\/\/www.webdo.tn\/fr\/actualite\/culture\/les-jcc-ont-devie-de-leurs-objectifs-selon-le-president-kais-saied\/198640\/#primaryimage"},"thumbnailUrl":"https:\/\/www.webdo.tn\/fr\/wp-content\/uploads\/2022\/11\/a61824f30fc3d6b1ba841a4523a79350.jpg","datePublished":"2022-11-08T08:54:00+00:00","dateModified":"2025-05-22T11:45:25+00:00","description":"Le pr\u00e9sident de la R\u00e9publique, Kais Sa\u00efed, a re\u00e7u, ce lundi 7 novembre 2022, la ministre des Affaires culturelles, Hayet Ketat Guermazi, pour une r\u00e9union princi...","breadcrumb":{"@id":"https:\/\/www.webdo.tn\/fr\/actualite\/culture\/les-jcc-ont-devie-de-leurs-objectifs-selon-le-president-kais-saied\/198640\/#breadcrumb"},"inLanguage":"fr-FR","potentialAction":[{"@type":"ReadAction","target":["https:\/\/www.webdo.tn\/fr\/actualite\/culture\/les-jcc-ont-devie-de-leurs-objectifs-selon-le-president-kais-saied\/198640\/"]}]},{"@type":"ImageObject","inLanguage":"fr-FR","@id":"https:\/\/www.webdo.tn\/fr\/actualite\/culture\/les-jcc-ont-devie-de-leurs-objectifs-selon-le-president-kais-saied\/198640\/#primaryimage","url":"https:\/\/www.webdo.tn\/fr\/wp-content\/uploads\/2022\/11\/a61824f30fc3d6b1ba841a4523a79350.jpg","contentUrl":"https:\/\/www.webdo.tn\/fr\/wp-content\/uploads\/2022\/11\/a61824f30fc3d6b1ba841a4523a79350.jpg","width":750,"height":400,"caption":"Kais Saied et la ministre des Affaires culturelles, Hayet Ketat Guermazi, une discussion ax\u00e9e sur les JCC"},{"@type":"BreadcrumbList","@id":"https:\/\/www.webdo.tn\/fr\/actualite\/culture\/les-jcc-ont-devie-de-leurs-objectifs-selon-le-president-kais-saied\/198640\/#breadcrumb","itemListElement":[{"@type":"ListItem","position":1,"name":"Accueil","item":"https:\/\/www.webdo.tn\/fr\/"},{"@type":"ListItem","position":2,"name":"Les JCC ont d\u00e9vi\u00e9 de leurs objectifs, selon le pr\u00e9sident Kais Saied"}]},{"@type":"WebSite","@id":"https:\/\/www.webdo.tn\/fr\/#website","url":"https:\/\/www.webdo.tn\/fr\/","name":"webdo","description":"Tunisie - News en Tunisie et \u00e0 l&#039;international sur Webdo.tn","publisher":{"@id":"https:\/\/www.webdo.tn\/fr\/#organization"},"potentialAction":[{"@type":"SearchAction","target":{"@type":"EntryPoint","urlTemplate":"https:\/\/www.webdo.tn\/fr\/?s={search_term_string}"},"query-input":{"@type":"PropertyValueSpecification","valueRequired":true,"valueName":"search_term_string"}}],"inLanguage":"fr-FR"},{"@type":"Organization","@id":"https:\/\/www.webdo.tn\/fr\/#organization","name":"Webdo","alternateName":"Webdo.tn","url":"https:\/\/www.webdo.tn\/fr\/","logo":{"@type":"ImageObject","inLanguage":"fr-FR","@id":"https:\/\/www.webdo.tn\/fr\/#\/schema\/logo\/image\/","url":"https:\/\/www.webdo.tn\/fr\/wp-content\/uploads\/2025\/06\/Webdo-Tunisie_168377.jpg","contentUrl":"https:\/\/www.webdo.tn\/fr\/wp-content\/uploads\/2025\/06\/Webdo-Tunisie_168377.jpg","width":301,"height":301,"caption":"Webdo"},"image":{"@id":"https:\/\/www.webdo.tn\/fr\/#\/schema\/logo\/image\/"},"sameAs":["https:\/\/www.facebook.com\/webdotn","https:\/\/x.com\/webdo_tn"],"description":"Webdo est un m\u00e9dia num\u00e9rique tunisien fond\u00e9 en 2010, sp\u00e9cialis\u00e9 dans l\u2019actualit\u00e9 nationale et internationale, l\u2019\u00e9conomie, la soci\u00e9t\u00e9 et les analyses politiques. Le site s\u2019adresse \u00e0 un large public francophone et couvre l\u2019information tunisienne en temps r\u00e9el.","email":"redac@webdo.tn","legalName":"YNJ SARL","foundingDate":"2010-09-06","numberOfEmployees":{"@type":"QuantitativeValue","minValue":"11","maxValue":"50"}},{"@type":"Person","@id":"https:\/\/www.webdo.tn\/fr\/#\/schema\/person\/2c4929cbf5a809e3bd38617c6ce150f6","name":"MC","image":{"@type":"ImageObject","inLanguage":"fr-FR","@id":"https:\/\/secure.gravatar.com\/avatar\/a545bbb6f84efdd5553dbbc2895e3ca8f1d12c5215e00a041c9670b54aa9b18a?s=96&d=mm&r=g","url":"https:\/\/secure.gravatar.com\/avatar\/a545bbb6f84efdd5553dbbc2895e3ca8f1d12c5215e00a041c9670b54aa9b18a?s=96&d=mm&r=g","contentUrl":"https:\/\/secure.gravatar.com\/avatar\/a545bbb6f84efdd5553dbbc2895e3ca8f1d12c5215e00a041c9670b54aa9b18a?s=96&d=mm&r=g","caption":"MC"},"url":"https:\/\/www.webdo.tn\/fr\/actualite\/author\/mc\/"}]}},"_links":{"self":[{"href":"https:\/\/www.webdo.tn\/fr\/wp-json\/wp\/v2\/posts\/198640","targetHints":{"allow":["GET"]}}],"collection":[{"href":"https:\/\/www.webdo.tn\/fr\/wp-json\/wp\/v2\/posts"}],"about":[{"href":"https:\/\/www.webdo.tn\/fr\/wp-json\/wp\/v2\/types\/post"}],"author":[{"embeddable":true,"href":"https:\/\/www.webdo.tn\/fr\/wp-json\/wp\/v2\/users\/3162"}],"replies":[{"embeddable":true,"href":"https:\/\/www.webdo.tn\/fr\/wp-json\/wp\/v2\/comments?post=198640"}],"version-history":[{"count":0,"href":"https:\/\/www.webdo.tn\/fr\/wp-json\/wp\/v2\/posts\/198640\/revisions"}],"wp:featuredmedia":[{"embeddable":true,"href":"https:\/\/www.webdo.tn\/fr\/wp-json\/wp\/v2\/media\/348648"}],"wp:attachment":[{"href":"https:\/\/www.webdo.tn\/fr\/wp-json\/wp\/v2\/media?parent=198640"}],"wp:term":[{"taxonomy":"category","embeddable":true,"href":"https:\/\/www.webdo.tn\/fr\/wp-json\/wp\/v2\/categories?post=198640"},{"taxonomy":"post_tag","embeddable":true,"href":"https:\/\/www.webdo.tn\/fr\/wp-json\/wp\/v2\/tags?post=198640"}],"curies":[{"name":"wp","href":"https:\/\/api.w.org\/{rel}","templated":true}]}}