{"id":198626,"date":"2022-11-07T19:19:00","date_gmt":"2022-11-07T19:19:00","guid":{"rendered":"https:\/\/www.webdo.tn\/fr\/actualite\/blog\/tunisie-les-fabricants-d-aliments-pour-betail-craignent-la-faillite\/198626\/"},"modified":"2025-05-22T11:45:22","modified_gmt":"2025-05-22T11:45:22","slug":"tunisie-les-fabricants-d-aliments-pour-betail-craignent-la-faillite","status":"publish","type":"post","link":"https:\/\/www.webdo.tn\/fr\/actualite\/national\/tunisie-les-fabricants-d-aliments-pour-betail-craignent-la-faillite\/198626\/","title":{"rendered":"Tunisie : Les fabricants d\u2019aliments pour b\u00e9tail craignent la faillite"},"content":{"rendered":"<p>La Chambre syndicale nationale des fabricants d\u2019aliments pour b\u00e9tail et des importateurs de mati\u00e8res premi\u00e8res a publi\u00e9 un communiqu\u00e9, ce lundi 7 novembre 2022, dans lequel elle met en garde contre les r\u00e9percussions de la poursuite du gel des prix de l\u2019alimentation animale.<\/p>\n<p> \u00a0<\/p>\n<p>Ce gel des prix de l\u2019alimentation animale, d\u00e9cid\u00e9 en mai 2022 pour contenir la hausse des prix de certains produits comme le\u00a0lait, la volaille, ou encore les \u0153ufs,\u00a0menace la production animale et la s\u00e9curit\u00e9 alimentaire en Tunisie pourrait conduire, selon leidt communiqu\u00e9,\u00a0\u00e0 la faillite des entreprises op\u00e9rant dans ce secteur et \u00e0 la mise au ch\u00f4mage de milliers de personnes.<\/p>\n<p>La Chambre a \u00e9galement\u00a0rappel\u00e9 l\u2019impact de la pand\u00e9mie et de la guerre russo-ukrainienne sur les co\u00fbts des mati\u00e8res premi\u00e8res de l\u2019alimentation animale repr\u00e9sentant 70 \u00e0 80% co\u00fbts de la production animale, pr\u00e9cisant que les prix de ces mati\u00e8res ont augment\u00e9 de 55% entre f\u00e9vrier et octobre 2022, outre la p\u00e9nurie enregistr\u00e9e sur les march\u00e9s internationaux et la mont\u00e9e des co\u00fbts du transport, d\u2019assurance et de l\u2019\u00e9nergie.<\/p>\n","protected":false},"excerpt":{"rendered":"<p>La Chambre syndicale nationale des fabricants d\u2019aliments pour b\u00e9tail et des importateurs de mati\u00e8res premi\u00e8res a publi\u00e9 un communiqu\u00e9, ce lundi 7 novembre 2022,&#8230;<\/p>\n","protected":false},"author":3195,"featured_media":348646,"comment_status":"open","ping_status":"closed","sticky":false,"template":"","format":"standard","meta":{"footnotes":""},"categories":[44],"tags":[11574,5263,5618,11575,3082,2608,2833],"class_list":["post-198626","post","type-post","status-publish","format-standard","has-post-thumbnail","hentry","category-national","tag-betail","tag-hausse-des-prix","tag-lait","tag-oeufs","tag-securite-alimentaire","tag-tunisie","tag-volaille"],"yoast_head":"<!-- This site is optimized with the Yoast SEO Premium plugin v27.5 (Yoast SEO v27.5) - https:\/\/yoast.com\/product\/yoast-seo-premium-wordpress\/ -->\n<title>Tunisie : Les fabricants d\u2019aliments pour b\u00e9tail craignent la faillite<\/title>\n<meta name=\"description\" content=\"La Chambre syndicale nationale des fabricants d\u2019aliments pour b\u00e9tail et des importateurs de mati\u00e8res premi\u00e8res a publi\u00e9 un communiqu\u00e9, ce lundi 7 novembre 2022,...\" \/>\n<link rel=\"canonical\" href=\"https:\/\/www.webdo.tn\/fr\/actualite\/national-45\/tunisie-les-fabricants-d-aliments-pour-betail-craignent-la-faillite\/198626\/\" \/>\n<meta property=\"og:locale\" content=\"fr_FR\" \/>\n<meta property=\"og:type\" content=\"article\" \/>\n<meta property=\"og:title\" content=\"Tunisie : Les fabricants d\u2019aliments pour b\u00e9tail craignent la faillite\" \/>\n<meta property=\"og:description\" content=\"La Chambre syndicale nationale des fabricants d\u2019aliments pour b\u00e9tail et des importateurs de mati\u00e8res premi\u00e8res a publi\u00e9 un communiqu\u00e9, ce lundi 7 novembre 2022,...\" \/>\n<meta property=\"og:url\" content=\"https:\/\/www.webdo.tn\/fr\/actualite\/national-45\/tunisie-les-fabricants-d-aliments-pour-betail-craignent-la-faillite\/198626\/\" \/>\n<meta property=\"og:site_name\" content=\"webdo\" \/>\n<meta property=\"article:publisher\" content=\"https:\/\/www.facebook.com\/webdotn\" \/>\n<meta property=\"article:published_time\" content=\"2022-11-07T19:19:00+00:00\" \/>\n<meta property=\"article:modified_time\" content=\"2025-05-22T11:45:22+00:00\" \/>\n<meta property=\"og:image\" content=\"https:\/\/www.webdo.tn\/fr\/wp-content\/uploads\/2022\/11\/62b0b65803b8765fdc779c60c2cdeccd.jpg\" \/>\n\t<meta property=\"og:image:width\" content=\"750\" \/>\n\t<meta property=\"og:image:height\" content=\"400\" \/>\n\t<meta property=\"og:image:type\" content=\"image\/jpeg\" \/>\n<meta name=\"author\" content=\"NJ\" \/>\n<meta name=\"twitter:card\" content=\"summary_large_image\" \/>\n<meta name=\"twitter:creator\" content=\"@webdo_tn\" \/>\n<meta name=\"twitter:site\" content=\"@webdo_tn\" \/>\n<meta name=\"twitter:label1\" content=\"\u00c9crit par\" \/>\n\t<meta name=\"twitter:data1\" content=\"NJ\" \/>\n\t<meta name=\"twitter:label2\" content=\"Dur\u00e9e de lecture estim\u00e9e\" \/>\n\t<meta name=\"twitter:data2\" content=\"1 minute\" \/>\n<script type=\"application\/ld+json\" class=\"yoast-schema-graph\">{\"@context\":\"https:\\\/\\\/schema.org\",\"@graph\":[{\"@type\":\"NewsArticle\",\"@id\":\"https:\\\/\\\/www.webdo.tn\\\/fr\\\/actualite\\\/national-45\\\/tunisie-les-fabricants-d-aliments-pour-betail-craignent-la-faillite\\\/198626\\\/#article\",\"isPartOf\":{\"@id\":\"https:\\\/\\\/www.webdo.tn\\\/fr\\\/actualite\\\/national-45\\\/tunisie-les-fabricants-d-aliments-pour-betail-craignent-la-faillite\\\/198626\\\/\"},\"author\":{\"name\":\"NJ\",\"@id\":\"https:\\\/\\\/www.webdo.tn\\\/fr\\\/#\\\/schema\\\/person\\\/646f7c4406ab78299805d9d39b2636d8\"},\"headline\":\"Tunisie : Les fabricants d\u2019aliments pour b\u00e9tail craignent la faillite\",\"datePublished\":\"2022-11-07T19:19:00+00:00\",\"dateModified\":\"2025-05-22T11:45:22+00:00\",\"mainEntityOfPage\":{\"@id\":\"https:\\\/\\\/www.webdo.tn\\\/fr\\\/actualite\\\/national-45\\\/tunisie-les-fabricants-d-aliments-pour-betail-craignent-la-faillite\\\/198626\\\/\"},\"wordCount\":203,\"commentCount\":0,\"publisher\":{\"@id\":\"https:\\\/\\\/www.webdo.tn\\\/fr\\\/#organization\"},\"image\":{\"@id\":\"https:\\\/\\\/www.webdo.tn\\\/fr\\\/actualite\\\/national-45\\\/tunisie-les-fabricants-d-aliments-pour-betail-craignent-la-faillite\\\/198626\\\/#primaryimage\"},\"thumbnailUrl\":\"https:\\\/\\\/www.webdo.tn\\\/fr\\\/wp-content\\\/uploads\\\/2022\\\/11\\\/62b0b65803b8765fdc779c60c2cdeccd.jpg\",\"keywords\":[\"b\u00e9tail\",\"hausse des prix\",\"Lait\",\"oeufs\",\"S\u00e9curit\u00e9 alimentaire\",\"Tunisie\",\"volaille\"],\"articleSection\":[\"National\"],\"inLanguage\":\"fr-FR\"},{\"@type\":\"WebPage\",\"@id\":\"https:\\\/\\\/www.webdo.tn\\\/fr\\\/actualite\\\/national-45\\\/tunisie-les-fabricants-d-aliments-pour-betail-craignent-la-faillite\\\/198626\\\/\",\"url\":\"https:\\\/\\\/www.webdo.tn\\\/fr\\\/actualite\\\/national-45\\\/tunisie-les-fabricants-d-aliments-pour-betail-craignent-la-faillite\\\/198626\\\/\",\"name\":\"Tunisie : Les fabricants d\u2019aliments pour b\u00e9tail craignent la faillite\",\"isPartOf\":{\"@id\":\"https:\\\/\\\/www.webdo.tn\\\/fr\\\/#website\"},\"primaryImageOfPage\":{\"@id\":\"https:\\\/\\\/www.webdo.tn\\\/fr\\\/actualite\\\/national-45\\\/tunisie-les-fabricants-d-aliments-pour-betail-craignent-la-faillite\\\/198626\\\/#primaryimage\"},\"image\":{\"@id\":\"https:\\\/\\\/www.webdo.tn\\\/fr\\\/actualite\\\/national-45\\\/tunisie-les-fabricants-d-aliments-pour-betail-craignent-la-faillite\\\/198626\\\/#primaryimage\"},\"thumbnailUrl\":\"https:\\\/\\\/www.webdo.tn\\\/fr\\\/wp-content\\\/uploads\\\/2022\\\/11\\\/62b0b65803b8765fdc779c60c2cdeccd.jpg\",\"datePublished\":\"2022-11-07T19:19:00+00:00\",\"dateModified\":\"2025-05-22T11:45:22+00:00\",\"description\":\"La Chambre syndicale nationale des fabricants d\u2019aliments pour b\u00e9tail et des importateurs de mati\u00e8res premi\u00e8res a publi\u00e9 un communiqu\u00e9, ce lundi 7 novembre 2022,...\",\"breadcrumb\":{\"@id\":\"https:\\\/\\\/www.webdo.tn\\\/fr\\\/actualite\\\/national-45\\\/tunisie-les-fabricants-d-aliments-pour-betail-craignent-la-faillite\\\/198626\\\/#breadcrumb\"},\"inLanguage\":\"fr-FR\",\"potentialAction\":[{\"@type\":\"ReadAction\",\"target\":[\"https:\\\/\\\/www.webdo.tn\\\/fr\\\/actualite\\\/national-45\\\/tunisie-les-fabricants-d-aliments-pour-betail-craignent-la-faillite\\\/198626\\\/\"]}]},{\"@type\":\"ImageObject\",\"inLanguage\":\"fr-FR\",\"@id\":\"https:\\\/\\\/www.webdo.tn\\\/fr\\\/actualite\\\/national-45\\\/tunisie-les-fabricants-d-aliments-pour-betail-craignent-la-faillite\\\/198626\\\/#primaryimage\",\"url\":\"https:\\\/\\\/www.webdo.tn\\\/fr\\\/wp-content\\\/uploads\\\/2022\\\/11\\\/62b0b65803b8765fdc779c60c2cdeccd.jpg\",\"contentUrl\":\"https:\\\/\\\/www.webdo.tn\\\/fr\\\/wp-content\\\/uploads\\\/2022\\\/11\\\/62b0b65803b8765fdc779c60c2cdeccd.jpg\",\"width\":750,\"height\":400,\"caption\":\"Tunisie : Les fabricants d\u2019aliments pour b\u00e9tail craignent la faillite\"},{\"@type\":\"BreadcrumbList\",\"@id\":\"https:\\\/\\\/www.webdo.tn\\\/fr\\\/actualite\\\/national-45\\\/tunisie-les-fabricants-d-aliments-pour-betail-craignent-la-faillite\\\/198626\\\/#breadcrumb\",\"itemListElement\":[{\"@type\":\"ListItem\",\"position\":1,\"name\":\"Accueil\",\"item\":\"https:\\\/\\\/www.webdo.tn\\\/fr\\\/\"},{\"@type\":\"ListItem\",\"position\":2,\"name\":\"Tunisie : Les fabricants d\u2019aliments pour b\u00e9tail craignent la faillite\"}]},{\"@type\":\"WebSite\",\"@id\":\"https:\\\/\\\/www.webdo.tn\\\/fr\\\/#website\",\"url\":\"https:\\\/\\\/www.webdo.tn\\\/fr\\\/\",\"name\":\"webdo\",\"description\":\"Tunisie - News en Tunisie et \u00e0 l&#039;international sur Webdo.tn\",\"publisher\":{\"@id\":\"https:\\\/\\\/www.webdo.tn\\\/fr\\\/#organization\"},\"potentialAction\":[{\"@type\":\"SearchAction\",\"target\":{\"@type\":\"EntryPoint\",\"urlTemplate\":\"https:\\\/\\\/www.webdo.tn\\\/fr\\\/?s={search_term_string}\"},\"query-input\":{\"@type\":\"PropertyValueSpecification\",\"valueRequired\":true,\"valueName\":\"search_term_string\"}}],\"inLanguage\":\"fr-FR\"},{\"@type\":\"Organization\",\"@id\":\"https:\\\/\\\/www.webdo.tn\\\/fr\\\/#organization\",\"name\":\"Webdo\",\"alternateName\":\"Webdo.tn\",\"url\":\"https:\\\/\\\/www.webdo.tn\\\/fr\\\/\",\"logo\":{\"@type\":\"ImageObject\",\"inLanguage\":\"fr-FR\",\"@id\":\"https:\\\/\\\/www.webdo.tn\\\/fr\\\/#\\\/schema\\\/logo\\\/image\\\/\",\"url\":\"https:\\\/\\\/www.webdo.tn\\\/fr\\\/wp-content\\\/uploads\\\/2025\\\/06\\\/Webdo-Tunisie_168377.jpg\",\"contentUrl\":\"https:\\\/\\\/www.webdo.tn\\\/fr\\\/wp-content\\\/uploads\\\/2025\\\/06\\\/Webdo-Tunisie_168377.jpg\",\"width\":301,\"height\":301,\"caption\":\"Webdo\"},\"image\":{\"@id\":\"https:\\\/\\\/www.webdo.tn\\\/fr\\\/#\\\/schema\\\/logo\\\/image\\\/\"},\"sameAs\":[\"https:\\\/\\\/www.facebook.com\\\/webdotn\",\"https:\\\/\\\/x.com\\\/webdo_tn\"],\"description\":\"Webdo est un m\u00e9dia num\u00e9rique tunisien fond\u00e9 en 2010, sp\u00e9cialis\u00e9 dans l\u2019actualit\u00e9 nationale et internationale, l\u2019\u00e9conomie, la soci\u00e9t\u00e9 et les analyses politiques. Le site s\u2019adresse \u00e0 un large public francophone et couvre l\u2019information tunisienne en temps r\u00e9el.\",\"email\":\"redac@webdo.tn\",\"legalName\":\"YNJ SARL\",\"foundingDate\":\"2010-09-06\",\"numberOfEmployees\":{\"@type\":\"QuantitativeValue\",\"minValue\":\"11\",\"maxValue\":\"50\"}},{\"@type\":\"Person\",\"@id\":\"https:\\\/\\\/www.webdo.tn\\\/fr\\\/#\\\/schema\\\/person\\\/646f7c4406ab78299805d9d39b2636d8\",\"name\":\"NJ\",\"image\":{\"@type\":\"ImageObject\",\"inLanguage\":\"fr-FR\",\"@id\":\"https:\\\/\\\/secure.gravatar.com\\\/avatar\\\/57ee8a7cee8271948beede1dd4413f641d3b749a42dfabf45a3352af812389e1?s=96&d=mm&r=g\",\"url\":\"https:\\\/\\\/secure.gravatar.com\\\/avatar\\\/57ee8a7cee8271948beede1dd4413f641d3b749a42dfabf45a3352af812389e1?s=96&d=mm&r=g\",\"contentUrl\":\"https:\\\/\\\/secure.gravatar.com\\\/avatar\\\/57ee8a7cee8271948beede1dd4413f641d3b749a42dfabf45a3352af812389e1?s=96&d=mm&r=g\",\"caption\":\"NJ\"},\"url\":\"https:\\\/\\\/www.webdo.tn\\\/fr\\\/actualite\\\/author\\\/nj\\\/\"}]}<\/script>\n<!-- \/ Yoast SEO Premium plugin. -->","yoast_head_json":{"title":"Tunisie : Les fabricants d\u2019aliments pour b\u00e9tail craignent la faillite","description":"La Chambre syndicale nationale des fabricants d\u2019aliments pour b\u00e9tail et des importateurs de mati\u00e8res premi\u00e8res a publi\u00e9 un communiqu\u00e9, ce lundi 7 novembre 2022,...","canonical":"https:\/\/www.webdo.tn\/fr\/actualite\/national-45\/tunisie-les-fabricants-d-aliments-pour-betail-craignent-la-faillite\/198626\/","og_locale":"fr_FR","og_type":"article","og_title":"Tunisie : Les fabricants d\u2019aliments pour b\u00e9tail craignent la faillite","og_description":"La Chambre syndicale nationale des fabricants d\u2019aliments pour b\u00e9tail et des importateurs de mati\u00e8res premi\u00e8res a publi\u00e9 un communiqu\u00e9, ce lundi 7 novembre 2022,...","og_url":"https:\/\/www.webdo.tn\/fr\/actualite\/national-45\/tunisie-les-fabricants-d-aliments-pour-betail-craignent-la-faillite\/198626\/","og_site_name":"webdo","article_publisher":"https:\/\/www.facebook.com\/webdotn","article_published_time":"2022-11-07T19:19:00+00:00","article_modified_time":"2025-05-22T11:45:22+00:00","og_image":[{"width":750,"height":400,"url":"https:\/\/www.webdo.tn\/fr\/wp-content\/uploads\/2022\/11\/62b0b65803b8765fdc779c60c2cdeccd.jpg","type":"image\/jpeg"}],"author":"NJ","twitter_card":"summary_large_image","twitter_creator":"@webdo_tn","twitter_site":"@webdo_tn","twitter_misc":{"\u00c9crit par":"NJ","Dur\u00e9e de lecture estim\u00e9e":"1 minute"},"schema":{"@context":"https:\/\/schema.org","@graph":[{"@type":"NewsArticle","@id":"https:\/\/www.webdo.tn\/fr\/actualite\/national-45\/tunisie-les-fabricants-d-aliments-pour-betail-craignent-la-faillite\/198626\/#article","isPartOf":{"@id":"https:\/\/www.webdo.tn\/fr\/actualite\/national-45\/tunisie-les-fabricants-d-aliments-pour-betail-craignent-la-faillite\/198626\/"},"author":{"name":"NJ","@id":"https:\/\/www.webdo.tn\/fr\/#\/schema\/person\/646f7c4406ab78299805d9d39b2636d8"},"headline":"Tunisie : Les fabricants d\u2019aliments pour b\u00e9tail craignent la faillite","datePublished":"2022-11-07T19:19:00+00:00","dateModified":"2025-05-22T11:45:22+00:00","mainEntityOfPage":{"@id":"https:\/\/www.webdo.tn\/fr\/actualite\/national-45\/tunisie-les-fabricants-d-aliments-pour-betail-craignent-la-faillite\/198626\/"},"wordCount":203,"commentCount":0,"publisher":{"@id":"https:\/\/www.webdo.tn\/fr\/#organization"},"image":{"@id":"https:\/\/www.webdo.tn\/fr\/actualite\/national-45\/tunisie-les-fabricants-d-aliments-pour-betail-craignent-la-faillite\/198626\/#primaryimage"},"thumbnailUrl":"https:\/\/www.webdo.tn\/fr\/wp-content\/uploads\/2022\/11\/62b0b65803b8765fdc779c60c2cdeccd.jpg","keywords":["b\u00e9tail","hausse des prix","Lait","oeufs","S\u00e9curit\u00e9 alimentaire","Tunisie","volaille"],"articleSection":["National"],"inLanguage":"fr-FR"},{"@type":"WebPage","@id":"https:\/\/www.webdo.tn\/fr\/actualite\/national-45\/tunisie-les-fabricants-d-aliments-pour-betail-craignent-la-faillite\/198626\/","url":"https:\/\/www.webdo.tn\/fr\/actualite\/national-45\/tunisie-les-fabricants-d-aliments-pour-betail-craignent-la-faillite\/198626\/","name":"Tunisie : Les fabricants d\u2019aliments pour b\u00e9tail craignent la faillite","isPartOf":{"@id":"https:\/\/www.webdo.tn\/fr\/#website"},"primaryImageOfPage":{"@id":"https:\/\/www.webdo.tn\/fr\/actualite\/national-45\/tunisie-les-fabricants-d-aliments-pour-betail-craignent-la-faillite\/198626\/#primaryimage"},"image":{"@id":"https:\/\/www.webdo.tn\/fr\/actualite\/national-45\/tunisie-les-fabricants-d-aliments-pour-betail-craignent-la-faillite\/198626\/#primaryimage"},"thumbnailUrl":"https:\/\/www.webdo.tn\/fr\/wp-content\/uploads\/2022\/11\/62b0b65803b8765fdc779c60c2cdeccd.jpg","datePublished":"2022-11-07T19:19:00+00:00","dateModified":"2025-05-22T11:45:22+00:00","description":"La Chambre syndicale nationale des fabricants d\u2019aliments pour b\u00e9tail et des importateurs de mati\u00e8res premi\u00e8res a publi\u00e9 un communiqu\u00e9, ce lundi 7 novembre 2022,...","breadcrumb":{"@id":"https:\/\/www.webdo.tn\/fr\/actualite\/national-45\/tunisie-les-fabricants-d-aliments-pour-betail-craignent-la-faillite\/198626\/#breadcrumb"},"inLanguage":"fr-FR","potentialAction":[{"@type":"ReadAction","target":["https:\/\/www.webdo.tn\/fr\/actualite\/national-45\/tunisie-les-fabricants-d-aliments-pour-betail-craignent-la-faillite\/198626\/"]}]},{"@type":"ImageObject","inLanguage":"fr-FR","@id":"https:\/\/www.webdo.tn\/fr\/actualite\/national-45\/tunisie-les-fabricants-d-aliments-pour-betail-craignent-la-faillite\/198626\/#primaryimage","url":"https:\/\/www.webdo.tn\/fr\/wp-content\/uploads\/2022\/11\/62b0b65803b8765fdc779c60c2cdeccd.jpg","contentUrl":"https:\/\/www.webdo.tn\/fr\/wp-content\/uploads\/2022\/11\/62b0b65803b8765fdc779c60c2cdeccd.jpg","width":750,"height":400,"caption":"Tunisie : Les fabricants d\u2019aliments pour b\u00e9tail craignent la faillite"},{"@type":"BreadcrumbList","@id":"https:\/\/www.webdo.tn\/fr\/actualite\/national-45\/tunisie-les-fabricants-d-aliments-pour-betail-craignent-la-faillite\/198626\/#breadcrumb","itemListElement":[{"@type":"ListItem","position":1,"name":"Accueil","item":"https:\/\/www.webdo.tn\/fr\/"},{"@type":"ListItem","position":2,"name":"Tunisie : Les fabricants d\u2019aliments pour b\u00e9tail craignent la faillite"}]},{"@type":"WebSite","@id":"https:\/\/www.webdo.tn\/fr\/#website","url":"https:\/\/www.webdo.tn\/fr\/","name":"webdo","description":"Tunisie - News en Tunisie et \u00e0 l&#039;international sur Webdo.tn","publisher":{"@id":"https:\/\/www.webdo.tn\/fr\/#organization"},"potentialAction":[{"@type":"SearchAction","target":{"@type":"EntryPoint","urlTemplate":"https:\/\/www.webdo.tn\/fr\/?s={search_term_string}"},"query-input":{"@type":"PropertyValueSpecification","valueRequired":true,"valueName":"search_term_string"}}],"inLanguage":"fr-FR"},{"@type":"Organization","@id":"https:\/\/www.webdo.tn\/fr\/#organization","name":"Webdo","alternateName":"Webdo.tn","url":"https:\/\/www.webdo.tn\/fr\/","logo":{"@type":"ImageObject","inLanguage":"fr-FR","@id":"https:\/\/www.webdo.tn\/fr\/#\/schema\/logo\/image\/","url":"https:\/\/www.webdo.tn\/fr\/wp-content\/uploads\/2025\/06\/Webdo-Tunisie_168377.jpg","contentUrl":"https:\/\/www.webdo.tn\/fr\/wp-content\/uploads\/2025\/06\/Webdo-Tunisie_168377.jpg","width":301,"height":301,"caption":"Webdo"},"image":{"@id":"https:\/\/www.webdo.tn\/fr\/#\/schema\/logo\/image\/"},"sameAs":["https:\/\/www.facebook.com\/webdotn","https:\/\/x.com\/webdo_tn"],"description":"Webdo est un m\u00e9dia num\u00e9rique tunisien fond\u00e9 en 2010, sp\u00e9cialis\u00e9 dans l\u2019actualit\u00e9 nationale et internationale, l\u2019\u00e9conomie, la soci\u00e9t\u00e9 et les analyses politiques. Le site s\u2019adresse \u00e0 un large public francophone et couvre l\u2019information tunisienne en temps r\u00e9el.","email":"redac@webdo.tn","legalName":"YNJ SARL","foundingDate":"2010-09-06","numberOfEmployees":{"@type":"QuantitativeValue","minValue":"11","maxValue":"50"}},{"@type":"Person","@id":"https:\/\/www.webdo.tn\/fr\/#\/schema\/person\/646f7c4406ab78299805d9d39b2636d8","name":"NJ","image":{"@type":"ImageObject","inLanguage":"fr-FR","@id":"https:\/\/secure.gravatar.com\/avatar\/57ee8a7cee8271948beede1dd4413f641d3b749a42dfabf45a3352af812389e1?s=96&d=mm&r=g","url":"https:\/\/secure.gravatar.com\/avatar\/57ee8a7cee8271948beede1dd4413f641d3b749a42dfabf45a3352af812389e1?s=96&d=mm&r=g","contentUrl":"https:\/\/secure.gravatar.com\/avatar\/57ee8a7cee8271948beede1dd4413f641d3b749a42dfabf45a3352af812389e1?s=96&d=mm&r=g","caption":"NJ"},"url":"https:\/\/www.webdo.tn\/fr\/actualite\/author\/nj\/"}]}},"_links":{"self":[{"href":"https:\/\/www.webdo.tn\/fr\/wp-json\/wp\/v2\/posts\/198626","targetHints":{"allow":["GET"]}}],"collection":[{"href":"https:\/\/www.webdo.tn\/fr\/wp-json\/wp\/v2\/posts"}],"about":[{"href":"https:\/\/www.webdo.tn\/fr\/wp-json\/wp\/v2\/types\/post"}],"author":[{"embeddable":true,"href":"https:\/\/www.webdo.tn\/fr\/wp-json\/wp\/v2\/users\/3195"}],"replies":[{"embeddable":true,"href":"https:\/\/www.webdo.tn\/fr\/wp-json\/wp\/v2\/comments?post=198626"}],"version-history":[{"count":0,"href":"https:\/\/www.webdo.tn\/fr\/wp-json\/wp\/v2\/posts\/198626\/revisions"}],"wp:featuredmedia":[{"embeddable":true,"href":"https:\/\/www.webdo.tn\/fr\/wp-json\/wp\/v2\/media\/348646"}],"wp:attachment":[{"href":"https:\/\/www.webdo.tn\/fr\/wp-json\/wp\/v2\/media?parent=198626"}],"wp:term":[{"taxonomy":"category","embeddable":true,"href":"https:\/\/www.webdo.tn\/fr\/wp-json\/wp\/v2\/categories?post=198626"},{"taxonomy":"post_tag","embeddable":true,"href":"https:\/\/www.webdo.tn\/fr\/wp-json\/wp\/v2\/tags?post=198626"}],"curies":[{"name":"wp","href":"https:\/\/api.w.org\/{rel}","templated":true}]}}