{"id":198596,"date":"2022-11-07T10:54:00","date_gmt":"2022-11-07T10:54:00","guid":{"rendered":"https:\/\/www.webdo.tn\/fr\/blog\/sonede-coupure-d-eau-dans-certaines-regions-a-partir-de-demain\/198596\/"},"modified":"2025-05-14T10:53:59","modified_gmt":"2025-05-14T10:53:59","slug":"sonede-coupure-d-eau-dans-certaines-regions-a-partir-de-demain","status":"publish","type":"post","link":"https:\/\/www.webdo.tn\/fr\/actualite\/national\/sonede-coupure-d-eau-dans-certaines-regions-a-partir-de-demain\/198596\/","title":{"rendered":"Sonede : coupure d\u2019eau dans certaines r\u00e9gions \u00e0 partir de demain"},"content":{"rendered":"<p>La Soci\u00e9t\u00e9 nationale d&rsquo;exploitation et de distribution des eaux (Sonede) a annonc\u00e9, ce lundi 7 novembre 2022, une coupure d\u2019eau \u00e0 cause d\u2019une panne au niveau du canal principal d&rsquo;approvisionnement en eau \u00e0 Borj Ghorbal, Ben Arous.<\/p>\n<p>\t\t\t\t\t\t\t\t\tLes travaux de r\u00e9paration vont engendrer, \u00e0 partir de demain, mardi 8 novembre \u00e0 midi, des perturbations en approvisionnement d&rsquo;eau potable dans certaines r\u00e9gions, peut-on lire dans le communiqu\u00e9 de la Sonede.<\/p>\n<p>Il s\u2019agit des d\u00e9l\u00e9gations d\u2019Ezzahra, Boumhel, Hammam-Lif, Borj Sedria, Hammam Chott, Mornag et Slimane.<\/p>\n<p>La Sonede a fait savoir que l&rsquo;approvisionnement en eau potable sera progressivement r\u00e9tabli \u00e0 partir de mercredi 9 novembre \u00e0 6 heures du matin.<\/p>\n","protected":false},"excerpt":{"rendered":"<p>La Soci\u00e9t\u00e9 nationale d&rsquo;exploitation et de distribution des eaux (Sonede) a annonc\u00e9, ce lundi 7 novembre 2022, une coupure d\u2019eau \u00e0 cause d\u2019une panne au niveau du&#8230;<\/p>\n","protected":false},"author":3169,"featured_media":253342,"comment_status":"open","ping_status":"closed","sticky":false,"template":"","format":"standard","meta":{"footnotes":""},"categories":[44],"tags":[2753,2752],"class_list":["post-198596","post","type-post","status-publish","format-standard","has-post-thumbnail","hentry","category-national","tag-coupure-deau","tag-sonede"],"yoast_head":"<!-- This site is optimized with the Yoast SEO Premium plugin v27.4 (Yoast SEO v27.5) - https:\/\/yoast.com\/product\/yoast-seo-premium-wordpress\/ -->\n<title>Sonede : coupure d\u2019eau dans certaines r\u00e9gions \u00e0 partir de demain<\/title>\n<meta name=\"description\" content=\"La Soci\u00e9t\u00e9 nationale d&#039;exploitation et de distribution des eaux (Sonede) a annonc\u00e9, ce lundi 7 novembre 2022, une coupure d\u2019eau \u00e0 cause d\u2019une panne au niveau du...\" \/>\n<link rel=\"canonical\" href=\"https:\/\/www.webdo.tn\/fr\/actualite\/national\/sonede-coupure-d-eau-dans-certaines-regions-a-partir-de-demain\/198596\/\" \/>\n<meta property=\"og:locale\" content=\"fr_FR\" \/>\n<meta property=\"og:type\" content=\"article\" \/>\n<meta property=\"og:title\" content=\"Sonede : coupure d\u2019eau dans certaines r\u00e9gions \u00e0 partir de demain\" \/>\n<meta property=\"og:description\" content=\"La Soci\u00e9t\u00e9 nationale d&#039;exploitation et de distribution des eaux (Sonede) a annonc\u00e9, ce lundi 7 novembre 2022, une coupure d\u2019eau \u00e0 cause d\u2019une panne au niveau du...\" \/>\n<meta property=\"og:url\" content=\"https:\/\/www.webdo.tn\/fr\/actualite\/national\/sonede-coupure-d-eau-dans-certaines-regions-a-partir-de-demain\/198596\/\" \/>\n<meta property=\"og:site_name\" content=\"webdo\" \/>\n<meta property=\"article:publisher\" content=\"https:\/\/www.facebook.com\/webdotn\" \/>\n<meta property=\"article:published_time\" content=\"2022-11-07T10:54:00+00:00\" \/>\n<meta property=\"article:modified_time\" content=\"2025-05-14T10:53:59+00:00\" \/>\n<meta property=\"og:image\" content=\"https:\/\/www.webdo.tn\/fr\/wp-content\/uploads\/2022\/11\/1c4552ded9b895e59c748ffdec624dd6.jpg\" \/>\n\t<meta property=\"og:image:width\" content=\"750\" \/>\n\t<meta property=\"og:image:height\" content=\"400\" \/>\n\t<meta property=\"og:image:type\" content=\"image\/jpeg\" \/>\n<meta name=\"author\" content=\"Webdo\" \/>\n<meta name=\"twitter:card\" content=\"summary_large_image\" \/>\n<meta name=\"twitter:creator\" content=\"@webdo_tn\" \/>\n<meta name=\"twitter:site\" content=\"@webdo_tn\" \/>\n<meta name=\"twitter:label1\" content=\"\u00c9crit par\" \/>\n\t<meta name=\"twitter:data1\" content=\"Webdo\" \/>\n\t<meta name=\"twitter:label2\" content=\"Dur\u00e9e de lecture estim\u00e9e\" \/>\n\t<meta name=\"twitter:data2\" content=\"1 minute\" \/>\n<script type=\"application\/ld+json\" class=\"yoast-schema-graph\">{\"@context\":\"https:\\\/\\\/schema.org\",\"@graph\":[{\"@type\":\"NewsArticle\",\"@id\":\"https:\\\/\\\/www.webdo.tn\\\/fr\\\/actualite\\\/national\\\/sonede-coupure-d-eau-dans-certaines-regions-a-partir-de-demain\\\/198596\\\/#article\",\"isPartOf\":{\"@id\":\"https:\\\/\\\/www.webdo.tn\\\/fr\\\/actualite\\\/national\\\/sonede-coupure-d-eau-dans-certaines-regions-a-partir-de-demain\\\/198596\\\/\"},\"author\":{\"name\":\"Webdo\",\"@id\":\"https:\\\/\\\/www.webdo.tn\\\/fr\\\/#\\\/schema\\\/person\\\/1f4e491e0907b413d61089e8eb573acc\"},\"headline\":\"Sonede : coupure d\u2019eau dans certaines r\u00e9gions \u00e0 partir de demain\",\"datePublished\":\"2022-11-07T10:54:00+00:00\",\"dateModified\":\"2025-05-14T10:53:59+00:00\",\"mainEntityOfPage\":{\"@id\":\"https:\\\/\\\/www.webdo.tn\\\/fr\\\/actualite\\\/national\\\/sonede-coupure-d-eau-dans-certaines-regions-a-partir-de-demain\\\/198596\\\/\"},\"wordCount\":121,\"commentCount\":0,\"publisher\":{\"@id\":\"https:\\\/\\\/www.webdo.tn\\\/fr\\\/#organization\"},\"image\":{\"@id\":\"https:\\\/\\\/www.webdo.tn\\\/fr\\\/actualite\\\/national\\\/sonede-coupure-d-eau-dans-certaines-regions-a-partir-de-demain\\\/198596\\\/#primaryimage\"},\"thumbnailUrl\":\"https:\\\/\\\/www.webdo.tn\\\/fr\\\/wp-content\\\/uploads\\\/2022\\\/11\\\/1c4552ded9b895e59c748ffdec624dd6.jpg\",\"keywords\":[\"Coupure d'eau\",\"Sonede\"],\"articleSection\":[\"National\"],\"inLanguage\":\"fr-FR\"},{\"@type\":\"WebPage\",\"@id\":\"https:\\\/\\\/www.webdo.tn\\\/fr\\\/actualite\\\/national\\\/sonede-coupure-d-eau-dans-certaines-regions-a-partir-de-demain\\\/198596\\\/\",\"url\":\"https:\\\/\\\/www.webdo.tn\\\/fr\\\/actualite\\\/national\\\/sonede-coupure-d-eau-dans-certaines-regions-a-partir-de-demain\\\/198596\\\/\",\"name\":\"Sonede : coupure d\u2019eau dans certaines r\u00e9gions \u00e0 partir de demain\",\"isPartOf\":{\"@id\":\"https:\\\/\\\/www.webdo.tn\\\/fr\\\/#website\"},\"primaryImageOfPage\":{\"@id\":\"https:\\\/\\\/www.webdo.tn\\\/fr\\\/actualite\\\/national\\\/sonede-coupure-d-eau-dans-certaines-regions-a-partir-de-demain\\\/198596\\\/#primaryimage\"},\"image\":{\"@id\":\"https:\\\/\\\/www.webdo.tn\\\/fr\\\/actualite\\\/national\\\/sonede-coupure-d-eau-dans-certaines-regions-a-partir-de-demain\\\/198596\\\/#primaryimage\"},\"thumbnailUrl\":\"https:\\\/\\\/www.webdo.tn\\\/fr\\\/wp-content\\\/uploads\\\/2022\\\/11\\\/1c4552ded9b895e59c748ffdec624dd6.jpg\",\"datePublished\":\"2022-11-07T10:54:00+00:00\",\"dateModified\":\"2025-05-14T10:53:59+00:00\",\"description\":\"La Soci\u00e9t\u00e9 nationale d'exploitation et de distribution des eaux (Sonede) a annonc\u00e9, ce lundi 7 novembre 2022, une coupure d\u2019eau \u00e0 cause d\u2019une panne au niveau du...\",\"breadcrumb\":{\"@id\":\"https:\\\/\\\/www.webdo.tn\\\/fr\\\/actualite\\\/national\\\/sonede-coupure-d-eau-dans-certaines-regions-a-partir-de-demain\\\/198596\\\/#breadcrumb\"},\"inLanguage\":\"fr-FR\",\"potentialAction\":[{\"@type\":\"ReadAction\",\"target\":[\"https:\\\/\\\/www.webdo.tn\\\/fr\\\/actualite\\\/national\\\/sonede-coupure-d-eau-dans-certaines-regions-a-partir-de-demain\\\/198596\\\/\"]}]},{\"@type\":\"ImageObject\",\"inLanguage\":\"fr-FR\",\"@id\":\"https:\\\/\\\/www.webdo.tn\\\/fr\\\/actualite\\\/national\\\/sonede-coupure-d-eau-dans-certaines-regions-a-partir-de-demain\\\/198596\\\/#primaryimage\",\"url\":\"https:\\\/\\\/www.webdo.tn\\\/fr\\\/wp-content\\\/uploads\\\/2022\\\/11\\\/1c4552ded9b895e59c748ffdec624dd6.jpg\",\"contentUrl\":\"https:\\\/\\\/www.webdo.tn\\\/fr\\\/wp-content\\\/uploads\\\/2022\\\/11\\\/1c4552ded9b895e59c748ffdec624dd6.jpg\",\"width\":750,\"height\":400,\"caption\":\"Sonede\"},{\"@type\":\"BreadcrumbList\",\"@id\":\"https:\\\/\\\/www.webdo.tn\\\/fr\\\/actualite\\\/national\\\/sonede-coupure-d-eau-dans-certaines-regions-a-partir-de-demain\\\/198596\\\/#breadcrumb\",\"itemListElement\":[{\"@type\":\"ListItem\",\"position\":1,\"name\":\"Accueil\",\"item\":\"https:\\\/\\\/www.webdo.tn\\\/fr\\\/\"},{\"@type\":\"ListItem\",\"position\":2,\"name\":\"Sonede : coupure d\u2019eau dans certaines r\u00e9gions \u00e0 partir de demain\"}]},{\"@type\":\"WebSite\",\"@id\":\"https:\\\/\\\/www.webdo.tn\\\/fr\\\/#website\",\"url\":\"https:\\\/\\\/www.webdo.tn\\\/fr\\\/\",\"name\":\"webdo\",\"description\":\"Tunisie - News en Tunisie et \u00e0 l&#039;international sur Webdo.tn\",\"publisher\":{\"@id\":\"https:\\\/\\\/www.webdo.tn\\\/fr\\\/#organization\"},\"potentialAction\":[{\"@type\":\"SearchAction\",\"target\":{\"@type\":\"EntryPoint\",\"urlTemplate\":\"https:\\\/\\\/www.webdo.tn\\\/fr\\\/?s={search_term_string}\"},\"query-input\":{\"@type\":\"PropertyValueSpecification\",\"valueRequired\":true,\"valueName\":\"search_term_string\"}}],\"inLanguage\":\"fr-FR\"},{\"@type\":\"Organization\",\"@id\":\"https:\\\/\\\/www.webdo.tn\\\/fr\\\/#organization\",\"name\":\"Webdo\",\"alternateName\":\"Webdo.tn\",\"url\":\"https:\\\/\\\/www.webdo.tn\\\/fr\\\/\",\"logo\":{\"@type\":\"ImageObject\",\"inLanguage\":\"fr-FR\",\"@id\":\"https:\\\/\\\/www.webdo.tn\\\/fr\\\/#\\\/schema\\\/logo\\\/image\\\/\",\"url\":\"https:\\\/\\\/www.webdo.tn\\\/fr\\\/wp-content\\\/uploads\\\/2025\\\/06\\\/Webdo-Tunisie_168377.jpg\",\"contentUrl\":\"https:\\\/\\\/www.webdo.tn\\\/fr\\\/wp-content\\\/uploads\\\/2025\\\/06\\\/Webdo-Tunisie_168377.jpg\",\"width\":301,\"height\":301,\"caption\":\"Webdo\"},\"image\":{\"@id\":\"https:\\\/\\\/www.webdo.tn\\\/fr\\\/#\\\/schema\\\/logo\\\/image\\\/\"},\"sameAs\":[\"https:\\\/\\\/www.facebook.com\\\/webdotn\",\"https:\\\/\\\/x.com\\\/webdo_tn\"],\"description\":\"Webdo est un m\u00e9dia num\u00e9rique tunisien fond\u00e9 en 2010, sp\u00e9cialis\u00e9 dans l\u2019actualit\u00e9 nationale et internationale, l\u2019\u00e9conomie, la soci\u00e9t\u00e9 et les analyses politiques. Le site s\u2019adresse \u00e0 un large public francophone et couvre l\u2019information tunisienne en temps r\u00e9el.\",\"email\":\"redac@webdo.tn\",\"legalName\":\"YNJ SARL\",\"foundingDate\":\"2010-09-06\",\"numberOfEmployees\":{\"@type\":\"QuantitativeValue\",\"minValue\":\"11\",\"maxValue\":\"50\"}},{\"@type\":\"Person\",\"@id\":\"https:\\\/\\\/www.webdo.tn\\\/fr\\\/#\\\/schema\\\/person\\\/1f4e491e0907b413d61089e8eb573acc\",\"name\":\"Webdo\",\"image\":{\"@type\":\"ImageObject\",\"inLanguage\":\"fr-FR\",\"@id\":\"https:\\\/\\\/secure.gravatar.com\\\/avatar\\\/de97aeec1bb80978a9dbb127e47dfc88aaacb2f3c29aac907d8d3222e3495d49?s=96&d=mm&r=g\",\"url\":\"https:\\\/\\\/secure.gravatar.com\\\/avatar\\\/de97aeec1bb80978a9dbb127e47dfc88aaacb2f3c29aac907d8d3222e3495d49?s=96&d=mm&r=g\",\"contentUrl\":\"https:\\\/\\\/secure.gravatar.com\\\/avatar\\\/de97aeec1bb80978a9dbb127e47dfc88aaacb2f3c29aac907d8d3222e3495d49?s=96&d=mm&r=g\",\"caption\":\"Webdo\"},\"url\":\"https:\\\/\\\/www.webdo.tn\\\/fr\\\/actualite\\\/author\\\/webdo\\\/\"}]}<\/script>\n<!-- \/ Yoast SEO Premium plugin. -->","yoast_head_json":{"title":"Sonede : coupure d\u2019eau dans certaines r\u00e9gions \u00e0 partir de demain","description":"La Soci\u00e9t\u00e9 nationale d'exploitation et de distribution des eaux (Sonede) a annonc\u00e9, ce lundi 7 novembre 2022, une coupure d\u2019eau \u00e0 cause d\u2019une panne au niveau du...","canonical":"https:\/\/www.webdo.tn\/fr\/actualite\/national\/sonede-coupure-d-eau-dans-certaines-regions-a-partir-de-demain\/198596\/","og_locale":"fr_FR","og_type":"article","og_title":"Sonede : coupure d\u2019eau dans certaines r\u00e9gions \u00e0 partir de demain","og_description":"La Soci\u00e9t\u00e9 nationale d'exploitation et de distribution des eaux (Sonede) a annonc\u00e9, ce lundi 7 novembre 2022, une coupure d\u2019eau \u00e0 cause d\u2019une panne au niveau du...","og_url":"https:\/\/www.webdo.tn\/fr\/actualite\/national\/sonede-coupure-d-eau-dans-certaines-regions-a-partir-de-demain\/198596\/","og_site_name":"webdo","article_publisher":"https:\/\/www.facebook.com\/webdotn","article_published_time":"2022-11-07T10:54:00+00:00","article_modified_time":"2025-05-14T10:53:59+00:00","og_image":[{"width":750,"height":400,"url":"https:\/\/www.webdo.tn\/fr\/wp-content\/uploads\/2022\/11\/1c4552ded9b895e59c748ffdec624dd6.jpg","type":"image\/jpeg"}],"author":"Webdo","twitter_card":"summary_large_image","twitter_creator":"@webdo_tn","twitter_site":"@webdo_tn","twitter_misc":{"\u00c9crit par":"Webdo","Dur\u00e9e de lecture estim\u00e9e":"1 minute"},"schema":{"@context":"https:\/\/schema.org","@graph":[{"@type":"NewsArticle","@id":"https:\/\/www.webdo.tn\/fr\/actualite\/national\/sonede-coupure-d-eau-dans-certaines-regions-a-partir-de-demain\/198596\/#article","isPartOf":{"@id":"https:\/\/www.webdo.tn\/fr\/actualite\/national\/sonede-coupure-d-eau-dans-certaines-regions-a-partir-de-demain\/198596\/"},"author":{"name":"Webdo","@id":"https:\/\/www.webdo.tn\/fr\/#\/schema\/person\/1f4e491e0907b413d61089e8eb573acc"},"headline":"Sonede : coupure d\u2019eau dans certaines r\u00e9gions \u00e0 partir de demain","datePublished":"2022-11-07T10:54:00+00:00","dateModified":"2025-05-14T10:53:59+00:00","mainEntityOfPage":{"@id":"https:\/\/www.webdo.tn\/fr\/actualite\/national\/sonede-coupure-d-eau-dans-certaines-regions-a-partir-de-demain\/198596\/"},"wordCount":121,"commentCount":0,"publisher":{"@id":"https:\/\/www.webdo.tn\/fr\/#organization"},"image":{"@id":"https:\/\/www.webdo.tn\/fr\/actualite\/national\/sonede-coupure-d-eau-dans-certaines-regions-a-partir-de-demain\/198596\/#primaryimage"},"thumbnailUrl":"https:\/\/www.webdo.tn\/fr\/wp-content\/uploads\/2022\/11\/1c4552ded9b895e59c748ffdec624dd6.jpg","keywords":["Coupure d'eau","Sonede"],"articleSection":["National"],"inLanguage":"fr-FR"},{"@type":"WebPage","@id":"https:\/\/www.webdo.tn\/fr\/actualite\/national\/sonede-coupure-d-eau-dans-certaines-regions-a-partir-de-demain\/198596\/","url":"https:\/\/www.webdo.tn\/fr\/actualite\/national\/sonede-coupure-d-eau-dans-certaines-regions-a-partir-de-demain\/198596\/","name":"Sonede : coupure d\u2019eau dans certaines r\u00e9gions \u00e0 partir de demain","isPartOf":{"@id":"https:\/\/www.webdo.tn\/fr\/#website"},"primaryImageOfPage":{"@id":"https:\/\/www.webdo.tn\/fr\/actualite\/national\/sonede-coupure-d-eau-dans-certaines-regions-a-partir-de-demain\/198596\/#primaryimage"},"image":{"@id":"https:\/\/www.webdo.tn\/fr\/actualite\/national\/sonede-coupure-d-eau-dans-certaines-regions-a-partir-de-demain\/198596\/#primaryimage"},"thumbnailUrl":"https:\/\/www.webdo.tn\/fr\/wp-content\/uploads\/2022\/11\/1c4552ded9b895e59c748ffdec624dd6.jpg","datePublished":"2022-11-07T10:54:00+00:00","dateModified":"2025-05-14T10:53:59+00:00","description":"La Soci\u00e9t\u00e9 nationale d'exploitation et de distribution des eaux (Sonede) a annonc\u00e9, ce lundi 7 novembre 2022, une coupure d\u2019eau \u00e0 cause d\u2019une panne au niveau du...","breadcrumb":{"@id":"https:\/\/www.webdo.tn\/fr\/actualite\/national\/sonede-coupure-d-eau-dans-certaines-regions-a-partir-de-demain\/198596\/#breadcrumb"},"inLanguage":"fr-FR","potentialAction":[{"@type":"ReadAction","target":["https:\/\/www.webdo.tn\/fr\/actualite\/national\/sonede-coupure-d-eau-dans-certaines-regions-a-partir-de-demain\/198596\/"]}]},{"@type":"ImageObject","inLanguage":"fr-FR","@id":"https:\/\/www.webdo.tn\/fr\/actualite\/national\/sonede-coupure-d-eau-dans-certaines-regions-a-partir-de-demain\/198596\/#primaryimage","url":"https:\/\/www.webdo.tn\/fr\/wp-content\/uploads\/2022\/11\/1c4552ded9b895e59c748ffdec624dd6.jpg","contentUrl":"https:\/\/www.webdo.tn\/fr\/wp-content\/uploads\/2022\/11\/1c4552ded9b895e59c748ffdec624dd6.jpg","width":750,"height":400,"caption":"Sonede"},{"@type":"BreadcrumbList","@id":"https:\/\/www.webdo.tn\/fr\/actualite\/national\/sonede-coupure-d-eau-dans-certaines-regions-a-partir-de-demain\/198596\/#breadcrumb","itemListElement":[{"@type":"ListItem","position":1,"name":"Accueil","item":"https:\/\/www.webdo.tn\/fr\/"},{"@type":"ListItem","position":2,"name":"Sonede : coupure d\u2019eau dans certaines r\u00e9gions \u00e0 partir de demain"}]},{"@type":"WebSite","@id":"https:\/\/www.webdo.tn\/fr\/#website","url":"https:\/\/www.webdo.tn\/fr\/","name":"webdo","description":"Tunisie - News en Tunisie et \u00e0 l&#039;international sur Webdo.tn","publisher":{"@id":"https:\/\/www.webdo.tn\/fr\/#organization"},"potentialAction":[{"@type":"SearchAction","target":{"@type":"EntryPoint","urlTemplate":"https:\/\/www.webdo.tn\/fr\/?s={search_term_string}"},"query-input":{"@type":"PropertyValueSpecification","valueRequired":true,"valueName":"search_term_string"}}],"inLanguage":"fr-FR"},{"@type":"Organization","@id":"https:\/\/www.webdo.tn\/fr\/#organization","name":"Webdo","alternateName":"Webdo.tn","url":"https:\/\/www.webdo.tn\/fr\/","logo":{"@type":"ImageObject","inLanguage":"fr-FR","@id":"https:\/\/www.webdo.tn\/fr\/#\/schema\/logo\/image\/","url":"https:\/\/www.webdo.tn\/fr\/wp-content\/uploads\/2025\/06\/Webdo-Tunisie_168377.jpg","contentUrl":"https:\/\/www.webdo.tn\/fr\/wp-content\/uploads\/2025\/06\/Webdo-Tunisie_168377.jpg","width":301,"height":301,"caption":"Webdo"},"image":{"@id":"https:\/\/www.webdo.tn\/fr\/#\/schema\/logo\/image\/"},"sameAs":["https:\/\/www.facebook.com\/webdotn","https:\/\/x.com\/webdo_tn"],"description":"Webdo est un m\u00e9dia num\u00e9rique tunisien fond\u00e9 en 2010, sp\u00e9cialis\u00e9 dans l\u2019actualit\u00e9 nationale et internationale, l\u2019\u00e9conomie, la soci\u00e9t\u00e9 et les analyses politiques. Le site s\u2019adresse \u00e0 un large public francophone et couvre l\u2019information tunisienne en temps r\u00e9el.","email":"redac@webdo.tn","legalName":"YNJ SARL","foundingDate":"2010-09-06","numberOfEmployees":{"@type":"QuantitativeValue","minValue":"11","maxValue":"50"}},{"@type":"Person","@id":"https:\/\/www.webdo.tn\/fr\/#\/schema\/person\/1f4e491e0907b413d61089e8eb573acc","name":"Webdo","image":{"@type":"ImageObject","inLanguage":"fr-FR","@id":"https:\/\/secure.gravatar.com\/avatar\/de97aeec1bb80978a9dbb127e47dfc88aaacb2f3c29aac907d8d3222e3495d49?s=96&d=mm&r=g","url":"https:\/\/secure.gravatar.com\/avatar\/de97aeec1bb80978a9dbb127e47dfc88aaacb2f3c29aac907d8d3222e3495d49?s=96&d=mm&r=g","contentUrl":"https:\/\/secure.gravatar.com\/avatar\/de97aeec1bb80978a9dbb127e47dfc88aaacb2f3c29aac907d8d3222e3495d49?s=96&d=mm&r=g","caption":"Webdo"},"url":"https:\/\/www.webdo.tn\/fr\/actualite\/author\/webdo\/"}]}},"_links":{"self":[{"href":"https:\/\/www.webdo.tn\/fr\/wp-json\/wp\/v2\/posts\/198596","targetHints":{"allow":["GET"]}}],"collection":[{"href":"https:\/\/www.webdo.tn\/fr\/wp-json\/wp\/v2\/posts"}],"about":[{"href":"https:\/\/www.webdo.tn\/fr\/wp-json\/wp\/v2\/types\/post"}],"author":[{"embeddable":true,"href":"https:\/\/www.webdo.tn\/fr\/wp-json\/wp\/v2\/users\/3169"}],"replies":[{"embeddable":true,"href":"https:\/\/www.webdo.tn\/fr\/wp-json\/wp\/v2\/comments?post=198596"}],"version-history":[{"count":0,"href":"https:\/\/www.webdo.tn\/fr\/wp-json\/wp\/v2\/posts\/198596\/revisions"}],"wp:featuredmedia":[{"embeddable":true,"href":"https:\/\/www.webdo.tn\/fr\/wp-json\/wp\/v2\/media\/253342"}],"wp:attachment":[{"href":"https:\/\/www.webdo.tn\/fr\/wp-json\/wp\/v2\/media?parent=198596"}],"wp:term":[{"taxonomy":"category","embeddable":true,"href":"https:\/\/www.webdo.tn\/fr\/wp-json\/wp\/v2\/categories?post=198596"},{"taxonomy":"post_tag","embeddable":true,"href":"https:\/\/www.webdo.tn\/fr\/wp-json\/wp\/v2\/tags?post=198596"}],"curies":[{"name":"wp","href":"https:\/\/api.w.org\/{rel}","templated":true}]}}