{"id":198587,"date":"2022-11-07T08:07:00","date_gmt":"2022-11-07T08:07:00","guid":{"rendered":"https:\/\/www.webdo.tn\/fr\/blog\/le-vieillissement-de-la-population-s-accelere-en-tunisie\/198587\/"},"modified":"2025-05-20T22:47:08","modified_gmt":"2025-05-20T22:47:08","slug":"le-vieillissement-de-la-population-s-accelere-en-tunisie","status":"publish","type":"post","link":"https:\/\/www.webdo.tn\/fr\/actualite\/national\/le-vieillissement-de-la-population-s-accelere-en-tunisie\/198587\/","title":{"rendered":"Le vieillissement de la population s\u2019acc\u00e9l\u00e8re en Tunisie !"},"content":{"rendered":"<p>Tous les pays du monde connaissent une croissance \u00e0 la fois du nombre et de la proportion de personnes \u00e2g\u00e9es dans la population. D&rsquo;ici \u00e0 2030, une personne sur six dans le monde aura 60 ans ou plus.<\/p>\n<p>\t\t\t\t\t\t\t\t\tEn 2050, la population de personnes \u00e2g\u00e9es de 60 ans et plus dans le monde aura doubl\u00e9 pour atteindre 2,1 milliards de personnes. Le nombre des personnes \u00e2g\u00e9es de 80 ans et plus devrait, pour sa part, tripler entre 2020 et 2050 pour atteindre 426 millions. <\/p>\n<p>La Tunisie n\u2019est pas \u00e9pargn\u00e9e de ce ph\u00e9nom\u00e8ne, elle connait une acc\u00e9l\u00e9ration du vieillissement de sa population. Mohamed Ali Douagi, PDG de l\u2019Office National de la Famille et de la Population (ONFP) affirme que le taux de vieillissement augmente de fa\u00e7on consid\u00e9rable. <\/p>\n<p>\u00ab\u00a0Actuellement, 10% des Tunisiens sont \u00e2g\u00e9s de 60 ans et plus. Cette cat\u00e9gorie augmentera dans les prochaines ann\u00e9es\u00a0\u00bb, a-t-il expliqu\u00e9. <\/p>\n<p>Et d\u2019expliquer que ce taux augmentera pour atteindre 20% de la population dans les ann\u00e9es \u00e0 venir.<\/p>\n","protected":false},"excerpt":{"rendered":"<p>Tous les pays du monde connaissent une croissance \u00e0 la fois du nombre et de la proportion de personnes \u00e2g\u00e9es dans la population. D&rsquo;ici \u00e0 2030, une personne sur&#8230;<\/p>\n","protected":false},"author":3175,"featured_media":253334,"comment_status":"open","ping_status":"closed","sticky":false,"template":"","format":"standard","meta":{"footnotes":""},"categories":[44],"tags":[2608,9050],"class_list":["post-198587","post","type-post","status-publish","format-standard","has-post-thumbnail","hentry","category-national","tag-tunisie","tag-vieillissement-de-la-population"],"yoast_head":"<!-- This site is optimized with the Yoast SEO Premium plugin v27.5 (Yoast SEO v27.5) - https:\/\/yoast.com\/product\/yoast-seo-premium-wordpress\/ -->\n<title>Le vieillissement de la population s\u2019acc\u00e9l\u00e8re en Tunisie !<\/title>\n<meta name=\"description\" content=\"Tous les pays du monde connaissent une croissance \u00e0 la fois du nombre et de la proportion de personnes \u00e2g\u00e9es dans la population. D&#039;ici \u00e0 2030, une personne sur...\" \/>\n<link rel=\"canonical\" href=\"https:\/\/www.webdo.tn\/fr\/actualite\/national\/le-vieillissement-de-la-population-s-accelere-en-tunisie\/198587\/\" \/>\n<meta property=\"og:locale\" content=\"fr_FR\" \/>\n<meta property=\"og:type\" content=\"article\" \/>\n<meta property=\"og:title\" content=\"Le vieillissement de la population s\u2019acc\u00e9l\u00e8re en Tunisie !\" \/>\n<meta property=\"og:description\" content=\"Tous les pays du monde connaissent une croissance \u00e0 la fois du nombre et de la proportion de personnes \u00e2g\u00e9es dans la population. D&#039;ici \u00e0 2030, une personne sur...\" \/>\n<meta property=\"og:url\" content=\"https:\/\/www.webdo.tn\/fr\/actualite\/national\/le-vieillissement-de-la-population-s-accelere-en-tunisie\/198587\/\" \/>\n<meta property=\"og:site_name\" content=\"webdo\" \/>\n<meta property=\"article:publisher\" content=\"https:\/\/www.facebook.com\/webdotn\" \/>\n<meta property=\"article:published_time\" content=\"2022-11-07T08:07:00+00:00\" \/>\n<meta property=\"article:modified_time\" content=\"2025-05-20T22:47:08+00:00\" \/>\n<meta property=\"og:image\" content=\"https:\/\/www.webdo.tn\/fr\/wp-content\/uploads\/2022\/11\/7f309b2a98fc8042bcafd9bb0e4b4ab7.jpg\" \/>\n\t<meta property=\"og:image:width\" content=\"750\" \/>\n\t<meta property=\"og:image:height\" content=\"400\" \/>\n\t<meta property=\"og:image:type\" content=\"image\/jpeg\" \/>\n<meta name=\"author\" content=\"CL\" \/>\n<meta name=\"twitter:card\" content=\"summary_large_image\" \/>\n<meta name=\"twitter:creator\" content=\"@webdo_tn\" \/>\n<meta name=\"twitter:site\" content=\"@webdo_tn\" \/>\n<meta name=\"twitter:label1\" content=\"\u00c9crit par\" \/>\n\t<meta name=\"twitter:data1\" content=\"CL\" \/>\n\t<meta name=\"twitter:label2\" content=\"Dur\u00e9e de lecture estim\u00e9e\" \/>\n\t<meta name=\"twitter:data2\" content=\"1 minute\" \/>\n<script type=\"application\/ld+json\" class=\"yoast-schema-graph\">{\"@context\":\"https:\\\/\\\/schema.org\",\"@graph\":[{\"@type\":\"NewsArticle\",\"@id\":\"https:\\\/\\\/www.webdo.tn\\\/fr\\\/actualite\\\/national\\\/le-vieillissement-de-la-population-s-accelere-en-tunisie\\\/198587\\\/#article\",\"isPartOf\":{\"@id\":\"https:\\\/\\\/www.webdo.tn\\\/fr\\\/actualite\\\/national\\\/le-vieillissement-de-la-population-s-accelere-en-tunisie\\\/198587\\\/\"},\"author\":{\"name\":\"CL\",\"@id\":\"https:\\\/\\\/www.webdo.tn\\\/fr\\\/#\\\/schema\\\/person\\\/f35b42a42c5e2511bbd282959d6385cc\"},\"headline\":\"Le vieillissement de la population s\u2019acc\u00e9l\u00e8re en Tunisie !\",\"datePublished\":\"2022-11-07T08:07:00+00:00\",\"dateModified\":\"2025-05-20T22:47:08+00:00\",\"mainEntityOfPage\":{\"@id\":\"https:\\\/\\\/www.webdo.tn\\\/fr\\\/actualite\\\/national\\\/le-vieillissement-de-la-population-s-accelere-en-tunisie\\\/198587\\\/\"},\"wordCount\":177,\"commentCount\":0,\"publisher\":{\"@id\":\"https:\\\/\\\/www.webdo.tn\\\/fr\\\/#organization\"},\"image\":{\"@id\":\"https:\\\/\\\/www.webdo.tn\\\/fr\\\/actualite\\\/national\\\/le-vieillissement-de-la-population-s-accelere-en-tunisie\\\/198587\\\/#primaryimage\"},\"thumbnailUrl\":\"https:\\\/\\\/www.webdo.tn\\\/fr\\\/wp-content\\\/uploads\\\/2022\\\/11\\\/7f309b2a98fc8042bcafd9bb0e4b4ab7.jpg\",\"keywords\":[\"Tunisie\",\"vieillissement de la population\"],\"articleSection\":[\"National\"],\"inLanguage\":\"fr-FR\"},{\"@type\":\"WebPage\",\"@id\":\"https:\\\/\\\/www.webdo.tn\\\/fr\\\/actualite\\\/national\\\/le-vieillissement-de-la-population-s-accelere-en-tunisie\\\/198587\\\/\",\"url\":\"https:\\\/\\\/www.webdo.tn\\\/fr\\\/actualite\\\/national\\\/le-vieillissement-de-la-population-s-accelere-en-tunisie\\\/198587\\\/\",\"name\":\"Le vieillissement de la population s\u2019acc\u00e9l\u00e8re en Tunisie !\",\"isPartOf\":{\"@id\":\"https:\\\/\\\/www.webdo.tn\\\/fr\\\/#website\"},\"primaryImageOfPage\":{\"@id\":\"https:\\\/\\\/www.webdo.tn\\\/fr\\\/actualite\\\/national\\\/le-vieillissement-de-la-population-s-accelere-en-tunisie\\\/198587\\\/#primaryimage\"},\"image\":{\"@id\":\"https:\\\/\\\/www.webdo.tn\\\/fr\\\/actualite\\\/national\\\/le-vieillissement-de-la-population-s-accelere-en-tunisie\\\/198587\\\/#primaryimage\"},\"thumbnailUrl\":\"https:\\\/\\\/www.webdo.tn\\\/fr\\\/wp-content\\\/uploads\\\/2022\\\/11\\\/7f309b2a98fc8042bcafd9bb0e4b4ab7.jpg\",\"datePublished\":\"2022-11-07T08:07:00+00:00\",\"dateModified\":\"2025-05-20T22:47:08+00:00\",\"description\":\"Tous les pays du monde connaissent une croissance \u00e0 la fois du nombre et de la proportion de personnes \u00e2g\u00e9es dans la population. D'ici \u00e0 2030, une personne sur...\",\"breadcrumb\":{\"@id\":\"https:\\\/\\\/www.webdo.tn\\\/fr\\\/actualite\\\/national\\\/le-vieillissement-de-la-population-s-accelere-en-tunisie\\\/198587\\\/#breadcrumb\"},\"inLanguage\":\"fr-FR\",\"potentialAction\":[{\"@type\":\"ReadAction\",\"target\":[\"https:\\\/\\\/www.webdo.tn\\\/fr\\\/actualite\\\/national\\\/le-vieillissement-de-la-population-s-accelere-en-tunisie\\\/198587\\\/\"]}]},{\"@type\":\"ImageObject\",\"inLanguage\":\"fr-FR\",\"@id\":\"https:\\\/\\\/www.webdo.tn\\\/fr\\\/actualite\\\/national\\\/le-vieillissement-de-la-population-s-accelere-en-tunisie\\\/198587\\\/#primaryimage\",\"url\":\"https:\\\/\\\/www.webdo.tn\\\/fr\\\/wp-content\\\/uploads\\\/2022\\\/11\\\/7f309b2a98fc8042bcafd9bb0e4b4ab7.jpg\",\"contentUrl\":\"https:\\\/\\\/www.webdo.tn\\\/fr\\\/wp-content\\\/uploads\\\/2022\\\/11\\\/7f309b2a98fc8042bcafd9bb0e4b4ab7.jpg\",\"width\":750,\"height\":400,\"caption\":\"Vieillissement\"},{\"@type\":\"BreadcrumbList\",\"@id\":\"https:\\\/\\\/www.webdo.tn\\\/fr\\\/actualite\\\/national\\\/le-vieillissement-de-la-population-s-accelere-en-tunisie\\\/198587\\\/#breadcrumb\",\"itemListElement\":[{\"@type\":\"ListItem\",\"position\":1,\"name\":\"Accueil\",\"item\":\"https:\\\/\\\/www.webdo.tn\\\/fr\\\/\"},{\"@type\":\"ListItem\",\"position\":2,\"name\":\"Le vieillissement de la population s\u2019acc\u00e9l\u00e8re en Tunisie !\"}]},{\"@type\":\"WebSite\",\"@id\":\"https:\\\/\\\/www.webdo.tn\\\/fr\\\/#website\",\"url\":\"https:\\\/\\\/www.webdo.tn\\\/fr\\\/\",\"name\":\"webdo\",\"description\":\"Tunisie - News en Tunisie et \u00e0 l&#039;international sur Webdo.tn\",\"publisher\":{\"@id\":\"https:\\\/\\\/www.webdo.tn\\\/fr\\\/#organization\"},\"potentialAction\":[{\"@type\":\"SearchAction\",\"target\":{\"@type\":\"EntryPoint\",\"urlTemplate\":\"https:\\\/\\\/www.webdo.tn\\\/fr\\\/?s={search_term_string}\"},\"query-input\":{\"@type\":\"PropertyValueSpecification\",\"valueRequired\":true,\"valueName\":\"search_term_string\"}}],\"inLanguage\":\"fr-FR\"},{\"@type\":\"Organization\",\"@id\":\"https:\\\/\\\/www.webdo.tn\\\/fr\\\/#organization\",\"name\":\"Webdo\",\"alternateName\":\"Webdo.tn\",\"url\":\"https:\\\/\\\/www.webdo.tn\\\/fr\\\/\",\"logo\":{\"@type\":\"ImageObject\",\"inLanguage\":\"fr-FR\",\"@id\":\"https:\\\/\\\/www.webdo.tn\\\/fr\\\/#\\\/schema\\\/logo\\\/image\\\/\",\"url\":\"https:\\\/\\\/www.webdo.tn\\\/fr\\\/wp-content\\\/uploads\\\/2025\\\/06\\\/Webdo-Tunisie_168377.jpg\",\"contentUrl\":\"https:\\\/\\\/www.webdo.tn\\\/fr\\\/wp-content\\\/uploads\\\/2025\\\/06\\\/Webdo-Tunisie_168377.jpg\",\"width\":301,\"height\":301,\"caption\":\"Webdo\"},\"image\":{\"@id\":\"https:\\\/\\\/www.webdo.tn\\\/fr\\\/#\\\/schema\\\/logo\\\/image\\\/\"},\"sameAs\":[\"https:\\\/\\\/www.facebook.com\\\/webdotn\",\"https:\\\/\\\/x.com\\\/webdo_tn\"],\"description\":\"Webdo est un m\u00e9dia num\u00e9rique tunisien fond\u00e9 en 2010, sp\u00e9cialis\u00e9 dans l\u2019actualit\u00e9 nationale et internationale, l\u2019\u00e9conomie, la soci\u00e9t\u00e9 et les analyses politiques. Le site s\u2019adresse \u00e0 un large public francophone et couvre l\u2019information tunisienne en temps r\u00e9el.\",\"email\":\"redac@webdo.tn\",\"legalName\":\"YNJ SARL\",\"foundingDate\":\"2010-09-06\",\"numberOfEmployees\":{\"@type\":\"QuantitativeValue\",\"minValue\":\"11\",\"maxValue\":\"50\"}},{\"@type\":\"Person\",\"@id\":\"https:\\\/\\\/www.webdo.tn\\\/fr\\\/#\\\/schema\\\/person\\\/f35b42a42c5e2511bbd282959d6385cc\",\"name\":\"CL\",\"image\":{\"@type\":\"ImageObject\",\"inLanguage\":\"fr-FR\",\"@id\":\"https:\\\/\\\/secure.gravatar.com\\\/avatar\\\/1447a49909b67aa657c488aec6512e1dd6143a480c1ecfee9b5b5cd74eb3b59e?s=96&d=mm&r=g\",\"url\":\"https:\\\/\\\/secure.gravatar.com\\\/avatar\\\/1447a49909b67aa657c488aec6512e1dd6143a480c1ecfee9b5b5cd74eb3b59e?s=96&d=mm&r=g\",\"contentUrl\":\"https:\\\/\\\/secure.gravatar.com\\\/avatar\\\/1447a49909b67aa657c488aec6512e1dd6143a480c1ecfee9b5b5cd74eb3b59e?s=96&d=mm&r=g\",\"caption\":\"CL\"},\"url\":\"https:\\\/\\\/www.webdo.tn\\\/fr\\\/actualite\\\/author\\\/cl\\\/\"}]}<\/script>\n<!-- \/ Yoast SEO Premium plugin. -->","yoast_head_json":{"title":"Le vieillissement de la population s\u2019acc\u00e9l\u00e8re en Tunisie !","description":"Tous les pays du monde connaissent une croissance \u00e0 la fois du nombre et de la proportion de personnes \u00e2g\u00e9es dans la population. D'ici \u00e0 2030, une personne sur...","canonical":"https:\/\/www.webdo.tn\/fr\/actualite\/national\/le-vieillissement-de-la-population-s-accelere-en-tunisie\/198587\/","og_locale":"fr_FR","og_type":"article","og_title":"Le vieillissement de la population s\u2019acc\u00e9l\u00e8re en Tunisie !","og_description":"Tous les pays du monde connaissent une croissance \u00e0 la fois du nombre et de la proportion de personnes \u00e2g\u00e9es dans la population. D'ici \u00e0 2030, une personne sur...","og_url":"https:\/\/www.webdo.tn\/fr\/actualite\/national\/le-vieillissement-de-la-population-s-accelere-en-tunisie\/198587\/","og_site_name":"webdo","article_publisher":"https:\/\/www.facebook.com\/webdotn","article_published_time":"2022-11-07T08:07:00+00:00","article_modified_time":"2025-05-20T22:47:08+00:00","og_image":[{"width":750,"height":400,"url":"https:\/\/www.webdo.tn\/fr\/wp-content\/uploads\/2022\/11\/7f309b2a98fc8042bcafd9bb0e4b4ab7.jpg","type":"image\/jpeg"}],"author":"CL","twitter_card":"summary_large_image","twitter_creator":"@webdo_tn","twitter_site":"@webdo_tn","twitter_misc":{"\u00c9crit par":"CL","Dur\u00e9e de lecture estim\u00e9e":"1 minute"},"schema":{"@context":"https:\/\/schema.org","@graph":[{"@type":"NewsArticle","@id":"https:\/\/www.webdo.tn\/fr\/actualite\/national\/le-vieillissement-de-la-population-s-accelere-en-tunisie\/198587\/#article","isPartOf":{"@id":"https:\/\/www.webdo.tn\/fr\/actualite\/national\/le-vieillissement-de-la-population-s-accelere-en-tunisie\/198587\/"},"author":{"name":"CL","@id":"https:\/\/www.webdo.tn\/fr\/#\/schema\/person\/f35b42a42c5e2511bbd282959d6385cc"},"headline":"Le vieillissement de la population s\u2019acc\u00e9l\u00e8re en Tunisie !","datePublished":"2022-11-07T08:07:00+00:00","dateModified":"2025-05-20T22:47:08+00:00","mainEntityOfPage":{"@id":"https:\/\/www.webdo.tn\/fr\/actualite\/national\/le-vieillissement-de-la-population-s-accelere-en-tunisie\/198587\/"},"wordCount":177,"commentCount":0,"publisher":{"@id":"https:\/\/www.webdo.tn\/fr\/#organization"},"image":{"@id":"https:\/\/www.webdo.tn\/fr\/actualite\/national\/le-vieillissement-de-la-population-s-accelere-en-tunisie\/198587\/#primaryimage"},"thumbnailUrl":"https:\/\/www.webdo.tn\/fr\/wp-content\/uploads\/2022\/11\/7f309b2a98fc8042bcafd9bb0e4b4ab7.jpg","keywords":["Tunisie","vieillissement de la population"],"articleSection":["National"],"inLanguage":"fr-FR"},{"@type":"WebPage","@id":"https:\/\/www.webdo.tn\/fr\/actualite\/national\/le-vieillissement-de-la-population-s-accelere-en-tunisie\/198587\/","url":"https:\/\/www.webdo.tn\/fr\/actualite\/national\/le-vieillissement-de-la-population-s-accelere-en-tunisie\/198587\/","name":"Le vieillissement de la population s\u2019acc\u00e9l\u00e8re en Tunisie !","isPartOf":{"@id":"https:\/\/www.webdo.tn\/fr\/#website"},"primaryImageOfPage":{"@id":"https:\/\/www.webdo.tn\/fr\/actualite\/national\/le-vieillissement-de-la-population-s-accelere-en-tunisie\/198587\/#primaryimage"},"image":{"@id":"https:\/\/www.webdo.tn\/fr\/actualite\/national\/le-vieillissement-de-la-population-s-accelere-en-tunisie\/198587\/#primaryimage"},"thumbnailUrl":"https:\/\/www.webdo.tn\/fr\/wp-content\/uploads\/2022\/11\/7f309b2a98fc8042bcafd9bb0e4b4ab7.jpg","datePublished":"2022-11-07T08:07:00+00:00","dateModified":"2025-05-20T22:47:08+00:00","description":"Tous les pays du monde connaissent une croissance \u00e0 la fois du nombre et de la proportion de personnes \u00e2g\u00e9es dans la population. D'ici \u00e0 2030, une personne sur...","breadcrumb":{"@id":"https:\/\/www.webdo.tn\/fr\/actualite\/national\/le-vieillissement-de-la-population-s-accelere-en-tunisie\/198587\/#breadcrumb"},"inLanguage":"fr-FR","potentialAction":[{"@type":"ReadAction","target":["https:\/\/www.webdo.tn\/fr\/actualite\/national\/le-vieillissement-de-la-population-s-accelere-en-tunisie\/198587\/"]}]},{"@type":"ImageObject","inLanguage":"fr-FR","@id":"https:\/\/www.webdo.tn\/fr\/actualite\/national\/le-vieillissement-de-la-population-s-accelere-en-tunisie\/198587\/#primaryimage","url":"https:\/\/www.webdo.tn\/fr\/wp-content\/uploads\/2022\/11\/7f309b2a98fc8042bcafd9bb0e4b4ab7.jpg","contentUrl":"https:\/\/www.webdo.tn\/fr\/wp-content\/uploads\/2022\/11\/7f309b2a98fc8042bcafd9bb0e4b4ab7.jpg","width":750,"height":400,"caption":"Vieillissement"},{"@type":"BreadcrumbList","@id":"https:\/\/www.webdo.tn\/fr\/actualite\/national\/le-vieillissement-de-la-population-s-accelere-en-tunisie\/198587\/#breadcrumb","itemListElement":[{"@type":"ListItem","position":1,"name":"Accueil","item":"https:\/\/www.webdo.tn\/fr\/"},{"@type":"ListItem","position":2,"name":"Le vieillissement de la population s\u2019acc\u00e9l\u00e8re en Tunisie !"}]},{"@type":"WebSite","@id":"https:\/\/www.webdo.tn\/fr\/#website","url":"https:\/\/www.webdo.tn\/fr\/","name":"webdo","description":"Tunisie - News en Tunisie et \u00e0 l&#039;international sur Webdo.tn","publisher":{"@id":"https:\/\/www.webdo.tn\/fr\/#organization"},"potentialAction":[{"@type":"SearchAction","target":{"@type":"EntryPoint","urlTemplate":"https:\/\/www.webdo.tn\/fr\/?s={search_term_string}"},"query-input":{"@type":"PropertyValueSpecification","valueRequired":true,"valueName":"search_term_string"}}],"inLanguage":"fr-FR"},{"@type":"Organization","@id":"https:\/\/www.webdo.tn\/fr\/#organization","name":"Webdo","alternateName":"Webdo.tn","url":"https:\/\/www.webdo.tn\/fr\/","logo":{"@type":"ImageObject","inLanguage":"fr-FR","@id":"https:\/\/www.webdo.tn\/fr\/#\/schema\/logo\/image\/","url":"https:\/\/www.webdo.tn\/fr\/wp-content\/uploads\/2025\/06\/Webdo-Tunisie_168377.jpg","contentUrl":"https:\/\/www.webdo.tn\/fr\/wp-content\/uploads\/2025\/06\/Webdo-Tunisie_168377.jpg","width":301,"height":301,"caption":"Webdo"},"image":{"@id":"https:\/\/www.webdo.tn\/fr\/#\/schema\/logo\/image\/"},"sameAs":["https:\/\/www.facebook.com\/webdotn","https:\/\/x.com\/webdo_tn"],"description":"Webdo est un m\u00e9dia num\u00e9rique tunisien fond\u00e9 en 2010, sp\u00e9cialis\u00e9 dans l\u2019actualit\u00e9 nationale et internationale, l\u2019\u00e9conomie, la soci\u00e9t\u00e9 et les analyses politiques. Le site s\u2019adresse \u00e0 un large public francophone et couvre l\u2019information tunisienne en temps r\u00e9el.","email":"redac@webdo.tn","legalName":"YNJ SARL","foundingDate":"2010-09-06","numberOfEmployees":{"@type":"QuantitativeValue","minValue":"11","maxValue":"50"}},{"@type":"Person","@id":"https:\/\/www.webdo.tn\/fr\/#\/schema\/person\/f35b42a42c5e2511bbd282959d6385cc","name":"CL","image":{"@type":"ImageObject","inLanguage":"fr-FR","@id":"https:\/\/secure.gravatar.com\/avatar\/1447a49909b67aa657c488aec6512e1dd6143a480c1ecfee9b5b5cd74eb3b59e?s=96&d=mm&r=g","url":"https:\/\/secure.gravatar.com\/avatar\/1447a49909b67aa657c488aec6512e1dd6143a480c1ecfee9b5b5cd74eb3b59e?s=96&d=mm&r=g","contentUrl":"https:\/\/secure.gravatar.com\/avatar\/1447a49909b67aa657c488aec6512e1dd6143a480c1ecfee9b5b5cd74eb3b59e?s=96&d=mm&r=g","caption":"CL"},"url":"https:\/\/www.webdo.tn\/fr\/actualite\/author\/cl\/"}]}},"_links":{"self":[{"href":"https:\/\/www.webdo.tn\/fr\/wp-json\/wp\/v2\/posts\/198587","targetHints":{"allow":["GET"]}}],"collection":[{"href":"https:\/\/www.webdo.tn\/fr\/wp-json\/wp\/v2\/posts"}],"about":[{"href":"https:\/\/www.webdo.tn\/fr\/wp-json\/wp\/v2\/types\/post"}],"author":[{"embeddable":true,"href":"https:\/\/www.webdo.tn\/fr\/wp-json\/wp\/v2\/users\/3175"}],"replies":[{"embeddable":true,"href":"https:\/\/www.webdo.tn\/fr\/wp-json\/wp\/v2\/comments?post=198587"}],"version-history":[{"count":0,"href":"https:\/\/www.webdo.tn\/fr\/wp-json\/wp\/v2\/posts\/198587\/revisions"}],"wp:featuredmedia":[{"embeddable":true,"href":"https:\/\/www.webdo.tn\/fr\/wp-json\/wp\/v2\/media\/253334"}],"wp:attachment":[{"href":"https:\/\/www.webdo.tn\/fr\/wp-json\/wp\/v2\/media?parent=198587"}],"wp:term":[{"taxonomy":"category","embeddable":true,"href":"https:\/\/www.webdo.tn\/fr\/wp-json\/wp\/v2\/categories?post=198587"},{"taxonomy":"post_tag","embeddable":true,"href":"https:\/\/www.webdo.tn\/fr\/wp-json\/wp\/v2\/tags?post=198587"}],"curies":[{"name":"wp","href":"https:\/\/api.w.org\/{rel}","templated":true}]}}