{"id":198582,"date":"2022-11-07T06:59:00","date_gmt":"2022-11-07T06:59:00","guid":{"rendered":"https:\/\/www.webdo.tn\/fr\/blog\/sommet-de-la-francophonie-un-parcours-culturel-au-profit-des-invites-de-djerba\/198582\/"},"modified":"2025-05-20T22:47:07","modified_gmt":"2025-05-20T22:47:07","slug":"sommet-de-la-francophonie-un-parcours-culturel-au-profit-des-invites-de-djerba","status":"publish","type":"post","link":"https:\/\/www.webdo.tn\/fr\/actualite\/national\/sommet-de-la-francophonie-un-parcours-culturel-au-profit-des-invites-de-djerba\/198582\/","title":{"rendered":"Sommet de la Francophonie : Un parcours culturel au profit des invit\u00e9s de Djerba"},"content":{"rendered":"<p>Le ministre du tourisme Mohamed Moez Belhassine a effectu\u00e9, dimanche, une visite \u00e0 l\u2019\u00eele de Djerba pour faire le suivi de la saison touristique hivernale et des pr\u00e9paratifs de l\u2019\u00eele au sommet de la Francophonie pr\u00e9vu pour les 19 et 20 novembre courant.<\/p>\n<p>\t\t\t\t\t\t\t\t\tLe ministre a, \u00e0 cette occasion, inaugur\u00e9 la salle de l\u2019unit\u00e9 d\u2019op\u00e9ration et de suivi rattach\u00e9e au minist\u00e8re du tourisme et qui sera charg\u00e9e d\u2019assurer la coordination avec les diff\u00e9rentes autorit\u00e9s r\u00e9gionales et centrales pendant le Sommet.<\/p>\n<p>Il a aussi fait le suivi des pr\u00e9paratifs des \u00e9tablissements et unit\u00e9s touristiques qui accueilleront les invit\u00e9s du Sommet et s\u2019est rendu \u00e0 l\u2019a\u00e9roport Djerba Zarzis qui a connu r\u00e9cemment des travaux de r\u00e9am\u00e9nagement et d\u2019embellissement.<\/p>\n<p>Le ministre a soulign\u00e9 qu\u2019un parcours touristique et culturel a \u00e9t\u00e9 mis en place au profit des invit\u00e9s qui aimeront visiter les diff\u00e9rents sites touristiques et culturels de l\u2019ile et qui voudront connaitre le patrimoine culturel et naturel de l\u2019ile et de tout le sud tunisien.<\/p>\n<p>S\u2019agissant de la saison touristique hivernale, le ministre mis l\u2019accent sur la n\u00e9cessit\u00e9 d\u2019\u0153uvrer pour un tourisme durable qui rompe avec la saisonnalit\u00e9, indiquant que 911 000 touristes se sont rendus \u00e0 l\u2019\u00eele de Djerba entre le 1er janvier et le 31 octobre, soit une augmentation de 116% par rapport \u00e0 la m\u00eame p\u00e9riode de l\u2019ann\u00e9e derni\u00e8re, alors que le nombre des nuit\u00e9es a, quant \u00e0 lui, atteint les 4,7 millions.<\/p>\n<p>S\u2019agissant du nombre des touristes qui ont visit\u00e9 la Tunisie durant la m\u00eame p\u00e9riode, il a avoisin\u00e9 les 5.4 millions visiteurs ayant pass\u00e9 pr\u00e8s de 20 millions de nuit\u00e9es, soit presque les m\u00eames statistiques r\u00e9alis\u00e9s d\u2019avant la pand\u00e9mie du coronavirus par le secteur qui a g\u00e9n\u00e9r\u00e9 des recettes de 3,5 millions de dinars.<\/p>\n","protected":false},"excerpt":{"rendered":"<p>Le ministre du tourisme Mohamed Moez Belhassine a effectu\u00e9, dimanche, une visite \u00e0 l\u2019\u00eele de Djerba pour faire le suivi de la saison touristique hivernale et des&#8230;<\/p>\n","protected":false},"author":3175,"featured_media":253330,"comment_status":"open","ping_status":"closed","sticky":false,"template":"","format":"standard","meta":{"footnotes":""},"categories":[44],"tags":[3696,9009,2608],"class_list":["post-198582","post","type-post","status-publish","format-standard","has-post-thumbnail","hentry","category-national","tag-djerba","tag-francophonie","tag-tunisie"],"yoast_head":"<!-- This site is optimized with the Yoast SEO Premium plugin v27.4 (Yoast SEO v27.5) - https:\/\/yoast.com\/product\/yoast-seo-premium-wordpress\/ -->\n<title>Sommet de la Francophonie : Un parcours culturel au profit des invit\u00e9s de Djerba<\/title>\n<meta name=\"description\" content=\"Le ministre du tourisme Mohamed Moez Belhassine a effectu\u00e9, dimanche, une visite \u00e0 l\u2019\u00eele de Djerba pour faire le suivi de la saison touristique hivernale et des...\" \/>\n<link rel=\"canonical\" href=\"https:\/\/www.webdo.tn\/fr\/actualite\/national\/sommet-de-la-francophonie-un-parcours-culturel-au-profit-des-invites-de-djerba\/198582\/\" \/>\n<meta property=\"og:locale\" content=\"fr_FR\" \/>\n<meta property=\"og:type\" content=\"article\" \/>\n<meta property=\"og:title\" content=\"Sommet de la Francophonie : Un parcours culturel au profit des invit\u00e9s de Djerba\" \/>\n<meta property=\"og:description\" content=\"Le ministre du tourisme Mohamed Moez Belhassine a effectu\u00e9, dimanche, une visite \u00e0 l\u2019\u00eele de Djerba pour faire le suivi de la saison touristique hivernale et des...\" \/>\n<meta property=\"og:url\" content=\"https:\/\/www.webdo.tn\/fr\/actualite\/national\/sommet-de-la-francophonie-un-parcours-culturel-au-profit-des-invites-de-djerba\/198582\/\" \/>\n<meta property=\"og:site_name\" content=\"webdo\" \/>\n<meta property=\"article:publisher\" content=\"https:\/\/www.facebook.com\/webdotn\" \/>\n<meta property=\"article:published_time\" content=\"2022-11-07T06:59:00+00:00\" \/>\n<meta property=\"article:modified_time\" content=\"2025-05-20T22:47:07+00:00\" \/>\n<meta property=\"og:image\" content=\"https:\/\/www.webdo.tn\/fr\/wp-content\/uploads\/2022\/11\/99790f292e12fcdcf6e23195de3985b4.jpg\" \/>\n\t<meta property=\"og:image:width\" content=\"720\" \/>\n\t<meta property=\"og:image:height\" content=\"384\" \/>\n\t<meta property=\"og:image:type\" content=\"image\/jpeg\" \/>\n<meta name=\"author\" content=\"CL\" \/>\n<meta name=\"twitter:card\" content=\"summary_large_image\" \/>\n<meta name=\"twitter:creator\" content=\"@webdo_tn\" \/>\n<meta name=\"twitter:site\" content=\"@webdo_tn\" \/>\n<meta name=\"twitter:label1\" content=\"\u00c9crit par\" \/>\n\t<meta name=\"twitter:data1\" content=\"CL\" \/>\n\t<meta name=\"twitter:label2\" content=\"Dur\u00e9e de lecture estim\u00e9e\" \/>\n\t<meta name=\"twitter:data2\" content=\"2 minutes\" \/>\n<script type=\"application\/ld+json\" class=\"yoast-schema-graph\">{\"@context\":\"https:\\\/\\\/schema.org\",\"@graph\":[{\"@type\":\"NewsArticle\",\"@id\":\"https:\\\/\\\/www.webdo.tn\\\/fr\\\/actualite\\\/national\\\/sommet-de-la-francophonie-un-parcours-culturel-au-profit-des-invites-de-djerba\\\/198582\\\/#article\",\"isPartOf\":{\"@id\":\"https:\\\/\\\/www.webdo.tn\\\/fr\\\/actualite\\\/national\\\/sommet-de-la-francophonie-un-parcours-culturel-au-profit-des-invites-de-djerba\\\/198582\\\/\"},\"author\":{\"name\":\"CL\",\"@id\":\"https:\\\/\\\/www.webdo.tn\\\/fr\\\/#\\\/schema\\\/person\\\/f35b42a42c5e2511bbd282959d6385cc\"},\"headline\":\"Sommet de la Francophonie : Un parcours culturel au profit des invit\u00e9s de Djerba\",\"datePublished\":\"2022-11-07T06:59:00+00:00\",\"dateModified\":\"2025-05-20T22:47:07+00:00\",\"mainEntityOfPage\":{\"@id\":\"https:\\\/\\\/www.webdo.tn\\\/fr\\\/actualite\\\/national\\\/sommet-de-la-francophonie-un-parcours-culturel-au-profit-des-invites-de-djerba\\\/198582\\\/\"},\"wordCount\":336,\"commentCount\":0,\"publisher\":{\"@id\":\"https:\\\/\\\/www.webdo.tn\\\/fr\\\/#organization\"},\"image\":{\"@id\":\"https:\\\/\\\/www.webdo.tn\\\/fr\\\/actualite\\\/national\\\/sommet-de-la-francophonie-un-parcours-culturel-au-profit-des-invites-de-djerba\\\/198582\\\/#primaryimage\"},\"thumbnailUrl\":\"https:\\\/\\\/www.webdo.tn\\\/fr\\\/wp-content\\\/uploads\\\/2022\\\/11\\\/99790f292e12fcdcf6e23195de3985b4.jpg\",\"keywords\":[\"djerba\",\"francophonie\",\"Tunisie\"],\"articleSection\":[\"National\"],\"inLanguage\":\"fr-FR\"},{\"@type\":\"WebPage\",\"@id\":\"https:\\\/\\\/www.webdo.tn\\\/fr\\\/actualite\\\/national\\\/sommet-de-la-francophonie-un-parcours-culturel-au-profit-des-invites-de-djerba\\\/198582\\\/\",\"url\":\"https:\\\/\\\/www.webdo.tn\\\/fr\\\/actualite\\\/national\\\/sommet-de-la-francophonie-un-parcours-culturel-au-profit-des-invites-de-djerba\\\/198582\\\/\",\"name\":\"Sommet de la Francophonie : Un parcours culturel au profit des invit\u00e9s de Djerba\",\"isPartOf\":{\"@id\":\"https:\\\/\\\/www.webdo.tn\\\/fr\\\/#website\"},\"primaryImageOfPage\":{\"@id\":\"https:\\\/\\\/www.webdo.tn\\\/fr\\\/actualite\\\/national\\\/sommet-de-la-francophonie-un-parcours-culturel-au-profit-des-invites-de-djerba\\\/198582\\\/#primaryimage\"},\"image\":{\"@id\":\"https:\\\/\\\/www.webdo.tn\\\/fr\\\/actualite\\\/national\\\/sommet-de-la-francophonie-un-parcours-culturel-au-profit-des-invites-de-djerba\\\/198582\\\/#primaryimage\"},\"thumbnailUrl\":\"https:\\\/\\\/www.webdo.tn\\\/fr\\\/wp-content\\\/uploads\\\/2022\\\/11\\\/99790f292e12fcdcf6e23195de3985b4.jpg\",\"datePublished\":\"2022-11-07T06:59:00+00:00\",\"dateModified\":\"2025-05-20T22:47:07+00:00\",\"description\":\"Le ministre du tourisme Mohamed Moez Belhassine a effectu\u00e9, dimanche, une visite \u00e0 l\u2019\u00eele de Djerba pour faire le suivi de la saison touristique hivernale et des...\",\"breadcrumb\":{\"@id\":\"https:\\\/\\\/www.webdo.tn\\\/fr\\\/actualite\\\/national\\\/sommet-de-la-francophonie-un-parcours-culturel-au-profit-des-invites-de-djerba\\\/198582\\\/#breadcrumb\"},\"inLanguage\":\"fr-FR\",\"potentialAction\":[{\"@type\":\"ReadAction\",\"target\":[\"https:\\\/\\\/www.webdo.tn\\\/fr\\\/actualite\\\/national\\\/sommet-de-la-francophonie-un-parcours-culturel-au-profit-des-invites-de-djerba\\\/198582\\\/\"]}]},{\"@type\":\"ImageObject\",\"inLanguage\":\"fr-FR\",\"@id\":\"https:\\\/\\\/www.webdo.tn\\\/fr\\\/actualite\\\/national\\\/sommet-de-la-francophonie-un-parcours-culturel-au-profit-des-invites-de-djerba\\\/198582\\\/#primaryimage\",\"url\":\"https:\\\/\\\/www.webdo.tn\\\/fr\\\/wp-content\\\/uploads\\\/2022\\\/11\\\/99790f292e12fcdcf6e23195de3985b4.jpg\",\"contentUrl\":\"https:\\\/\\\/www.webdo.tn\\\/fr\\\/wp-content\\\/uploads\\\/2022\\\/11\\\/99790f292e12fcdcf6e23195de3985b4.jpg\",\"width\":720,\"height\":384,\"caption\":\"Francophonie Djerba\"},{\"@type\":\"BreadcrumbList\",\"@id\":\"https:\\\/\\\/www.webdo.tn\\\/fr\\\/actualite\\\/national\\\/sommet-de-la-francophonie-un-parcours-culturel-au-profit-des-invites-de-djerba\\\/198582\\\/#breadcrumb\",\"itemListElement\":[{\"@type\":\"ListItem\",\"position\":1,\"name\":\"Accueil\",\"item\":\"https:\\\/\\\/www.webdo.tn\\\/fr\\\/\"},{\"@type\":\"ListItem\",\"position\":2,\"name\":\"Sommet de la Francophonie : Un parcours culturel au profit des invit\u00e9s de Djerba\"}]},{\"@type\":\"WebSite\",\"@id\":\"https:\\\/\\\/www.webdo.tn\\\/fr\\\/#website\",\"url\":\"https:\\\/\\\/www.webdo.tn\\\/fr\\\/\",\"name\":\"webdo\",\"description\":\"Tunisie - News en Tunisie et \u00e0 l&#039;international sur Webdo.tn\",\"publisher\":{\"@id\":\"https:\\\/\\\/www.webdo.tn\\\/fr\\\/#organization\"},\"potentialAction\":[{\"@type\":\"SearchAction\",\"target\":{\"@type\":\"EntryPoint\",\"urlTemplate\":\"https:\\\/\\\/www.webdo.tn\\\/fr\\\/?s={search_term_string}\"},\"query-input\":{\"@type\":\"PropertyValueSpecification\",\"valueRequired\":true,\"valueName\":\"search_term_string\"}}],\"inLanguage\":\"fr-FR\"},{\"@type\":\"Organization\",\"@id\":\"https:\\\/\\\/www.webdo.tn\\\/fr\\\/#organization\",\"name\":\"Webdo\",\"alternateName\":\"Webdo.tn\",\"url\":\"https:\\\/\\\/www.webdo.tn\\\/fr\\\/\",\"logo\":{\"@type\":\"ImageObject\",\"inLanguage\":\"fr-FR\",\"@id\":\"https:\\\/\\\/www.webdo.tn\\\/fr\\\/#\\\/schema\\\/logo\\\/image\\\/\",\"url\":\"https:\\\/\\\/www.webdo.tn\\\/fr\\\/wp-content\\\/uploads\\\/2025\\\/06\\\/Webdo-Tunisie_168377.jpg\",\"contentUrl\":\"https:\\\/\\\/www.webdo.tn\\\/fr\\\/wp-content\\\/uploads\\\/2025\\\/06\\\/Webdo-Tunisie_168377.jpg\",\"width\":301,\"height\":301,\"caption\":\"Webdo\"},\"image\":{\"@id\":\"https:\\\/\\\/www.webdo.tn\\\/fr\\\/#\\\/schema\\\/logo\\\/image\\\/\"},\"sameAs\":[\"https:\\\/\\\/www.facebook.com\\\/webdotn\",\"https:\\\/\\\/x.com\\\/webdo_tn\"],\"description\":\"Webdo est un m\u00e9dia num\u00e9rique tunisien fond\u00e9 en 2010, sp\u00e9cialis\u00e9 dans l\u2019actualit\u00e9 nationale et internationale, l\u2019\u00e9conomie, la soci\u00e9t\u00e9 et les analyses politiques. Le site s\u2019adresse \u00e0 un large public francophone et couvre l\u2019information tunisienne en temps r\u00e9el.\",\"email\":\"redac@webdo.tn\",\"legalName\":\"YNJ SARL\",\"foundingDate\":\"2010-09-06\",\"numberOfEmployees\":{\"@type\":\"QuantitativeValue\",\"minValue\":\"11\",\"maxValue\":\"50\"}},{\"@type\":\"Person\",\"@id\":\"https:\\\/\\\/www.webdo.tn\\\/fr\\\/#\\\/schema\\\/person\\\/f35b42a42c5e2511bbd282959d6385cc\",\"name\":\"CL\",\"image\":{\"@type\":\"ImageObject\",\"inLanguage\":\"fr-FR\",\"@id\":\"https:\\\/\\\/secure.gravatar.com\\\/avatar\\\/1447a49909b67aa657c488aec6512e1dd6143a480c1ecfee9b5b5cd74eb3b59e?s=96&d=mm&r=g\",\"url\":\"https:\\\/\\\/secure.gravatar.com\\\/avatar\\\/1447a49909b67aa657c488aec6512e1dd6143a480c1ecfee9b5b5cd74eb3b59e?s=96&d=mm&r=g\",\"contentUrl\":\"https:\\\/\\\/secure.gravatar.com\\\/avatar\\\/1447a49909b67aa657c488aec6512e1dd6143a480c1ecfee9b5b5cd74eb3b59e?s=96&d=mm&r=g\",\"caption\":\"CL\"},\"url\":\"https:\\\/\\\/www.webdo.tn\\\/fr\\\/actualite\\\/author\\\/cl\\\/\"}]}<\/script>\n<!-- \/ Yoast SEO Premium plugin. -->","yoast_head_json":{"title":"Sommet de la Francophonie : Un parcours culturel au profit des invit\u00e9s de Djerba","description":"Le ministre du tourisme Mohamed Moez Belhassine a effectu\u00e9, dimanche, une visite \u00e0 l\u2019\u00eele de Djerba pour faire le suivi de la saison touristique hivernale et des...","canonical":"https:\/\/www.webdo.tn\/fr\/actualite\/national\/sommet-de-la-francophonie-un-parcours-culturel-au-profit-des-invites-de-djerba\/198582\/","og_locale":"fr_FR","og_type":"article","og_title":"Sommet de la Francophonie : Un parcours culturel au profit des invit\u00e9s de Djerba","og_description":"Le ministre du tourisme Mohamed Moez Belhassine a effectu\u00e9, dimanche, une visite \u00e0 l\u2019\u00eele de Djerba pour faire le suivi de la saison touristique hivernale et des...","og_url":"https:\/\/www.webdo.tn\/fr\/actualite\/national\/sommet-de-la-francophonie-un-parcours-culturel-au-profit-des-invites-de-djerba\/198582\/","og_site_name":"webdo","article_publisher":"https:\/\/www.facebook.com\/webdotn","article_published_time":"2022-11-07T06:59:00+00:00","article_modified_time":"2025-05-20T22:47:07+00:00","og_image":[{"width":720,"height":384,"url":"https:\/\/www.webdo.tn\/fr\/wp-content\/uploads\/2022\/11\/99790f292e12fcdcf6e23195de3985b4.jpg","type":"image\/jpeg"}],"author":"CL","twitter_card":"summary_large_image","twitter_creator":"@webdo_tn","twitter_site":"@webdo_tn","twitter_misc":{"\u00c9crit par":"CL","Dur\u00e9e de lecture estim\u00e9e":"2 minutes"},"schema":{"@context":"https:\/\/schema.org","@graph":[{"@type":"NewsArticle","@id":"https:\/\/www.webdo.tn\/fr\/actualite\/national\/sommet-de-la-francophonie-un-parcours-culturel-au-profit-des-invites-de-djerba\/198582\/#article","isPartOf":{"@id":"https:\/\/www.webdo.tn\/fr\/actualite\/national\/sommet-de-la-francophonie-un-parcours-culturel-au-profit-des-invites-de-djerba\/198582\/"},"author":{"name":"CL","@id":"https:\/\/www.webdo.tn\/fr\/#\/schema\/person\/f35b42a42c5e2511bbd282959d6385cc"},"headline":"Sommet de la Francophonie : Un parcours culturel au profit des invit\u00e9s de Djerba","datePublished":"2022-11-07T06:59:00+00:00","dateModified":"2025-05-20T22:47:07+00:00","mainEntityOfPage":{"@id":"https:\/\/www.webdo.tn\/fr\/actualite\/national\/sommet-de-la-francophonie-un-parcours-culturel-au-profit-des-invites-de-djerba\/198582\/"},"wordCount":336,"commentCount":0,"publisher":{"@id":"https:\/\/www.webdo.tn\/fr\/#organization"},"image":{"@id":"https:\/\/www.webdo.tn\/fr\/actualite\/national\/sommet-de-la-francophonie-un-parcours-culturel-au-profit-des-invites-de-djerba\/198582\/#primaryimage"},"thumbnailUrl":"https:\/\/www.webdo.tn\/fr\/wp-content\/uploads\/2022\/11\/99790f292e12fcdcf6e23195de3985b4.jpg","keywords":["djerba","francophonie","Tunisie"],"articleSection":["National"],"inLanguage":"fr-FR"},{"@type":"WebPage","@id":"https:\/\/www.webdo.tn\/fr\/actualite\/national\/sommet-de-la-francophonie-un-parcours-culturel-au-profit-des-invites-de-djerba\/198582\/","url":"https:\/\/www.webdo.tn\/fr\/actualite\/national\/sommet-de-la-francophonie-un-parcours-culturel-au-profit-des-invites-de-djerba\/198582\/","name":"Sommet de la Francophonie : Un parcours culturel au profit des invit\u00e9s de Djerba","isPartOf":{"@id":"https:\/\/www.webdo.tn\/fr\/#website"},"primaryImageOfPage":{"@id":"https:\/\/www.webdo.tn\/fr\/actualite\/national\/sommet-de-la-francophonie-un-parcours-culturel-au-profit-des-invites-de-djerba\/198582\/#primaryimage"},"image":{"@id":"https:\/\/www.webdo.tn\/fr\/actualite\/national\/sommet-de-la-francophonie-un-parcours-culturel-au-profit-des-invites-de-djerba\/198582\/#primaryimage"},"thumbnailUrl":"https:\/\/www.webdo.tn\/fr\/wp-content\/uploads\/2022\/11\/99790f292e12fcdcf6e23195de3985b4.jpg","datePublished":"2022-11-07T06:59:00+00:00","dateModified":"2025-05-20T22:47:07+00:00","description":"Le ministre du tourisme Mohamed Moez Belhassine a effectu\u00e9, dimanche, une visite \u00e0 l\u2019\u00eele de Djerba pour faire le suivi de la saison touristique hivernale et des...","breadcrumb":{"@id":"https:\/\/www.webdo.tn\/fr\/actualite\/national\/sommet-de-la-francophonie-un-parcours-culturel-au-profit-des-invites-de-djerba\/198582\/#breadcrumb"},"inLanguage":"fr-FR","potentialAction":[{"@type":"ReadAction","target":["https:\/\/www.webdo.tn\/fr\/actualite\/national\/sommet-de-la-francophonie-un-parcours-culturel-au-profit-des-invites-de-djerba\/198582\/"]}]},{"@type":"ImageObject","inLanguage":"fr-FR","@id":"https:\/\/www.webdo.tn\/fr\/actualite\/national\/sommet-de-la-francophonie-un-parcours-culturel-au-profit-des-invites-de-djerba\/198582\/#primaryimage","url":"https:\/\/www.webdo.tn\/fr\/wp-content\/uploads\/2022\/11\/99790f292e12fcdcf6e23195de3985b4.jpg","contentUrl":"https:\/\/www.webdo.tn\/fr\/wp-content\/uploads\/2022\/11\/99790f292e12fcdcf6e23195de3985b4.jpg","width":720,"height":384,"caption":"Francophonie Djerba"},{"@type":"BreadcrumbList","@id":"https:\/\/www.webdo.tn\/fr\/actualite\/national\/sommet-de-la-francophonie-un-parcours-culturel-au-profit-des-invites-de-djerba\/198582\/#breadcrumb","itemListElement":[{"@type":"ListItem","position":1,"name":"Accueil","item":"https:\/\/www.webdo.tn\/fr\/"},{"@type":"ListItem","position":2,"name":"Sommet de la Francophonie : Un parcours culturel au profit des invit\u00e9s de Djerba"}]},{"@type":"WebSite","@id":"https:\/\/www.webdo.tn\/fr\/#website","url":"https:\/\/www.webdo.tn\/fr\/","name":"webdo","description":"Tunisie - News en Tunisie et \u00e0 l&#039;international sur Webdo.tn","publisher":{"@id":"https:\/\/www.webdo.tn\/fr\/#organization"},"potentialAction":[{"@type":"SearchAction","target":{"@type":"EntryPoint","urlTemplate":"https:\/\/www.webdo.tn\/fr\/?s={search_term_string}"},"query-input":{"@type":"PropertyValueSpecification","valueRequired":true,"valueName":"search_term_string"}}],"inLanguage":"fr-FR"},{"@type":"Organization","@id":"https:\/\/www.webdo.tn\/fr\/#organization","name":"Webdo","alternateName":"Webdo.tn","url":"https:\/\/www.webdo.tn\/fr\/","logo":{"@type":"ImageObject","inLanguage":"fr-FR","@id":"https:\/\/www.webdo.tn\/fr\/#\/schema\/logo\/image\/","url":"https:\/\/www.webdo.tn\/fr\/wp-content\/uploads\/2025\/06\/Webdo-Tunisie_168377.jpg","contentUrl":"https:\/\/www.webdo.tn\/fr\/wp-content\/uploads\/2025\/06\/Webdo-Tunisie_168377.jpg","width":301,"height":301,"caption":"Webdo"},"image":{"@id":"https:\/\/www.webdo.tn\/fr\/#\/schema\/logo\/image\/"},"sameAs":["https:\/\/www.facebook.com\/webdotn","https:\/\/x.com\/webdo_tn"],"description":"Webdo est un m\u00e9dia num\u00e9rique tunisien fond\u00e9 en 2010, sp\u00e9cialis\u00e9 dans l\u2019actualit\u00e9 nationale et internationale, l\u2019\u00e9conomie, la soci\u00e9t\u00e9 et les analyses politiques. Le site s\u2019adresse \u00e0 un large public francophone et couvre l\u2019information tunisienne en temps r\u00e9el.","email":"redac@webdo.tn","legalName":"YNJ SARL","foundingDate":"2010-09-06","numberOfEmployees":{"@type":"QuantitativeValue","minValue":"11","maxValue":"50"}},{"@type":"Person","@id":"https:\/\/www.webdo.tn\/fr\/#\/schema\/person\/f35b42a42c5e2511bbd282959d6385cc","name":"CL","image":{"@type":"ImageObject","inLanguage":"fr-FR","@id":"https:\/\/secure.gravatar.com\/avatar\/1447a49909b67aa657c488aec6512e1dd6143a480c1ecfee9b5b5cd74eb3b59e?s=96&d=mm&r=g","url":"https:\/\/secure.gravatar.com\/avatar\/1447a49909b67aa657c488aec6512e1dd6143a480c1ecfee9b5b5cd74eb3b59e?s=96&d=mm&r=g","contentUrl":"https:\/\/secure.gravatar.com\/avatar\/1447a49909b67aa657c488aec6512e1dd6143a480c1ecfee9b5b5cd74eb3b59e?s=96&d=mm&r=g","caption":"CL"},"url":"https:\/\/www.webdo.tn\/fr\/actualite\/author\/cl\/"}]}},"_links":{"self":[{"href":"https:\/\/www.webdo.tn\/fr\/wp-json\/wp\/v2\/posts\/198582","targetHints":{"allow":["GET"]}}],"collection":[{"href":"https:\/\/www.webdo.tn\/fr\/wp-json\/wp\/v2\/posts"}],"about":[{"href":"https:\/\/www.webdo.tn\/fr\/wp-json\/wp\/v2\/types\/post"}],"author":[{"embeddable":true,"href":"https:\/\/www.webdo.tn\/fr\/wp-json\/wp\/v2\/users\/3175"}],"replies":[{"embeddable":true,"href":"https:\/\/www.webdo.tn\/fr\/wp-json\/wp\/v2\/comments?post=198582"}],"version-history":[{"count":0,"href":"https:\/\/www.webdo.tn\/fr\/wp-json\/wp\/v2\/posts\/198582\/revisions"}],"wp:featuredmedia":[{"embeddable":true,"href":"https:\/\/www.webdo.tn\/fr\/wp-json\/wp\/v2\/media\/253330"}],"wp:attachment":[{"href":"https:\/\/www.webdo.tn\/fr\/wp-json\/wp\/v2\/media?parent=198582"}],"wp:term":[{"taxonomy":"category","embeddable":true,"href":"https:\/\/www.webdo.tn\/fr\/wp-json\/wp\/v2\/categories?post=198582"},{"taxonomy":"post_tag","embeddable":true,"href":"https:\/\/www.webdo.tn\/fr\/wp-json\/wp\/v2\/tags?post=198582"}],"curies":[{"name":"wp","href":"https:\/\/api.w.org\/{rel}","templated":true}]}}