{"id":198580,"date":"2022-11-06T22:12:00","date_gmt":"2022-11-06T22:12:00","guid":{"rendered":"https:\/\/www.webdo.tn\/fr\/blog\/priere-aux-responsables-des-jcc-de-preserver-la-credibilite-de-ce-festival\/198580\/"},"modified":"2022-11-06T22:12:00","modified_gmt":"2022-11-06T22:12:00","slug":"priere-aux-responsables-des-jcc-de-preserver-la-credibilite-de-ce-festival","status":"publish","type":"post","link":"https:\/\/www.webdo.tn\/fr\/actualite\/culture\/priere-aux-responsables-des-jcc-de-preserver-la-credibilite-de-ce-festival\/198580\/","title":{"rendered":"Pri\u00e8re aux responsables des JCC de pr\u00e9server la cr\u00e9dibilit\u00e9 de ce festival !"},"content":{"rendered":"<div class=\"single-body entry-content typography-copy\" itemprop=\"articleBody\">\n<p style=\"font-weight: bold; text-align: justify\">\n\t\t\t\t\t\t\t\t\tJe me dois de raconter quelque chose qui est arriv\u00e9e hier soir pendant la c\u00e9r\u00e9monie de cl\u00f4ture des JCC 2022.\n\t\t\t\t\t\t\t\t<\/p>\n<div class=\"coprs\" style=\"text-align: center\"><\/div>\n<div class=\"coprs\" style=\"text-align: justify\">\n<p>Hier soir, j&rsquo;\u00e9tais assise avec l&rsquo;\u00e9quipe du film \u00ab Sharaf \u00bb en comp\u00e9tition longs m\u00e9trages de fiction, donc avec l&rsquo;acteur Ahmed Al Munirawi, le r\u00e9alisateur Samir Nasr, l&rsquo;acteur tunisien Khaled Houissa et l&rsquo;acteur libanais Fadi Abi Samra.<\/p>\n<p>Le prix du meilleur d\u00e9cor a \u00e9t\u00e9 annonc\u00e9 et a \u00e9t\u00e9 attribu\u00e9 au film \u00ab Sharaf \u00bb, et c&rsquo;est le producteur du film, Bilel Athimmi, qui est mont\u00e9 sur sc\u00e8ne recevoir le prix.<\/p>\n<p>Ensuite le prix du meilleur sc\u00e9nario a aussi \u00e9t\u00e9 annonc\u00e9, et c&rsquo;\u00e9tait encore pour le film \u00ab Sharaf \u00bb. Le r\u00e9alisateur \u00e9tait mont\u00e9 sur sc\u00e8ne pour prendre son prix. Il avait d&rsquo;ailleurs prononc\u00e9 quelques mots de remerciements, y compris pour son co-sc\u00e9nariste l\u2019\u00e9crivain Sonallah Ibrahim.<\/p>\n<p>Lorsqu&rsquo;il \u00e9tait revenu parmi nous, nous avions voulu prendre une photo avec le prix et nous avions constat\u00e9 que l&rsquo;attestation \u00e9tait au nom du film syrien \u00ab La route \u00bb.<\/p>\n<p>Le r\u00e9alisateur a alors appel\u00e9 une personne des JCC et lui a demand\u00e9 une explication. Elle lui a dit qu&rsquo;elle irait se renseigner. Elle est revenue pour lui dire qu&rsquo;il y avait une erreur dans l&rsquo;attestation et qu&rsquo;elle sera corrig\u00e9e.<\/p>\n<p>D&rsquo;ailleurs juste apr\u00e8s, une autre personne est venue lui affirmer que cette attestation sera corrig\u00e9e apr\u00e8s la c\u00e9r\u00e9monie.<\/p>\n<p><img decoding=\"async\" alt=\"\" height=\"782\" src=\"\/assets\/uploads\/files\/\/314404435_5344748325635505_3101375778254505030_n.jpg\" width=\"473\"><\/p>\n<p>Le r\u00e9alisateur a r\u00e9agi en disant que s&rsquo;il y avait eu erreur et qu&rsquo;un autre film avait remport\u00e9 ce prix, il pouvait comprendre, mais qu&rsquo;il voulait que cela soit annonc\u00e9 publiquement sur sc\u00e8ne pour lever tout quiproquo. Cette personne lui a affirm\u00e9 qu&rsquo;il \u00e9tait bien le vainqueur et que l&rsquo;attestation sera corrig\u00e9e.<\/p>\n<p>A la fin de la c\u00e9r\u00e9monie, des journalistes \u00e9taient venus interviewer le r\u00e9alisateur et les acteurs, qui avaient \u00e9t\u00e9 f\u00e9licit\u00e9s pour les 3 prix du film : meilleur d\u00e9cor, meilleur sc\u00e9nario et Tanit de Bronze.<\/p>\n<p>Ensuite, Samir Nasr le r\u00e9alisateur, et Ahmed Al Munirawi l\u2019acteur principal, sont rest\u00e9s \u00e0 la cit\u00e9 de la culture, dans l\u2019attente de la correction de l\u2019attestation.<\/p>\n<p>Un peu plus tard, Samir et Ahmed sont venus \u00e0 la soir\u00e9e et m\u2019avaient racont\u00e9 que l\u2019attestation n\u2019avait toujours pas \u00e9t\u00e9 corrig\u00e9e et qu\u2019ils avaient vu une autre personne responsable du festival qui leur avait dit que \u00ab Sharaf \u00bb n\u2019avait pas remport\u00e9 le prix du meilleur sc\u00e9nario, et lorsqu\u2019ils avaient demand\u00e9 des explications, elle les avait ignor\u00e9s et s\u2019\u00e9tait \u00e9loign\u00e9e d\u2019eux.<\/p>\n<p>Comme j\u2019\u00e9tais \u00e0 ce moment l\u00e0 avec deux responsables du CNCI, ceux-ci avaient dit au r\u00e9alisateur que ce qui s\u2019\u00e9tait pass\u00e9 \u00e9tait inadmissible et qu\u2019il faudrait trouver une solution, aussi bien pour lui que pour la cr\u00e9dibilit\u00e9 du festival.<\/p>\n<p>Ils lui avaient assur\u00e9 que puisque le prix lui avait \u00e9t\u00e9 remis en pr\u00e9sence des membres du jury et qu\u2019aucun d\u2019entre eux ne s\u2019y \u00e9tait oppos\u00e9, c\u2019est qu\u2019il avait donc r\u00e9ellement remport\u00e9 ce prix. Ils lui avaient encore assur\u00e9 que dimanche matin, cette erreur sera corrig\u00e9e sans faute et qu\u2019il aura son attestation. C\u2019\u00e9tait une vraie promesse.<\/p>\n<p>Hier soir d\u2019ailleurs, la page facebook du festival avait bien annonc\u00e9 que le vainqueur du prix du meilleur sc\u00e9nario est bien le film \u00ab Sharaf \u00bb. Ce matin, j\u2019ai v\u00e9rifi\u00e9 sur la page Facebook, le prix du sc\u00e9nario avait disparu. Comme s\u2019ils ne savaient pas qui l\u2019avait r\u00e9ellement remport\u00e9. Cette apr\u00e8s-midi, sur cette m\u00eame page Facebook, le prix est r\u00e9apparu, mais cette fois ci pour le film syrien \u00ab\u00a0La route\u00a0\u00bb.<\/p>\n<p>Lorsqu\u2019en 2017, il y a eu une telle erreur aux oscars, elle avait \u00e9t\u00e9 corrig\u00e9e de suite, sur sc\u00e8ne. Au moment o\u00f9 le r\u00e9alisateur du film annonc\u00e9 vainqueur avait commenc\u00e9 son discours de remerciements, un membre de l&rsquo;Acad\u00e9mie des Oscars \u00e9tait intervenu pour annoncer qu&rsquo;une erreur s&rsquo;\u00e9tait produite. Cela avait \u00e9t\u00e9 imm\u00e9diat.<\/p>\n<p><img decoding=\"async\" alt=\"\" height=\"1026\" src=\"\/assets\/uploads\/files\/\/314721037_5344742222302782_1111814353946547639_n.jpg\" width=\"1181\"><\/p>\n<p>Hier, non seulement rien de tel n\u2019a eu lieu, mais en plus, on avait assur\u00e9 \u00e0 plusieurs reprises \u00e0 Samir qu\u2019il \u00e9tait bien le vainqueur de ce prix. Est-ce normal ? Pourquoi aucun membre du jury n\u2019a r\u00e9agi de suite ? Pourquoi ? Est-ce pour \u00e9viter un scandale pendant la retransmission de la c\u00e9r\u00e9monie \u00e0 la TV ? Est-ce que la direction du festival pensait ainsi faire passer l\u2019erreur discr\u00e8tement ?<\/p>\n<p>Il fallait soit corriger de suite soit assumer et donner ce prix au film \u00ab Sharaf \u00bb ou m\u00eame donner deux prix ex \u00e6quo de sc\u00e9nario aux deux films, le tout \u00e9tait de trouver une solution honorable.<\/p>\n<p>Il faut que le festival trouve une porte de sortie. Il en va de sa cr\u00e9dibilit\u00e9. Tout le festival va en p\u00e2tir. Et tout le palmar\u00e8s risque d\u2019\u00eatre remis en cause.<\/p>\n<p>N\u2019oubliez pas que les membres du jury \u00e9taient tous pr\u00e9sents et qu\u2019aucun d\u2019entre eux n\u2019a r\u00e9git, ni lorsque le vainqueur a \u00e9t\u00e9 annonc\u00e9, ni lorsque le r\u00e9alisateur est mont\u00e9 sur sc\u00e8ne et a remerci\u00e9 son co-sc\u00e9nariste, le tr\u00e8s c\u00e9l\u00e8bre \u00e9crivain Sonallah Ibrahim. D&rsquo;ailleurs, rien que le nom de cet auteur va faire r\u00e9agir la presse arabe. Avons-nous donc besoin d\u2019un tel scandale et de pol\u00e9miques ?<\/p>\n<\/p><\/div>\n<div class=\"coprs\" style=\"text-align: center\"><\/div><\/div>\n","protected":false},"excerpt":{"rendered":"<p>Je me dois de raconter quelque chose qui est arriv\u00e9e hier soir pendant la c\u00e9r\u00e9monie de cl\u00f4ture des JCC 2022.<\/p>\n","protected":false},"author":3164,"featured_media":253321,"comment_status":"open","ping_status":"closed","sticky":false,"template":"","format":"standard","meta":{"footnotes":""},"categories":[2594],"tags":[9045,9046],"class_list":["post-198580","post","type-post","status-publish","format-standard","has-post-thumbnail","hentry","category-culture","tag-jcc-2022","tag-tanit"],"yoast_head":"<!-- This site is optimized with the Yoast SEO Premium plugin v27.5 (Yoast SEO v27.5) - https:\/\/yoast.com\/product\/yoast-seo-premium-wordpress\/ -->\n<title>Pri\u00e8re aux responsables des JCC de pr\u00e9server la cr\u00e9dibilit\u00e9 de ce festival !<\/title>\n<meta name=\"description\" content=\"Je me dois de raconter quelque chose qui est arriv\u00e9e hier soir pendant la c\u00e9r\u00e9monie de cl\u00f4ture des JCC 2022.\" \/>\n<link rel=\"canonical\" href=\"https:\/\/www.webdo.tn\/fr\/actualite\/culture\/priere-aux-responsables-des-jcc-de-preserver-la-credibilite-de-ce-festival\/198580\/\" \/>\n<meta property=\"og:locale\" content=\"fr_FR\" \/>\n<meta property=\"og:type\" content=\"article\" \/>\n<meta property=\"og:title\" content=\"Pri\u00e8re aux responsables des JCC de pr\u00e9server la cr\u00e9dibilit\u00e9 de ce festival !\" \/>\n<meta property=\"og:description\" content=\"Je me dois de raconter quelque chose qui est arriv\u00e9e hier soir pendant la c\u00e9r\u00e9monie de cl\u00f4ture des JCC 2022.\" \/>\n<meta property=\"og:url\" content=\"https:\/\/www.webdo.tn\/fr\/actualite\/culture\/priere-aux-responsables-des-jcc-de-preserver-la-credibilite-de-ce-festival\/198580\/\" \/>\n<meta property=\"og:site_name\" content=\"webdo\" \/>\n<meta property=\"article:publisher\" content=\"https:\/\/www.facebook.com\/webdotn\" \/>\n<meta property=\"article:author\" content=\"https:\/\/www.facebook.com\/massir.destiniii\/\" \/>\n<meta property=\"article:published_time\" content=\"2022-11-06T22:12:00+00:00\" \/>\n<meta property=\"og:image\" content=\"https:\/\/www.webdo.tn\/fr\/wp-content\/uploads\/2022\/11\/8a6f4e9b5987b32b97c109d658fe0410-1.jpg\" \/>\n\t<meta property=\"og:image:width\" content=\"750\" \/>\n\t<meta property=\"og:image:height\" content=\"400\" \/>\n\t<meta property=\"og:image:type\" content=\"image\/jpeg\" \/>\n<meta name=\"author\" content=\"Ne\u00efla DRISS\" \/>\n<meta name=\"twitter:card\" content=\"summary_large_image\" \/>\n<meta name=\"twitter:creator\" content=\"@https:\/\/x.com\/MassirDestin\" \/>\n<meta name=\"twitter:site\" content=\"@webdo_tn\" \/>\n<meta name=\"twitter:label1\" content=\"\u00c9crit par\" \/>\n\t<meta name=\"twitter:data1\" content=\"Ne\u00efla DRISS\" \/>\n\t<meta name=\"twitter:label2\" content=\"Dur\u00e9e de lecture estim\u00e9e\" \/>\n\t<meta name=\"twitter:data2\" content=\"5 minutes\" \/>\n<script type=\"application\/ld+json\" class=\"yoast-schema-graph\">{\"@context\":\"https:\\\/\\\/schema.org\",\"@graph\":[{\"@type\":\"NewsArticle\",\"@id\":\"https:\\\/\\\/www.webdo.tn\\\/fr\\\/actualite\\\/culture\\\/priere-aux-responsables-des-jcc-de-preserver-la-credibilite-de-ce-festival\\\/198580\\\/#article\",\"isPartOf\":{\"@id\":\"https:\\\/\\\/www.webdo.tn\\\/fr\\\/actualite\\\/culture\\\/priere-aux-responsables-des-jcc-de-preserver-la-credibilite-de-ce-festival\\\/198580\\\/\"},\"author\":{\"name\":\"Ne\u00efla DRISS\",\"@id\":\"https:\\\/\\\/www.webdo.tn\\\/fr\\\/#\\\/schema\\\/person\\\/60d5ba619ed3f58783b0dc82b7dada80\"},\"headline\":\"Pri\u00e8re aux responsables des JCC de pr\u00e9server la cr\u00e9dibilit\u00e9 de ce festival !\",\"datePublished\":\"2022-11-06T22:12:00+00:00\",\"mainEntityOfPage\":{\"@id\":\"https:\\\/\\\/www.webdo.tn\\\/fr\\\/actualite\\\/culture\\\/priere-aux-responsables-des-jcc-de-preserver-la-credibilite-de-ce-festival\\\/198580\\\/\"},\"wordCount\":941,\"commentCount\":0,\"publisher\":{\"@id\":\"https:\\\/\\\/www.webdo.tn\\\/fr\\\/#organization\"},\"image\":{\"@id\":\"https:\\\/\\\/www.webdo.tn\\\/fr\\\/actualite\\\/culture\\\/priere-aux-responsables-des-jcc-de-preserver-la-credibilite-de-ce-festival\\\/198580\\\/#primaryimage\"},\"thumbnailUrl\":\"https:\\\/\\\/www.webdo.tn\\\/fr\\\/wp-content\\\/uploads\\\/2022\\\/11\\\/8a6f4e9b5987b32b97c109d658fe0410-1.jpg\",\"keywords\":[\"JCC 2022\",\"Tanit\"],\"articleSection\":[\"Culture\"],\"inLanguage\":\"fr-FR\"},{\"@type\":\"WebPage\",\"@id\":\"https:\\\/\\\/www.webdo.tn\\\/fr\\\/actualite\\\/culture\\\/priere-aux-responsables-des-jcc-de-preserver-la-credibilite-de-ce-festival\\\/198580\\\/\",\"url\":\"https:\\\/\\\/www.webdo.tn\\\/fr\\\/actualite\\\/culture\\\/priere-aux-responsables-des-jcc-de-preserver-la-credibilite-de-ce-festival\\\/198580\\\/\",\"name\":\"Pri\u00e8re aux responsables des JCC de pr\u00e9server la cr\u00e9dibilit\u00e9 de ce festival !\",\"isPartOf\":{\"@id\":\"https:\\\/\\\/www.webdo.tn\\\/fr\\\/#website\"},\"primaryImageOfPage\":{\"@id\":\"https:\\\/\\\/www.webdo.tn\\\/fr\\\/actualite\\\/culture\\\/priere-aux-responsables-des-jcc-de-preserver-la-credibilite-de-ce-festival\\\/198580\\\/#primaryimage\"},\"image\":{\"@id\":\"https:\\\/\\\/www.webdo.tn\\\/fr\\\/actualite\\\/culture\\\/priere-aux-responsables-des-jcc-de-preserver-la-credibilite-de-ce-festival\\\/198580\\\/#primaryimage\"},\"thumbnailUrl\":\"https:\\\/\\\/www.webdo.tn\\\/fr\\\/wp-content\\\/uploads\\\/2022\\\/11\\\/8a6f4e9b5987b32b97c109d658fe0410-1.jpg\",\"datePublished\":\"2022-11-06T22:12:00+00:00\",\"description\":\"Je me dois de raconter quelque chose qui est arriv\u00e9e hier soir pendant la c\u00e9r\u00e9monie de cl\u00f4ture des JCC 2022.\",\"breadcrumb\":{\"@id\":\"https:\\\/\\\/www.webdo.tn\\\/fr\\\/actualite\\\/culture\\\/priere-aux-responsables-des-jcc-de-preserver-la-credibilite-de-ce-festival\\\/198580\\\/#breadcrumb\"},\"inLanguage\":\"fr-FR\",\"potentialAction\":[{\"@type\":\"ReadAction\",\"target\":[\"https:\\\/\\\/www.webdo.tn\\\/fr\\\/actualite\\\/culture\\\/priere-aux-responsables-des-jcc-de-preserver-la-credibilite-de-ce-festival\\\/198580\\\/\"]}]},{\"@type\":\"ImageObject\",\"inLanguage\":\"fr-FR\",\"@id\":\"https:\\\/\\\/www.webdo.tn\\\/fr\\\/actualite\\\/culture\\\/priere-aux-responsables-des-jcc-de-preserver-la-credibilite-de-ce-festival\\\/198580\\\/#primaryimage\",\"url\":\"https:\\\/\\\/www.webdo.tn\\\/fr\\\/wp-content\\\/uploads\\\/2022\\\/11\\\/8a6f4e9b5987b32b97c109d658fe0410-1.jpg\",\"contentUrl\":\"https:\\\/\\\/www.webdo.tn\\\/fr\\\/wp-content\\\/uploads\\\/2022\\\/11\\\/8a6f4e9b5987b32b97c109d658fe0410-1.jpg\",\"width\":750,\"height\":400,\"caption\":\"Le r\u00e9alisateur Samir Nasr et l'acteur Ahmed Al Munirawi\"},{\"@type\":\"BreadcrumbList\",\"@id\":\"https:\\\/\\\/www.webdo.tn\\\/fr\\\/actualite\\\/culture\\\/priere-aux-responsables-des-jcc-de-preserver-la-credibilite-de-ce-festival\\\/198580\\\/#breadcrumb\",\"itemListElement\":[{\"@type\":\"ListItem\",\"position\":1,\"name\":\"Accueil\",\"item\":\"https:\\\/\\\/www.webdo.tn\\\/fr\\\/\"},{\"@type\":\"ListItem\",\"position\":2,\"name\":\"Pri\u00e8re aux responsables des JCC de pr\u00e9server la cr\u00e9dibilit\u00e9 de ce festival !\"}]},{\"@type\":\"WebSite\",\"@id\":\"https:\\\/\\\/www.webdo.tn\\\/fr\\\/#website\",\"url\":\"https:\\\/\\\/www.webdo.tn\\\/fr\\\/\",\"name\":\"webdo\",\"description\":\"Tunisie - News en Tunisie et \u00e0 l&#039;international sur Webdo.tn\",\"publisher\":{\"@id\":\"https:\\\/\\\/www.webdo.tn\\\/fr\\\/#organization\"},\"potentialAction\":[{\"@type\":\"SearchAction\",\"target\":{\"@type\":\"EntryPoint\",\"urlTemplate\":\"https:\\\/\\\/www.webdo.tn\\\/fr\\\/?s={search_term_string}\"},\"query-input\":{\"@type\":\"PropertyValueSpecification\",\"valueRequired\":true,\"valueName\":\"search_term_string\"}}],\"inLanguage\":\"fr-FR\"},{\"@type\":\"Organization\",\"@id\":\"https:\\\/\\\/www.webdo.tn\\\/fr\\\/#organization\",\"name\":\"Webdo\",\"alternateName\":\"Webdo.tn\",\"url\":\"https:\\\/\\\/www.webdo.tn\\\/fr\\\/\",\"logo\":{\"@type\":\"ImageObject\",\"inLanguage\":\"fr-FR\",\"@id\":\"https:\\\/\\\/www.webdo.tn\\\/fr\\\/#\\\/schema\\\/logo\\\/image\\\/\",\"url\":\"https:\\\/\\\/www.webdo.tn\\\/fr\\\/wp-content\\\/uploads\\\/2025\\\/06\\\/Webdo-Tunisie_168377.jpg\",\"contentUrl\":\"https:\\\/\\\/www.webdo.tn\\\/fr\\\/wp-content\\\/uploads\\\/2025\\\/06\\\/Webdo-Tunisie_168377.jpg\",\"width\":301,\"height\":301,\"caption\":\"Webdo\"},\"image\":{\"@id\":\"https:\\\/\\\/www.webdo.tn\\\/fr\\\/#\\\/schema\\\/logo\\\/image\\\/\"},\"sameAs\":[\"https:\\\/\\\/www.facebook.com\\\/webdotn\",\"https:\\\/\\\/x.com\\\/webdo_tn\"],\"description\":\"Webdo est un m\u00e9dia num\u00e9rique tunisien fond\u00e9 en 2010, sp\u00e9cialis\u00e9 dans l\u2019actualit\u00e9 nationale et internationale, l\u2019\u00e9conomie, la soci\u00e9t\u00e9 et les analyses politiques. Le site s\u2019adresse \u00e0 un large public francophone et couvre l\u2019information tunisienne en temps r\u00e9el.\",\"email\":\"redac@webdo.tn\",\"legalName\":\"YNJ SARL\",\"foundingDate\":\"2010-09-06\",\"numberOfEmployees\":{\"@type\":\"QuantitativeValue\",\"minValue\":\"11\",\"maxValue\":\"50\"}},{\"@type\":\"Person\",\"@id\":\"https:\\\/\\\/www.webdo.tn\\\/fr\\\/#\\\/schema\\\/person\\\/60d5ba619ed3f58783b0dc82b7dada80\",\"name\":\"Ne\u00efla DRISS\",\"image\":{\"@type\":\"ImageObject\",\"inLanguage\":\"fr-FR\",\"@id\":\"https:\\\/\\\/www.webdo.tn\\\/fr\\\/wp-content\\\/uploads\\\/2026\\\/04\\\/neila-driss_avatar-96x96.jpg\",\"url\":\"https:\\\/\\\/www.webdo.tn\\\/fr\\\/wp-content\\\/uploads\\\/2026\\\/04\\\/neila-driss_avatar-96x96.jpg\",\"contentUrl\":\"https:\\\/\\\/www.webdo.tn\\\/fr\\\/wp-content\\\/uploads\\\/2026\\\/04\\\/neila-driss_avatar-96x96.jpg\",\"caption\":\"Ne\u00efla DRISS\"},\"description\":\"Ne\u00efla Driss est juriste, journaliste culturelle et critique de cin\u00e9ma tunisienne. Titulaire d\u2019un DEA en droit priv\u00e9 de l\u2019Universit\u00e9 Paris II et d\u2019un DESS de l\u2019IHEC Carthage, elle d\u00e9bute sa carri\u00e8re comme juriste sp\u00e9cialis\u00e9e en gestion de patrimoine immobilier. Elle s\u2019oriente ensuite vers l\u2019\u00e9criture en ligne, o\u00f9 elle se distingue d\u00e8s 2006 aux Tunisia Blog Awards, avant de se consacrer au journalisme culturel, avec une sp\u00e9cialisation dans la critique cin\u00e9matographique. Elle couvre r\u00e9guli\u00e8rement les grands festivals internationaux, notamment le Festival de Cannes, les Journ\u00e9es Cin\u00e9matographiques de Carthage et le Festival du film du Caire. Membre de l\u2019ATPCC et de la FIPRESCI, elle participe \u00e0 des jurys et initiatives internationales de critique. Depuis 2024, elle est \u00e9lectrice internationale aux Golden Globes. Facebook : https:\\\/\\\/www.facebook.com\\\/massir.destiniii\\\/ X : https:\\\/\\\/x.com\\\/MassirDestin\",\"sameAs\":[\"https:\\\/\\\/www.facebook.com\\\/massir.destiniii\\\/\",\"https:\\\/\\\/www.instagram.com\\\/neila.driss\\\/?hl=fr\",\"https:\\\/\\\/www.linkedin.com\\\/in\\\/neila-driss-22606a80\\\/\",\"https:\\\/\\\/x.com\\\/https:\\\/\\\/x.com\\\/MassirDestin\"],\"knowsAbout\":[\"Cin\u00e9ma international\",\"critique cin\u00e9matographique\",\"festivals de cin\u00e9ma\",\"journalisme culturel\"],\"knowsLanguage\":[\"Fran\u00e7ais\",\"Arabe\",\"Anglais\"],\"jobTitle\":\"Journaliste culturelle et critique de cin\u00e9ma\",\"worksFor\":\"Webdo\",\"url\":\"https:\\\/\\\/www.webdo.tn\\\/fr\\\/actualite\\\/author\\\/neila-driss\\\/\"}]}<\/script>\n<!-- \/ Yoast SEO Premium plugin. -->","yoast_head_json":{"title":"Pri\u00e8re aux responsables des JCC de pr\u00e9server la cr\u00e9dibilit\u00e9 de ce festival !","description":"Je me dois de raconter quelque chose qui est arriv\u00e9e hier soir pendant la c\u00e9r\u00e9monie de cl\u00f4ture des JCC 2022.","canonical":"https:\/\/www.webdo.tn\/fr\/actualite\/culture\/priere-aux-responsables-des-jcc-de-preserver-la-credibilite-de-ce-festival\/198580\/","og_locale":"fr_FR","og_type":"article","og_title":"Pri\u00e8re aux responsables des JCC de pr\u00e9server la cr\u00e9dibilit\u00e9 de ce festival !","og_description":"Je me dois de raconter quelque chose qui est arriv\u00e9e hier soir pendant la c\u00e9r\u00e9monie de cl\u00f4ture des JCC 2022.","og_url":"https:\/\/www.webdo.tn\/fr\/actualite\/culture\/priere-aux-responsables-des-jcc-de-preserver-la-credibilite-de-ce-festival\/198580\/","og_site_name":"webdo","article_publisher":"https:\/\/www.facebook.com\/webdotn","article_author":"https:\/\/www.facebook.com\/massir.destiniii\/","article_published_time":"2022-11-06T22:12:00+00:00","og_image":[{"width":750,"height":400,"url":"https:\/\/www.webdo.tn\/fr\/wp-content\/uploads\/2022\/11\/8a6f4e9b5987b32b97c109d658fe0410-1.jpg","type":"image\/jpeg"}],"author":"Ne\u00efla DRISS","twitter_card":"summary_large_image","twitter_creator":"@https:\/\/x.com\/MassirDestin","twitter_site":"@webdo_tn","twitter_misc":{"\u00c9crit par":"Ne\u00efla DRISS","Dur\u00e9e de lecture estim\u00e9e":"5 minutes"},"schema":{"@context":"https:\/\/schema.org","@graph":[{"@type":"NewsArticle","@id":"https:\/\/www.webdo.tn\/fr\/actualite\/culture\/priere-aux-responsables-des-jcc-de-preserver-la-credibilite-de-ce-festival\/198580\/#article","isPartOf":{"@id":"https:\/\/www.webdo.tn\/fr\/actualite\/culture\/priere-aux-responsables-des-jcc-de-preserver-la-credibilite-de-ce-festival\/198580\/"},"author":{"name":"Ne\u00efla DRISS","@id":"https:\/\/www.webdo.tn\/fr\/#\/schema\/person\/60d5ba619ed3f58783b0dc82b7dada80"},"headline":"Pri\u00e8re aux responsables des JCC de pr\u00e9server la cr\u00e9dibilit\u00e9 de ce festival !","datePublished":"2022-11-06T22:12:00+00:00","mainEntityOfPage":{"@id":"https:\/\/www.webdo.tn\/fr\/actualite\/culture\/priere-aux-responsables-des-jcc-de-preserver-la-credibilite-de-ce-festival\/198580\/"},"wordCount":941,"commentCount":0,"publisher":{"@id":"https:\/\/www.webdo.tn\/fr\/#organization"},"image":{"@id":"https:\/\/www.webdo.tn\/fr\/actualite\/culture\/priere-aux-responsables-des-jcc-de-preserver-la-credibilite-de-ce-festival\/198580\/#primaryimage"},"thumbnailUrl":"https:\/\/www.webdo.tn\/fr\/wp-content\/uploads\/2022\/11\/8a6f4e9b5987b32b97c109d658fe0410-1.jpg","keywords":["JCC 2022","Tanit"],"articleSection":["Culture"],"inLanguage":"fr-FR"},{"@type":"WebPage","@id":"https:\/\/www.webdo.tn\/fr\/actualite\/culture\/priere-aux-responsables-des-jcc-de-preserver-la-credibilite-de-ce-festival\/198580\/","url":"https:\/\/www.webdo.tn\/fr\/actualite\/culture\/priere-aux-responsables-des-jcc-de-preserver-la-credibilite-de-ce-festival\/198580\/","name":"Pri\u00e8re aux responsables des JCC de pr\u00e9server la cr\u00e9dibilit\u00e9 de ce festival !","isPartOf":{"@id":"https:\/\/www.webdo.tn\/fr\/#website"},"primaryImageOfPage":{"@id":"https:\/\/www.webdo.tn\/fr\/actualite\/culture\/priere-aux-responsables-des-jcc-de-preserver-la-credibilite-de-ce-festival\/198580\/#primaryimage"},"image":{"@id":"https:\/\/www.webdo.tn\/fr\/actualite\/culture\/priere-aux-responsables-des-jcc-de-preserver-la-credibilite-de-ce-festival\/198580\/#primaryimage"},"thumbnailUrl":"https:\/\/www.webdo.tn\/fr\/wp-content\/uploads\/2022\/11\/8a6f4e9b5987b32b97c109d658fe0410-1.jpg","datePublished":"2022-11-06T22:12:00+00:00","description":"Je me dois de raconter quelque chose qui est arriv\u00e9e hier soir pendant la c\u00e9r\u00e9monie de cl\u00f4ture des JCC 2022.","breadcrumb":{"@id":"https:\/\/www.webdo.tn\/fr\/actualite\/culture\/priere-aux-responsables-des-jcc-de-preserver-la-credibilite-de-ce-festival\/198580\/#breadcrumb"},"inLanguage":"fr-FR","potentialAction":[{"@type":"ReadAction","target":["https:\/\/www.webdo.tn\/fr\/actualite\/culture\/priere-aux-responsables-des-jcc-de-preserver-la-credibilite-de-ce-festival\/198580\/"]}]},{"@type":"ImageObject","inLanguage":"fr-FR","@id":"https:\/\/www.webdo.tn\/fr\/actualite\/culture\/priere-aux-responsables-des-jcc-de-preserver-la-credibilite-de-ce-festival\/198580\/#primaryimage","url":"https:\/\/www.webdo.tn\/fr\/wp-content\/uploads\/2022\/11\/8a6f4e9b5987b32b97c109d658fe0410-1.jpg","contentUrl":"https:\/\/www.webdo.tn\/fr\/wp-content\/uploads\/2022\/11\/8a6f4e9b5987b32b97c109d658fe0410-1.jpg","width":750,"height":400,"caption":"Le r\u00e9alisateur Samir Nasr et l'acteur Ahmed Al Munirawi"},{"@type":"BreadcrumbList","@id":"https:\/\/www.webdo.tn\/fr\/actualite\/culture\/priere-aux-responsables-des-jcc-de-preserver-la-credibilite-de-ce-festival\/198580\/#breadcrumb","itemListElement":[{"@type":"ListItem","position":1,"name":"Accueil","item":"https:\/\/www.webdo.tn\/fr\/"},{"@type":"ListItem","position":2,"name":"Pri\u00e8re aux responsables des JCC de pr\u00e9server la cr\u00e9dibilit\u00e9 de ce festival !"}]},{"@type":"WebSite","@id":"https:\/\/www.webdo.tn\/fr\/#website","url":"https:\/\/www.webdo.tn\/fr\/","name":"webdo","description":"Tunisie - News en Tunisie et \u00e0 l&#039;international sur Webdo.tn","publisher":{"@id":"https:\/\/www.webdo.tn\/fr\/#organization"},"potentialAction":[{"@type":"SearchAction","target":{"@type":"EntryPoint","urlTemplate":"https:\/\/www.webdo.tn\/fr\/?s={search_term_string}"},"query-input":{"@type":"PropertyValueSpecification","valueRequired":true,"valueName":"search_term_string"}}],"inLanguage":"fr-FR"},{"@type":"Organization","@id":"https:\/\/www.webdo.tn\/fr\/#organization","name":"Webdo","alternateName":"Webdo.tn","url":"https:\/\/www.webdo.tn\/fr\/","logo":{"@type":"ImageObject","inLanguage":"fr-FR","@id":"https:\/\/www.webdo.tn\/fr\/#\/schema\/logo\/image\/","url":"https:\/\/www.webdo.tn\/fr\/wp-content\/uploads\/2025\/06\/Webdo-Tunisie_168377.jpg","contentUrl":"https:\/\/www.webdo.tn\/fr\/wp-content\/uploads\/2025\/06\/Webdo-Tunisie_168377.jpg","width":301,"height":301,"caption":"Webdo"},"image":{"@id":"https:\/\/www.webdo.tn\/fr\/#\/schema\/logo\/image\/"},"sameAs":["https:\/\/www.facebook.com\/webdotn","https:\/\/x.com\/webdo_tn"],"description":"Webdo est un m\u00e9dia num\u00e9rique tunisien fond\u00e9 en 2010, sp\u00e9cialis\u00e9 dans l\u2019actualit\u00e9 nationale et internationale, l\u2019\u00e9conomie, la soci\u00e9t\u00e9 et les analyses politiques. Le site s\u2019adresse \u00e0 un large public francophone et couvre l\u2019information tunisienne en temps r\u00e9el.","email":"redac@webdo.tn","legalName":"YNJ SARL","foundingDate":"2010-09-06","numberOfEmployees":{"@type":"QuantitativeValue","minValue":"11","maxValue":"50"}},{"@type":"Person","@id":"https:\/\/www.webdo.tn\/fr\/#\/schema\/person\/60d5ba619ed3f58783b0dc82b7dada80","name":"Ne\u00efla DRISS","image":{"@type":"ImageObject","inLanguage":"fr-FR","@id":"https:\/\/www.webdo.tn\/fr\/wp-content\/uploads\/2026\/04\/neila-driss_avatar-96x96.jpg","url":"https:\/\/www.webdo.tn\/fr\/wp-content\/uploads\/2026\/04\/neila-driss_avatar-96x96.jpg","contentUrl":"https:\/\/www.webdo.tn\/fr\/wp-content\/uploads\/2026\/04\/neila-driss_avatar-96x96.jpg","caption":"Ne\u00efla DRISS"},"description":"Ne\u00efla Driss est juriste, journaliste culturelle et critique de cin\u00e9ma tunisienne. Titulaire d\u2019un DEA en droit priv\u00e9 de l\u2019Universit\u00e9 Paris II et d\u2019un DESS de l\u2019IHEC Carthage, elle d\u00e9bute sa carri\u00e8re comme juriste sp\u00e9cialis\u00e9e en gestion de patrimoine immobilier. Elle s\u2019oriente ensuite vers l\u2019\u00e9criture en ligne, o\u00f9 elle se distingue d\u00e8s 2006 aux Tunisia Blog Awards, avant de se consacrer au journalisme culturel, avec une sp\u00e9cialisation dans la critique cin\u00e9matographique. Elle couvre r\u00e9guli\u00e8rement les grands festivals internationaux, notamment le Festival de Cannes, les Journ\u00e9es Cin\u00e9matographiques de Carthage et le Festival du film du Caire. Membre de l\u2019ATPCC et de la FIPRESCI, elle participe \u00e0 des jurys et initiatives internationales de critique. Depuis 2024, elle est \u00e9lectrice internationale aux Golden Globes. Facebook : https:\/\/www.facebook.com\/massir.destiniii\/ X : https:\/\/x.com\/MassirDestin","sameAs":["https:\/\/www.facebook.com\/massir.destiniii\/","https:\/\/www.instagram.com\/neila.driss\/?hl=fr","https:\/\/www.linkedin.com\/in\/neila-driss-22606a80\/","https:\/\/x.com\/https:\/\/x.com\/MassirDestin"],"knowsAbout":["Cin\u00e9ma international","critique cin\u00e9matographique","festivals de cin\u00e9ma","journalisme culturel"],"knowsLanguage":["Fran\u00e7ais","Arabe","Anglais"],"jobTitle":"Journaliste culturelle et critique de cin\u00e9ma","worksFor":"Webdo","url":"https:\/\/www.webdo.tn\/fr\/actualite\/author\/neila-driss\/"}]}},"_links":{"self":[{"href":"https:\/\/www.webdo.tn\/fr\/wp-json\/wp\/v2\/posts\/198580","targetHints":{"allow":["GET"]}}],"collection":[{"href":"https:\/\/www.webdo.tn\/fr\/wp-json\/wp\/v2\/posts"}],"about":[{"href":"https:\/\/www.webdo.tn\/fr\/wp-json\/wp\/v2\/types\/post"}],"author":[{"embeddable":true,"href":"https:\/\/www.webdo.tn\/fr\/wp-json\/wp\/v2\/users\/3164"}],"replies":[{"embeddable":true,"href":"https:\/\/www.webdo.tn\/fr\/wp-json\/wp\/v2\/comments?post=198580"}],"version-history":[{"count":0,"href":"https:\/\/www.webdo.tn\/fr\/wp-json\/wp\/v2\/posts\/198580\/revisions"}],"wp:featuredmedia":[{"embeddable":true,"href":"https:\/\/www.webdo.tn\/fr\/wp-json\/wp\/v2\/media\/253321"}],"wp:attachment":[{"href":"https:\/\/www.webdo.tn\/fr\/wp-json\/wp\/v2\/media?parent=198580"}],"wp:term":[{"taxonomy":"category","embeddable":true,"href":"https:\/\/www.webdo.tn\/fr\/wp-json\/wp\/v2\/categories?post=198580"},{"taxonomy":"post_tag","embeddable":true,"href":"https:\/\/www.webdo.tn\/fr\/wp-json\/wp\/v2\/tags?post=198580"}],"curies":[{"name":"wp","href":"https:\/\/api.w.org\/{rel}","templated":true}]}}