{"id":198568,"date":"2022-11-06T10:02:00","date_gmt":"2022-11-06T10:02:00","guid":{"rendered":"https:\/\/www.webdo.tn\/fr\/blog\/jcc-2022-les-revoltes-du-tanzanien-amil-shivji-remporte-le-tanit-d-or\/198568\/"},"modified":"2025-05-20T22:47:04","modified_gmt":"2025-05-20T22:47:04","slug":"jcc-2022-les-revoltes-du-tanzanien-amil-shivji-remporte-le-tanit-d-or","status":"publish","type":"post","link":"https:\/\/www.webdo.tn\/fr\/actualite\/culture\/jcc-2022-les-revoltes-du-tanzanien-amil-shivji-remporte-le-tanit-d-or\/198568\/","title":{"rendered":"JCC 2022 : Les R\u00e9volt\u00e9s du Tanzanien Amil Shivji remporte le Tanit d\u2019Or"},"content":{"rendered":"<p>Le Tanit d&rsquo;Or des Journ\u00e9es cin\u00e9matographiques de Carthage (JCC) 2022 a \u00e9t\u00e9 attribu\u00e9 au film Tanzanien Les R\u00e9volt\u00e9s (Vuta N&rsquo;Kuvute) d&rsquo;Amil Shivji.<\/p>\n<p>\t\t\t\t\t\t\t\t\t\u00a0<\/p>\n<p>\u00a0<\/p>\n<p>Le film laur\u00e9at est \u00e9galement laur\u00e9at du prix de la meilleure photographie et du prix FIPRESCI, (F\u00e9d\u00e9ration Internationale de la Presse Cin\u00e9matographique) qui est un prix parall\u00e8le d\u00e9cern\u00e9 la veille de la cl\u00f4ture des JCC.<\/p>\n<p>La Tanzanie est ainsi prim\u00e9e par le grand prix du festival, d\u00e9cern\u00e9 \u00e0 la meilleure oeuvre dans la cat\u00e9gorie long-m\u00e9trage de fiction. Les R\u00e9volt\u00e9s est le film candidat de la Tanzanie aux Oscars 2023.<\/p>\n<p>Le Palmar\u00e8s de la comp\u00e9tition officielle des JCC organis\u00e9es du 29 octobre au 05 novembre, a \u00e9t\u00e9 d\u00e9voil\u00e9, samedi soir, au cours d&rsquo;une c\u00e9r\u00e9monie organis\u00e9e au Th\u00e9\u00e2tre de l&rsquo;op\u00e9ra \u00e0 la Cit\u00e9 de la culture \u00e0 Tunis.<\/p>\n<p>Les films tunisiens dans la comp\u00e9tition officielle ont eu trois prix et deux mentions sp\u00e9ciales. Le Tanit d&rsquo;Argent de de la comp\u00e9tition des longs-m\u00e9trages de fiction a \u00e9t\u00e9 attribu\u00e9 \u00e0 Sous les Figues de Erige Sehiri.<\/p>\n<p>Le Tanit de Bronze de la comp\u00e9tition des longs m\u00e9trages documentaires est revenu \u00e0 Gardien des Mondes de Leila Chaibi. Le Tanit de Bronze de la comp\u00e9tition des courts m\u00e9trages documentaire a \u00e9t\u00e9 d\u00e9cern\u00e9 \u00e0 5:1 de Sarah Ben Saud.<\/p>\n<p>Deux mentions sp\u00e9ciales ont \u00e9t\u00e9 attribu\u00e9es \u00e0 Denied Access de Hayfel Ben Youssef, dans la comp\u00e9tition des longs m\u00e9trages documentaire, et Edicius, un film d&rsquo;animation d&rsquo;Emir Haj Salah, dans la comp\u00e9tition Carthage cin\u00e9 promesse.<\/p>\n<p>Le jury de la Semaine de la critique a attribu\u00e9 le prix de cette section qui est \u00e0 sa premi\u00e8re \u00e9dition au film marocain La Vie Me Va Bien d&rsquo;Al Hadi Ulad-Mohand.<\/p>\n<p>Voici le palmar\u00e8s complet des JCC 2022<\/p>\n<p>Comp\u00e9tition officielle :<\/p>\n<p>LONGS METRAGES DE FICTION<\/p>\n<p>&#8211; Tanit d&rsquo;Or: Les R\u00e9volt\u00e9s (Vuta N&rsquo;Kuvute), Amil Shivji (Tanzanie)<\/p>\n<p>&#8211; Tanit d&rsquo;Argent: Sous les figues, Erige Sehiri (Tunisie)<\/p>\n<p>&#8211; Tanit de Bronze: Sharaf, Samir Nasr (Egypte )<\/p>\n<p>LONGS METRAGES DOCUMENTAIRES<\/p>\n<p>&#8211; Tanit d&rsquo;Or : Batata, Noura Kevorkian (Liban)<\/p>\n<p>&#8211; Tanit d&rsquo;Argent : Nous Etudiants! (We students!), Fariala Rafiki (R\u00e9publique Centrafricaine)<\/p>\n<p>&#8211; Tanit de Bronze : Gardien des Mondes, Leila Chaibi (Tunisie)<\/p>\n<p>&#8211; Mention sp\u00e9ciale:<\/p>\n<p>Faritra, Rasoanaivo Tovoniaina (Madagascar)<\/p>\n<p>Denied access, Hayfel Ben Youssef (Tunisie)<\/p>\n<p>COURTS METRAGES DE FICTION<\/p>\n<p>&#8211; Tanit d&rsquo;Or : Palestine 87, Bilel Khatib (Palestine)<\/p>\n<p>&#8211; Tanit d&rsquo;Argent : Bergie, Dian Weys (Afrique Du Sud)<\/p>\n<p>&#8211; Tanit de Bronze : Astel, Sy Ramata Toulaye (S\u00e9n\u00e9gal)<\/p>\n<p>COURTS METRAGES DOCUMENTAIRES<\/p>\n<p>&#8211; Tanit d&rsquo;Or : Les Gens Classes, Mohamed Firass, Syrie<\/p>\n<p>&#8211; Tanit d&rsquo;Argent : Tramadol, Adoum Moussa, Niger<\/p>\n<p>&#8211; Tanit de Bronze : 5 :1, Sarah Ben Saud, Tunisie<\/p>\n<p>Mention sp\u00e9ciale: Edris, Chenaoui Amir (Egypte)<\/p>\n<p>SEMAINE DE LA CRITIQUE :<\/p>\n<p>Prix de la Semaine de la critique : La Vie Me Va Bien de Al Hadi Ulad-Mohand (Maroc)<\/p>\n<p>Mention sp\u00e9ciale du Jury:<\/p>\n<p>PRIX DU PUBLIC :<\/p>\n<p>Attarik \/ la route, Abdelhamid Abedelatif, LM de fiction<\/p>\n<p>(Syrie)<\/p>\n<p>COMPETITION PREMIERE OEUVRE, PRIX Tahar Cheriaa d\u00e9cern\u00e9 par TV 5 Monde (Tanit d&rsquo;or): La Vie d&rsquo;Apr\u00e8s, Anis Djaad (Alg\u00e9rie)<\/p>\n<p>CARTHAGE CINE PROMESSE :<\/p>\n<p>Prix du meilleur film: Ebounda, Perrin Smbo (R\u00e9publique Centrafricaine)<\/p>\n<p>Mention sp\u00e9ciale :<\/p>\n<p>Un ballon, Ouday Abdelkadhem al Saidi (Irak)<\/p>\n<p>Edicius, Emir Haj Salah, film d&rsquo;animation (Tunisie)<\/p>\n<p>PRIX LINA BEN MHENNIix des droits de l&rsquo;Homme : Batata de Noura Kevorkian, LM Documentaire (Liban)<\/p>\n<p>PALMARES ARTISTIQUE<\/p>\n<p>Prix du meilleur Sc\u00e9nario : Samir Nasr, Sonallah Ibrahim pour Sharaf, Samir Nasr (Egypte)<\/p>\n<p>Prix du Meilleur D\u00e9cor :khalil Khoudja pour Sharaf, Samir Nasr (Egypte)<\/p>\n<p>Prix du meilleur montage : Nadia Ben Rachid dans Simin Zetwal (Regarde les \u00e9toiles), David Constantin (Maurice)<\/p>\n<p>Prix de la meilleure photographie : Zenn Van Zyl pour Les R\u00e9volt\u00e9s (Vuta N&rsquo;Kuvute), Amil Shivji (Tanzanie)<\/p>\n<p>Prix de la meilleure musique : Kamel Kamal pour L&rsquo;esclave, Abdelilah El Jaouhari, 102&prime;-2022 (Maroc)<\/p>\n<p>Prix de la meilleure interpr\u00e9tation masculine : Moaffak Al-Ahmad pour La Route (Al Tarik), Abdelatif Abdelhamid (Syrie)<\/p>\n<p>Prix de la meilleure interpr\u00e9tation f\u00e9minine : Rokhaya Niang pour Xal\u00e9 :Les Blessures de l&rsquo;enfance, Sene Absa Moussa (S\u00e9n\u00e9gal)<\/p>\n<p>CARTHAGE INDUSTRY DAYS<\/p>\n<p>Palmar\u00e8s Takmil<\/p>\n<p>&#8211; Prix OIF 10.000 Euros: RESSAC, Une Histoire Touar\u00e8gue, Intagrist el Ansari (Mauritanie)<\/p>\n<p>&#8211; Prix IFT 7.000 Euros: La vie est un Chemin de fer, Kevin Mavakala, Isaac Sahani, Manass\u00e9 Kashala et Tousmy Kilo (R\u00e9publique d\u00e9mocratique du Congo)<\/p>\n<p>&#8211; Prix CNCI (20.000 DT) : Un \u00e9t\u00e9 \u00e0 Boujad de Omar Mouldouira (Maroc)<\/p>\n<p>&#8211; Prix CNCI (20.000 DT) : Mouvma, des po\u00e8tes pas comme les autres, Ines Ben Othman (Tunisie)<\/p>\n<p>&#8211; Prix Universit\u00e9 Centrale (20.000 DT) : Summer came on laughing, Noha Adel (Egypte)<\/p>\n<p>&#8211; Prix OIF-ACP-UE 5.000 Euros : Defying Ashes, Karanja Ng&rsquo;endo (Kenya)<\/p>\n<p>&#8211; Prix Goethe Institute 3.000 Euros : God&rsquo;s captivating face, Mohamed ben Romdhane et Marwen Meddeb (Tunisie)<\/p>\n<p>Prix parall\u00e8les :<\/p>\n<p>&#8211; Prix UGTT (Union G\u00e9n\u00e9rale Tunisienne du Travail) : \u00a0\u00bb Les Gardiens du Margoum \u00ab\u00a0, LM Documentaire de Akram Moncer (Tunisie, Horizons du cin\u00e9ma, s\u00e9lection officielle hors comp\u00e9tition)<\/p>\n<p>&#8211; Prix FIPRESCI (F\u00e9d\u00e9ration Internationale de la Presse Cin\u00e9matographique), Les R\u00e9volt\u00e9s (Vuta N&rsquo;Kuvute, Amil Shivji, comp\u00e9tition officielle LM de fiction (Tanzanie)<\/p>\n<p>&#8211; Prix FACC (F\u00e9d\u00e9ration Africaine des Critiques du Cin\u00e9ma) : \u00a0\u00bb La vie d&rsquo;apr\u00e8s \u00a0\u00bb d&rsquo;Anis Djaad, comp\u00e9tition officielle LM de fiction (Alg\u00e9rie)<\/p>\n","protected":false},"excerpt":{"rendered":"<p>Le Tanit d&rsquo;Or des Journ\u00e9es cin\u00e9matographiques de Carthage (JCC) 2022 a \u00e9t\u00e9 attribu\u00e9 au film Tanzanien Les R\u00e9volt\u00e9s (Vuta N&rsquo;Kuvute) d&rsquo;Amil Shivji.<\/p>\n","protected":false},"author":3175,"featured_media":253322,"comment_status":"open","ping_status":"closed","sticky":false,"template":"","format":"standard","meta":{"footnotes":""},"categories":[2594],"tags":[3116,9047,2608],"class_list":["post-198568","post","type-post","status-publish","format-standard","has-post-thumbnail","hentry","category-culture","tag-jcc","tag-tanit-dor","tag-tunisie"],"yoast_head":"<!-- This site is optimized with the Yoast SEO Premium plugin v27.5 (Yoast SEO v27.5) - https:\/\/yoast.com\/product\/yoast-seo-premium-wordpress\/ -->\n<title>JCC 2022 : Les R\u00e9volt\u00e9s du Tanzanien Amil Shivji remporte le Tanit d\u2019Or<\/title>\n<meta name=\"description\" content=\"Le Tanit d&#039;Or des Journ\u00e9es cin\u00e9matographiques de Carthage (JCC) 2022 a \u00e9t\u00e9 attribu\u00e9 au film Tanzanien Les R\u00e9volt\u00e9s (Vuta N&#039;Kuvute) d&#039;Amil Shivji.\" \/>\n<link rel=\"canonical\" href=\"https:\/\/www.webdo.tn\/fr\/actualite\/culture\/jcc-2022-les-revoltes-du-tanzanien-amil-shivji-remporte-le-tanit-d-or\/198568\/\" \/>\n<meta property=\"og:locale\" content=\"fr_FR\" \/>\n<meta property=\"og:type\" content=\"article\" \/>\n<meta property=\"og:title\" content=\"JCC 2022 : Les R\u00e9volt\u00e9s du Tanzanien Amil Shivji remporte le Tanit d\u2019Or\" \/>\n<meta property=\"og:description\" content=\"Le Tanit d&#039;Or des Journ\u00e9es cin\u00e9matographiques de Carthage (JCC) 2022 a \u00e9t\u00e9 attribu\u00e9 au film Tanzanien Les R\u00e9volt\u00e9s (Vuta N&#039;Kuvute) d&#039;Amil Shivji.\" \/>\n<meta property=\"og:url\" content=\"https:\/\/www.webdo.tn\/fr\/actualite\/culture\/jcc-2022-les-revoltes-du-tanzanien-amil-shivji-remporte-le-tanit-d-or\/198568\/\" \/>\n<meta property=\"og:site_name\" content=\"webdo\" \/>\n<meta property=\"article:publisher\" content=\"https:\/\/www.facebook.com\/webdotn\" \/>\n<meta property=\"article:published_time\" content=\"2022-11-06T10:02:00+00:00\" \/>\n<meta property=\"article:modified_time\" content=\"2025-05-20T22:47:04+00:00\" \/>\n<meta property=\"og:image\" content=\"https:\/\/www.webdo.tn\/fr\/wp-content\/uploads\/2022\/11\/d18f8acf573303e31d3c296759002b51.jpg\" \/>\n\t<meta property=\"og:image:width\" content=\"750\" \/>\n\t<meta property=\"og:image:height\" content=\"400\" \/>\n\t<meta property=\"og:image:type\" content=\"image\/jpeg\" \/>\n<meta name=\"author\" content=\"CL\" \/>\n<meta name=\"twitter:card\" content=\"summary_large_image\" \/>\n<meta name=\"twitter:creator\" content=\"@webdo_tn\" \/>\n<meta name=\"twitter:site\" content=\"@webdo_tn\" \/>\n<meta name=\"twitter:label1\" content=\"\u00c9crit par\" \/>\n\t<meta name=\"twitter:data1\" content=\"CL\" \/>\n\t<meta name=\"twitter:label2\" content=\"Dur\u00e9e de lecture estim\u00e9e\" \/>\n\t<meta name=\"twitter:data2\" content=\"4 minutes\" \/>\n<script type=\"application\/ld+json\" class=\"yoast-schema-graph\">{\"@context\":\"https:\\\/\\\/schema.org\",\"@graph\":[{\"@type\":\"NewsArticle\",\"@id\":\"https:\\\/\\\/www.webdo.tn\\\/fr\\\/actualite\\\/culture\\\/jcc-2022-les-revoltes-du-tanzanien-amil-shivji-remporte-le-tanit-d-or\\\/198568\\\/#article\",\"isPartOf\":{\"@id\":\"https:\\\/\\\/www.webdo.tn\\\/fr\\\/actualite\\\/culture\\\/jcc-2022-les-revoltes-du-tanzanien-amil-shivji-remporte-le-tanit-d-or\\\/198568\\\/\"},\"author\":{\"name\":\"CL\",\"@id\":\"https:\\\/\\\/www.webdo.tn\\\/fr\\\/#\\\/schema\\\/person\\\/f35b42a42c5e2511bbd282959d6385cc\"},\"headline\":\"JCC 2022 : Les R\u00e9volt\u00e9s du Tanzanien Amil Shivji remporte le Tanit d\u2019Or\",\"datePublished\":\"2022-11-06T10:02:00+00:00\",\"dateModified\":\"2025-05-20T22:47:04+00:00\",\"mainEntityOfPage\":{\"@id\":\"https:\\\/\\\/www.webdo.tn\\\/fr\\\/actualite\\\/culture\\\/jcc-2022-les-revoltes-du-tanzanien-amil-shivji-remporte-le-tanit-d-or\\\/198568\\\/\"},\"wordCount\":910,\"commentCount\":0,\"publisher\":{\"@id\":\"https:\\\/\\\/www.webdo.tn\\\/fr\\\/#organization\"},\"image\":{\"@id\":\"https:\\\/\\\/www.webdo.tn\\\/fr\\\/actualite\\\/culture\\\/jcc-2022-les-revoltes-du-tanzanien-amil-shivji-remporte-le-tanit-d-or\\\/198568\\\/#primaryimage\"},\"thumbnailUrl\":\"https:\\\/\\\/www.webdo.tn\\\/fr\\\/wp-content\\\/uploads\\\/2022\\\/11\\\/d18f8acf573303e31d3c296759002b51.jpg\",\"keywords\":[\"JCC\",\"Tanit d'or\",\"Tunisie\"],\"articleSection\":[\"Culture\"],\"inLanguage\":\"fr-FR\"},{\"@type\":\"WebPage\",\"@id\":\"https:\\\/\\\/www.webdo.tn\\\/fr\\\/actualite\\\/culture\\\/jcc-2022-les-revoltes-du-tanzanien-amil-shivji-remporte-le-tanit-d-or\\\/198568\\\/\",\"url\":\"https:\\\/\\\/www.webdo.tn\\\/fr\\\/actualite\\\/culture\\\/jcc-2022-les-revoltes-du-tanzanien-amil-shivji-remporte-le-tanit-d-or\\\/198568\\\/\",\"name\":\"JCC 2022 : Les R\u00e9volt\u00e9s du Tanzanien Amil Shivji remporte le Tanit d\u2019Or\",\"isPartOf\":{\"@id\":\"https:\\\/\\\/www.webdo.tn\\\/fr\\\/#website\"},\"primaryImageOfPage\":{\"@id\":\"https:\\\/\\\/www.webdo.tn\\\/fr\\\/actualite\\\/culture\\\/jcc-2022-les-revoltes-du-tanzanien-amil-shivji-remporte-le-tanit-d-or\\\/198568\\\/#primaryimage\"},\"image\":{\"@id\":\"https:\\\/\\\/www.webdo.tn\\\/fr\\\/actualite\\\/culture\\\/jcc-2022-les-revoltes-du-tanzanien-amil-shivji-remporte-le-tanit-d-or\\\/198568\\\/#primaryimage\"},\"thumbnailUrl\":\"https:\\\/\\\/www.webdo.tn\\\/fr\\\/wp-content\\\/uploads\\\/2022\\\/11\\\/d18f8acf573303e31d3c296759002b51.jpg\",\"datePublished\":\"2022-11-06T10:02:00+00:00\",\"dateModified\":\"2025-05-20T22:47:04+00:00\",\"description\":\"Le Tanit d'Or des Journ\u00e9es cin\u00e9matographiques de Carthage (JCC) 2022 a \u00e9t\u00e9 attribu\u00e9 au film Tanzanien Les R\u00e9volt\u00e9s (Vuta N'Kuvute) d'Amil Shivji.\",\"breadcrumb\":{\"@id\":\"https:\\\/\\\/www.webdo.tn\\\/fr\\\/actualite\\\/culture\\\/jcc-2022-les-revoltes-du-tanzanien-amil-shivji-remporte-le-tanit-d-or\\\/198568\\\/#breadcrumb\"},\"inLanguage\":\"fr-FR\",\"potentialAction\":[{\"@type\":\"ReadAction\",\"target\":[\"https:\\\/\\\/www.webdo.tn\\\/fr\\\/actualite\\\/culture\\\/jcc-2022-les-revoltes-du-tanzanien-amil-shivji-remporte-le-tanit-d-or\\\/198568\\\/\"]}]},{\"@type\":\"ImageObject\",\"inLanguage\":\"fr-FR\",\"@id\":\"https:\\\/\\\/www.webdo.tn\\\/fr\\\/actualite\\\/culture\\\/jcc-2022-les-revoltes-du-tanzanien-amil-shivji-remporte-le-tanit-d-or\\\/198568\\\/#primaryimage\",\"url\":\"https:\\\/\\\/www.webdo.tn\\\/fr\\\/wp-content\\\/uploads\\\/2022\\\/11\\\/d18f8acf573303e31d3c296759002b51.jpg\",\"contentUrl\":\"https:\\\/\\\/www.webdo.tn\\\/fr\\\/wp-content\\\/uploads\\\/2022\\\/11\\\/d18f8acf573303e31d3c296759002b51.jpg\",\"width\":750,\"height\":400,\"caption\":\"Tanit d'Or JCC\"},{\"@type\":\"BreadcrumbList\",\"@id\":\"https:\\\/\\\/www.webdo.tn\\\/fr\\\/actualite\\\/culture\\\/jcc-2022-les-revoltes-du-tanzanien-amil-shivji-remporte-le-tanit-d-or\\\/198568\\\/#breadcrumb\",\"itemListElement\":[{\"@type\":\"ListItem\",\"position\":1,\"name\":\"Accueil\",\"item\":\"https:\\\/\\\/www.webdo.tn\\\/fr\\\/\"},{\"@type\":\"ListItem\",\"position\":2,\"name\":\"JCC 2022 : Les R\u00e9volt\u00e9s du Tanzanien Amil Shivji remporte le Tanit d\u2019Or\"}]},{\"@type\":\"WebSite\",\"@id\":\"https:\\\/\\\/www.webdo.tn\\\/fr\\\/#website\",\"url\":\"https:\\\/\\\/www.webdo.tn\\\/fr\\\/\",\"name\":\"webdo\",\"description\":\"Tunisie - News en Tunisie et \u00e0 l&#039;international sur Webdo.tn\",\"publisher\":{\"@id\":\"https:\\\/\\\/www.webdo.tn\\\/fr\\\/#organization\"},\"potentialAction\":[{\"@type\":\"SearchAction\",\"target\":{\"@type\":\"EntryPoint\",\"urlTemplate\":\"https:\\\/\\\/www.webdo.tn\\\/fr\\\/?s={search_term_string}\"},\"query-input\":{\"@type\":\"PropertyValueSpecification\",\"valueRequired\":true,\"valueName\":\"search_term_string\"}}],\"inLanguage\":\"fr-FR\"},{\"@type\":\"Organization\",\"@id\":\"https:\\\/\\\/www.webdo.tn\\\/fr\\\/#organization\",\"name\":\"Webdo\",\"alternateName\":\"Webdo.tn\",\"url\":\"https:\\\/\\\/www.webdo.tn\\\/fr\\\/\",\"logo\":{\"@type\":\"ImageObject\",\"inLanguage\":\"fr-FR\",\"@id\":\"https:\\\/\\\/www.webdo.tn\\\/fr\\\/#\\\/schema\\\/logo\\\/image\\\/\",\"url\":\"https:\\\/\\\/www.webdo.tn\\\/fr\\\/wp-content\\\/uploads\\\/2025\\\/06\\\/Webdo-Tunisie_168377.jpg\",\"contentUrl\":\"https:\\\/\\\/www.webdo.tn\\\/fr\\\/wp-content\\\/uploads\\\/2025\\\/06\\\/Webdo-Tunisie_168377.jpg\",\"width\":301,\"height\":301,\"caption\":\"Webdo\"},\"image\":{\"@id\":\"https:\\\/\\\/www.webdo.tn\\\/fr\\\/#\\\/schema\\\/logo\\\/image\\\/\"},\"sameAs\":[\"https:\\\/\\\/www.facebook.com\\\/webdotn\",\"https:\\\/\\\/x.com\\\/webdo_tn\"],\"description\":\"Webdo est un m\u00e9dia num\u00e9rique tunisien fond\u00e9 en 2010, sp\u00e9cialis\u00e9 dans l\u2019actualit\u00e9 nationale et internationale, l\u2019\u00e9conomie, la soci\u00e9t\u00e9 et les analyses politiques. Le site s\u2019adresse \u00e0 un large public francophone et couvre l\u2019information tunisienne en temps r\u00e9el.\",\"email\":\"redac@webdo.tn\",\"legalName\":\"YNJ SARL\",\"foundingDate\":\"2010-09-06\",\"numberOfEmployees\":{\"@type\":\"QuantitativeValue\",\"minValue\":\"11\",\"maxValue\":\"50\"}},{\"@type\":\"Person\",\"@id\":\"https:\\\/\\\/www.webdo.tn\\\/fr\\\/#\\\/schema\\\/person\\\/f35b42a42c5e2511bbd282959d6385cc\",\"name\":\"CL\",\"image\":{\"@type\":\"ImageObject\",\"inLanguage\":\"fr-FR\",\"@id\":\"https:\\\/\\\/secure.gravatar.com\\\/avatar\\\/1447a49909b67aa657c488aec6512e1dd6143a480c1ecfee9b5b5cd74eb3b59e?s=96&d=mm&r=g\",\"url\":\"https:\\\/\\\/secure.gravatar.com\\\/avatar\\\/1447a49909b67aa657c488aec6512e1dd6143a480c1ecfee9b5b5cd74eb3b59e?s=96&d=mm&r=g\",\"contentUrl\":\"https:\\\/\\\/secure.gravatar.com\\\/avatar\\\/1447a49909b67aa657c488aec6512e1dd6143a480c1ecfee9b5b5cd74eb3b59e?s=96&d=mm&r=g\",\"caption\":\"CL\"},\"url\":\"https:\\\/\\\/www.webdo.tn\\\/fr\\\/actualite\\\/author\\\/cl\\\/\"}]}<\/script>\n<!-- \/ Yoast SEO Premium plugin. -->","yoast_head_json":{"title":"JCC 2022 : Les R\u00e9volt\u00e9s du Tanzanien Amil Shivji remporte le Tanit d\u2019Or","description":"Le Tanit d'Or des Journ\u00e9es cin\u00e9matographiques de Carthage (JCC) 2022 a \u00e9t\u00e9 attribu\u00e9 au film Tanzanien Les R\u00e9volt\u00e9s (Vuta N'Kuvute) d'Amil Shivji.","canonical":"https:\/\/www.webdo.tn\/fr\/actualite\/culture\/jcc-2022-les-revoltes-du-tanzanien-amil-shivji-remporte-le-tanit-d-or\/198568\/","og_locale":"fr_FR","og_type":"article","og_title":"JCC 2022 : Les R\u00e9volt\u00e9s du Tanzanien Amil Shivji remporte le Tanit d\u2019Or","og_description":"Le Tanit d'Or des Journ\u00e9es cin\u00e9matographiques de Carthage (JCC) 2022 a \u00e9t\u00e9 attribu\u00e9 au film Tanzanien Les R\u00e9volt\u00e9s (Vuta N'Kuvute) d'Amil Shivji.","og_url":"https:\/\/www.webdo.tn\/fr\/actualite\/culture\/jcc-2022-les-revoltes-du-tanzanien-amil-shivji-remporte-le-tanit-d-or\/198568\/","og_site_name":"webdo","article_publisher":"https:\/\/www.facebook.com\/webdotn","article_published_time":"2022-11-06T10:02:00+00:00","article_modified_time":"2025-05-20T22:47:04+00:00","og_image":[{"width":750,"height":400,"url":"https:\/\/www.webdo.tn\/fr\/wp-content\/uploads\/2022\/11\/d18f8acf573303e31d3c296759002b51.jpg","type":"image\/jpeg"}],"author":"CL","twitter_card":"summary_large_image","twitter_creator":"@webdo_tn","twitter_site":"@webdo_tn","twitter_misc":{"\u00c9crit par":"CL","Dur\u00e9e de lecture estim\u00e9e":"4 minutes"},"schema":{"@context":"https:\/\/schema.org","@graph":[{"@type":"NewsArticle","@id":"https:\/\/www.webdo.tn\/fr\/actualite\/culture\/jcc-2022-les-revoltes-du-tanzanien-amil-shivji-remporte-le-tanit-d-or\/198568\/#article","isPartOf":{"@id":"https:\/\/www.webdo.tn\/fr\/actualite\/culture\/jcc-2022-les-revoltes-du-tanzanien-amil-shivji-remporte-le-tanit-d-or\/198568\/"},"author":{"name":"CL","@id":"https:\/\/www.webdo.tn\/fr\/#\/schema\/person\/f35b42a42c5e2511bbd282959d6385cc"},"headline":"JCC 2022 : Les R\u00e9volt\u00e9s du Tanzanien Amil Shivji remporte le Tanit d\u2019Or","datePublished":"2022-11-06T10:02:00+00:00","dateModified":"2025-05-20T22:47:04+00:00","mainEntityOfPage":{"@id":"https:\/\/www.webdo.tn\/fr\/actualite\/culture\/jcc-2022-les-revoltes-du-tanzanien-amil-shivji-remporte-le-tanit-d-or\/198568\/"},"wordCount":910,"commentCount":0,"publisher":{"@id":"https:\/\/www.webdo.tn\/fr\/#organization"},"image":{"@id":"https:\/\/www.webdo.tn\/fr\/actualite\/culture\/jcc-2022-les-revoltes-du-tanzanien-amil-shivji-remporte-le-tanit-d-or\/198568\/#primaryimage"},"thumbnailUrl":"https:\/\/www.webdo.tn\/fr\/wp-content\/uploads\/2022\/11\/d18f8acf573303e31d3c296759002b51.jpg","keywords":["JCC","Tanit d'or","Tunisie"],"articleSection":["Culture"],"inLanguage":"fr-FR"},{"@type":"WebPage","@id":"https:\/\/www.webdo.tn\/fr\/actualite\/culture\/jcc-2022-les-revoltes-du-tanzanien-amil-shivji-remporte-le-tanit-d-or\/198568\/","url":"https:\/\/www.webdo.tn\/fr\/actualite\/culture\/jcc-2022-les-revoltes-du-tanzanien-amil-shivji-remporte-le-tanit-d-or\/198568\/","name":"JCC 2022 : Les R\u00e9volt\u00e9s du Tanzanien Amil Shivji remporte le Tanit d\u2019Or","isPartOf":{"@id":"https:\/\/www.webdo.tn\/fr\/#website"},"primaryImageOfPage":{"@id":"https:\/\/www.webdo.tn\/fr\/actualite\/culture\/jcc-2022-les-revoltes-du-tanzanien-amil-shivji-remporte-le-tanit-d-or\/198568\/#primaryimage"},"image":{"@id":"https:\/\/www.webdo.tn\/fr\/actualite\/culture\/jcc-2022-les-revoltes-du-tanzanien-amil-shivji-remporte-le-tanit-d-or\/198568\/#primaryimage"},"thumbnailUrl":"https:\/\/www.webdo.tn\/fr\/wp-content\/uploads\/2022\/11\/d18f8acf573303e31d3c296759002b51.jpg","datePublished":"2022-11-06T10:02:00+00:00","dateModified":"2025-05-20T22:47:04+00:00","description":"Le Tanit d'Or des Journ\u00e9es cin\u00e9matographiques de Carthage (JCC) 2022 a \u00e9t\u00e9 attribu\u00e9 au film Tanzanien Les R\u00e9volt\u00e9s (Vuta N'Kuvute) d'Amil Shivji.","breadcrumb":{"@id":"https:\/\/www.webdo.tn\/fr\/actualite\/culture\/jcc-2022-les-revoltes-du-tanzanien-amil-shivji-remporte-le-tanit-d-or\/198568\/#breadcrumb"},"inLanguage":"fr-FR","potentialAction":[{"@type":"ReadAction","target":["https:\/\/www.webdo.tn\/fr\/actualite\/culture\/jcc-2022-les-revoltes-du-tanzanien-amil-shivji-remporte-le-tanit-d-or\/198568\/"]}]},{"@type":"ImageObject","inLanguage":"fr-FR","@id":"https:\/\/www.webdo.tn\/fr\/actualite\/culture\/jcc-2022-les-revoltes-du-tanzanien-amil-shivji-remporte-le-tanit-d-or\/198568\/#primaryimage","url":"https:\/\/www.webdo.tn\/fr\/wp-content\/uploads\/2022\/11\/d18f8acf573303e31d3c296759002b51.jpg","contentUrl":"https:\/\/www.webdo.tn\/fr\/wp-content\/uploads\/2022\/11\/d18f8acf573303e31d3c296759002b51.jpg","width":750,"height":400,"caption":"Tanit d'Or JCC"},{"@type":"BreadcrumbList","@id":"https:\/\/www.webdo.tn\/fr\/actualite\/culture\/jcc-2022-les-revoltes-du-tanzanien-amil-shivji-remporte-le-tanit-d-or\/198568\/#breadcrumb","itemListElement":[{"@type":"ListItem","position":1,"name":"Accueil","item":"https:\/\/www.webdo.tn\/fr\/"},{"@type":"ListItem","position":2,"name":"JCC 2022 : Les R\u00e9volt\u00e9s du Tanzanien Amil Shivji remporte le Tanit d\u2019Or"}]},{"@type":"WebSite","@id":"https:\/\/www.webdo.tn\/fr\/#website","url":"https:\/\/www.webdo.tn\/fr\/","name":"webdo","description":"Tunisie - News en Tunisie et \u00e0 l&#039;international sur Webdo.tn","publisher":{"@id":"https:\/\/www.webdo.tn\/fr\/#organization"},"potentialAction":[{"@type":"SearchAction","target":{"@type":"EntryPoint","urlTemplate":"https:\/\/www.webdo.tn\/fr\/?s={search_term_string}"},"query-input":{"@type":"PropertyValueSpecification","valueRequired":true,"valueName":"search_term_string"}}],"inLanguage":"fr-FR"},{"@type":"Organization","@id":"https:\/\/www.webdo.tn\/fr\/#organization","name":"Webdo","alternateName":"Webdo.tn","url":"https:\/\/www.webdo.tn\/fr\/","logo":{"@type":"ImageObject","inLanguage":"fr-FR","@id":"https:\/\/www.webdo.tn\/fr\/#\/schema\/logo\/image\/","url":"https:\/\/www.webdo.tn\/fr\/wp-content\/uploads\/2025\/06\/Webdo-Tunisie_168377.jpg","contentUrl":"https:\/\/www.webdo.tn\/fr\/wp-content\/uploads\/2025\/06\/Webdo-Tunisie_168377.jpg","width":301,"height":301,"caption":"Webdo"},"image":{"@id":"https:\/\/www.webdo.tn\/fr\/#\/schema\/logo\/image\/"},"sameAs":["https:\/\/www.facebook.com\/webdotn","https:\/\/x.com\/webdo_tn"],"description":"Webdo est un m\u00e9dia num\u00e9rique tunisien fond\u00e9 en 2010, sp\u00e9cialis\u00e9 dans l\u2019actualit\u00e9 nationale et internationale, l\u2019\u00e9conomie, la soci\u00e9t\u00e9 et les analyses politiques. Le site s\u2019adresse \u00e0 un large public francophone et couvre l\u2019information tunisienne en temps r\u00e9el.","email":"redac@webdo.tn","legalName":"YNJ SARL","foundingDate":"2010-09-06","numberOfEmployees":{"@type":"QuantitativeValue","minValue":"11","maxValue":"50"}},{"@type":"Person","@id":"https:\/\/www.webdo.tn\/fr\/#\/schema\/person\/f35b42a42c5e2511bbd282959d6385cc","name":"CL","image":{"@type":"ImageObject","inLanguage":"fr-FR","@id":"https:\/\/secure.gravatar.com\/avatar\/1447a49909b67aa657c488aec6512e1dd6143a480c1ecfee9b5b5cd74eb3b59e?s=96&d=mm&r=g","url":"https:\/\/secure.gravatar.com\/avatar\/1447a49909b67aa657c488aec6512e1dd6143a480c1ecfee9b5b5cd74eb3b59e?s=96&d=mm&r=g","contentUrl":"https:\/\/secure.gravatar.com\/avatar\/1447a49909b67aa657c488aec6512e1dd6143a480c1ecfee9b5b5cd74eb3b59e?s=96&d=mm&r=g","caption":"CL"},"url":"https:\/\/www.webdo.tn\/fr\/actualite\/author\/cl\/"}]}},"_links":{"self":[{"href":"https:\/\/www.webdo.tn\/fr\/wp-json\/wp\/v2\/posts\/198568","targetHints":{"allow":["GET"]}}],"collection":[{"href":"https:\/\/www.webdo.tn\/fr\/wp-json\/wp\/v2\/posts"}],"about":[{"href":"https:\/\/www.webdo.tn\/fr\/wp-json\/wp\/v2\/types\/post"}],"author":[{"embeddable":true,"href":"https:\/\/www.webdo.tn\/fr\/wp-json\/wp\/v2\/users\/3175"}],"replies":[{"embeddable":true,"href":"https:\/\/www.webdo.tn\/fr\/wp-json\/wp\/v2\/comments?post=198568"}],"version-history":[{"count":0,"href":"https:\/\/www.webdo.tn\/fr\/wp-json\/wp\/v2\/posts\/198568\/revisions"}],"wp:featuredmedia":[{"embeddable":true,"href":"https:\/\/www.webdo.tn\/fr\/wp-json\/wp\/v2\/media\/253322"}],"wp:attachment":[{"href":"https:\/\/www.webdo.tn\/fr\/wp-json\/wp\/v2\/media?parent=198568"}],"wp:term":[{"taxonomy":"category","embeddable":true,"href":"https:\/\/www.webdo.tn\/fr\/wp-json\/wp\/v2\/categories?post=198568"},{"taxonomy":"post_tag","embeddable":true,"href":"https:\/\/www.webdo.tn\/fr\/wp-json\/wp\/v2\/tags?post=198568"}],"curies":[{"name":"wp","href":"https:\/\/api.w.org\/{rel}","templated":true}]}}