{"id":198553,"date":"2022-11-05T11:29:00","date_gmt":"2022-11-05T11:29:00","guid":{"rendered":"https:\/\/www.webdo.tn\/fr\/blog\/medecins-sans-frontieres-celebre-son-50eme-anniversaire-a-la-cite-de-la-culture\/198553\/"},"modified":"2025-05-20T22:05:41","modified_gmt":"2025-05-20T22:05:41","slug":"medecins-sans-frontieres-celebre-son-50eme-anniversaire-a-la-cite-de-la-culture","status":"publish","type":"post","link":"https:\/\/www.webdo.tn\/fr\/actualite\/culture\/medecins-sans-frontieres-celebre-son-50eme-anniversaire-a-la-cite-de-la-culture\/198553\/","title":{"rendered":"M\u00e9decins Sans Fronti\u00e8res c\u00e9l\u00e8bre son 50\u00e8me anniversaire \u00e0 la Cit\u00e9 de la culture"},"content":{"rendered":"<p>A l&rsquo;occasion de la c\u00e9l\u00e9bration du 50\u00e8me anniversaire de sa cr\u00e9ation, M\u00e9decins Sans Fronti\u00e8res (MSF) organise du 11 au 13 novembre 2022 \u00e0 la Cit\u00e9 de la culture Chedly Klibi une exposition photographique intitul\u00e9e \u00ab\u00a0Cinquante ans d&rsquo;humanitaire\u00a0\u00bb.<\/p>\n<p>\t\t\t\t\t\t\t\t\tCette exposition propose une cinquantaine d&rsquo;images provenant de divers lieux d&rsquo;intervention de MSF \u00e0 travers le monde et qui illustrent les diff\u00e9rentes activit\u00e9s des \u00e9quipes de l&rsquo;Organisation \u0153uvrant \u00e0 porter secours \u00e0 des populations en d\u00e9tresse principalement en cas de conflits arm\u00e9s, mais aussi d&rsquo;\u00e9pid\u00e9mies, de pand\u00e9mies, de catastrophes naturelles ou encore d&rsquo;exclusion des soins.<\/p>\n<p>Une exposition qui vient c\u00e9l\u00e9brer les cinquante ans d&rsquo;existence de MSF, cr\u00e9\u00e9e par un groupe de m\u00e9decins et de journalistes fran\u00e7ais en 1971.<\/p>\n<p>Ayant d\u00e9marr\u00e9 avec 300 b\u00e9n\u00e9voles, l&rsquo;Association humanitaire internationale compte aujourd&rsquo;hui des bureaux dans 80 pays avec pr\u00e8s de 65.000 employ\u00e9s \u00e0 travers le monde.<\/p>\n","protected":false},"excerpt":{"rendered":"<p>A l&rsquo;occasion de la c\u00e9l\u00e9bration du 50\u00e8me anniversaire de sa cr\u00e9ation, M\u00e9decins Sans Fronti\u00e8res (MSF) organise du 11 au 13 novembre 2022 \u00e0 la Cit\u00e9 de la culture C&#8230;<\/p>\n","protected":false},"author":3162,"featured_media":277187,"comment_status":"open","ping_status":"closed","sticky":false,"template":"","format":"standard","meta":{"footnotes":""},"categories":[2594],"tags":[4063,2641,9126,9125],"class_list":["post-198553","post","type-post","status-publish","format-standard","has-post-thumbnail","hentry","category-culture","tag-cite-de-la-culture","tag-exposition","tag-medecins-sans-frontieres","tag-msf"],"yoast_head":"<!-- This site is optimized with the Yoast SEO Premium plugin v27.4 (Yoast SEO v27.4) - https:\/\/yoast.com\/product\/yoast-seo-premium-wordpress\/ -->\n<title>M\u00e9decins Sans Fronti\u00e8res c\u00e9l\u00e8bre son 50\u00e8me anniversaire \u00e0 la Cit\u00e9 de la culture<\/title>\n<meta name=\"description\" content=\"A l&#039;occasion de la c\u00e9l\u00e9bration du 50\u00e8me anniversaire de sa cr\u00e9ation, M\u00e9decins Sans Fronti\u00e8res (MSF) organise du 11 au 13 novembre 2022 \u00e0 la Cit\u00e9 de la culture C...\" \/>\n<link rel=\"canonical\" href=\"https:\/\/www.webdo.tn\/fr\/actualite\/culture\/medecins-sans-frontieres-celebre-son-50eme-anniversaire-a-la-cite-de-la-culture\/198553\/\" \/>\n<meta property=\"og:locale\" content=\"fr_FR\" \/>\n<meta property=\"og:type\" content=\"article\" \/>\n<meta property=\"og:title\" content=\"M\u00e9decins Sans Fronti\u00e8res c\u00e9l\u00e8bre son 50\u00e8me anniversaire \u00e0 la Cit\u00e9 de la culture\" \/>\n<meta property=\"og:description\" content=\"A l&#039;occasion de la c\u00e9l\u00e9bration du 50\u00e8me anniversaire de sa cr\u00e9ation, M\u00e9decins Sans Fronti\u00e8res (MSF) organise du 11 au 13 novembre 2022 \u00e0 la Cit\u00e9 de la culture C...\" \/>\n<meta property=\"og:url\" content=\"https:\/\/www.webdo.tn\/fr\/actualite\/culture\/medecins-sans-frontieres-celebre-son-50eme-anniversaire-a-la-cite-de-la-culture\/198553\/\" \/>\n<meta property=\"og:site_name\" content=\"webdo\" \/>\n<meta property=\"article:publisher\" content=\"https:\/\/www.facebook.com\/webdotn\" \/>\n<meta property=\"article:published_time\" content=\"2022-11-05T11:29:00+00:00\" \/>\n<meta property=\"article:modified_time\" content=\"2025-05-20T22:05:41+00:00\" \/>\n<meta property=\"og:image\" content=\"https:\/\/www.webdo.tn\/fr\/wp-content\/uploads\/2022\/11\/e4281e676a4154afe8fc6ad7515d7a57.jpg\" \/>\n\t<meta property=\"og:image:width\" content=\"750\" \/>\n\t<meta property=\"og:image:height\" content=\"400\" \/>\n\t<meta property=\"og:image:type\" content=\"image\/jpeg\" \/>\n<meta name=\"author\" content=\"MC\" \/>\n<meta name=\"twitter:card\" content=\"summary_large_image\" \/>\n<meta name=\"twitter:creator\" content=\"@webdo_tn\" \/>\n<meta name=\"twitter:site\" content=\"@webdo_tn\" \/>\n<meta name=\"twitter:label1\" content=\"\u00c9crit par\" \/>\n\t<meta name=\"twitter:data1\" content=\"MC\" \/>\n\t<meta name=\"twitter:label2\" content=\"Dur\u00e9e de lecture estim\u00e9e\" \/>\n\t<meta name=\"twitter:data2\" content=\"1 minute\" \/>\n<script type=\"application\/ld+json\" class=\"yoast-schema-graph\">{\"@context\":\"https:\\\/\\\/schema.org\",\"@graph\":[{\"@type\":\"NewsArticle\",\"@id\":\"https:\\\/\\\/www.webdo.tn\\\/fr\\\/actualite\\\/culture\\\/medecins-sans-frontieres-celebre-son-50eme-anniversaire-a-la-cite-de-la-culture\\\/198553\\\/#article\",\"isPartOf\":{\"@id\":\"https:\\\/\\\/www.webdo.tn\\\/fr\\\/actualite\\\/culture\\\/medecins-sans-frontieres-celebre-son-50eme-anniversaire-a-la-cite-de-la-culture\\\/198553\\\/\"},\"author\":{\"name\":\"MC\",\"@id\":\"https:\\\/\\\/www.webdo.tn\\\/fr\\\/#\\\/schema\\\/person\\\/2c4929cbf5a809e3bd38617c6ce150f6\"},\"headline\":\"M\u00e9decins Sans Fronti\u00e8res c\u00e9l\u00e8bre son 50\u00e8me anniversaire \u00e0 la Cit\u00e9 de la culture\",\"datePublished\":\"2022-11-05T11:29:00+00:00\",\"dateModified\":\"2025-05-20T22:05:41+00:00\",\"mainEntityOfPage\":{\"@id\":\"https:\\\/\\\/www.webdo.tn\\\/fr\\\/actualite\\\/culture\\\/medecins-sans-frontieres-celebre-son-50eme-anniversaire-a-la-cite-de-la-culture\\\/198553\\\/\"},\"wordCount\":175,\"commentCount\":0,\"publisher\":{\"@id\":\"https:\\\/\\\/www.webdo.tn\\\/fr\\\/#organization\"},\"image\":{\"@id\":\"https:\\\/\\\/www.webdo.tn\\\/fr\\\/actualite\\\/culture\\\/medecins-sans-frontieres-celebre-son-50eme-anniversaire-a-la-cite-de-la-culture\\\/198553\\\/#primaryimage\"},\"thumbnailUrl\":\"https:\\\/\\\/www.webdo.tn\\\/fr\\\/wp-content\\\/uploads\\\/2022\\\/11\\\/e4281e676a4154afe8fc6ad7515d7a57.jpg\",\"keywords\":[\"cit\u00e9 de la culture\",\"exposition\",\"M\u00e9decins Sans Fronti\u00e8res\",\"MSF\"],\"articleSection\":[\"Culture\"],\"inLanguage\":\"fr-FR\"},{\"@type\":\"WebPage\",\"@id\":\"https:\\\/\\\/www.webdo.tn\\\/fr\\\/actualite\\\/culture\\\/medecins-sans-frontieres-celebre-son-50eme-anniversaire-a-la-cite-de-la-culture\\\/198553\\\/\",\"url\":\"https:\\\/\\\/www.webdo.tn\\\/fr\\\/actualite\\\/culture\\\/medecins-sans-frontieres-celebre-son-50eme-anniversaire-a-la-cite-de-la-culture\\\/198553\\\/\",\"name\":\"M\u00e9decins Sans Fronti\u00e8res c\u00e9l\u00e8bre son 50\u00e8me anniversaire \u00e0 la Cit\u00e9 de la culture\",\"isPartOf\":{\"@id\":\"https:\\\/\\\/www.webdo.tn\\\/fr\\\/#website\"},\"primaryImageOfPage\":{\"@id\":\"https:\\\/\\\/www.webdo.tn\\\/fr\\\/actualite\\\/culture\\\/medecins-sans-frontieres-celebre-son-50eme-anniversaire-a-la-cite-de-la-culture\\\/198553\\\/#primaryimage\"},\"image\":{\"@id\":\"https:\\\/\\\/www.webdo.tn\\\/fr\\\/actualite\\\/culture\\\/medecins-sans-frontieres-celebre-son-50eme-anniversaire-a-la-cite-de-la-culture\\\/198553\\\/#primaryimage\"},\"thumbnailUrl\":\"https:\\\/\\\/www.webdo.tn\\\/fr\\\/wp-content\\\/uploads\\\/2022\\\/11\\\/e4281e676a4154afe8fc6ad7515d7a57.jpg\",\"datePublished\":\"2022-11-05T11:29:00+00:00\",\"dateModified\":\"2025-05-20T22:05:41+00:00\",\"description\":\"A l'occasion de la c\u00e9l\u00e9bration du 50\u00e8me anniversaire de sa cr\u00e9ation, M\u00e9decins Sans Fronti\u00e8res (MSF) organise du 11 au 13 novembre 2022 \u00e0 la Cit\u00e9 de la culture C...\",\"breadcrumb\":{\"@id\":\"https:\\\/\\\/www.webdo.tn\\\/fr\\\/actualite\\\/culture\\\/medecins-sans-frontieres-celebre-son-50eme-anniversaire-a-la-cite-de-la-culture\\\/198553\\\/#breadcrumb\"},\"inLanguage\":\"fr-FR\",\"potentialAction\":[{\"@type\":\"ReadAction\",\"target\":[\"https:\\\/\\\/www.webdo.tn\\\/fr\\\/actualite\\\/culture\\\/medecins-sans-frontieres-celebre-son-50eme-anniversaire-a-la-cite-de-la-culture\\\/198553\\\/\"]}]},{\"@type\":\"ImageObject\",\"inLanguage\":\"fr-FR\",\"@id\":\"https:\\\/\\\/www.webdo.tn\\\/fr\\\/actualite\\\/culture\\\/medecins-sans-frontieres-celebre-son-50eme-anniversaire-a-la-cite-de-la-culture\\\/198553\\\/#primaryimage\",\"url\":\"https:\\\/\\\/www.webdo.tn\\\/fr\\\/wp-content\\\/uploads\\\/2022\\\/11\\\/e4281e676a4154afe8fc6ad7515d7a57.jpg\",\"contentUrl\":\"https:\\\/\\\/www.webdo.tn\\\/fr\\\/wp-content\\\/uploads\\\/2022\\\/11\\\/e4281e676a4154afe8fc6ad7515d7a57.jpg\",\"width\":750,\"height\":400,\"caption\":\"Une exposition M\u00e9decins Sans Fronti\u00e8res\"},{\"@type\":\"BreadcrumbList\",\"@id\":\"https:\\\/\\\/www.webdo.tn\\\/fr\\\/actualite\\\/culture\\\/medecins-sans-frontieres-celebre-son-50eme-anniversaire-a-la-cite-de-la-culture\\\/198553\\\/#breadcrumb\",\"itemListElement\":[{\"@type\":\"ListItem\",\"position\":1,\"name\":\"Accueil\",\"item\":\"https:\\\/\\\/www.webdo.tn\\\/fr\\\/\"},{\"@type\":\"ListItem\",\"position\":2,\"name\":\"M\u00e9decins Sans Fronti\u00e8res c\u00e9l\u00e8bre son 50\u00e8me anniversaire \u00e0 la Cit\u00e9 de la culture\"}]},{\"@type\":\"WebSite\",\"@id\":\"https:\\\/\\\/www.webdo.tn\\\/fr\\\/#website\",\"url\":\"https:\\\/\\\/www.webdo.tn\\\/fr\\\/\",\"name\":\"webdo\",\"description\":\"Tunisie - News en Tunisie et \u00e0 l&#039;international sur Webdo.tn\",\"publisher\":{\"@id\":\"https:\\\/\\\/www.webdo.tn\\\/fr\\\/#organization\"},\"potentialAction\":[{\"@type\":\"SearchAction\",\"target\":{\"@type\":\"EntryPoint\",\"urlTemplate\":\"https:\\\/\\\/www.webdo.tn\\\/fr\\\/?s={search_term_string}\"},\"query-input\":{\"@type\":\"PropertyValueSpecification\",\"valueRequired\":true,\"valueName\":\"search_term_string\"}}],\"inLanguage\":\"fr-FR\"},{\"@type\":\"Organization\",\"@id\":\"https:\\\/\\\/www.webdo.tn\\\/fr\\\/#organization\",\"name\":\"Webdo\",\"alternateName\":\"Webdo.tn\",\"url\":\"https:\\\/\\\/www.webdo.tn\\\/fr\\\/\",\"logo\":{\"@type\":\"ImageObject\",\"inLanguage\":\"fr-FR\",\"@id\":\"https:\\\/\\\/www.webdo.tn\\\/fr\\\/#\\\/schema\\\/logo\\\/image\\\/\",\"url\":\"https:\\\/\\\/www.webdo.tn\\\/fr\\\/wp-content\\\/uploads\\\/2025\\\/06\\\/Webdo-Tunisie_168377.jpg\",\"contentUrl\":\"https:\\\/\\\/www.webdo.tn\\\/fr\\\/wp-content\\\/uploads\\\/2025\\\/06\\\/Webdo-Tunisie_168377.jpg\",\"width\":301,\"height\":301,\"caption\":\"Webdo\"},\"image\":{\"@id\":\"https:\\\/\\\/www.webdo.tn\\\/fr\\\/#\\\/schema\\\/logo\\\/image\\\/\"},\"sameAs\":[\"https:\\\/\\\/www.facebook.com\\\/webdotn\",\"https:\\\/\\\/x.com\\\/webdo_tn\"],\"description\":\"Webdo est un m\u00e9dia num\u00e9rique tunisien fond\u00e9 en 2010, sp\u00e9cialis\u00e9 dans l\u2019actualit\u00e9 nationale et internationale, l\u2019\u00e9conomie, la soci\u00e9t\u00e9 et les analyses politiques. Le site s\u2019adresse \u00e0 un large public francophone et couvre l\u2019information tunisienne en temps r\u00e9el.\",\"email\":\"redac@webdo.tn\",\"legalName\":\"YNJ SARL\",\"foundingDate\":\"2010-09-06\",\"numberOfEmployees\":{\"@type\":\"QuantitativeValue\",\"minValue\":\"11\",\"maxValue\":\"50\"}},{\"@type\":\"Person\",\"@id\":\"https:\\\/\\\/www.webdo.tn\\\/fr\\\/#\\\/schema\\\/person\\\/2c4929cbf5a809e3bd38617c6ce150f6\",\"name\":\"MC\",\"image\":{\"@type\":\"ImageObject\",\"inLanguage\":\"fr-FR\",\"@id\":\"https:\\\/\\\/secure.gravatar.com\\\/avatar\\\/a545bbb6f84efdd5553dbbc2895e3ca8f1d12c5215e00a041c9670b54aa9b18a?s=96&d=mm&r=g\",\"url\":\"https:\\\/\\\/secure.gravatar.com\\\/avatar\\\/a545bbb6f84efdd5553dbbc2895e3ca8f1d12c5215e00a041c9670b54aa9b18a?s=96&d=mm&r=g\",\"contentUrl\":\"https:\\\/\\\/secure.gravatar.com\\\/avatar\\\/a545bbb6f84efdd5553dbbc2895e3ca8f1d12c5215e00a041c9670b54aa9b18a?s=96&d=mm&r=g\",\"caption\":\"MC\"},\"url\":\"https:\\\/\\\/www.webdo.tn\\\/fr\\\/actualite\\\/author\\\/mc\\\/\"}]}<\/script>\n<!-- \/ Yoast SEO Premium plugin. -->","yoast_head_json":{"title":"M\u00e9decins Sans Fronti\u00e8res c\u00e9l\u00e8bre son 50\u00e8me anniversaire \u00e0 la Cit\u00e9 de la culture","description":"A l'occasion de la c\u00e9l\u00e9bration du 50\u00e8me anniversaire de sa cr\u00e9ation, M\u00e9decins Sans Fronti\u00e8res (MSF) organise du 11 au 13 novembre 2022 \u00e0 la Cit\u00e9 de la culture C...","canonical":"https:\/\/www.webdo.tn\/fr\/actualite\/culture\/medecins-sans-frontieres-celebre-son-50eme-anniversaire-a-la-cite-de-la-culture\/198553\/","og_locale":"fr_FR","og_type":"article","og_title":"M\u00e9decins Sans Fronti\u00e8res c\u00e9l\u00e8bre son 50\u00e8me anniversaire \u00e0 la Cit\u00e9 de la culture","og_description":"A l'occasion de la c\u00e9l\u00e9bration du 50\u00e8me anniversaire de sa cr\u00e9ation, M\u00e9decins Sans Fronti\u00e8res (MSF) organise du 11 au 13 novembre 2022 \u00e0 la Cit\u00e9 de la culture C...","og_url":"https:\/\/www.webdo.tn\/fr\/actualite\/culture\/medecins-sans-frontieres-celebre-son-50eme-anniversaire-a-la-cite-de-la-culture\/198553\/","og_site_name":"webdo","article_publisher":"https:\/\/www.facebook.com\/webdotn","article_published_time":"2022-11-05T11:29:00+00:00","article_modified_time":"2025-05-20T22:05:41+00:00","og_image":[{"width":750,"height":400,"url":"https:\/\/www.webdo.tn\/fr\/wp-content\/uploads\/2022\/11\/e4281e676a4154afe8fc6ad7515d7a57.jpg","type":"image\/jpeg"}],"author":"MC","twitter_card":"summary_large_image","twitter_creator":"@webdo_tn","twitter_site":"@webdo_tn","twitter_misc":{"\u00c9crit par":"MC","Dur\u00e9e de lecture estim\u00e9e":"1 minute"},"schema":{"@context":"https:\/\/schema.org","@graph":[{"@type":"NewsArticle","@id":"https:\/\/www.webdo.tn\/fr\/actualite\/culture\/medecins-sans-frontieres-celebre-son-50eme-anniversaire-a-la-cite-de-la-culture\/198553\/#article","isPartOf":{"@id":"https:\/\/www.webdo.tn\/fr\/actualite\/culture\/medecins-sans-frontieres-celebre-son-50eme-anniversaire-a-la-cite-de-la-culture\/198553\/"},"author":{"name":"MC","@id":"https:\/\/www.webdo.tn\/fr\/#\/schema\/person\/2c4929cbf5a809e3bd38617c6ce150f6"},"headline":"M\u00e9decins Sans Fronti\u00e8res c\u00e9l\u00e8bre son 50\u00e8me anniversaire \u00e0 la Cit\u00e9 de la culture","datePublished":"2022-11-05T11:29:00+00:00","dateModified":"2025-05-20T22:05:41+00:00","mainEntityOfPage":{"@id":"https:\/\/www.webdo.tn\/fr\/actualite\/culture\/medecins-sans-frontieres-celebre-son-50eme-anniversaire-a-la-cite-de-la-culture\/198553\/"},"wordCount":175,"commentCount":0,"publisher":{"@id":"https:\/\/www.webdo.tn\/fr\/#organization"},"image":{"@id":"https:\/\/www.webdo.tn\/fr\/actualite\/culture\/medecins-sans-frontieres-celebre-son-50eme-anniversaire-a-la-cite-de-la-culture\/198553\/#primaryimage"},"thumbnailUrl":"https:\/\/www.webdo.tn\/fr\/wp-content\/uploads\/2022\/11\/e4281e676a4154afe8fc6ad7515d7a57.jpg","keywords":["cit\u00e9 de la culture","exposition","M\u00e9decins Sans Fronti\u00e8res","MSF"],"articleSection":["Culture"],"inLanguage":"fr-FR"},{"@type":"WebPage","@id":"https:\/\/www.webdo.tn\/fr\/actualite\/culture\/medecins-sans-frontieres-celebre-son-50eme-anniversaire-a-la-cite-de-la-culture\/198553\/","url":"https:\/\/www.webdo.tn\/fr\/actualite\/culture\/medecins-sans-frontieres-celebre-son-50eme-anniversaire-a-la-cite-de-la-culture\/198553\/","name":"M\u00e9decins Sans Fronti\u00e8res c\u00e9l\u00e8bre son 50\u00e8me anniversaire \u00e0 la Cit\u00e9 de la culture","isPartOf":{"@id":"https:\/\/www.webdo.tn\/fr\/#website"},"primaryImageOfPage":{"@id":"https:\/\/www.webdo.tn\/fr\/actualite\/culture\/medecins-sans-frontieres-celebre-son-50eme-anniversaire-a-la-cite-de-la-culture\/198553\/#primaryimage"},"image":{"@id":"https:\/\/www.webdo.tn\/fr\/actualite\/culture\/medecins-sans-frontieres-celebre-son-50eme-anniversaire-a-la-cite-de-la-culture\/198553\/#primaryimage"},"thumbnailUrl":"https:\/\/www.webdo.tn\/fr\/wp-content\/uploads\/2022\/11\/e4281e676a4154afe8fc6ad7515d7a57.jpg","datePublished":"2022-11-05T11:29:00+00:00","dateModified":"2025-05-20T22:05:41+00:00","description":"A l'occasion de la c\u00e9l\u00e9bration du 50\u00e8me anniversaire de sa cr\u00e9ation, M\u00e9decins Sans Fronti\u00e8res (MSF) organise du 11 au 13 novembre 2022 \u00e0 la Cit\u00e9 de la culture C...","breadcrumb":{"@id":"https:\/\/www.webdo.tn\/fr\/actualite\/culture\/medecins-sans-frontieres-celebre-son-50eme-anniversaire-a-la-cite-de-la-culture\/198553\/#breadcrumb"},"inLanguage":"fr-FR","potentialAction":[{"@type":"ReadAction","target":["https:\/\/www.webdo.tn\/fr\/actualite\/culture\/medecins-sans-frontieres-celebre-son-50eme-anniversaire-a-la-cite-de-la-culture\/198553\/"]}]},{"@type":"ImageObject","inLanguage":"fr-FR","@id":"https:\/\/www.webdo.tn\/fr\/actualite\/culture\/medecins-sans-frontieres-celebre-son-50eme-anniversaire-a-la-cite-de-la-culture\/198553\/#primaryimage","url":"https:\/\/www.webdo.tn\/fr\/wp-content\/uploads\/2022\/11\/e4281e676a4154afe8fc6ad7515d7a57.jpg","contentUrl":"https:\/\/www.webdo.tn\/fr\/wp-content\/uploads\/2022\/11\/e4281e676a4154afe8fc6ad7515d7a57.jpg","width":750,"height":400,"caption":"Une exposition M\u00e9decins Sans Fronti\u00e8res"},{"@type":"BreadcrumbList","@id":"https:\/\/www.webdo.tn\/fr\/actualite\/culture\/medecins-sans-frontieres-celebre-son-50eme-anniversaire-a-la-cite-de-la-culture\/198553\/#breadcrumb","itemListElement":[{"@type":"ListItem","position":1,"name":"Accueil","item":"https:\/\/www.webdo.tn\/fr\/"},{"@type":"ListItem","position":2,"name":"M\u00e9decins Sans Fronti\u00e8res c\u00e9l\u00e8bre son 50\u00e8me anniversaire \u00e0 la Cit\u00e9 de la culture"}]},{"@type":"WebSite","@id":"https:\/\/www.webdo.tn\/fr\/#website","url":"https:\/\/www.webdo.tn\/fr\/","name":"webdo","description":"Tunisie - News en Tunisie et \u00e0 l&#039;international sur Webdo.tn","publisher":{"@id":"https:\/\/www.webdo.tn\/fr\/#organization"},"potentialAction":[{"@type":"SearchAction","target":{"@type":"EntryPoint","urlTemplate":"https:\/\/www.webdo.tn\/fr\/?s={search_term_string}"},"query-input":{"@type":"PropertyValueSpecification","valueRequired":true,"valueName":"search_term_string"}}],"inLanguage":"fr-FR"},{"@type":"Organization","@id":"https:\/\/www.webdo.tn\/fr\/#organization","name":"Webdo","alternateName":"Webdo.tn","url":"https:\/\/www.webdo.tn\/fr\/","logo":{"@type":"ImageObject","inLanguage":"fr-FR","@id":"https:\/\/www.webdo.tn\/fr\/#\/schema\/logo\/image\/","url":"https:\/\/www.webdo.tn\/fr\/wp-content\/uploads\/2025\/06\/Webdo-Tunisie_168377.jpg","contentUrl":"https:\/\/www.webdo.tn\/fr\/wp-content\/uploads\/2025\/06\/Webdo-Tunisie_168377.jpg","width":301,"height":301,"caption":"Webdo"},"image":{"@id":"https:\/\/www.webdo.tn\/fr\/#\/schema\/logo\/image\/"},"sameAs":["https:\/\/www.facebook.com\/webdotn","https:\/\/x.com\/webdo_tn"],"description":"Webdo est un m\u00e9dia num\u00e9rique tunisien fond\u00e9 en 2010, sp\u00e9cialis\u00e9 dans l\u2019actualit\u00e9 nationale et internationale, l\u2019\u00e9conomie, la soci\u00e9t\u00e9 et les analyses politiques. Le site s\u2019adresse \u00e0 un large public francophone et couvre l\u2019information tunisienne en temps r\u00e9el.","email":"redac@webdo.tn","legalName":"YNJ SARL","foundingDate":"2010-09-06","numberOfEmployees":{"@type":"QuantitativeValue","minValue":"11","maxValue":"50"}},{"@type":"Person","@id":"https:\/\/www.webdo.tn\/fr\/#\/schema\/person\/2c4929cbf5a809e3bd38617c6ce150f6","name":"MC","image":{"@type":"ImageObject","inLanguage":"fr-FR","@id":"https:\/\/secure.gravatar.com\/avatar\/a545bbb6f84efdd5553dbbc2895e3ca8f1d12c5215e00a041c9670b54aa9b18a?s=96&d=mm&r=g","url":"https:\/\/secure.gravatar.com\/avatar\/a545bbb6f84efdd5553dbbc2895e3ca8f1d12c5215e00a041c9670b54aa9b18a?s=96&d=mm&r=g","contentUrl":"https:\/\/secure.gravatar.com\/avatar\/a545bbb6f84efdd5553dbbc2895e3ca8f1d12c5215e00a041c9670b54aa9b18a?s=96&d=mm&r=g","caption":"MC"},"url":"https:\/\/www.webdo.tn\/fr\/actualite\/author\/mc\/"}]}},"_links":{"self":[{"href":"https:\/\/www.webdo.tn\/fr\/wp-json\/wp\/v2\/posts\/198553","targetHints":{"allow":["GET"]}}],"collection":[{"href":"https:\/\/www.webdo.tn\/fr\/wp-json\/wp\/v2\/posts"}],"about":[{"href":"https:\/\/www.webdo.tn\/fr\/wp-json\/wp\/v2\/types\/post"}],"author":[{"embeddable":true,"href":"https:\/\/www.webdo.tn\/fr\/wp-json\/wp\/v2\/users\/3162"}],"replies":[{"embeddable":true,"href":"https:\/\/www.webdo.tn\/fr\/wp-json\/wp\/v2\/comments?post=198553"}],"version-history":[{"count":0,"href":"https:\/\/www.webdo.tn\/fr\/wp-json\/wp\/v2\/posts\/198553\/revisions"}],"wp:featuredmedia":[{"embeddable":true,"href":"https:\/\/www.webdo.tn\/fr\/wp-json\/wp\/v2\/media\/277187"}],"wp:attachment":[{"href":"https:\/\/www.webdo.tn\/fr\/wp-json\/wp\/v2\/media?parent=198553"}],"wp:term":[{"taxonomy":"category","embeddable":true,"href":"https:\/\/www.webdo.tn\/fr\/wp-json\/wp\/v2\/categories?post=198553"},{"taxonomy":"post_tag","embeddable":true,"href":"https:\/\/www.webdo.tn\/fr\/wp-json\/wp\/v2\/tags?post=198553"}],"curies":[{"name":"wp","href":"https:\/\/api.w.org\/{rel}","templated":true}]}}