{"id":198548,"date":"2022-11-05T10:18:00","date_gmt":"2022-11-05T10:18:00","guid":{"rendered":"https:\/\/www.webdo.tn\/fr\/blog\/amine-mahfoudh-kais-saied-n-a-plus-de-fondement-constitutionnel-pour-poursuivre-son-mandat\/198548\/"},"modified":"2025-05-17T20:58:23","modified_gmt":"2025-05-17T20:58:23","slug":"amine-mahfoudh-kais-saied-n-a-plus-de-fondement-constitutionnel-pour-poursuivre-son-mandat","status":"publish","type":"post","link":"https:\/\/www.webdo.tn\/fr\/actualite\/national\/amine-mahfoudh-kais-saied-n-a-plus-de-fondement-constitutionnel-pour-poursuivre-son-mandat\/198548\/","title":{"rendered":"Amine Mahfoudh : Kais Saied n\u2019a plus de fondement constitutionnel pour poursuivre son mandat"},"content":{"rendered":"<p>Le professeur de droit Amine Mahfoudh a appel\u00e9, hier vendredi, le pr\u00e9sident de la R\u00e9publique, Kais Saied, \u00e0 organiser une \u00e9lection pr\u00e9sidentielle, en vertu de la nouvelle Constitution.<\/p>\n<p>\t\t\t\t\t\t\t\t\t\u00ab J\u2019ai expliqu\u00e9 au pr\u00e9sident que la promulgation d\u2019une nouvelle Constitution devait \u00eatre suivie de la mise en place de nouvelles institutions, notamment l\u2019organisation d\u2019une \u00e9lection pr\u00e9sidentielle \u00bb, a-t-il pr\u00e9cis\u00e9 au micro de la cha\u00eene Attasi\u00e2a.<\/p>\n<p>Et d\u2019ajouter : \u00ab le chef de l\u2019Etat, Kais Saied, n\u2019a plus de fondement constitutionnel pour poursuivre son mandat, qui tire sa l\u00e9gitimit\u00e9 de la Constitution de 2014. Aujourd\u2019hui, rien ne lui permet de gouverner le pays \u00bb.<\/p>\n<p>Dans ce cadre, Amine Mahfoudh a expliqu\u00e9 que la p\u00e9riode d\u2019exception dont b\u00e9n\u00e9ficiait Kais Saied est expir\u00e9e depuis l\u2019entr\u00e9e en vigueur de la nouvelle Constitution \u00bb.<\/p>\n","protected":false},"excerpt":{"rendered":"<p>Le professeur de droit Amine Mahfoudh a appel\u00e9, hier vendredi, le pr\u00e9sident de la R\u00e9publique, Kais Saied, \u00e0 organiser une \u00e9lection pr\u00e9sidentielle, en vertu de l&#8230;<\/p>\n","protected":false},"author":3169,"featured_media":277186,"comment_status":"open","ping_status":"closed","sticky":false,"template":"","format":"standard","meta":{"footnotes":""},"categories":[44],"tags":[9124,5700,5637,2614],"class_list":["post-198548","post","type-post","status-publish","format-standard","has-post-thumbnail","hentry","category-national","tag-amine-mahfoudh","tag-constitution","tag-elections-presidentielles","tag-kais-saied"],"yoast_head":"<!-- This site is optimized with the Yoast SEO Premium plugin v27.4 (Yoast SEO v27.5) - https:\/\/yoast.com\/product\/yoast-seo-premium-wordpress\/ -->\n<title>Amine Mahfoudh : Kais Saied n\u2019a plus de fondement constitutionnel pour poursuivre son mandat<\/title>\n<meta name=\"description\" content=\"Le professeur de droit Amine Mahfoudh a appel\u00e9, hier vendredi, le pr\u00e9sident de la R\u00e9publique, Kais Saied, \u00e0 organiser une \u00e9lection pr\u00e9sidentielle, en vertu de l...\" \/>\n<link rel=\"canonical\" href=\"https:\/\/www.webdo.tn\/fr\/actualite\/national\/amine-mahfoudh-kais-saied-n-a-plus-de-fondement-constitutionnel-pour-poursuivre-son-mandat\/198548\/\" \/>\n<meta property=\"og:locale\" content=\"fr_FR\" \/>\n<meta property=\"og:type\" content=\"article\" \/>\n<meta property=\"og:title\" content=\"Amine Mahfoudh : Kais Saied n\u2019a plus de fondement constitutionnel pour poursuivre son mandat\" \/>\n<meta property=\"og:description\" content=\"Le professeur de droit Amine Mahfoudh a appel\u00e9, hier vendredi, le pr\u00e9sident de la R\u00e9publique, Kais Saied, \u00e0 organiser une \u00e9lection pr\u00e9sidentielle, en vertu de l...\" \/>\n<meta property=\"og:url\" content=\"https:\/\/www.webdo.tn\/fr\/actualite\/national\/amine-mahfoudh-kais-saied-n-a-plus-de-fondement-constitutionnel-pour-poursuivre-son-mandat\/198548\/\" \/>\n<meta property=\"og:site_name\" content=\"webdo\" \/>\n<meta property=\"article:publisher\" content=\"https:\/\/www.facebook.com\/webdotn\" \/>\n<meta property=\"article:published_time\" content=\"2022-11-05T10:18:00+00:00\" \/>\n<meta property=\"article:modified_time\" content=\"2025-05-17T20:58:23+00:00\" \/>\n<meta property=\"og:image\" content=\"https:\/\/www.webdo.tn\/fr\/wp-content\/uploads\/2022\/11\/12638b0cac6032ed61e20eb26726d0f1.png\" \/>\n\t<meta property=\"og:image:width\" content=\"750\" \/>\n\t<meta property=\"og:image:height\" content=\"400\" \/>\n\t<meta property=\"og:image:type\" content=\"image\/png\" \/>\n<meta name=\"author\" content=\"Webdo\" \/>\n<meta name=\"twitter:card\" content=\"summary_large_image\" \/>\n<meta name=\"twitter:creator\" content=\"@webdo_tn\" \/>\n<meta name=\"twitter:site\" content=\"@webdo_tn\" \/>\n<meta name=\"twitter:label1\" content=\"\u00c9crit par\" \/>\n\t<meta name=\"twitter:data1\" content=\"Webdo\" \/>\n\t<meta name=\"twitter:label2\" content=\"Dur\u00e9e de lecture estim\u00e9e\" \/>\n\t<meta name=\"twitter:data2\" content=\"1 minute\" \/>\n<script type=\"application\/ld+json\" class=\"yoast-schema-graph\">{\"@context\":\"https:\\\/\\\/schema.org\",\"@graph\":[{\"@type\":\"NewsArticle\",\"@id\":\"https:\\\/\\\/www.webdo.tn\\\/fr\\\/actualite\\\/national\\\/amine-mahfoudh-kais-saied-n-a-plus-de-fondement-constitutionnel-pour-poursuivre-son-mandat\\\/198548\\\/#article\",\"isPartOf\":{\"@id\":\"https:\\\/\\\/www.webdo.tn\\\/fr\\\/actualite\\\/national\\\/amine-mahfoudh-kais-saied-n-a-plus-de-fondement-constitutionnel-pour-poursuivre-son-mandat\\\/198548\\\/\"},\"author\":{\"name\":\"Webdo\",\"@id\":\"https:\\\/\\\/www.webdo.tn\\\/fr\\\/#\\\/schema\\\/person\\\/1f4e491e0907b413d61089e8eb573acc\"},\"headline\":\"Amine Mahfoudh : Kais Saied n\u2019a plus de fondement constitutionnel pour poursuivre son mandat\",\"datePublished\":\"2022-11-05T10:18:00+00:00\",\"dateModified\":\"2025-05-17T20:58:23+00:00\",\"mainEntityOfPage\":{\"@id\":\"https:\\\/\\\/www.webdo.tn\\\/fr\\\/actualite\\\/national\\\/amine-mahfoudh-kais-saied-n-a-plus-de-fondement-constitutionnel-pour-poursuivre-son-mandat\\\/198548\\\/\"},\"wordCount\":158,\"commentCount\":0,\"publisher\":{\"@id\":\"https:\\\/\\\/www.webdo.tn\\\/fr\\\/#organization\"},\"image\":{\"@id\":\"https:\\\/\\\/www.webdo.tn\\\/fr\\\/actualite\\\/national\\\/amine-mahfoudh-kais-saied-n-a-plus-de-fondement-constitutionnel-pour-poursuivre-son-mandat\\\/198548\\\/#primaryimage\"},\"thumbnailUrl\":\"https:\\\/\\\/www.webdo.tn\\\/fr\\\/wp-content\\\/uploads\\\/2022\\\/11\\\/12638b0cac6032ed61e20eb26726d0f1.png\",\"keywords\":[\"Amine Mahfoudh\",\"Constitution\",\"\u00e9lections pr\u00e9sidentielles\",\"Kais Saied\"],\"articleSection\":[\"National\"],\"inLanguage\":\"fr-FR\"},{\"@type\":\"WebPage\",\"@id\":\"https:\\\/\\\/www.webdo.tn\\\/fr\\\/actualite\\\/national\\\/amine-mahfoudh-kais-saied-n-a-plus-de-fondement-constitutionnel-pour-poursuivre-son-mandat\\\/198548\\\/\",\"url\":\"https:\\\/\\\/www.webdo.tn\\\/fr\\\/actualite\\\/national\\\/amine-mahfoudh-kais-saied-n-a-plus-de-fondement-constitutionnel-pour-poursuivre-son-mandat\\\/198548\\\/\",\"name\":\"Amine Mahfoudh : Kais Saied n\u2019a plus de fondement constitutionnel pour poursuivre son mandat\",\"isPartOf\":{\"@id\":\"https:\\\/\\\/www.webdo.tn\\\/fr\\\/#website\"},\"primaryImageOfPage\":{\"@id\":\"https:\\\/\\\/www.webdo.tn\\\/fr\\\/actualite\\\/national\\\/amine-mahfoudh-kais-saied-n-a-plus-de-fondement-constitutionnel-pour-poursuivre-son-mandat\\\/198548\\\/#primaryimage\"},\"image\":{\"@id\":\"https:\\\/\\\/www.webdo.tn\\\/fr\\\/actualite\\\/national\\\/amine-mahfoudh-kais-saied-n-a-plus-de-fondement-constitutionnel-pour-poursuivre-son-mandat\\\/198548\\\/#primaryimage\"},\"thumbnailUrl\":\"https:\\\/\\\/www.webdo.tn\\\/fr\\\/wp-content\\\/uploads\\\/2022\\\/11\\\/12638b0cac6032ed61e20eb26726d0f1.png\",\"datePublished\":\"2022-11-05T10:18:00+00:00\",\"dateModified\":\"2025-05-17T20:58:23+00:00\",\"description\":\"Le professeur de droit Amine Mahfoudh a appel\u00e9, hier vendredi, le pr\u00e9sident de la R\u00e9publique, Kais Saied, \u00e0 organiser une \u00e9lection pr\u00e9sidentielle, en vertu de l...\",\"breadcrumb\":{\"@id\":\"https:\\\/\\\/www.webdo.tn\\\/fr\\\/actualite\\\/national\\\/amine-mahfoudh-kais-saied-n-a-plus-de-fondement-constitutionnel-pour-poursuivre-son-mandat\\\/198548\\\/#breadcrumb\"},\"inLanguage\":\"fr-FR\",\"potentialAction\":[{\"@type\":\"ReadAction\",\"target\":[\"https:\\\/\\\/www.webdo.tn\\\/fr\\\/actualite\\\/national\\\/amine-mahfoudh-kais-saied-n-a-plus-de-fondement-constitutionnel-pour-poursuivre-son-mandat\\\/198548\\\/\"]}]},{\"@type\":\"ImageObject\",\"inLanguage\":\"fr-FR\",\"@id\":\"https:\\\/\\\/www.webdo.tn\\\/fr\\\/actualite\\\/national\\\/amine-mahfoudh-kais-saied-n-a-plus-de-fondement-constitutionnel-pour-poursuivre-son-mandat\\\/198548\\\/#primaryimage\",\"url\":\"https:\\\/\\\/www.webdo.tn\\\/fr\\\/wp-content\\\/uploads\\\/2022\\\/11\\\/12638b0cac6032ed61e20eb26726d0f1.png\",\"contentUrl\":\"https:\\\/\\\/www.webdo.tn\\\/fr\\\/wp-content\\\/uploads\\\/2022\\\/11\\\/12638b0cac6032ed61e20eb26726d0f1.png\",\"width\":750,\"height\":400,\"caption\":\"Amine Mahfoudh Kais Saied\"},{\"@type\":\"BreadcrumbList\",\"@id\":\"https:\\\/\\\/www.webdo.tn\\\/fr\\\/actualite\\\/national\\\/amine-mahfoudh-kais-saied-n-a-plus-de-fondement-constitutionnel-pour-poursuivre-son-mandat\\\/198548\\\/#breadcrumb\",\"itemListElement\":[{\"@type\":\"ListItem\",\"position\":1,\"name\":\"Accueil\",\"item\":\"https:\\\/\\\/www.webdo.tn\\\/fr\\\/\"},{\"@type\":\"ListItem\",\"position\":2,\"name\":\"Amine Mahfoudh : Kais Saied n\u2019a plus de fondement constitutionnel pour poursuivre son mandat\"}]},{\"@type\":\"WebSite\",\"@id\":\"https:\\\/\\\/www.webdo.tn\\\/fr\\\/#website\",\"url\":\"https:\\\/\\\/www.webdo.tn\\\/fr\\\/\",\"name\":\"webdo\",\"description\":\"Tunisie - News en Tunisie et \u00e0 l&#039;international sur Webdo.tn\",\"publisher\":{\"@id\":\"https:\\\/\\\/www.webdo.tn\\\/fr\\\/#organization\"},\"potentialAction\":[{\"@type\":\"SearchAction\",\"target\":{\"@type\":\"EntryPoint\",\"urlTemplate\":\"https:\\\/\\\/www.webdo.tn\\\/fr\\\/?s={search_term_string}\"},\"query-input\":{\"@type\":\"PropertyValueSpecification\",\"valueRequired\":true,\"valueName\":\"search_term_string\"}}],\"inLanguage\":\"fr-FR\"},{\"@type\":\"Organization\",\"@id\":\"https:\\\/\\\/www.webdo.tn\\\/fr\\\/#organization\",\"name\":\"Webdo\",\"alternateName\":\"Webdo.tn\",\"url\":\"https:\\\/\\\/www.webdo.tn\\\/fr\\\/\",\"logo\":{\"@type\":\"ImageObject\",\"inLanguage\":\"fr-FR\",\"@id\":\"https:\\\/\\\/www.webdo.tn\\\/fr\\\/#\\\/schema\\\/logo\\\/image\\\/\",\"url\":\"https:\\\/\\\/www.webdo.tn\\\/fr\\\/wp-content\\\/uploads\\\/2025\\\/06\\\/Webdo-Tunisie_168377.jpg\",\"contentUrl\":\"https:\\\/\\\/www.webdo.tn\\\/fr\\\/wp-content\\\/uploads\\\/2025\\\/06\\\/Webdo-Tunisie_168377.jpg\",\"width\":301,\"height\":301,\"caption\":\"Webdo\"},\"image\":{\"@id\":\"https:\\\/\\\/www.webdo.tn\\\/fr\\\/#\\\/schema\\\/logo\\\/image\\\/\"},\"sameAs\":[\"https:\\\/\\\/www.facebook.com\\\/webdotn\",\"https:\\\/\\\/x.com\\\/webdo_tn\"],\"description\":\"Webdo est un m\u00e9dia num\u00e9rique tunisien fond\u00e9 en 2010, sp\u00e9cialis\u00e9 dans l\u2019actualit\u00e9 nationale et internationale, l\u2019\u00e9conomie, la soci\u00e9t\u00e9 et les analyses politiques. Le site s\u2019adresse \u00e0 un large public francophone et couvre l\u2019information tunisienne en temps r\u00e9el.\",\"email\":\"redac@webdo.tn\",\"legalName\":\"YNJ SARL\",\"foundingDate\":\"2010-09-06\",\"numberOfEmployees\":{\"@type\":\"QuantitativeValue\",\"minValue\":\"11\",\"maxValue\":\"50\"}},{\"@type\":\"Person\",\"@id\":\"https:\\\/\\\/www.webdo.tn\\\/fr\\\/#\\\/schema\\\/person\\\/1f4e491e0907b413d61089e8eb573acc\",\"name\":\"Webdo\",\"image\":{\"@type\":\"ImageObject\",\"inLanguage\":\"fr-FR\",\"@id\":\"https:\\\/\\\/secure.gravatar.com\\\/avatar\\\/de97aeec1bb80978a9dbb127e47dfc88aaacb2f3c29aac907d8d3222e3495d49?s=96&d=mm&r=g\",\"url\":\"https:\\\/\\\/secure.gravatar.com\\\/avatar\\\/de97aeec1bb80978a9dbb127e47dfc88aaacb2f3c29aac907d8d3222e3495d49?s=96&d=mm&r=g\",\"contentUrl\":\"https:\\\/\\\/secure.gravatar.com\\\/avatar\\\/de97aeec1bb80978a9dbb127e47dfc88aaacb2f3c29aac907d8d3222e3495d49?s=96&d=mm&r=g\",\"caption\":\"Webdo\"},\"url\":\"https:\\\/\\\/www.webdo.tn\\\/fr\\\/actualite\\\/author\\\/webdo\\\/\"}]}<\/script>\n<!-- \/ Yoast SEO Premium plugin. -->","yoast_head_json":{"title":"Amine Mahfoudh : Kais Saied n\u2019a plus de fondement constitutionnel pour poursuivre son mandat","description":"Le professeur de droit Amine Mahfoudh a appel\u00e9, hier vendredi, le pr\u00e9sident de la R\u00e9publique, Kais Saied, \u00e0 organiser une \u00e9lection pr\u00e9sidentielle, en vertu de l...","canonical":"https:\/\/www.webdo.tn\/fr\/actualite\/national\/amine-mahfoudh-kais-saied-n-a-plus-de-fondement-constitutionnel-pour-poursuivre-son-mandat\/198548\/","og_locale":"fr_FR","og_type":"article","og_title":"Amine Mahfoudh : Kais Saied n\u2019a plus de fondement constitutionnel pour poursuivre son mandat","og_description":"Le professeur de droit Amine Mahfoudh a appel\u00e9, hier vendredi, le pr\u00e9sident de la R\u00e9publique, Kais Saied, \u00e0 organiser une \u00e9lection pr\u00e9sidentielle, en vertu de l...","og_url":"https:\/\/www.webdo.tn\/fr\/actualite\/national\/amine-mahfoudh-kais-saied-n-a-plus-de-fondement-constitutionnel-pour-poursuivre-son-mandat\/198548\/","og_site_name":"webdo","article_publisher":"https:\/\/www.facebook.com\/webdotn","article_published_time":"2022-11-05T10:18:00+00:00","article_modified_time":"2025-05-17T20:58:23+00:00","og_image":[{"width":750,"height":400,"url":"https:\/\/www.webdo.tn\/fr\/wp-content\/uploads\/2022\/11\/12638b0cac6032ed61e20eb26726d0f1.png","type":"image\/png"}],"author":"Webdo","twitter_card":"summary_large_image","twitter_creator":"@webdo_tn","twitter_site":"@webdo_tn","twitter_misc":{"\u00c9crit par":"Webdo","Dur\u00e9e de lecture estim\u00e9e":"1 minute"},"schema":{"@context":"https:\/\/schema.org","@graph":[{"@type":"NewsArticle","@id":"https:\/\/www.webdo.tn\/fr\/actualite\/national\/amine-mahfoudh-kais-saied-n-a-plus-de-fondement-constitutionnel-pour-poursuivre-son-mandat\/198548\/#article","isPartOf":{"@id":"https:\/\/www.webdo.tn\/fr\/actualite\/national\/amine-mahfoudh-kais-saied-n-a-plus-de-fondement-constitutionnel-pour-poursuivre-son-mandat\/198548\/"},"author":{"name":"Webdo","@id":"https:\/\/www.webdo.tn\/fr\/#\/schema\/person\/1f4e491e0907b413d61089e8eb573acc"},"headline":"Amine Mahfoudh : Kais Saied n\u2019a plus de fondement constitutionnel pour poursuivre son mandat","datePublished":"2022-11-05T10:18:00+00:00","dateModified":"2025-05-17T20:58:23+00:00","mainEntityOfPage":{"@id":"https:\/\/www.webdo.tn\/fr\/actualite\/national\/amine-mahfoudh-kais-saied-n-a-plus-de-fondement-constitutionnel-pour-poursuivre-son-mandat\/198548\/"},"wordCount":158,"commentCount":0,"publisher":{"@id":"https:\/\/www.webdo.tn\/fr\/#organization"},"image":{"@id":"https:\/\/www.webdo.tn\/fr\/actualite\/national\/amine-mahfoudh-kais-saied-n-a-plus-de-fondement-constitutionnel-pour-poursuivre-son-mandat\/198548\/#primaryimage"},"thumbnailUrl":"https:\/\/www.webdo.tn\/fr\/wp-content\/uploads\/2022\/11\/12638b0cac6032ed61e20eb26726d0f1.png","keywords":["Amine Mahfoudh","Constitution","\u00e9lections pr\u00e9sidentielles","Kais Saied"],"articleSection":["National"],"inLanguage":"fr-FR"},{"@type":"WebPage","@id":"https:\/\/www.webdo.tn\/fr\/actualite\/national\/amine-mahfoudh-kais-saied-n-a-plus-de-fondement-constitutionnel-pour-poursuivre-son-mandat\/198548\/","url":"https:\/\/www.webdo.tn\/fr\/actualite\/national\/amine-mahfoudh-kais-saied-n-a-plus-de-fondement-constitutionnel-pour-poursuivre-son-mandat\/198548\/","name":"Amine Mahfoudh : Kais Saied n\u2019a plus de fondement constitutionnel pour poursuivre son mandat","isPartOf":{"@id":"https:\/\/www.webdo.tn\/fr\/#website"},"primaryImageOfPage":{"@id":"https:\/\/www.webdo.tn\/fr\/actualite\/national\/amine-mahfoudh-kais-saied-n-a-plus-de-fondement-constitutionnel-pour-poursuivre-son-mandat\/198548\/#primaryimage"},"image":{"@id":"https:\/\/www.webdo.tn\/fr\/actualite\/national\/amine-mahfoudh-kais-saied-n-a-plus-de-fondement-constitutionnel-pour-poursuivre-son-mandat\/198548\/#primaryimage"},"thumbnailUrl":"https:\/\/www.webdo.tn\/fr\/wp-content\/uploads\/2022\/11\/12638b0cac6032ed61e20eb26726d0f1.png","datePublished":"2022-11-05T10:18:00+00:00","dateModified":"2025-05-17T20:58:23+00:00","description":"Le professeur de droit Amine Mahfoudh a appel\u00e9, hier vendredi, le pr\u00e9sident de la R\u00e9publique, Kais Saied, \u00e0 organiser une \u00e9lection pr\u00e9sidentielle, en vertu de l...","breadcrumb":{"@id":"https:\/\/www.webdo.tn\/fr\/actualite\/national\/amine-mahfoudh-kais-saied-n-a-plus-de-fondement-constitutionnel-pour-poursuivre-son-mandat\/198548\/#breadcrumb"},"inLanguage":"fr-FR","potentialAction":[{"@type":"ReadAction","target":["https:\/\/www.webdo.tn\/fr\/actualite\/national\/amine-mahfoudh-kais-saied-n-a-plus-de-fondement-constitutionnel-pour-poursuivre-son-mandat\/198548\/"]}]},{"@type":"ImageObject","inLanguage":"fr-FR","@id":"https:\/\/www.webdo.tn\/fr\/actualite\/national\/amine-mahfoudh-kais-saied-n-a-plus-de-fondement-constitutionnel-pour-poursuivre-son-mandat\/198548\/#primaryimage","url":"https:\/\/www.webdo.tn\/fr\/wp-content\/uploads\/2022\/11\/12638b0cac6032ed61e20eb26726d0f1.png","contentUrl":"https:\/\/www.webdo.tn\/fr\/wp-content\/uploads\/2022\/11\/12638b0cac6032ed61e20eb26726d0f1.png","width":750,"height":400,"caption":"Amine Mahfoudh Kais Saied"},{"@type":"BreadcrumbList","@id":"https:\/\/www.webdo.tn\/fr\/actualite\/national\/amine-mahfoudh-kais-saied-n-a-plus-de-fondement-constitutionnel-pour-poursuivre-son-mandat\/198548\/#breadcrumb","itemListElement":[{"@type":"ListItem","position":1,"name":"Accueil","item":"https:\/\/www.webdo.tn\/fr\/"},{"@type":"ListItem","position":2,"name":"Amine Mahfoudh : Kais Saied n\u2019a plus de fondement constitutionnel pour poursuivre son mandat"}]},{"@type":"WebSite","@id":"https:\/\/www.webdo.tn\/fr\/#website","url":"https:\/\/www.webdo.tn\/fr\/","name":"webdo","description":"Tunisie - News en Tunisie et \u00e0 l&#039;international sur Webdo.tn","publisher":{"@id":"https:\/\/www.webdo.tn\/fr\/#organization"},"potentialAction":[{"@type":"SearchAction","target":{"@type":"EntryPoint","urlTemplate":"https:\/\/www.webdo.tn\/fr\/?s={search_term_string}"},"query-input":{"@type":"PropertyValueSpecification","valueRequired":true,"valueName":"search_term_string"}}],"inLanguage":"fr-FR"},{"@type":"Organization","@id":"https:\/\/www.webdo.tn\/fr\/#organization","name":"Webdo","alternateName":"Webdo.tn","url":"https:\/\/www.webdo.tn\/fr\/","logo":{"@type":"ImageObject","inLanguage":"fr-FR","@id":"https:\/\/www.webdo.tn\/fr\/#\/schema\/logo\/image\/","url":"https:\/\/www.webdo.tn\/fr\/wp-content\/uploads\/2025\/06\/Webdo-Tunisie_168377.jpg","contentUrl":"https:\/\/www.webdo.tn\/fr\/wp-content\/uploads\/2025\/06\/Webdo-Tunisie_168377.jpg","width":301,"height":301,"caption":"Webdo"},"image":{"@id":"https:\/\/www.webdo.tn\/fr\/#\/schema\/logo\/image\/"},"sameAs":["https:\/\/www.facebook.com\/webdotn","https:\/\/x.com\/webdo_tn"],"description":"Webdo est un m\u00e9dia num\u00e9rique tunisien fond\u00e9 en 2010, sp\u00e9cialis\u00e9 dans l\u2019actualit\u00e9 nationale et internationale, l\u2019\u00e9conomie, la soci\u00e9t\u00e9 et les analyses politiques. Le site s\u2019adresse \u00e0 un large public francophone et couvre l\u2019information tunisienne en temps r\u00e9el.","email":"redac@webdo.tn","legalName":"YNJ SARL","foundingDate":"2010-09-06","numberOfEmployees":{"@type":"QuantitativeValue","minValue":"11","maxValue":"50"}},{"@type":"Person","@id":"https:\/\/www.webdo.tn\/fr\/#\/schema\/person\/1f4e491e0907b413d61089e8eb573acc","name":"Webdo","image":{"@type":"ImageObject","inLanguage":"fr-FR","@id":"https:\/\/secure.gravatar.com\/avatar\/de97aeec1bb80978a9dbb127e47dfc88aaacb2f3c29aac907d8d3222e3495d49?s=96&d=mm&r=g","url":"https:\/\/secure.gravatar.com\/avatar\/de97aeec1bb80978a9dbb127e47dfc88aaacb2f3c29aac907d8d3222e3495d49?s=96&d=mm&r=g","contentUrl":"https:\/\/secure.gravatar.com\/avatar\/de97aeec1bb80978a9dbb127e47dfc88aaacb2f3c29aac907d8d3222e3495d49?s=96&d=mm&r=g","caption":"Webdo"},"url":"https:\/\/www.webdo.tn\/fr\/actualite\/author\/webdo\/"}]}},"_links":{"self":[{"href":"https:\/\/www.webdo.tn\/fr\/wp-json\/wp\/v2\/posts\/198548","targetHints":{"allow":["GET"]}}],"collection":[{"href":"https:\/\/www.webdo.tn\/fr\/wp-json\/wp\/v2\/posts"}],"about":[{"href":"https:\/\/www.webdo.tn\/fr\/wp-json\/wp\/v2\/types\/post"}],"author":[{"embeddable":true,"href":"https:\/\/www.webdo.tn\/fr\/wp-json\/wp\/v2\/users\/3169"}],"replies":[{"embeddable":true,"href":"https:\/\/www.webdo.tn\/fr\/wp-json\/wp\/v2\/comments?post=198548"}],"version-history":[{"count":0,"href":"https:\/\/www.webdo.tn\/fr\/wp-json\/wp\/v2\/posts\/198548\/revisions"}],"wp:featuredmedia":[{"embeddable":true,"href":"https:\/\/www.webdo.tn\/fr\/wp-json\/wp\/v2\/media\/277186"}],"wp:attachment":[{"href":"https:\/\/www.webdo.tn\/fr\/wp-json\/wp\/v2\/media?parent=198548"}],"wp:term":[{"taxonomy":"category","embeddable":true,"href":"https:\/\/www.webdo.tn\/fr\/wp-json\/wp\/v2\/categories?post=198548"},{"taxonomy":"post_tag","embeddable":true,"href":"https:\/\/www.webdo.tn\/fr\/wp-json\/wp\/v2\/tags?post=198548"}],"curies":[{"name":"wp","href":"https:\/\/api.w.org\/{rel}","templated":true}]}}