{"id":198515,"date":"2022-11-04T15:11:00","date_gmt":"2022-11-04T15:11:00","guid":{"rendered":"https:\/\/www.webdo.tn\/fr\/blog\/taekwondo-khalil-jendoubi-1er-au-classement-olympique-et-3eme-mondial\/198515\/"},"modified":"2025-05-20T22:05:02","modified_gmt":"2025-05-20T22:05:02","slug":"taekwondo-khalil-jendoubi-1er-au-classement-olympique-et-3eme-mondial","status":"publish","type":"post","link":"https:\/\/www.webdo.tn\/fr\/actualite\/sport\/taekwondo-khalil-jendoubi-1er-au-classement-olympique-et-3eme-mondial\/198515\/","title":{"rendered":"Taekwondo : Khalil Jendoubi 1er au classement olympique et 3\u00e8me mondial"},"content":{"rendered":"<p>Mohamed Khalil Jendoubi, m\u00e9daill\u00e9 d&rsquo;argent aux derniers Jeux olympiques de Tokyo; est devenu 1er au classement olympique de taekwondo dans sa cat\u00e9gorie (-58 kg) suite \u00e0 ses r\u00e9centes performances internationale (Manchester et Paris).<\/p>\n<p>\t\t\t\t\t\t\t\t\tKhalil Jendoubi devance l&rsquo;Italien Vito Sellaquila (274.94 pts) et le Sud Cor\u00e9en Jun Jang (260.46 pts).<\/p>\n<p>Sur le plan mondial, Khalil Jendoubi a consolid\u00e9 sa 3\u00e8me place acquise depuis sa m\u00e9daille d\u2019argent olympique.<\/p>\n","protected":false},"excerpt":{"rendered":"<p>Mohamed Khalil Jendoubi, m\u00e9daill\u00e9 d&rsquo;argent aux derniers Jeux olympiques de Tokyo; est devenu 1er au classement olympique de taekwondo dans sa cat\u00e9gorie (-58 kg)&#8230;<\/p>\n","protected":false},"author":3162,"featured_media":253357,"comment_status":"open","ping_status":"closed","sticky":false,"template":"","format":"standard","meta":{"footnotes":""},"categories":[2593],"tags":[3922,3794,3795],"class_list":["post-198515","post","type-post","status-publish","format-standard","has-post-thumbnail","hentry","category-sport","tag-classement","tag-khalil-jendoubi","tag-taekwondo"],"yoast_head":"<!-- This site is optimized with the Yoast SEO Premium plugin v27.4 (Yoast SEO v27.5) - https:\/\/yoast.com\/product\/yoast-seo-premium-wordpress\/ -->\n<title>Taekwondo : Khalil Jendoubi 1er au classement olympique et 3\u00e8me mondial<\/title>\n<meta name=\"description\" content=\"Mohamed Khalil Jendoubi, m\u00e9daill\u00e9 d&#039;argent aux derniers Jeux olympiques de Tokyo; est devenu 1er au classement olympique de taekwondo dans sa cat\u00e9gorie (-58 kg)...\" \/>\n<link rel=\"canonical\" href=\"https:\/\/www.webdo.tn\/fr\/actualite\/sport\/taekwondo-khalil-jendoubi-1er-au-classement-olympique-et-3eme-mondial\/198515\/\" \/>\n<meta property=\"og:locale\" content=\"fr_FR\" \/>\n<meta property=\"og:type\" content=\"article\" \/>\n<meta property=\"og:title\" content=\"Taekwondo : Khalil Jendoubi 1er au classement olympique et 3\u00e8me mondial\" \/>\n<meta property=\"og:description\" content=\"Mohamed Khalil Jendoubi, m\u00e9daill\u00e9 d&#039;argent aux derniers Jeux olympiques de Tokyo; est devenu 1er au classement olympique de taekwondo dans sa cat\u00e9gorie (-58 kg)...\" \/>\n<meta property=\"og:url\" content=\"https:\/\/www.webdo.tn\/fr\/actualite\/sport\/taekwondo-khalil-jendoubi-1er-au-classement-olympique-et-3eme-mondial\/198515\/\" \/>\n<meta property=\"og:site_name\" content=\"webdo\" \/>\n<meta property=\"article:publisher\" content=\"https:\/\/www.facebook.com\/webdotn\" \/>\n<meta property=\"article:published_time\" content=\"2022-11-04T15:11:00+00:00\" \/>\n<meta property=\"article:modified_time\" content=\"2025-05-20T22:05:02+00:00\" \/>\n<meta property=\"og:image\" content=\"https:\/\/www.webdo.tn\/fr\/wp-content\/uploads\/2022\/11\/b1351c48c823de54dd2cef45dde92d42.jpg\" \/>\n\t<meta property=\"og:image:width\" content=\"750\" \/>\n\t<meta property=\"og:image:height\" content=\"400\" \/>\n\t<meta property=\"og:image:type\" content=\"image\/jpeg\" \/>\n<meta name=\"author\" content=\"MC\" \/>\n<meta name=\"twitter:card\" content=\"summary_large_image\" \/>\n<meta name=\"twitter:creator\" content=\"@webdo_tn\" \/>\n<meta name=\"twitter:site\" content=\"@webdo_tn\" \/>\n<meta name=\"twitter:label1\" content=\"\u00c9crit par\" \/>\n\t<meta name=\"twitter:data1\" content=\"MC\" \/>\n<script type=\"application\/ld+json\" class=\"yoast-schema-graph\">{\"@context\":\"https:\\\/\\\/schema.org\",\"@graph\":[{\"@type\":\"NewsArticle\",\"@id\":\"https:\\\/\\\/www.webdo.tn\\\/fr\\\/actualite\\\/sport\\\/taekwondo-khalil-jendoubi-1er-au-classement-olympique-et-3eme-mondial\\\/198515\\\/#article\",\"isPartOf\":{\"@id\":\"https:\\\/\\\/www.webdo.tn\\\/fr\\\/actualite\\\/sport\\\/taekwondo-khalil-jendoubi-1er-au-classement-olympique-et-3eme-mondial\\\/198515\\\/\"},\"author\":{\"name\":\"MC\",\"@id\":\"https:\\\/\\\/www.webdo.tn\\\/fr\\\/#\\\/schema\\\/person\\\/2c4929cbf5a809e3bd38617c6ce150f6\"},\"headline\":\"Taekwondo : Khalil Jendoubi 1er au classement olympique et 3\u00e8me mondial\",\"datePublished\":\"2022-11-04T15:11:00+00:00\",\"dateModified\":\"2025-05-20T22:05:02+00:00\",\"mainEntityOfPage\":{\"@id\":\"https:\\\/\\\/www.webdo.tn\\\/fr\\\/actualite\\\/sport\\\/taekwondo-khalil-jendoubi-1er-au-classement-olympique-et-3eme-mondial\\\/198515\\\/\"},\"wordCount\":81,\"commentCount\":0,\"publisher\":{\"@id\":\"https:\\\/\\\/www.webdo.tn\\\/fr\\\/#organization\"},\"image\":{\"@id\":\"https:\\\/\\\/www.webdo.tn\\\/fr\\\/actualite\\\/sport\\\/taekwondo-khalil-jendoubi-1er-au-classement-olympique-et-3eme-mondial\\\/198515\\\/#primaryimage\"},\"thumbnailUrl\":\"https:\\\/\\\/www.webdo.tn\\\/fr\\\/wp-content\\\/uploads\\\/2022\\\/11\\\/b1351c48c823de54dd2cef45dde92d42.jpg\",\"keywords\":[\"classement\",\"Khalil Jendoubi\",\"taekwondo\"],\"articleSection\":[\"Sport\"],\"inLanguage\":\"fr-FR\"},{\"@type\":\"WebPage\",\"@id\":\"https:\\\/\\\/www.webdo.tn\\\/fr\\\/actualite\\\/sport\\\/taekwondo-khalil-jendoubi-1er-au-classement-olympique-et-3eme-mondial\\\/198515\\\/\",\"url\":\"https:\\\/\\\/www.webdo.tn\\\/fr\\\/actualite\\\/sport\\\/taekwondo-khalil-jendoubi-1er-au-classement-olympique-et-3eme-mondial\\\/198515\\\/\",\"name\":\"Taekwondo : Khalil Jendoubi 1er au classement olympique et 3\u00e8me mondial\",\"isPartOf\":{\"@id\":\"https:\\\/\\\/www.webdo.tn\\\/fr\\\/#website\"},\"primaryImageOfPage\":{\"@id\":\"https:\\\/\\\/www.webdo.tn\\\/fr\\\/actualite\\\/sport\\\/taekwondo-khalil-jendoubi-1er-au-classement-olympique-et-3eme-mondial\\\/198515\\\/#primaryimage\"},\"image\":{\"@id\":\"https:\\\/\\\/www.webdo.tn\\\/fr\\\/actualite\\\/sport\\\/taekwondo-khalil-jendoubi-1er-au-classement-olympique-et-3eme-mondial\\\/198515\\\/#primaryimage\"},\"thumbnailUrl\":\"https:\\\/\\\/www.webdo.tn\\\/fr\\\/wp-content\\\/uploads\\\/2022\\\/11\\\/b1351c48c823de54dd2cef45dde92d42.jpg\",\"datePublished\":\"2022-11-04T15:11:00+00:00\",\"dateModified\":\"2025-05-20T22:05:02+00:00\",\"description\":\"Mohamed Khalil Jendoubi, m\u00e9daill\u00e9 d'argent aux derniers Jeux olympiques de Tokyo; est devenu 1er au classement olympique de taekwondo dans sa cat\u00e9gorie (-58 kg)...\",\"breadcrumb\":{\"@id\":\"https:\\\/\\\/www.webdo.tn\\\/fr\\\/actualite\\\/sport\\\/taekwondo-khalil-jendoubi-1er-au-classement-olympique-et-3eme-mondial\\\/198515\\\/#breadcrumb\"},\"inLanguage\":\"fr-FR\",\"potentialAction\":[{\"@type\":\"ReadAction\",\"target\":[\"https:\\\/\\\/www.webdo.tn\\\/fr\\\/actualite\\\/sport\\\/taekwondo-khalil-jendoubi-1er-au-classement-olympique-et-3eme-mondial\\\/198515\\\/\"]}]},{\"@type\":\"ImageObject\",\"inLanguage\":\"fr-FR\",\"@id\":\"https:\\\/\\\/www.webdo.tn\\\/fr\\\/actualite\\\/sport\\\/taekwondo-khalil-jendoubi-1er-au-classement-olympique-et-3eme-mondial\\\/198515\\\/#primaryimage\",\"url\":\"https:\\\/\\\/www.webdo.tn\\\/fr\\\/wp-content\\\/uploads\\\/2022\\\/11\\\/b1351c48c823de54dd2cef45dde92d42.jpg\",\"contentUrl\":\"https:\\\/\\\/www.webdo.tn\\\/fr\\\/wp-content\\\/uploads\\\/2022\\\/11\\\/b1351c48c823de54dd2cef45dde92d42.jpg\",\"width\":750,\"height\":400,\"caption\":\"Khalil Jendoubi\"},{\"@type\":\"BreadcrumbList\",\"@id\":\"https:\\\/\\\/www.webdo.tn\\\/fr\\\/actualite\\\/sport\\\/taekwondo-khalil-jendoubi-1er-au-classement-olympique-et-3eme-mondial\\\/198515\\\/#breadcrumb\",\"itemListElement\":[{\"@type\":\"ListItem\",\"position\":1,\"name\":\"Accueil\",\"item\":\"https:\\\/\\\/www.webdo.tn\\\/fr\\\/\"},{\"@type\":\"ListItem\",\"position\":2,\"name\":\"Taekwondo : Khalil Jendoubi 1er au classement olympique et 3\u00e8me mondial\"}]},{\"@type\":\"WebSite\",\"@id\":\"https:\\\/\\\/www.webdo.tn\\\/fr\\\/#website\",\"url\":\"https:\\\/\\\/www.webdo.tn\\\/fr\\\/\",\"name\":\"webdo\",\"description\":\"Tunisie - News en Tunisie et \u00e0 l&#039;international sur Webdo.tn\",\"publisher\":{\"@id\":\"https:\\\/\\\/www.webdo.tn\\\/fr\\\/#organization\"},\"potentialAction\":[{\"@type\":\"SearchAction\",\"target\":{\"@type\":\"EntryPoint\",\"urlTemplate\":\"https:\\\/\\\/www.webdo.tn\\\/fr\\\/?s={search_term_string}\"},\"query-input\":{\"@type\":\"PropertyValueSpecification\",\"valueRequired\":true,\"valueName\":\"search_term_string\"}}],\"inLanguage\":\"fr-FR\"},{\"@type\":\"Organization\",\"@id\":\"https:\\\/\\\/www.webdo.tn\\\/fr\\\/#organization\",\"name\":\"Webdo\",\"alternateName\":\"Webdo.tn\",\"url\":\"https:\\\/\\\/www.webdo.tn\\\/fr\\\/\",\"logo\":{\"@type\":\"ImageObject\",\"inLanguage\":\"fr-FR\",\"@id\":\"https:\\\/\\\/www.webdo.tn\\\/fr\\\/#\\\/schema\\\/logo\\\/image\\\/\",\"url\":\"https:\\\/\\\/www.webdo.tn\\\/fr\\\/wp-content\\\/uploads\\\/2025\\\/06\\\/Webdo-Tunisie_168377.jpg\",\"contentUrl\":\"https:\\\/\\\/www.webdo.tn\\\/fr\\\/wp-content\\\/uploads\\\/2025\\\/06\\\/Webdo-Tunisie_168377.jpg\",\"width\":301,\"height\":301,\"caption\":\"Webdo\"},\"image\":{\"@id\":\"https:\\\/\\\/www.webdo.tn\\\/fr\\\/#\\\/schema\\\/logo\\\/image\\\/\"},\"sameAs\":[\"https:\\\/\\\/www.facebook.com\\\/webdotn\",\"https:\\\/\\\/x.com\\\/webdo_tn\"],\"description\":\"Webdo est un m\u00e9dia num\u00e9rique tunisien fond\u00e9 en 2010, sp\u00e9cialis\u00e9 dans l\u2019actualit\u00e9 nationale et internationale, l\u2019\u00e9conomie, la soci\u00e9t\u00e9 et les analyses politiques. Le site s\u2019adresse \u00e0 un large public francophone et couvre l\u2019information tunisienne en temps r\u00e9el.\",\"email\":\"redac@webdo.tn\",\"legalName\":\"YNJ SARL\",\"foundingDate\":\"2010-09-06\",\"numberOfEmployees\":{\"@type\":\"QuantitativeValue\",\"minValue\":\"11\",\"maxValue\":\"50\"}},{\"@type\":\"Person\",\"@id\":\"https:\\\/\\\/www.webdo.tn\\\/fr\\\/#\\\/schema\\\/person\\\/2c4929cbf5a809e3bd38617c6ce150f6\",\"name\":\"MC\",\"image\":{\"@type\":\"ImageObject\",\"inLanguage\":\"fr-FR\",\"@id\":\"https:\\\/\\\/secure.gravatar.com\\\/avatar\\\/a545bbb6f84efdd5553dbbc2895e3ca8f1d12c5215e00a041c9670b54aa9b18a?s=96&d=mm&r=g\",\"url\":\"https:\\\/\\\/secure.gravatar.com\\\/avatar\\\/a545bbb6f84efdd5553dbbc2895e3ca8f1d12c5215e00a041c9670b54aa9b18a?s=96&d=mm&r=g\",\"contentUrl\":\"https:\\\/\\\/secure.gravatar.com\\\/avatar\\\/a545bbb6f84efdd5553dbbc2895e3ca8f1d12c5215e00a041c9670b54aa9b18a?s=96&d=mm&r=g\",\"caption\":\"MC\"},\"url\":\"https:\\\/\\\/www.webdo.tn\\\/fr\\\/actualite\\\/author\\\/mc\\\/\"}]}<\/script>\n<!-- \/ Yoast SEO Premium plugin. -->","yoast_head_json":{"title":"Taekwondo : Khalil Jendoubi 1er au classement olympique et 3\u00e8me mondial","description":"Mohamed Khalil Jendoubi, m\u00e9daill\u00e9 d'argent aux derniers Jeux olympiques de Tokyo; est devenu 1er au classement olympique de taekwondo dans sa cat\u00e9gorie (-58 kg)...","canonical":"https:\/\/www.webdo.tn\/fr\/actualite\/sport\/taekwondo-khalil-jendoubi-1er-au-classement-olympique-et-3eme-mondial\/198515\/","og_locale":"fr_FR","og_type":"article","og_title":"Taekwondo : Khalil Jendoubi 1er au classement olympique et 3\u00e8me mondial","og_description":"Mohamed Khalil Jendoubi, m\u00e9daill\u00e9 d'argent aux derniers Jeux olympiques de Tokyo; est devenu 1er au classement olympique de taekwondo dans sa cat\u00e9gorie (-58 kg)...","og_url":"https:\/\/www.webdo.tn\/fr\/actualite\/sport\/taekwondo-khalil-jendoubi-1er-au-classement-olympique-et-3eme-mondial\/198515\/","og_site_name":"webdo","article_publisher":"https:\/\/www.facebook.com\/webdotn","article_published_time":"2022-11-04T15:11:00+00:00","article_modified_time":"2025-05-20T22:05:02+00:00","og_image":[{"width":750,"height":400,"url":"https:\/\/www.webdo.tn\/fr\/wp-content\/uploads\/2022\/11\/b1351c48c823de54dd2cef45dde92d42.jpg","type":"image\/jpeg"}],"author":"MC","twitter_card":"summary_large_image","twitter_creator":"@webdo_tn","twitter_site":"@webdo_tn","twitter_misc":{"\u00c9crit par":"MC"},"schema":{"@context":"https:\/\/schema.org","@graph":[{"@type":"NewsArticle","@id":"https:\/\/www.webdo.tn\/fr\/actualite\/sport\/taekwondo-khalil-jendoubi-1er-au-classement-olympique-et-3eme-mondial\/198515\/#article","isPartOf":{"@id":"https:\/\/www.webdo.tn\/fr\/actualite\/sport\/taekwondo-khalil-jendoubi-1er-au-classement-olympique-et-3eme-mondial\/198515\/"},"author":{"name":"MC","@id":"https:\/\/www.webdo.tn\/fr\/#\/schema\/person\/2c4929cbf5a809e3bd38617c6ce150f6"},"headline":"Taekwondo : Khalil Jendoubi 1er au classement olympique et 3\u00e8me mondial","datePublished":"2022-11-04T15:11:00+00:00","dateModified":"2025-05-20T22:05:02+00:00","mainEntityOfPage":{"@id":"https:\/\/www.webdo.tn\/fr\/actualite\/sport\/taekwondo-khalil-jendoubi-1er-au-classement-olympique-et-3eme-mondial\/198515\/"},"wordCount":81,"commentCount":0,"publisher":{"@id":"https:\/\/www.webdo.tn\/fr\/#organization"},"image":{"@id":"https:\/\/www.webdo.tn\/fr\/actualite\/sport\/taekwondo-khalil-jendoubi-1er-au-classement-olympique-et-3eme-mondial\/198515\/#primaryimage"},"thumbnailUrl":"https:\/\/www.webdo.tn\/fr\/wp-content\/uploads\/2022\/11\/b1351c48c823de54dd2cef45dde92d42.jpg","keywords":["classement","Khalil Jendoubi","taekwondo"],"articleSection":["Sport"],"inLanguage":"fr-FR"},{"@type":"WebPage","@id":"https:\/\/www.webdo.tn\/fr\/actualite\/sport\/taekwondo-khalil-jendoubi-1er-au-classement-olympique-et-3eme-mondial\/198515\/","url":"https:\/\/www.webdo.tn\/fr\/actualite\/sport\/taekwondo-khalil-jendoubi-1er-au-classement-olympique-et-3eme-mondial\/198515\/","name":"Taekwondo : Khalil Jendoubi 1er au classement olympique et 3\u00e8me mondial","isPartOf":{"@id":"https:\/\/www.webdo.tn\/fr\/#website"},"primaryImageOfPage":{"@id":"https:\/\/www.webdo.tn\/fr\/actualite\/sport\/taekwondo-khalil-jendoubi-1er-au-classement-olympique-et-3eme-mondial\/198515\/#primaryimage"},"image":{"@id":"https:\/\/www.webdo.tn\/fr\/actualite\/sport\/taekwondo-khalil-jendoubi-1er-au-classement-olympique-et-3eme-mondial\/198515\/#primaryimage"},"thumbnailUrl":"https:\/\/www.webdo.tn\/fr\/wp-content\/uploads\/2022\/11\/b1351c48c823de54dd2cef45dde92d42.jpg","datePublished":"2022-11-04T15:11:00+00:00","dateModified":"2025-05-20T22:05:02+00:00","description":"Mohamed Khalil Jendoubi, m\u00e9daill\u00e9 d'argent aux derniers Jeux olympiques de Tokyo; est devenu 1er au classement olympique de taekwondo dans sa cat\u00e9gorie (-58 kg)...","breadcrumb":{"@id":"https:\/\/www.webdo.tn\/fr\/actualite\/sport\/taekwondo-khalil-jendoubi-1er-au-classement-olympique-et-3eme-mondial\/198515\/#breadcrumb"},"inLanguage":"fr-FR","potentialAction":[{"@type":"ReadAction","target":["https:\/\/www.webdo.tn\/fr\/actualite\/sport\/taekwondo-khalil-jendoubi-1er-au-classement-olympique-et-3eme-mondial\/198515\/"]}]},{"@type":"ImageObject","inLanguage":"fr-FR","@id":"https:\/\/www.webdo.tn\/fr\/actualite\/sport\/taekwondo-khalil-jendoubi-1er-au-classement-olympique-et-3eme-mondial\/198515\/#primaryimage","url":"https:\/\/www.webdo.tn\/fr\/wp-content\/uploads\/2022\/11\/b1351c48c823de54dd2cef45dde92d42.jpg","contentUrl":"https:\/\/www.webdo.tn\/fr\/wp-content\/uploads\/2022\/11\/b1351c48c823de54dd2cef45dde92d42.jpg","width":750,"height":400,"caption":"Khalil Jendoubi"},{"@type":"BreadcrumbList","@id":"https:\/\/www.webdo.tn\/fr\/actualite\/sport\/taekwondo-khalil-jendoubi-1er-au-classement-olympique-et-3eme-mondial\/198515\/#breadcrumb","itemListElement":[{"@type":"ListItem","position":1,"name":"Accueil","item":"https:\/\/www.webdo.tn\/fr\/"},{"@type":"ListItem","position":2,"name":"Taekwondo : Khalil Jendoubi 1er au classement olympique et 3\u00e8me mondial"}]},{"@type":"WebSite","@id":"https:\/\/www.webdo.tn\/fr\/#website","url":"https:\/\/www.webdo.tn\/fr\/","name":"webdo","description":"Tunisie - News en Tunisie et \u00e0 l&#039;international sur Webdo.tn","publisher":{"@id":"https:\/\/www.webdo.tn\/fr\/#organization"},"potentialAction":[{"@type":"SearchAction","target":{"@type":"EntryPoint","urlTemplate":"https:\/\/www.webdo.tn\/fr\/?s={search_term_string}"},"query-input":{"@type":"PropertyValueSpecification","valueRequired":true,"valueName":"search_term_string"}}],"inLanguage":"fr-FR"},{"@type":"Organization","@id":"https:\/\/www.webdo.tn\/fr\/#organization","name":"Webdo","alternateName":"Webdo.tn","url":"https:\/\/www.webdo.tn\/fr\/","logo":{"@type":"ImageObject","inLanguage":"fr-FR","@id":"https:\/\/www.webdo.tn\/fr\/#\/schema\/logo\/image\/","url":"https:\/\/www.webdo.tn\/fr\/wp-content\/uploads\/2025\/06\/Webdo-Tunisie_168377.jpg","contentUrl":"https:\/\/www.webdo.tn\/fr\/wp-content\/uploads\/2025\/06\/Webdo-Tunisie_168377.jpg","width":301,"height":301,"caption":"Webdo"},"image":{"@id":"https:\/\/www.webdo.tn\/fr\/#\/schema\/logo\/image\/"},"sameAs":["https:\/\/www.facebook.com\/webdotn","https:\/\/x.com\/webdo_tn"],"description":"Webdo est un m\u00e9dia num\u00e9rique tunisien fond\u00e9 en 2010, sp\u00e9cialis\u00e9 dans l\u2019actualit\u00e9 nationale et internationale, l\u2019\u00e9conomie, la soci\u00e9t\u00e9 et les analyses politiques. Le site s\u2019adresse \u00e0 un large public francophone et couvre l\u2019information tunisienne en temps r\u00e9el.","email":"redac@webdo.tn","legalName":"YNJ SARL","foundingDate":"2010-09-06","numberOfEmployees":{"@type":"QuantitativeValue","minValue":"11","maxValue":"50"}},{"@type":"Person","@id":"https:\/\/www.webdo.tn\/fr\/#\/schema\/person\/2c4929cbf5a809e3bd38617c6ce150f6","name":"MC","image":{"@type":"ImageObject","inLanguage":"fr-FR","@id":"https:\/\/secure.gravatar.com\/avatar\/a545bbb6f84efdd5553dbbc2895e3ca8f1d12c5215e00a041c9670b54aa9b18a?s=96&d=mm&r=g","url":"https:\/\/secure.gravatar.com\/avatar\/a545bbb6f84efdd5553dbbc2895e3ca8f1d12c5215e00a041c9670b54aa9b18a?s=96&d=mm&r=g","contentUrl":"https:\/\/secure.gravatar.com\/avatar\/a545bbb6f84efdd5553dbbc2895e3ca8f1d12c5215e00a041c9670b54aa9b18a?s=96&d=mm&r=g","caption":"MC"},"url":"https:\/\/www.webdo.tn\/fr\/actualite\/author\/mc\/"}]}},"_links":{"self":[{"href":"https:\/\/www.webdo.tn\/fr\/wp-json\/wp\/v2\/posts\/198515","targetHints":{"allow":["GET"]}}],"collection":[{"href":"https:\/\/www.webdo.tn\/fr\/wp-json\/wp\/v2\/posts"}],"about":[{"href":"https:\/\/www.webdo.tn\/fr\/wp-json\/wp\/v2\/types\/post"}],"author":[{"embeddable":true,"href":"https:\/\/www.webdo.tn\/fr\/wp-json\/wp\/v2\/users\/3162"}],"replies":[{"embeddable":true,"href":"https:\/\/www.webdo.tn\/fr\/wp-json\/wp\/v2\/comments?post=198515"}],"version-history":[{"count":0,"href":"https:\/\/www.webdo.tn\/fr\/wp-json\/wp\/v2\/posts\/198515\/revisions"}],"wp:featuredmedia":[{"embeddable":true,"href":"https:\/\/www.webdo.tn\/fr\/wp-json\/wp\/v2\/media\/253357"}],"wp:attachment":[{"href":"https:\/\/www.webdo.tn\/fr\/wp-json\/wp\/v2\/media?parent=198515"}],"wp:term":[{"taxonomy":"category","embeddable":true,"href":"https:\/\/www.webdo.tn\/fr\/wp-json\/wp\/v2\/categories?post=198515"},{"taxonomy":"post_tag","embeddable":true,"href":"https:\/\/www.webdo.tn\/fr\/wp-json\/wp\/v2\/tags?post=198515"}],"curies":[{"name":"wp","href":"https:\/\/api.w.org\/{rel}","templated":true}]}}