{"id":198504,"date":"2022-11-04T11:31:00","date_gmt":"2022-11-04T11:31:00","guid":{"rendered":"https:\/\/www.webdo.tn\/fr\/blog\/exclusif-tous-les-membres-du-bureau-federal-fiches-s17\/198504\/"},"modified":"2025-05-14T10:54:00","modified_gmt":"2025-05-14T10:54:00","slug":"exclusif-tous-les-membres-du-bureau-federal-fiches-s17","status":"publish","type":"post","link":"https:\/\/www.webdo.tn\/fr\/actualite\/sport\/exclusif-tous-les-membres-du-bureau-federal-fiches-s17\/198504\/","title":{"rendered":"Les membres du bureau f\u00e9d\u00e9ral  seraient fich\u00e9s S17"},"content":{"rendered":"<p>Webdo a appris, de sources fiables, que tous les membres du bureau f\u00e9d\u00e9ral seraient  mis sous la proc\u00e9dure S17.<\/p>\n<p>\t\t\t\t\t\t\t\t\tNos sources nous ont confi\u00e9 qu\u2019il s\u2019agirait\u00a0de mesure conservatoire, suite \u00e0 l\u2019\u00e9mission de quatre mandats de recherche contre le pr\u00e9sident de la FTF, Wadii jari.\u00a0<\/p>\n<p>La liste des responsables de la FTF qui pourront accompagner l&rsquo;\u00e9quipe nationale au Qatar, \u00e0 l\u2019occasion de la Coupe du Monde. serait \u00e9tudi\u00e9e.<\/p>\n<p>L\u2019avocate Wafa Chedly a affirm\u00e9 que quatre mandats d\u2019amener ont \u00e9t\u00e9 \u00e9mis \u00e0 l\u2019encontre du pr\u00e9sident de la F\u00e9d\u00e9ration tunisienne de football (FYF), Wadii jari.<\/p>\n<p>Elle a fait savoir, dans une d\u00e9claration \u00e0 Jawhara fm, ce vendredi 4 novembre 2022, que c\u2019est le juge d&rsquo;instruction du p\u00f4le judiciaire et financier qui avait\u00a0\u00e9mis les mandats d\u2018amener contre Wadii Jari, suite aux instructions de la ministre de la Justice.<\/p>\n<p>Des sources bien plac\u00e9es nous ont confi\u00e9 que deux mandats d\u2019amener seriant relatifs \u00e0 un dossier concernant Wadii Jari et la Poste tunisienne, alors qu\u2019un autre mandat concerne une plainte d\u00e9pos\u00e9e par Hilal Chebba.<\/p>\n","protected":false},"excerpt":{"rendered":"<p>Webdo a appris, de sources fiables, que tous les membres du bureau f\u00e9d\u00e9ral seraient  mis sous la proc\u00e9dure S17.<\/p>\n","protected":false},"author":3169,"featured_media":253349,"comment_status":"open","ping_status":"closed","sticky":false,"template":"","format":"standard","meta":{"footnotes":""},"categories":[2593],"tags":[4066,3728,6120,7680],"class_list":["post-198504","post","type-post","status-publish","format-standard","has-post-thumbnail","hentry","category-sport","tag-coupe-du-monde","tag-ftf","tag-s17","tag-wadii-jari"],"yoast_head":"<!-- This site is optimized with the Yoast SEO Premium plugin v27.5 (Yoast SEO v27.5) - https:\/\/yoast.com\/product\/yoast-seo-premium-wordpress\/ -->\n<title>Les membres du bureau f\u00e9d\u00e9ral seraient fich\u00e9s S17<\/title>\n<meta name=\"description\" content=\"Webdo a appris, de sources fiables, que tous les membres du bureau f\u00e9d\u00e9ral seraient mis sous la proc\u00e9dure S17.\" \/>\n<link rel=\"canonical\" href=\"https:\/\/www.webdo.tn\/fr\/actualite\/sport\/exclusif-tous-les-membres-du-bureau-federal-fiches-s17\/198504\/\" \/>\n<meta property=\"og:locale\" content=\"fr_FR\" \/>\n<meta property=\"og:type\" content=\"article\" \/>\n<meta property=\"og:title\" content=\"Les membres du bureau f\u00e9d\u00e9ral seraient fich\u00e9s S17\" \/>\n<meta property=\"og:description\" content=\"Webdo a appris, de sources fiables, que tous les membres du bureau f\u00e9d\u00e9ral seraient mis sous la proc\u00e9dure S17.\" \/>\n<meta property=\"og:url\" content=\"https:\/\/www.webdo.tn\/fr\/actualite\/sport\/exclusif-tous-les-membres-du-bureau-federal-fiches-s17\/198504\/\" \/>\n<meta property=\"og:site_name\" content=\"webdo\" \/>\n<meta property=\"article:publisher\" content=\"https:\/\/www.facebook.com\/webdotn\" \/>\n<meta property=\"article:published_time\" content=\"2022-11-04T11:31:00+00:00\" \/>\n<meta property=\"article:modified_time\" content=\"2025-05-14T10:54:00+00:00\" \/>\n<meta property=\"og:image\" content=\"https:\/\/www.webdo.tn\/fr\/wp-content\/uploads\/2022\/11\/f8bc467961da17ad520d3982a52cf793.jpg\" \/>\n\t<meta property=\"og:image:width\" content=\"750\" \/>\n\t<meta property=\"og:image:height\" content=\"400\" \/>\n\t<meta property=\"og:image:type\" content=\"image\/jpeg\" \/>\n<meta name=\"author\" content=\"Webdo\" \/>\n<meta name=\"twitter:card\" content=\"summary_large_image\" \/>\n<meta name=\"twitter:creator\" content=\"@webdo_tn\" \/>\n<meta name=\"twitter:site\" content=\"@webdo_tn\" \/>\n<meta name=\"twitter:label1\" content=\"\u00c9crit par\" \/>\n\t<meta name=\"twitter:data1\" content=\"Webdo\" \/>\n\t<meta name=\"twitter:label2\" content=\"Dur\u00e9e de lecture estim\u00e9e\" \/>\n\t<meta name=\"twitter:data2\" content=\"1 minute\" \/>\n<script type=\"application\/ld+json\" class=\"yoast-schema-graph\">{\"@context\":\"https:\\\/\\\/schema.org\",\"@graph\":[{\"@type\":\"NewsArticle\",\"@id\":\"https:\\\/\\\/www.webdo.tn\\\/fr\\\/actualite\\\/sport\\\/exclusif-tous-les-membres-du-bureau-federal-fiches-s17\\\/198504\\\/#article\",\"isPartOf\":{\"@id\":\"https:\\\/\\\/www.webdo.tn\\\/fr\\\/actualite\\\/sport\\\/exclusif-tous-les-membres-du-bureau-federal-fiches-s17\\\/198504\\\/\"},\"author\":{\"name\":\"Webdo\",\"@id\":\"https:\\\/\\\/www.webdo.tn\\\/fr\\\/#\\\/schema\\\/person\\\/1f4e491e0907b413d61089e8eb573acc\"},\"headline\":\"Les membres du bureau f\u00e9d\u00e9ral seraient fich\u00e9s S17\",\"datePublished\":\"2022-11-04T11:31:00+00:00\",\"dateModified\":\"2025-05-14T10:54:00+00:00\",\"mainEntityOfPage\":{\"@id\":\"https:\\\/\\\/www.webdo.tn\\\/fr\\\/actualite\\\/sport\\\/exclusif-tous-les-membres-du-bureau-federal-fiches-s17\\\/198504\\\/\"},\"wordCount\":200,\"commentCount\":0,\"publisher\":{\"@id\":\"https:\\\/\\\/www.webdo.tn\\\/fr\\\/#organization\"},\"image\":{\"@id\":\"https:\\\/\\\/www.webdo.tn\\\/fr\\\/actualite\\\/sport\\\/exclusif-tous-les-membres-du-bureau-federal-fiches-s17\\\/198504\\\/#primaryimage\"},\"thumbnailUrl\":\"https:\\\/\\\/www.webdo.tn\\\/fr\\\/wp-content\\\/uploads\\\/2022\\\/11\\\/f8bc467961da17ad520d3982a52cf793.jpg\",\"keywords\":[\"Coupe du Monde\",\"FTF\",\"S17\",\"Wadii jari\"],\"articleSection\":[\"Sport\"],\"inLanguage\":\"fr-FR\"},{\"@type\":\"WebPage\",\"@id\":\"https:\\\/\\\/www.webdo.tn\\\/fr\\\/actualite\\\/sport\\\/exclusif-tous-les-membres-du-bureau-federal-fiches-s17\\\/198504\\\/\",\"url\":\"https:\\\/\\\/www.webdo.tn\\\/fr\\\/actualite\\\/sport\\\/exclusif-tous-les-membres-du-bureau-federal-fiches-s17\\\/198504\\\/\",\"name\":\"Les membres du bureau f\u00e9d\u00e9ral seraient fich\u00e9s S17\",\"isPartOf\":{\"@id\":\"https:\\\/\\\/www.webdo.tn\\\/fr\\\/#website\"},\"primaryImageOfPage\":{\"@id\":\"https:\\\/\\\/www.webdo.tn\\\/fr\\\/actualite\\\/sport\\\/exclusif-tous-les-membres-du-bureau-federal-fiches-s17\\\/198504\\\/#primaryimage\"},\"image\":{\"@id\":\"https:\\\/\\\/www.webdo.tn\\\/fr\\\/actualite\\\/sport\\\/exclusif-tous-les-membres-du-bureau-federal-fiches-s17\\\/198504\\\/#primaryimage\"},\"thumbnailUrl\":\"https:\\\/\\\/www.webdo.tn\\\/fr\\\/wp-content\\\/uploads\\\/2022\\\/11\\\/f8bc467961da17ad520d3982a52cf793.jpg\",\"datePublished\":\"2022-11-04T11:31:00+00:00\",\"dateModified\":\"2025-05-14T10:54:00+00:00\",\"description\":\"Webdo a appris, de sources fiables, que tous les membres du bureau f\u00e9d\u00e9ral seraient mis sous la proc\u00e9dure S17.\",\"breadcrumb\":{\"@id\":\"https:\\\/\\\/www.webdo.tn\\\/fr\\\/actualite\\\/sport\\\/exclusif-tous-les-membres-du-bureau-federal-fiches-s17\\\/198504\\\/#breadcrumb\"},\"inLanguage\":\"fr-FR\",\"potentialAction\":[{\"@type\":\"ReadAction\",\"target\":[\"https:\\\/\\\/www.webdo.tn\\\/fr\\\/actualite\\\/sport\\\/exclusif-tous-les-membres-du-bureau-federal-fiches-s17\\\/198504\\\/\"]}]},{\"@type\":\"ImageObject\",\"inLanguage\":\"fr-FR\",\"@id\":\"https:\\\/\\\/www.webdo.tn\\\/fr\\\/actualite\\\/sport\\\/exclusif-tous-les-membres-du-bureau-federal-fiches-s17\\\/198504\\\/#primaryimage\",\"url\":\"https:\\\/\\\/www.webdo.tn\\\/fr\\\/wp-content\\\/uploads\\\/2022\\\/11\\\/f8bc467961da17ad520d3982a52cf793.jpg\",\"contentUrl\":\"https:\\\/\\\/www.webdo.tn\\\/fr\\\/wp-content\\\/uploads\\\/2022\\\/11\\\/f8bc467961da17ad520d3982a52cf793.jpg\",\"width\":750,\"height\":400,\"caption\":\"F\u00e9d\u00e9ration tunisienne de football\"},{\"@type\":\"BreadcrumbList\",\"@id\":\"https:\\\/\\\/www.webdo.tn\\\/fr\\\/actualite\\\/sport\\\/exclusif-tous-les-membres-du-bureau-federal-fiches-s17\\\/198504\\\/#breadcrumb\",\"itemListElement\":[{\"@type\":\"ListItem\",\"position\":1,\"name\":\"Accueil\",\"item\":\"https:\\\/\\\/www.webdo.tn\\\/fr\\\/\"},{\"@type\":\"ListItem\",\"position\":2,\"name\":\"Les membres du bureau f\u00e9d\u00e9ral seraient fich\u00e9s S17\"}]},{\"@type\":\"WebSite\",\"@id\":\"https:\\\/\\\/www.webdo.tn\\\/fr\\\/#website\",\"url\":\"https:\\\/\\\/www.webdo.tn\\\/fr\\\/\",\"name\":\"webdo\",\"description\":\"Tunisie - News en Tunisie et \u00e0 l&#039;international sur Webdo.tn\",\"publisher\":{\"@id\":\"https:\\\/\\\/www.webdo.tn\\\/fr\\\/#organization\"},\"potentialAction\":[{\"@type\":\"SearchAction\",\"target\":{\"@type\":\"EntryPoint\",\"urlTemplate\":\"https:\\\/\\\/www.webdo.tn\\\/fr\\\/?s={search_term_string}\"},\"query-input\":{\"@type\":\"PropertyValueSpecification\",\"valueRequired\":true,\"valueName\":\"search_term_string\"}}],\"inLanguage\":\"fr-FR\"},{\"@type\":\"Organization\",\"@id\":\"https:\\\/\\\/www.webdo.tn\\\/fr\\\/#organization\",\"name\":\"Webdo\",\"alternateName\":\"Webdo.tn\",\"url\":\"https:\\\/\\\/www.webdo.tn\\\/fr\\\/\",\"logo\":{\"@type\":\"ImageObject\",\"inLanguage\":\"fr-FR\",\"@id\":\"https:\\\/\\\/www.webdo.tn\\\/fr\\\/#\\\/schema\\\/logo\\\/image\\\/\",\"url\":\"https:\\\/\\\/www.webdo.tn\\\/fr\\\/wp-content\\\/uploads\\\/2025\\\/06\\\/Webdo-Tunisie_168377.jpg\",\"contentUrl\":\"https:\\\/\\\/www.webdo.tn\\\/fr\\\/wp-content\\\/uploads\\\/2025\\\/06\\\/Webdo-Tunisie_168377.jpg\",\"width\":301,\"height\":301,\"caption\":\"Webdo\"},\"image\":{\"@id\":\"https:\\\/\\\/www.webdo.tn\\\/fr\\\/#\\\/schema\\\/logo\\\/image\\\/\"},\"sameAs\":[\"https:\\\/\\\/www.facebook.com\\\/webdotn\",\"https:\\\/\\\/x.com\\\/webdo_tn\"],\"description\":\"Webdo est un m\u00e9dia num\u00e9rique tunisien fond\u00e9 en 2010, sp\u00e9cialis\u00e9 dans l\u2019actualit\u00e9 nationale et internationale, l\u2019\u00e9conomie, la soci\u00e9t\u00e9 et les analyses politiques. Le site s\u2019adresse \u00e0 un large public francophone et couvre l\u2019information tunisienne en temps r\u00e9el.\",\"email\":\"redac@webdo.tn\",\"legalName\":\"YNJ SARL\",\"foundingDate\":\"2010-09-06\",\"numberOfEmployees\":{\"@type\":\"QuantitativeValue\",\"minValue\":\"11\",\"maxValue\":\"50\"}},{\"@type\":\"Person\",\"@id\":\"https:\\\/\\\/www.webdo.tn\\\/fr\\\/#\\\/schema\\\/person\\\/1f4e491e0907b413d61089e8eb573acc\",\"name\":\"Webdo\",\"image\":{\"@type\":\"ImageObject\",\"inLanguage\":\"fr-FR\",\"@id\":\"https:\\\/\\\/secure.gravatar.com\\\/avatar\\\/de97aeec1bb80978a9dbb127e47dfc88aaacb2f3c29aac907d8d3222e3495d49?s=96&d=mm&r=g\",\"url\":\"https:\\\/\\\/secure.gravatar.com\\\/avatar\\\/de97aeec1bb80978a9dbb127e47dfc88aaacb2f3c29aac907d8d3222e3495d49?s=96&d=mm&r=g\",\"contentUrl\":\"https:\\\/\\\/secure.gravatar.com\\\/avatar\\\/de97aeec1bb80978a9dbb127e47dfc88aaacb2f3c29aac907d8d3222e3495d49?s=96&d=mm&r=g\",\"caption\":\"Webdo\"},\"url\":\"https:\\\/\\\/www.webdo.tn\\\/fr\\\/actualite\\\/author\\\/webdo\\\/\"}]}<\/script>\n<!-- \/ Yoast SEO Premium plugin. -->","yoast_head_json":{"title":"Les membres du bureau f\u00e9d\u00e9ral seraient fich\u00e9s S17","description":"Webdo a appris, de sources fiables, que tous les membres du bureau f\u00e9d\u00e9ral seraient mis sous la proc\u00e9dure S17.","canonical":"https:\/\/www.webdo.tn\/fr\/actualite\/sport\/exclusif-tous-les-membres-du-bureau-federal-fiches-s17\/198504\/","og_locale":"fr_FR","og_type":"article","og_title":"Les membres du bureau f\u00e9d\u00e9ral seraient fich\u00e9s S17","og_description":"Webdo a appris, de sources fiables, que tous les membres du bureau f\u00e9d\u00e9ral seraient mis sous la proc\u00e9dure S17.","og_url":"https:\/\/www.webdo.tn\/fr\/actualite\/sport\/exclusif-tous-les-membres-du-bureau-federal-fiches-s17\/198504\/","og_site_name":"webdo","article_publisher":"https:\/\/www.facebook.com\/webdotn","article_published_time":"2022-11-04T11:31:00+00:00","article_modified_time":"2025-05-14T10:54:00+00:00","og_image":[{"width":750,"height":400,"url":"https:\/\/www.webdo.tn\/fr\/wp-content\/uploads\/2022\/11\/f8bc467961da17ad520d3982a52cf793.jpg","type":"image\/jpeg"}],"author":"Webdo","twitter_card":"summary_large_image","twitter_creator":"@webdo_tn","twitter_site":"@webdo_tn","twitter_misc":{"\u00c9crit par":"Webdo","Dur\u00e9e de lecture estim\u00e9e":"1 minute"},"schema":{"@context":"https:\/\/schema.org","@graph":[{"@type":"NewsArticle","@id":"https:\/\/www.webdo.tn\/fr\/actualite\/sport\/exclusif-tous-les-membres-du-bureau-federal-fiches-s17\/198504\/#article","isPartOf":{"@id":"https:\/\/www.webdo.tn\/fr\/actualite\/sport\/exclusif-tous-les-membres-du-bureau-federal-fiches-s17\/198504\/"},"author":{"name":"Webdo","@id":"https:\/\/www.webdo.tn\/fr\/#\/schema\/person\/1f4e491e0907b413d61089e8eb573acc"},"headline":"Les membres du bureau f\u00e9d\u00e9ral seraient fich\u00e9s S17","datePublished":"2022-11-04T11:31:00+00:00","dateModified":"2025-05-14T10:54:00+00:00","mainEntityOfPage":{"@id":"https:\/\/www.webdo.tn\/fr\/actualite\/sport\/exclusif-tous-les-membres-du-bureau-federal-fiches-s17\/198504\/"},"wordCount":200,"commentCount":0,"publisher":{"@id":"https:\/\/www.webdo.tn\/fr\/#organization"},"image":{"@id":"https:\/\/www.webdo.tn\/fr\/actualite\/sport\/exclusif-tous-les-membres-du-bureau-federal-fiches-s17\/198504\/#primaryimage"},"thumbnailUrl":"https:\/\/www.webdo.tn\/fr\/wp-content\/uploads\/2022\/11\/f8bc467961da17ad520d3982a52cf793.jpg","keywords":["Coupe du Monde","FTF","S17","Wadii jari"],"articleSection":["Sport"],"inLanguage":"fr-FR"},{"@type":"WebPage","@id":"https:\/\/www.webdo.tn\/fr\/actualite\/sport\/exclusif-tous-les-membres-du-bureau-federal-fiches-s17\/198504\/","url":"https:\/\/www.webdo.tn\/fr\/actualite\/sport\/exclusif-tous-les-membres-du-bureau-federal-fiches-s17\/198504\/","name":"Les membres du bureau f\u00e9d\u00e9ral seraient fich\u00e9s S17","isPartOf":{"@id":"https:\/\/www.webdo.tn\/fr\/#website"},"primaryImageOfPage":{"@id":"https:\/\/www.webdo.tn\/fr\/actualite\/sport\/exclusif-tous-les-membres-du-bureau-federal-fiches-s17\/198504\/#primaryimage"},"image":{"@id":"https:\/\/www.webdo.tn\/fr\/actualite\/sport\/exclusif-tous-les-membres-du-bureau-federal-fiches-s17\/198504\/#primaryimage"},"thumbnailUrl":"https:\/\/www.webdo.tn\/fr\/wp-content\/uploads\/2022\/11\/f8bc467961da17ad520d3982a52cf793.jpg","datePublished":"2022-11-04T11:31:00+00:00","dateModified":"2025-05-14T10:54:00+00:00","description":"Webdo a appris, de sources fiables, que tous les membres du bureau f\u00e9d\u00e9ral seraient mis sous la proc\u00e9dure S17.","breadcrumb":{"@id":"https:\/\/www.webdo.tn\/fr\/actualite\/sport\/exclusif-tous-les-membres-du-bureau-federal-fiches-s17\/198504\/#breadcrumb"},"inLanguage":"fr-FR","potentialAction":[{"@type":"ReadAction","target":["https:\/\/www.webdo.tn\/fr\/actualite\/sport\/exclusif-tous-les-membres-du-bureau-federal-fiches-s17\/198504\/"]}]},{"@type":"ImageObject","inLanguage":"fr-FR","@id":"https:\/\/www.webdo.tn\/fr\/actualite\/sport\/exclusif-tous-les-membres-du-bureau-federal-fiches-s17\/198504\/#primaryimage","url":"https:\/\/www.webdo.tn\/fr\/wp-content\/uploads\/2022\/11\/f8bc467961da17ad520d3982a52cf793.jpg","contentUrl":"https:\/\/www.webdo.tn\/fr\/wp-content\/uploads\/2022\/11\/f8bc467961da17ad520d3982a52cf793.jpg","width":750,"height":400,"caption":"F\u00e9d\u00e9ration tunisienne de football"},{"@type":"BreadcrumbList","@id":"https:\/\/www.webdo.tn\/fr\/actualite\/sport\/exclusif-tous-les-membres-du-bureau-federal-fiches-s17\/198504\/#breadcrumb","itemListElement":[{"@type":"ListItem","position":1,"name":"Accueil","item":"https:\/\/www.webdo.tn\/fr\/"},{"@type":"ListItem","position":2,"name":"Les membres du bureau f\u00e9d\u00e9ral seraient fich\u00e9s S17"}]},{"@type":"WebSite","@id":"https:\/\/www.webdo.tn\/fr\/#website","url":"https:\/\/www.webdo.tn\/fr\/","name":"webdo","description":"Tunisie - News en Tunisie et \u00e0 l&#039;international sur Webdo.tn","publisher":{"@id":"https:\/\/www.webdo.tn\/fr\/#organization"},"potentialAction":[{"@type":"SearchAction","target":{"@type":"EntryPoint","urlTemplate":"https:\/\/www.webdo.tn\/fr\/?s={search_term_string}"},"query-input":{"@type":"PropertyValueSpecification","valueRequired":true,"valueName":"search_term_string"}}],"inLanguage":"fr-FR"},{"@type":"Organization","@id":"https:\/\/www.webdo.tn\/fr\/#organization","name":"Webdo","alternateName":"Webdo.tn","url":"https:\/\/www.webdo.tn\/fr\/","logo":{"@type":"ImageObject","inLanguage":"fr-FR","@id":"https:\/\/www.webdo.tn\/fr\/#\/schema\/logo\/image\/","url":"https:\/\/www.webdo.tn\/fr\/wp-content\/uploads\/2025\/06\/Webdo-Tunisie_168377.jpg","contentUrl":"https:\/\/www.webdo.tn\/fr\/wp-content\/uploads\/2025\/06\/Webdo-Tunisie_168377.jpg","width":301,"height":301,"caption":"Webdo"},"image":{"@id":"https:\/\/www.webdo.tn\/fr\/#\/schema\/logo\/image\/"},"sameAs":["https:\/\/www.facebook.com\/webdotn","https:\/\/x.com\/webdo_tn"],"description":"Webdo est un m\u00e9dia num\u00e9rique tunisien fond\u00e9 en 2010, sp\u00e9cialis\u00e9 dans l\u2019actualit\u00e9 nationale et internationale, l\u2019\u00e9conomie, la soci\u00e9t\u00e9 et les analyses politiques. Le site s\u2019adresse \u00e0 un large public francophone et couvre l\u2019information tunisienne en temps r\u00e9el.","email":"redac@webdo.tn","legalName":"YNJ SARL","foundingDate":"2010-09-06","numberOfEmployees":{"@type":"QuantitativeValue","minValue":"11","maxValue":"50"}},{"@type":"Person","@id":"https:\/\/www.webdo.tn\/fr\/#\/schema\/person\/1f4e491e0907b413d61089e8eb573acc","name":"Webdo","image":{"@type":"ImageObject","inLanguage":"fr-FR","@id":"https:\/\/secure.gravatar.com\/avatar\/de97aeec1bb80978a9dbb127e47dfc88aaacb2f3c29aac907d8d3222e3495d49?s=96&d=mm&r=g","url":"https:\/\/secure.gravatar.com\/avatar\/de97aeec1bb80978a9dbb127e47dfc88aaacb2f3c29aac907d8d3222e3495d49?s=96&d=mm&r=g","contentUrl":"https:\/\/secure.gravatar.com\/avatar\/de97aeec1bb80978a9dbb127e47dfc88aaacb2f3c29aac907d8d3222e3495d49?s=96&d=mm&r=g","caption":"Webdo"},"url":"https:\/\/www.webdo.tn\/fr\/actualite\/author\/webdo\/"}]}},"_links":{"self":[{"href":"https:\/\/www.webdo.tn\/fr\/wp-json\/wp\/v2\/posts\/198504","targetHints":{"allow":["GET"]}}],"collection":[{"href":"https:\/\/www.webdo.tn\/fr\/wp-json\/wp\/v2\/posts"}],"about":[{"href":"https:\/\/www.webdo.tn\/fr\/wp-json\/wp\/v2\/types\/post"}],"author":[{"embeddable":true,"href":"https:\/\/www.webdo.tn\/fr\/wp-json\/wp\/v2\/users\/3169"}],"replies":[{"embeddable":true,"href":"https:\/\/www.webdo.tn\/fr\/wp-json\/wp\/v2\/comments?post=198504"}],"version-history":[{"count":0,"href":"https:\/\/www.webdo.tn\/fr\/wp-json\/wp\/v2\/posts\/198504\/revisions"}],"wp:featuredmedia":[{"embeddable":true,"href":"https:\/\/www.webdo.tn\/fr\/wp-json\/wp\/v2\/media\/253349"}],"wp:attachment":[{"href":"https:\/\/www.webdo.tn\/fr\/wp-json\/wp\/v2\/media?parent=198504"}],"wp:term":[{"taxonomy":"category","embeddable":true,"href":"https:\/\/www.webdo.tn\/fr\/wp-json\/wp\/v2\/categories?post=198504"},{"taxonomy":"post_tag","embeddable":true,"href":"https:\/\/www.webdo.tn\/fr\/wp-json\/wp\/v2\/tags?post=198504"}],"curies":[{"name":"wp","href":"https:\/\/api.w.org\/{rel}","templated":true}]}}