{"id":198501,"date":"2022-11-04T11:13:00","date_gmt":"2022-11-04T11:13:00","guid":{"rendered":"https:\/\/www.webdo.tn\/fr\/blog\/justice-ou-chaos-la-grogne-des-clubistes\/198501\/"},"modified":"2025-05-20T22:47:09","modified_gmt":"2025-05-20T22:47:09","slug":"justice-ou-chaos-la-grogne-des-clubistes","status":"publish","type":"post","link":"https:\/\/www.webdo.tn\/fr\/actualite\/sport\/justice-ou-chaos-la-grogne-des-clubistes\/198501\/","title":{"rendered":"\u00ab Justice ou chaos \u00bb, la grogne des Clubistes !"},"content":{"rendered":"<p>L\u2019affaire Omar Laabidi prend une nouvelle ampleur avec l\u2019annonce du verdict contre les policiers condamn\u00e9s. Alors que la Justice rejette toute pression dans cette affaire, les supporters clubistes font craindre le pire : renforcer l\u2019impunit\u00e9 en Tunisie.<\/p>\n<p>\t\t\t\t\t\t\t\t\tDeux ans de prison contre douze policiers impliqu\u00e9s dans le d\u00e9c\u00e8s du jeune supporter clubiste il y a plus de quatre ans et demi \u00e0 Rad\u00e8s et condamn\u00e9s pour homicide involontaire.<\/p>\n<p>Ce verdict fait grand bruit sur les r\u00e9seaux sociaux et certains mettent en garde contre un d\u00e9rapage puisque selon les supporters clubistes, cette condamnation pourrait renforcer le risque d\u2019impunit\u00e9 en Tunisie.<\/p>\n<p>Un constat partag\u00e9 par les supporters de plusieurs autres \u00e9quipes. D\u2019ailleurs, sur Facebook, un hashtag a \u00e9t\u00e9 partag\u00e9 comme une train\u00e9e de poudre : Justice ou chaos, mettent en garde les supporters clubistes. Dans ce sens, les fondateurs de la campagne \u00ab T3alem 3oum \u00bb (apprends \u00e0 nager) ont d\u00e9cid\u00e9 de faire appel contre ce verdict et promettent de nouvelles r\u00e9v\u00e9lations.<\/p>\n<p>L&rsquo;avocat Toumi Ben Farhat, du Comit\u00e9 de d\u00e9fense d\u2019Omar Laabidi a expliqu\u00e9 cette d\u00e9cision par le fait que les s\u00e9curitaires condamn\u00e9s ont \u00e9t\u00e9 accus\u00e9s d&rsquo;homicide involontaire alors que le Comit\u00e9 avait appel\u00e9 \u00e0 les juger pour\u00a0 non-assistance \u00e0 personne en danger, pr\u00e9cisant que la peine dans ce cas pourrait aller jusqu&rsquo;\u00e0 5 ans de prison.<\/p>\n<p>Hier, la Chambre criminelle aupr\u00e8s du Tribunal de Ben Arous a condamn\u00e9 \u00e0 deux ans de prison, douze s\u00e9curitaires, impliqu\u00e9s dans la mort du supporter du Club africain pour homicide involontaire alors qu\u2019un un non-lieu a \u00e9t\u00e9 prononc\u00e9 en faveur de deux autres pr\u00e9venus.<\/p>\n<p>Apr\u00e8s quatre audiences d\u00e9j\u00e0 report\u00e9es, le Tribunal de premi\u00e8re instance de Ben Arous avait tenu une cinqui\u00e8me audience, le 20 octobre dernier. Quatorze agents de s\u00e9curit\u00e9, absents des audiences pr\u00e9c\u00e9dentes, avaient comparu, en \u00e9tat de libert\u00e9, lors de cette audition.<\/p>\n<p>La Chambre criminelle avait alors d\u00e9cid\u00e9 de reporter le verdict dans cette affaire, au 3 novembre 2022. Ces 14 agents de s\u00e9curit\u00e9 sont accus\u00e9s d\u2019homicide involontaire et de non-assistance \u00e0 personne en danger dans l\u2019affaire de la noyade du jeune Omar Laabidi.<\/p>\n<p>Omar Laabidi est d\u00e9c\u00e9d\u00e9 le 31 mars 2018 \u00e0 l\u2019\u00e2ge de 19 ans \u00e0 l\u2019issue de la rencontre de Ligue 1 ayant oppos\u00e9 le Club Africain \u00e0 l\u2019Olympique de M\u00e9denine \u00e0 Rades et a \u00e9t\u00e9 rep\u00each\u00e9 le lendemain du oued Meliane.<\/p>\n<p>Il \u00e9tait tomb\u00e9 dans l\u2019oued suite \u00e0 une bagarre entre deux groupes de supporters dans les gradins en tentant de fuir les forces de l\u2019ordre qui sont intervenues pour s\u00e9parer les deux groupes bellig\u00e9rants et les ont pourchass\u00e9s jusqu\u2019\u00e0 l\u2019ext\u00e9rieur du stade.<\/p>\n","protected":false},"excerpt":{"rendered":"<p>L\u2019affaire Omar Laabidi prend une nouvelle ampleur avec l\u2019annonce du verdict contre les policiers condamn\u00e9s. Alors que la Justice rejette toute pression dans cet&#8230;<\/p>\n","protected":false},"author":3175,"featured_media":253352,"comment_status":"open","ping_status":"closed","sticky":false,"template":"","format":"standard","meta":{"footnotes":""},"categories":[2593],"tags":[5322,6213,2608],"class_list":["post-198501","post","type-post","status-publish","format-standard","has-post-thumbnail","hentry","category-sport","tag-affaire","tag-omar-laabidi","tag-tunisie"],"yoast_head":"<!-- This site is optimized with the Yoast SEO Premium plugin v27.5 (Yoast SEO v27.5) - https:\/\/yoast.com\/product\/yoast-seo-premium-wordpress\/ -->\n<title>\u00ab Justice ou chaos \u00bb, la grogne des Clubistes !<\/title>\n<meta name=\"description\" content=\"L\u2019affaire Omar Laabidi prend une nouvelle ampleur avec l\u2019annonce du verdict contre les policiers condamn\u00e9s. Alors que la Justice rejette toute pression dans cet...\" \/>\n<link rel=\"canonical\" href=\"https:\/\/www.webdo.tn\/fr\/actualite\/sport\/justice-ou-chaos-la-grogne-des-clubistes\/198501\/\" \/>\n<meta property=\"og:locale\" content=\"fr_FR\" \/>\n<meta property=\"og:type\" content=\"article\" \/>\n<meta property=\"og:title\" content=\"\u00ab Justice ou chaos \u00bb, la grogne des Clubistes !\" \/>\n<meta property=\"og:description\" content=\"L\u2019affaire Omar Laabidi prend une nouvelle ampleur avec l\u2019annonce du verdict contre les policiers condamn\u00e9s. Alors que la Justice rejette toute pression dans cet...\" \/>\n<meta property=\"og:url\" content=\"https:\/\/www.webdo.tn\/fr\/actualite\/sport\/justice-ou-chaos-la-grogne-des-clubistes\/198501\/\" \/>\n<meta property=\"og:site_name\" content=\"webdo\" \/>\n<meta property=\"article:publisher\" content=\"https:\/\/www.facebook.com\/webdotn\" \/>\n<meta property=\"article:published_time\" content=\"2022-11-04T11:13:00+00:00\" \/>\n<meta property=\"article:modified_time\" content=\"2025-05-20T22:47:09+00:00\" \/>\n<meta property=\"og:image\" content=\"https:\/\/www.webdo.tn\/fr\/wp-content\/uploads\/2022\/11\/404c78ba8b38114093e47c48ebabaecb.png\" \/>\n\t<meta property=\"og:image:width\" content=\"750\" \/>\n\t<meta property=\"og:image:height\" content=\"400\" \/>\n\t<meta property=\"og:image:type\" content=\"image\/png\" \/>\n<meta name=\"author\" content=\"CL\" \/>\n<meta name=\"twitter:card\" content=\"summary_large_image\" \/>\n<meta name=\"twitter:creator\" content=\"@webdo_tn\" \/>\n<meta name=\"twitter:site\" content=\"@webdo_tn\" \/>\n<meta name=\"twitter:label1\" content=\"\u00c9crit par\" \/>\n\t<meta name=\"twitter:data1\" content=\"CL\" \/>\n\t<meta name=\"twitter:label2\" content=\"Dur\u00e9e de lecture estim\u00e9e\" \/>\n\t<meta name=\"twitter:data2\" content=\"2 minutes\" \/>\n<script type=\"application\/ld+json\" class=\"yoast-schema-graph\">{\"@context\":\"https:\\\/\\\/schema.org\",\"@graph\":[{\"@type\":\"NewsArticle\",\"@id\":\"https:\\\/\\\/www.webdo.tn\\\/fr\\\/actualite\\\/sport\\\/justice-ou-chaos-la-grogne-des-clubistes\\\/198501\\\/#article\",\"isPartOf\":{\"@id\":\"https:\\\/\\\/www.webdo.tn\\\/fr\\\/actualite\\\/sport\\\/justice-ou-chaos-la-grogne-des-clubistes\\\/198501\\\/\"},\"author\":{\"name\":\"CL\",\"@id\":\"https:\\\/\\\/www.webdo.tn\\\/fr\\\/#\\\/schema\\\/person\\\/f35b42a42c5e2511bbd282959d6385cc\"},\"headline\":\"\u00ab Justice ou chaos \u00bb, la grogne des Clubistes !\",\"datePublished\":\"2022-11-04T11:13:00+00:00\",\"dateModified\":\"2025-05-20T22:47:09+00:00\",\"mainEntityOfPage\":{\"@id\":\"https:\\\/\\\/www.webdo.tn\\\/fr\\\/actualite\\\/sport\\\/justice-ou-chaos-la-grogne-des-clubistes\\\/198501\\\/\"},\"wordCount\":466,\"commentCount\":0,\"publisher\":{\"@id\":\"https:\\\/\\\/www.webdo.tn\\\/fr\\\/#organization\"},\"image\":{\"@id\":\"https:\\\/\\\/www.webdo.tn\\\/fr\\\/actualite\\\/sport\\\/justice-ou-chaos-la-grogne-des-clubistes\\\/198501\\\/#primaryimage\"},\"thumbnailUrl\":\"https:\\\/\\\/www.webdo.tn\\\/fr\\\/wp-content\\\/uploads\\\/2022\\\/11\\\/404c78ba8b38114093e47c48ebabaecb.png\",\"keywords\":[\"Affaire\",\"omar laabidi\",\"Tunisie\"],\"articleSection\":[\"Sport\"],\"inLanguage\":\"fr-FR\"},{\"@type\":\"WebPage\",\"@id\":\"https:\\\/\\\/www.webdo.tn\\\/fr\\\/actualite\\\/sport\\\/justice-ou-chaos-la-grogne-des-clubistes\\\/198501\\\/\",\"url\":\"https:\\\/\\\/www.webdo.tn\\\/fr\\\/actualite\\\/sport\\\/justice-ou-chaos-la-grogne-des-clubistes\\\/198501\\\/\",\"name\":\"\u00ab Justice ou chaos \u00bb, la grogne des Clubistes !\",\"isPartOf\":{\"@id\":\"https:\\\/\\\/www.webdo.tn\\\/fr\\\/#website\"},\"primaryImageOfPage\":{\"@id\":\"https:\\\/\\\/www.webdo.tn\\\/fr\\\/actualite\\\/sport\\\/justice-ou-chaos-la-grogne-des-clubistes\\\/198501\\\/#primaryimage\"},\"image\":{\"@id\":\"https:\\\/\\\/www.webdo.tn\\\/fr\\\/actualite\\\/sport\\\/justice-ou-chaos-la-grogne-des-clubistes\\\/198501\\\/#primaryimage\"},\"thumbnailUrl\":\"https:\\\/\\\/www.webdo.tn\\\/fr\\\/wp-content\\\/uploads\\\/2022\\\/11\\\/404c78ba8b38114093e47c48ebabaecb.png\",\"datePublished\":\"2022-11-04T11:13:00+00:00\",\"dateModified\":\"2025-05-20T22:47:09+00:00\",\"description\":\"L\u2019affaire Omar Laabidi prend une nouvelle ampleur avec l\u2019annonce du verdict contre les policiers condamn\u00e9s. Alors que la Justice rejette toute pression dans cet...\",\"breadcrumb\":{\"@id\":\"https:\\\/\\\/www.webdo.tn\\\/fr\\\/actualite\\\/sport\\\/justice-ou-chaos-la-grogne-des-clubistes\\\/198501\\\/#breadcrumb\"},\"inLanguage\":\"fr-FR\",\"potentialAction\":[{\"@type\":\"ReadAction\",\"target\":[\"https:\\\/\\\/www.webdo.tn\\\/fr\\\/actualite\\\/sport\\\/justice-ou-chaos-la-grogne-des-clubistes\\\/198501\\\/\"]}]},{\"@type\":\"ImageObject\",\"inLanguage\":\"fr-FR\",\"@id\":\"https:\\\/\\\/www.webdo.tn\\\/fr\\\/actualite\\\/sport\\\/justice-ou-chaos-la-grogne-des-clubistes\\\/198501\\\/#primaryimage\",\"url\":\"https:\\\/\\\/www.webdo.tn\\\/fr\\\/wp-content\\\/uploads\\\/2022\\\/11\\\/404c78ba8b38114093e47c48ebabaecb.png\",\"contentUrl\":\"https:\\\/\\\/www.webdo.tn\\\/fr\\\/wp-content\\\/uploads\\\/2022\\\/11\\\/404c78ba8b38114093e47c48ebabaecb.png\",\"width\":750,\"height\":400,\"caption\":\"Graffitti Club Africain Omar Laabidi\"},{\"@type\":\"BreadcrumbList\",\"@id\":\"https:\\\/\\\/www.webdo.tn\\\/fr\\\/actualite\\\/sport\\\/justice-ou-chaos-la-grogne-des-clubistes\\\/198501\\\/#breadcrumb\",\"itemListElement\":[{\"@type\":\"ListItem\",\"position\":1,\"name\":\"Accueil\",\"item\":\"https:\\\/\\\/www.webdo.tn\\\/fr\\\/\"},{\"@type\":\"ListItem\",\"position\":2,\"name\":\"\u00ab Justice ou chaos \u00bb, la grogne des Clubistes !\"}]},{\"@type\":\"WebSite\",\"@id\":\"https:\\\/\\\/www.webdo.tn\\\/fr\\\/#website\",\"url\":\"https:\\\/\\\/www.webdo.tn\\\/fr\\\/\",\"name\":\"webdo\",\"description\":\"Tunisie - News en Tunisie et \u00e0 l&#039;international sur Webdo.tn\",\"publisher\":{\"@id\":\"https:\\\/\\\/www.webdo.tn\\\/fr\\\/#organization\"},\"potentialAction\":[{\"@type\":\"SearchAction\",\"target\":{\"@type\":\"EntryPoint\",\"urlTemplate\":\"https:\\\/\\\/www.webdo.tn\\\/fr\\\/?s={search_term_string}\"},\"query-input\":{\"@type\":\"PropertyValueSpecification\",\"valueRequired\":true,\"valueName\":\"search_term_string\"}}],\"inLanguage\":\"fr-FR\"},{\"@type\":\"Organization\",\"@id\":\"https:\\\/\\\/www.webdo.tn\\\/fr\\\/#organization\",\"name\":\"Webdo\",\"alternateName\":\"Webdo.tn\",\"url\":\"https:\\\/\\\/www.webdo.tn\\\/fr\\\/\",\"logo\":{\"@type\":\"ImageObject\",\"inLanguage\":\"fr-FR\",\"@id\":\"https:\\\/\\\/www.webdo.tn\\\/fr\\\/#\\\/schema\\\/logo\\\/image\\\/\",\"url\":\"https:\\\/\\\/www.webdo.tn\\\/fr\\\/wp-content\\\/uploads\\\/2025\\\/06\\\/Webdo-Tunisie_168377.jpg\",\"contentUrl\":\"https:\\\/\\\/www.webdo.tn\\\/fr\\\/wp-content\\\/uploads\\\/2025\\\/06\\\/Webdo-Tunisie_168377.jpg\",\"width\":301,\"height\":301,\"caption\":\"Webdo\"},\"image\":{\"@id\":\"https:\\\/\\\/www.webdo.tn\\\/fr\\\/#\\\/schema\\\/logo\\\/image\\\/\"},\"sameAs\":[\"https:\\\/\\\/www.facebook.com\\\/webdotn\",\"https:\\\/\\\/x.com\\\/webdo_tn\"],\"description\":\"Webdo est un m\u00e9dia num\u00e9rique tunisien fond\u00e9 en 2010, sp\u00e9cialis\u00e9 dans l\u2019actualit\u00e9 nationale et internationale, l\u2019\u00e9conomie, la soci\u00e9t\u00e9 et les analyses politiques. Le site s\u2019adresse \u00e0 un large public francophone et couvre l\u2019information tunisienne en temps r\u00e9el.\",\"email\":\"redac@webdo.tn\",\"legalName\":\"YNJ SARL\",\"foundingDate\":\"2010-09-06\",\"numberOfEmployees\":{\"@type\":\"QuantitativeValue\",\"minValue\":\"11\",\"maxValue\":\"50\"}},{\"@type\":\"Person\",\"@id\":\"https:\\\/\\\/www.webdo.tn\\\/fr\\\/#\\\/schema\\\/person\\\/f35b42a42c5e2511bbd282959d6385cc\",\"name\":\"CL\",\"image\":{\"@type\":\"ImageObject\",\"inLanguage\":\"fr-FR\",\"@id\":\"https:\\\/\\\/secure.gravatar.com\\\/avatar\\\/1447a49909b67aa657c488aec6512e1dd6143a480c1ecfee9b5b5cd74eb3b59e?s=96&d=mm&r=g\",\"url\":\"https:\\\/\\\/secure.gravatar.com\\\/avatar\\\/1447a49909b67aa657c488aec6512e1dd6143a480c1ecfee9b5b5cd74eb3b59e?s=96&d=mm&r=g\",\"contentUrl\":\"https:\\\/\\\/secure.gravatar.com\\\/avatar\\\/1447a49909b67aa657c488aec6512e1dd6143a480c1ecfee9b5b5cd74eb3b59e?s=96&d=mm&r=g\",\"caption\":\"CL\"},\"url\":\"https:\\\/\\\/www.webdo.tn\\\/fr\\\/actualite\\\/author\\\/cl\\\/\"}]}<\/script>\n<!-- \/ Yoast SEO Premium plugin. -->","yoast_head_json":{"title":"\u00ab Justice ou chaos \u00bb, la grogne des Clubistes !","description":"L\u2019affaire Omar Laabidi prend une nouvelle ampleur avec l\u2019annonce du verdict contre les policiers condamn\u00e9s. Alors que la Justice rejette toute pression dans cet...","canonical":"https:\/\/www.webdo.tn\/fr\/actualite\/sport\/justice-ou-chaos-la-grogne-des-clubistes\/198501\/","og_locale":"fr_FR","og_type":"article","og_title":"\u00ab Justice ou chaos \u00bb, la grogne des Clubistes !","og_description":"L\u2019affaire Omar Laabidi prend une nouvelle ampleur avec l\u2019annonce du verdict contre les policiers condamn\u00e9s. Alors que la Justice rejette toute pression dans cet...","og_url":"https:\/\/www.webdo.tn\/fr\/actualite\/sport\/justice-ou-chaos-la-grogne-des-clubistes\/198501\/","og_site_name":"webdo","article_publisher":"https:\/\/www.facebook.com\/webdotn","article_published_time":"2022-11-04T11:13:00+00:00","article_modified_time":"2025-05-20T22:47:09+00:00","og_image":[{"width":750,"height":400,"url":"https:\/\/www.webdo.tn\/fr\/wp-content\/uploads\/2022\/11\/404c78ba8b38114093e47c48ebabaecb.png","type":"image\/png"}],"author":"CL","twitter_card":"summary_large_image","twitter_creator":"@webdo_tn","twitter_site":"@webdo_tn","twitter_misc":{"\u00c9crit par":"CL","Dur\u00e9e de lecture estim\u00e9e":"2 minutes"},"schema":{"@context":"https:\/\/schema.org","@graph":[{"@type":"NewsArticle","@id":"https:\/\/www.webdo.tn\/fr\/actualite\/sport\/justice-ou-chaos-la-grogne-des-clubistes\/198501\/#article","isPartOf":{"@id":"https:\/\/www.webdo.tn\/fr\/actualite\/sport\/justice-ou-chaos-la-grogne-des-clubistes\/198501\/"},"author":{"name":"CL","@id":"https:\/\/www.webdo.tn\/fr\/#\/schema\/person\/f35b42a42c5e2511bbd282959d6385cc"},"headline":"\u00ab Justice ou chaos \u00bb, la grogne des Clubistes !","datePublished":"2022-11-04T11:13:00+00:00","dateModified":"2025-05-20T22:47:09+00:00","mainEntityOfPage":{"@id":"https:\/\/www.webdo.tn\/fr\/actualite\/sport\/justice-ou-chaos-la-grogne-des-clubistes\/198501\/"},"wordCount":466,"commentCount":0,"publisher":{"@id":"https:\/\/www.webdo.tn\/fr\/#organization"},"image":{"@id":"https:\/\/www.webdo.tn\/fr\/actualite\/sport\/justice-ou-chaos-la-grogne-des-clubistes\/198501\/#primaryimage"},"thumbnailUrl":"https:\/\/www.webdo.tn\/fr\/wp-content\/uploads\/2022\/11\/404c78ba8b38114093e47c48ebabaecb.png","keywords":["Affaire","omar laabidi","Tunisie"],"articleSection":["Sport"],"inLanguage":"fr-FR"},{"@type":"WebPage","@id":"https:\/\/www.webdo.tn\/fr\/actualite\/sport\/justice-ou-chaos-la-grogne-des-clubistes\/198501\/","url":"https:\/\/www.webdo.tn\/fr\/actualite\/sport\/justice-ou-chaos-la-grogne-des-clubistes\/198501\/","name":"\u00ab Justice ou chaos \u00bb, la grogne des Clubistes !","isPartOf":{"@id":"https:\/\/www.webdo.tn\/fr\/#website"},"primaryImageOfPage":{"@id":"https:\/\/www.webdo.tn\/fr\/actualite\/sport\/justice-ou-chaos-la-grogne-des-clubistes\/198501\/#primaryimage"},"image":{"@id":"https:\/\/www.webdo.tn\/fr\/actualite\/sport\/justice-ou-chaos-la-grogne-des-clubistes\/198501\/#primaryimage"},"thumbnailUrl":"https:\/\/www.webdo.tn\/fr\/wp-content\/uploads\/2022\/11\/404c78ba8b38114093e47c48ebabaecb.png","datePublished":"2022-11-04T11:13:00+00:00","dateModified":"2025-05-20T22:47:09+00:00","description":"L\u2019affaire Omar Laabidi prend une nouvelle ampleur avec l\u2019annonce du verdict contre les policiers condamn\u00e9s. Alors que la Justice rejette toute pression dans cet...","breadcrumb":{"@id":"https:\/\/www.webdo.tn\/fr\/actualite\/sport\/justice-ou-chaos-la-grogne-des-clubistes\/198501\/#breadcrumb"},"inLanguage":"fr-FR","potentialAction":[{"@type":"ReadAction","target":["https:\/\/www.webdo.tn\/fr\/actualite\/sport\/justice-ou-chaos-la-grogne-des-clubistes\/198501\/"]}]},{"@type":"ImageObject","inLanguage":"fr-FR","@id":"https:\/\/www.webdo.tn\/fr\/actualite\/sport\/justice-ou-chaos-la-grogne-des-clubistes\/198501\/#primaryimage","url":"https:\/\/www.webdo.tn\/fr\/wp-content\/uploads\/2022\/11\/404c78ba8b38114093e47c48ebabaecb.png","contentUrl":"https:\/\/www.webdo.tn\/fr\/wp-content\/uploads\/2022\/11\/404c78ba8b38114093e47c48ebabaecb.png","width":750,"height":400,"caption":"Graffitti Club Africain Omar Laabidi"},{"@type":"BreadcrumbList","@id":"https:\/\/www.webdo.tn\/fr\/actualite\/sport\/justice-ou-chaos-la-grogne-des-clubistes\/198501\/#breadcrumb","itemListElement":[{"@type":"ListItem","position":1,"name":"Accueil","item":"https:\/\/www.webdo.tn\/fr\/"},{"@type":"ListItem","position":2,"name":"\u00ab Justice ou chaos \u00bb, la grogne des Clubistes !"}]},{"@type":"WebSite","@id":"https:\/\/www.webdo.tn\/fr\/#website","url":"https:\/\/www.webdo.tn\/fr\/","name":"webdo","description":"Tunisie - News en Tunisie et \u00e0 l&#039;international sur Webdo.tn","publisher":{"@id":"https:\/\/www.webdo.tn\/fr\/#organization"},"potentialAction":[{"@type":"SearchAction","target":{"@type":"EntryPoint","urlTemplate":"https:\/\/www.webdo.tn\/fr\/?s={search_term_string}"},"query-input":{"@type":"PropertyValueSpecification","valueRequired":true,"valueName":"search_term_string"}}],"inLanguage":"fr-FR"},{"@type":"Organization","@id":"https:\/\/www.webdo.tn\/fr\/#organization","name":"Webdo","alternateName":"Webdo.tn","url":"https:\/\/www.webdo.tn\/fr\/","logo":{"@type":"ImageObject","inLanguage":"fr-FR","@id":"https:\/\/www.webdo.tn\/fr\/#\/schema\/logo\/image\/","url":"https:\/\/www.webdo.tn\/fr\/wp-content\/uploads\/2025\/06\/Webdo-Tunisie_168377.jpg","contentUrl":"https:\/\/www.webdo.tn\/fr\/wp-content\/uploads\/2025\/06\/Webdo-Tunisie_168377.jpg","width":301,"height":301,"caption":"Webdo"},"image":{"@id":"https:\/\/www.webdo.tn\/fr\/#\/schema\/logo\/image\/"},"sameAs":["https:\/\/www.facebook.com\/webdotn","https:\/\/x.com\/webdo_tn"],"description":"Webdo est un m\u00e9dia num\u00e9rique tunisien fond\u00e9 en 2010, sp\u00e9cialis\u00e9 dans l\u2019actualit\u00e9 nationale et internationale, l\u2019\u00e9conomie, la soci\u00e9t\u00e9 et les analyses politiques. Le site s\u2019adresse \u00e0 un large public francophone et couvre l\u2019information tunisienne en temps r\u00e9el.","email":"redac@webdo.tn","legalName":"YNJ SARL","foundingDate":"2010-09-06","numberOfEmployees":{"@type":"QuantitativeValue","minValue":"11","maxValue":"50"}},{"@type":"Person","@id":"https:\/\/www.webdo.tn\/fr\/#\/schema\/person\/f35b42a42c5e2511bbd282959d6385cc","name":"CL","image":{"@type":"ImageObject","inLanguage":"fr-FR","@id":"https:\/\/secure.gravatar.com\/avatar\/1447a49909b67aa657c488aec6512e1dd6143a480c1ecfee9b5b5cd74eb3b59e?s=96&d=mm&r=g","url":"https:\/\/secure.gravatar.com\/avatar\/1447a49909b67aa657c488aec6512e1dd6143a480c1ecfee9b5b5cd74eb3b59e?s=96&d=mm&r=g","contentUrl":"https:\/\/secure.gravatar.com\/avatar\/1447a49909b67aa657c488aec6512e1dd6143a480c1ecfee9b5b5cd74eb3b59e?s=96&d=mm&r=g","caption":"CL"},"url":"https:\/\/www.webdo.tn\/fr\/actualite\/author\/cl\/"}]}},"_links":{"self":[{"href":"https:\/\/www.webdo.tn\/fr\/wp-json\/wp\/v2\/posts\/198501","targetHints":{"allow":["GET"]}}],"collection":[{"href":"https:\/\/www.webdo.tn\/fr\/wp-json\/wp\/v2\/posts"}],"about":[{"href":"https:\/\/www.webdo.tn\/fr\/wp-json\/wp\/v2\/types\/post"}],"author":[{"embeddable":true,"href":"https:\/\/www.webdo.tn\/fr\/wp-json\/wp\/v2\/users\/3175"}],"replies":[{"embeddable":true,"href":"https:\/\/www.webdo.tn\/fr\/wp-json\/wp\/v2\/comments?post=198501"}],"version-history":[{"count":0,"href":"https:\/\/www.webdo.tn\/fr\/wp-json\/wp\/v2\/posts\/198501\/revisions"}],"wp:featuredmedia":[{"embeddable":true,"href":"https:\/\/www.webdo.tn\/fr\/wp-json\/wp\/v2\/media\/253352"}],"wp:attachment":[{"href":"https:\/\/www.webdo.tn\/fr\/wp-json\/wp\/v2\/media?parent=198501"}],"wp:term":[{"taxonomy":"category","embeddable":true,"href":"https:\/\/www.webdo.tn\/fr\/wp-json\/wp\/v2\/categories?post=198501"},{"taxonomy":"post_tag","embeddable":true,"href":"https:\/\/www.webdo.tn\/fr\/wp-json\/wp\/v2\/tags?post=198501"}],"curies":[{"name":"wp","href":"https:\/\/api.w.org\/{rel}","templated":true}]}}