{"id":198500,"date":"2022-11-04T10:58:00","date_gmt":"2022-11-04T10:58:00","guid":{"rendered":"https:\/\/www.webdo.tn\/fr\/blog\/quatre-mandat-d-amener-contre-wadii-jari\/198500\/"},"modified":"2025-05-14T10:53:59","modified_gmt":"2025-05-14T10:53:59","slug":"quatre-mandat-d-amener-contre-wadii-jari","status":"publish","type":"post","link":"https:\/\/www.webdo.tn\/fr\/actualite\/sport\/quatre-mandat-d-amener-contre-wadii-jari\/198500\/","title":{"rendered":"Quatre mandats d\u2019amener contre Wadii Jari"},"content":{"rendered":"<p>L\u2019avocate Wafa Chedly a affirm\u00e9 que quatre mandats d\u2019amener ont \u00e9t\u00e9 \u00e9mis \u00e0 l\u2019encontre du pr\u00e9sident de la F\u00e9d\u00e9ration tunisienne de football (FTF), Wadii jari.<\/p>\n<p>\t\t\t\t\t\t\t\t\tElle a fait savoir, dans une d\u00e9claration \u00e0 Jawhara fm, ce vendredi 4 novembre 2022, que c\u2019est le juge d&rsquo;instruction du p\u00f4le judiciaire et financier qui a \u00e9mis les mandats d\u2018amener contre Wadii Jari, suite aux instructions de la ministre de la Justice.<\/p>\n<p>Des sources bien plac\u00e9es nous ont confi\u00e9 que deux mandats d\u2019amener sont relatifs \u00e0 un dossier concernant Wadii Jari et la Poste tunisienne, alors qu\u2019un autre mandat concerne une plainte d\u00e9pos\u00e9 par le Croissant Sportif Chebbien.<\/p>\n","protected":false},"excerpt":{"rendered":"<p>L\u2019avocate Wafa Chedly a affirm\u00e9 que quatre mandats d\u2019amener ont \u00e9t\u00e9 \u00e9mis \u00e0 l\u2019encontre du pr\u00e9sident de la F\u00e9d\u00e9ration tunisienne de football (FTF), Wadii jari.<\/p>\n","protected":false},"author":3169,"featured_media":253348,"comment_status":"open","ping_status":"closed","sticky":false,"template":"","format":"standard","meta":{"footnotes":""},"categories":[2593],"tags":[9052,7943,7680],"class_list":["post-198500","post","type-post","status-publish","format-standard","has-post-thumbnail","hentry","category-sport","tag-ftt","tag-mandat-damener","tag-wadii-jari"],"yoast_head":"<!-- This site is optimized with the Yoast SEO Premium plugin v27.5 (Yoast SEO v27.5) - https:\/\/yoast.com\/product\/yoast-seo-premium-wordpress\/ -->\n<title>Quatre mandats d\u2019amener contre Wadii Jari<\/title>\n<meta name=\"description\" content=\"L\u2019avocate Wafa Chedly a affirm\u00e9 que quatre mandats d\u2019amener ont \u00e9t\u00e9 \u00e9mis \u00e0 l\u2019encontre du pr\u00e9sident de la F\u00e9d\u00e9ration tunisienne de football (FTF), Wadii jari.\" \/>\n<link rel=\"canonical\" href=\"https:\/\/www.webdo.tn\/fr\/actualite\/sport\/quatre-mandat-d-amener-contre-wadii-jari\/198500\/\" \/>\n<meta property=\"og:locale\" content=\"fr_FR\" \/>\n<meta property=\"og:type\" content=\"article\" \/>\n<meta property=\"og:title\" content=\"Quatre mandats d\u2019amener contre Wadii Jari\" \/>\n<meta property=\"og:description\" content=\"L\u2019avocate Wafa Chedly a affirm\u00e9 que quatre mandats d\u2019amener ont \u00e9t\u00e9 \u00e9mis \u00e0 l\u2019encontre du pr\u00e9sident de la F\u00e9d\u00e9ration tunisienne de football (FTF), Wadii jari.\" \/>\n<meta property=\"og:url\" content=\"https:\/\/www.webdo.tn\/fr\/actualite\/sport\/quatre-mandat-d-amener-contre-wadii-jari\/198500\/\" \/>\n<meta property=\"og:site_name\" content=\"webdo\" \/>\n<meta property=\"article:publisher\" content=\"https:\/\/www.facebook.com\/webdotn\" \/>\n<meta property=\"article:published_time\" content=\"2022-11-04T10:58:00+00:00\" \/>\n<meta property=\"article:modified_time\" content=\"2025-05-14T10:53:59+00:00\" \/>\n<meta property=\"og:image\" content=\"https:\/\/www.webdo.tn\/fr\/wp-content\/uploads\/2022\/11\/575a9376ec7824c44fc87ac5f89ab9ba.jpg\" \/>\n\t<meta property=\"og:image:width\" content=\"750\" \/>\n\t<meta property=\"og:image:height\" content=\"400\" \/>\n\t<meta property=\"og:image:type\" content=\"image\/jpeg\" \/>\n<meta name=\"author\" content=\"Webdo\" \/>\n<meta name=\"twitter:card\" content=\"summary_large_image\" \/>\n<meta name=\"twitter:creator\" content=\"@webdo_tn\" \/>\n<meta name=\"twitter:site\" content=\"@webdo_tn\" \/>\n<meta name=\"twitter:label1\" content=\"\u00c9crit par\" \/>\n\t<meta name=\"twitter:data1\" content=\"Webdo\" \/>\n\t<meta name=\"twitter:label2\" content=\"Dur\u00e9e de lecture estim\u00e9e\" \/>\n\t<meta name=\"twitter:data2\" content=\"1 minute\" \/>\n<script type=\"application\/ld+json\" class=\"yoast-schema-graph\">{\"@context\":\"https:\\\/\\\/schema.org\",\"@graph\":[{\"@type\":\"NewsArticle\",\"@id\":\"https:\\\/\\\/www.webdo.tn\\\/fr\\\/actualite\\\/sport\\\/quatre-mandat-d-amener-contre-wadii-jari\\\/198500\\\/#article\",\"isPartOf\":{\"@id\":\"https:\\\/\\\/www.webdo.tn\\\/fr\\\/actualite\\\/sport\\\/quatre-mandat-d-amener-contre-wadii-jari\\\/198500\\\/\"},\"author\":{\"name\":\"Webdo\",\"@id\":\"https:\\\/\\\/www.webdo.tn\\\/fr\\\/#\\\/schema\\\/person\\\/1f4e491e0907b413d61089e8eb573acc\"},\"headline\":\"Quatre mandats d\u2019amener contre Wadii Jari\",\"datePublished\":\"2022-11-04T10:58:00+00:00\",\"dateModified\":\"2025-05-14T10:53:59+00:00\",\"mainEntityOfPage\":{\"@id\":\"https:\\\/\\\/www.webdo.tn\\\/fr\\\/actualite\\\/sport\\\/quatre-mandat-d-amener-contre-wadii-jari\\\/198500\\\/\"},\"wordCount\":121,\"commentCount\":0,\"publisher\":{\"@id\":\"https:\\\/\\\/www.webdo.tn\\\/fr\\\/#organization\"},\"image\":{\"@id\":\"https:\\\/\\\/www.webdo.tn\\\/fr\\\/actualite\\\/sport\\\/quatre-mandat-d-amener-contre-wadii-jari\\\/198500\\\/#primaryimage\"},\"thumbnailUrl\":\"https:\\\/\\\/www.webdo.tn\\\/fr\\\/wp-content\\\/uploads\\\/2022\\\/11\\\/575a9376ec7824c44fc87ac5f89ab9ba.jpg\",\"keywords\":[\"FTT\",\"mandat d'amener\",\"Wadii jari\"],\"articleSection\":[\"Sport\"],\"inLanguage\":\"fr-FR\"},{\"@type\":\"WebPage\",\"@id\":\"https:\\\/\\\/www.webdo.tn\\\/fr\\\/actualite\\\/sport\\\/quatre-mandat-d-amener-contre-wadii-jari\\\/198500\\\/\",\"url\":\"https:\\\/\\\/www.webdo.tn\\\/fr\\\/actualite\\\/sport\\\/quatre-mandat-d-amener-contre-wadii-jari\\\/198500\\\/\",\"name\":\"Quatre mandats d\u2019amener contre Wadii Jari\",\"isPartOf\":{\"@id\":\"https:\\\/\\\/www.webdo.tn\\\/fr\\\/#website\"},\"primaryImageOfPage\":{\"@id\":\"https:\\\/\\\/www.webdo.tn\\\/fr\\\/actualite\\\/sport\\\/quatre-mandat-d-amener-contre-wadii-jari\\\/198500\\\/#primaryimage\"},\"image\":{\"@id\":\"https:\\\/\\\/www.webdo.tn\\\/fr\\\/actualite\\\/sport\\\/quatre-mandat-d-amener-contre-wadii-jari\\\/198500\\\/#primaryimage\"},\"thumbnailUrl\":\"https:\\\/\\\/www.webdo.tn\\\/fr\\\/wp-content\\\/uploads\\\/2022\\\/11\\\/575a9376ec7824c44fc87ac5f89ab9ba.jpg\",\"datePublished\":\"2022-11-04T10:58:00+00:00\",\"dateModified\":\"2025-05-14T10:53:59+00:00\",\"description\":\"L\u2019avocate Wafa Chedly a affirm\u00e9 que quatre mandats d\u2019amener ont \u00e9t\u00e9 \u00e9mis \u00e0 l\u2019encontre du pr\u00e9sident de la F\u00e9d\u00e9ration tunisienne de football (FTF), Wadii jari.\",\"breadcrumb\":{\"@id\":\"https:\\\/\\\/www.webdo.tn\\\/fr\\\/actualite\\\/sport\\\/quatre-mandat-d-amener-contre-wadii-jari\\\/198500\\\/#breadcrumb\"},\"inLanguage\":\"fr-FR\",\"potentialAction\":[{\"@type\":\"ReadAction\",\"target\":[\"https:\\\/\\\/www.webdo.tn\\\/fr\\\/actualite\\\/sport\\\/quatre-mandat-d-amener-contre-wadii-jari\\\/198500\\\/\"]}]},{\"@type\":\"ImageObject\",\"inLanguage\":\"fr-FR\",\"@id\":\"https:\\\/\\\/www.webdo.tn\\\/fr\\\/actualite\\\/sport\\\/quatre-mandat-d-amener-contre-wadii-jari\\\/198500\\\/#primaryimage\",\"url\":\"https:\\\/\\\/www.webdo.tn\\\/fr\\\/wp-content\\\/uploads\\\/2022\\\/11\\\/575a9376ec7824c44fc87ac5f89ab9ba.jpg\",\"contentUrl\":\"https:\\\/\\\/www.webdo.tn\\\/fr\\\/wp-content\\\/uploads\\\/2022\\\/11\\\/575a9376ec7824c44fc87ac5f89ab9ba.jpg\",\"width\":750,\"height\":400,\"caption\":\"Wadii Jari\"},{\"@type\":\"BreadcrumbList\",\"@id\":\"https:\\\/\\\/www.webdo.tn\\\/fr\\\/actualite\\\/sport\\\/quatre-mandat-d-amener-contre-wadii-jari\\\/198500\\\/#breadcrumb\",\"itemListElement\":[{\"@type\":\"ListItem\",\"position\":1,\"name\":\"Accueil\",\"item\":\"https:\\\/\\\/www.webdo.tn\\\/fr\\\/\"},{\"@type\":\"ListItem\",\"position\":2,\"name\":\"Quatre mandats d\u2019amener contre Wadii Jari\"}]},{\"@type\":\"WebSite\",\"@id\":\"https:\\\/\\\/www.webdo.tn\\\/fr\\\/#website\",\"url\":\"https:\\\/\\\/www.webdo.tn\\\/fr\\\/\",\"name\":\"webdo\",\"description\":\"Tunisie - News en Tunisie et \u00e0 l&#039;international sur Webdo.tn\",\"publisher\":{\"@id\":\"https:\\\/\\\/www.webdo.tn\\\/fr\\\/#organization\"},\"potentialAction\":[{\"@type\":\"SearchAction\",\"target\":{\"@type\":\"EntryPoint\",\"urlTemplate\":\"https:\\\/\\\/www.webdo.tn\\\/fr\\\/?s={search_term_string}\"},\"query-input\":{\"@type\":\"PropertyValueSpecification\",\"valueRequired\":true,\"valueName\":\"search_term_string\"}}],\"inLanguage\":\"fr-FR\"},{\"@type\":\"Organization\",\"@id\":\"https:\\\/\\\/www.webdo.tn\\\/fr\\\/#organization\",\"name\":\"Webdo\",\"alternateName\":\"Webdo.tn\",\"url\":\"https:\\\/\\\/www.webdo.tn\\\/fr\\\/\",\"logo\":{\"@type\":\"ImageObject\",\"inLanguage\":\"fr-FR\",\"@id\":\"https:\\\/\\\/www.webdo.tn\\\/fr\\\/#\\\/schema\\\/logo\\\/image\\\/\",\"url\":\"https:\\\/\\\/www.webdo.tn\\\/fr\\\/wp-content\\\/uploads\\\/2025\\\/06\\\/Webdo-Tunisie_168377.jpg\",\"contentUrl\":\"https:\\\/\\\/www.webdo.tn\\\/fr\\\/wp-content\\\/uploads\\\/2025\\\/06\\\/Webdo-Tunisie_168377.jpg\",\"width\":301,\"height\":301,\"caption\":\"Webdo\"},\"image\":{\"@id\":\"https:\\\/\\\/www.webdo.tn\\\/fr\\\/#\\\/schema\\\/logo\\\/image\\\/\"},\"sameAs\":[\"https:\\\/\\\/www.facebook.com\\\/webdotn\",\"https:\\\/\\\/x.com\\\/webdo_tn\"],\"description\":\"Webdo est un m\u00e9dia num\u00e9rique tunisien fond\u00e9 en 2010, sp\u00e9cialis\u00e9 dans l\u2019actualit\u00e9 nationale et internationale, l\u2019\u00e9conomie, la soci\u00e9t\u00e9 et les analyses politiques. Le site s\u2019adresse \u00e0 un large public francophone et couvre l\u2019information tunisienne en temps r\u00e9el.\",\"email\":\"redac@webdo.tn\",\"legalName\":\"YNJ SARL\",\"foundingDate\":\"2010-09-06\",\"numberOfEmployees\":{\"@type\":\"QuantitativeValue\",\"minValue\":\"11\",\"maxValue\":\"50\"}},{\"@type\":\"Person\",\"@id\":\"https:\\\/\\\/www.webdo.tn\\\/fr\\\/#\\\/schema\\\/person\\\/1f4e491e0907b413d61089e8eb573acc\",\"name\":\"Webdo\",\"image\":{\"@type\":\"ImageObject\",\"inLanguage\":\"fr-FR\",\"@id\":\"https:\\\/\\\/secure.gravatar.com\\\/avatar\\\/de97aeec1bb80978a9dbb127e47dfc88aaacb2f3c29aac907d8d3222e3495d49?s=96&d=mm&r=g\",\"url\":\"https:\\\/\\\/secure.gravatar.com\\\/avatar\\\/de97aeec1bb80978a9dbb127e47dfc88aaacb2f3c29aac907d8d3222e3495d49?s=96&d=mm&r=g\",\"contentUrl\":\"https:\\\/\\\/secure.gravatar.com\\\/avatar\\\/de97aeec1bb80978a9dbb127e47dfc88aaacb2f3c29aac907d8d3222e3495d49?s=96&d=mm&r=g\",\"caption\":\"Webdo\"},\"url\":\"https:\\\/\\\/www.webdo.tn\\\/fr\\\/actualite\\\/author\\\/webdo\\\/\"}]}<\/script>\n<!-- \/ Yoast SEO Premium plugin. -->","yoast_head_json":{"title":"Quatre mandats d\u2019amener contre Wadii Jari","description":"L\u2019avocate Wafa Chedly a affirm\u00e9 que quatre mandats d\u2019amener ont \u00e9t\u00e9 \u00e9mis \u00e0 l\u2019encontre du pr\u00e9sident de la F\u00e9d\u00e9ration tunisienne de football (FTF), Wadii jari.","canonical":"https:\/\/www.webdo.tn\/fr\/actualite\/sport\/quatre-mandat-d-amener-contre-wadii-jari\/198500\/","og_locale":"fr_FR","og_type":"article","og_title":"Quatre mandats d\u2019amener contre Wadii Jari","og_description":"L\u2019avocate Wafa Chedly a affirm\u00e9 que quatre mandats d\u2019amener ont \u00e9t\u00e9 \u00e9mis \u00e0 l\u2019encontre du pr\u00e9sident de la F\u00e9d\u00e9ration tunisienne de football (FTF), Wadii jari.","og_url":"https:\/\/www.webdo.tn\/fr\/actualite\/sport\/quatre-mandat-d-amener-contre-wadii-jari\/198500\/","og_site_name":"webdo","article_publisher":"https:\/\/www.facebook.com\/webdotn","article_published_time":"2022-11-04T10:58:00+00:00","article_modified_time":"2025-05-14T10:53:59+00:00","og_image":[{"width":750,"height":400,"url":"https:\/\/www.webdo.tn\/fr\/wp-content\/uploads\/2022\/11\/575a9376ec7824c44fc87ac5f89ab9ba.jpg","type":"image\/jpeg"}],"author":"Webdo","twitter_card":"summary_large_image","twitter_creator":"@webdo_tn","twitter_site":"@webdo_tn","twitter_misc":{"\u00c9crit par":"Webdo","Dur\u00e9e de lecture estim\u00e9e":"1 minute"},"schema":{"@context":"https:\/\/schema.org","@graph":[{"@type":"NewsArticle","@id":"https:\/\/www.webdo.tn\/fr\/actualite\/sport\/quatre-mandat-d-amener-contre-wadii-jari\/198500\/#article","isPartOf":{"@id":"https:\/\/www.webdo.tn\/fr\/actualite\/sport\/quatre-mandat-d-amener-contre-wadii-jari\/198500\/"},"author":{"name":"Webdo","@id":"https:\/\/www.webdo.tn\/fr\/#\/schema\/person\/1f4e491e0907b413d61089e8eb573acc"},"headline":"Quatre mandats d\u2019amener contre Wadii Jari","datePublished":"2022-11-04T10:58:00+00:00","dateModified":"2025-05-14T10:53:59+00:00","mainEntityOfPage":{"@id":"https:\/\/www.webdo.tn\/fr\/actualite\/sport\/quatre-mandat-d-amener-contre-wadii-jari\/198500\/"},"wordCount":121,"commentCount":0,"publisher":{"@id":"https:\/\/www.webdo.tn\/fr\/#organization"},"image":{"@id":"https:\/\/www.webdo.tn\/fr\/actualite\/sport\/quatre-mandat-d-amener-contre-wadii-jari\/198500\/#primaryimage"},"thumbnailUrl":"https:\/\/www.webdo.tn\/fr\/wp-content\/uploads\/2022\/11\/575a9376ec7824c44fc87ac5f89ab9ba.jpg","keywords":["FTT","mandat d'amener","Wadii jari"],"articleSection":["Sport"],"inLanguage":"fr-FR"},{"@type":"WebPage","@id":"https:\/\/www.webdo.tn\/fr\/actualite\/sport\/quatre-mandat-d-amener-contre-wadii-jari\/198500\/","url":"https:\/\/www.webdo.tn\/fr\/actualite\/sport\/quatre-mandat-d-amener-contre-wadii-jari\/198500\/","name":"Quatre mandats d\u2019amener contre Wadii Jari","isPartOf":{"@id":"https:\/\/www.webdo.tn\/fr\/#website"},"primaryImageOfPage":{"@id":"https:\/\/www.webdo.tn\/fr\/actualite\/sport\/quatre-mandat-d-amener-contre-wadii-jari\/198500\/#primaryimage"},"image":{"@id":"https:\/\/www.webdo.tn\/fr\/actualite\/sport\/quatre-mandat-d-amener-contre-wadii-jari\/198500\/#primaryimage"},"thumbnailUrl":"https:\/\/www.webdo.tn\/fr\/wp-content\/uploads\/2022\/11\/575a9376ec7824c44fc87ac5f89ab9ba.jpg","datePublished":"2022-11-04T10:58:00+00:00","dateModified":"2025-05-14T10:53:59+00:00","description":"L\u2019avocate Wafa Chedly a affirm\u00e9 que quatre mandats d\u2019amener ont \u00e9t\u00e9 \u00e9mis \u00e0 l\u2019encontre du pr\u00e9sident de la F\u00e9d\u00e9ration tunisienne de football (FTF), Wadii jari.","breadcrumb":{"@id":"https:\/\/www.webdo.tn\/fr\/actualite\/sport\/quatre-mandat-d-amener-contre-wadii-jari\/198500\/#breadcrumb"},"inLanguage":"fr-FR","potentialAction":[{"@type":"ReadAction","target":["https:\/\/www.webdo.tn\/fr\/actualite\/sport\/quatre-mandat-d-amener-contre-wadii-jari\/198500\/"]}]},{"@type":"ImageObject","inLanguage":"fr-FR","@id":"https:\/\/www.webdo.tn\/fr\/actualite\/sport\/quatre-mandat-d-amener-contre-wadii-jari\/198500\/#primaryimage","url":"https:\/\/www.webdo.tn\/fr\/wp-content\/uploads\/2022\/11\/575a9376ec7824c44fc87ac5f89ab9ba.jpg","contentUrl":"https:\/\/www.webdo.tn\/fr\/wp-content\/uploads\/2022\/11\/575a9376ec7824c44fc87ac5f89ab9ba.jpg","width":750,"height":400,"caption":"Wadii Jari"},{"@type":"BreadcrumbList","@id":"https:\/\/www.webdo.tn\/fr\/actualite\/sport\/quatre-mandat-d-amener-contre-wadii-jari\/198500\/#breadcrumb","itemListElement":[{"@type":"ListItem","position":1,"name":"Accueil","item":"https:\/\/www.webdo.tn\/fr\/"},{"@type":"ListItem","position":2,"name":"Quatre mandats d\u2019amener contre Wadii Jari"}]},{"@type":"WebSite","@id":"https:\/\/www.webdo.tn\/fr\/#website","url":"https:\/\/www.webdo.tn\/fr\/","name":"webdo","description":"Tunisie - News en Tunisie et \u00e0 l&#039;international sur Webdo.tn","publisher":{"@id":"https:\/\/www.webdo.tn\/fr\/#organization"},"potentialAction":[{"@type":"SearchAction","target":{"@type":"EntryPoint","urlTemplate":"https:\/\/www.webdo.tn\/fr\/?s={search_term_string}"},"query-input":{"@type":"PropertyValueSpecification","valueRequired":true,"valueName":"search_term_string"}}],"inLanguage":"fr-FR"},{"@type":"Organization","@id":"https:\/\/www.webdo.tn\/fr\/#organization","name":"Webdo","alternateName":"Webdo.tn","url":"https:\/\/www.webdo.tn\/fr\/","logo":{"@type":"ImageObject","inLanguage":"fr-FR","@id":"https:\/\/www.webdo.tn\/fr\/#\/schema\/logo\/image\/","url":"https:\/\/www.webdo.tn\/fr\/wp-content\/uploads\/2025\/06\/Webdo-Tunisie_168377.jpg","contentUrl":"https:\/\/www.webdo.tn\/fr\/wp-content\/uploads\/2025\/06\/Webdo-Tunisie_168377.jpg","width":301,"height":301,"caption":"Webdo"},"image":{"@id":"https:\/\/www.webdo.tn\/fr\/#\/schema\/logo\/image\/"},"sameAs":["https:\/\/www.facebook.com\/webdotn","https:\/\/x.com\/webdo_tn"],"description":"Webdo est un m\u00e9dia num\u00e9rique tunisien fond\u00e9 en 2010, sp\u00e9cialis\u00e9 dans l\u2019actualit\u00e9 nationale et internationale, l\u2019\u00e9conomie, la soci\u00e9t\u00e9 et les analyses politiques. Le site s\u2019adresse \u00e0 un large public francophone et couvre l\u2019information tunisienne en temps r\u00e9el.","email":"redac@webdo.tn","legalName":"YNJ SARL","foundingDate":"2010-09-06","numberOfEmployees":{"@type":"QuantitativeValue","minValue":"11","maxValue":"50"}},{"@type":"Person","@id":"https:\/\/www.webdo.tn\/fr\/#\/schema\/person\/1f4e491e0907b413d61089e8eb573acc","name":"Webdo","image":{"@type":"ImageObject","inLanguage":"fr-FR","@id":"https:\/\/secure.gravatar.com\/avatar\/de97aeec1bb80978a9dbb127e47dfc88aaacb2f3c29aac907d8d3222e3495d49?s=96&d=mm&r=g","url":"https:\/\/secure.gravatar.com\/avatar\/de97aeec1bb80978a9dbb127e47dfc88aaacb2f3c29aac907d8d3222e3495d49?s=96&d=mm&r=g","contentUrl":"https:\/\/secure.gravatar.com\/avatar\/de97aeec1bb80978a9dbb127e47dfc88aaacb2f3c29aac907d8d3222e3495d49?s=96&d=mm&r=g","caption":"Webdo"},"url":"https:\/\/www.webdo.tn\/fr\/actualite\/author\/webdo\/"}]}},"_links":{"self":[{"href":"https:\/\/www.webdo.tn\/fr\/wp-json\/wp\/v2\/posts\/198500","targetHints":{"allow":["GET"]}}],"collection":[{"href":"https:\/\/www.webdo.tn\/fr\/wp-json\/wp\/v2\/posts"}],"about":[{"href":"https:\/\/www.webdo.tn\/fr\/wp-json\/wp\/v2\/types\/post"}],"author":[{"embeddable":true,"href":"https:\/\/www.webdo.tn\/fr\/wp-json\/wp\/v2\/users\/3169"}],"replies":[{"embeddable":true,"href":"https:\/\/www.webdo.tn\/fr\/wp-json\/wp\/v2\/comments?post=198500"}],"version-history":[{"count":0,"href":"https:\/\/www.webdo.tn\/fr\/wp-json\/wp\/v2\/posts\/198500\/revisions"}],"wp:featuredmedia":[{"embeddable":true,"href":"https:\/\/www.webdo.tn\/fr\/wp-json\/wp\/v2\/media\/253348"}],"wp:attachment":[{"href":"https:\/\/www.webdo.tn\/fr\/wp-json\/wp\/v2\/media?parent=198500"}],"wp:term":[{"taxonomy":"category","embeddable":true,"href":"https:\/\/www.webdo.tn\/fr\/wp-json\/wp\/v2\/categories?post=198500"},{"taxonomy":"post_tag","embeddable":true,"href":"https:\/\/www.webdo.tn\/fr\/wp-json\/wp\/v2\/tags?post=198500"}],"curies":[{"name":"wp","href":"https:\/\/api.w.org\/{rel}","templated":true}]}}