{"id":198499,"date":"2022-11-04T10:50:00","date_gmt":"2022-11-04T10:50:00","guid":{"rendered":"https:\/\/www.webdo.tn\/fr\/blog\/le-premier-ministre-canadien-justin-trudeau-confirme-sa-participation-au-sommet-de-djerba\/198499\/"},"modified":"2025-05-20T22:05:01","modified_gmt":"2025-05-20T22:05:01","slug":"le-premier-ministre-canadien-justin-trudeau-confirme-sa-participation-au-sommet-de-djerba","status":"publish","type":"post","link":"https:\/\/www.webdo.tn\/fr\/actualite\/national\/le-premier-ministre-canadien-justin-trudeau-confirme-sa-participation-au-sommet-de-djerba\/198499\/","title":{"rendered":"Le Premier ministre canadien, Justin Trudeau confirme sa participation au Sommet de Djerba"},"content":{"rendered":"<p>Le Premier ministre canadien, Justin Trudeau participera au XVIIIe Sommet de la Francophonie \u00e0 Djerba, les 19 et 20 novembre 2022 sous le th\u00e8me \u00ab\u00a0Connectivit\u00e9 dans la diversit\u00e9\u00a0\u00bb.<\/p>\n<p>\t\t\t\t\t\t\t\t\tL\u2019information a \u00e9t\u00e9\u00a0 confirm\u00e9e par le site du Premier ministre canadien, ajoutant que\u00a0 Justin Trudeau insistera sur \u00ab\u00a0l\u2019importance de d\u00e9fendre la paix et la s\u00e9curit\u00e9, de promouvoir la langue fran\u00e7aise et de prot\u00e9ger la d\u00e9mocratie et les droits de l\u2019Homme\u00a0\u00bb.<\/p>\n<p>Le Premier ministre canadien insistera, aussi, sur la n\u00e9cessit\u00e9 de prendre des mesures climatiques ambitieuses pour acc\u00e9l\u00e9rer la transition vers une \u00e9conomie plus propre, de favoriser la s\u00e9curit\u00e9 alimentaire et \u00e9nerg\u00e9tique et de chercher \u00e0 rendre la vie des gens meilleure et plus abordable.<\/p>\n","protected":false},"excerpt":{"rendered":"<p>Le Premier ministre canadien, Justin Trudeau participera au XVIIIe Sommet de la Francophonie \u00e0 Djerba, les 19 et 20 novembre 2022 sous le th\u00e8me  Connectivit\u00e9 da&#8230;<\/p>\n","protected":false},"author":3162,"featured_media":253343,"comment_status":"open","ping_status":"closed","sticky":false,"template":"","format":"standard","meta":{"footnotes":""},"categories":[44],"tags":[3696,9009,4480,4539],"class_list":["post-198499","post","type-post","status-publish","format-standard","has-post-thumbnail","hentry","category-national","tag-djerba","tag-francophonie","tag-justin-trudeau","tag-sommet"],"yoast_head":"<!-- This site is optimized with the Yoast SEO Premium plugin v27.4 (Yoast SEO v27.5) - https:\/\/yoast.com\/product\/yoast-seo-premium-wordpress\/ -->\n<title>Le Premier ministre canadien, Justin Trudeau confirme sa participation au Sommet de Djerba<\/title>\n<meta name=\"description\" content=\"Le Premier ministre canadien, Justin Trudeau participera au XVIIIe Sommet de la Francophonie \u00e0 Djerba, les 19 et 20 novembre 2022 sous le th\u00e8me Connectivit\u00e9 da...\" \/>\n<link rel=\"canonical\" href=\"https:\/\/www.webdo.tn\/fr\/actualite\/national\/le-premier-ministre-canadien-justin-trudeau-confirme-sa-participation-au-sommet-de-djerba\/198499\/\" \/>\n<meta property=\"og:locale\" content=\"fr_FR\" \/>\n<meta property=\"og:type\" content=\"article\" \/>\n<meta property=\"og:title\" content=\"Le Premier ministre canadien, Justin Trudeau confirme sa participation au Sommet de Djerba\" \/>\n<meta property=\"og:description\" content=\"Le Premier ministre canadien, Justin Trudeau participera au XVIIIe Sommet de la Francophonie \u00e0 Djerba, les 19 et 20 novembre 2022 sous le th\u00e8me Connectivit\u00e9 da...\" \/>\n<meta property=\"og:url\" content=\"https:\/\/www.webdo.tn\/fr\/actualite\/national\/le-premier-ministre-canadien-justin-trudeau-confirme-sa-participation-au-sommet-de-djerba\/198499\/\" \/>\n<meta property=\"og:site_name\" content=\"webdo\" \/>\n<meta property=\"article:publisher\" content=\"https:\/\/www.facebook.com\/webdotn\" \/>\n<meta property=\"article:published_time\" content=\"2022-11-04T10:50:00+00:00\" \/>\n<meta property=\"article:modified_time\" content=\"2025-05-20T22:05:01+00:00\" \/>\n<meta property=\"og:image\" content=\"https:\/\/www.webdo.tn\/fr\/wp-content\/uploads\/2022\/11\/15fe183c5314ec458b864281c312ad95.jpg\" \/>\n\t<meta property=\"og:image:width\" content=\"750\" \/>\n\t<meta property=\"og:image:height\" content=\"400\" \/>\n\t<meta property=\"og:image:type\" content=\"image\/jpeg\" \/>\n<meta name=\"author\" content=\"MC\" \/>\n<meta name=\"twitter:card\" content=\"summary_large_image\" \/>\n<meta name=\"twitter:creator\" content=\"@webdo_tn\" \/>\n<meta name=\"twitter:site\" content=\"@webdo_tn\" \/>\n<meta name=\"twitter:label1\" content=\"\u00c9crit par\" \/>\n\t<meta name=\"twitter:data1\" content=\"MC\" \/>\n\t<meta name=\"twitter:label2\" content=\"Dur\u00e9e de lecture estim\u00e9e\" \/>\n\t<meta name=\"twitter:data2\" content=\"1 minute\" \/>\n<script type=\"application\/ld+json\" class=\"yoast-schema-graph\">{\"@context\":\"https:\\\/\\\/schema.org\",\"@graph\":[{\"@type\":\"NewsArticle\",\"@id\":\"https:\\\/\\\/www.webdo.tn\\\/fr\\\/actualite\\\/national\\\/le-premier-ministre-canadien-justin-trudeau-confirme-sa-participation-au-sommet-de-djerba\\\/198499\\\/#article\",\"isPartOf\":{\"@id\":\"https:\\\/\\\/www.webdo.tn\\\/fr\\\/actualite\\\/national\\\/le-premier-ministre-canadien-justin-trudeau-confirme-sa-participation-au-sommet-de-djerba\\\/198499\\\/\"},\"author\":{\"name\":\"MC\",\"@id\":\"https:\\\/\\\/www.webdo.tn\\\/fr\\\/#\\\/schema\\\/person\\\/2c4929cbf5a809e3bd38617c6ce150f6\"},\"headline\":\"Le Premier ministre canadien, Justin Trudeau confirme sa participation au Sommet de Djerba\",\"datePublished\":\"2022-11-04T10:50:00+00:00\",\"dateModified\":\"2025-05-20T22:05:01+00:00\",\"mainEntityOfPage\":{\"@id\":\"https:\\\/\\\/www.webdo.tn\\\/fr\\\/actualite\\\/national\\\/le-premier-ministre-canadien-justin-trudeau-confirme-sa-participation-au-sommet-de-djerba\\\/198499\\\/\"},\"wordCount\":135,\"commentCount\":0,\"publisher\":{\"@id\":\"https:\\\/\\\/www.webdo.tn\\\/fr\\\/#organization\"},\"image\":{\"@id\":\"https:\\\/\\\/www.webdo.tn\\\/fr\\\/actualite\\\/national\\\/le-premier-ministre-canadien-justin-trudeau-confirme-sa-participation-au-sommet-de-djerba\\\/198499\\\/#primaryimage\"},\"thumbnailUrl\":\"https:\\\/\\\/www.webdo.tn\\\/fr\\\/wp-content\\\/uploads\\\/2022\\\/11\\\/15fe183c5314ec458b864281c312ad95.jpg\",\"keywords\":[\"djerba\",\"francophonie\",\"Justin Trudeau\",\"sommet\"],\"articleSection\":[\"National\"],\"inLanguage\":\"fr-FR\"},{\"@type\":\"WebPage\",\"@id\":\"https:\\\/\\\/www.webdo.tn\\\/fr\\\/actualite\\\/national\\\/le-premier-ministre-canadien-justin-trudeau-confirme-sa-participation-au-sommet-de-djerba\\\/198499\\\/\",\"url\":\"https:\\\/\\\/www.webdo.tn\\\/fr\\\/actualite\\\/national\\\/le-premier-ministre-canadien-justin-trudeau-confirme-sa-participation-au-sommet-de-djerba\\\/198499\\\/\",\"name\":\"Le Premier ministre canadien, Justin Trudeau confirme sa participation au Sommet de Djerba\",\"isPartOf\":{\"@id\":\"https:\\\/\\\/www.webdo.tn\\\/fr\\\/#website\"},\"primaryImageOfPage\":{\"@id\":\"https:\\\/\\\/www.webdo.tn\\\/fr\\\/actualite\\\/national\\\/le-premier-ministre-canadien-justin-trudeau-confirme-sa-participation-au-sommet-de-djerba\\\/198499\\\/#primaryimage\"},\"image\":{\"@id\":\"https:\\\/\\\/www.webdo.tn\\\/fr\\\/actualite\\\/national\\\/le-premier-ministre-canadien-justin-trudeau-confirme-sa-participation-au-sommet-de-djerba\\\/198499\\\/#primaryimage\"},\"thumbnailUrl\":\"https:\\\/\\\/www.webdo.tn\\\/fr\\\/wp-content\\\/uploads\\\/2022\\\/11\\\/15fe183c5314ec458b864281c312ad95.jpg\",\"datePublished\":\"2022-11-04T10:50:00+00:00\",\"dateModified\":\"2025-05-20T22:05:01+00:00\",\"description\":\"Le Premier ministre canadien, Justin Trudeau participera au XVIIIe Sommet de la Francophonie \u00e0 Djerba, les 19 et 20 novembre 2022 sous le th\u00e8me Connectivit\u00e9 da...\",\"breadcrumb\":{\"@id\":\"https:\\\/\\\/www.webdo.tn\\\/fr\\\/actualite\\\/national\\\/le-premier-ministre-canadien-justin-trudeau-confirme-sa-participation-au-sommet-de-djerba\\\/198499\\\/#breadcrumb\"},\"inLanguage\":\"fr-FR\",\"potentialAction\":[{\"@type\":\"ReadAction\",\"target\":[\"https:\\\/\\\/www.webdo.tn\\\/fr\\\/actualite\\\/national\\\/le-premier-ministre-canadien-justin-trudeau-confirme-sa-participation-au-sommet-de-djerba\\\/198499\\\/\"]}]},{\"@type\":\"ImageObject\",\"inLanguage\":\"fr-FR\",\"@id\":\"https:\\\/\\\/www.webdo.tn\\\/fr\\\/actualite\\\/national\\\/le-premier-ministre-canadien-justin-trudeau-confirme-sa-participation-au-sommet-de-djerba\\\/198499\\\/#primaryimage\",\"url\":\"https:\\\/\\\/www.webdo.tn\\\/fr\\\/wp-content\\\/uploads\\\/2022\\\/11\\\/15fe183c5314ec458b864281c312ad95.jpg\",\"contentUrl\":\"https:\\\/\\\/www.webdo.tn\\\/fr\\\/wp-content\\\/uploads\\\/2022\\\/11\\\/15fe183c5314ec458b864281c312ad95.jpg\",\"width\":750,\"height\":400,\"caption\":\"Justin Trudeau, Premier ministre canadien\"},{\"@type\":\"BreadcrumbList\",\"@id\":\"https:\\\/\\\/www.webdo.tn\\\/fr\\\/actualite\\\/national\\\/le-premier-ministre-canadien-justin-trudeau-confirme-sa-participation-au-sommet-de-djerba\\\/198499\\\/#breadcrumb\",\"itemListElement\":[{\"@type\":\"ListItem\",\"position\":1,\"name\":\"Accueil\",\"item\":\"https:\\\/\\\/www.webdo.tn\\\/fr\\\/\"},{\"@type\":\"ListItem\",\"position\":2,\"name\":\"Le Premier ministre canadien, Justin Trudeau confirme sa participation au Sommet de Djerba\"}]},{\"@type\":\"WebSite\",\"@id\":\"https:\\\/\\\/www.webdo.tn\\\/fr\\\/#website\",\"url\":\"https:\\\/\\\/www.webdo.tn\\\/fr\\\/\",\"name\":\"webdo\",\"description\":\"Tunisie - News en Tunisie et \u00e0 l&#039;international sur Webdo.tn\",\"publisher\":{\"@id\":\"https:\\\/\\\/www.webdo.tn\\\/fr\\\/#organization\"},\"potentialAction\":[{\"@type\":\"SearchAction\",\"target\":{\"@type\":\"EntryPoint\",\"urlTemplate\":\"https:\\\/\\\/www.webdo.tn\\\/fr\\\/?s={search_term_string}\"},\"query-input\":{\"@type\":\"PropertyValueSpecification\",\"valueRequired\":true,\"valueName\":\"search_term_string\"}}],\"inLanguage\":\"fr-FR\"},{\"@type\":\"Organization\",\"@id\":\"https:\\\/\\\/www.webdo.tn\\\/fr\\\/#organization\",\"name\":\"Webdo\",\"alternateName\":\"Webdo.tn\",\"url\":\"https:\\\/\\\/www.webdo.tn\\\/fr\\\/\",\"logo\":{\"@type\":\"ImageObject\",\"inLanguage\":\"fr-FR\",\"@id\":\"https:\\\/\\\/www.webdo.tn\\\/fr\\\/#\\\/schema\\\/logo\\\/image\\\/\",\"url\":\"https:\\\/\\\/www.webdo.tn\\\/fr\\\/wp-content\\\/uploads\\\/2025\\\/06\\\/Webdo-Tunisie_168377.jpg\",\"contentUrl\":\"https:\\\/\\\/www.webdo.tn\\\/fr\\\/wp-content\\\/uploads\\\/2025\\\/06\\\/Webdo-Tunisie_168377.jpg\",\"width\":301,\"height\":301,\"caption\":\"Webdo\"},\"image\":{\"@id\":\"https:\\\/\\\/www.webdo.tn\\\/fr\\\/#\\\/schema\\\/logo\\\/image\\\/\"},\"sameAs\":[\"https:\\\/\\\/www.facebook.com\\\/webdotn\",\"https:\\\/\\\/x.com\\\/webdo_tn\"],\"description\":\"Webdo est un m\u00e9dia num\u00e9rique tunisien fond\u00e9 en 2010, sp\u00e9cialis\u00e9 dans l\u2019actualit\u00e9 nationale et internationale, l\u2019\u00e9conomie, la soci\u00e9t\u00e9 et les analyses politiques. Le site s\u2019adresse \u00e0 un large public francophone et couvre l\u2019information tunisienne en temps r\u00e9el.\",\"email\":\"redac@webdo.tn\",\"legalName\":\"YNJ SARL\",\"foundingDate\":\"2010-09-06\",\"numberOfEmployees\":{\"@type\":\"QuantitativeValue\",\"minValue\":\"11\",\"maxValue\":\"50\"}},{\"@type\":\"Person\",\"@id\":\"https:\\\/\\\/www.webdo.tn\\\/fr\\\/#\\\/schema\\\/person\\\/2c4929cbf5a809e3bd38617c6ce150f6\",\"name\":\"MC\",\"image\":{\"@type\":\"ImageObject\",\"inLanguage\":\"fr-FR\",\"@id\":\"https:\\\/\\\/secure.gravatar.com\\\/avatar\\\/a545bbb6f84efdd5553dbbc2895e3ca8f1d12c5215e00a041c9670b54aa9b18a?s=96&d=mm&r=g\",\"url\":\"https:\\\/\\\/secure.gravatar.com\\\/avatar\\\/a545bbb6f84efdd5553dbbc2895e3ca8f1d12c5215e00a041c9670b54aa9b18a?s=96&d=mm&r=g\",\"contentUrl\":\"https:\\\/\\\/secure.gravatar.com\\\/avatar\\\/a545bbb6f84efdd5553dbbc2895e3ca8f1d12c5215e00a041c9670b54aa9b18a?s=96&d=mm&r=g\",\"caption\":\"MC\"},\"url\":\"https:\\\/\\\/www.webdo.tn\\\/fr\\\/actualite\\\/author\\\/mc\\\/\"}]}<\/script>\n<!-- \/ Yoast SEO Premium plugin. -->","yoast_head_json":{"title":"Le Premier ministre canadien, Justin Trudeau confirme sa participation au Sommet de Djerba","description":"Le Premier ministre canadien, Justin Trudeau participera au XVIIIe Sommet de la Francophonie \u00e0 Djerba, les 19 et 20 novembre 2022 sous le th\u00e8me Connectivit\u00e9 da...","canonical":"https:\/\/www.webdo.tn\/fr\/actualite\/national\/le-premier-ministre-canadien-justin-trudeau-confirme-sa-participation-au-sommet-de-djerba\/198499\/","og_locale":"fr_FR","og_type":"article","og_title":"Le Premier ministre canadien, Justin Trudeau confirme sa participation au Sommet de Djerba","og_description":"Le Premier ministre canadien, Justin Trudeau participera au XVIIIe Sommet de la Francophonie \u00e0 Djerba, les 19 et 20 novembre 2022 sous le th\u00e8me Connectivit\u00e9 da...","og_url":"https:\/\/www.webdo.tn\/fr\/actualite\/national\/le-premier-ministre-canadien-justin-trudeau-confirme-sa-participation-au-sommet-de-djerba\/198499\/","og_site_name":"webdo","article_publisher":"https:\/\/www.facebook.com\/webdotn","article_published_time":"2022-11-04T10:50:00+00:00","article_modified_time":"2025-05-20T22:05:01+00:00","og_image":[{"width":750,"height":400,"url":"https:\/\/www.webdo.tn\/fr\/wp-content\/uploads\/2022\/11\/15fe183c5314ec458b864281c312ad95.jpg","type":"image\/jpeg"}],"author":"MC","twitter_card":"summary_large_image","twitter_creator":"@webdo_tn","twitter_site":"@webdo_tn","twitter_misc":{"\u00c9crit par":"MC","Dur\u00e9e de lecture estim\u00e9e":"1 minute"},"schema":{"@context":"https:\/\/schema.org","@graph":[{"@type":"NewsArticle","@id":"https:\/\/www.webdo.tn\/fr\/actualite\/national\/le-premier-ministre-canadien-justin-trudeau-confirme-sa-participation-au-sommet-de-djerba\/198499\/#article","isPartOf":{"@id":"https:\/\/www.webdo.tn\/fr\/actualite\/national\/le-premier-ministre-canadien-justin-trudeau-confirme-sa-participation-au-sommet-de-djerba\/198499\/"},"author":{"name":"MC","@id":"https:\/\/www.webdo.tn\/fr\/#\/schema\/person\/2c4929cbf5a809e3bd38617c6ce150f6"},"headline":"Le Premier ministre canadien, Justin Trudeau confirme sa participation au Sommet de Djerba","datePublished":"2022-11-04T10:50:00+00:00","dateModified":"2025-05-20T22:05:01+00:00","mainEntityOfPage":{"@id":"https:\/\/www.webdo.tn\/fr\/actualite\/national\/le-premier-ministre-canadien-justin-trudeau-confirme-sa-participation-au-sommet-de-djerba\/198499\/"},"wordCount":135,"commentCount":0,"publisher":{"@id":"https:\/\/www.webdo.tn\/fr\/#organization"},"image":{"@id":"https:\/\/www.webdo.tn\/fr\/actualite\/national\/le-premier-ministre-canadien-justin-trudeau-confirme-sa-participation-au-sommet-de-djerba\/198499\/#primaryimage"},"thumbnailUrl":"https:\/\/www.webdo.tn\/fr\/wp-content\/uploads\/2022\/11\/15fe183c5314ec458b864281c312ad95.jpg","keywords":["djerba","francophonie","Justin Trudeau","sommet"],"articleSection":["National"],"inLanguage":"fr-FR"},{"@type":"WebPage","@id":"https:\/\/www.webdo.tn\/fr\/actualite\/national\/le-premier-ministre-canadien-justin-trudeau-confirme-sa-participation-au-sommet-de-djerba\/198499\/","url":"https:\/\/www.webdo.tn\/fr\/actualite\/national\/le-premier-ministre-canadien-justin-trudeau-confirme-sa-participation-au-sommet-de-djerba\/198499\/","name":"Le Premier ministre canadien, Justin Trudeau confirme sa participation au Sommet de Djerba","isPartOf":{"@id":"https:\/\/www.webdo.tn\/fr\/#website"},"primaryImageOfPage":{"@id":"https:\/\/www.webdo.tn\/fr\/actualite\/national\/le-premier-ministre-canadien-justin-trudeau-confirme-sa-participation-au-sommet-de-djerba\/198499\/#primaryimage"},"image":{"@id":"https:\/\/www.webdo.tn\/fr\/actualite\/national\/le-premier-ministre-canadien-justin-trudeau-confirme-sa-participation-au-sommet-de-djerba\/198499\/#primaryimage"},"thumbnailUrl":"https:\/\/www.webdo.tn\/fr\/wp-content\/uploads\/2022\/11\/15fe183c5314ec458b864281c312ad95.jpg","datePublished":"2022-11-04T10:50:00+00:00","dateModified":"2025-05-20T22:05:01+00:00","description":"Le Premier ministre canadien, Justin Trudeau participera au XVIIIe Sommet de la Francophonie \u00e0 Djerba, les 19 et 20 novembre 2022 sous le th\u00e8me Connectivit\u00e9 da...","breadcrumb":{"@id":"https:\/\/www.webdo.tn\/fr\/actualite\/national\/le-premier-ministre-canadien-justin-trudeau-confirme-sa-participation-au-sommet-de-djerba\/198499\/#breadcrumb"},"inLanguage":"fr-FR","potentialAction":[{"@type":"ReadAction","target":["https:\/\/www.webdo.tn\/fr\/actualite\/national\/le-premier-ministre-canadien-justin-trudeau-confirme-sa-participation-au-sommet-de-djerba\/198499\/"]}]},{"@type":"ImageObject","inLanguage":"fr-FR","@id":"https:\/\/www.webdo.tn\/fr\/actualite\/national\/le-premier-ministre-canadien-justin-trudeau-confirme-sa-participation-au-sommet-de-djerba\/198499\/#primaryimage","url":"https:\/\/www.webdo.tn\/fr\/wp-content\/uploads\/2022\/11\/15fe183c5314ec458b864281c312ad95.jpg","contentUrl":"https:\/\/www.webdo.tn\/fr\/wp-content\/uploads\/2022\/11\/15fe183c5314ec458b864281c312ad95.jpg","width":750,"height":400,"caption":"Justin Trudeau, Premier ministre canadien"},{"@type":"BreadcrumbList","@id":"https:\/\/www.webdo.tn\/fr\/actualite\/national\/le-premier-ministre-canadien-justin-trudeau-confirme-sa-participation-au-sommet-de-djerba\/198499\/#breadcrumb","itemListElement":[{"@type":"ListItem","position":1,"name":"Accueil","item":"https:\/\/www.webdo.tn\/fr\/"},{"@type":"ListItem","position":2,"name":"Le Premier ministre canadien, Justin Trudeau confirme sa participation au Sommet de Djerba"}]},{"@type":"WebSite","@id":"https:\/\/www.webdo.tn\/fr\/#website","url":"https:\/\/www.webdo.tn\/fr\/","name":"webdo","description":"Tunisie - News en Tunisie et \u00e0 l&#039;international sur Webdo.tn","publisher":{"@id":"https:\/\/www.webdo.tn\/fr\/#organization"},"potentialAction":[{"@type":"SearchAction","target":{"@type":"EntryPoint","urlTemplate":"https:\/\/www.webdo.tn\/fr\/?s={search_term_string}"},"query-input":{"@type":"PropertyValueSpecification","valueRequired":true,"valueName":"search_term_string"}}],"inLanguage":"fr-FR"},{"@type":"Organization","@id":"https:\/\/www.webdo.tn\/fr\/#organization","name":"Webdo","alternateName":"Webdo.tn","url":"https:\/\/www.webdo.tn\/fr\/","logo":{"@type":"ImageObject","inLanguage":"fr-FR","@id":"https:\/\/www.webdo.tn\/fr\/#\/schema\/logo\/image\/","url":"https:\/\/www.webdo.tn\/fr\/wp-content\/uploads\/2025\/06\/Webdo-Tunisie_168377.jpg","contentUrl":"https:\/\/www.webdo.tn\/fr\/wp-content\/uploads\/2025\/06\/Webdo-Tunisie_168377.jpg","width":301,"height":301,"caption":"Webdo"},"image":{"@id":"https:\/\/www.webdo.tn\/fr\/#\/schema\/logo\/image\/"},"sameAs":["https:\/\/www.facebook.com\/webdotn","https:\/\/x.com\/webdo_tn"],"description":"Webdo est un m\u00e9dia num\u00e9rique tunisien fond\u00e9 en 2010, sp\u00e9cialis\u00e9 dans l\u2019actualit\u00e9 nationale et internationale, l\u2019\u00e9conomie, la soci\u00e9t\u00e9 et les analyses politiques. Le site s\u2019adresse \u00e0 un large public francophone et couvre l\u2019information tunisienne en temps r\u00e9el.","email":"redac@webdo.tn","legalName":"YNJ SARL","foundingDate":"2010-09-06","numberOfEmployees":{"@type":"QuantitativeValue","minValue":"11","maxValue":"50"}},{"@type":"Person","@id":"https:\/\/www.webdo.tn\/fr\/#\/schema\/person\/2c4929cbf5a809e3bd38617c6ce150f6","name":"MC","image":{"@type":"ImageObject","inLanguage":"fr-FR","@id":"https:\/\/secure.gravatar.com\/avatar\/a545bbb6f84efdd5553dbbc2895e3ca8f1d12c5215e00a041c9670b54aa9b18a?s=96&d=mm&r=g","url":"https:\/\/secure.gravatar.com\/avatar\/a545bbb6f84efdd5553dbbc2895e3ca8f1d12c5215e00a041c9670b54aa9b18a?s=96&d=mm&r=g","contentUrl":"https:\/\/secure.gravatar.com\/avatar\/a545bbb6f84efdd5553dbbc2895e3ca8f1d12c5215e00a041c9670b54aa9b18a?s=96&d=mm&r=g","caption":"MC"},"url":"https:\/\/www.webdo.tn\/fr\/actualite\/author\/mc\/"}]}},"_links":{"self":[{"href":"https:\/\/www.webdo.tn\/fr\/wp-json\/wp\/v2\/posts\/198499","targetHints":{"allow":["GET"]}}],"collection":[{"href":"https:\/\/www.webdo.tn\/fr\/wp-json\/wp\/v2\/posts"}],"about":[{"href":"https:\/\/www.webdo.tn\/fr\/wp-json\/wp\/v2\/types\/post"}],"author":[{"embeddable":true,"href":"https:\/\/www.webdo.tn\/fr\/wp-json\/wp\/v2\/users\/3162"}],"replies":[{"embeddable":true,"href":"https:\/\/www.webdo.tn\/fr\/wp-json\/wp\/v2\/comments?post=198499"}],"version-history":[{"count":0,"href":"https:\/\/www.webdo.tn\/fr\/wp-json\/wp\/v2\/posts\/198499\/revisions"}],"wp:featuredmedia":[{"embeddable":true,"href":"https:\/\/www.webdo.tn\/fr\/wp-json\/wp\/v2\/media\/253343"}],"wp:attachment":[{"href":"https:\/\/www.webdo.tn\/fr\/wp-json\/wp\/v2\/media?parent=198499"}],"wp:term":[{"taxonomy":"category","embeddable":true,"href":"https:\/\/www.webdo.tn\/fr\/wp-json\/wp\/v2\/categories?post=198499"},{"taxonomy":"post_tag","embeddable":true,"href":"https:\/\/www.webdo.tn\/fr\/wp-json\/wp\/v2\/tags?post=198499"}],"curies":[{"name":"wp","href":"https:\/\/api.w.org\/{rel}","templated":true}]}}