{"id":198493,"date":"2022-11-04T10:07:00","date_gmt":"2022-11-04T10:07:00","guid":{"rendered":"https:\/\/www.webdo.tn\/fr\/blog\/le-gouvernement-ne-dispose-plus-de-secretaire-generale\/198493\/"},"modified":"2025-05-17T20:58:22","modified_gmt":"2025-05-17T20:58:22","slug":"le-gouvernement-ne-dispose-plus-de-secretaire-generale","status":"publish","type":"post","link":"https:\/\/www.webdo.tn\/fr\/actualite\/national\/le-gouvernement-ne-dispose-plus-de-secretaire-generale\/198493\/","title":{"rendered":"Le gouvernement ne dispose plus de secr\u00e9taire g\u00e9n\u00e9rale"},"content":{"rendered":"<p>La cheffe du gouvernement, Najla Bouden a re\u00e7u, hier jeudi 3 novembre 2022, la secr\u00e9taire g\u00e9n\u00e9rale du gouvernement, Sarra Rejeb, \u00e0 l\u2019occasion de son d\u00e9part \u00e0 la retraite.<\/p>\n<p>\t\t\t\t\t\t\t\t\tLa cheffe du gouvernement a mis en exergue le travail accompli par Sarra Rejeb et son engagement, saluant les efforts qu\u2019elle a effectu\u00e9s durant sa mission \u00e0 la t\u00eate du secr\u00e9tariat g\u00e9n\u00e9ral du gouvernement, mais aussi durant tout son parcours professionnel, peut-on lire dans un communiqu\u00e9 publi\u00e9 par la pr\u00e9sidence du gouvernement.<\/p>\n<p>Sarra Rejeb a exprim\u00e9, de son c\u00f4t\u00e9, sa reconnaissance pour cet hommage, assurant qu\u2019elle restera au service de son pays.<\/p>\n","protected":false},"excerpt":{"rendered":"<p>La cheffe du gouvernement, Najla Bouden a re\u00e7u, hier jeudi 3 novembre 2022, la secr\u00e9taire g\u00e9n\u00e9rale du gouvernement, Sarra Rejeb, \u00e0 l\u2019occasion de son d\u00e9part \u00e0 la&#8230;<\/p>\n","protected":false},"author":3169,"featured_media":277182,"comment_status":"open","ping_status":"closed","sticky":false,"template":"","format":"standard","meta":{"footnotes":""},"categories":[44],"tags":[8290,9123],"class_list":["post-198493","post","type-post","status-publish","format-standard","has-post-thumbnail","hentry","category-national","tag-najla-bouden","tag-sarra-rejeb"],"yoast_head":"<!-- This site is optimized with the Yoast SEO Premium plugin v27.4 (Yoast SEO v27.4) - https:\/\/yoast.com\/product\/yoast-seo-premium-wordpress\/ -->\n<title>Le gouvernement ne dispose plus de secr\u00e9taire g\u00e9n\u00e9rale<\/title>\n<meta name=\"description\" content=\"La cheffe du gouvernement, Najla Bouden a re\u00e7u, hier jeudi 3 novembre 2022, la secr\u00e9taire g\u00e9n\u00e9rale du gouvernement, Sarra Rejeb, \u00e0 l\u2019occasion de son d\u00e9part \u00e0 la...\" \/>\n<link rel=\"canonical\" href=\"https:\/\/www.webdo.tn\/fr\/actualite\/national\/le-gouvernement-ne-dispose-plus-de-secretaire-generale\/198493\/\" \/>\n<meta property=\"og:locale\" content=\"fr_FR\" \/>\n<meta property=\"og:type\" content=\"article\" \/>\n<meta property=\"og:title\" content=\"Le gouvernement ne dispose plus de secr\u00e9taire g\u00e9n\u00e9rale\" \/>\n<meta property=\"og:description\" content=\"La cheffe du gouvernement, Najla Bouden a re\u00e7u, hier jeudi 3 novembre 2022, la secr\u00e9taire g\u00e9n\u00e9rale du gouvernement, Sarra Rejeb, \u00e0 l\u2019occasion de son d\u00e9part \u00e0 la...\" \/>\n<meta property=\"og:url\" content=\"https:\/\/www.webdo.tn\/fr\/actualite\/national\/le-gouvernement-ne-dispose-plus-de-secretaire-generale\/198493\/\" \/>\n<meta property=\"og:site_name\" content=\"webdo\" \/>\n<meta property=\"article:publisher\" content=\"https:\/\/www.facebook.com\/webdotn\" \/>\n<meta property=\"article:published_time\" content=\"2022-11-04T10:07:00+00:00\" \/>\n<meta property=\"article:modified_time\" content=\"2025-05-17T20:58:22+00:00\" \/>\n<meta property=\"og:image\" content=\"https:\/\/www.webdo.tn\/fr\/wp-content\/uploads\/2022\/11\/508bd3931fd1cea92e530b98c3dad739.jpg\" \/>\n\t<meta property=\"og:image:width\" content=\"750\" \/>\n\t<meta property=\"og:image:height\" content=\"400\" \/>\n\t<meta property=\"og:image:type\" content=\"image\/jpeg\" \/>\n<meta name=\"author\" content=\"Webdo\" \/>\n<meta name=\"twitter:card\" content=\"summary_large_image\" \/>\n<meta name=\"twitter:creator\" content=\"@webdo_tn\" \/>\n<meta name=\"twitter:site\" content=\"@webdo_tn\" \/>\n<meta name=\"twitter:label1\" content=\"\u00c9crit par\" \/>\n\t<meta name=\"twitter:data1\" content=\"Webdo\" \/>\n\t<meta name=\"twitter:label2\" content=\"Dur\u00e9e de lecture estim\u00e9e\" \/>\n\t<meta name=\"twitter:data2\" content=\"1 minute\" \/>\n<script type=\"application\/ld+json\" class=\"yoast-schema-graph\">{\"@context\":\"https:\\\/\\\/schema.org\",\"@graph\":[{\"@type\":\"NewsArticle\",\"@id\":\"https:\\\/\\\/www.webdo.tn\\\/fr\\\/actualite\\\/national\\\/le-gouvernement-ne-dispose-plus-de-secretaire-generale\\\/198493\\\/#article\",\"isPartOf\":{\"@id\":\"https:\\\/\\\/www.webdo.tn\\\/fr\\\/actualite\\\/national\\\/le-gouvernement-ne-dispose-plus-de-secretaire-generale\\\/198493\\\/\"},\"author\":{\"name\":\"Webdo\",\"@id\":\"https:\\\/\\\/www.webdo.tn\\\/fr\\\/#\\\/schema\\\/person\\\/1f4e491e0907b413d61089e8eb573acc\"},\"headline\":\"Le gouvernement ne dispose plus de secr\u00e9taire g\u00e9n\u00e9rale\",\"datePublished\":\"2022-11-04T10:07:00+00:00\",\"dateModified\":\"2025-05-17T20:58:22+00:00\",\"mainEntityOfPage\":{\"@id\":\"https:\\\/\\\/www.webdo.tn\\\/fr\\\/actualite\\\/national\\\/le-gouvernement-ne-dispose-plus-de-secretaire-generale\\\/198493\\\/\"},\"wordCount\":121,\"commentCount\":0,\"publisher\":{\"@id\":\"https:\\\/\\\/www.webdo.tn\\\/fr\\\/#organization\"},\"image\":{\"@id\":\"https:\\\/\\\/www.webdo.tn\\\/fr\\\/actualite\\\/national\\\/le-gouvernement-ne-dispose-plus-de-secretaire-generale\\\/198493\\\/#primaryimage\"},\"thumbnailUrl\":\"https:\\\/\\\/www.webdo.tn\\\/fr\\\/wp-content\\\/uploads\\\/2022\\\/11\\\/508bd3931fd1cea92e530b98c3dad739.jpg\",\"keywords\":[\"Najla Bouden\",\"Sarra Rejeb\"],\"articleSection\":[\"National\"],\"inLanguage\":\"fr-FR\"},{\"@type\":\"WebPage\",\"@id\":\"https:\\\/\\\/www.webdo.tn\\\/fr\\\/actualite\\\/national\\\/le-gouvernement-ne-dispose-plus-de-secretaire-generale\\\/198493\\\/\",\"url\":\"https:\\\/\\\/www.webdo.tn\\\/fr\\\/actualite\\\/national\\\/le-gouvernement-ne-dispose-plus-de-secretaire-generale\\\/198493\\\/\",\"name\":\"Le gouvernement ne dispose plus de secr\u00e9taire g\u00e9n\u00e9rale\",\"isPartOf\":{\"@id\":\"https:\\\/\\\/www.webdo.tn\\\/fr\\\/#website\"},\"primaryImageOfPage\":{\"@id\":\"https:\\\/\\\/www.webdo.tn\\\/fr\\\/actualite\\\/national\\\/le-gouvernement-ne-dispose-plus-de-secretaire-generale\\\/198493\\\/#primaryimage\"},\"image\":{\"@id\":\"https:\\\/\\\/www.webdo.tn\\\/fr\\\/actualite\\\/national\\\/le-gouvernement-ne-dispose-plus-de-secretaire-generale\\\/198493\\\/#primaryimage\"},\"thumbnailUrl\":\"https:\\\/\\\/www.webdo.tn\\\/fr\\\/wp-content\\\/uploads\\\/2022\\\/11\\\/508bd3931fd1cea92e530b98c3dad739.jpg\",\"datePublished\":\"2022-11-04T10:07:00+00:00\",\"dateModified\":\"2025-05-17T20:58:22+00:00\",\"description\":\"La cheffe du gouvernement, Najla Bouden a re\u00e7u, hier jeudi 3 novembre 2022, la secr\u00e9taire g\u00e9n\u00e9rale du gouvernement, Sarra Rejeb, \u00e0 l\u2019occasion de son d\u00e9part \u00e0 la...\",\"breadcrumb\":{\"@id\":\"https:\\\/\\\/www.webdo.tn\\\/fr\\\/actualite\\\/national\\\/le-gouvernement-ne-dispose-plus-de-secretaire-generale\\\/198493\\\/#breadcrumb\"},\"inLanguage\":\"fr-FR\",\"potentialAction\":[{\"@type\":\"ReadAction\",\"target\":[\"https:\\\/\\\/www.webdo.tn\\\/fr\\\/actualite\\\/national\\\/le-gouvernement-ne-dispose-plus-de-secretaire-generale\\\/198493\\\/\"]}]},{\"@type\":\"ImageObject\",\"inLanguage\":\"fr-FR\",\"@id\":\"https:\\\/\\\/www.webdo.tn\\\/fr\\\/actualite\\\/national\\\/le-gouvernement-ne-dispose-plus-de-secretaire-generale\\\/198493\\\/#primaryimage\",\"url\":\"https:\\\/\\\/www.webdo.tn\\\/fr\\\/wp-content\\\/uploads\\\/2022\\\/11\\\/508bd3931fd1cea92e530b98c3dad739.jpg\",\"contentUrl\":\"https:\\\/\\\/www.webdo.tn\\\/fr\\\/wp-content\\\/uploads\\\/2022\\\/11\\\/508bd3931fd1cea92e530b98c3dad739.jpg\",\"width\":750,\"height\":400,\"caption\":\"Sarra rejeb Najla Bouden\"},{\"@type\":\"BreadcrumbList\",\"@id\":\"https:\\\/\\\/www.webdo.tn\\\/fr\\\/actualite\\\/national\\\/le-gouvernement-ne-dispose-plus-de-secretaire-generale\\\/198493\\\/#breadcrumb\",\"itemListElement\":[{\"@type\":\"ListItem\",\"position\":1,\"name\":\"Accueil\",\"item\":\"https:\\\/\\\/www.webdo.tn\\\/fr\\\/\"},{\"@type\":\"ListItem\",\"position\":2,\"name\":\"Le gouvernement ne dispose plus de secr\u00e9taire g\u00e9n\u00e9rale\"}]},{\"@type\":\"WebSite\",\"@id\":\"https:\\\/\\\/www.webdo.tn\\\/fr\\\/#website\",\"url\":\"https:\\\/\\\/www.webdo.tn\\\/fr\\\/\",\"name\":\"webdo\",\"description\":\"Tunisie - News en Tunisie et \u00e0 l&#039;international sur Webdo.tn\",\"publisher\":{\"@id\":\"https:\\\/\\\/www.webdo.tn\\\/fr\\\/#organization\"},\"potentialAction\":[{\"@type\":\"SearchAction\",\"target\":{\"@type\":\"EntryPoint\",\"urlTemplate\":\"https:\\\/\\\/www.webdo.tn\\\/fr\\\/?s={search_term_string}\"},\"query-input\":{\"@type\":\"PropertyValueSpecification\",\"valueRequired\":true,\"valueName\":\"search_term_string\"}}],\"inLanguage\":\"fr-FR\"},{\"@type\":\"Organization\",\"@id\":\"https:\\\/\\\/www.webdo.tn\\\/fr\\\/#organization\",\"name\":\"Webdo\",\"alternateName\":\"Webdo.tn\",\"url\":\"https:\\\/\\\/www.webdo.tn\\\/fr\\\/\",\"logo\":{\"@type\":\"ImageObject\",\"inLanguage\":\"fr-FR\",\"@id\":\"https:\\\/\\\/www.webdo.tn\\\/fr\\\/#\\\/schema\\\/logo\\\/image\\\/\",\"url\":\"https:\\\/\\\/www.webdo.tn\\\/fr\\\/wp-content\\\/uploads\\\/2025\\\/06\\\/Webdo-Tunisie_168377.jpg\",\"contentUrl\":\"https:\\\/\\\/www.webdo.tn\\\/fr\\\/wp-content\\\/uploads\\\/2025\\\/06\\\/Webdo-Tunisie_168377.jpg\",\"width\":301,\"height\":301,\"caption\":\"Webdo\"},\"image\":{\"@id\":\"https:\\\/\\\/www.webdo.tn\\\/fr\\\/#\\\/schema\\\/logo\\\/image\\\/\"},\"sameAs\":[\"https:\\\/\\\/www.facebook.com\\\/webdotn\",\"https:\\\/\\\/x.com\\\/webdo_tn\"],\"description\":\"Webdo est un m\u00e9dia num\u00e9rique tunisien fond\u00e9 en 2010, sp\u00e9cialis\u00e9 dans l\u2019actualit\u00e9 nationale et internationale, l\u2019\u00e9conomie, la soci\u00e9t\u00e9 et les analyses politiques. Le site s\u2019adresse \u00e0 un large public francophone et couvre l\u2019information tunisienne en temps r\u00e9el.\",\"email\":\"redac@webdo.tn\",\"legalName\":\"YNJ SARL\",\"foundingDate\":\"2010-09-06\",\"numberOfEmployees\":{\"@type\":\"QuantitativeValue\",\"minValue\":\"11\",\"maxValue\":\"50\"}},{\"@type\":\"Person\",\"@id\":\"https:\\\/\\\/www.webdo.tn\\\/fr\\\/#\\\/schema\\\/person\\\/1f4e491e0907b413d61089e8eb573acc\",\"name\":\"Webdo\",\"image\":{\"@type\":\"ImageObject\",\"inLanguage\":\"fr-FR\",\"@id\":\"https:\\\/\\\/secure.gravatar.com\\\/avatar\\\/de97aeec1bb80978a9dbb127e47dfc88aaacb2f3c29aac907d8d3222e3495d49?s=96&d=mm&r=g\",\"url\":\"https:\\\/\\\/secure.gravatar.com\\\/avatar\\\/de97aeec1bb80978a9dbb127e47dfc88aaacb2f3c29aac907d8d3222e3495d49?s=96&d=mm&r=g\",\"contentUrl\":\"https:\\\/\\\/secure.gravatar.com\\\/avatar\\\/de97aeec1bb80978a9dbb127e47dfc88aaacb2f3c29aac907d8d3222e3495d49?s=96&d=mm&r=g\",\"caption\":\"Webdo\"},\"url\":\"https:\\\/\\\/www.webdo.tn\\\/fr\\\/actualite\\\/author\\\/webdo\\\/\"}]}<\/script>\n<!-- \/ Yoast SEO Premium plugin. -->","yoast_head_json":{"title":"Le gouvernement ne dispose plus de secr\u00e9taire g\u00e9n\u00e9rale","description":"La cheffe du gouvernement, Najla Bouden a re\u00e7u, hier jeudi 3 novembre 2022, la secr\u00e9taire g\u00e9n\u00e9rale du gouvernement, Sarra Rejeb, \u00e0 l\u2019occasion de son d\u00e9part \u00e0 la...","canonical":"https:\/\/www.webdo.tn\/fr\/actualite\/national\/le-gouvernement-ne-dispose-plus-de-secretaire-generale\/198493\/","og_locale":"fr_FR","og_type":"article","og_title":"Le gouvernement ne dispose plus de secr\u00e9taire g\u00e9n\u00e9rale","og_description":"La cheffe du gouvernement, Najla Bouden a re\u00e7u, hier jeudi 3 novembre 2022, la secr\u00e9taire g\u00e9n\u00e9rale du gouvernement, Sarra Rejeb, \u00e0 l\u2019occasion de son d\u00e9part \u00e0 la...","og_url":"https:\/\/www.webdo.tn\/fr\/actualite\/national\/le-gouvernement-ne-dispose-plus-de-secretaire-generale\/198493\/","og_site_name":"webdo","article_publisher":"https:\/\/www.facebook.com\/webdotn","article_published_time":"2022-11-04T10:07:00+00:00","article_modified_time":"2025-05-17T20:58:22+00:00","og_image":[{"width":750,"height":400,"url":"https:\/\/www.webdo.tn\/fr\/wp-content\/uploads\/2022\/11\/508bd3931fd1cea92e530b98c3dad739.jpg","type":"image\/jpeg"}],"author":"Webdo","twitter_card":"summary_large_image","twitter_creator":"@webdo_tn","twitter_site":"@webdo_tn","twitter_misc":{"\u00c9crit par":"Webdo","Dur\u00e9e de lecture estim\u00e9e":"1 minute"},"schema":{"@context":"https:\/\/schema.org","@graph":[{"@type":"NewsArticle","@id":"https:\/\/www.webdo.tn\/fr\/actualite\/national\/le-gouvernement-ne-dispose-plus-de-secretaire-generale\/198493\/#article","isPartOf":{"@id":"https:\/\/www.webdo.tn\/fr\/actualite\/national\/le-gouvernement-ne-dispose-plus-de-secretaire-generale\/198493\/"},"author":{"name":"Webdo","@id":"https:\/\/www.webdo.tn\/fr\/#\/schema\/person\/1f4e491e0907b413d61089e8eb573acc"},"headline":"Le gouvernement ne dispose plus de secr\u00e9taire g\u00e9n\u00e9rale","datePublished":"2022-11-04T10:07:00+00:00","dateModified":"2025-05-17T20:58:22+00:00","mainEntityOfPage":{"@id":"https:\/\/www.webdo.tn\/fr\/actualite\/national\/le-gouvernement-ne-dispose-plus-de-secretaire-generale\/198493\/"},"wordCount":121,"commentCount":0,"publisher":{"@id":"https:\/\/www.webdo.tn\/fr\/#organization"},"image":{"@id":"https:\/\/www.webdo.tn\/fr\/actualite\/national\/le-gouvernement-ne-dispose-plus-de-secretaire-generale\/198493\/#primaryimage"},"thumbnailUrl":"https:\/\/www.webdo.tn\/fr\/wp-content\/uploads\/2022\/11\/508bd3931fd1cea92e530b98c3dad739.jpg","keywords":["Najla Bouden","Sarra Rejeb"],"articleSection":["National"],"inLanguage":"fr-FR"},{"@type":"WebPage","@id":"https:\/\/www.webdo.tn\/fr\/actualite\/national\/le-gouvernement-ne-dispose-plus-de-secretaire-generale\/198493\/","url":"https:\/\/www.webdo.tn\/fr\/actualite\/national\/le-gouvernement-ne-dispose-plus-de-secretaire-generale\/198493\/","name":"Le gouvernement ne dispose plus de secr\u00e9taire g\u00e9n\u00e9rale","isPartOf":{"@id":"https:\/\/www.webdo.tn\/fr\/#website"},"primaryImageOfPage":{"@id":"https:\/\/www.webdo.tn\/fr\/actualite\/national\/le-gouvernement-ne-dispose-plus-de-secretaire-generale\/198493\/#primaryimage"},"image":{"@id":"https:\/\/www.webdo.tn\/fr\/actualite\/national\/le-gouvernement-ne-dispose-plus-de-secretaire-generale\/198493\/#primaryimage"},"thumbnailUrl":"https:\/\/www.webdo.tn\/fr\/wp-content\/uploads\/2022\/11\/508bd3931fd1cea92e530b98c3dad739.jpg","datePublished":"2022-11-04T10:07:00+00:00","dateModified":"2025-05-17T20:58:22+00:00","description":"La cheffe du gouvernement, Najla Bouden a re\u00e7u, hier jeudi 3 novembre 2022, la secr\u00e9taire g\u00e9n\u00e9rale du gouvernement, Sarra Rejeb, \u00e0 l\u2019occasion de son d\u00e9part \u00e0 la...","breadcrumb":{"@id":"https:\/\/www.webdo.tn\/fr\/actualite\/national\/le-gouvernement-ne-dispose-plus-de-secretaire-generale\/198493\/#breadcrumb"},"inLanguage":"fr-FR","potentialAction":[{"@type":"ReadAction","target":["https:\/\/www.webdo.tn\/fr\/actualite\/national\/le-gouvernement-ne-dispose-plus-de-secretaire-generale\/198493\/"]}]},{"@type":"ImageObject","inLanguage":"fr-FR","@id":"https:\/\/www.webdo.tn\/fr\/actualite\/national\/le-gouvernement-ne-dispose-plus-de-secretaire-generale\/198493\/#primaryimage","url":"https:\/\/www.webdo.tn\/fr\/wp-content\/uploads\/2022\/11\/508bd3931fd1cea92e530b98c3dad739.jpg","contentUrl":"https:\/\/www.webdo.tn\/fr\/wp-content\/uploads\/2022\/11\/508bd3931fd1cea92e530b98c3dad739.jpg","width":750,"height":400,"caption":"Sarra rejeb Najla Bouden"},{"@type":"BreadcrumbList","@id":"https:\/\/www.webdo.tn\/fr\/actualite\/national\/le-gouvernement-ne-dispose-plus-de-secretaire-generale\/198493\/#breadcrumb","itemListElement":[{"@type":"ListItem","position":1,"name":"Accueil","item":"https:\/\/www.webdo.tn\/fr\/"},{"@type":"ListItem","position":2,"name":"Le gouvernement ne dispose plus de secr\u00e9taire g\u00e9n\u00e9rale"}]},{"@type":"WebSite","@id":"https:\/\/www.webdo.tn\/fr\/#website","url":"https:\/\/www.webdo.tn\/fr\/","name":"webdo","description":"Tunisie - News en Tunisie et \u00e0 l&#039;international sur Webdo.tn","publisher":{"@id":"https:\/\/www.webdo.tn\/fr\/#organization"},"potentialAction":[{"@type":"SearchAction","target":{"@type":"EntryPoint","urlTemplate":"https:\/\/www.webdo.tn\/fr\/?s={search_term_string}"},"query-input":{"@type":"PropertyValueSpecification","valueRequired":true,"valueName":"search_term_string"}}],"inLanguage":"fr-FR"},{"@type":"Organization","@id":"https:\/\/www.webdo.tn\/fr\/#organization","name":"Webdo","alternateName":"Webdo.tn","url":"https:\/\/www.webdo.tn\/fr\/","logo":{"@type":"ImageObject","inLanguage":"fr-FR","@id":"https:\/\/www.webdo.tn\/fr\/#\/schema\/logo\/image\/","url":"https:\/\/www.webdo.tn\/fr\/wp-content\/uploads\/2025\/06\/Webdo-Tunisie_168377.jpg","contentUrl":"https:\/\/www.webdo.tn\/fr\/wp-content\/uploads\/2025\/06\/Webdo-Tunisie_168377.jpg","width":301,"height":301,"caption":"Webdo"},"image":{"@id":"https:\/\/www.webdo.tn\/fr\/#\/schema\/logo\/image\/"},"sameAs":["https:\/\/www.facebook.com\/webdotn","https:\/\/x.com\/webdo_tn"],"description":"Webdo est un m\u00e9dia num\u00e9rique tunisien fond\u00e9 en 2010, sp\u00e9cialis\u00e9 dans l\u2019actualit\u00e9 nationale et internationale, l\u2019\u00e9conomie, la soci\u00e9t\u00e9 et les analyses politiques. Le site s\u2019adresse \u00e0 un large public francophone et couvre l\u2019information tunisienne en temps r\u00e9el.","email":"redac@webdo.tn","legalName":"YNJ SARL","foundingDate":"2010-09-06","numberOfEmployees":{"@type":"QuantitativeValue","minValue":"11","maxValue":"50"}},{"@type":"Person","@id":"https:\/\/www.webdo.tn\/fr\/#\/schema\/person\/1f4e491e0907b413d61089e8eb573acc","name":"Webdo","image":{"@type":"ImageObject","inLanguage":"fr-FR","@id":"https:\/\/secure.gravatar.com\/avatar\/de97aeec1bb80978a9dbb127e47dfc88aaacb2f3c29aac907d8d3222e3495d49?s=96&d=mm&r=g","url":"https:\/\/secure.gravatar.com\/avatar\/de97aeec1bb80978a9dbb127e47dfc88aaacb2f3c29aac907d8d3222e3495d49?s=96&d=mm&r=g","contentUrl":"https:\/\/secure.gravatar.com\/avatar\/de97aeec1bb80978a9dbb127e47dfc88aaacb2f3c29aac907d8d3222e3495d49?s=96&d=mm&r=g","caption":"Webdo"},"url":"https:\/\/www.webdo.tn\/fr\/actualite\/author\/webdo\/"}]}},"_links":{"self":[{"href":"https:\/\/www.webdo.tn\/fr\/wp-json\/wp\/v2\/posts\/198493","targetHints":{"allow":["GET"]}}],"collection":[{"href":"https:\/\/www.webdo.tn\/fr\/wp-json\/wp\/v2\/posts"}],"about":[{"href":"https:\/\/www.webdo.tn\/fr\/wp-json\/wp\/v2\/types\/post"}],"author":[{"embeddable":true,"href":"https:\/\/www.webdo.tn\/fr\/wp-json\/wp\/v2\/users\/3169"}],"replies":[{"embeddable":true,"href":"https:\/\/www.webdo.tn\/fr\/wp-json\/wp\/v2\/comments?post=198493"}],"version-history":[{"count":0,"href":"https:\/\/www.webdo.tn\/fr\/wp-json\/wp\/v2\/posts\/198493\/revisions"}],"wp:featuredmedia":[{"embeddable":true,"href":"https:\/\/www.webdo.tn\/fr\/wp-json\/wp\/v2\/media\/277182"}],"wp:attachment":[{"href":"https:\/\/www.webdo.tn\/fr\/wp-json\/wp\/v2\/media?parent=198493"}],"wp:term":[{"taxonomy":"category","embeddable":true,"href":"https:\/\/www.webdo.tn\/fr\/wp-json\/wp\/v2\/categories?post=198493"},{"taxonomy":"post_tag","embeddable":true,"href":"https:\/\/www.webdo.tn\/fr\/wp-json\/wp\/v2\/tags?post=198493"}],"curies":[{"name":"wp","href":"https:\/\/api.w.org\/{rel}","templated":true}]}}