{"id":198484,"date":"2022-11-04T07:58:00","date_gmt":"2022-11-04T07:58:00","guid":{"rendered":"https:\/\/www.webdo.tn\/fr\/actualite\/blog\/aides-subvention-jusqu-a-huit-millions-de-tunisiens-beneficiaires-selon-nemsia\/198484\/"},"modified":"2025-05-22T11:45:37","modified_gmt":"2025-05-22T11:45:37","slug":"aides-subvention-jusqu-a-huit-millions-de-tunisiens-beneficiaires-selon-nemsia","status":"publish","type":"post","link":"https:\/\/www.webdo.tn\/fr\/actualite\/national\/aides-subvention-jusqu-a-huit-millions-de-tunisiens-beneficiaires-selon-nemsia\/198484\/","title":{"rendered":"Aides \u2013 Subvention : \u00ab Jusqu\u2019\u00e0 huit millions de Tunisiens b\u00e9n\u00e9ficiaires \u00bb, selon Nemsia"},"content":{"rendered":"<p>La ministre des Finances Sihem Nemsia est revenue hier jeudi 3 novembre sur la question de la lev\u00e9e de la subvention des produits de base.<\/p>\n<p> Accordant une interview \u00e0 Attessia, elle a affirm\u00e9 qu\u2019il n\u2019y aura pas de lev\u00e9e, mais plut\u00f4t de l\u2019orientation de la subvention vers les cat\u00e9gories concern\u00e9es.<\/p>\n<p>A cet effet, elle a rappel\u00e9 que le gouvernement finalise la mise en place d\u2019une plateforme pour permettre aux Tunisiens de s\u2019enregistrer et de b\u00e9n\u00e9ficier des aides directes. \u00ab Il y a beaucoup de d\u00e9sinformation dans ce dossier.<\/p>\n<p>L\u2019orientation de la subvention se fera d\u2019une mani\u00e8re progressive sur quatre ans entre 2023 et 2026. Ceux qui disent que seulement les classes n\u00e9cessiteuses b\u00e9n\u00e9ficieront des aides veulent induire les Tunisiens en erreur \u00bb, a-t-elle dit.<\/p>\n<p>Et d\u2019ajouter que selon les premi\u00e8res simulations, jusqu\u2019\u00e0 huit millions de Tunisiens vont b\u00e9n\u00e9ficier de ce m\u00e9canisme, y compris les fonctionnaires et la classe moyenne.<\/p>\n<p>S\u2019agissant des carburants, la ministre a rappel\u00e9 que l\u2019Etat s\u2019est, depuis 2020, lanc\u00e9 dans le m\u00e9canisme d\u2019ajustement automatique de leur prix.<\/p>\n","protected":false},"excerpt":{"rendered":"<p>La ministre des Finances Sihem Nemsia est revenue hier jeudi 3 novembre sur la question de la lev\u00e9e de la subvention des produits de base.<\/p>\n","protected":false},"author":3175,"featured_media":348659,"comment_status":"open","ping_status":"closed","sticky":false,"template":"","format":"standard","meta":{"footnotes":""},"categories":[44],"tags":[7198,7382,2608],"class_list":["post-198484","post","type-post","status-publish","format-standard","has-post-thumbnail","hentry","category-national","tag-aides","tag-subvention","tag-tunisie"],"yoast_head":"<!-- This site is optimized with the Yoast SEO Premium plugin v27.5 (Yoast SEO v27.5) - https:\/\/yoast.com\/product\/yoast-seo-premium-wordpress\/ -->\n<title>Aides \u2013 Subvention : \u00ab Jusqu\u2019\u00e0 huit millions de Tunisiens b\u00e9n\u00e9ficiaires \u00bb, selon Nemsia<\/title>\n<meta name=\"description\" content=\"La ministre des Finances Sihem Nemsia est revenue hier jeudi 3 novembre sur la question de la lev\u00e9e de la subvention des produits de base.\" \/>\n<link rel=\"canonical\" href=\"https:\/\/www.webdo.tn\/fr\/actualite\/national-45\/aides-subvention-jusqu-a-huit-millions-de-tunisiens-beneficiaires-selon-nemsia\/198484\/\" \/>\n<meta property=\"og:locale\" content=\"fr_FR\" \/>\n<meta property=\"og:type\" content=\"article\" \/>\n<meta property=\"og:title\" content=\"Aides \u2013 Subvention : \u00ab Jusqu\u2019\u00e0 huit millions de Tunisiens b\u00e9n\u00e9ficiaires \u00bb, selon Nemsia\" \/>\n<meta property=\"og:description\" content=\"La ministre des Finances Sihem Nemsia est revenue hier jeudi 3 novembre sur la question de la lev\u00e9e de la subvention des produits de base.\" \/>\n<meta property=\"og:url\" content=\"https:\/\/www.webdo.tn\/fr\/actualite\/national-45\/aides-subvention-jusqu-a-huit-millions-de-tunisiens-beneficiaires-selon-nemsia\/198484\/\" \/>\n<meta property=\"og:site_name\" content=\"webdo\" \/>\n<meta property=\"article:publisher\" content=\"https:\/\/www.facebook.com\/webdotn\" \/>\n<meta property=\"article:published_time\" content=\"2022-11-04T07:58:00+00:00\" \/>\n<meta property=\"article:modified_time\" content=\"2025-05-22T11:45:37+00:00\" \/>\n<meta property=\"og:image\" content=\"https:\/\/www.webdo.tn\/fr\/wp-content\/uploads\/2022\/11\/300234fbbabf7b926236813f05b3828c.jpg\" \/>\n\t<meta property=\"og:image:width\" content=\"680\" \/>\n\t<meta property=\"og:image:height\" content=\"363\" \/>\n\t<meta property=\"og:image:type\" content=\"image\/jpeg\" \/>\n<meta name=\"author\" content=\"CL\" \/>\n<meta name=\"twitter:card\" content=\"summary_large_image\" \/>\n<meta name=\"twitter:creator\" content=\"@webdo_tn\" \/>\n<meta name=\"twitter:site\" content=\"@webdo_tn\" \/>\n<meta name=\"twitter:label1\" content=\"\u00c9crit par\" \/>\n\t<meta name=\"twitter:data1\" content=\"CL\" \/>\n\t<meta name=\"twitter:label2\" content=\"Dur\u00e9e de lecture estim\u00e9e\" \/>\n\t<meta name=\"twitter:data2\" content=\"1 minute\" \/>\n<script type=\"application\/ld+json\" class=\"yoast-schema-graph\">{\"@context\":\"https:\\\/\\\/schema.org\",\"@graph\":[{\"@type\":\"NewsArticle\",\"@id\":\"https:\\\/\\\/www.webdo.tn\\\/fr\\\/actualite\\\/national-45\\\/aides-subvention-jusqu-a-huit-millions-de-tunisiens-beneficiaires-selon-nemsia\\\/198484\\\/#article\",\"isPartOf\":{\"@id\":\"https:\\\/\\\/www.webdo.tn\\\/fr\\\/actualite\\\/national-45\\\/aides-subvention-jusqu-a-huit-millions-de-tunisiens-beneficiaires-selon-nemsia\\\/198484\\\/\"},\"author\":{\"name\":\"CL\",\"@id\":\"https:\\\/\\\/www.webdo.tn\\\/fr\\\/#\\\/schema\\\/person\\\/f35b42a42c5e2511bbd282959d6385cc\"},\"headline\":\"Aides \u2013 Subvention : \u00ab Jusqu\u2019\u00e0 huit millions de Tunisiens b\u00e9n\u00e9ficiaires \u00bb, selon Nemsia\",\"datePublished\":\"2022-11-04T07:58:00+00:00\",\"dateModified\":\"2025-05-22T11:45:37+00:00\",\"mainEntityOfPage\":{\"@id\":\"https:\\\/\\\/www.webdo.tn\\\/fr\\\/actualite\\\/national-45\\\/aides-subvention-jusqu-a-huit-millions-de-tunisiens-beneficiaires-selon-nemsia\\\/198484\\\/\"},\"wordCount\":204,\"commentCount\":0,\"publisher\":{\"@id\":\"https:\\\/\\\/www.webdo.tn\\\/fr\\\/#organization\"},\"image\":{\"@id\":\"https:\\\/\\\/www.webdo.tn\\\/fr\\\/actualite\\\/national-45\\\/aides-subvention-jusqu-a-huit-millions-de-tunisiens-beneficiaires-selon-nemsia\\\/198484\\\/#primaryimage\"},\"thumbnailUrl\":\"https:\\\/\\\/www.webdo.tn\\\/fr\\\/wp-content\\\/uploads\\\/2022\\\/11\\\/300234fbbabf7b926236813f05b3828c.jpg\",\"keywords\":[\"Aides\",\"Subvention\",\"Tunisie\"],\"articleSection\":[\"National\"],\"inLanguage\":\"fr-FR\"},{\"@type\":\"WebPage\",\"@id\":\"https:\\\/\\\/www.webdo.tn\\\/fr\\\/actualite\\\/national-45\\\/aides-subvention-jusqu-a-huit-millions-de-tunisiens-beneficiaires-selon-nemsia\\\/198484\\\/\",\"url\":\"https:\\\/\\\/www.webdo.tn\\\/fr\\\/actualite\\\/national-45\\\/aides-subvention-jusqu-a-huit-millions-de-tunisiens-beneficiaires-selon-nemsia\\\/198484\\\/\",\"name\":\"Aides \u2013 Subvention : \u00ab Jusqu\u2019\u00e0 huit millions de Tunisiens b\u00e9n\u00e9ficiaires \u00bb, selon Nemsia\",\"isPartOf\":{\"@id\":\"https:\\\/\\\/www.webdo.tn\\\/fr\\\/#website\"},\"primaryImageOfPage\":{\"@id\":\"https:\\\/\\\/www.webdo.tn\\\/fr\\\/actualite\\\/national-45\\\/aides-subvention-jusqu-a-huit-millions-de-tunisiens-beneficiaires-selon-nemsia\\\/198484\\\/#primaryimage\"},\"image\":{\"@id\":\"https:\\\/\\\/www.webdo.tn\\\/fr\\\/actualite\\\/national-45\\\/aides-subvention-jusqu-a-huit-millions-de-tunisiens-beneficiaires-selon-nemsia\\\/198484\\\/#primaryimage\"},\"thumbnailUrl\":\"https:\\\/\\\/www.webdo.tn\\\/fr\\\/wp-content\\\/uploads\\\/2022\\\/11\\\/300234fbbabf7b926236813f05b3828c.jpg\",\"datePublished\":\"2022-11-04T07:58:00+00:00\",\"dateModified\":\"2025-05-22T11:45:37+00:00\",\"description\":\"La ministre des Finances Sihem Nemsia est revenue hier jeudi 3 novembre sur la question de la lev\u00e9e de la subvention des produits de base.\",\"breadcrumb\":{\"@id\":\"https:\\\/\\\/www.webdo.tn\\\/fr\\\/actualite\\\/national-45\\\/aides-subvention-jusqu-a-huit-millions-de-tunisiens-beneficiaires-selon-nemsia\\\/198484\\\/#breadcrumb\"},\"inLanguage\":\"fr-FR\",\"potentialAction\":[{\"@type\":\"ReadAction\",\"target\":[\"https:\\\/\\\/www.webdo.tn\\\/fr\\\/actualite\\\/national-45\\\/aides-subvention-jusqu-a-huit-millions-de-tunisiens-beneficiaires-selon-nemsia\\\/198484\\\/\"]}]},{\"@type\":\"ImageObject\",\"inLanguage\":\"fr-FR\",\"@id\":\"https:\\\/\\\/www.webdo.tn\\\/fr\\\/actualite\\\/national-45\\\/aides-subvention-jusqu-a-huit-millions-de-tunisiens-beneficiaires-selon-nemsia\\\/198484\\\/#primaryimage\",\"url\":\"https:\\\/\\\/www.webdo.tn\\\/fr\\\/wp-content\\\/uploads\\\/2022\\\/11\\\/300234fbbabf7b926236813f05b3828c.jpg\",\"contentUrl\":\"https:\\\/\\\/www.webdo.tn\\\/fr\\\/wp-content\\\/uploads\\\/2022\\\/11\\\/300234fbbabf7b926236813f05b3828c.jpg\",\"width\":680,\"height\":363,\"caption\":\"Sihem Nemsia\"},{\"@type\":\"BreadcrumbList\",\"@id\":\"https:\\\/\\\/www.webdo.tn\\\/fr\\\/actualite\\\/national-45\\\/aides-subvention-jusqu-a-huit-millions-de-tunisiens-beneficiaires-selon-nemsia\\\/198484\\\/#breadcrumb\",\"itemListElement\":[{\"@type\":\"ListItem\",\"position\":1,\"name\":\"Accueil\",\"item\":\"https:\\\/\\\/www.webdo.tn\\\/fr\\\/\"},{\"@type\":\"ListItem\",\"position\":2,\"name\":\"Aides \u2013 Subvention : \u00ab Jusqu\u2019\u00e0 huit millions de Tunisiens b\u00e9n\u00e9ficiaires \u00bb, selon Nemsia\"}]},{\"@type\":\"WebSite\",\"@id\":\"https:\\\/\\\/www.webdo.tn\\\/fr\\\/#website\",\"url\":\"https:\\\/\\\/www.webdo.tn\\\/fr\\\/\",\"name\":\"webdo\",\"description\":\"Tunisie - News en Tunisie et \u00e0 l&#039;international sur Webdo.tn\",\"publisher\":{\"@id\":\"https:\\\/\\\/www.webdo.tn\\\/fr\\\/#organization\"},\"potentialAction\":[{\"@type\":\"SearchAction\",\"target\":{\"@type\":\"EntryPoint\",\"urlTemplate\":\"https:\\\/\\\/www.webdo.tn\\\/fr\\\/?s={search_term_string}\"},\"query-input\":{\"@type\":\"PropertyValueSpecification\",\"valueRequired\":true,\"valueName\":\"search_term_string\"}}],\"inLanguage\":\"fr-FR\"},{\"@type\":\"Organization\",\"@id\":\"https:\\\/\\\/www.webdo.tn\\\/fr\\\/#organization\",\"name\":\"Webdo\",\"alternateName\":\"Webdo.tn\",\"url\":\"https:\\\/\\\/www.webdo.tn\\\/fr\\\/\",\"logo\":{\"@type\":\"ImageObject\",\"inLanguage\":\"fr-FR\",\"@id\":\"https:\\\/\\\/www.webdo.tn\\\/fr\\\/#\\\/schema\\\/logo\\\/image\\\/\",\"url\":\"https:\\\/\\\/www.webdo.tn\\\/fr\\\/wp-content\\\/uploads\\\/2025\\\/06\\\/Webdo-Tunisie_168377.jpg\",\"contentUrl\":\"https:\\\/\\\/www.webdo.tn\\\/fr\\\/wp-content\\\/uploads\\\/2025\\\/06\\\/Webdo-Tunisie_168377.jpg\",\"width\":301,\"height\":301,\"caption\":\"Webdo\"},\"image\":{\"@id\":\"https:\\\/\\\/www.webdo.tn\\\/fr\\\/#\\\/schema\\\/logo\\\/image\\\/\"},\"sameAs\":[\"https:\\\/\\\/www.facebook.com\\\/webdotn\",\"https:\\\/\\\/x.com\\\/webdo_tn\"],\"description\":\"Webdo est un m\u00e9dia num\u00e9rique tunisien fond\u00e9 en 2010, sp\u00e9cialis\u00e9 dans l\u2019actualit\u00e9 nationale et internationale, l\u2019\u00e9conomie, la soci\u00e9t\u00e9 et les analyses politiques. Le site s\u2019adresse \u00e0 un large public francophone et couvre l\u2019information tunisienne en temps r\u00e9el.\",\"email\":\"redac@webdo.tn\",\"legalName\":\"YNJ SARL\",\"foundingDate\":\"2010-09-06\",\"numberOfEmployees\":{\"@type\":\"QuantitativeValue\",\"minValue\":\"11\",\"maxValue\":\"50\"}},{\"@type\":\"Person\",\"@id\":\"https:\\\/\\\/www.webdo.tn\\\/fr\\\/#\\\/schema\\\/person\\\/f35b42a42c5e2511bbd282959d6385cc\",\"name\":\"CL\",\"image\":{\"@type\":\"ImageObject\",\"inLanguage\":\"fr-FR\",\"@id\":\"https:\\\/\\\/secure.gravatar.com\\\/avatar\\\/1447a49909b67aa657c488aec6512e1dd6143a480c1ecfee9b5b5cd74eb3b59e?s=96&d=mm&r=g\",\"url\":\"https:\\\/\\\/secure.gravatar.com\\\/avatar\\\/1447a49909b67aa657c488aec6512e1dd6143a480c1ecfee9b5b5cd74eb3b59e?s=96&d=mm&r=g\",\"contentUrl\":\"https:\\\/\\\/secure.gravatar.com\\\/avatar\\\/1447a49909b67aa657c488aec6512e1dd6143a480c1ecfee9b5b5cd74eb3b59e?s=96&d=mm&r=g\",\"caption\":\"CL\"},\"url\":\"https:\\\/\\\/www.webdo.tn\\\/fr\\\/actualite\\\/author\\\/cl\\\/\"}]}<\/script>\n<!-- \/ Yoast SEO Premium plugin. -->","yoast_head_json":{"title":"Aides \u2013 Subvention : \u00ab Jusqu\u2019\u00e0 huit millions de Tunisiens b\u00e9n\u00e9ficiaires \u00bb, selon Nemsia","description":"La ministre des Finances Sihem Nemsia est revenue hier jeudi 3 novembre sur la question de la lev\u00e9e de la subvention des produits de base.","canonical":"https:\/\/www.webdo.tn\/fr\/actualite\/national-45\/aides-subvention-jusqu-a-huit-millions-de-tunisiens-beneficiaires-selon-nemsia\/198484\/","og_locale":"fr_FR","og_type":"article","og_title":"Aides \u2013 Subvention : \u00ab Jusqu\u2019\u00e0 huit millions de Tunisiens b\u00e9n\u00e9ficiaires \u00bb, selon Nemsia","og_description":"La ministre des Finances Sihem Nemsia est revenue hier jeudi 3 novembre sur la question de la lev\u00e9e de la subvention des produits de base.","og_url":"https:\/\/www.webdo.tn\/fr\/actualite\/national-45\/aides-subvention-jusqu-a-huit-millions-de-tunisiens-beneficiaires-selon-nemsia\/198484\/","og_site_name":"webdo","article_publisher":"https:\/\/www.facebook.com\/webdotn","article_published_time":"2022-11-04T07:58:00+00:00","article_modified_time":"2025-05-22T11:45:37+00:00","og_image":[{"width":680,"height":363,"url":"https:\/\/www.webdo.tn\/fr\/wp-content\/uploads\/2022\/11\/300234fbbabf7b926236813f05b3828c.jpg","type":"image\/jpeg"}],"author":"CL","twitter_card":"summary_large_image","twitter_creator":"@webdo_tn","twitter_site":"@webdo_tn","twitter_misc":{"\u00c9crit par":"CL","Dur\u00e9e de lecture estim\u00e9e":"1 minute"},"schema":{"@context":"https:\/\/schema.org","@graph":[{"@type":"NewsArticle","@id":"https:\/\/www.webdo.tn\/fr\/actualite\/national-45\/aides-subvention-jusqu-a-huit-millions-de-tunisiens-beneficiaires-selon-nemsia\/198484\/#article","isPartOf":{"@id":"https:\/\/www.webdo.tn\/fr\/actualite\/national-45\/aides-subvention-jusqu-a-huit-millions-de-tunisiens-beneficiaires-selon-nemsia\/198484\/"},"author":{"name":"CL","@id":"https:\/\/www.webdo.tn\/fr\/#\/schema\/person\/f35b42a42c5e2511bbd282959d6385cc"},"headline":"Aides \u2013 Subvention : \u00ab Jusqu\u2019\u00e0 huit millions de Tunisiens b\u00e9n\u00e9ficiaires \u00bb, selon Nemsia","datePublished":"2022-11-04T07:58:00+00:00","dateModified":"2025-05-22T11:45:37+00:00","mainEntityOfPage":{"@id":"https:\/\/www.webdo.tn\/fr\/actualite\/national-45\/aides-subvention-jusqu-a-huit-millions-de-tunisiens-beneficiaires-selon-nemsia\/198484\/"},"wordCount":204,"commentCount":0,"publisher":{"@id":"https:\/\/www.webdo.tn\/fr\/#organization"},"image":{"@id":"https:\/\/www.webdo.tn\/fr\/actualite\/national-45\/aides-subvention-jusqu-a-huit-millions-de-tunisiens-beneficiaires-selon-nemsia\/198484\/#primaryimage"},"thumbnailUrl":"https:\/\/www.webdo.tn\/fr\/wp-content\/uploads\/2022\/11\/300234fbbabf7b926236813f05b3828c.jpg","keywords":["Aides","Subvention","Tunisie"],"articleSection":["National"],"inLanguage":"fr-FR"},{"@type":"WebPage","@id":"https:\/\/www.webdo.tn\/fr\/actualite\/national-45\/aides-subvention-jusqu-a-huit-millions-de-tunisiens-beneficiaires-selon-nemsia\/198484\/","url":"https:\/\/www.webdo.tn\/fr\/actualite\/national-45\/aides-subvention-jusqu-a-huit-millions-de-tunisiens-beneficiaires-selon-nemsia\/198484\/","name":"Aides \u2013 Subvention : \u00ab Jusqu\u2019\u00e0 huit millions de Tunisiens b\u00e9n\u00e9ficiaires \u00bb, selon Nemsia","isPartOf":{"@id":"https:\/\/www.webdo.tn\/fr\/#website"},"primaryImageOfPage":{"@id":"https:\/\/www.webdo.tn\/fr\/actualite\/national-45\/aides-subvention-jusqu-a-huit-millions-de-tunisiens-beneficiaires-selon-nemsia\/198484\/#primaryimage"},"image":{"@id":"https:\/\/www.webdo.tn\/fr\/actualite\/national-45\/aides-subvention-jusqu-a-huit-millions-de-tunisiens-beneficiaires-selon-nemsia\/198484\/#primaryimage"},"thumbnailUrl":"https:\/\/www.webdo.tn\/fr\/wp-content\/uploads\/2022\/11\/300234fbbabf7b926236813f05b3828c.jpg","datePublished":"2022-11-04T07:58:00+00:00","dateModified":"2025-05-22T11:45:37+00:00","description":"La ministre des Finances Sihem Nemsia est revenue hier jeudi 3 novembre sur la question de la lev\u00e9e de la subvention des produits de base.","breadcrumb":{"@id":"https:\/\/www.webdo.tn\/fr\/actualite\/national-45\/aides-subvention-jusqu-a-huit-millions-de-tunisiens-beneficiaires-selon-nemsia\/198484\/#breadcrumb"},"inLanguage":"fr-FR","potentialAction":[{"@type":"ReadAction","target":["https:\/\/www.webdo.tn\/fr\/actualite\/national-45\/aides-subvention-jusqu-a-huit-millions-de-tunisiens-beneficiaires-selon-nemsia\/198484\/"]}]},{"@type":"ImageObject","inLanguage":"fr-FR","@id":"https:\/\/www.webdo.tn\/fr\/actualite\/national-45\/aides-subvention-jusqu-a-huit-millions-de-tunisiens-beneficiaires-selon-nemsia\/198484\/#primaryimage","url":"https:\/\/www.webdo.tn\/fr\/wp-content\/uploads\/2022\/11\/300234fbbabf7b926236813f05b3828c.jpg","contentUrl":"https:\/\/www.webdo.tn\/fr\/wp-content\/uploads\/2022\/11\/300234fbbabf7b926236813f05b3828c.jpg","width":680,"height":363,"caption":"Sihem Nemsia"},{"@type":"BreadcrumbList","@id":"https:\/\/www.webdo.tn\/fr\/actualite\/national-45\/aides-subvention-jusqu-a-huit-millions-de-tunisiens-beneficiaires-selon-nemsia\/198484\/#breadcrumb","itemListElement":[{"@type":"ListItem","position":1,"name":"Accueil","item":"https:\/\/www.webdo.tn\/fr\/"},{"@type":"ListItem","position":2,"name":"Aides \u2013 Subvention : \u00ab Jusqu\u2019\u00e0 huit millions de Tunisiens b\u00e9n\u00e9ficiaires \u00bb, selon Nemsia"}]},{"@type":"WebSite","@id":"https:\/\/www.webdo.tn\/fr\/#website","url":"https:\/\/www.webdo.tn\/fr\/","name":"webdo","description":"Tunisie - News en Tunisie et \u00e0 l&#039;international sur Webdo.tn","publisher":{"@id":"https:\/\/www.webdo.tn\/fr\/#organization"},"potentialAction":[{"@type":"SearchAction","target":{"@type":"EntryPoint","urlTemplate":"https:\/\/www.webdo.tn\/fr\/?s={search_term_string}"},"query-input":{"@type":"PropertyValueSpecification","valueRequired":true,"valueName":"search_term_string"}}],"inLanguage":"fr-FR"},{"@type":"Organization","@id":"https:\/\/www.webdo.tn\/fr\/#organization","name":"Webdo","alternateName":"Webdo.tn","url":"https:\/\/www.webdo.tn\/fr\/","logo":{"@type":"ImageObject","inLanguage":"fr-FR","@id":"https:\/\/www.webdo.tn\/fr\/#\/schema\/logo\/image\/","url":"https:\/\/www.webdo.tn\/fr\/wp-content\/uploads\/2025\/06\/Webdo-Tunisie_168377.jpg","contentUrl":"https:\/\/www.webdo.tn\/fr\/wp-content\/uploads\/2025\/06\/Webdo-Tunisie_168377.jpg","width":301,"height":301,"caption":"Webdo"},"image":{"@id":"https:\/\/www.webdo.tn\/fr\/#\/schema\/logo\/image\/"},"sameAs":["https:\/\/www.facebook.com\/webdotn","https:\/\/x.com\/webdo_tn"],"description":"Webdo est un m\u00e9dia num\u00e9rique tunisien fond\u00e9 en 2010, sp\u00e9cialis\u00e9 dans l\u2019actualit\u00e9 nationale et internationale, l\u2019\u00e9conomie, la soci\u00e9t\u00e9 et les analyses politiques. Le site s\u2019adresse \u00e0 un large public francophone et couvre l\u2019information tunisienne en temps r\u00e9el.","email":"redac@webdo.tn","legalName":"YNJ SARL","foundingDate":"2010-09-06","numberOfEmployees":{"@type":"QuantitativeValue","minValue":"11","maxValue":"50"}},{"@type":"Person","@id":"https:\/\/www.webdo.tn\/fr\/#\/schema\/person\/f35b42a42c5e2511bbd282959d6385cc","name":"CL","image":{"@type":"ImageObject","inLanguage":"fr-FR","@id":"https:\/\/secure.gravatar.com\/avatar\/1447a49909b67aa657c488aec6512e1dd6143a480c1ecfee9b5b5cd74eb3b59e?s=96&d=mm&r=g","url":"https:\/\/secure.gravatar.com\/avatar\/1447a49909b67aa657c488aec6512e1dd6143a480c1ecfee9b5b5cd74eb3b59e?s=96&d=mm&r=g","contentUrl":"https:\/\/secure.gravatar.com\/avatar\/1447a49909b67aa657c488aec6512e1dd6143a480c1ecfee9b5b5cd74eb3b59e?s=96&d=mm&r=g","caption":"CL"},"url":"https:\/\/www.webdo.tn\/fr\/actualite\/author\/cl\/"}]}},"_links":{"self":[{"href":"https:\/\/www.webdo.tn\/fr\/wp-json\/wp\/v2\/posts\/198484","targetHints":{"allow":["GET"]}}],"collection":[{"href":"https:\/\/www.webdo.tn\/fr\/wp-json\/wp\/v2\/posts"}],"about":[{"href":"https:\/\/www.webdo.tn\/fr\/wp-json\/wp\/v2\/types\/post"}],"author":[{"embeddable":true,"href":"https:\/\/www.webdo.tn\/fr\/wp-json\/wp\/v2\/users\/3175"}],"replies":[{"embeddable":true,"href":"https:\/\/www.webdo.tn\/fr\/wp-json\/wp\/v2\/comments?post=198484"}],"version-history":[{"count":0,"href":"https:\/\/www.webdo.tn\/fr\/wp-json\/wp\/v2\/posts\/198484\/revisions"}],"wp:featuredmedia":[{"embeddable":true,"href":"https:\/\/www.webdo.tn\/fr\/wp-json\/wp\/v2\/media\/348659"}],"wp:attachment":[{"href":"https:\/\/www.webdo.tn\/fr\/wp-json\/wp\/v2\/media?parent=198484"}],"wp:term":[{"taxonomy":"category","embeddable":true,"href":"https:\/\/www.webdo.tn\/fr\/wp-json\/wp\/v2\/categories?post=198484"},{"taxonomy":"post_tag","embeddable":true,"href":"https:\/\/www.webdo.tn\/fr\/wp-json\/wp\/v2\/tags?post=198484"}],"curies":[{"name":"wp","href":"https:\/\/api.w.org\/{rel}","templated":true}]}}