{"id":198472,"date":"2022-11-03T20:11:00","date_gmt":"2022-11-03T20:11:00","guid":{"rendered":"https:\/\/www.webdo.tn\/fr\/actualite\/blog\/affaire-omar-laabidi-deux-ans-de-prison-contre-12-policiers\/198472\/"},"modified":"2025-05-22T11:45:36","modified_gmt":"2025-05-22T11:45:36","slug":"affaire-omar-laabidi-deux-ans-de-prison-contre-12-policiers","status":"publish","type":"post","link":"https:\/\/www.webdo.tn\/fr\/actualite\/national\/affaire-omar-laabidi-deux-ans-de-prison-contre-12-policiers\/198472\/","title":{"rendered":"Affaire Omar L\u00e2abidi : Deux ans de prison contre 12 policiers"},"content":{"rendered":"<p>La Chambre criminelle aupr\u00e8s du Tribunal de Ben Arous a condamn\u00e9 \u00e0 deux ans de prison, douze s\u00e9curitaires, impliqu\u00e9s dans la mort du supporter du Club africain, Omar L\u00e2abidi, pour homicide involontaire.<\/p>\n<p> Selon le porte-parole du Tribunal de premi\u00e8re instance de Ben Arous, Omar Hna\u00efen, un non-lieu a \u00e9t\u00e9 prononc\u00e9 en faveur de deux autres accus\u00e9s.<\/p>\n<p>Apr\u00e8s quatre audiences d\u00e9j\u00e0 report\u00e9es, le Tribunal de premi\u00e8re instance de Ben Arous a tenu une cinqui\u00e8me audience, le 20 octobre dernier. Quatorze agents de s\u00e9curit\u00e9, absents des audiences pr\u00e9c\u00e9dentes, ont comparu, en \u00e9tat de libert\u00e9, lors de cette audition.<\/p>\n<p>La Chambre criminelle a alors d\u00e9cid\u00e9 de reporter le verdict dans cette affaire, \u00e0 aujourd\u2019hui, jeudi 3 novembre 2022. Ces 14 agents de s\u00e9curit\u00e9 sont accus\u00e9s d\u2019homicide involontaire et de non-assistance \u00e0 personne en danger dans l\u2019affaire de la noyade du jeune Omar Laabidi.<\/p>\n<p>Omar Laabidi est d\u00e9c\u00e9d\u00e9 le 31 mars 2018 \u00e0 l\u2019\u00e2ge de 19 ans \u00e0 l\u2019issue de la rencontre de Ligue 1 ayant oppos\u00e9 le Club Africain \u00e0 l\u2019Olympique de M\u00e9denine \u00e0 Rades et a \u00e9t\u00e9 rep\u00each\u00e9 le lendemain du oued Meliane.<\/p>\n<p>Il \u00e9tait tomb\u00e9 dans l\u2019oued suite \u00e0 une bagarre entre deux groupes de supporters dans les gradins en tentant de fuir les forces de l\u2019ordre qui sont intervenues pour s\u00e9parer les deux groupes bellig\u00e9rants et les ont pourchass\u00e9s jusqu\u2019\u00e0 l\u2019ext\u00e9rieur du stade.<\/p>\n","protected":false},"excerpt":{"rendered":"<p>La Chambre criminelle aupr\u00e8s du Tribunal de Ben Arous a condamn\u00e9 \u00e0 deux ans de prison, douze s\u00e9curitaires, impliqu\u00e9s dans la mort du supporter du Club africain,&#8230;<\/p>\n","protected":false},"author":3175,"featured_media":348658,"comment_status":"open","ping_status":"closed","sticky":false,"template":"","format":"standard","meta":{"footnotes":""},"categories":[44],"tags":[5322,3101,6213,2608],"class_list":["post-198472","post","type-post","status-publish","format-standard","has-post-thumbnail","hentry","category-national","tag-affaire","tag-club-africain","tag-omar-laabidi","tag-tunisie"],"yoast_head":"<!-- This site is optimized with the Yoast SEO Premium plugin v27.4 (Yoast SEO v27.5) - https:\/\/yoast.com\/product\/yoast-seo-premium-wordpress\/ -->\n<title>Affaire Omar L\u00e2abidi : Deux ans de prison contre 12 policiers<\/title>\n<meta name=\"description\" content=\"La Chambre criminelle aupr\u00e8s du Tribunal de Ben Arous a condamn\u00e9 \u00e0 deux ans de prison, douze s\u00e9curitaires, impliqu\u00e9s dans la mort du supporter du Club africain,...\" \/>\n<link rel=\"canonical\" href=\"https:\/\/www.webdo.tn\/fr\/actualite\/national-45\/affaire-omar-laabidi-deux-ans-de-prison-contre-12-policiers\/198472\/\" \/>\n<meta property=\"og:locale\" content=\"fr_FR\" \/>\n<meta property=\"og:type\" content=\"article\" \/>\n<meta property=\"og:title\" content=\"Affaire Omar L\u00e2abidi : Deux ans de prison contre 12 policiers\" \/>\n<meta property=\"og:description\" content=\"La Chambre criminelle aupr\u00e8s du Tribunal de Ben Arous a condamn\u00e9 \u00e0 deux ans de prison, douze s\u00e9curitaires, impliqu\u00e9s dans la mort du supporter du Club africain,...\" \/>\n<meta property=\"og:url\" content=\"https:\/\/www.webdo.tn\/fr\/actualite\/national-45\/affaire-omar-laabidi-deux-ans-de-prison-contre-12-policiers\/198472\/\" \/>\n<meta property=\"og:site_name\" content=\"webdo\" \/>\n<meta property=\"article:publisher\" content=\"https:\/\/www.facebook.com\/webdotn\" \/>\n<meta property=\"article:published_time\" content=\"2022-11-03T20:11:00+00:00\" \/>\n<meta property=\"article:modified_time\" content=\"2025-05-22T11:45:36+00:00\" \/>\n<meta property=\"og:image\" content=\"https:\/\/www.webdo.tn\/fr\/wp-content\/uploads\/2022\/11\/36dd9377634775d428f03e3689a6e86d.jpg\" \/>\n\t<meta property=\"og:image:width\" content=\"750\" \/>\n\t<meta property=\"og:image:height\" content=\"400\" \/>\n\t<meta property=\"og:image:type\" content=\"image\/jpeg\" \/>\n<meta name=\"author\" content=\"CL\" \/>\n<meta name=\"twitter:card\" content=\"summary_large_image\" \/>\n<meta name=\"twitter:creator\" content=\"@webdo_tn\" \/>\n<meta name=\"twitter:site\" content=\"@webdo_tn\" \/>\n<meta name=\"twitter:label1\" content=\"\u00c9crit par\" \/>\n\t<meta name=\"twitter:data1\" content=\"CL\" \/>\n\t<meta name=\"twitter:label2\" content=\"Dur\u00e9e de lecture estim\u00e9e\" \/>\n\t<meta name=\"twitter:data2\" content=\"1 minute\" \/>\n<script type=\"application\/ld+json\" class=\"yoast-schema-graph\">{\"@context\":\"https:\\\/\\\/schema.org\",\"@graph\":[{\"@type\":\"NewsArticle\",\"@id\":\"https:\\\/\\\/www.webdo.tn\\\/fr\\\/actualite\\\/national-45\\\/affaire-omar-laabidi-deux-ans-de-prison-contre-12-policiers\\\/198472\\\/#article\",\"isPartOf\":{\"@id\":\"https:\\\/\\\/www.webdo.tn\\\/fr\\\/actualite\\\/national-45\\\/affaire-omar-laabidi-deux-ans-de-prison-contre-12-policiers\\\/198472\\\/\"},\"author\":{\"name\":\"CL\",\"@id\":\"https:\\\/\\\/www.webdo.tn\\\/fr\\\/#\\\/schema\\\/person\\\/f35b42a42c5e2511bbd282959d6385cc\"},\"headline\":\"Affaire Omar L\u00e2abidi : Deux ans de prison contre 12 policiers\",\"datePublished\":\"2022-11-03T20:11:00+00:00\",\"dateModified\":\"2025-05-22T11:45:36+00:00\",\"mainEntityOfPage\":{\"@id\":\"https:\\\/\\\/www.webdo.tn\\\/fr\\\/actualite\\\/national-45\\\/affaire-omar-laabidi-deux-ans-de-prison-contre-12-policiers\\\/198472\\\/\"},\"wordCount\":252,\"commentCount\":0,\"publisher\":{\"@id\":\"https:\\\/\\\/www.webdo.tn\\\/fr\\\/#organization\"},\"image\":{\"@id\":\"https:\\\/\\\/www.webdo.tn\\\/fr\\\/actualite\\\/national-45\\\/affaire-omar-laabidi-deux-ans-de-prison-contre-12-policiers\\\/198472\\\/#primaryimage\"},\"thumbnailUrl\":\"https:\\\/\\\/www.webdo.tn\\\/fr\\\/wp-content\\\/uploads\\\/2022\\\/11\\\/36dd9377634775d428f03e3689a6e86d.jpg\",\"keywords\":[\"Affaire\",\"Club Africain\",\"omar laabidi\",\"Tunisie\"],\"articleSection\":[\"National\"],\"inLanguage\":\"fr-FR\"},{\"@type\":\"WebPage\",\"@id\":\"https:\\\/\\\/www.webdo.tn\\\/fr\\\/actualite\\\/national-45\\\/affaire-omar-laabidi-deux-ans-de-prison-contre-12-policiers\\\/198472\\\/\",\"url\":\"https:\\\/\\\/www.webdo.tn\\\/fr\\\/actualite\\\/national-45\\\/affaire-omar-laabidi-deux-ans-de-prison-contre-12-policiers\\\/198472\\\/\",\"name\":\"Affaire Omar L\u00e2abidi : Deux ans de prison contre 12 policiers\",\"isPartOf\":{\"@id\":\"https:\\\/\\\/www.webdo.tn\\\/fr\\\/#website\"},\"primaryImageOfPage\":{\"@id\":\"https:\\\/\\\/www.webdo.tn\\\/fr\\\/actualite\\\/national-45\\\/affaire-omar-laabidi-deux-ans-de-prison-contre-12-policiers\\\/198472\\\/#primaryimage\"},\"image\":{\"@id\":\"https:\\\/\\\/www.webdo.tn\\\/fr\\\/actualite\\\/national-45\\\/affaire-omar-laabidi-deux-ans-de-prison-contre-12-policiers\\\/198472\\\/#primaryimage\"},\"thumbnailUrl\":\"https:\\\/\\\/www.webdo.tn\\\/fr\\\/wp-content\\\/uploads\\\/2022\\\/11\\\/36dd9377634775d428f03e3689a6e86d.jpg\",\"datePublished\":\"2022-11-03T20:11:00+00:00\",\"dateModified\":\"2025-05-22T11:45:36+00:00\",\"description\":\"La Chambre criminelle aupr\u00e8s du Tribunal de Ben Arous a condamn\u00e9 \u00e0 deux ans de prison, douze s\u00e9curitaires, impliqu\u00e9s dans la mort du supporter du Club africain,...\",\"breadcrumb\":{\"@id\":\"https:\\\/\\\/www.webdo.tn\\\/fr\\\/actualite\\\/national-45\\\/affaire-omar-laabidi-deux-ans-de-prison-contre-12-policiers\\\/198472\\\/#breadcrumb\"},\"inLanguage\":\"fr-FR\",\"potentialAction\":[{\"@type\":\"ReadAction\",\"target\":[\"https:\\\/\\\/www.webdo.tn\\\/fr\\\/actualite\\\/national-45\\\/affaire-omar-laabidi-deux-ans-de-prison-contre-12-policiers\\\/198472\\\/\"]}]},{\"@type\":\"ImageObject\",\"inLanguage\":\"fr-FR\",\"@id\":\"https:\\\/\\\/www.webdo.tn\\\/fr\\\/actualite\\\/national-45\\\/affaire-omar-laabidi-deux-ans-de-prison-contre-12-policiers\\\/198472\\\/#primaryimage\",\"url\":\"https:\\\/\\\/www.webdo.tn\\\/fr\\\/wp-content\\\/uploads\\\/2022\\\/11\\\/36dd9377634775d428f03e3689a6e86d.jpg\",\"contentUrl\":\"https:\\\/\\\/www.webdo.tn\\\/fr\\\/wp-content\\\/uploads\\\/2022\\\/11\\\/36dd9377634775d428f03e3689a6e86d.jpg\",\"width\":750,\"height\":400,\"caption\":\"Omar Laabidi\"},{\"@type\":\"BreadcrumbList\",\"@id\":\"https:\\\/\\\/www.webdo.tn\\\/fr\\\/actualite\\\/national-45\\\/affaire-omar-laabidi-deux-ans-de-prison-contre-12-policiers\\\/198472\\\/#breadcrumb\",\"itemListElement\":[{\"@type\":\"ListItem\",\"position\":1,\"name\":\"Accueil\",\"item\":\"https:\\\/\\\/www.webdo.tn\\\/fr\\\/\"},{\"@type\":\"ListItem\",\"position\":2,\"name\":\"Affaire Omar L\u00e2abidi : Deux ans de prison contre 12 policiers\"}]},{\"@type\":\"WebSite\",\"@id\":\"https:\\\/\\\/www.webdo.tn\\\/fr\\\/#website\",\"url\":\"https:\\\/\\\/www.webdo.tn\\\/fr\\\/\",\"name\":\"webdo\",\"description\":\"Tunisie - News en Tunisie et \u00e0 l&#039;international sur Webdo.tn\",\"publisher\":{\"@id\":\"https:\\\/\\\/www.webdo.tn\\\/fr\\\/#organization\"},\"potentialAction\":[{\"@type\":\"SearchAction\",\"target\":{\"@type\":\"EntryPoint\",\"urlTemplate\":\"https:\\\/\\\/www.webdo.tn\\\/fr\\\/?s={search_term_string}\"},\"query-input\":{\"@type\":\"PropertyValueSpecification\",\"valueRequired\":true,\"valueName\":\"search_term_string\"}}],\"inLanguage\":\"fr-FR\"},{\"@type\":\"Organization\",\"@id\":\"https:\\\/\\\/www.webdo.tn\\\/fr\\\/#organization\",\"name\":\"Webdo\",\"alternateName\":\"Webdo.tn\",\"url\":\"https:\\\/\\\/www.webdo.tn\\\/fr\\\/\",\"logo\":{\"@type\":\"ImageObject\",\"inLanguage\":\"fr-FR\",\"@id\":\"https:\\\/\\\/www.webdo.tn\\\/fr\\\/#\\\/schema\\\/logo\\\/image\\\/\",\"url\":\"https:\\\/\\\/www.webdo.tn\\\/fr\\\/wp-content\\\/uploads\\\/2025\\\/06\\\/Webdo-Tunisie_168377.jpg\",\"contentUrl\":\"https:\\\/\\\/www.webdo.tn\\\/fr\\\/wp-content\\\/uploads\\\/2025\\\/06\\\/Webdo-Tunisie_168377.jpg\",\"width\":301,\"height\":301,\"caption\":\"Webdo\"},\"image\":{\"@id\":\"https:\\\/\\\/www.webdo.tn\\\/fr\\\/#\\\/schema\\\/logo\\\/image\\\/\"},\"sameAs\":[\"https:\\\/\\\/www.facebook.com\\\/webdotn\",\"https:\\\/\\\/x.com\\\/webdo_tn\"],\"description\":\"Webdo est un m\u00e9dia num\u00e9rique tunisien fond\u00e9 en 2010, sp\u00e9cialis\u00e9 dans l\u2019actualit\u00e9 nationale et internationale, l\u2019\u00e9conomie, la soci\u00e9t\u00e9 et les analyses politiques. Le site s\u2019adresse \u00e0 un large public francophone et couvre l\u2019information tunisienne en temps r\u00e9el.\",\"email\":\"redac@webdo.tn\",\"legalName\":\"YNJ SARL\",\"foundingDate\":\"2010-09-06\",\"numberOfEmployees\":{\"@type\":\"QuantitativeValue\",\"minValue\":\"11\",\"maxValue\":\"50\"}},{\"@type\":\"Person\",\"@id\":\"https:\\\/\\\/www.webdo.tn\\\/fr\\\/#\\\/schema\\\/person\\\/f35b42a42c5e2511bbd282959d6385cc\",\"name\":\"CL\",\"image\":{\"@type\":\"ImageObject\",\"inLanguage\":\"fr-FR\",\"@id\":\"https:\\\/\\\/secure.gravatar.com\\\/avatar\\\/1447a49909b67aa657c488aec6512e1dd6143a480c1ecfee9b5b5cd74eb3b59e?s=96&d=mm&r=g\",\"url\":\"https:\\\/\\\/secure.gravatar.com\\\/avatar\\\/1447a49909b67aa657c488aec6512e1dd6143a480c1ecfee9b5b5cd74eb3b59e?s=96&d=mm&r=g\",\"contentUrl\":\"https:\\\/\\\/secure.gravatar.com\\\/avatar\\\/1447a49909b67aa657c488aec6512e1dd6143a480c1ecfee9b5b5cd74eb3b59e?s=96&d=mm&r=g\",\"caption\":\"CL\"},\"url\":\"https:\\\/\\\/www.webdo.tn\\\/fr\\\/actualite\\\/author\\\/cl\\\/\"}]}<\/script>\n<!-- \/ Yoast SEO Premium plugin. -->","yoast_head_json":{"title":"Affaire Omar L\u00e2abidi : Deux ans de prison contre 12 policiers","description":"La Chambre criminelle aupr\u00e8s du Tribunal de Ben Arous a condamn\u00e9 \u00e0 deux ans de prison, douze s\u00e9curitaires, impliqu\u00e9s dans la mort du supporter du Club africain,...","canonical":"https:\/\/www.webdo.tn\/fr\/actualite\/national-45\/affaire-omar-laabidi-deux-ans-de-prison-contre-12-policiers\/198472\/","og_locale":"fr_FR","og_type":"article","og_title":"Affaire Omar L\u00e2abidi : Deux ans de prison contre 12 policiers","og_description":"La Chambre criminelle aupr\u00e8s du Tribunal de Ben Arous a condamn\u00e9 \u00e0 deux ans de prison, douze s\u00e9curitaires, impliqu\u00e9s dans la mort du supporter du Club africain,...","og_url":"https:\/\/www.webdo.tn\/fr\/actualite\/national-45\/affaire-omar-laabidi-deux-ans-de-prison-contre-12-policiers\/198472\/","og_site_name":"webdo","article_publisher":"https:\/\/www.facebook.com\/webdotn","article_published_time":"2022-11-03T20:11:00+00:00","article_modified_time":"2025-05-22T11:45:36+00:00","og_image":[{"width":750,"height":400,"url":"https:\/\/www.webdo.tn\/fr\/wp-content\/uploads\/2022\/11\/36dd9377634775d428f03e3689a6e86d.jpg","type":"image\/jpeg"}],"author":"CL","twitter_card":"summary_large_image","twitter_creator":"@webdo_tn","twitter_site":"@webdo_tn","twitter_misc":{"\u00c9crit par":"CL","Dur\u00e9e de lecture estim\u00e9e":"1 minute"},"schema":{"@context":"https:\/\/schema.org","@graph":[{"@type":"NewsArticle","@id":"https:\/\/www.webdo.tn\/fr\/actualite\/national-45\/affaire-omar-laabidi-deux-ans-de-prison-contre-12-policiers\/198472\/#article","isPartOf":{"@id":"https:\/\/www.webdo.tn\/fr\/actualite\/national-45\/affaire-omar-laabidi-deux-ans-de-prison-contre-12-policiers\/198472\/"},"author":{"name":"CL","@id":"https:\/\/www.webdo.tn\/fr\/#\/schema\/person\/f35b42a42c5e2511bbd282959d6385cc"},"headline":"Affaire Omar L\u00e2abidi : Deux ans de prison contre 12 policiers","datePublished":"2022-11-03T20:11:00+00:00","dateModified":"2025-05-22T11:45:36+00:00","mainEntityOfPage":{"@id":"https:\/\/www.webdo.tn\/fr\/actualite\/national-45\/affaire-omar-laabidi-deux-ans-de-prison-contre-12-policiers\/198472\/"},"wordCount":252,"commentCount":0,"publisher":{"@id":"https:\/\/www.webdo.tn\/fr\/#organization"},"image":{"@id":"https:\/\/www.webdo.tn\/fr\/actualite\/national-45\/affaire-omar-laabidi-deux-ans-de-prison-contre-12-policiers\/198472\/#primaryimage"},"thumbnailUrl":"https:\/\/www.webdo.tn\/fr\/wp-content\/uploads\/2022\/11\/36dd9377634775d428f03e3689a6e86d.jpg","keywords":["Affaire","Club Africain","omar laabidi","Tunisie"],"articleSection":["National"],"inLanguage":"fr-FR"},{"@type":"WebPage","@id":"https:\/\/www.webdo.tn\/fr\/actualite\/national-45\/affaire-omar-laabidi-deux-ans-de-prison-contre-12-policiers\/198472\/","url":"https:\/\/www.webdo.tn\/fr\/actualite\/national-45\/affaire-omar-laabidi-deux-ans-de-prison-contre-12-policiers\/198472\/","name":"Affaire Omar L\u00e2abidi : Deux ans de prison contre 12 policiers","isPartOf":{"@id":"https:\/\/www.webdo.tn\/fr\/#website"},"primaryImageOfPage":{"@id":"https:\/\/www.webdo.tn\/fr\/actualite\/national-45\/affaire-omar-laabidi-deux-ans-de-prison-contre-12-policiers\/198472\/#primaryimage"},"image":{"@id":"https:\/\/www.webdo.tn\/fr\/actualite\/national-45\/affaire-omar-laabidi-deux-ans-de-prison-contre-12-policiers\/198472\/#primaryimage"},"thumbnailUrl":"https:\/\/www.webdo.tn\/fr\/wp-content\/uploads\/2022\/11\/36dd9377634775d428f03e3689a6e86d.jpg","datePublished":"2022-11-03T20:11:00+00:00","dateModified":"2025-05-22T11:45:36+00:00","description":"La Chambre criminelle aupr\u00e8s du Tribunal de Ben Arous a condamn\u00e9 \u00e0 deux ans de prison, douze s\u00e9curitaires, impliqu\u00e9s dans la mort du supporter du Club africain,...","breadcrumb":{"@id":"https:\/\/www.webdo.tn\/fr\/actualite\/national-45\/affaire-omar-laabidi-deux-ans-de-prison-contre-12-policiers\/198472\/#breadcrumb"},"inLanguage":"fr-FR","potentialAction":[{"@type":"ReadAction","target":["https:\/\/www.webdo.tn\/fr\/actualite\/national-45\/affaire-omar-laabidi-deux-ans-de-prison-contre-12-policiers\/198472\/"]}]},{"@type":"ImageObject","inLanguage":"fr-FR","@id":"https:\/\/www.webdo.tn\/fr\/actualite\/national-45\/affaire-omar-laabidi-deux-ans-de-prison-contre-12-policiers\/198472\/#primaryimage","url":"https:\/\/www.webdo.tn\/fr\/wp-content\/uploads\/2022\/11\/36dd9377634775d428f03e3689a6e86d.jpg","contentUrl":"https:\/\/www.webdo.tn\/fr\/wp-content\/uploads\/2022\/11\/36dd9377634775d428f03e3689a6e86d.jpg","width":750,"height":400,"caption":"Omar Laabidi"},{"@type":"BreadcrumbList","@id":"https:\/\/www.webdo.tn\/fr\/actualite\/national-45\/affaire-omar-laabidi-deux-ans-de-prison-contre-12-policiers\/198472\/#breadcrumb","itemListElement":[{"@type":"ListItem","position":1,"name":"Accueil","item":"https:\/\/www.webdo.tn\/fr\/"},{"@type":"ListItem","position":2,"name":"Affaire Omar L\u00e2abidi : Deux ans de prison contre 12 policiers"}]},{"@type":"WebSite","@id":"https:\/\/www.webdo.tn\/fr\/#website","url":"https:\/\/www.webdo.tn\/fr\/","name":"webdo","description":"Tunisie - News en Tunisie et \u00e0 l&#039;international sur Webdo.tn","publisher":{"@id":"https:\/\/www.webdo.tn\/fr\/#organization"},"potentialAction":[{"@type":"SearchAction","target":{"@type":"EntryPoint","urlTemplate":"https:\/\/www.webdo.tn\/fr\/?s={search_term_string}"},"query-input":{"@type":"PropertyValueSpecification","valueRequired":true,"valueName":"search_term_string"}}],"inLanguage":"fr-FR"},{"@type":"Organization","@id":"https:\/\/www.webdo.tn\/fr\/#organization","name":"Webdo","alternateName":"Webdo.tn","url":"https:\/\/www.webdo.tn\/fr\/","logo":{"@type":"ImageObject","inLanguage":"fr-FR","@id":"https:\/\/www.webdo.tn\/fr\/#\/schema\/logo\/image\/","url":"https:\/\/www.webdo.tn\/fr\/wp-content\/uploads\/2025\/06\/Webdo-Tunisie_168377.jpg","contentUrl":"https:\/\/www.webdo.tn\/fr\/wp-content\/uploads\/2025\/06\/Webdo-Tunisie_168377.jpg","width":301,"height":301,"caption":"Webdo"},"image":{"@id":"https:\/\/www.webdo.tn\/fr\/#\/schema\/logo\/image\/"},"sameAs":["https:\/\/www.facebook.com\/webdotn","https:\/\/x.com\/webdo_tn"],"description":"Webdo est un m\u00e9dia num\u00e9rique tunisien fond\u00e9 en 2010, sp\u00e9cialis\u00e9 dans l\u2019actualit\u00e9 nationale et internationale, l\u2019\u00e9conomie, la soci\u00e9t\u00e9 et les analyses politiques. Le site s\u2019adresse \u00e0 un large public francophone et couvre l\u2019information tunisienne en temps r\u00e9el.","email":"redac@webdo.tn","legalName":"YNJ SARL","foundingDate":"2010-09-06","numberOfEmployees":{"@type":"QuantitativeValue","minValue":"11","maxValue":"50"}},{"@type":"Person","@id":"https:\/\/www.webdo.tn\/fr\/#\/schema\/person\/f35b42a42c5e2511bbd282959d6385cc","name":"CL","image":{"@type":"ImageObject","inLanguage":"fr-FR","@id":"https:\/\/secure.gravatar.com\/avatar\/1447a49909b67aa657c488aec6512e1dd6143a480c1ecfee9b5b5cd74eb3b59e?s=96&d=mm&r=g","url":"https:\/\/secure.gravatar.com\/avatar\/1447a49909b67aa657c488aec6512e1dd6143a480c1ecfee9b5b5cd74eb3b59e?s=96&d=mm&r=g","contentUrl":"https:\/\/secure.gravatar.com\/avatar\/1447a49909b67aa657c488aec6512e1dd6143a480c1ecfee9b5b5cd74eb3b59e?s=96&d=mm&r=g","caption":"CL"},"url":"https:\/\/www.webdo.tn\/fr\/actualite\/author\/cl\/"}]}},"_links":{"self":[{"href":"https:\/\/www.webdo.tn\/fr\/wp-json\/wp\/v2\/posts\/198472","targetHints":{"allow":["GET"]}}],"collection":[{"href":"https:\/\/www.webdo.tn\/fr\/wp-json\/wp\/v2\/posts"}],"about":[{"href":"https:\/\/www.webdo.tn\/fr\/wp-json\/wp\/v2\/types\/post"}],"author":[{"embeddable":true,"href":"https:\/\/www.webdo.tn\/fr\/wp-json\/wp\/v2\/users\/3175"}],"replies":[{"embeddable":true,"href":"https:\/\/www.webdo.tn\/fr\/wp-json\/wp\/v2\/comments?post=198472"}],"version-history":[{"count":0,"href":"https:\/\/www.webdo.tn\/fr\/wp-json\/wp\/v2\/posts\/198472\/revisions"}],"wp:featuredmedia":[{"embeddable":true,"href":"https:\/\/www.webdo.tn\/fr\/wp-json\/wp\/v2\/media\/348658"}],"wp:attachment":[{"href":"https:\/\/www.webdo.tn\/fr\/wp-json\/wp\/v2\/media?parent=198472"}],"wp:term":[{"taxonomy":"category","embeddable":true,"href":"https:\/\/www.webdo.tn\/fr\/wp-json\/wp\/v2\/categories?post=198472"},{"taxonomy":"post_tag","embeddable":true,"href":"https:\/\/www.webdo.tn\/fr\/wp-json\/wp\/v2\/tags?post=198472"}],"curies":[{"name":"wp","href":"https:\/\/api.w.org\/{rel}","templated":true}]}}