{"id":198468,"date":"2022-11-03T19:13:00","date_gmt":"2022-11-03T19:13:00","guid":{"rendered":"https:\/\/www.webdo.tn\/fr\/actualite\/blog\/saied-met-en-garde-contre-toute-tentative-de-compromettre-le-processus-electoral\/198468\/"},"modified":"2025-05-22T11:45:35","modified_gmt":"2025-05-22T11:45:35","slug":"saied-met-en-garde-contre-toute-tentative-de-compromettre-le-processus-electoral","status":"publish","type":"post","link":"https:\/\/www.webdo.tn\/fr\/actualite\/national\/saied-met-en-garde-contre-toute-tentative-de-compromettre-le-processus-electoral\/198468\/","title":{"rendered":"Saied met en garde contre toute tentative de compromettre le processus \u00e9lectoral"},"content":{"rendered":"<p>Le pr\u00e9sident de la R\u00e9publique Kais Saied, a r\u00e9affirm\u00e9, lors de sa rencontre, ce jeudi 3 novembre 2022, au palais de Carthage, avec le ministre de l&rsquo;Int\u00e9rieur Taoufik Charfeddine, le r\u00f4le important des forces de s\u00e9curit\u00e9 en cette \u00e9tape que traverse la Tunisie, soulignant la n\u00e9cessit\u00e9 d&rsquo;imposer le respect de la loi \u00e0 tous et sur un pied d&rsquo;\u00e9galit\u00e9.<\/p>\n<p> Cit\u00e9 dans un communiqu\u00e9, le pr\u00e9sident Kais Saied a jug\u00e9 \u00a0\u00bb indispensable \u00a0\u00bb de faire face \u00e0 tous les types de crimes, y compris ceux li\u00e9s \u00e0 la collecte de parrainages pour les \u00e9lections du 17 d\u00e9cembre et aux pots-de-vin qui ont \u00e9t\u00e9 vers\u00e9s \u00e0 cet effet.<\/p>\n<p>Il a \u00e9galement appel\u00e9 \u00e0 affronter les individus qui tentent par tous les moyens d&rsquo;user de leurs positions pour compromettre ce processus \u00e9lectoral.<\/p>\n","protected":false},"excerpt":{"rendered":"<p>Le pr\u00e9sident de la R\u00e9publique Kais Saied, a r\u00e9affirm\u00e9, lors de sa rencontre, ce jeudi 3 novembre 2022, au palais de Carthage, avec le ministre de l&rsquo;Int\u00e9rieur Ta&#8230;<\/p>\n","protected":false},"author":3175,"featured_media":348657,"comment_status":"open","ping_status":"closed","sticky":false,"template":"","format":"standard","meta":{"footnotes":""},"categories":[44],"tags":[3923,2614,2608],"class_list":["post-198468","post","type-post","status-publish","format-standard","has-post-thumbnail","hentry","category-national","tag-elections","tag-kais-saied","tag-tunisie"],"yoast_head":"<!-- This site is optimized with the Yoast SEO Premium plugin v27.5 (Yoast SEO v27.5) - https:\/\/yoast.com\/product\/yoast-seo-premium-wordpress\/ -->\n<title>Saied met en garde contre toute tentative de compromettre le processus \u00e9lectoral<\/title>\n<meta name=\"description\" content=\"Le pr\u00e9sident de la R\u00e9publique Kais Saied, a r\u00e9affirm\u00e9, lors de sa rencontre, ce jeudi 3 novembre 2022, au palais de Carthage, avec le ministre de l&#039;Int\u00e9rieur Ta...\" \/>\n<link rel=\"canonical\" href=\"https:\/\/www.webdo.tn\/fr\/actualite\/national-45\/saied-met-en-garde-contre-toute-tentative-de-compromettre-le-processus-electoral\/198468\/\" \/>\n<meta property=\"og:locale\" content=\"fr_FR\" \/>\n<meta property=\"og:type\" content=\"article\" \/>\n<meta property=\"og:title\" content=\"Saied met en garde contre toute tentative de compromettre le processus \u00e9lectoral\" \/>\n<meta property=\"og:description\" content=\"Le pr\u00e9sident de la R\u00e9publique Kais Saied, a r\u00e9affirm\u00e9, lors de sa rencontre, ce jeudi 3 novembre 2022, au palais de Carthage, avec le ministre de l&#039;Int\u00e9rieur Ta...\" \/>\n<meta property=\"og:url\" content=\"https:\/\/www.webdo.tn\/fr\/actualite\/national-45\/saied-met-en-garde-contre-toute-tentative-de-compromettre-le-processus-electoral\/198468\/\" \/>\n<meta property=\"og:site_name\" content=\"webdo\" \/>\n<meta property=\"article:publisher\" content=\"https:\/\/www.facebook.com\/webdotn\" \/>\n<meta property=\"article:published_time\" content=\"2022-11-03T19:13:00+00:00\" \/>\n<meta property=\"article:modified_time\" content=\"2025-05-22T11:45:35+00:00\" \/>\n<meta property=\"og:image\" content=\"https:\/\/www.webdo.tn\/fr\/wp-content\/uploads\/2022\/11\/276b52b6367ed49a648e93a1e1905c0f.jpg\" \/>\n\t<meta property=\"og:image:width\" content=\"750\" \/>\n\t<meta property=\"og:image:height\" content=\"400\" \/>\n\t<meta property=\"og:image:type\" content=\"image\/jpeg\" \/>\n<meta name=\"author\" content=\"CL\" \/>\n<meta name=\"twitter:card\" content=\"summary_large_image\" \/>\n<meta name=\"twitter:creator\" content=\"@webdo_tn\" \/>\n<meta name=\"twitter:site\" content=\"@webdo_tn\" \/>\n<meta name=\"twitter:label1\" content=\"\u00c9crit par\" \/>\n\t<meta name=\"twitter:data1\" content=\"CL\" \/>\n\t<meta name=\"twitter:label2\" content=\"Dur\u00e9e de lecture estim\u00e9e\" \/>\n\t<meta name=\"twitter:data2\" content=\"1 minute\" \/>\n<script type=\"application\/ld+json\" class=\"yoast-schema-graph\">{\"@context\":\"https:\\\/\\\/schema.org\",\"@graph\":[{\"@type\":\"NewsArticle\",\"@id\":\"https:\\\/\\\/www.webdo.tn\\\/fr\\\/actualite\\\/national-45\\\/saied-met-en-garde-contre-toute-tentative-de-compromettre-le-processus-electoral\\\/198468\\\/#article\",\"isPartOf\":{\"@id\":\"https:\\\/\\\/www.webdo.tn\\\/fr\\\/actualite\\\/national-45\\\/saied-met-en-garde-contre-toute-tentative-de-compromettre-le-processus-electoral\\\/198468\\\/\"},\"author\":{\"name\":\"CL\",\"@id\":\"https:\\\/\\\/www.webdo.tn\\\/fr\\\/#\\\/schema\\\/person\\\/f35b42a42c5e2511bbd282959d6385cc\"},\"headline\":\"Saied met en garde contre toute tentative de compromettre le processus \u00e9lectoral\",\"datePublished\":\"2022-11-03T19:13:00+00:00\",\"dateModified\":\"2025-05-22T11:45:35+00:00\",\"mainEntityOfPage\":{\"@id\":\"https:\\\/\\\/www.webdo.tn\\\/fr\\\/actualite\\\/national-45\\\/saied-met-en-garde-contre-toute-tentative-de-compromettre-le-processus-electoral\\\/198468\\\/\"},\"wordCount\":146,\"commentCount\":0,\"publisher\":{\"@id\":\"https:\\\/\\\/www.webdo.tn\\\/fr\\\/#organization\"},\"image\":{\"@id\":\"https:\\\/\\\/www.webdo.tn\\\/fr\\\/actualite\\\/national-45\\\/saied-met-en-garde-contre-toute-tentative-de-compromettre-le-processus-electoral\\\/198468\\\/#primaryimage\"},\"thumbnailUrl\":\"https:\\\/\\\/www.webdo.tn\\\/fr\\\/wp-content\\\/uploads\\\/2022\\\/11\\\/276b52b6367ed49a648e93a1e1905c0f.jpg\",\"keywords\":[\"\u00e9lections\",\"Kais Saied\",\"Tunisie\"],\"articleSection\":[\"National\"],\"inLanguage\":\"fr-FR\"},{\"@type\":\"WebPage\",\"@id\":\"https:\\\/\\\/www.webdo.tn\\\/fr\\\/actualite\\\/national-45\\\/saied-met-en-garde-contre-toute-tentative-de-compromettre-le-processus-electoral\\\/198468\\\/\",\"url\":\"https:\\\/\\\/www.webdo.tn\\\/fr\\\/actualite\\\/national-45\\\/saied-met-en-garde-contre-toute-tentative-de-compromettre-le-processus-electoral\\\/198468\\\/\",\"name\":\"Saied met en garde contre toute tentative de compromettre le processus \u00e9lectoral\",\"isPartOf\":{\"@id\":\"https:\\\/\\\/www.webdo.tn\\\/fr\\\/#website\"},\"primaryImageOfPage\":{\"@id\":\"https:\\\/\\\/www.webdo.tn\\\/fr\\\/actualite\\\/national-45\\\/saied-met-en-garde-contre-toute-tentative-de-compromettre-le-processus-electoral\\\/198468\\\/#primaryimage\"},\"image\":{\"@id\":\"https:\\\/\\\/www.webdo.tn\\\/fr\\\/actualite\\\/national-45\\\/saied-met-en-garde-contre-toute-tentative-de-compromettre-le-processus-electoral\\\/198468\\\/#primaryimage\"},\"thumbnailUrl\":\"https:\\\/\\\/www.webdo.tn\\\/fr\\\/wp-content\\\/uploads\\\/2022\\\/11\\\/276b52b6367ed49a648e93a1e1905c0f.jpg\",\"datePublished\":\"2022-11-03T19:13:00+00:00\",\"dateModified\":\"2025-05-22T11:45:35+00:00\",\"description\":\"Le pr\u00e9sident de la R\u00e9publique Kais Saied, a r\u00e9affirm\u00e9, lors de sa rencontre, ce jeudi 3 novembre 2022, au palais de Carthage, avec le ministre de l'Int\u00e9rieur Ta...\",\"breadcrumb\":{\"@id\":\"https:\\\/\\\/www.webdo.tn\\\/fr\\\/actualite\\\/national-45\\\/saied-met-en-garde-contre-toute-tentative-de-compromettre-le-processus-electoral\\\/198468\\\/#breadcrumb\"},\"inLanguage\":\"fr-FR\",\"potentialAction\":[{\"@type\":\"ReadAction\",\"target\":[\"https:\\\/\\\/www.webdo.tn\\\/fr\\\/actualite\\\/national-45\\\/saied-met-en-garde-contre-toute-tentative-de-compromettre-le-processus-electoral\\\/198468\\\/\"]}]},{\"@type\":\"ImageObject\",\"inLanguage\":\"fr-FR\",\"@id\":\"https:\\\/\\\/www.webdo.tn\\\/fr\\\/actualite\\\/national-45\\\/saied-met-en-garde-contre-toute-tentative-de-compromettre-le-processus-electoral\\\/198468\\\/#primaryimage\",\"url\":\"https:\\\/\\\/www.webdo.tn\\\/fr\\\/wp-content\\\/uploads\\\/2022\\\/11\\\/276b52b6367ed49a648e93a1e1905c0f.jpg\",\"contentUrl\":\"https:\\\/\\\/www.webdo.tn\\\/fr\\\/wp-content\\\/uploads\\\/2022\\\/11\\\/276b52b6367ed49a648e93a1e1905c0f.jpg\",\"width\":750,\"height\":400,\"caption\":\"Kais Saied Taoufik Charfeddine\"},{\"@type\":\"BreadcrumbList\",\"@id\":\"https:\\\/\\\/www.webdo.tn\\\/fr\\\/actualite\\\/national-45\\\/saied-met-en-garde-contre-toute-tentative-de-compromettre-le-processus-electoral\\\/198468\\\/#breadcrumb\",\"itemListElement\":[{\"@type\":\"ListItem\",\"position\":1,\"name\":\"Accueil\",\"item\":\"https:\\\/\\\/www.webdo.tn\\\/fr\\\/\"},{\"@type\":\"ListItem\",\"position\":2,\"name\":\"Saied met en garde contre toute tentative de compromettre le processus \u00e9lectoral\"}]},{\"@type\":\"WebSite\",\"@id\":\"https:\\\/\\\/www.webdo.tn\\\/fr\\\/#website\",\"url\":\"https:\\\/\\\/www.webdo.tn\\\/fr\\\/\",\"name\":\"webdo\",\"description\":\"Tunisie - News en Tunisie et \u00e0 l&#039;international sur Webdo.tn\",\"publisher\":{\"@id\":\"https:\\\/\\\/www.webdo.tn\\\/fr\\\/#organization\"},\"potentialAction\":[{\"@type\":\"SearchAction\",\"target\":{\"@type\":\"EntryPoint\",\"urlTemplate\":\"https:\\\/\\\/www.webdo.tn\\\/fr\\\/?s={search_term_string}\"},\"query-input\":{\"@type\":\"PropertyValueSpecification\",\"valueRequired\":true,\"valueName\":\"search_term_string\"}}],\"inLanguage\":\"fr-FR\"},{\"@type\":\"Organization\",\"@id\":\"https:\\\/\\\/www.webdo.tn\\\/fr\\\/#organization\",\"name\":\"Webdo\",\"alternateName\":\"Webdo.tn\",\"url\":\"https:\\\/\\\/www.webdo.tn\\\/fr\\\/\",\"logo\":{\"@type\":\"ImageObject\",\"inLanguage\":\"fr-FR\",\"@id\":\"https:\\\/\\\/www.webdo.tn\\\/fr\\\/#\\\/schema\\\/logo\\\/image\\\/\",\"url\":\"https:\\\/\\\/www.webdo.tn\\\/fr\\\/wp-content\\\/uploads\\\/2025\\\/06\\\/Webdo-Tunisie_168377.jpg\",\"contentUrl\":\"https:\\\/\\\/www.webdo.tn\\\/fr\\\/wp-content\\\/uploads\\\/2025\\\/06\\\/Webdo-Tunisie_168377.jpg\",\"width\":301,\"height\":301,\"caption\":\"Webdo\"},\"image\":{\"@id\":\"https:\\\/\\\/www.webdo.tn\\\/fr\\\/#\\\/schema\\\/logo\\\/image\\\/\"},\"sameAs\":[\"https:\\\/\\\/www.facebook.com\\\/webdotn\",\"https:\\\/\\\/x.com\\\/webdo_tn\"],\"description\":\"Webdo est un m\u00e9dia num\u00e9rique tunisien fond\u00e9 en 2010, sp\u00e9cialis\u00e9 dans l\u2019actualit\u00e9 nationale et internationale, l\u2019\u00e9conomie, la soci\u00e9t\u00e9 et les analyses politiques. Le site s\u2019adresse \u00e0 un large public francophone et couvre l\u2019information tunisienne en temps r\u00e9el.\",\"email\":\"redac@webdo.tn\",\"legalName\":\"YNJ SARL\",\"foundingDate\":\"2010-09-06\",\"numberOfEmployees\":{\"@type\":\"QuantitativeValue\",\"minValue\":\"11\",\"maxValue\":\"50\"}},{\"@type\":\"Person\",\"@id\":\"https:\\\/\\\/www.webdo.tn\\\/fr\\\/#\\\/schema\\\/person\\\/f35b42a42c5e2511bbd282959d6385cc\",\"name\":\"CL\",\"image\":{\"@type\":\"ImageObject\",\"inLanguage\":\"fr-FR\",\"@id\":\"https:\\\/\\\/secure.gravatar.com\\\/avatar\\\/1447a49909b67aa657c488aec6512e1dd6143a480c1ecfee9b5b5cd74eb3b59e?s=96&d=mm&r=g\",\"url\":\"https:\\\/\\\/secure.gravatar.com\\\/avatar\\\/1447a49909b67aa657c488aec6512e1dd6143a480c1ecfee9b5b5cd74eb3b59e?s=96&d=mm&r=g\",\"contentUrl\":\"https:\\\/\\\/secure.gravatar.com\\\/avatar\\\/1447a49909b67aa657c488aec6512e1dd6143a480c1ecfee9b5b5cd74eb3b59e?s=96&d=mm&r=g\",\"caption\":\"CL\"},\"url\":\"https:\\\/\\\/www.webdo.tn\\\/fr\\\/actualite\\\/author\\\/cl\\\/\"}]}<\/script>\n<!-- \/ Yoast SEO Premium plugin. -->","yoast_head_json":{"title":"Saied met en garde contre toute tentative de compromettre le processus \u00e9lectoral","description":"Le pr\u00e9sident de la R\u00e9publique Kais Saied, a r\u00e9affirm\u00e9, lors de sa rencontre, ce jeudi 3 novembre 2022, au palais de Carthage, avec le ministre de l'Int\u00e9rieur Ta...","canonical":"https:\/\/www.webdo.tn\/fr\/actualite\/national-45\/saied-met-en-garde-contre-toute-tentative-de-compromettre-le-processus-electoral\/198468\/","og_locale":"fr_FR","og_type":"article","og_title":"Saied met en garde contre toute tentative de compromettre le processus \u00e9lectoral","og_description":"Le pr\u00e9sident de la R\u00e9publique Kais Saied, a r\u00e9affirm\u00e9, lors de sa rencontre, ce jeudi 3 novembre 2022, au palais de Carthage, avec le ministre de l'Int\u00e9rieur Ta...","og_url":"https:\/\/www.webdo.tn\/fr\/actualite\/national-45\/saied-met-en-garde-contre-toute-tentative-de-compromettre-le-processus-electoral\/198468\/","og_site_name":"webdo","article_publisher":"https:\/\/www.facebook.com\/webdotn","article_published_time":"2022-11-03T19:13:00+00:00","article_modified_time":"2025-05-22T11:45:35+00:00","og_image":[{"width":750,"height":400,"url":"https:\/\/www.webdo.tn\/fr\/wp-content\/uploads\/2022\/11\/276b52b6367ed49a648e93a1e1905c0f.jpg","type":"image\/jpeg"}],"author":"CL","twitter_card":"summary_large_image","twitter_creator":"@webdo_tn","twitter_site":"@webdo_tn","twitter_misc":{"\u00c9crit par":"CL","Dur\u00e9e de lecture estim\u00e9e":"1 minute"},"schema":{"@context":"https:\/\/schema.org","@graph":[{"@type":"NewsArticle","@id":"https:\/\/www.webdo.tn\/fr\/actualite\/national-45\/saied-met-en-garde-contre-toute-tentative-de-compromettre-le-processus-electoral\/198468\/#article","isPartOf":{"@id":"https:\/\/www.webdo.tn\/fr\/actualite\/national-45\/saied-met-en-garde-contre-toute-tentative-de-compromettre-le-processus-electoral\/198468\/"},"author":{"name":"CL","@id":"https:\/\/www.webdo.tn\/fr\/#\/schema\/person\/f35b42a42c5e2511bbd282959d6385cc"},"headline":"Saied met en garde contre toute tentative de compromettre le processus \u00e9lectoral","datePublished":"2022-11-03T19:13:00+00:00","dateModified":"2025-05-22T11:45:35+00:00","mainEntityOfPage":{"@id":"https:\/\/www.webdo.tn\/fr\/actualite\/national-45\/saied-met-en-garde-contre-toute-tentative-de-compromettre-le-processus-electoral\/198468\/"},"wordCount":146,"commentCount":0,"publisher":{"@id":"https:\/\/www.webdo.tn\/fr\/#organization"},"image":{"@id":"https:\/\/www.webdo.tn\/fr\/actualite\/national-45\/saied-met-en-garde-contre-toute-tentative-de-compromettre-le-processus-electoral\/198468\/#primaryimage"},"thumbnailUrl":"https:\/\/www.webdo.tn\/fr\/wp-content\/uploads\/2022\/11\/276b52b6367ed49a648e93a1e1905c0f.jpg","keywords":["\u00e9lections","Kais Saied","Tunisie"],"articleSection":["National"],"inLanguage":"fr-FR"},{"@type":"WebPage","@id":"https:\/\/www.webdo.tn\/fr\/actualite\/national-45\/saied-met-en-garde-contre-toute-tentative-de-compromettre-le-processus-electoral\/198468\/","url":"https:\/\/www.webdo.tn\/fr\/actualite\/national-45\/saied-met-en-garde-contre-toute-tentative-de-compromettre-le-processus-electoral\/198468\/","name":"Saied met en garde contre toute tentative de compromettre le processus \u00e9lectoral","isPartOf":{"@id":"https:\/\/www.webdo.tn\/fr\/#website"},"primaryImageOfPage":{"@id":"https:\/\/www.webdo.tn\/fr\/actualite\/national-45\/saied-met-en-garde-contre-toute-tentative-de-compromettre-le-processus-electoral\/198468\/#primaryimage"},"image":{"@id":"https:\/\/www.webdo.tn\/fr\/actualite\/national-45\/saied-met-en-garde-contre-toute-tentative-de-compromettre-le-processus-electoral\/198468\/#primaryimage"},"thumbnailUrl":"https:\/\/www.webdo.tn\/fr\/wp-content\/uploads\/2022\/11\/276b52b6367ed49a648e93a1e1905c0f.jpg","datePublished":"2022-11-03T19:13:00+00:00","dateModified":"2025-05-22T11:45:35+00:00","description":"Le pr\u00e9sident de la R\u00e9publique Kais Saied, a r\u00e9affirm\u00e9, lors de sa rencontre, ce jeudi 3 novembre 2022, au palais de Carthage, avec le ministre de l'Int\u00e9rieur Ta...","breadcrumb":{"@id":"https:\/\/www.webdo.tn\/fr\/actualite\/national-45\/saied-met-en-garde-contre-toute-tentative-de-compromettre-le-processus-electoral\/198468\/#breadcrumb"},"inLanguage":"fr-FR","potentialAction":[{"@type":"ReadAction","target":["https:\/\/www.webdo.tn\/fr\/actualite\/national-45\/saied-met-en-garde-contre-toute-tentative-de-compromettre-le-processus-electoral\/198468\/"]}]},{"@type":"ImageObject","inLanguage":"fr-FR","@id":"https:\/\/www.webdo.tn\/fr\/actualite\/national-45\/saied-met-en-garde-contre-toute-tentative-de-compromettre-le-processus-electoral\/198468\/#primaryimage","url":"https:\/\/www.webdo.tn\/fr\/wp-content\/uploads\/2022\/11\/276b52b6367ed49a648e93a1e1905c0f.jpg","contentUrl":"https:\/\/www.webdo.tn\/fr\/wp-content\/uploads\/2022\/11\/276b52b6367ed49a648e93a1e1905c0f.jpg","width":750,"height":400,"caption":"Kais Saied Taoufik Charfeddine"},{"@type":"BreadcrumbList","@id":"https:\/\/www.webdo.tn\/fr\/actualite\/national-45\/saied-met-en-garde-contre-toute-tentative-de-compromettre-le-processus-electoral\/198468\/#breadcrumb","itemListElement":[{"@type":"ListItem","position":1,"name":"Accueil","item":"https:\/\/www.webdo.tn\/fr\/"},{"@type":"ListItem","position":2,"name":"Saied met en garde contre toute tentative de compromettre le processus \u00e9lectoral"}]},{"@type":"WebSite","@id":"https:\/\/www.webdo.tn\/fr\/#website","url":"https:\/\/www.webdo.tn\/fr\/","name":"webdo","description":"Tunisie - News en Tunisie et \u00e0 l&#039;international sur Webdo.tn","publisher":{"@id":"https:\/\/www.webdo.tn\/fr\/#organization"},"potentialAction":[{"@type":"SearchAction","target":{"@type":"EntryPoint","urlTemplate":"https:\/\/www.webdo.tn\/fr\/?s={search_term_string}"},"query-input":{"@type":"PropertyValueSpecification","valueRequired":true,"valueName":"search_term_string"}}],"inLanguage":"fr-FR"},{"@type":"Organization","@id":"https:\/\/www.webdo.tn\/fr\/#organization","name":"Webdo","alternateName":"Webdo.tn","url":"https:\/\/www.webdo.tn\/fr\/","logo":{"@type":"ImageObject","inLanguage":"fr-FR","@id":"https:\/\/www.webdo.tn\/fr\/#\/schema\/logo\/image\/","url":"https:\/\/www.webdo.tn\/fr\/wp-content\/uploads\/2025\/06\/Webdo-Tunisie_168377.jpg","contentUrl":"https:\/\/www.webdo.tn\/fr\/wp-content\/uploads\/2025\/06\/Webdo-Tunisie_168377.jpg","width":301,"height":301,"caption":"Webdo"},"image":{"@id":"https:\/\/www.webdo.tn\/fr\/#\/schema\/logo\/image\/"},"sameAs":["https:\/\/www.facebook.com\/webdotn","https:\/\/x.com\/webdo_tn"],"description":"Webdo est un m\u00e9dia num\u00e9rique tunisien fond\u00e9 en 2010, sp\u00e9cialis\u00e9 dans l\u2019actualit\u00e9 nationale et internationale, l\u2019\u00e9conomie, la soci\u00e9t\u00e9 et les analyses politiques. Le site s\u2019adresse \u00e0 un large public francophone et couvre l\u2019information tunisienne en temps r\u00e9el.","email":"redac@webdo.tn","legalName":"YNJ SARL","foundingDate":"2010-09-06","numberOfEmployees":{"@type":"QuantitativeValue","minValue":"11","maxValue":"50"}},{"@type":"Person","@id":"https:\/\/www.webdo.tn\/fr\/#\/schema\/person\/f35b42a42c5e2511bbd282959d6385cc","name":"CL","image":{"@type":"ImageObject","inLanguage":"fr-FR","@id":"https:\/\/secure.gravatar.com\/avatar\/1447a49909b67aa657c488aec6512e1dd6143a480c1ecfee9b5b5cd74eb3b59e?s=96&d=mm&r=g","url":"https:\/\/secure.gravatar.com\/avatar\/1447a49909b67aa657c488aec6512e1dd6143a480c1ecfee9b5b5cd74eb3b59e?s=96&d=mm&r=g","contentUrl":"https:\/\/secure.gravatar.com\/avatar\/1447a49909b67aa657c488aec6512e1dd6143a480c1ecfee9b5b5cd74eb3b59e?s=96&d=mm&r=g","caption":"CL"},"url":"https:\/\/www.webdo.tn\/fr\/actualite\/author\/cl\/"}]}},"_links":{"self":[{"href":"https:\/\/www.webdo.tn\/fr\/wp-json\/wp\/v2\/posts\/198468","targetHints":{"allow":["GET"]}}],"collection":[{"href":"https:\/\/www.webdo.tn\/fr\/wp-json\/wp\/v2\/posts"}],"about":[{"href":"https:\/\/www.webdo.tn\/fr\/wp-json\/wp\/v2\/types\/post"}],"author":[{"embeddable":true,"href":"https:\/\/www.webdo.tn\/fr\/wp-json\/wp\/v2\/users\/3175"}],"replies":[{"embeddable":true,"href":"https:\/\/www.webdo.tn\/fr\/wp-json\/wp\/v2\/comments?post=198468"}],"version-history":[{"count":0,"href":"https:\/\/www.webdo.tn\/fr\/wp-json\/wp\/v2\/posts\/198468\/revisions"}],"wp:featuredmedia":[{"embeddable":true,"href":"https:\/\/www.webdo.tn\/fr\/wp-json\/wp\/v2\/media\/348657"}],"wp:attachment":[{"href":"https:\/\/www.webdo.tn\/fr\/wp-json\/wp\/v2\/media?parent=198468"}],"wp:term":[{"taxonomy":"category","embeddable":true,"href":"https:\/\/www.webdo.tn\/fr\/wp-json\/wp\/v2\/categories?post=198468"},{"taxonomy":"post_tag","embeddable":true,"href":"https:\/\/www.webdo.tn\/fr\/wp-json\/wp\/v2\/tags?post=198468"}],"curies":[{"name":"wp","href":"https:\/\/api.w.org\/{rel}","templated":true}]}}