{"id":198396,"date":"2022-11-02T13:40:00","date_gmt":"2022-11-02T13:40:00","guid":{"rendered":"https:\/\/www.webdo.tn\/fr\/actualite\/blog\/young-africans-club-africain-la-delegation-clubiste-victime-de-violences-en-tanzanie\/198396\/"},"modified":"2025-05-22T11:45:45","modified_gmt":"2025-05-22T11:45:45","slug":"young-africans-club-africain-la-delegation-clubiste-victime-de-violences-en-tanzanie","status":"publish","type":"post","link":"https:\/\/www.webdo.tn\/fr\/actualite\/sport\/young-africans-club-africain-la-delegation-clubiste-victime-de-violences-en-tanzanie\/198396\/","title":{"rendered":"Young Africans &#8211; Club Africain : La d\u00e9l\u00e9gation clubiste victime de violences en Tanzanie"},"content":{"rendered":"<p>Le Club Africain affronte, ce mercredi 2 novembre 2022, l\u2019\u00e9quipe tanzanienne de Young Africans en match aller du second tour additionnel de la Coupe de la Conf\u00e9d\u00e9ration.<\/p>\n<p> Une rencontre qui va se d\u00e9rouler au stade national de Dar Es Salam et d\u00e9buter \u00e0 14h00 (heure tunisienne).<\/p>\n<p>A son arriv\u00e9e au stade, la d\u00e9l\u00e9gation clubiste a \u00e9t\u00e9 tr\u00e8s mal accueillie comme le montre cette vid\u00e9o diffus\u00e9e sur la page Facebook officielle du club.<\/p>\n<p>La d\u00e9l\u00e9gation clubiste a subi des violences apr\u00e8s avoir refus\u00e9 les vestiaires qui lui \u00e9taient r\u00e9serv\u00e9s du fait qu\u2019ils \u00e9taient dans un \u00e9tat lamentable.<\/p>\n","protected":false},"excerpt":{"rendered":"<p>Le Club Africain affronte, ce mercredi 2 novembre 2022, l\u2019\u00e9quipe tanzanienne de Young Africans en match aller du second tour additionnel de la Coupe de la Conf\u00e9&#8230;<\/p>\n","protected":false},"author":3162,"featured_media":348665,"comment_status":"open","ping_status":"closed","sticky":false,"template":"","format":"standard","meta":{"footnotes":""},"categories":[2593],"tags":[3101,4742,2622],"class_list":["post-198396","post","type-post","status-publish","format-standard","has-post-thumbnail","hentry","category-sport","tag-club-africain","tag-coupe-de-la-confederation","tag-football"],"yoast_head":"<!-- This site is optimized with the Yoast SEO Premium plugin v27.4 (Yoast SEO v27.5) - https:\/\/yoast.com\/product\/yoast-seo-premium-wordpress\/ -->\n<title>Young Africans - Club Africain : La d\u00e9l\u00e9gation clubiste victime de violences en Tanzanie<\/title>\n<meta name=\"description\" content=\"Le Club Africain affronte, ce mercredi 2 novembre 2022, l\u2019\u00e9quipe tanzanienne de Young Africans en match aller du second tour additionnel de la Coupe de la Conf\u00e9...\" \/>\n<link rel=\"canonical\" href=\"https:\/\/www.webdo.tn\/fr\/actualite\/sport\/young-africans-club-africain-la-delegation-clubiste-victime-de-violences-en-tanzanie\/198396\/\" \/>\n<meta property=\"og:locale\" content=\"fr_FR\" \/>\n<meta property=\"og:type\" content=\"article\" \/>\n<meta property=\"og:title\" content=\"Young Africans - Club Africain : La d\u00e9l\u00e9gation clubiste victime de violences en Tanzanie\" \/>\n<meta property=\"og:description\" content=\"Le Club Africain affronte, ce mercredi 2 novembre 2022, l\u2019\u00e9quipe tanzanienne de Young Africans en match aller du second tour additionnel de la Coupe de la Conf\u00e9...\" \/>\n<meta property=\"og:url\" content=\"https:\/\/www.webdo.tn\/fr\/actualite\/sport\/young-africans-club-africain-la-delegation-clubiste-victime-de-violences-en-tanzanie\/198396\/\" \/>\n<meta property=\"og:site_name\" content=\"webdo\" \/>\n<meta property=\"article:publisher\" content=\"https:\/\/www.facebook.com\/webdotn\" \/>\n<meta property=\"article:published_time\" content=\"2022-11-02T13:40:00+00:00\" \/>\n<meta property=\"article:modified_time\" content=\"2025-05-22T11:45:45+00:00\" \/>\n<meta property=\"og:image\" content=\"https:\/\/www.webdo.tn\/fr\/wp-content\/uploads\/2022\/11\/9172aa9eac8cf7799bb5df6ca96bf043.png\" \/>\n\t<meta property=\"og:image:width\" content=\"750\" \/>\n\t<meta property=\"og:image:height\" content=\"400\" \/>\n\t<meta property=\"og:image:type\" content=\"image\/png\" \/>\n<meta name=\"author\" content=\"MC\" \/>\n<meta name=\"twitter:card\" content=\"summary_large_image\" \/>\n<meta name=\"twitter:creator\" content=\"@webdo_tn\" \/>\n<meta name=\"twitter:site\" content=\"@webdo_tn\" \/>\n<meta name=\"twitter:label1\" content=\"\u00c9crit par\" \/>\n\t<meta name=\"twitter:data1\" content=\"MC\" \/>\n\t<meta name=\"twitter:label2\" content=\"Dur\u00e9e de lecture estim\u00e9e\" \/>\n\t<meta name=\"twitter:data2\" content=\"1 minute\" \/>\n<script type=\"application\/ld+json\" class=\"yoast-schema-graph\">{\"@context\":\"https:\\\/\\\/schema.org\",\"@graph\":[{\"@type\":\"NewsArticle\",\"@id\":\"https:\\\/\\\/www.webdo.tn\\\/fr\\\/actualite\\\/sport\\\/young-africans-club-africain-la-delegation-clubiste-victime-de-violences-en-tanzanie\\\/198396\\\/#article\",\"isPartOf\":{\"@id\":\"https:\\\/\\\/www.webdo.tn\\\/fr\\\/actualite\\\/sport\\\/young-africans-club-africain-la-delegation-clubiste-victime-de-violences-en-tanzanie\\\/198396\\\/\"},\"author\":{\"name\":\"MC\",\"@id\":\"https:\\\/\\\/www.webdo.tn\\\/fr\\\/#\\\/schema\\\/person\\\/2c4929cbf5a809e3bd38617c6ce150f6\"},\"headline\":\"Young Africans &#8211; Club Africain : La d\u00e9l\u00e9gation clubiste victime de violences en Tanzanie\",\"datePublished\":\"2022-11-02T13:40:00+00:00\",\"dateModified\":\"2025-05-22T11:45:45+00:00\",\"mainEntityOfPage\":{\"@id\":\"https:\\\/\\\/www.webdo.tn\\\/fr\\\/actualite\\\/sport\\\/young-africans-club-africain-la-delegation-clubiste-victime-de-violences-en-tanzanie\\\/198396\\\/\"},\"wordCount\":125,\"commentCount\":0,\"publisher\":{\"@id\":\"https:\\\/\\\/www.webdo.tn\\\/fr\\\/#organization\"},\"image\":{\"@id\":\"https:\\\/\\\/www.webdo.tn\\\/fr\\\/actualite\\\/sport\\\/young-africans-club-africain-la-delegation-clubiste-victime-de-violences-en-tanzanie\\\/198396\\\/#primaryimage\"},\"thumbnailUrl\":\"https:\\\/\\\/www.webdo.tn\\\/fr\\\/wp-content\\\/uploads\\\/2022\\\/11\\\/9172aa9eac8cf7799bb5df6ca96bf043.png\",\"keywords\":[\"Club Africain\",\"coupe de la conf\u00e9d\u00e9ration\",\"football\"],\"articleSection\":[\"Sport\"],\"inLanguage\":\"fr-FR\"},{\"@type\":\"WebPage\",\"@id\":\"https:\\\/\\\/www.webdo.tn\\\/fr\\\/actualite\\\/sport\\\/young-africans-club-africain-la-delegation-clubiste-victime-de-violences-en-tanzanie\\\/198396\\\/\",\"url\":\"https:\\\/\\\/www.webdo.tn\\\/fr\\\/actualite\\\/sport\\\/young-africans-club-africain-la-delegation-clubiste-victime-de-violences-en-tanzanie\\\/198396\\\/\",\"name\":\"Young Africans - Club Africain : La d\u00e9l\u00e9gation clubiste victime de violences en Tanzanie\",\"isPartOf\":{\"@id\":\"https:\\\/\\\/www.webdo.tn\\\/fr\\\/#website\"},\"primaryImageOfPage\":{\"@id\":\"https:\\\/\\\/www.webdo.tn\\\/fr\\\/actualite\\\/sport\\\/young-africans-club-africain-la-delegation-clubiste-victime-de-violences-en-tanzanie\\\/198396\\\/#primaryimage\"},\"image\":{\"@id\":\"https:\\\/\\\/www.webdo.tn\\\/fr\\\/actualite\\\/sport\\\/young-africans-club-africain-la-delegation-clubiste-victime-de-violences-en-tanzanie\\\/198396\\\/#primaryimage\"},\"thumbnailUrl\":\"https:\\\/\\\/www.webdo.tn\\\/fr\\\/wp-content\\\/uploads\\\/2022\\\/11\\\/9172aa9eac8cf7799bb5df6ca96bf043.png\",\"datePublished\":\"2022-11-02T13:40:00+00:00\",\"dateModified\":\"2025-05-22T11:45:45+00:00\",\"description\":\"Le Club Africain affronte, ce mercredi 2 novembre 2022, l\u2019\u00e9quipe tanzanienne de Young Africans en match aller du second tour additionnel de la Coupe de la Conf\u00e9...\",\"breadcrumb\":{\"@id\":\"https:\\\/\\\/www.webdo.tn\\\/fr\\\/actualite\\\/sport\\\/young-africans-club-africain-la-delegation-clubiste-victime-de-violences-en-tanzanie\\\/198396\\\/#breadcrumb\"},\"inLanguage\":\"fr-FR\",\"potentialAction\":[{\"@type\":\"ReadAction\",\"target\":[\"https:\\\/\\\/www.webdo.tn\\\/fr\\\/actualite\\\/sport\\\/young-africans-club-africain-la-delegation-clubiste-victime-de-violences-en-tanzanie\\\/198396\\\/\"]}]},{\"@type\":\"ImageObject\",\"inLanguage\":\"fr-FR\",\"@id\":\"https:\\\/\\\/www.webdo.tn\\\/fr\\\/actualite\\\/sport\\\/young-africans-club-africain-la-delegation-clubiste-victime-de-violences-en-tanzanie\\\/198396\\\/#primaryimage\",\"url\":\"https:\\\/\\\/www.webdo.tn\\\/fr\\\/wp-content\\\/uploads\\\/2022\\\/11\\\/9172aa9eac8cf7799bb5df6ca96bf043.png\",\"contentUrl\":\"https:\\\/\\\/www.webdo.tn\\\/fr\\\/wp-content\\\/uploads\\\/2022\\\/11\\\/9172aa9eac8cf7799bb5df6ca96bf043.png\",\"width\":750,\"height\":400,\"caption\":\"D\u00e9l\u00e9gation club africain\"},{\"@type\":\"BreadcrumbList\",\"@id\":\"https:\\\/\\\/www.webdo.tn\\\/fr\\\/actualite\\\/sport\\\/young-africans-club-africain-la-delegation-clubiste-victime-de-violences-en-tanzanie\\\/198396\\\/#breadcrumb\",\"itemListElement\":[{\"@type\":\"ListItem\",\"position\":1,\"name\":\"Accueil\",\"item\":\"https:\\\/\\\/www.webdo.tn\\\/fr\\\/\"},{\"@type\":\"ListItem\",\"position\":2,\"name\":\"Young Africans &#8211; Club Africain : La d\u00e9l\u00e9gation clubiste victime de violences en Tanzanie\"}]},{\"@type\":\"WebSite\",\"@id\":\"https:\\\/\\\/www.webdo.tn\\\/fr\\\/#website\",\"url\":\"https:\\\/\\\/www.webdo.tn\\\/fr\\\/\",\"name\":\"webdo\",\"description\":\"Tunisie - News en Tunisie et \u00e0 l&#039;international sur Webdo.tn\",\"publisher\":{\"@id\":\"https:\\\/\\\/www.webdo.tn\\\/fr\\\/#organization\"},\"potentialAction\":[{\"@type\":\"SearchAction\",\"target\":{\"@type\":\"EntryPoint\",\"urlTemplate\":\"https:\\\/\\\/www.webdo.tn\\\/fr\\\/?s={search_term_string}\"},\"query-input\":{\"@type\":\"PropertyValueSpecification\",\"valueRequired\":true,\"valueName\":\"search_term_string\"}}],\"inLanguage\":\"fr-FR\"},{\"@type\":\"Organization\",\"@id\":\"https:\\\/\\\/www.webdo.tn\\\/fr\\\/#organization\",\"name\":\"Webdo\",\"alternateName\":\"Webdo.tn\",\"url\":\"https:\\\/\\\/www.webdo.tn\\\/fr\\\/\",\"logo\":{\"@type\":\"ImageObject\",\"inLanguage\":\"fr-FR\",\"@id\":\"https:\\\/\\\/www.webdo.tn\\\/fr\\\/#\\\/schema\\\/logo\\\/image\\\/\",\"url\":\"https:\\\/\\\/www.webdo.tn\\\/fr\\\/wp-content\\\/uploads\\\/2025\\\/06\\\/Webdo-Tunisie_168377.jpg\",\"contentUrl\":\"https:\\\/\\\/www.webdo.tn\\\/fr\\\/wp-content\\\/uploads\\\/2025\\\/06\\\/Webdo-Tunisie_168377.jpg\",\"width\":301,\"height\":301,\"caption\":\"Webdo\"},\"image\":{\"@id\":\"https:\\\/\\\/www.webdo.tn\\\/fr\\\/#\\\/schema\\\/logo\\\/image\\\/\"},\"sameAs\":[\"https:\\\/\\\/www.facebook.com\\\/webdotn\",\"https:\\\/\\\/x.com\\\/webdo_tn\"],\"description\":\"Webdo est un m\u00e9dia num\u00e9rique tunisien fond\u00e9 en 2010, sp\u00e9cialis\u00e9 dans l\u2019actualit\u00e9 nationale et internationale, l\u2019\u00e9conomie, la soci\u00e9t\u00e9 et les analyses politiques. Le site s\u2019adresse \u00e0 un large public francophone et couvre l\u2019information tunisienne en temps r\u00e9el.\",\"email\":\"redac@webdo.tn\",\"legalName\":\"YNJ SARL\",\"foundingDate\":\"2010-09-06\",\"numberOfEmployees\":{\"@type\":\"QuantitativeValue\",\"minValue\":\"11\",\"maxValue\":\"50\"}},{\"@type\":\"Person\",\"@id\":\"https:\\\/\\\/www.webdo.tn\\\/fr\\\/#\\\/schema\\\/person\\\/2c4929cbf5a809e3bd38617c6ce150f6\",\"name\":\"MC\",\"image\":{\"@type\":\"ImageObject\",\"inLanguage\":\"fr-FR\",\"@id\":\"https:\\\/\\\/secure.gravatar.com\\\/avatar\\\/a545bbb6f84efdd5553dbbc2895e3ca8f1d12c5215e00a041c9670b54aa9b18a?s=96&d=mm&r=g\",\"url\":\"https:\\\/\\\/secure.gravatar.com\\\/avatar\\\/a545bbb6f84efdd5553dbbc2895e3ca8f1d12c5215e00a041c9670b54aa9b18a?s=96&d=mm&r=g\",\"contentUrl\":\"https:\\\/\\\/secure.gravatar.com\\\/avatar\\\/a545bbb6f84efdd5553dbbc2895e3ca8f1d12c5215e00a041c9670b54aa9b18a?s=96&d=mm&r=g\",\"caption\":\"MC\"},\"url\":\"https:\\\/\\\/www.webdo.tn\\\/fr\\\/actualite\\\/author\\\/mc\\\/\"}]}<\/script>\n<!-- \/ Yoast SEO Premium plugin. -->","yoast_head_json":{"title":"Young Africans - Club Africain : La d\u00e9l\u00e9gation clubiste victime de violences en Tanzanie","description":"Le Club Africain affronte, ce mercredi 2 novembre 2022, l\u2019\u00e9quipe tanzanienne de Young Africans en match aller du second tour additionnel de la Coupe de la Conf\u00e9...","canonical":"https:\/\/www.webdo.tn\/fr\/actualite\/sport\/young-africans-club-africain-la-delegation-clubiste-victime-de-violences-en-tanzanie\/198396\/","og_locale":"fr_FR","og_type":"article","og_title":"Young Africans - Club Africain : La d\u00e9l\u00e9gation clubiste victime de violences en Tanzanie","og_description":"Le Club Africain affronte, ce mercredi 2 novembre 2022, l\u2019\u00e9quipe tanzanienne de Young Africans en match aller du second tour additionnel de la Coupe de la Conf\u00e9...","og_url":"https:\/\/www.webdo.tn\/fr\/actualite\/sport\/young-africans-club-africain-la-delegation-clubiste-victime-de-violences-en-tanzanie\/198396\/","og_site_name":"webdo","article_publisher":"https:\/\/www.facebook.com\/webdotn","article_published_time":"2022-11-02T13:40:00+00:00","article_modified_time":"2025-05-22T11:45:45+00:00","og_image":[{"width":750,"height":400,"url":"https:\/\/www.webdo.tn\/fr\/wp-content\/uploads\/2022\/11\/9172aa9eac8cf7799bb5df6ca96bf043.png","type":"image\/png"}],"author":"MC","twitter_card":"summary_large_image","twitter_creator":"@webdo_tn","twitter_site":"@webdo_tn","twitter_misc":{"\u00c9crit par":"MC","Dur\u00e9e de lecture estim\u00e9e":"1 minute"},"schema":{"@context":"https:\/\/schema.org","@graph":[{"@type":"NewsArticle","@id":"https:\/\/www.webdo.tn\/fr\/actualite\/sport\/young-africans-club-africain-la-delegation-clubiste-victime-de-violences-en-tanzanie\/198396\/#article","isPartOf":{"@id":"https:\/\/www.webdo.tn\/fr\/actualite\/sport\/young-africans-club-africain-la-delegation-clubiste-victime-de-violences-en-tanzanie\/198396\/"},"author":{"name":"MC","@id":"https:\/\/www.webdo.tn\/fr\/#\/schema\/person\/2c4929cbf5a809e3bd38617c6ce150f6"},"headline":"Young Africans &#8211; Club Africain : La d\u00e9l\u00e9gation clubiste victime de violences en Tanzanie","datePublished":"2022-11-02T13:40:00+00:00","dateModified":"2025-05-22T11:45:45+00:00","mainEntityOfPage":{"@id":"https:\/\/www.webdo.tn\/fr\/actualite\/sport\/young-africans-club-africain-la-delegation-clubiste-victime-de-violences-en-tanzanie\/198396\/"},"wordCount":125,"commentCount":0,"publisher":{"@id":"https:\/\/www.webdo.tn\/fr\/#organization"},"image":{"@id":"https:\/\/www.webdo.tn\/fr\/actualite\/sport\/young-africans-club-africain-la-delegation-clubiste-victime-de-violences-en-tanzanie\/198396\/#primaryimage"},"thumbnailUrl":"https:\/\/www.webdo.tn\/fr\/wp-content\/uploads\/2022\/11\/9172aa9eac8cf7799bb5df6ca96bf043.png","keywords":["Club Africain","coupe de la conf\u00e9d\u00e9ration","football"],"articleSection":["Sport"],"inLanguage":"fr-FR"},{"@type":"WebPage","@id":"https:\/\/www.webdo.tn\/fr\/actualite\/sport\/young-africans-club-africain-la-delegation-clubiste-victime-de-violences-en-tanzanie\/198396\/","url":"https:\/\/www.webdo.tn\/fr\/actualite\/sport\/young-africans-club-africain-la-delegation-clubiste-victime-de-violences-en-tanzanie\/198396\/","name":"Young Africans - Club Africain : La d\u00e9l\u00e9gation clubiste victime de violences en Tanzanie","isPartOf":{"@id":"https:\/\/www.webdo.tn\/fr\/#website"},"primaryImageOfPage":{"@id":"https:\/\/www.webdo.tn\/fr\/actualite\/sport\/young-africans-club-africain-la-delegation-clubiste-victime-de-violences-en-tanzanie\/198396\/#primaryimage"},"image":{"@id":"https:\/\/www.webdo.tn\/fr\/actualite\/sport\/young-africans-club-africain-la-delegation-clubiste-victime-de-violences-en-tanzanie\/198396\/#primaryimage"},"thumbnailUrl":"https:\/\/www.webdo.tn\/fr\/wp-content\/uploads\/2022\/11\/9172aa9eac8cf7799bb5df6ca96bf043.png","datePublished":"2022-11-02T13:40:00+00:00","dateModified":"2025-05-22T11:45:45+00:00","description":"Le Club Africain affronte, ce mercredi 2 novembre 2022, l\u2019\u00e9quipe tanzanienne de Young Africans en match aller du second tour additionnel de la Coupe de la Conf\u00e9...","breadcrumb":{"@id":"https:\/\/www.webdo.tn\/fr\/actualite\/sport\/young-africans-club-africain-la-delegation-clubiste-victime-de-violences-en-tanzanie\/198396\/#breadcrumb"},"inLanguage":"fr-FR","potentialAction":[{"@type":"ReadAction","target":["https:\/\/www.webdo.tn\/fr\/actualite\/sport\/young-africans-club-africain-la-delegation-clubiste-victime-de-violences-en-tanzanie\/198396\/"]}]},{"@type":"ImageObject","inLanguage":"fr-FR","@id":"https:\/\/www.webdo.tn\/fr\/actualite\/sport\/young-africans-club-africain-la-delegation-clubiste-victime-de-violences-en-tanzanie\/198396\/#primaryimage","url":"https:\/\/www.webdo.tn\/fr\/wp-content\/uploads\/2022\/11\/9172aa9eac8cf7799bb5df6ca96bf043.png","contentUrl":"https:\/\/www.webdo.tn\/fr\/wp-content\/uploads\/2022\/11\/9172aa9eac8cf7799bb5df6ca96bf043.png","width":750,"height":400,"caption":"D\u00e9l\u00e9gation club africain"},{"@type":"BreadcrumbList","@id":"https:\/\/www.webdo.tn\/fr\/actualite\/sport\/young-africans-club-africain-la-delegation-clubiste-victime-de-violences-en-tanzanie\/198396\/#breadcrumb","itemListElement":[{"@type":"ListItem","position":1,"name":"Accueil","item":"https:\/\/www.webdo.tn\/fr\/"},{"@type":"ListItem","position":2,"name":"Young Africans &#8211; Club Africain : La d\u00e9l\u00e9gation clubiste victime de violences en Tanzanie"}]},{"@type":"WebSite","@id":"https:\/\/www.webdo.tn\/fr\/#website","url":"https:\/\/www.webdo.tn\/fr\/","name":"webdo","description":"Tunisie - News en Tunisie et \u00e0 l&#039;international sur Webdo.tn","publisher":{"@id":"https:\/\/www.webdo.tn\/fr\/#organization"},"potentialAction":[{"@type":"SearchAction","target":{"@type":"EntryPoint","urlTemplate":"https:\/\/www.webdo.tn\/fr\/?s={search_term_string}"},"query-input":{"@type":"PropertyValueSpecification","valueRequired":true,"valueName":"search_term_string"}}],"inLanguage":"fr-FR"},{"@type":"Organization","@id":"https:\/\/www.webdo.tn\/fr\/#organization","name":"Webdo","alternateName":"Webdo.tn","url":"https:\/\/www.webdo.tn\/fr\/","logo":{"@type":"ImageObject","inLanguage":"fr-FR","@id":"https:\/\/www.webdo.tn\/fr\/#\/schema\/logo\/image\/","url":"https:\/\/www.webdo.tn\/fr\/wp-content\/uploads\/2025\/06\/Webdo-Tunisie_168377.jpg","contentUrl":"https:\/\/www.webdo.tn\/fr\/wp-content\/uploads\/2025\/06\/Webdo-Tunisie_168377.jpg","width":301,"height":301,"caption":"Webdo"},"image":{"@id":"https:\/\/www.webdo.tn\/fr\/#\/schema\/logo\/image\/"},"sameAs":["https:\/\/www.facebook.com\/webdotn","https:\/\/x.com\/webdo_tn"],"description":"Webdo est un m\u00e9dia num\u00e9rique tunisien fond\u00e9 en 2010, sp\u00e9cialis\u00e9 dans l\u2019actualit\u00e9 nationale et internationale, l\u2019\u00e9conomie, la soci\u00e9t\u00e9 et les analyses politiques. Le site s\u2019adresse \u00e0 un large public francophone et couvre l\u2019information tunisienne en temps r\u00e9el.","email":"redac@webdo.tn","legalName":"YNJ SARL","foundingDate":"2010-09-06","numberOfEmployees":{"@type":"QuantitativeValue","minValue":"11","maxValue":"50"}},{"@type":"Person","@id":"https:\/\/www.webdo.tn\/fr\/#\/schema\/person\/2c4929cbf5a809e3bd38617c6ce150f6","name":"MC","image":{"@type":"ImageObject","inLanguage":"fr-FR","@id":"https:\/\/secure.gravatar.com\/avatar\/a545bbb6f84efdd5553dbbc2895e3ca8f1d12c5215e00a041c9670b54aa9b18a?s=96&d=mm&r=g","url":"https:\/\/secure.gravatar.com\/avatar\/a545bbb6f84efdd5553dbbc2895e3ca8f1d12c5215e00a041c9670b54aa9b18a?s=96&d=mm&r=g","contentUrl":"https:\/\/secure.gravatar.com\/avatar\/a545bbb6f84efdd5553dbbc2895e3ca8f1d12c5215e00a041c9670b54aa9b18a?s=96&d=mm&r=g","caption":"MC"},"url":"https:\/\/www.webdo.tn\/fr\/actualite\/author\/mc\/"}]}},"_links":{"self":[{"href":"https:\/\/www.webdo.tn\/fr\/wp-json\/wp\/v2\/posts\/198396","targetHints":{"allow":["GET"]}}],"collection":[{"href":"https:\/\/www.webdo.tn\/fr\/wp-json\/wp\/v2\/posts"}],"about":[{"href":"https:\/\/www.webdo.tn\/fr\/wp-json\/wp\/v2\/types\/post"}],"author":[{"embeddable":true,"href":"https:\/\/www.webdo.tn\/fr\/wp-json\/wp\/v2\/users\/3162"}],"replies":[{"embeddable":true,"href":"https:\/\/www.webdo.tn\/fr\/wp-json\/wp\/v2\/comments?post=198396"}],"version-history":[{"count":0,"href":"https:\/\/www.webdo.tn\/fr\/wp-json\/wp\/v2\/posts\/198396\/revisions"}],"wp:featuredmedia":[{"embeddable":true,"href":"https:\/\/www.webdo.tn\/fr\/wp-json\/wp\/v2\/media\/348665"}],"wp:attachment":[{"href":"https:\/\/www.webdo.tn\/fr\/wp-json\/wp\/v2\/media?parent=198396"}],"wp:term":[{"taxonomy":"category","embeddable":true,"href":"https:\/\/www.webdo.tn\/fr\/wp-json\/wp\/v2\/categories?post=198396"},{"taxonomy":"post_tag","embeddable":true,"href":"https:\/\/www.webdo.tn\/fr\/wp-json\/wp\/v2\/tags?post=198396"}],"curies":[{"name":"wp","href":"https:\/\/api.w.org\/{rel}","templated":true}]}}