{"id":198381,"date":"2022-11-02T10:25:00","date_gmt":"2022-11-02T10:25:00","guid":{"rendered":"https:\/\/www.webdo.tn\/fr\/actualite\/blog\/le-stock-strategique-de-lait-a-diminue-de-50-a-13-millions-de-litres\/198381\/"},"modified":"2025-05-22T11:45:41","modified_gmt":"2025-05-22T11:45:41","slug":"le-stock-strategique-de-lait-a-diminue-de-50-a-13-millions-de-litres","status":"publish","type":"post","link":"https:\/\/www.webdo.tn\/fr\/actualite\/national\/le-stock-strategique-de-lait-a-diminue-de-50-a-13-millions-de-litres\/198381\/","title":{"rendered":"Le stock strat\u00e9gique de lait a diminu\u00e9 de 50 \u00e0 13 millions de litres"},"content":{"rendered":"<p>Le pr\u00e9sident du Syndicat national des agriculteurs de Tunisie (Synagri), Midani Dhaoui, a affirm\u00e9 que le stock strat\u00e9gique de lait a diminu\u00e9 de 50 \u00e0 13 millions de litres, pr\u00e9cisant que 500 mille litres du stock strat\u00e9gique sont vers\u00e9s chaque jour dans le march\u00e9 local.<\/p>\n<p> Il a \u00e9galement mis en exergue, au micro de Shems fm, ce mercredi 2 novembre 2022, l\u2019\u00e9rosion du troupeau laitier : \u00ab le nombre de vaches laiti\u00e8res est pass\u00e9 de 460 mille \u00e0 410 mille \u00bb.<\/p>\n<p>Le syndicaliste a d\u00e9nonc\u00e9 le mutisme de l\u2019\u00c9tat face \u00e0 la d\u00e9gradation de la situation de la fili\u00e8re laiti\u00e8re, appelant \u00e0 augmenter le prix du lait de 500 millimes.<\/p>\n<p>Dans ce cadre, il a fait savoir que \u00ab les prix des fourrages ont augment\u00e9 pour atteindre 1.4 million de dinar la tonne, tandis que le prix du lait n\u2019a pas \u00e9volu\u00e9 depuis 2021 \u00bb.<\/p>\n","protected":false},"excerpt":{"rendered":"<p>Le pr\u00e9sident du Syndicat national des agriculteurs de Tunisie (Synagri), Midani Dhaoui, a affirm\u00e9 que le stock strat\u00e9gique de lait a diminu\u00e9 de 50 \u00e0 13 millions&#8230;<\/p>\n","protected":false},"author":3169,"featured_media":348661,"comment_status":"open","ping_status":"closed","sticky":false,"template":"","format":"standard","meta":{"footnotes":""},"categories":[44],"tags":[8400,5618,11583],"class_list":["post-198381","post","type-post","status-publish","format-standard","has-post-thumbnail","hentry","category-national","tag-filiere-laitiere","tag-lait","tag-synagri"],"yoast_head":"<!-- This site is optimized with the Yoast SEO Premium plugin v27.5 (Yoast SEO v27.5) - https:\/\/yoast.com\/product\/yoast-seo-premium-wordpress\/ -->\n<title>Le stock strat\u00e9gique de lait a diminu\u00e9 de 50 \u00e0 13 millions de litres<\/title>\n<meta name=\"description\" content=\"Le pr\u00e9sident du Syndicat national des agriculteurs de Tunisie (Synagri), Midani Dhaoui, a affirm\u00e9 que le stock strat\u00e9gique de lait a diminu\u00e9 de 50 \u00e0 13 millions...\" \/>\n<link rel=\"canonical\" href=\"https:\/\/www.webdo.tn\/fr\/actualite\/national-45\/le-stock-strategique-de-lait-a-diminue-de-50-a-13-millions-de-litres\/198381\/\" \/>\n<meta property=\"og:locale\" content=\"fr_FR\" \/>\n<meta property=\"og:type\" content=\"article\" \/>\n<meta property=\"og:title\" content=\"Le stock strat\u00e9gique de lait a diminu\u00e9 de 50 \u00e0 13 millions de litres\" \/>\n<meta property=\"og:description\" content=\"Le pr\u00e9sident du Syndicat national des agriculteurs de Tunisie (Synagri), Midani Dhaoui, a affirm\u00e9 que le stock strat\u00e9gique de lait a diminu\u00e9 de 50 \u00e0 13 millions...\" \/>\n<meta property=\"og:url\" content=\"https:\/\/www.webdo.tn\/fr\/actualite\/national-45\/le-stock-strategique-de-lait-a-diminue-de-50-a-13-millions-de-litres\/198381\/\" \/>\n<meta property=\"og:site_name\" content=\"webdo\" \/>\n<meta property=\"article:publisher\" content=\"https:\/\/www.facebook.com\/webdotn\" \/>\n<meta property=\"article:published_time\" content=\"2022-11-02T10:25:00+00:00\" \/>\n<meta property=\"article:modified_time\" content=\"2025-05-22T11:45:41+00:00\" \/>\n<meta property=\"og:image\" content=\"https:\/\/www.webdo.tn\/fr\/wp-content\/uploads\/2022\/11\/275e4c72d01b12ead7baf4a99399bf3d.jpg\" \/>\n\t<meta property=\"og:image:width\" content=\"750\" \/>\n\t<meta property=\"og:image:height\" content=\"400\" \/>\n\t<meta property=\"og:image:type\" content=\"image\/jpeg\" \/>\n<meta name=\"author\" content=\"Webdo\" \/>\n<meta name=\"twitter:card\" content=\"summary_large_image\" \/>\n<meta name=\"twitter:creator\" content=\"@webdo_tn\" \/>\n<meta name=\"twitter:site\" content=\"@webdo_tn\" \/>\n<meta name=\"twitter:label1\" content=\"\u00c9crit par\" \/>\n\t<meta name=\"twitter:data1\" content=\"Webdo\" \/>\n\t<meta name=\"twitter:label2\" content=\"Dur\u00e9e de lecture estim\u00e9e\" \/>\n\t<meta name=\"twitter:data2\" content=\"1 minute\" \/>\n<script type=\"application\/ld+json\" class=\"yoast-schema-graph\">{\"@context\":\"https:\\\/\\\/schema.org\",\"@graph\":[{\"@type\":\"NewsArticle\",\"@id\":\"https:\\\/\\\/www.webdo.tn\\\/fr\\\/actualite\\\/national-45\\\/le-stock-strategique-de-lait-a-diminue-de-50-a-13-millions-de-litres\\\/198381\\\/#article\",\"isPartOf\":{\"@id\":\"https:\\\/\\\/www.webdo.tn\\\/fr\\\/actualite\\\/national-45\\\/le-stock-strategique-de-lait-a-diminue-de-50-a-13-millions-de-litres\\\/198381\\\/\"},\"author\":{\"name\":\"Webdo\",\"@id\":\"https:\\\/\\\/www.webdo.tn\\\/fr\\\/#\\\/schema\\\/person\\\/1f4e491e0907b413d61089e8eb573acc\"},\"headline\":\"Le stock strat\u00e9gique de lait a diminu\u00e9 de 50 \u00e0 13 millions de litres\",\"datePublished\":\"2022-11-02T10:25:00+00:00\",\"dateModified\":\"2025-05-22T11:45:41+00:00\",\"mainEntityOfPage\":{\"@id\":\"https:\\\/\\\/www.webdo.tn\\\/fr\\\/actualite\\\/national-45\\\/le-stock-strategique-de-lait-a-diminue-de-50-a-13-millions-de-litres\\\/198381\\\/\"},\"wordCount\":151,\"commentCount\":0,\"publisher\":{\"@id\":\"https:\\\/\\\/www.webdo.tn\\\/fr\\\/#organization\"},\"image\":{\"@id\":\"https:\\\/\\\/www.webdo.tn\\\/fr\\\/actualite\\\/national-45\\\/le-stock-strategique-de-lait-a-diminue-de-50-a-13-millions-de-litres\\\/198381\\\/#primaryimage\"},\"thumbnailUrl\":\"https:\\\/\\\/www.webdo.tn\\\/fr\\\/wp-content\\\/uploads\\\/2022\\\/11\\\/275e4c72d01b12ead7baf4a99399bf3d.jpg\",\"keywords\":[\"fili\u00e8re laiti\u00e8re\",\"Lait\",\"SYNAGRI\"],\"articleSection\":[\"National\"],\"inLanguage\":\"fr-FR\"},{\"@type\":\"WebPage\",\"@id\":\"https:\\\/\\\/www.webdo.tn\\\/fr\\\/actualite\\\/national-45\\\/le-stock-strategique-de-lait-a-diminue-de-50-a-13-millions-de-litres\\\/198381\\\/\",\"url\":\"https:\\\/\\\/www.webdo.tn\\\/fr\\\/actualite\\\/national-45\\\/le-stock-strategique-de-lait-a-diminue-de-50-a-13-millions-de-litres\\\/198381\\\/\",\"name\":\"Le stock strat\u00e9gique de lait a diminu\u00e9 de 50 \u00e0 13 millions de litres\",\"isPartOf\":{\"@id\":\"https:\\\/\\\/www.webdo.tn\\\/fr\\\/#website\"},\"primaryImageOfPage\":{\"@id\":\"https:\\\/\\\/www.webdo.tn\\\/fr\\\/actualite\\\/national-45\\\/le-stock-strategique-de-lait-a-diminue-de-50-a-13-millions-de-litres\\\/198381\\\/#primaryimage\"},\"image\":{\"@id\":\"https:\\\/\\\/www.webdo.tn\\\/fr\\\/actualite\\\/national-45\\\/le-stock-strategique-de-lait-a-diminue-de-50-a-13-millions-de-litres\\\/198381\\\/#primaryimage\"},\"thumbnailUrl\":\"https:\\\/\\\/www.webdo.tn\\\/fr\\\/wp-content\\\/uploads\\\/2022\\\/11\\\/275e4c72d01b12ead7baf4a99399bf3d.jpg\",\"datePublished\":\"2022-11-02T10:25:00+00:00\",\"dateModified\":\"2025-05-22T11:45:41+00:00\",\"description\":\"Le pr\u00e9sident du Syndicat national des agriculteurs de Tunisie (Synagri), Midani Dhaoui, a affirm\u00e9 que le stock strat\u00e9gique de lait a diminu\u00e9 de 50 \u00e0 13 millions...\",\"breadcrumb\":{\"@id\":\"https:\\\/\\\/www.webdo.tn\\\/fr\\\/actualite\\\/national-45\\\/le-stock-strategique-de-lait-a-diminue-de-50-a-13-millions-de-litres\\\/198381\\\/#breadcrumb\"},\"inLanguage\":\"fr-FR\",\"potentialAction\":[{\"@type\":\"ReadAction\",\"target\":[\"https:\\\/\\\/www.webdo.tn\\\/fr\\\/actualite\\\/national-45\\\/le-stock-strategique-de-lait-a-diminue-de-50-a-13-millions-de-litres\\\/198381\\\/\"]}]},{\"@type\":\"ImageObject\",\"inLanguage\":\"fr-FR\",\"@id\":\"https:\\\/\\\/www.webdo.tn\\\/fr\\\/actualite\\\/national-45\\\/le-stock-strategique-de-lait-a-diminue-de-50-a-13-millions-de-litres\\\/198381\\\/#primaryimage\",\"url\":\"https:\\\/\\\/www.webdo.tn\\\/fr\\\/wp-content\\\/uploads\\\/2022\\\/11\\\/275e4c72d01b12ead7baf4a99399bf3d.jpg\",\"contentUrl\":\"https:\\\/\\\/www.webdo.tn\\\/fr\\\/wp-content\\\/uploads\\\/2022\\\/11\\\/275e4c72d01b12ead7baf4a99399bf3d.jpg\",\"width\":750,\"height\":400,\"caption\":\"P\u00e9nurie lait\"},{\"@type\":\"BreadcrumbList\",\"@id\":\"https:\\\/\\\/www.webdo.tn\\\/fr\\\/actualite\\\/national-45\\\/le-stock-strategique-de-lait-a-diminue-de-50-a-13-millions-de-litres\\\/198381\\\/#breadcrumb\",\"itemListElement\":[{\"@type\":\"ListItem\",\"position\":1,\"name\":\"Accueil\",\"item\":\"https:\\\/\\\/www.webdo.tn\\\/fr\\\/\"},{\"@type\":\"ListItem\",\"position\":2,\"name\":\"Le stock strat\u00e9gique de lait a diminu\u00e9 de 50 \u00e0 13 millions de litres\"}]},{\"@type\":\"WebSite\",\"@id\":\"https:\\\/\\\/www.webdo.tn\\\/fr\\\/#website\",\"url\":\"https:\\\/\\\/www.webdo.tn\\\/fr\\\/\",\"name\":\"webdo\",\"description\":\"Tunisie - News en Tunisie et \u00e0 l&#039;international sur Webdo.tn\",\"publisher\":{\"@id\":\"https:\\\/\\\/www.webdo.tn\\\/fr\\\/#organization\"},\"potentialAction\":[{\"@type\":\"SearchAction\",\"target\":{\"@type\":\"EntryPoint\",\"urlTemplate\":\"https:\\\/\\\/www.webdo.tn\\\/fr\\\/?s={search_term_string}\"},\"query-input\":{\"@type\":\"PropertyValueSpecification\",\"valueRequired\":true,\"valueName\":\"search_term_string\"}}],\"inLanguage\":\"fr-FR\"},{\"@type\":\"Organization\",\"@id\":\"https:\\\/\\\/www.webdo.tn\\\/fr\\\/#organization\",\"name\":\"Webdo\",\"alternateName\":\"Webdo.tn\",\"url\":\"https:\\\/\\\/www.webdo.tn\\\/fr\\\/\",\"logo\":{\"@type\":\"ImageObject\",\"inLanguage\":\"fr-FR\",\"@id\":\"https:\\\/\\\/www.webdo.tn\\\/fr\\\/#\\\/schema\\\/logo\\\/image\\\/\",\"url\":\"https:\\\/\\\/www.webdo.tn\\\/fr\\\/wp-content\\\/uploads\\\/2025\\\/06\\\/Webdo-Tunisie_168377.jpg\",\"contentUrl\":\"https:\\\/\\\/www.webdo.tn\\\/fr\\\/wp-content\\\/uploads\\\/2025\\\/06\\\/Webdo-Tunisie_168377.jpg\",\"width\":301,\"height\":301,\"caption\":\"Webdo\"},\"image\":{\"@id\":\"https:\\\/\\\/www.webdo.tn\\\/fr\\\/#\\\/schema\\\/logo\\\/image\\\/\"},\"sameAs\":[\"https:\\\/\\\/www.facebook.com\\\/webdotn\",\"https:\\\/\\\/x.com\\\/webdo_tn\"],\"description\":\"Webdo est un m\u00e9dia num\u00e9rique tunisien fond\u00e9 en 2010, sp\u00e9cialis\u00e9 dans l\u2019actualit\u00e9 nationale et internationale, l\u2019\u00e9conomie, la soci\u00e9t\u00e9 et les analyses politiques. Le site s\u2019adresse \u00e0 un large public francophone et couvre l\u2019information tunisienne en temps r\u00e9el.\",\"email\":\"redac@webdo.tn\",\"legalName\":\"YNJ SARL\",\"foundingDate\":\"2010-09-06\",\"numberOfEmployees\":{\"@type\":\"QuantitativeValue\",\"minValue\":\"11\",\"maxValue\":\"50\"}},{\"@type\":\"Person\",\"@id\":\"https:\\\/\\\/www.webdo.tn\\\/fr\\\/#\\\/schema\\\/person\\\/1f4e491e0907b413d61089e8eb573acc\",\"name\":\"Webdo\",\"image\":{\"@type\":\"ImageObject\",\"inLanguage\":\"fr-FR\",\"@id\":\"https:\\\/\\\/secure.gravatar.com\\\/avatar\\\/de97aeec1bb80978a9dbb127e47dfc88aaacb2f3c29aac907d8d3222e3495d49?s=96&d=mm&r=g\",\"url\":\"https:\\\/\\\/secure.gravatar.com\\\/avatar\\\/de97aeec1bb80978a9dbb127e47dfc88aaacb2f3c29aac907d8d3222e3495d49?s=96&d=mm&r=g\",\"contentUrl\":\"https:\\\/\\\/secure.gravatar.com\\\/avatar\\\/de97aeec1bb80978a9dbb127e47dfc88aaacb2f3c29aac907d8d3222e3495d49?s=96&d=mm&r=g\",\"caption\":\"Webdo\"},\"url\":\"https:\\\/\\\/www.webdo.tn\\\/fr\\\/actualite\\\/author\\\/webdo\\\/\"}]}<\/script>\n<!-- \/ Yoast SEO Premium plugin. -->","yoast_head_json":{"title":"Le stock strat\u00e9gique de lait a diminu\u00e9 de 50 \u00e0 13 millions de litres","description":"Le pr\u00e9sident du Syndicat national des agriculteurs de Tunisie (Synagri), Midani Dhaoui, a affirm\u00e9 que le stock strat\u00e9gique de lait a diminu\u00e9 de 50 \u00e0 13 millions...","canonical":"https:\/\/www.webdo.tn\/fr\/actualite\/national-45\/le-stock-strategique-de-lait-a-diminue-de-50-a-13-millions-de-litres\/198381\/","og_locale":"fr_FR","og_type":"article","og_title":"Le stock strat\u00e9gique de lait a diminu\u00e9 de 50 \u00e0 13 millions de litres","og_description":"Le pr\u00e9sident du Syndicat national des agriculteurs de Tunisie (Synagri), Midani Dhaoui, a affirm\u00e9 que le stock strat\u00e9gique de lait a diminu\u00e9 de 50 \u00e0 13 millions...","og_url":"https:\/\/www.webdo.tn\/fr\/actualite\/national-45\/le-stock-strategique-de-lait-a-diminue-de-50-a-13-millions-de-litres\/198381\/","og_site_name":"webdo","article_publisher":"https:\/\/www.facebook.com\/webdotn","article_published_time":"2022-11-02T10:25:00+00:00","article_modified_time":"2025-05-22T11:45:41+00:00","og_image":[{"width":750,"height":400,"url":"https:\/\/www.webdo.tn\/fr\/wp-content\/uploads\/2022\/11\/275e4c72d01b12ead7baf4a99399bf3d.jpg","type":"image\/jpeg"}],"author":"Webdo","twitter_card":"summary_large_image","twitter_creator":"@webdo_tn","twitter_site":"@webdo_tn","twitter_misc":{"\u00c9crit par":"Webdo","Dur\u00e9e de lecture estim\u00e9e":"1 minute"},"schema":{"@context":"https:\/\/schema.org","@graph":[{"@type":"NewsArticle","@id":"https:\/\/www.webdo.tn\/fr\/actualite\/national-45\/le-stock-strategique-de-lait-a-diminue-de-50-a-13-millions-de-litres\/198381\/#article","isPartOf":{"@id":"https:\/\/www.webdo.tn\/fr\/actualite\/national-45\/le-stock-strategique-de-lait-a-diminue-de-50-a-13-millions-de-litres\/198381\/"},"author":{"name":"Webdo","@id":"https:\/\/www.webdo.tn\/fr\/#\/schema\/person\/1f4e491e0907b413d61089e8eb573acc"},"headline":"Le stock strat\u00e9gique de lait a diminu\u00e9 de 50 \u00e0 13 millions de litres","datePublished":"2022-11-02T10:25:00+00:00","dateModified":"2025-05-22T11:45:41+00:00","mainEntityOfPage":{"@id":"https:\/\/www.webdo.tn\/fr\/actualite\/national-45\/le-stock-strategique-de-lait-a-diminue-de-50-a-13-millions-de-litres\/198381\/"},"wordCount":151,"commentCount":0,"publisher":{"@id":"https:\/\/www.webdo.tn\/fr\/#organization"},"image":{"@id":"https:\/\/www.webdo.tn\/fr\/actualite\/national-45\/le-stock-strategique-de-lait-a-diminue-de-50-a-13-millions-de-litres\/198381\/#primaryimage"},"thumbnailUrl":"https:\/\/www.webdo.tn\/fr\/wp-content\/uploads\/2022\/11\/275e4c72d01b12ead7baf4a99399bf3d.jpg","keywords":["fili\u00e8re laiti\u00e8re","Lait","SYNAGRI"],"articleSection":["National"],"inLanguage":"fr-FR"},{"@type":"WebPage","@id":"https:\/\/www.webdo.tn\/fr\/actualite\/national-45\/le-stock-strategique-de-lait-a-diminue-de-50-a-13-millions-de-litres\/198381\/","url":"https:\/\/www.webdo.tn\/fr\/actualite\/national-45\/le-stock-strategique-de-lait-a-diminue-de-50-a-13-millions-de-litres\/198381\/","name":"Le stock strat\u00e9gique de lait a diminu\u00e9 de 50 \u00e0 13 millions de litres","isPartOf":{"@id":"https:\/\/www.webdo.tn\/fr\/#website"},"primaryImageOfPage":{"@id":"https:\/\/www.webdo.tn\/fr\/actualite\/national-45\/le-stock-strategique-de-lait-a-diminue-de-50-a-13-millions-de-litres\/198381\/#primaryimage"},"image":{"@id":"https:\/\/www.webdo.tn\/fr\/actualite\/national-45\/le-stock-strategique-de-lait-a-diminue-de-50-a-13-millions-de-litres\/198381\/#primaryimage"},"thumbnailUrl":"https:\/\/www.webdo.tn\/fr\/wp-content\/uploads\/2022\/11\/275e4c72d01b12ead7baf4a99399bf3d.jpg","datePublished":"2022-11-02T10:25:00+00:00","dateModified":"2025-05-22T11:45:41+00:00","description":"Le pr\u00e9sident du Syndicat national des agriculteurs de Tunisie (Synagri), Midani Dhaoui, a affirm\u00e9 que le stock strat\u00e9gique de lait a diminu\u00e9 de 50 \u00e0 13 millions...","breadcrumb":{"@id":"https:\/\/www.webdo.tn\/fr\/actualite\/national-45\/le-stock-strategique-de-lait-a-diminue-de-50-a-13-millions-de-litres\/198381\/#breadcrumb"},"inLanguage":"fr-FR","potentialAction":[{"@type":"ReadAction","target":["https:\/\/www.webdo.tn\/fr\/actualite\/national-45\/le-stock-strategique-de-lait-a-diminue-de-50-a-13-millions-de-litres\/198381\/"]}]},{"@type":"ImageObject","inLanguage":"fr-FR","@id":"https:\/\/www.webdo.tn\/fr\/actualite\/national-45\/le-stock-strategique-de-lait-a-diminue-de-50-a-13-millions-de-litres\/198381\/#primaryimage","url":"https:\/\/www.webdo.tn\/fr\/wp-content\/uploads\/2022\/11\/275e4c72d01b12ead7baf4a99399bf3d.jpg","contentUrl":"https:\/\/www.webdo.tn\/fr\/wp-content\/uploads\/2022\/11\/275e4c72d01b12ead7baf4a99399bf3d.jpg","width":750,"height":400,"caption":"P\u00e9nurie lait"},{"@type":"BreadcrumbList","@id":"https:\/\/www.webdo.tn\/fr\/actualite\/national-45\/le-stock-strategique-de-lait-a-diminue-de-50-a-13-millions-de-litres\/198381\/#breadcrumb","itemListElement":[{"@type":"ListItem","position":1,"name":"Accueil","item":"https:\/\/www.webdo.tn\/fr\/"},{"@type":"ListItem","position":2,"name":"Le stock strat\u00e9gique de lait a diminu\u00e9 de 50 \u00e0 13 millions de litres"}]},{"@type":"WebSite","@id":"https:\/\/www.webdo.tn\/fr\/#website","url":"https:\/\/www.webdo.tn\/fr\/","name":"webdo","description":"Tunisie - News en Tunisie et \u00e0 l&#039;international sur Webdo.tn","publisher":{"@id":"https:\/\/www.webdo.tn\/fr\/#organization"},"potentialAction":[{"@type":"SearchAction","target":{"@type":"EntryPoint","urlTemplate":"https:\/\/www.webdo.tn\/fr\/?s={search_term_string}"},"query-input":{"@type":"PropertyValueSpecification","valueRequired":true,"valueName":"search_term_string"}}],"inLanguage":"fr-FR"},{"@type":"Organization","@id":"https:\/\/www.webdo.tn\/fr\/#organization","name":"Webdo","alternateName":"Webdo.tn","url":"https:\/\/www.webdo.tn\/fr\/","logo":{"@type":"ImageObject","inLanguage":"fr-FR","@id":"https:\/\/www.webdo.tn\/fr\/#\/schema\/logo\/image\/","url":"https:\/\/www.webdo.tn\/fr\/wp-content\/uploads\/2025\/06\/Webdo-Tunisie_168377.jpg","contentUrl":"https:\/\/www.webdo.tn\/fr\/wp-content\/uploads\/2025\/06\/Webdo-Tunisie_168377.jpg","width":301,"height":301,"caption":"Webdo"},"image":{"@id":"https:\/\/www.webdo.tn\/fr\/#\/schema\/logo\/image\/"},"sameAs":["https:\/\/www.facebook.com\/webdotn","https:\/\/x.com\/webdo_tn"],"description":"Webdo est un m\u00e9dia num\u00e9rique tunisien fond\u00e9 en 2010, sp\u00e9cialis\u00e9 dans l\u2019actualit\u00e9 nationale et internationale, l\u2019\u00e9conomie, la soci\u00e9t\u00e9 et les analyses politiques. Le site s\u2019adresse \u00e0 un large public francophone et couvre l\u2019information tunisienne en temps r\u00e9el.","email":"redac@webdo.tn","legalName":"YNJ SARL","foundingDate":"2010-09-06","numberOfEmployees":{"@type":"QuantitativeValue","minValue":"11","maxValue":"50"}},{"@type":"Person","@id":"https:\/\/www.webdo.tn\/fr\/#\/schema\/person\/1f4e491e0907b413d61089e8eb573acc","name":"Webdo","image":{"@type":"ImageObject","inLanguage":"fr-FR","@id":"https:\/\/secure.gravatar.com\/avatar\/de97aeec1bb80978a9dbb127e47dfc88aaacb2f3c29aac907d8d3222e3495d49?s=96&d=mm&r=g","url":"https:\/\/secure.gravatar.com\/avatar\/de97aeec1bb80978a9dbb127e47dfc88aaacb2f3c29aac907d8d3222e3495d49?s=96&d=mm&r=g","contentUrl":"https:\/\/secure.gravatar.com\/avatar\/de97aeec1bb80978a9dbb127e47dfc88aaacb2f3c29aac907d8d3222e3495d49?s=96&d=mm&r=g","caption":"Webdo"},"url":"https:\/\/www.webdo.tn\/fr\/actualite\/author\/webdo\/"}]}},"_links":{"self":[{"href":"https:\/\/www.webdo.tn\/fr\/wp-json\/wp\/v2\/posts\/198381","targetHints":{"allow":["GET"]}}],"collection":[{"href":"https:\/\/www.webdo.tn\/fr\/wp-json\/wp\/v2\/posts"}],"about":[{"href":"https:\/\/www.webdo.tn\/fr\/wp-json\/wp\/v2\/types\/post"}],"author":[{"embeddable":true,"href":"https:\/\/www.webdo.tn\/fr\/wp-json\/wp\/v2\/users\/3169"}],"replies":[{"embeddable":true,"href":"https:\/\/www.webdo.tn\/fr\/wp-json\/wp\/v2\/comments?post=198381"}],"version-history":[{"count":0,"href":"https:\/\/www.webdo.tn\/fr\/wp-json\/wp\/v2\/posts\/198381\/revisions"}],"wp:featuredmedia":[{"embeddable":true,"href":"https:\/\/www.webdo.tn\/fr\/wp-json\/wp\/v2\/media\/348661"}],"wp:attachment":[{"href":"https:\/\/www.webdo.tn\/fr\/wp-json\/wp\/v2\/media?parent=198381"}],"wp:term":[{"taxonomy":"category","embeddable":true,"href":"https:\/\/www.webdo.tn\/fr\/wp-json\/wp\/v2\/categories?post=198381"},{"taxonomy":"post_tag","embeddable":true,"href":"https:\/\/www.webdo.tn\/fr\/wp-json\/wp\/v2\/tags?post=198381"}],"curies":[{"name":"wp","href":"https:\/\/api.w.org\/{rel}","templated":true}]}}