{"id":198377,"date":"2022-11-02T09:44:00","date_gmt":"2022-11-02T09:44:00","guid":{"rendered":"https:\/\/www.webdo.tn\/fr\/blog\/le-pic-de-la-grippe-saisonniere-coincide-avec-une-nouvelle-vague-de-covid\/198377\/"},"modified":"2025-05-17T20:58:14","modified_gmt":"2025-05-17T20:58:14","slug":"le-pic-de-la-grippe-saisonniere-coincide-avec-une-nouvelle-vague-de-covid","status":"publish","type":"post","link":"https:\/\/www.webdo.tn\/fr\/actualite\/national\/le-pic-de-la-grippe-saisonniere-coincide-avec-une-nouvelle-vague-de-covid\/198377\/","title":{"rendered":"Le pic de la grippe saisonni\u00e8re co\u00efncide avec une nouvelle vague de Covid"},"content":{"rendered":"<p>Le chef du service des urgences \u00e0 l&rsquo;H\u00f4pital Abderrahmen Mami, docteur Rafik Boujdaria a mis en garde contre la grippe saisonni\u00e8re, dont le pic co\u00efncide avec une mont\u00e9e des cas de contamination au coronavirus.<\/p>\n<p>\t\t\t\t\t\t\t\t\tIl a expliqu\u00e9, au micro de Mosa\u00efque fm, ce mercredi 2 novembre 2022,\u00a0que les personnes qui ont une sant\u00e9 fragile doivent \u00eatre prot\u00e9g\u00e9s de la grippe, faisant savoir que ceci peut causer des hospitalisations et des d\u00e9c\u00e8s pour les personnes souffrant de maladies chroniques.<\/p>\n<p>Environ 300 mille doses du vaccin contre la grippe saisonni\u00e8re sont disponibles depuis le 17 octobre dernier, prot\u00e9geant contre les quatre variants de la grippe qui causent le plus de contaminations et de d\u00e9g\u00e2ts (deux de type A et deux de type B).<\/p>\n<p>Par ailleurs, docteur Boujdaria a indiqu\u00e9 qu\u2019une nouvelle vague de coronavirus, avec un pouvoir pathog\u00e8ne amoindri, est pr\u00e9vue pour la fin du mois de d\u00e9cembre.<\/p>\n","protected":false},"excerpt":{"rendered":"<p>Le chef du service des urgences \u00e0 l&rsquo;H\u00f4pital Abderrahmen Mami, docteur Rafik Boujdaria a mis en garde contre la grippe saisonni\u00e8re, dont le pic co\u00efncide avec une&#8230;<\/p>\n","protected":false},"author":3169,"featured_media":277159,"comment_status":"open","ping_status":"closed","sticky":false,"template":"","format":"standard","meta":{"footnotes":""},"categories":[44],"tags":[7520,9117,4702],"class_list":["post-198377","post","type-post","status-publish","format-standard","has-post-thumbnail","hentry","category-national","tag-coronavirus","tag-covid","tag-grippe-saisonniere"],"yoast_head":"<!-- This site is optimized with the Yoast SEO Premium plugin v27.4 (Yoast SEO v27.5) - https:\/\/yoast.com\/product\/yoast-seo-premium-wordpress\/ -->\n<title>Le pic de la grippe saisonni\u00e8re co\u00efncide avec une nouvelle vague de Covid<\/title>\n<meta name=\"description\" content=\"Le chef du service des urgences \u00e0 l&#039;H\u00f4pital Abderrahmen Mami, docteur Rafik Boujdaria a mis en garde contre la grippe saisonni\u00e8re, dont le pic co\u00efncide avec une...\" \/>\n<link rel=\"canonical\" href=\"https:\/\/www.webdo.tn\/fr\/actualite\/national\/le-pic-de-la-grippe-saisonniere-coincide-avec-une-nouvelle-vague-de-covid\/198377\/\" \/>\n<meta property=\"og:locale\" content=\"fr_FR\" \/>\n<meta property=\"og:type\" content=\"article\" \/>\n<meta property=\"og:title\" content=\"Le pic de la grippe saisonni\u00e8re co\u00efncide avec une nouvelle vague de Covid\" \/>\n<meta property=\"og:description\" content=\"Le chef du service des urgences \u00e0 l&#039;H\u00f4pital Abderrahmen Mami, docteur Rafik Boujdaria a mis en garde contre la grippe saisonni\u00e8re, dont le pic co\u00efncide avec une...\" \/>\n<meta property=\"og:url\" content=\"https:\/\/www.webdo.tn\/fr\/actualite\/national\/le-pic-de-la-grippe-saisonniere-coincide-avec-une-nouvelle-vague-de-covid\/198377\/\" \/>\n<meta property=\"og:site_name\" content=\"webdo\" \/>\n<meta property=\"article:publisher\" content=\"https:\/\/www.facebook.com\/webdotn\" \/>\n<meta property=\"article:published_time\" content=\"2022-11-02T09:44:00+00:00\" \/>\n<meta property=\"article:modified_time\" content=\"2025-05-17T20:58:14+00:00\" \/>\n<meta property=\"og:image\" content=\"https:\/\/www.webdo.tn\/fr\/wp-content\/uploads\/2022\/11\/bec0a9ddc463d0fe33ac26ad9fac7511.png\" \/>\n\t<meta property=\"og:image:width\" content=\"750\" \/>\n\t<meta property=\"og:image:height\" content=\"400\" \/>\n\t<meta property=\"og:image:type\" content=\"image\/png\" \/>\n<meta name=\"author\" content=\"Webdo\" \/>\n<meta name=\"twitter:card\" content=\"summary_large_image\" \/>\n<meta name=\"twitter:creator\" content=\"@webdo_tn\" \/>\n<meta name=\"twitter:site\" content=\"@webdo_tn\" \/>\n<meta name=\"twitter:label1\" content=\"\u00c9crit par\" \/>\n\t<meta name=\"twitter:data1\" content=\"Webdo\" \/>\n\t<meta name=\"twitter:label2\" content=\"Dur\u00e9e de lecture estim\u00e9e\" \/>\n\t<meta name=\"twitter:data2\" content=\"1 minute\" \/>\n<script type=\"application\/ld+json\" class=\"yoast-schema-graph\">{\"@context\":\"https:\\\/\\\/schema.org\",\"@graph\":[{\"@type\":\"NewsArticle\",\"@id\":\"https:\\\/\\\/www.webdo.tn\\\/fr\\\/actualite\\\/national\\\/le-pic-de-la-grippe-saisonniere-coincide-avec-une-nouvelle-vague-de-covid\\\/198377\\\/#article\",\"isPartOf\":{\"@id\":\"https:\\\/\\\/www.webdo.tn\\\/fr\\\/actualite\\\/national\\\/le-pic-de-la-grippe-saisonniere-coincide-avec-une-nouvelle-vague-de-covid\\\/198377\\\/\"},\"author\":{\"name\":\"Webdo\",\"@id\":\"https:\\\/\\\/www.webdo.tn\\\/fr\\\/#\\\/schema\\\/person\\\/1f4e491e0907b413d61089e8eb573acc\"},\"headline\":\"Le pic de la grippe saisonni\u00e8re co\u00efncide avec une nouvelle vague de Covid\",\"datePublished\":\"2022-11-02T09:44:00+00:00\",\"dateModified\":\"2025-05-17T20:58:14+00:00\",\"mainEntityOfPage\":{\"@id\":\"https:\\\/\\\/www.webdo.tn\\\/fr\\\/actualite\\\/national\\\/le-pic-de-la-grippe-saisonniere-coincide-avec-une-nouvelle-vague-de-covid\\\/198377\\\/\"},\"wordCount\":175,\"commentCount\":0,\"publisher\":{\"@id\":\"https:\\\/\\\/www.webdo.tn\\\/fr\\\/#organization\"},\"image\":{\"@id\":\"https:\\\/\\\/www.webdo.tn\\\/fr\\\/actualite\\\/national\\\/le-pic-de-la-grippe-saisonniere-coincide-avec-une-nouvelle-vague-de-covid\\\/198377\\\/#primaryimage\"},\"thumbnailUrl\":\"https:\\\/\\\/www.webdo.tn\\\/fr\\\/wp-content\\\/uploads\\\/2022\\\/11\\\/bec0a9ddc463d0fe33ac26ad9fac7511.png\",\"keywords\":[\"Coronavirus\",\"Covid\",\"grippe saisonni\u00e8re\"],\"articleSection\":[\"National\"],\"inLanguage\":\"fr-FR\"},{\"@type\":\"WebPage\",\"@id\":\"https:\\\/\\\/www.webdo.tn\\\/fr\\\/actualite\\\/national\\\/le-pic-de-la-grippe-saisonniere-coincide-avec-une-nouvelle-vague-de-covid\\\/198377\\\/\",\"url\":\"https:\\\/\\\/www.webdo.tn\\\/fr\\\/actualite\\\/national\\\/le-pic-de-la-grippe-saisonniere-coincide-avec-une-nouvelle-vague-de-covid\\\/198377\\\/\",\"name\":\"Le pic de la grippe saisonni\u00e8re co\u00efncide avec une nouvelle vague de Covid\",\"isPartOf\":{\"@id\":\"https:\\\/\\\/www.webdo.tn\\\/fr\\\/#website\"},\"primaryImageOfPage\":{\"@id\":\"https:\\\/\\\/www.webdo.tn\\\/fr\\\/actualite\\\/national\\\/le-pic-de-la-grippe-saisonniere-coincide-avec-une-nouvelle-vague-de-covid\\\/198377\\\/#primaryimage\"},\"image\":{\"@id\":\"https:\\\/\\\/www.webdo.tn\\\/fr\\\/actualite\\\/national\\\/le-pic-de-la-grippe-saisonniere-coincide-avec-une-nouvelle-vague-de-covid\\\/198377\\\/#primaryimage\"},\"thumbnailUrl\":\"https:\\\/\\\/www.webdo.tn\\\/fr\\\/wp-content\\\/uploads\\\/2022\\\/11\\\/bec0a9ddc463d0fe33ac26ad9fac7511.png\",\"datePublished\":\"2022-11-02T09:44:00+00:00\",\"dateModified\":\"2025-05-17T20:58:14+00:00\",\"description\":\"Le chef du service des urgences \u00e0 l'H\u00f4pital Abderrahmen Mami, docteur Rafik Boujdaria a mis en garde contre la grippe saisonni\u00e8re, dont le pic co\u00efncide avec une...\",\"breadcrumb\":{\"@id\":\"https:\\\/\\\/www.webdo.tn\\\/fr\\\/actualite\\\/national\\\/le-pic-de-la-grippe-saisonniere-coincide-avec-une-nouvelle-vague-de-covid\\\/198377\\\/#breadcrumb\"},\"inLanguage\":\"fr-FR\",\"potentialAction\":[{\"@type\":\"ReadAction\",\"target\":[\"https:\\\/\\\/www.webdo.tn\\\/fr\\\/actualite\\\/national\\\/le-pic-de-la-grippe-saisonniere-coincide-avec-une-nouvelle-vague-de-covid\\\/198377\\\/\"]}]},{\"@type\":\"ImageObject\",\"inLanguage\":\"fr-FR\",\"@id\":\"https:\\\/\\\/www.webdo.tn\\\/fr\\\/actualite\\\/national\\\/le-pic-de-la-grippe-saisonniere-coincide-avec-une-nouvelle-vague-de-covid\\\/198377\\\/#primaryimage\",\"url\":\"https:\\\/\\\/www.webdo.tn\\\/fr\\\/wp-content\\\/uploads\\\/2022\\\/11\\\/bec0a9ddc463d0fe33ac26ad9fac7511.png\",\"contentUrl\":\"https:\\\/\\\/www.webdo.tn\\\/fr\\\/wp-content\\\/uploads\\\/2022\\\/11\\\/bec0a9ddc463d0fe33ac26ad9fac7511.png\",\"width\":750,\"height\":400,\"caption\":\"Grippe Covid\"},{\"@type\":\"BreadcrumbList\",\"@id\":\"https:\\\/\\\/www.webdo.tn\\\/fr\\\/actualite\\\/national\\\/le-pic-de-la-grippe-saisonniere-coincide-avec-une-nouvelle-vague-de-covid\\\/198377\\\/#breadcrumb\",\"itemListElement\":[{\"@type\":\"ListItem\",\"position\":1,\"name\":\"Accueil\",\"item\":\"https:\\\/\\\/www.webdo.tn\\\/fr\\\/\"},{\"@type\":\"ListItem\",\"position\":2,\"name\":\"Le pic de la grippe saisonni\u00e8re co\u00efncide avec une nouvelle vague de Covid\"}]},{\"@type\":\"WebSite\",\"@id\":\"https:\\\/\\\/www.webdo.tn\\\/fr\\\/#website\",\"url\":\"https:\\\/\\\/www.webdo.tn\\\/fr\\\/\",\"name\":\"webdo\",\"description\":\"Tunisie - News en Tunisie et \u00e0 l&#039;international sur Webdo.tn\",\"publisher\":{\"@id\":\"https:\\\/\\\/www.webdo.tn\\\/fr\\\/#organization\"},\"potentialAction\":[{\"@type\":\"SearchAction\",\"target\":{\"@type\":\"EntryPoint\",\"urlTemplate\":\"https:\\\/\\\/www.webdo.tn\\\/fr\\\/?s={search_term_string}\"},\"query-input\":{\"@type\":\"PropertyValueSpecification\",\"valueRequired\":true,\"valueName\":\"search_term_string\"}}],\"inLanguage\":\"fr-FR\"},{\"@type\":\"Organization\",\"@id\":\"https:\\\/\\\/www.webdo.tn\\\/fr\\\/#organization\",\"name\":\"Webdo\",\"alternateName\":\"Webdo.tn\",\"url\":\"https:\\\/\\\/www.webdo.tn\\\/fr\\\/\",\"logo\":{\"@type\":\"ImageObject\",\"inLanguage\":\"fr-FR\",\"@id\":\"https:\\\/\\\/www.webdo.tn\\\/fr\\\/#\\\/schema\\\/logo\\\/image\\\/\",\"url\":\"https:\\\/\\\/www.webdo.tn\\\/fr\\\/wp-content\\\/uploads\\\/2025\\\/06\\\/Webdo-Tunisie_168377.jpg\",\"contentUrl\":\"https:\\\/\\\/www.webdo.tn\\\/fr\\\/wp-content\\\/uploads\\\/2025\\\/06\\\/Webdo-Tunisie_168377.jpg\",\"width\":301,\"height\":301,\"caption\":\"Webdo\"},\"image\":{\"@id\":\"https:\\\/\\\/www.webdo.tn\\\/fr\\\/#\\\/schema\\\/logo\\\/image\\\/\"},\"sameAs\":[\"https:\\\/\\\/www.facebook.com\\\/webdotn\",\"https:\\\/\\\/x.com\\\/webdo_tn\"],\"description\":\"Webdo est un m\u00e9dia num\u00e9rique tunisien fond\u00e9 en 2010, sp\u00e9cialis\u00e9 dans l\u2019actualit\u00e9 nationale et internationale, l\u2019\u00e9conomie, la soci\u00e9t\u00e9 et les analyses politiques. Le site s\u2019adresse \u00e0 un large public francophone et couvre l\u2019information tunisienne en temps r\u00e9el.\",\"email\":\"redac@webdo.tn\",\"legalName\":\"YNJ SARL\",\"foundingDate\":\"2010-09-06\",\"numberOfEmployees\":{\"@type\":\"QuantitativeValue\",\"minValue\":\"11\",\"maxValue\":\"50\"}},{\"@type\":\"Person\",\"@id\":\"https:\\\/\\\/www.webdo.tn\\\/fr\\\/#\\\/schema\\\/person\\\/1f4e491e0907b413d61089e8eb573acc\",\"name\":\"Webdo\",\"image\":{\"@type\":\"ImageObject\",\"inLanguage\":\"fr-FR\",\"@id\":\"https:\\\/\\\/secure.gravatar.com\\\/avatar\\\/de97aeec1bb80978a9dbb127e47dfc88aaacb2f3c29aac907d8d3222e3495d49?s=96&d=mm&r=g\",\"url\":\"https:\\\/\\\/secure.gravatar.com\\\/avatar\\\/de97aeec1bb80978a9dbb127e47dfc88aaacb2f3c29aac907d8d3222e3495d49?s=96&d=mm&r=g\",\"contentUrl\":\"https:\\\/\\\/secure.gravatar.com\\\/avatar\\\/de97aeec1bb80978a9dbb127e47dfc88aaacb2f3c29aac907d8d3222e3495d49?s=96&d=mm&r=g\",\"caption\":\"Webdo\"},\"url\":\"https:\\\/\\\/www.webdo.tn\\\/fr\\\/actualite\\\/author\\\/webdo\\\/\"}]}<\/script>\n<!-- \/ Yoast SEO Premium plugin. -->","yoast_head_json":{"title":"Le pic de la grippe saisonni\u00e8re co\u00efncide avec une nouvelle vague de Covid","description":"Le chef du service des urgences \u00e0 l'H\u00f4pital Abderrahmen Mami, docteur Rafik Boujdaria a mis en garde contre la grippe saisonni\u00e8re, dont le pic co\u00efncide avec une...","canonical":"https:\/\/www.webdo.tn\/fr\/actualite\/national\/le-pic-de-la-grippe-saisonniere-coincide-avec-une-nouvelle-vague-de-covid\/198377\/","og_locale":"fr_FR","og_type":"article","og_title":"Le pic de la grippe saisonni\u00e8re co\u00efncide avec une nouvelle vague de Covid","og_description":"Le chef du service des urgences \u00e0 l'H\u00f4pital Abderrahmen Mami, docteur Rafik Boujdaria a mis en garde contre la grippe saisonni\u00e8re, dont le pic co\u00efncide avec une...","og_url":"https:\/\/www.webdo.tn\/fr\/actualite\/national\/le-pic-de-la-grippe-saisonniere-coincide-avec-une-nouvelle-vague-de-covid\/198377\/","og_site_name":"webdo","article_publisher":"https:\/\/www.facebook.com\/webdotn","article_published_time":"2022-11-02T09:44:00+00:00","article_modified_time":"2025-05-17T20:58:14+00:00","og_image":[{"width":750,"height":400,"url":"https:\/\/www.webdo.tn\/fr\/wp-content\/uploads\/2022\/11\/bec0a9ddc463d0fe33ac26ad9fac7511.png","type":"image\/png"}],"author":"Webdo","twitter_card":"summary_large_image","twitter_creator":"@webdo_tn","twitter_site":"@webdo_tn","twitter_misc":{"\u00c9crit par":"Webdo","Dur\u00e9e de lecture estim\u00e9e":"1 minute"},"schema":{"@context":"https:\/\/schema.org","@graph":[{"@type":"NewsArticle","@id":"https:\/\/www.webdo.tn\/fr\/actualite\/national\/le-pic-de-la-grippe-saisonniere-coincide-avec-une-nouvelle-vague-de-covid\/198377\/#article","isPartOf":{"@id":"https:\/\/www.webdo.tn\/fr\/actualite\/national\/le-pic-de-la-grippe-saisonniere-coincide-avec-une-nouvelle-vague-de-covid\/198377\/"},"author":{"name":"Webdo","@id":"https:\/\/www.webdo.tn\/fr\/#\/schema\/person\/1f4e491e0907b413d61089e8eb573acc"},"headline":"Le pic de la grippe saisonni\u00e8re co\u00efncide avec une nouvelle vague de Covid","datePublished":"2022-11-02T09:44:00+00:00","dateModified":"2025-05-17T20:58:14+00:00","mainEntityOfPage":{"@id":"https:\/\/www.webdo.tn\/fr\/actualite\/national\/le-pic-de-la-grippe-saisonniere-coincide-avec-une-nouvelle-vague-de-covid\/198377\/"},"wordCount":175,"commentCount":0,"publisher":{"@id":"https:\/\/www.webdo.tn\/fr\/#organization"},"image":{"@id":"https:\/\/www.webdo.tn\/fr\/actualite\/national\/le-pic-de-la-grippe-saisonniere-coincide-avec-une-nouvelle-vague-de-covid\/198377\/#primaryimage"},"thumbnailUrl":"https:\/\/www.webdo.tn\/fr\/wp-content\/uploads\/2022\/11\/bec0a9ddc463d0fe33ac26ad9fac7511.png","keywords":["Coronavirus","Covid","grippe saisonni\u00e8re"],"articleSection":["National"],"inLanguage":"fr-FR"},{"@type":"WebPage","@id":"https:\/\/www.webdo.tn\/fr\/actualite\/national\/le-pic-de-la-grippe-saisonniere-coincide-avec-une-nouvelle-vague-de-covid\/198377\/","url":"https:\/\/www.webdo.tn\/fr\/actualite\/national\/le-pic-de-la-grippe-saisonniere-coincide-avec-une-nouvelle-vague-de-covid\/198377\/","name":"Le pic de la grippe saisonni\u00e8re co\u00efncide avec une nouvelle vague de Covid","isPartOf":{"@id":"https:\/\/www.webdo.tn\/fr\/#website"},"primaryImageOfPage":{"@id":"https:\/\/www.webdo.tn\/fr\/actualite\/national\/le-pic-de-la-grippe-saisonniere-coincide-avec-une-nouvelle-vague-de-covid\/198377\/#primaryimage"},"image":{"@id":"https:\/\/www.webdo.tn\/fr\/actualite\/national\/le-pic-de-la-grippe-saisonniere-coincide-avec-une-nouvelle-vague-de-covid\/198377\/#primaryimage"},"thumbnailUrl":"https:\/\/www.webdo.tn\/fr\/wp-content\/uploads\/2022\/11\/bec0a9ddc463d0fe33ac26ad9fac7511.png","datePublished":"2022-11-02T09:44:00+00:00","dateModified":"2025-05-17T20:58:14+00:00","description":"Le chef du service des urgences \u00e0 l'H\u00f4pital Abderrahmen Mami, docteur Rafik Boujdaria a mis en garde contre la grippe saisonni\u00e8re, dont le pic co\u00efncide avec une...","breadcrumb":{"@id":"https:\/\/www.webdo.tn\/fr\/actualite\/national\/le-pic-de-la-grippe-saisonniere-coincide-avec-une-nouvelle-vague-de-covid\/198377\/#breadcrumb"},"inLanguage":"fr-FR","potentialAction":[{"@type":"ReadAction","target":["https:\/\/www.webdo.tn\/fr\/actualite\/national\/le-pic-de-la-grippe-saisonniere-coincide-avec-une-nouvelle-vague-de-covid\/198377\/"]}]},{"@type":"ImageObject","inLanguage":"fr-FR","@id":"https:\/\/www.webdo.tn\/fr\/actualite\/national\/le-pic-de-la-grippe-saisonniere-coincide-avec-une-nouvelle-vague-de-covid\/198377\/#primaryimage","url":"https:\/\/www.webdo.tn\/fr\/wp-content\/uploads\/2022\/11\/bec0a9ddc463d0fe33ac26ad9fac7511.png","contentUrl":"https:\/\/www.webdo.tn\/fr\/wp-content\/uploads\/2022\/11\/bec0a9ddc463d0fe33ac26ad9fac7511.png","width":750,"height":400,"caption":"Grippe Covid"},{"@type":"BreadcrumbList","@id":"https:\/\/www.webdo.tn\/fr\/actualite\/national\/le-pic-de-la-grippe-saisonniere-coincide-avec-une-nouvelle-vague-de-covid\/198377\/#breadcrumb","itemListElement":[{"@type":"ListItem","position":1,"name":"Accueil","item":"https:\/\/www.webdo.tn\/fr\/"},{"@type":"ListItem","position":2,"name":"Le pic de la grippe saisonni\u00e8re co\u00efncide avec une nouvelle vague de Covid"}]},{"@type":"WebSite","@id":"https:\/\/www.webdo.tn\/fr\/#website","url":"https:\/\/www.webdo.tn\/fr\/","name":"webdo","description":"Tunisie - News en Tunisie et \u00e0 l&#039;international sur Webdo.tn","publisher":{"@id":"https:\/\/www.webdo.tn\/fr\/#organization"},"potentialAction":[{"@type":"SearchAction","target":{"@type":"EntryPoint","urlTemplate":"https:\/\/www.webdo.tn\/fr\/?s={search_term_string}"},"query-input":{"@type":"PropertyValueSpecification","valueRequired":true,"valueName":"search_term_string"}}],"inLanguage":"fr-FR"},{"@type":"Organization","@id":"https:\/\/www.webdo.tn\/fr\/#organization","name":"Webdo","alternateName":"Webdo.tn","url":"https:\/\/www.webdo.tn\/fr\/","logo":{"@type":"ImageObject","inLanguage":"fr-FR","@id":"https:\/\/www.webdo.tn\/fr\/#\/schema\/logo\/image\/","url":"https:\/\/www.webdo.tn\/fr\/wp-content\/uploads\/2025\/06\/Webdo-Tunisie_168377.jpg","contentUrl":"https:\/\/www.webdo.tn\/fr\/wp-content\/uploads\/2025\/06\/Webdo-Tunisie_168377.jpg","width":301,"height":301,"caption":"Webdo"},"image":{"@id":"https:\/\/www.webdo.tn\/fr\/#\/schema\/logo\/image\/"},"sameAs":["https:\/\/www.facebook.com\/webdotn","https:\/\/x.com\/webdo_tn"],"description":"Webdo est un m\u00e9dia num\u00e9rique tunisien fond\u00e9 en 2010, sp\u00e9cialis\u00e9 dans l\u2019actualit\u00e9 nationale et internationale, l\u2019\u00e9conomie, la soci\u00e9t\u00e9 et les analyses politiques. Le site s\u2019adresse \u00e0 un large public francophone et couvre l\u2019information tunisienne en temps r\u00e9el.","email":"redac@webdo.tn","legalName":"YNJ SARL","foundingDate":"2010-09-06","numberOfEmployees":{"@type":"QuantitativeValue","minValue":"11","maxValue":"50"}},{"@type":"Person","@id":"https:\/\/www.webdo.tn\/fr\/#\/schema\/person\/1f4e491e0907b413d61089e8eb573acc","name":"Webdo","image":{"@type":"ImageObject","inLanguage":"fr-FR","@id":"https:\/\/secure.gravatar.com\/avatar\/de97aeec1bb80978a9dbb127e47dfc88aaacb2f3c29aac907d8d3222e3495d49?s=96&d=mm&r=g","url":"https:\/\/secure.gravatar.com\/avatar\/de97aeec1bb80978a9dbb127e47dfc88aaacb2f3c29aac907d8d3222e3495d49?s=96&d=mm&r=g","contentUrl":"https:\/\/secure.gravatar.com\/avatar\/de97aeec1bb80978a9dbb127e47dfc88aaacb2f3c29aac907d8d3222e3495d49?s=96&d=mm&r=g","caption":"Webdo"},"url":"https:\/\/www.webdo.tn\/fr\/actualite\/author\/webdo\/"}]}},"_links":{"self":[{"href":"https:\/\/www.webdo.tn\/fr\/wp-json\/wp\/v2\/posts\/198377","targetHints":{"allow":["GET"]}}],"collection":[{"href":"https:\/\/www.webdo.tn\/fr\/wp-json\/wp\/v2\/posts"}],"about":[{"href":"https:\/\/www.webdo.tn\/fr\/wp-json\/wp\/v2\/types\/post"}],"author":[{"embeddable":true,"href":"https:\/\/www.webdo.tn\/fr\/wp-json\/wp\/v2\/users\/3169"}],"replies":[{"embeddable":true,"href":"https:\/\/www.webdo.tn\/fr\/wp-json\/wp\/v2\/comments?post=198377"}],"version-history":[{"count":0,"href":"https:\/\/www.webdo.tn\/fr\/wp-json\/wp\/v2\/posts\/198377\/revisions"}],"wp:featuredmedia":[{"embeddable":true,"href":"https:\/\/www.webdo.tn\/fr\/wp-json\/wp\/v2\/media\/277159"}],"wp:attachment":[{"href":"https:\/\/www.webdo.tn\/fr\/wp-json\/wp\/v2\/media?parent=198377"}],"wp:term":[{"taxonomy":"category","embeddable":true,"href":"https:\/\/www.webdo.tn\/fr\/wp-json\/wp\/v2\/categories?post=198377"},{"taxonomy":"post_tag","embeddable":true,"href":"https:\/\/www.webdo.tn\/fr\/wp-json\/wp\/v2\/tags?post=198377"}],"curies":[{"name":"wp","href":"https:\/\/api.w.org\/{rel}","templated":true}]}}