{"id":198369,"date":"2022-11-02T07:46:00","date_gmt":"2022-11-02T07:46:00","guid":{"rendered":"https:\/\/www.webdo.tn\/fr\/blog\/vandalisme-a-tunis-arrestation-de-sept-delinquants-ciblant-les-automobilistes\/198369\/"},"modified":"2025-05-20T22:47:13","modified_gmt":"2025-05-20T22:47:13","slug":"vandalisme-a-tunis-arrestation-de-sept-delinquants-ciblant-les-automobilistes","status":"publish","type":"post","link":"https:\/\/www.webdo.tn\/fr\/actualite\/divers\/vandalisme-a-tunis-arrestation-de-sept-delinquants-ciblant-les-automobilistes\/198369\/","title":{"rendered":"Vandalisme \u00e0 Tunis : Arrestation de sept d\u00e9linquants ciblant les automobilistes"},"content":{"rendered":"<p>Ils ont \u00e9t\u00e9 film\u00e9s en train de cibler, dans un virage \u00e0 la cit\u00e9 Ezzouhour, les automobilistes par des jets de pierre et par des tentatives de vol.<\/p>\n<p>\t\t\t\t\t\t\t\t\tLa vid\u00e9o a \u00e9t\u00e9 partag\u00e9e sur les r\u00e9seaux sociaux comme une train\u00e9e de poudre. Une brigade de police \u00e0 Essijoumi affirme avoir arr\u00eat\u00e9 sept d\u00e9linquants suspect\u00e9s d\u2019\u00eatre responsable de ces actes de vandalisme.<\/p>\n<p>On affirme dans ce sens que des descentes ont \u00e9t\u00e9 effectu\u00e9es dans leurs domiciles et ils ont \u00e9t\u00e9 reconnus et identifi\u00e9s par les victimes.<\/p>\n<p>Suite \u00e0 la consultation du minist\u00e8re public, tous les arr\u00eat\u00e9s ont \u00e9t\u00e9 plac\u00e9s en d\u00e9tention pour tentative de vol, violence et attentes aux biens d\u2019autrui.<\/p>\n","protected":false},"excerpt":{"rendered":"<p>Ils ont \u00e9t\u00e9 film\u00e9s en train de cibler, dans un virage \u00e0 la cit\u00e9 Ezzouhour, les automobilistes par des jets de pierre et par des tentatives de vol.<\/p>\n","protected":false},"author":3175,"featured_media":253392,"comment_status":"open","ping_status":"closed","sticky":false,"template":"","format":"standard","meta":{"footnotes":""},"categories":[2839],"tags":[2640,2608,3802,2827],"class_list":["post-198369","post","type-post","status-publish","format-standard","has-post-thumbnail","hentry","category-divers","tag-tunis","tag-tunisie","tag-vandalisme","tag-violence"],"yoast_head":"<!-- This site is optimized with the Yoast SEO Premium plugin v27.4 (Yoast SEO v27.5) - https:\/\/yoast.com\/product\/yoast-seo-premium-wordpress\/ -->\n<title>Vandalisme \u00e0 Tunis : Arrestation de sept d\u00e9linquants ciblant les automobilistes<\/title>\n<meta name=\"description\" content=\"Ils ont \u00e9t\u00e9 film\u00e9s en train de cibler, dans un virage \u00e0 la cit\u00e9 Ezzouhour, les automobilistes par des jets de pierre et par des tentatives de vol.\" \/>\n<link rel=\"canonical\" href=\"https:\/\/www.webdo.tn\/fr\/actualite\/divers\/vandalisme-a-tunis-arrestation-de-sept-delinquants-ciblant-les-automobilistes\/198369\/\" \/>\n<meta property=\"og:locale\" content=\"fr_FR\" \/>\n<meta property=\"og:type\" content=\"article\" \/>\n<meta property=\"og:title\" content=\"Vandalisme \u00e0 Tunis : Arrestation de sept d\u00e9linquants ciblant les automobilistes\" \/>\n<meta property=\"og:description\" content=\"Ils ont \u00e9t\u00e9 film\u00e9s en train de cibler, dans un virage \u00e0 la cit\u00e9 Ezzouhour, les automobilistes par des jets de pierre et par des tentatives de vol.\" \/>\n<meta property=\"og:url\" content=\"https:\/\/www.webdo.tn\/fr\/actualite\/divers\/vandalisme-a-tunis-arrestation-de-sept-delinquants-ciblant-les-automobilistes\/198369\/\" \/>\n<meta property=\"og:site_name\" content=\"webdo\" \/>\n<meta property=\"article:publisher\" content=\"https:\/\/www.facebook.com\/webdotn\" \/>\n<meta property=\"article:published_time\" content=\"2022-11-02T07:46:00+00:00\" \/>\n<meta property=\"article:modified_time\" content=\"2025-05-20T22:47:13+00:00\" \/>\n<meta property=\"og:image\" content=\"https:\/\/www.webdo.tn\/fr\/wp-content\/uploads\/2022\/11\/d6c2d784b75a664377487b7656a03358-1.jpg\" \/>\n\t<meta property=\"og:image:width\" content=\"750\" \/>\n\t<meta property=\"og:image:height\" content=\"400\" \/>\n\t<meta property=\"og:image:type\" content=\"image\/jpeg\" \/>\n<meta name=\"author\" content=\"CL\" \/>\n<meta name=\"twitter:card\" content=\"summary_large_image\" \/>\n<meta name=\"twitter:creator\" content=\"@webdo_tn\" \/>\n<meta name=\"twitter:site\" content=\"@webdo_tn\" \/>\n<meta name=\"twitter:label1\" content=\"\u00c9crit par\" \/>\n\t<meta name=\"twitter:data1\" content=\"CL\" \/>\n\t<meta name=\"twitter:label2\" content=\"Dur\u00e9e de lecture estim\u00e9e\" \/>\n\t<meta name=\"twitter:data2\" content=\"1 minute\" \/>\n<script type=\"application\/ld+json\" class=\"yoast-schema-graph\">{\"@context\":\"https:\\\/\\\/schema.org\",\"@graph\":[{\"@type\":\"NewsArticle\",\"@id\":\"https:\\\/\\\/www.webdo.tn\\\/fr\\\/actualite\\\/divers\\\/vandalisme-a-tunis-arrestation-de-sept-delinquants-ciblant-les-automobilistes\\\/198369\\\/#article\",\"isPartOf\":{\"@id\":\"https:\\\/\\\/www.webdo.tn\\\/fr\\\/actualite\\\/divers\\\/vandalisme-a-tunis-arrestation-de-sept-delinquants-ciblant-les-automobilistes\\\/198369\\\/\"},\"author\":{\"name\":\"CL\",\"@id\":\"https:\\\/\\\/www.webdo.tn\\\/fr\\\/#\\\/schema\\\/person\\\/f35b42a42c5e2511bbd282959d6385cc\"},\"headline\":\"Vandalisme \u00e0 Tunis : Arrestation de sept d\u00e9linquants ciblant les automobilistes\",\"datePublished\":\"2022-11-02T07:46:00+00:00\",\"dateModified\":\"2025-05-20T22:47:13+00:00\",\"mainEntityOfPage\":{\"@id\":\"https:\\\/\\\/www.webdo.tn\\\/fr\\\/actualite\\\/divers\\\/vandalisme-a-tunis-arrestation-de-sept-delinquants-ciblant-les-automobilistes\\\/198369\\\/\"},\"wordCount\":134,\"commentCount\":0,\"publisher\":{\"@id\":\"https:\\\/\\\/www.webdo.tn\\\/fr\\\/#organization\"},\"image\":{\"@id\":\"https:\\\/\\\/www.webdo.tn\\\/fr\\\/actualite\\\/divers\\\/vandalisme-a-tunis-arrestation-de-sept-delinquants-ciblant-les-automobilistes\\\/198369\\\/#primaryimage\"},\"thumbnailUrl\":\"https:\\\/\\\/www.webdo.tn\\\/fr\\\/wp-content\\\/uploads\\\/2022\\\/11\\\/d6c2d784b75a664377487b7656a03358-1.jpg\",\"keywords\":[\"Tunis\",\"Tunisie\",\"Vandalisme\",\"violence\"],\"articleSection\":[\"Divers\"],\"inLanguage\":\"fr-FR\"},{\"@type\":\"WebPage\",\"@id\":\"https:\\\/\\\/www.webdo.tn\\\/fr\\\/actualite\\\/divers\\\/vandalisme-a-tunis-arrestation-de-sept-delinquants-ciblant-les-automobilistes\\\/198369\\\/\",\"url\":\"https:\\\/\\\/www.webdo.tn\\\/fr\\\/actualite\\\/divers\\\/vandalisme-a-tunis-arrestation-de-sept-delinquants-ciblant-les-automobilistes\\\/198369\\\/\",\"name\":\"Vandalisme \u00e0 Tunis : Arrestation de sept d\u00e9linquants ciblant les automobilistes\",\"isPartOf\":{\"@id\":\"https:\\\/\\\/www.webdo.tn\\\/fr\\\/#website\"},\"primaryImageOfPage\":{\"@id\":\"https:\\\/\\\/www.webdo.tn\\\/fr\\\/actualite\\\/divers\\\/vandalisme-a-tunis-arrestation-de-sept-delinquants-ciblant-les-automobilistes\\\/198369\\\/#primaryimage\"},\"image\":{\"@id\":\"https:\\\/\\\/www.webdo.tn\\\/fr\\\/actualite\\\/divers\\\/vandalisme-a-tunis-arrestation-de-sept-delinquants-ciblant-les-automobilistes\\\/198369\\\/#primaryimage\"},\"thumbnailUrl\":\"https:\\\/\\\/www.webdo.tn\\\/fr\\\/wp-content\\\/uploads\\\/2022\\\/11\\\/d6c2d784b75a664377487b7656a03358-1.jpg\",\"datePublished\":\"2022-11-02T07:46:00+00:00\",\"dateModified\":\"2025-05-20T22:47:13+00:00\",\"description\":\"Ils ont \u00e9t\u00e9 film\u00e9s en train de cibler, dans un virage \u00e0 la cit\u00e9 Ezzouhour, les automobilistes par des jets de pierre et par des tentatives de vol.\",\"breadcrumb\":{\"@id\":\"https:\\\/\\\/www.webdo.tn\\\/fr\\\/actualite\\\/divers\\\/vandalisme-a-tunis-arrestation-de-sept-delinquants-ciblant-les-automobilistes\\\/198369\\\/#breadcrumb\"},\"inLanguage\":\"fr-FR\",\"potentialAction\":[{\"@type\":\"ReadAction\",\"target\":[\"https:\\\/\\\/www.webdo.tn\\\/fr\\\/actualite\\\/divers\\\/vandalisme-a-tunis-arrestation-de-sept-delinquants-ciblant-les-automobilistes\\\/198369\\\/\"]}]},{\"@type\":\"ImageObject\",\"inLanguage\":\"fr-FR\",\"@id\":\"https:\\\/\\\/www.webdo.tn\\\/fr\\\/actualite\\\/divers\\\/vandalisme-a-tunis-arrestation-de-sept-delinquants-ciblant-les-automobilistes\\\/198369\\\/#primaryimage\",\"url\":\"https:\\\/\\\/www.webdo.tn\\\/fr\\\/wp-content\\\/uploads\\\/2022\\\/11\\\/d6c2d784b75a664377487b7656a03358-1.jpg\",\"contentUrl\":\"https:\\\/\\\/www.webdo.tn\\\/fr\\\/wp-content\\\/uploads\\\/2022\\\/11\\\/d6c2d784b75a664377487b7656a03358-1.jpg\",\"width\":750,\"height\":400,\"caption\":\"vandalisme automobilistes Tunis\"},{\"@type\":\"BreadcrumbList\",\"@id\":\"https:\\\/\\\/www.webdo.tn\\\/fr\\\/actualite\\\/divers\\\/vandalisme-a-tunis-arrestation-de-sept-delinquants-ciblant-les-automobilistes\\\/198369\\\/#breadcrumb\",\"itemListElement\":[{\"@type\":\"ListItem\",\"position\":1,\"name\":\"Accueil\",\"item\":\"https:\\\/\\\/www.webdo.tn\\\/fr\\\/\"},{\"@type\":\"ListItem\",\"position\":2,\"name\":\"Vandalisme \u00e0 Tunis : Arrestation de sept d\u00e9linquants ciblant les automobilistes\"}]},{\"@type\":\"WebSite\",\"@id\":\"https:\\\/\\\/www.webdo.tn\\\/fr\\\/#website\",\"url\":\"https:\\\/\\\/www.webdo.tn\\\/fr\\\/\",\"name\":\"webdo\",\"description\":\"Tunisie - News en Tunisie et \u00e0 l&#039;international sur Webdo.tn\",\"publisher\":{\"@id\":\"https:\\\/\\\/www.webdo.tn\\\/fr\\\/#organization\"},\"potentialAction\":[{\"@type\":\"SearchAction\",\"target\":{\"@type\":\"EntryPoint\",\"urlTemplate\":\"https:\\\/\\\/www.webdo.tn\\\/fr\\\/?s={search_term_string}\"},\"query-input\":{\"@type\":\"PropertyValueSpecification\",\"valueRequired\":true,\"valueName\":\"search_term_string\"}}],\"inLanguage\":\"fr-FR\"},{\"@type\":\"Organization\",\"@id\":\"https:\\\/\\\/www.webdo.tn\\\/fr\\\/#organization\",\"name\":\"Webdo\",\"alternateName\":\"Webdo.tn\",\"url\":\"https:\\\/\\\/www.webdo.tn\\\/fr\\\/\",\"logo\":{\"@type\":\"ImageObject\",\"inLanguage\":\"fr-FR\",\"@id\":\"https:\\\/\\\/www.webdo.tn\\\/fr\\\/#\\\/schema\\\/logo\\\/image\\\/\",\"url\":\"https:\\\/\\\/www.webdo.tn\\\/fr\\\/wp-content\\\/uploads\\\/2025\\\/06\\\/Webdo-Tunisie_168377.jpg\",\"contentUrl\":\"https:\\\/\\\/www.webdo.tn\\\/fr\\\/wp-content\\\/uploads\\\/2025\\\/06\\\/Webdo-Tunisie_168377.jpg\",\"width\":301,\"height\":301,\"caption\":\"Webdo\"},\"image\":{\"@id\":\"https:\\\/\\\/www.webdo.tn\\\/fr\\\/#\\\/schema\\\/logo\\\/image\\\/\"},\"sameAs\":[\"https:\\\/\\\/www.facebook.com\\\/webdotn\",\"https:\\\/\\\/x.com\\\/webdo_tn\"],\"description\":\"Webdo est un m\u00e9dia num\u00e9rique tunisien fond\u00e9 en 2010, sp\u00e9cialis\u00e9 dans l\u2019actualit\u00e9 nationale et internationale, l\u2019\u00e9conomie, la soci\u00e9t\u00e9 et les analyses politiques. Le site s\u2019adresse \u00e0 un large public francophone et couvre l\u2019information tunisienne en temps r\u00e9el.\",\"email\":\"redac@webdo.tn\",\"legalName\":\"YNJ SARL\",\"foundingDate\":\"2010-09-06\",\"numberOfEmployees\":{\"@type\":\"QuantitativeValue\",\"minValue\":\"11\",\"maxValue\":\"50\"}},{\"@type\":\"Person\",\"@id\":\"https:\\\/\\\/www.webdo.tn\\\/fr\\\/#\\\/schema\\\/person\\\/f35b42a42c5e2511bbd282959d6385cc\",\"name\":\"CL\",\"image\":{\"@type\":\"ImageObject\",\"inLanguage\":\"fr-FR\",\"@id\":\"https:\\\/\\\/secure.gravatar.com\\\/avatar\\\/1447a49909b67aa657c488aec6512e1dd6143a480c1ecfee9b5b5cd74eb3b59e?s=96&d=mm&r=g\",\"url\":\"https:\\\/\\\/secure.gravatar.com\\\/avatar\\\/1447a49909b67aa657c488aec6512e1dd6143a480c1ecfee9b5b5cd74eb3b59e?s=96&d=mm&r=g\",\"contentUrl\":\"https:\\\/\\\/secure.gravatar.com\\\/avatar\\\/1447a49909b67aa657c488aec6512e1dd6143a480c1ecfee9b5b5cd74eb3b59e?s=96&d=mm&r=g\",\"caption\":\"CL\"},\"url\":\"https:\\\/\\\/www.webdo.tn\\\/fr\\\/actualite\\\/author\\\/cl\\\/\"}]}<\/script>\n<!-- \/ Yoast SEO Premium plugin. -->","yoast_head_json":{"title":"Vandalisme \u00e0 Tunis : Arrestation de sept d\u00e9linquants ciblant les automobilistes","description":"Ils ont \u00e9t\u00e9 film\u00e9s en train de cibler, dans un virage \u00e0 la cit\u00e9 Ezzouhour, les automobilistes par des jets de pierre et par des tentatives de vol.","canonical":"https:\/\/www.webdo.tn\/fr\/actualite\/divers\/vandalisme-a-tunis-arrestation-de-sept-delinquants-ciblant-les-automobilistes\/198369\/","og_locale":"fr_FR","og_type":"article","og_title":"Vandalisme \u00e0 Tunis : Arrestation de sept d\u00e9linquants ciblant les automobilistes","og_description":"Ils ont \u00e9t\u00e9 film\u00e9s en train de cibler, dans un virage \u00e0 la cit\u00e9 Ezzouhour, les automobilistes par des jets de pierre et par des tentatives de vol.","og_url":"https:\/\/www.webdo.tn\/fr\/actualite\/divers\/vandalisme-a-tunis-arrestation-de-sept-delinquants-ciblant-les-automobilistes\/198369\/","og_site_name":"webdo","article_publisher":"https:\/\/www.facebook.com\/webdotn","article_published_time":"2022-11-02T07:46:00+00:00","article_modified_time":"2025-05-20T22:47:13+00:00","og_image":[{"width":750,"height":400,"url":"https:\/\/www.webdo.tn\/fr\/wp-content\/uploads\/2022\/11\/d6c2d784b75a664377487b7656a03358-1.jpg","type":"image\/jpeg"}],"author":"CL","twitter_card":"summary_large_image","twitter_creator":"@webdo_tn","twitter_site":"@webdo_tn","twitter_misc":{"\u00c9crit par":"CL","Dur\u00e9e de lecture estim\u00e9e":"1 minute"},"schema":{"@context":"https:\/\/schema.org","@graph":[{"@type":"NewsArticle","@id":"https:\/\/www.webdo.tn\/fr\/actualite\/divers\/vandalisme-a-tunis-arrestation-de-sept-delinquants-ciblant-les-automobilistes\/198369\/#article","isPartOf":{"@id":"https:\/\/www.webdo.tn\/fr\/actualite\/divers\/vandalisme-a-tunis-arrestation-de-sept-delinquants-ciblant-les-automobilistes\/198369\/"},"author":{"name":"CL","@id":"https:\/\/www.webdo.tn\/fr\/#\/schema\/person\/f35b42a42c5e2511bbd282959d6385cc"},"headline":"Vandalisme \u00e0 Tunis : Arrestation de sept d\u00e9linquants ciblant les automobilistes","datePublished":"2022-11-02T07:46:00+00:00","dateModified":"2025-05-20T22:47:13+00:00","mainEntityOfPage":{"@id":"https:\/\/www.webdo.tn\/fr\/actualite\/divers\/vandalisme-a-tunis-arrestation-de-sept-delinquants-ciblant-les-automobilistes\/198369\/"},"wordCount":134,"commentCount":0,"publisher":{"@id":"https:\/\/www.webdo.tn\/fr\/#organization"},"image":{"@id":"https:\/\/www.webdo.tn\/fr\/actualite\/divers\/vandalisme-a-tunis-arrestation-de-sept-delinquants-ciblant-les-automobilistes\/198369\/#primaryimage"},"thumbnailUrl":"https:\/\/www.webdo.tn\/fr\/wp-content\/uploads\/2022\/11\/d6c2d784b75a664377487b7656a03358-1.jpg","keywords":["Tunis","Tunisie","Vandalisme","violence"],"articleSection":["Divers"],"inLanguage":"fr-FR"},{"@type":"WebPage","@id":"https:\/\/www.webdo.tn\/fr\/actualite\/divers\/vandalisme-a-tunis-arrestation-de-sept-delinquants-ciblant-les-automobilistes\/198369\/","url":"https:\/\/www.webdo.tn\/fr\/actualite\/divers\/vandalisme-a-tunis-arrestation-de-sept-delinquants-ciblant-les-automobilistes\/198369\/","name":"Vandalisme \u00e0 Tunis : Arrestation de sept d\u00e9linquants ciblant les automobilistes","isPartOf":{"@id":"https:\/\/www.webdo.tn\/fr\/#website"},"primaryImageOfPage":{"@id":"https:\/\/www.webdo.tn\/fr\/actualite\/divers\/vandalisme-a-tunis-arrestation-de-sept-delinquants-ciblant-les-automobilistes\/198369\/#primaryimage"},"image":{"@id":"https:\/\/www.webdo.tn\/fr\/actualite\/divers\/vandalisme-a-tunis-arrestation-de-sept-delinquants-ciblant-les-automobilistes\/198369\/#primaryimage"},"thumbnailUrl":"https:\/\/www.webdo.tn\/fr\/wp-content\/uploads\/2022\/11\/d6c2d784b75a664377487b7656a03358-1.jpg","datePublished":"2022-11-02T07:46:00+00:00","dateModified":"2025-05-20T22:47:13+00:00","description":"Ils ont \u00e9t\u00e9 film\u00e9s en train de cibler, dans un virage \u00e0 la cit\u00e9 Ezzouhour, les automobilistes par des jets de pierre et par des tentatives de vol.","breadcrumb":{"@id":"https:\/\/www.webdo.tn\/fr\/actualite\/divers\/vandalisme-a-tunis-arrestation-de-sept-delinquants-ciblant-les-automobilistes\/198369\/#breadcrumb"},"inLanguage":"fr-FR","potentialAction":[{"@type":"ReadAction","target":["https:\/\/www.webdo.tn\/fr\/actualite\/divers\/vandalisme-a-tunis-arrestation-de-sept-delinquants-ciblant-les-automobilistes\/198369\/"]}]},{"@type":"ImageObject","inLanguage":"fr-FR","@id":"https:\/\/www.webdo.tn\/fr\/actualite\/divers\/vandalisme-a-tunis-arrestation-de-sept-delinquants-ciblant-les-automobilistes\/198369\/#primaryimage","url":"https:\/\/www.webdo.tn\/fr\/wp-content\/uploads\/2022\/11\/d6c2d784b75a664377487b7656a03358-1.jpg","contentUrl":"https:\/\/www.webdo.tn\/fr\/wp-content\/uploads\/2022\/11\/d6c2d784b75a664377487b7656a03358-1.jpg","width":750,"height":400,"caption":"vandalisme automobilistes Tunis"},{"@type":"BreadcrumbList","@id":"https:\/\/www.webdo.tn\/fr\/actualite\/divers\/vandalisme-a-tunis-arrestation-de-sept-delinquants-ciblant-les-automobilistes\/198369\/#breadcrumb","itemListElement":[{"@type":"ListItem","position":1,"name":"Accueil","item":"https:\/\/www.webdo.tn\/fr\/"},{"@type":"ListItem","position":2,"name":"Vandalisme \u00e0 Tunis : Arrestation de sept d\u00e9linquants ciblant les automobilistes"}]},{"@type":"WebSite","@id":"https:\/\/www.webdo.tn\/fr\/#website","url":"https:\/\/www.webdo.tn\/fr\/","name":"webdo","description":"Tunisie - News en Tunisie et \u00e0 l&#039;international sur Webdo.tn","publisher":{"@id":"https:\/\/www.webdo.tn\/fr\/#organization"},"potentialAction":[{"@type":"SearchAction","target":{"@type":"EntryPoint","urlTemplate":"https:\/\/www.webdo.tn\/fr\/?s={search_term_string}"},"query-input":{"@type":"PropertyValueSpecification","valueRequired":true,"valueName":"search_term_string"}}],"inLanguage":"fr-FR"},{"@type":"Organization","@id":"https:\/\/www.webdo.tn\/fr\/#organization","name":"Webdo","alternateName":"Webdo.tn","url":"https:\/\/www.webdo.tn\/fr\/","logo":{"@type":"ImageObject","inLanguage":"fr-FR","@id":"https:\/\/www.webdo.tn\/fr\/#\/schema\/logo\/image\/","url":"https:\/\/www.webdo.tn\/fr\/wp-content\/uploads\/2025\/06\/Webdo-Tunisie_168377.jpg","contentUrl":"https:\/\/www.webdo.tn\/fr\/wp-content\/uploads\/2025\/06\/Webdo-Tunisie_168377.jpg","width":301,"height":301,"caption":"Webdo"},"image":{"@id":"https:\/\/www.webdo.tn\/fr\/#\/schema\/logo\/image\/"},"sameAs":["https:\/\/www.facebook.com\/webdotn","https:\/\/x.com\/webdo_tn"],"description":"Webdo est un m\u00e9dia num\u00e9rique tunisien fond\u00e9 en 2010, sp\u00e9cialis\u00e9 dans l\u2019actualit\u00e9 nationale et internationale, l\u2019\u00e9conomie, la soci\u00e9t\u00e9 et les analyses politiques. Le site s\u2019adresse \u00e0 un large public francophone et couvre l\u2019information tunisienne en temps r\u00e9el.","email":"redac@webdo.tn","legalName":"YNJ SARL","foundingDate":"2010-09-06","numberOfEmployees":{"@type":"QuantitativeValue","minValue":"11","maxValue":"50"}},{"@type":"Person","@id":"https:\/\/www.webdo.tn\/fr\/#\/schema\/person\/f35b42a42c5e2511bbd282959d6385cc","name":"CL","image":{"@type":"ImageObject","inLanguage":"fr-FR","@id":"https:\/\/secure.gravatar.com\/avatar\/1447a49909b67aa657c488aec6512e1dd6143a480c1ecfee9b5b5cd74eb3b59e?s=96&d=mm&r=g","url":"https:\/\/secure.gravatar.com\/avatar\/1447a49909b67aa657c488aec6512e1dd6143a480c1ecfee9b5b5cd74eb3b59e?s=96&d=mm&r=g","contentUrl":"https:\/\/secure.gravatar.com\/avatar\/1447a49909b67aa657c488aec6512e1dd6143a480c1ecfee9b5b5cd74eb3b59e?s=96&d=mm&r=g","caption":"CL"},"url":"https:\/\/www.webdo.tn\/fr\/actualite\/author\/cl\/"}]}},"_links":{"self":[{"href":"https:\/\/www.webdo.tn\/fr\/wp-json\/wp\/v2\/posts\/198369","targetHints":{"allow":["GET"]}}],"collection":[{"href":"https:\/\/www.webdo.tn\/fr\/wp-json\/wp\/v2\/posts"}],"about":[{"href":"https:\/\/www.webdo.tn\/fr\/wp-json\/wp\/v2\/types\/post"}],"author":[{"embeddable":true,"href":"https:\/\/www.webdo.tn\/fr\/wp-json\/wp\/v2\/users\/3175"}],"replies":[{"embeddable":true,"href":"https:\/\/www.webdo.tn\/fr\/wp-json\/wp\/v2\/comments?post=198369"}],"version-history":[{"count":0,"href":"https:\/\/www.webdo.tn\/fr\/wp-json\/wp\/v2\/posts\/198369\/revisions"}],"wp:featuredmedia":[{"embeddable":true,"href":"https:\/\/www.webdo.tn\/fr\/wp-json\/wp\/v2\/media\/253392"}],"wp:attachment":[{"href":"https:\/\/www.webdo.tn\/fr\/wp-json\/wp\/v2\/media?parent=198369"}],"wp:term":[{"taxonomy":"category","embeddable":true,"href":"https:\/\/www.webdo.tn\/fr\/wp-json\/wp\/v2\/categories?post=198369"},{"taxonomy":"post_tag","embeddable":true,"href":"https:\/\/www.webdo.tn\/fr\/wp-json\/wp\/v2\/tags?post=198369"}],"curies":[{"name":"wp","href":"https:\/\/api.w.org\/{rel}","templated":true}]}}