{"id":198367,"date":"2022-11-02T07:28:00","date_gmt":"2022-11-02T07:28:00","guid":{"rendered":"https:\/\/www.webdo.tn\/fr\/blog\/greve-inopinee-des-agents-de-la-transtu-transport-paralyse-a-tunis\/198367\/"},"modified":"2025-05-20T22:47:14","modified_gmt":"2025-05-20T22:47:14","slug":"greve-inopinee-des-agents-de-la-transtu-transport-paralyse-a-tunis","status":"publish","type":"post","link":"https:\/\/www.webdo.tn\/fr\/actualite\/national\/greve-inopinee-des-agents-de-la-transtu-transport-paralyse-a-tunis\/198367\/","title":{"rendered":"Gr\u00e8ve inopin\u00e9e des agents de la TRANSTU : Transport paralys\u00e9 \u00e0 Tunis"},"content":{"rendered":"<p>La gr\u00e8ve inopin\u00e9e des employ\u00e9s de la Soci\u00e9t\u00e9 des transports de Tunis (Transtu), a \u00e9t\u00e9 bel et bien appliqu\u00e9e au matin de ce mercredi 2 novembre 2022. Les diff\u00e9rents moyens de transport, notamment les lignes de m\u00e9tro et de bus ont \u00e9t\u00e9 paralys\u00e9s.<\/p>\n<p>\t\t\t\t\t\t\t\t\tLe train TGM n\u2019est pas \u00e9galement fonctionnel, les agents affirment agir en r\u00e9action \u00e0 la position du minist\u00e8re des Transports compte tenu de leurs revendications.<\/p>\n<p>Le secr\u00e9taire g\u00e9n\u00e9ral de la f\u00e9d\u00e9ration des transports, Wajih Zidi, a indiqu\u00e9 dans un communiqu\u00e9 de presse que l\u2019autorit\u00e9 de tutelle et la direction g\u00e9n\u00e9rale de l\u2019entreprise continuent leur silence quant \u00e0 la mise en \u0153uvre des revendications des employ\u00e9s.<\/p>\n<p>Celles-ci portent essentiellement sur l\u2019am\u00e9lioration des conditions socio-professionnelles des employ\u00e9s.<\/p>\n","protected":false},"excerpt":{"rendered":"<p>La gr\u00e8ve inopin\u00e9e des employ\u00e9s de la Soci\u00e9t\u00e9 des transports de Tunis (Transtu), a \u00e9t\u00e9 bel et bien appliqu\u00e9e au matin de ce mercredi 2 novembre 2022. Les diff\u00e9re&#8230;<\/p>\n","protected":false},"author":3175,"featured_media":253394,"comment_status":"open","ping_status":"closed","sticky":false,"template":"","format":"standard","meta":{"footnotes":""},"categories":[44],"tags":[2647,2818,4045,2608],"class_list":["post-198367","post","type-post","status-publish","format-standard","has-post-thumbnail","hentry","category-national","tag-greve","tag-transport","tag-transtu","tag-tunisie"],"yoast_head":"<!-- This site is optimized with the Yoast SEO Premium plugin v27.4 (Yoast SEO v27.5) - https:\/\/yoast.com\/product\/yoast-seo-premium-wordpress\/ -->\n<title>Gr\u00e8ve inopin\u00e9e des agents de la TRANSTU : Transport paralys\u00e9 \u00e0 Tunis<\/title>\n<meta name=\"description\" content=\"La gr\u00e8ve inopin\u00e9e des employ\u00e9s de la Soci\u00e9t\u00e9 des transports de Tunis (Transtu), a \u00e9t\u00e9 bel et bien appliqu\u00e9e au matin de ce mercredi 2 novembre 2022. Les diff\u00e9re...\" \/>\n<link rel=\"canonical\" href=\"https:\/\/www.webdo.tn\/fr\/actualite\/national\/greve-inopinee-des-agents-de-la-transtu-transport-paralyse-a-tunis\/198367\/\" \/>\n<meta property=\"og:locale\" content=\"fr_FR\" \/>\n<meta property=\"og:type\" content=\"article\" \/>\n<meta property=\"og:title\" content=\"Gr\u00e8ve inopin\u00e9e des agents de la TRANSTU : Transport paralys\u00e9 \u00e0 Tunis\" \/>\n<meta property=\"og:description\" content=\"La gr\u00e8ve inopin\u00e9e des employ\u00e9s de la Soci\u00e9t\u00e9 des transports de Tunis (Transtu), a \u00e9t\u00e9 bel et bien appliqu\u00e9e au matin de ce mercredi 2 novembre 2022. Les diff\u00e9re...\" \/>\n<meta property=\"og:url\" content=\"https:\/\/www.webdo.tn\/fr\/actualite\/national\/greve-inopinee-des-agents-de-la-transtu-transport-paralyse-a-tunis\/198367\/\" \/>\n<meta property=\"og:site_name\" content=\"webdo\" \/>\n<meta property=\"article:publisher\" content=\"https:\/\/www.facebook.com\/webdotn\" \/>\n<meta property=\"article:published_time\" content=\"2022-11-02T07:28:00+00:00\" \/>\n<meta property=\"article:modified_time\" content=\"2025-05-20T22:47:14+00:00\" \/>\n<meta property=\"og:image\" content=\"https:\/\/www.webdo.tn\/fr\/wp-content\/uploads\/2022\/11\/132217e7f89dd900f94cd3aed7fe49d9.jpg\" \/>\n\t<meta property=\"og:image:width\" content=\"750\" \/>\n\t<meta property=\"og:image:height\" content=\"400\" \/>\n\t<meta property=\"og:image:type\" content=\"image\/jpeg\" \/>\n<meta name=\"author\" content=\"CL\" \/>\n<meta name=\"twitter:card\" content=\"summary_large_image\" \/>\n<meta name=\"twitter:creator\" content=\"@webdo_tn\" \/>\n<meta name=\"twitter:site\" content=\"@webdo_tn\" \/>\n<meta name=\"twitter:label1\" content=\"\u00c9crit par\" \/>\n\t<meta name=\"twitter:data1\" content=\"CL\" \/>\n\t<meta name=\"twitter:label2\" content=\"Dur\u00e9e de lecture estim\u00e9e\" \/>\n\t<meta name=\"twitter:data2\" content=\"1 minute\" \/>\n<script type=\"application\/ld+json\" class=\"yoast-schema-graph\">{\"@context\":\"https:\\\/\\\/schema.org\",\"@graph\":[{\"@type\":\"NewsArticle\",\"@id\":\"https:\\\/\\\/www.webdo.tn\\\/fr\\\/actualite\\\/national\\\/greve-inopinee-des-agents-de-la-transtu-transport-paralyse-a-tunis\\\/198367\\\/#article\",\"isPartOf\":{\"@id\":\"https:\\\/\\\/www.webdo.tn\\\/fr\\\/actualite\\\/national\\\/greve-inopinee-des-agents-de-la-transtu-transport-paralyse-a-tunis\\\/198367\\\/\"},\"author\":{\"name\":\"CL\",\"@id\":\"https:\\\/\\\/www.webdo.tn\\\/fr\\\/#\\\/schema\\\/person\\\/f35b42a42c5e2511bbd282959d6385cc\"},\"headline\":\"Gr\u00e8ve inopin\u00e9e des agents de la TRANSTU : Transport paralys\u00e9 \u00e0 Tunis\",\"datePublished\":\"2022-11-02T07:28:00+00:00\",\"dateModified\":\"2025-05-20T22:47:14+00:00\",\"mainEntityOfPage\":{\"@id\":\"https:\\\/\\\/www.webdo.tn\\\/fr\\\/actualite\\\/national\\\/greve-inopinee-des-agents-de-la-transtu-transport-paralyse-a-tunis\\\/198367\\\/\"},\"wordCount\":150,\"commentCount\":0,\"publisher\":{\"@id\":\"https:\\\/\\\/www.webdo.tn\\\/fr\\\/#organization\"},\"image\":{\"@id\":\"https:\\\/\\\/www.webdo.tn\\\/fr\\\/actualite\\\/national\\\/greve-inopinee-des-agents-de-la-transtu-transport-paralyse-a-tunis\\\/198367\\\/#primaryimage\"},\"thumbnailUrl\":\"https:\\\/\\\/www.webdo.tn\\\/fr\\\/wp-content\\\/uploads\\\/2022\\\/11\\\/132217e7f89dd900f94cd3aed7fe49d9.jpg\",\"keywords\":[\"Gr\u00e8ve\",\"Transport\",\"TRANSTU\",\"Tunisie\"],\"articleSection\":[\"National\"],\"inLanguage\":\"fr-FR\"},{\"@type\":\"WebPage\",\"@id\":\"https:\\\/\\\/www.webdo.tn\\\/fr\\\/actualite\\\/national\\\/greve-inopinee-des-agents-de-la-transtu-transport-paralyse-a-tunis\\\/198367\\\/\",\"url\":\"https:\\\/\\\/www.webdo.tn\\\/fr\\\/actualite\\\/national\\\/greve-inopinee-des-agents-de-la-transtu-transport-paralyse-a-tunis\\\/198367\\\/\",\"name\":\"Gr\u00e8ve inopin\u00e9e des agents de la TRANSTU : Transport paralys\u00e9 \u00e0 Tunis\",\"isPartOf\":{\"@id\":\"https:\\\/\\\/www.webdo.tn\\\/fr\\\/#website\"},\"primaryImageOfPage\":{\"@id\":\"https:\\\/\\\/www.webdo.tn\\\/fr\\\/actualite\\\/national\\\/greve-inopinee-des-agents-de-la-transtu-transport-paralyse-a-tunis\\\/198367\\\/#primaryimage\"},\"image\":{\"@id\":\"https:\\\/\\\/www.webdo.tn\\\/fr\\\/actualite\\\/national\\\/greve-inopinee-des-agents-de-la-transtu-transport-paralyse-a-tunis\\\/198367\\\/#primaryimage\"},\"thumbnailUrl\":\"https:\\\/\\\/www.webdo.tn\\\/fr\\\/wp-content\\\/uploads\\\/2022\\\/11\\\/132217e7f89dd900f94cd3aed7fe49d9.jpg\",\"datePublished\":\"2022-11-02T07:28:00+00:00\",\"dateModified\":\"2025-05-20T22:47:14+00:00\",\"description\":\"La gr\u00e8ve inopin\u00e9e des employ\u00e9s de la Soci\u00e9t\u00e9 des transports de Tunis (Transtu), a \u00e9t\u00e9 bel et bien appliqu\u00e9e au matin de ce mercredi 2 novembre 2022. Les diff\u00e9re...\",\"breadcrumb\":{\"@id\":\"https:\\\/\\\/www.webdo.tn\\\/fr\\\/actualite\\\/national\\\/greve-inopinee-des-agents-de-la-transtu-transport-paralyse-a-tunis\\\/198367\\\/#breadcrumb\"},\"inLanguage\":\"fr-FR\",\"potentialAction\":[{\"@type\":\"ReadAction\",\"target\":[\"https:\\\/\\\/www.webdo.tn\\\/fr\\\/actualite\\\/national\\\/greve-inopinee-des-agents-de-la-transtu-transport-paralyse-a-tunis\\\/198367\\\/\"]}]},{\"@type\":\"ImageObject\",\"inLanguage\":\"fr-FR\",\"@id\":\"https:\\\/\\\/www.webdo.tn\\\/fr\\\/actualite\\\/national\\\/greve-inopinee-des-agents-de-la-transtu-transport-paralyse-a-tunis\\\/198367\\\/#primaryimage\",\"url\":\"https:\\\/\\\/www.webdo.tn\\\/fr\\\/wp-content\\\/uploads\\\/2022\\\/11\\\/132217e7f89dd900f94cd3aed7fe49d9.jpg\",\"contentUrl\":\"https:\\\/\\\/www.webdo.tn\\\/fr\\\/wp-content\\\/uploads\\\/2022\\\/11\\\/132217e7f89dd900f94cd3aed7fe49d9.jpg\",\"width\":750,\"height\":400,\"caption\":\"Transport Transtu passage\"},{\"@type\":\"BreadcrumbList\",\"@id\":\"https:\\\/\\\/www.webdo.tn\\\/fr\\\/actualite\\\/national\\\/greve-inopinee-des-agents-de-la-transtu-transport-paralyse-a-tunis\\\/198367\\\/#breadcrumb\",\"itemListElement\":[{\"@type\":\"ListItem\",\"position\":1,\"name\":\"Accueil\",\"item\":\"https:\\\/\\\/www.webdo.tn\\\/fr\\\/\"},{\"@type\":\"ListItem\",\"position\":2,\"name\":\"Gr\u00e8ve inopin\u00e9e des agents de la TRANSTU : Transport paralys\u00e9 \u00e0 Tunis\"}]},{\"@type\":\"WebSite\",\"@id\":\"https:\\\/\\\/www.webdo.tn\\\/fr\\\/#website\",\"url\":\"https:\\\/\\\/www.webdo.tn\\\/fr\\\/\",\"name\":\"webdo\",\"description\":\"Tunisie - News en Tunisie et \u00e0 l&#039;international sur Webdo.tn\",\"publisher\":{\"@id\":\"https:\\\/\\\/www.webdo.tn\\\/fr\\\/#organization\"},\"potentialAction\":[{\"@type\":\"SearchAction\",\"target\":{\"@type\":\"EntryPoint\",\"urlTemplate\":\"https:\\\/\\\/www.webdo.tn\\\/fr\\\/?s={search_term_string}\"},\"query-input\":{\"@type\":\"PropertyValueSpecification\",\"valueRequired\":true,\"valueName\":\"search_term_string\"}}],\"inLanguage\":\"fr-FR\"},{\"@type\":\"Organization\",\"@id\":\"https:\\\/\\\/www.webdo.tn\\\/fr\\\/#organization\",\"name\":\"Webdo\",\"alternateName\":\"Webdo.tn\",\"url\":\"https:\\\/\\\/www.webdo.tn\\\/fr\\\/\",\"logo\":{\"@type\":\"ImageObject\",\"inLanguage\":\"fr-FR\",\"@id\":\"https:\\\/\\\/www.webdo.tn\\\/fr\\\/#\\\/schema\\\/logo\\\/image\\\/\",\"url\":\"https:\\\/\\\/www.webdo.tn\\\/fr\\\/wp-content\\\/uploads\\\/2025\\\/06\\\/Webdo-Tunisie_168377.jpg\",\"contentUrl\":\"https:\\\/\\\/www.webdo.tn\\\/fr\\\/wp-content\\\/uploads\\\/2025\\\/06\\\/Webdo-Tunisie_168377.jpg\",\"width\":301,\"height\":301,\"caption\":\"Webdo\"},\"image\":{\"@id\":\"https:\\\/\\\/www.webdo.tn\\\/fr\\\/#\\\/schema\\\/logo\\\/image\\\/\"},\"sameAs\":[\"https:\\\/\\\/www.facebook.com\\\/webdotn\",\"https:\\\/\\\/x.com\\\/webdo_tn\"],\"description\":\"Webdo est un m\u00e9dia num\u00e9rique tunisien fond\u00e9 en 2010, sp\u00e9cialis\u00e9 dans l\u2019actualit\u00e9 nationale et internationale, l\u2019\u00e9conomie, la soci\u00e9t\u00e9 et les analyses politiques. Le site s\u2019adresse \u00e0 un large public francophone et couvre l\u2019information tunisienne en temps r\u00e9el.\",\"email\":\"redac@webdo.tn\",\"legalName\":\"YNJ SARL\",\"foundingDate\":\"2010-09-06\",\"numberOfEmployees\":{\"@type\":\"QuantitativeValue\",\"minValue\":\"11\",\"maxValue\":\"50\"}},{\"@type\":\"Person\",\"@id\":\"https:\\\/\\\/www.webdo.tn\\\/fr\\\/#\\\/schema\\\/person\\\/f35b42a42c5e2511bbd282959d6385cc\",\"name\":\"CL\",\"image\":{\"@type\":\"ImageObject\",\"inLanguage\":\"fr-FR\",\"@id\":\"https:\\\/\\\/secure.gravatar.com\\\/avatar\\\/1447a49909b67aa657c488aec6512e1dd6143a480c1ecfee9b5b5cd74eb3b59e?s=96&d=mm&r=g\",\"url\":\"https:\\\/\\\/secure.gravatar.com\\\/avatar\\\/1447a49909b67aa657c488aec6512e1dd6143a480c1ecfee9b5b5cd74eb3b59e?s=96&d=mm&r=g\",\"contentUrl\":\"https:\\\/\\\/secure.gravatar.com\\\/avatar\\\/1447a49909b67aa657c488aec6512e1dd6143a480c1ecfee9b5b5cd74eb3b59e?s=96&d=mm&r=g\",\"caption\":\"CL\"},\"url\":\"https:\\\/\\\/www.webdo.tn\\\/fr\\\/actualite\\\/author\\\/cl\\\/\"}]}<\/script>\n<!-- \/ Yoast SEO Premium plugin. -->","yoast_head_json":{"title":"Gr\u00e8ve inopin\u00e9e des agents de la TRANSTU : Transport paralys\u00e9 \u00e0 Tunis","description":"La gr\u00e8ve inopin\u00e9e des employ\u00e9s de la Soci\u00e9t\u00e9 des transports de Tunis (Transtu), a \u00e9t\u00e9 bel et bien appliqu\u00e9e au matin de ce mercredi 2 novembre 2022. Les diff\u00e9re...","canonical":"https:\/\/www.webdo.tn\/fr\/actualite\/national\/greve-inopinee-des-agents-de-la-transtu-transport-paralyse-a-tunis\/198367\/","og_locale":"fr_FR","og_type":"article","og_title":"Gr\u00e8ve inopin\u00e9e des agents de la TRANSTU : Transport paralys\u00e9 \u00e0 Tunis","og_description":"La gr\u00e8ve inopin\u00e9e des employ\u00e9s de la Soci\u00e9t\u00e9 des transports de Tunis (Transtu), a \u00e9t\u00e9 bel et bien appliqu\u00e9e au matin de ce mercredi 2 novembre 2022. Les diff\u00e9re...","og_url":"https:\/\/www.webdo.tn\/fr\/actualite\/national\/greve-inopinee-des-agents-de-la-transtu-transport-paralyse-a-tunis\/198367\/","og_site_name":"webdo","article_publisher":"https:\/\/www.facebook.com\/webdotn","article_published_time":"2022-11-02T07:28:00+00:00","article_modified_time":"2025-05-20T22:47:14+00:00","og_image":[{"width":750,"height":400,"url":"https:\/\/www.webdo.tn\/fr\/wp-content\/uploads\/2022\/11\/132217e7f89dd900f94cd3aed7fe49d9.jpg","type":"image\/jpeg"}],"author":"CL","twitter_card":"summary_large_image","twitter_creator":"@webdo_tn","twitter_site":"@webdo_tn","twitter_misc":{"\u00c9crit par":"CL","Dur\u00e9e de lecture estim\u00e9e":"1 minute"},"schema":{"@context":"https:\/\/schema.org","@graph":[{"@type":"NewsArticle","@id":"https:\/\/www.webdo.tn\/fr\/actualite\/national\/greve-inopinee-des-agents-de-la-transtu-transport-paralyse-a-tunis\/198367\/#article","isPartOf":{"@id":"https:\/\/www.webdo.tn\/fr\/actualite\/national\/greve-inopinee-des-agents-de-la-transtu-transport-paralyse-a-tunis\/198367\/"},"author":{"name":"CL","@id":"https:\/\/www.webdo.tn\/fr\/#\/schema\/person\/f35b42a42c5e2511bbd282959d6385cc"},"headline":"Gr\u00e8ve inopin\u00e9e des agents de la TRANSTU : Transport paralys\u00e9 \u00e0 Tunis","datePublished":"2022-11-02T07:28:00+00:00","dateModified":"2025-05-20T22:47:14+00:00","mainEntityOfPage":{"@id":"https:\/\/www.webdo.tn\/fr\/actualite\/national\/greve-inopinee-des-agents-de-la-transtu-transport-paralyse-a-tunis\/198367\/"},"wordCount":150,"commentCount":0,"publisher":{"@id":"https:\/\/www.webdo.tn\/fr\/#organization"},"image":{"@id":"https:\/\/www.webdo.tn\/fr\/actualite\/national\/greve-inopinee-des-agents-de-la-transtu-transport-paralyse-a-tunis\/198367\/#primaryimage"},"thumbnailUrl":"https:\/\/www.webdo.tn\/fr\/wp-content\/uploads\/2022\/11\/132217e7f89dd900f94cd3aed7fe49d9.jpg","keywords":["Gr\u00e8ve","Transport","TRANSTU","Tunisie"],"articleSection":["National"],"inLanguage":"fr-FR"},{"@type":"WebPage","@id":"https:\/\/www.webdo.tn\/fr\/actualite\/national\/greve-inopinee-des-agents-de-la-transtu-transport-paralyse-a-tunis\/198367\/","url":"https:\/\/www.webdo.tn\/fr\/actualite\/national\/greve-inopinee-des-agents-de-la-transtu-transport-paralyse-a-tunis\/198367\/","name":"Gr\u00e8ve inopin\u00e9e des agents de la TRANSTU : Transport paralys\u00e9 \u00e0 Tunis","isPartOf":{"@id":"https:\/\/www.webdo.tn\/fr\/#website"},"primaryImageOfPage":{"@id":"https:\/\/www.webdo.tn\/fr\/actualite\/national\/greve-inopinee-des-agents-de-la-transtu-transport-paralyse-a-tunis\/198367\/#primaryimage"},"image":{"@id":"https:\/\/www.webdo.tn\/fr\/actualite\/national\/greve-inopinee-des-agents-de-la-transtu-transport-paralyse-a-tunis\/198367\/#primaryimage"},"thumbnailUrl":"https:\/\/www.webdo.tn\/fr\/wp-content\/uploads\/2022\/11\/132217e7f89dd900f94cd3aed7fe49d9.jpg","datePublished":"2022-11-02T07:28:00+00:00","dateModified":"2025-05-20T22:47:14+00:00","description":"La gr\u00e8ve inopin\u00e9e des employ\u00e9s de la Soci\u00e9t\u00e9 des transports de Tunis (Transtu), a \u00e9t\u00e9 bel et bien appliqu\u00e9e au matin de ce mercredi 2 novembre 2022. Les diff\u00e9re...","breadcrumb":{"@id":"https:\/\/www.webdo.tn\/fr\/actualite\/national\/greve-inopinee-des-agents-de-la-transtu-transport-paralyse-a-tunis\/198367\/#breadcrumb"},"inLanguage":"fr-FR","potentialAction":[{"@type":"ReadAction","target":["https:\/\/www.webdo.tn\/fr\/actualite\/national\/greve-inopinee-des-agents-de-la-transtu-transport-paralyse-a-tunis\/198367\/"]}]},{"@type":"ImageObject","inLanguage":"fr-FR","@id":"https:\/\/www.webdo.tn\/fr\/actualite\/national\/greve-inopinee-des-agents-de-la-transtu-transport-paralyse-a-tunis\/198367\/#primaryimage","url":"https:\/\/www.webdo.tn\/fr\/wp-content\/uploads\/2022\/11\/132217e7f89dd900f94cd3aed7fe49d9.jpg","contentUrl":"https:\/\/www.webdo.tn\/fr\/wp-content\/uploads\/2022\/11\/132217e7f89dd900f94cd3aed7fe49d9.jpg","width":750,"height":400,"caption":"Transport Transtu passage"},{"@type":"BreadcrumbList","@id":"https:\/\/www.webdo.tn\/fr\/actualite\/national\/greve-inopinee-des-agents-de-la-transtu-transport-paralyse-a-tunis\/198367\/#breadcrumb","itemListElement":[{"@type":"ListItem","position":1,"name":"Accueil","item":"https:\/\/www.webdo.tn\/fr\/"},{"@type":"ListItem","position":2,"name":"Gr\u00e8ve inopin\u00e9e des agents de la TRANSTU : Transport paralys\u00e9 \u00e0 Tunis"}]},{"@type":"WebSite","@id":"https:\/\/www.webdo.tn\/fr\/#website","url":"https:\/\/www.webdo.tn\/fr\/","name":"webdo","description":"Tunisie - News en Tunisie et \u00e0 l&#039;international sur Webdo.tn","publisher":{"@id":"https:\/\/www.webdo.tn\/fr\/#organization"},"potentialAction":[{"@type":"SearchAction","target":{"@type":"EntryPoint","urlTemplate":"https:\/\/www.webdo.tn\/fr\/?s={search_term_string}"},"query-input":{"@type":"PropertyValueSpecification","valueRequired":true,"valueName":"search_term_string"}}],"inLanguage":"fr-FR"},{"@type":"Organization","@id":"https:\/\/www.webdo.tn\/fr\/#organization","name":"Webdo","alternateName":"Webdo.tn","url":"https:\/\/www.webdo.tn\/fr\/","logo":{"@type":"ImageObject","inLanguage":"fr-FR","@id":"https:\/\/www.webdo.tn\/fr\/#\/schema\/logo\/image\/","url":"https:\/\/www.webdo.tn\/fr\/wp-content\/uploads\/2025\/06\/Webdo-Tunisie_168377.jpg","contentUrl":"https:\/\/www.webdo.tn\/fr\/wp-content\/uploads\/2025\/06\/Webdo-Tunisie_168377.jpg","width":301,"height":301,"caption":"Webdo"},"image":{"@id":"https:\/\/www.webdo.tn\/fr\/#\/schema\/logo\/image\/"},"sameAs":["https:\/\/www.facebook.com\/webdotn","https:\/\/x.com\/webdo_tn"],"description":"Webdo est un m\u00e9dia num\u00e9rique tunisien fond\u00e9 en 2010, sp\u00e9cialis\u00e9 dans l\u2019actualit\u00e9 nationale et internationale, l\u2019\u00e9conomie, la soci\u00e9t\u00e9 et les analyses politiques. Le site s\u2019adresse \u00e0 un large public francophone et couvre l\u2019information tunisienne en temps r\u00e9el.","email":"redac@webdo.tn","legalName":"YNJ SARL","foundingDate":"2010-09-06","numberOfEmployees":{"@type":"QuantitativeValue","minValue":"11","maxValue":"50"}},{"@type":"Person","@id":"https:\/\/www.webdo.tn\/fr\/#\/schema\/person\/f35b42a42c5e2511bbd282959d6385cc","name":"CL","image":{"@type":"ImageObject","inLanguage":"fr-FR","@id":"https:\/\/secure.gravatar.com\/avatar\/1447a49909b67aa657c488aec6512e1dd6143a480c1ecfee9b5b5cd74eb3b59e?s=96&d=mm&r=g","url":"https:\/\/secure.gravatar.com\/avatar\/1447a49909b67aa657c488aec6512e1dd6143a480c1ecfee9b5b5cd74eb3b59e?s=96&d=mm&r=g","contentUrl":"https:\/\/secure.gravatar.com\/avatar\/1447a49909b67aa657c488aec6512e1dd6143a480c1ecfee9b5b5cd74eb3b59e?s=96&d=mm&r=g","caption":"CL"},"url":"https:\/\/www.webdo.tn\/fr\/actualite\/author\/cl\/"}]}},"_links":{"self":[{"href":"https:\/\/www.webdo.tn\/fr\/wp-json\/wp\/v2\/posts\/198367","targetHints":{"allow":["GET"]}}],"collection":[{"href":"https:\/\/www.webdo.tn\/fr\/wp-json\/wp\/v2\/posts"}],"about":[{"href":"https:\/\/www.webdo.tn\/fr\/wp-json\/wp\/v2\/types\/post"}],"author":[{"embeddable":true,"href":"https:\/\/www.webdo.tn\/fr\/wp-json\/wp\/v2\/users\/3175"}],"replies":[{"embeddable":true,"href":"https:\/\/www.webdo.tn\/fr\/wp-json\/wp\/v2\/comments?post=198367"}],"version-history":[{"count":0,"href":"https:\/\/www.webdo.tn\/fr\/wp-json\/wp\/v2\/posts\/198367\/revisions"}],"wp:featuredmedia":[{"embeddable":true,"href":"https:\/\/www.webdo.tn\/fr\/wp-json\/wp\/v2\/media\/253394"}],"wp:attachment":[{"href":"https:\/\/www.webdo.tn\/fr\/wp-json\/wp\/v2\/media?parent=198367"}],"wp:term":[{"taxonomy":"category","embeddable":true,"href":"https:\/\/www.webdo.tn\/fr\/wp-json\/wp\/v2\/categories?post=198367"},{"taxonomy":"post_tag","embeddable":true,"href":"https:\/\/www.webdo.tn\/fr\/wp-json\/wp\/v2\/tags?post=198367"}],"curies":[{"name":"wp","href":"https:\/\/api.w.org\/{rel}","templated":true}]}}