{"id":198357,"date":"2022-11-01T20:40:00","date_gmt":"2022-11-01T20:40:00","guid":{"rendered":"https:\/\/www.webdo.tn\/fr\/blog\/tunisie-le-pret-du-fmi-decaisse-par-tranches-de-180-a-200-millions-de-dollars\/198357\/"},"modified":"2025-05-20T22:05:06","modified_gmt":"2025-05-20T22:05:06","slug":"tunisie-le-pret-du-fmi-decaisse-par-tranches-de-180-a-200-millions-de-dollars","status":"publish","type":"post","link":"https:\/\/www.webdo.tn\/fr\/actualite\/national\/tunisie-le-pret-du-fmi-decaisse-par-tranches-de-180-a-200-millions-de-dollars\/198357\/","title":{"rendered":"Tunisie : Le pr\u00eat du FMI d\u00e9caiss\u00e9 par tranches de 180 \u00e0 200 millions de dollars"},"content":{"rendered":"<p>Le ministre de l\u2019Economie et de la Planification, Samir Saied est revenu, ce mardi 1er novembre 2022, sur l\u2019accord convenu avec le Fonds Mon\u00e9taire International (FMI) d\u2019un montant de 1,9 milliard de dollars et d&rsquo;une dur\u00e9e de 48 mois.<\/p>\n<p>\t\t\t\t\t\t\t\t\tS\u2019exprimant lors d\u2019un s\u00e9minaire organis\u00e9 par la Conf\u00e9d\u00e9ration des Entreprises Citoyennes de Tunisie (CONECT) sur \u00ab\u00a0l&rsquo;internationalisation des petites et moyennes entreprises tunisiennes\u00a0\u00bb, Samir Saied a r\u00e9v\u00e9l\u00e9 que le d\u00e9caissement du pr\u00eat se fera sur plusieurs tranches, dont le d\u00e9blocage sera tributaire du degr\u00e9 d\u2019avancement des r\u00e9formes.<\/p>\n<p>\u00ab\u00a0Le d\u00e9blocage des fonds par tranche de 180 \u00e0 200 millions de dollars, va ainsi garantir l\u2019ex\u00e9cution de r\u00e9formes\u00a0\u00bb, a-t-il poursuivi, affirmant l\u2019engagement de son gouvernement \u00e0 faire preuve de \u00ab\u00a0transparence totale\u00a0\u00bb avec le FMI, a-t-il d\u00e9clar\u00e9, pr\u00e9cisant que le FMI n\u2019avait pas impos\u00e9 de diktat \u00e0 la Tunisie, rapporte l\u2019agence TAP.<\/p>\n<p>Samir Saied a, par ailleurs, soulign\u00e9 que la seule recommandation du FMI a trait au renforcement du filet de s\u00e9curit\u00e9 sociale, insistant sur le fait que \u00ab\u00a0la Tunisie n&rsquo;a pas d\u2019autre choix que de mettre en \u0153uvre le plan de r\u00e9forme \u00e9conomique que le gouvernement a pr\u00e9sent\u00e9 au Fonds, si non, c\u2019est l\u2019avenir de ses enfants qui sera hypoth\u00e9qu\u00e9\u00a0\u00bb.<\/p>\n<p>\u00ab\u00a0Nous avons pr\u00e9sent\u00e9 un plan d\u00e9taill\u00e9 car nous avons perdu notre cr\u00e9dibilit\u00e9 aupr\u00e8s du Fonds au fil de ces derni\u00e8res ann\u00e9es. Cette fois-ci, nous nous engageons \u00e0 l\u2019ex\u00e9cuter\u00a0\u00bb, a ajout\u00e9 Samir Saied.<\/p>\n<p>Selon le directeur du d\u00e9partement Moyen-Orient et Asie centrale du FMI, Jihad Azour, le programme objet d\u2019accord avec le gouvernement tunisien entrera en application d\u00e8s son approbation par le Conseil d\u2019administration du FMI.<\/p>\n<p>Il a, \u00e9galement, pr\u00e9cis\u00e9 que les r\u00e9formes et les mesures seront mis en \u0153uvre progressivement, en fonction de l\u2019\u00e9volution de la situation \u00e9conomique en Tunisie, soulignant que tous les d\u00e9tails du programme seront publi\u00e9s d\u00e8s l\u2019approbation du Conseil d\u2019administration du FMI, qui examinera l\u2019accord en d\u00e9cembre.<\/p>\n","protected":false},"excerpt":{"rendered":"<p>Le ministre de l\u2019Economie et de la Planification, Samir Saied est revenu, ce mardi 1er novembre 2022, sur l\u2019accord convenu avec le Fonds Mon\u00e9taire International&#8230;<\/p>\n","protected":false},"author":3162,"featured_media":253399,"comment_status":"open","ping_status":"closed","sticky":false,"template":"","format":"standard","meta":{"footnotes":""},"categories":[44],"tags":[4233,2685,3130,2608],"class_list":["post-198357","post","type-post","status-publish","format-standard","has-post-thumbnail","hentry","category-national","tag-fmi","tag-pret","tag-reformes","tag-tunisie"],"yoast_head":"<!-- This site is optimized with the Yoast SEO Premium plugin v27.5 (Yoast SEO v27.5) - https:\/\/yoast.com\/product\/yoast-seo-premium-wordpress\/ -->\n<title>Tunisie : Le pr\u00eat du FMI d\u00e9caiss\u00e9 par tranches de 180 \u00e0 200 millions de dollars<\/title>\n<meta name=\"description\" content=\"Le ministre de l\u2019Economie et de la Planification, Samir Saied est revenu, ce mardi 1er novembre 2022, sur l\u2019accord convenu avec le Fonds Mon\u00e9taire International...\" \/>\n<link rel=\"canonical\" href=\"https:\/\/www.webdo.tn\/fr\/actualite\/national\/tunisie-le-pret-du-fmi-decaisse-par-tranches-de-180-a-200-millions-de-dollars\/198357\/\" \/>\n<meta property=\"og:locale\" content=\"fr_FR\" \/>\n<meta property=\"og:type\" content=\"article\" \/>\n<meta property=\"og:title\" content=\"Tunisie : Le pr\u00eat du FMI d\u00e9caiss\u00e9 par tranches de 180 \u00e0 200 millions de dollars\" \/>\n<meta property=\"og:description\" content=\"Le ministre de l\u2019Economie et de la Planification, Samir Saied est revenu, ce mardi 1er novembre 2022, sur l\u2019accord convenu avec le Fonds Mon\u00e9taire International...\" \/>\n<meta property=\"og:url\" content=\"https:\/\/www.webdo.tn\/fr\/actualite\/national\/tunisie-le-pret-du-fmi-decaisse-par-tranches-de-180-a-200-millions-de-dollars\/198357\/\" \/>\n<meta property=\"og:site_name\" content=\"webdo\" \/>\n<meta property=\"article:publisher\" content=\"https:\/\/www.facebook.com\/webdotn\" \/>\n<meta property=\"article:published_time\" content=\"2022-11-01T20:40:00+00:00\" \/>\n<meta property=\"article:modified_time\" content=\"2025-05-20T22:05:06+00:00\" \/>\n<meta property=\"og:image\" content=\"https:\/\/www.webdo.tn\/fr\/wp-content\/uploads\/2022\/11\/60b43bfeed8fa1b036d0d2337e6bf04f.jpg\" \/>\n\t<meta property=\"og:image:width\" content=\"750\" \/>\n\t<meta property=\"og:image:height\" content=\"400\" \/>\n\t<meta property=\"og:image:type\" content=\"image\/jpeg\" \/>\n<meta name=\"author\" content=\"MC\" \/>\n<meta name=\"twitter:card\" content=\"summary_large_image\" \/>\n<meta name=\"twitter:creator\" content=\"@webdo_tn\" \/>\n<meta name=\"twitter:site\" content=\"@webdo_tn\" \/>\n<meta name=\"twitter:label1\" content=\"\u00c9crit par\" \/>\n\t<meta name=\"twitter:data1\" content=\"MC\" \/>\n\t<meta name=\"twitter:label2\" content=\"Dur\u00e9e de lecture estim\u00e9e\" \/>\n\t<meta name=\"twitter:data2\" content=\"2 minutes\" \/>\n<script type=\"application\/ld+json\" class=\"yoast-schema-graph\">{\"@context\":\"https:\\\/\\\/schema.org\",\"@graph\":[{\"@type\":\"NewsArticle\",\"@id\":\"https:\\\/\\\/www.webdo.tn\\\/fr\\\/actualite\\\/national\\\/tunisie-le-pret-du-fmi-decaisse-par-tranches-de-180-a-200-millions-de-dollars\\\/198357\\\/#article\",\"isPartOf\":{\"@id\":\"https:\\\/\\\/www.webdo.tn\\\/fr\\\/actualite\\\/national\\\/tunisie-le-pret-du-fmi-decaisse-par-tranches-de-180-a-200-millions-de-dollars\\\/198357\\\/\"},\"author\":{\"name\":\"MC\",\"@id\":\"https:\\\/\\\/www.webdo.tn\\\/fr\\\/#\\\/schema\\\/person\\\/2c4929cbf5a809e3bd38617c6ce150f6\"},\"headline\":\"Tunisie : Le pr\u00eat du FMI d\u00e9caiss\u00e9 par tranches de 180 \u00e0 200 millions de dollars\",\"datePublished\":\"2022-11-01T20:40:00+00:00\",\"dateModified\":\"2025-05-20T22:05:06+00:00\",\"mainEntityOfPage\":{\"@id\":\"https:\\\/\\\/www.webdo.tn\\\/fr\\\/actualite\\\/national\\\/tunisie-le-pret-du-fmi-decaisse-par-tranches-de-180-a-200-millions-de-dollars\\\/198357\\\/\"},\"wordCount\":370,\"commentCount\":0,\"publisher\":{\"@id\":\"https:\\\/\\\/www.webdo.tn\\\/fr\\\/#organization\"},\"image\":{\"@id\":\"https:\\\/\\\/www.webdo.tn\\\/fr\\\/actualite\\\/national\\\/tunisie-le-pret-du-fmi-decaisse-par-tranches-de-180-a-200-millions-de-dollars\\\/198357\\\/#primaryimage\"},\"thumbnailUrl\":\"https:\\\/\\\/www.webdo.tn\\\/fr\\\/wp-content\\\/uploads\\\/2022\\\/11\\\/60b43bfeed8fa1b036d0d2337e6bf04f.jpg\",\"keywords\":[\"FMI\",\"pr\u00eat\",\"r\u00e9formes\",\"Tunisie\"],\"articleSection\":[\"National\"],\"inLanguage\":\"fr-FR\"},{\"@type\":\"WebPage\",\"@id\":\"https:\\\/\\\/www.webdo.tn\\\/fr\\\/actualite\\\/national\\\/tunisie-le-pret-du-fmi-decaisse-par-tranches-de-180-a-200-millions-de-dollars\\\/198357\\\/\",\"url\":\"https:\\\/\\\/www.webdo.tn\\\/fr\\\/actualite\\\/national\\\/tunisie-le-pret-du-fmi-decaisse-par-tranches-de-180-a-200-millions-de-dollars\\\/198357\\\/\",\"name\":\"Tunisie : Le pr\u00eat du FMI d\u00e9caiss\u00e9 par tranches de 180 \u00e0 200 millions de dollars\",\"isPartOf\":{\"@id\":\"https:\\\/\\\/www.webdo.tn\\\/fr\\\/#website\"},\"primaryImageOfPage\":{\"@id\":\"https:\\\/\\\/www.webdo.tn\\\/fr\\\/actualite\\\/national\\\/tunisie-le-pret-du-fmi-decaisse-par-tranches-de-180-a-200-millions-de-dollars\\\/198357\\\/#primaryimage\"},\"image\":{\"@id\":\"https:\\\/\\\/www.webdo.tn\\\/fr\\\/actualite\\\/national\\\/tunisie-le-pret-du-fmi-decaisse-par-tranches-de-180-a-200-millions-de-dollars\\\/198357\\\/#primaryimage\"},\"thumbnailUrl\":\"https:\\\/\\\/www.webdo.tn\\\/fr\\\/wp-content\\\/uploads\\\/2022\\\/11\\\/60b43bfeed8fa1b036d0d2337e6bf04f.jpg\",\"datePublished\":\"2022-11-01T20:40:00+00:00\",\"dateModified\":\"2025-05-20T22:05:06+00:00\",\"description\":\"Le ministre de l\u2019Economie et de la Planification, Samir Saied est revenu, ce mardi 1er novembre 2022, sur l\u2019accord convenu avec le Fonds Mon\u00e9taire International...\",\"breadcrumb\":{\"@id\":\"https:\\\/\\\/www.webdo.tn\\\/fr\\\/actualite\\\/national\\\/tunisie-le-pret-du-fmi-decaisse-par-tranches-de-180-a-200-millions-de-dollars\\\/198357\\\/#breadcrumb\"},\"inLanguage\":\"fr-FR\",\"potentialAction\":[{\"@type\":\"ReadAction\",\"target\":[\"https:\\\/\\\/www.webdo.tn\\\/fr\\\/actualite\\\/national\\\/tunisie-le-pret-du-fmi-decaisse-par-tranches-de-180-a-200-millions-de-dollars\\\/198357\\\/\"]}]},{\"@type\":\"ImageObject\",\"inLanguage\":\"fr-FR\",\"@id\":\"https:\\\/\\\/www.webdo.tn\\\/fr\\\/actualite\\\/national\\\/tunisie-le-pret-du-fmi-decaisse-par-tranches-de-180-a-200-millions-de-dollars\\\/198357\\\/#primaryimage\",\"url\":\"https:\\\/\\\/www.webdo.tn\\\/fr\\\/wp-content\\\/uploads\\\/2022\\\/11\\\/60b43bfeed8fa1b036d0d2337e6bf04f.jpg\",\"contentUrl\":\"https:\\\/\\\/www.webdo.tn\\\/fr\\\/wp-content\\\/uploads\\\/2022\\\/11\\\/60b43bfeed8fa1b036d0d2337e6bf04f.jpg\",\"width\":750,\"height\":400,\"caption\":\"L\u2019accord entre le FMI et la Tunisie porte sur 1,9 milliard de dollars\"},{\"@type\":\"BreadcrumbList\",\"@id\":\"https:\\\/\\\/www.webdo.tn\\\/fr\\\/actualite\\\/national\\\/tunisie-le-pret-du-fmi-decaisse-par-tranches-de-180-a-200-millions-de-dollars\\\/198357\\\/#breadcrumb\",\"itemListElement\":[{\"@type\":\"ListItem\",\"position\":1,\"name\":\"Accueil\",\"item\":\"https:\\\/\\\/www.webdo.tn\\\/fr\\\/\"},{\"@type\":\"ListItem\",\"position\":2,\"name\":\"Tunisie : Le pr\u00eat du FMI d\u00e9caiss\u00e9 par tranches de 180 \u00e0 200 millions de dollars\"}]},{\"@type\":\"WebSite\",\"@id\":\"https:\\\/\\\/www.webdo.tn\\\/fr\\\/#website\",\"url\":\"https:\\\/\\\/www.webdo.tn\\\/fr\\\/\",\"name\":\"webdo\",\"description\":\"Tunisie - News en Tunisie et \u00e0 l&#039;international sur Webdo.tn\",\"publisher\":{\"@id\":\"https:\\\/\\\/www.webdo.tn\\\/fr\\\/#organization\"},\"potentialAction\":[{\"@type\":\"SearchAction\",\"target\":{\"@type\":\"EntryPoint\",\"urlTemplate\":\"https:\\\/\\\/www.webdo.tn\\\/fr\\\/?s={search_term_string}\"},\"query-input\":{\"@type\":\"PropertyValueSpecification\",\"valueRequired\":true,\"valueName\":\"search_term_string\"}}],\"inLanguage\":\"fr-FR\"},{\"@type\":\"Organization\",\"@id\":\"https:\\\/\\\/www.webdo.tn\\\/fr\\\/#organization\",\"name\":\"Webdo\",\"alternateName\":\"Webdo.tn\",\"url\":\"https:\\\/\\\/www.webdo.tn\\\/fr\\\/\",\"logo\":{\"@type\":\"ImageObject\",\"inLanguage\":\"fr-FR\",\"@id\":\"https:\\\/\\\/www.webdo.tn\\\/fr\\\/#\\\/schema\\\/logo\\\/image\\\/\",\"url\":\"https:\\\/\\\/www.webdo.tn\\\/fr\\\/wp-content\\\/uploads\\\/2025\\\/06\\\/Webdo-Tunisie_168377.jpg\",\"contentUrl\":\"https:\\\/\\\/www.webdo.tn\\\/fr\\\/wp-content\\\/uploads\\\/2025\\\/06\\\/Webdo-Tunisie_168377.jpg\",\"width\":301,\"height\":301,\"caption\":\"Webdo\"},\"image\":{\"@id\":\"https:\\\/\\\/www.webdo.tn\\\/fr\\\/#\\\/schema\\\/logo\\\/image\\\/\"},\"sameAs\":[\"https:\\\/\\\/www.facebook.com\\\/webdotn\",\"https:\\\/\\\/x.com\\\/webdo_tn\"],\"description\":\"Webdo est un m\u00e9dia num\u00e9rique tunisien fond\u00e9 en 2010, sp\u00e9cialis\u00e9 dans l\u2019actualit\u00e9 nationale et internationale, l\u2019\u00e9conomie, la soci\u00e9t\u00e9 et les analyses politiques. Le site s\u2019adresse \u00e0 un large public francophone et couvre l\u2019information tunisienne en temps r\u00e9el.\",\"email\":\"redac@webdo.tn\",\"legalName\":\"YNJ SARL\",\"foundingDate\":\"2010-09-06\",\"numberOfEmployees\":{\"@type\":\"QuantitativeValue\",\"minValue\":\"11\",\"maxValue\":\"50\"}},{\"@type\":\"Person\",\"@id\":\"https:\\\/\\\/www.webdo.tn\\\/fr\\\/#\\\/schema\\\/person\\\/2c4929cbf5a809e3bd38617c6ce150f6\",\"name\":\"MC\",\"image\":{\"@type\":\"ImageObject\",\"inLanguage\":\"fr-FR\",\"@id\":\"https:\\\/\\\/secure.gravatar.com\\\/avatar\\\/a545bbb6f84efdd5553dbbc2895e3ca8f1d12c5215e00a041c9670b54aa9b18a?s=96&d=mm&r=g\",\"url\":\"https:\\\/\\\/secure.gravatar.com\\\/avatar\\\/a545bbb6f84efdd5553dbbc2895e3ca8f1d12c5215e00a041c9670b54aa9b18a?s=96&d=mm&r=g\",\"contentUrl\":\"https:\\\/\\\/secure.gravatar.com\\\/avatar\\\/a545bbb6f84efdd5553dbbc2895e3ca8f1d12c5215e00a041c9670b54aa9b18a?s=96&d=mm&r=g\",\"caption\":\"MC\"},\"url\":\"https:\\\/\\\/www.webdo.tn\\\/fr\\\/actualite\\\/author\\\/mc\\\/\"}]}<\/script>\n<!-- \/ Yoast SEO Premium plugin. -->","yoast_head_json":{"title":"Tunisie : Le pr\u00eat du FMI d\u00e9caiss\u00e9 par tranches de 180 \u00e0 200 millions de dollars","description":"Le ministre de l\u2019Economie et de la Planification, Samir Saied est revenu, ce mardi 1er novembre 2022, sur l\u2019accord convenu avec le Fonds Mon\u00e9taire International...","canonical":"https:\/\/www.webdo.tn\/fr\/actualite\/national\/tunisie-le-pret-du-fmi-decaisse-par-tranches-de-180-a-200-millions-de-dollars\/198357\/","og_locale":"fr_FR","og_type":"article","og_title":"Tunisie : Le pr\u00eat du FMI d\u00e9caiss\u00e9 par tranches de 180 \u00e0 200 millions de dollars","og_description":"Le ministre de l\u2019Economie et de la Planification, Samir Saied est revenu, ce mardi 1er novembre 2022, sur l\u2019accord convenu avec le Fonds Mon\u00e9taire International...","og_url":"https:\/\/www.webdo.tn\/fr\/actualite\/national\/tunisie-le-pret-du-fmi-decaisse-par-tranches-de-180-a-200-millions-de-dollars\/198357\/","og_site_name":"webdo","article_publisher":"https:\/\/www.facebook.com\/webdotn","article_published_time":"2022-11-01T20:40:00+00:00","article_modified_time":"2025-05-20T22:05:06+00:00","og_image":[{"width":750,"height":400,"url":"https:\/\/www.webdo.tn\/fr\/wp-content\/uploads\/2022\/11\/60b43bfeed8fa1b036d0d2337e6bf04f.jpg","type":"image\/jpeg"}],"author":"MC","twitter_card":"summary_large_image","twitter_creator":"@webdo_tn","twitter_site":"@webdo_tn","twitter_misc":{"\u00c9crit par":"MC","Dur\u00e9e de lecture estim\u00e9e":"2 minutes"},"schema":{"@context":"https:\/\/schema.org","@graph":[{"@type":"NewsArticle","@id":"https:\/\/www.webdo.tn\/fr\/actualite\/national\/tunisie-le-pret-du-fmi-decaisse-par-tranches-de-180-a-200-millions-de-dollars\/198357\/#article","isPartOf":{"@id":"https:\/\/www.webdo.tn\/fr\/actualite\/national\/tunisie-le-pret-du-fmi-decaisse-par-tranches-de-180-a-200-millions-de-dollars\/198357\/"},"author":{"name":"MC","@id":"https:\/\/www.webdo.tn\/fr\/#\/schema\/person\/2c4929cbf5a809e3bd38617c6ce150f6"},"headline":"Tunisie : Le pr\u00eat du FMI d\u00e9caiss\u00e9 par tranches de 180 \u00e0 200 millions de dollars","datePublished":"2022-11-01T20:40:00+00:00","dateModified":"2025-05-20T22:05:06+00:00","mainEntityOfPage":{"@id":"https:\/\/www.webdo.tn\/fr\/actualite\/national\/tunisie-le-pret-du-fmi-decaisse-par-tranches-de-180-a-200-millions-de-dollars\/198357\/"},"wordCount":370,"commentCount":0,"publisher":{"@id":"https:\/\/www.webdo.tn\/fr\/#organization"},"image":{"@id":"https:\/\/www.webdo.tn\/fr\/actualite\/national\/tunisie-le-pret-du-fmi-decaisse-par-tranches-de-180-a-200-millions-de-dollars\/198357\/#primaryimage"},"thumbnailUrl":"https:\/\/www.webdo.tn\/fr\/wp-content\/uploads\/2022\/11\/60b43bfeed8fa1b036d0d2337e6bf04f.jpg","keywords":["FMI","pr\u00eat","r\u00e9formes","Tunisie"],"articleSection":["National"],"inLanguage":"fr-FR"},{"@type":"WebPage","@id":"https:\/\/www.webdo.tn\/fr\/actualite\/national\/tunisie-le-pret-du-fmi-decaisse-par-tranches-de-180-a-200-millions-de-dollars\/198357\/","url":"https:\/\/www.webdo.tn\/fr\/actualite\/national\/tunisie-le-pret-du-fmi-decaisse-par-tranches-de-180-a-200-millions-de-dollars\/198357\/","name":"Tunisie : Le pr\u00eat du FMI d\u00e9caiss\u00e9 par tranches de 180 \u00e0 200 millions de dollars","isPartOf":{"@id":"https:\/\/www.webdo.tn\/fr\/#website"},"primaryImageOfPage":{"@id":"https:\/\/www.webdo.tn\/fr\/actualite\/national\/tunisie-le-pret-du-fmi-decaisse-par-tranches-de-180-a-200-millions-de-dollars\/198357\/#primaryimage"},"image":{"@id":"https:\/\/www.webdo.tn\/fr\/actualite\/national\/tunisie-le-pret-du-fmi-decaisse-par-tranches-de-180-a-200-millions-de-dollars\/198357\/#primaryimage"},"thumbnailUrl":"https:\/\/www.webdo.tn\/fr\/wp-content\/uploads\/2022\/11\/60b43bfeed8fa1b036d0d2337e6bf04f.jpg","datePublished":"2022-11-01T20:40:00+00:00","dateModified":"2025-05-20T22:05:06+00:00","description":"Le ministre de l\u2019Economie et de la Planification, Samir Saied est revenu, ce mardi 1er novembre 2022, sur l\u2019accord convenu avec le Fonds Mon\u00e9taire International...","breadcrumb":{"@id":"https:\/\/www.webdo.tn\/fr\/actualite\/national\/tunisie-le-pret-du-fmi-decaisse-par-tranches-de-180-a-200-millions-de-dollars\/198357\/#breadcrumb"},"inLanguage":"fr-FR","potentialAction":[{"@type":"ReadAction","target":["https:\/\/www.webdo.tn\/fr\/actualite\/national\/tunisie-le-pret-du-fmi-decaisse-par-tranches-de-180-a-200-millions-de-dollars\/198357\/"]}]},{"@type":"ImageObject","inLanguage":"fr-FR","@id":"https:\/\/www.webdo.tn\/fr\/actualite\/national\/tunisie-le-pret-du-fmi-decaisse-par-tranches-de-180-a-200-millions-de-dollars\/198357\/#primaryimage","url":"https:\/\/www.webdo.tn\/fr\/wp-content\/uploads\/2022\/11\/60b43bfeed8fa1b036d0d2337e6bf04f.jpg","contentUrl":"https:\/\/www.webdo.tn\/fr\/wp-content\/uploads\/2022\/11\/60b43bfeed8fa1b036d0d2337e6bf04f.jpg","width":750,"height":400,"caption":"L\u2019accord entre le FMI et la Tunisie porte sur 1,9 milliard de dollars"},{"@type":"BreadcrumbList","@id":"https:\/\/www.webdo.tn\/fr\/actualite\/national\/tunisie-le-pret-du-fmi-decaisse-par-tranches-de-180-a-200-millions-de-dollars\/198357\/#breadcrumb","itemListElement":[{"@type":"ListItem","position":1,"name":"Accueil","item":"https:\/\/www.webdo.tn\/fr\/"},{"@type":"ListItem","position":2,"name":"Tunisie : Le pr\u00eat du FMI d\u00e9caiss\u00e9 par tranches de 180 \u00e0 200 millions de dollars"}]},{"@type":"WebSite","@id":"https:\/\/www.webdo.tn\/fr\/#website","url":"https:\/\/www.webdo.tn\/fr\/","name":"webdo","description":"Tunisie - News en Tunisie et \u00e0 l&#039;international sur Webdo.tn","publisher":{"@id":"https:\/\/www.webdo.tn\/fr\/#organization"},"potentialAction":[{"@type":"SearchAction","target":{"@type":"EntryPoint","urlTemplate":"https:\/\/www.webdo.tn\/fr\/?s={search_term_string}"},"query-input":{"@type":"PropertyValueSpecification","valueRequired":true,"valueName":"search_term_string"}}],"inLanguage":"fr-FR"},{"@type":"Organization","@id":"https:\/\/www.webdo.tn\/fr\/#organization","name":"Webdo","alternateName":"Webdo.tn","url":"https:\/\/www.webdo.tn\/fr\/","logo":{"@type":"ImageObject","inLanguage":"fr-FR","@id":"https:\/\/www.webdo.tn\/fr\/#\/schema\/logo\/image\/","url":"https:\/\/www.webdo.tn\/fr\/wp-content\/uploads\/2025\/06\/Webdo-Tunisie_168377.jpg","contentUrl":"https:\/\/www.webdo.tn\/fr\/wp-content\/uploads\/2025\/06\/Webdo-Tunisie_168377.jpg","width":301,"height":301,"caption":"Webdo"},"image":{"@id":"https:\/\/www.webdo.tn\/fr\/#\/schema\/logo\/image\/"},"sameAs":["https:\/\/www.facebook.com\/webdotn","https:\/\/x.com\/webdo_tn"],"description":"Webdo est un m\u00e9dia num\u00e9rique tunisien fond\u00e9 en 2010, sp\u00e9cialis\u00e9 dans l\u2019actualit\u00e9 nationale et internationale, l\u2019\u00e9conomie, la soci\u00e9t\u00e9 et les analyses politiques. Le site s\u2019adresse \u00e0 un large public francophone et couvre l\u2019information tunisienne en temps r\u00e9el.","email":"redac@webdo.tn","legalName":"YNJ SARL","foundingDate":"2010-09-06","numberOfEmployees":{"@type":"QuantitativeValue","minValue":"11","maxValue":"50"}},{"@type":"Person","@id":"https:\/\/www.webdo.tn\/fr\/#\/schema\/person\/2c4929cbf5a809e3bd38617c6ce150f6","name":"MC","image":{"@type":"ImageObject","inLanguage":"fr-FR","@id":"https:\/\/secure.gravatar.com\/avatar\/a545bbb6f84efdd5553dbbc2895e3ca8f1d12c5215e00a041c9670b54aa9b18a?s=96&d=mm&r=g","url":"https:\/\/secure.gravatar.com\/avatar\/a545bbb6f84efdd5553dbbc2895e3ca8f1d12c5215e00a041c9670b54aa9b18a?s=96&d=mm&r=g","contentUrl":"https:\/\/secure.gravatar.com\/avatar\/a545bbb6f84efdd5553dbbc2895e3ca8f1d12c5215e00a041c9670b54aa9b18a?s=96&d=mm&r=g","caption":"MC"},"url":"https:\/\/www.webdo.tn\/fr\/actualite\/author\/mc\/"}]}},"_links":{"self":[{"href":"https:\/\/www.webdo.tn\/fr\/wp-json\/wp\/v2\/posts\/198357","targetHints":{"allow":["GET"]}}],"collection":[{"href":"https:\/\/www.webdo.tn\/fr\/wp-json\/wp\/v2\/posts"}],"about":[{"href":"https:\/\/www.webdo.tn\/fr\/wp-json\/wp\/v2\/types\/post"}],"author":[{"embeddable":true,"href":"https:\/\/www.webdo.tn\/fr\/wp-json\/wp\/v2\/users\/3162"}],"replies":[{"embeddable":true,"href":"https:\/\/www.webdo.tn\/fr\/wp-json\/wp\/v2\/comments?post=198357"}],"version-history":[{"count":0,"href":"https:\/\/www.webdo.tn\/fr\/wp-json\/wp\/v2\/posts\/198357\/revisions"}],"wp:featuredmedia":[{"embeddable":true,"href":"https:\/\/www.webdo.tn\/fr\/wp-json\/wp\/v2\/media\/253399"}],"wp:attachment":[{"href":"https:\/\/www.webdo.tn\/fr\/wp-json\/wp\/v2\/media?parent=198357"}],"wp:term":[{"taxonomy":"category","embeddable":true,"href":"https:\/\/www.webdo.tn\/fr\/wp-json\/wp\/v2\/categories?post=198357"},{"taxonomy":"post_tag","embeddable":true,"href":"https:\/\/www.webdo.tn\/fr\/wp-json\/wp\/v2\/tags?post=198357"}],"curies":[{"name":"wp","href":"https:\/\/api.w.org\/{rel}","templated":true}]}}