{"id":198354,"date":"2022-11-01T20:05:00","date_gmt":"2022-11-01T20:05:00","guid":{"rendered":"https:\/\/www.webdo.tn\/fr\/blog\/affaire-namaa-tounes-hamadi-jebali-auditionne\/198354\/"},"modified":"2025-05-20T22:05:06","modified_gmt":"2025-05-20T22:05:06","slug":"affaire-namaa-tounes-hamadi-jebali-auditionne","status":"publish","type":"post","link":"https:\/\/www.webdo.tn\/fr\/actualite\/national\/affaire-namaa-tounes-hamadi-jebali-auditionne\/198354\/","title":{"rendered":"Affaire \u00ab\u00a0Namaa Tounes \u00a0\u00bb : Hamadi Jebali auditionn\u00e9"},"content":{"rendered":"<p>Le juge d&rsquo;instruction pr\u00e8s le p\u00f4le judiciaire de lutte contre le terrorisme a auditionn\u00e9, ce mardi 1er novembre 2022, l&rsquo;ancien chef du gouvernement, Hamadi Jebali dans l&rsquo;affaire dite de l&rsquo;association \u00ab\u00a0Namaa Tounes\u00a0\u00bb.<\/p>\n<p>\t\t\t\t\t\t\t\t\tEn marge de cet interrogatoire qui a dur\u00e9 six heures, le juge d&rsquo;instruction a d\u00e9cid\u00e9 de maintenir Hamadi Jebali en libert\u00e9.<\/p>\n<p>Dans une d\u00e9claration \u00e0 la TAP, Me Mokhtar Jema\u00ef, membre de son comit\u00e9 de d\u00e9fense, a indiqu\u00e9 que \u00ab\u00a0Hamadi Jebali avait comparu sur la base de la loi relative \u00e0 la lutte contre le terrorisme et \u00e0 la r\u00e9pression du blanchiment d&rsquo;argent\u00a0\u00bb, assurant que \u00ab\u00a0le dossier de son client ne contient aucune preuve pour \u00e9tablir sa culpabilit\u00e9 \u00ab\u00a0.<\/p>\n<p>Il a ajout\u00e9 que le maintien en libert\u00e9 de Hamadi Jebali ob\u00e9issait \u00e0 des justifications juridiques, en l&rsquo;absence de preuves qu&rsquo;une infraction ait \u00e9t\u00e9 commise.<\/p>\n<p>L&rsquo;avocat a, encore, fait savoir, que le juge d&rsquo;instruction avait auditionn\u00e9 auparavant d&rsquo;autres accus\u00e9s dans la m\u00eame affaire, et les avait maintenus en \u00e9tat de libert\u00e9, sans en pr\u00e9ciser l&rsquo;identit\u00e9 ou le nombre.<\/p>\n<p>Dans cette affaire, la liste des suspects interpell\u00e9s comprend notamment Hassen Meddeb, Omar Belkhiria, Adel Da\u00e2da\u00e2, Hamadi Jebali, Mohamed Khochlaf, Abdelkarim Slimane, Mouadh Ghannouchi et le gendre de Hamadi Jebali.<\/p>\n<p>Rappelons que conform\u00e9ment \u00e0 une d\u00e9cision de justice, les comptes bancaires et les avoirs de plusieurs personnes accus\u00e9es dans l\u2019affaire relative \u00e0 l\u2019association caritative Namaa Tounes, ont \u00e9t\u00e9 gel\u00e9s.<\/p>\n<p>La liste publi\u00e9e par la Commission tunisienne des analyses financi\u00e8res (Ctaf) \u00e9voque notamment le pr\u00e9sident du Mouvement Ennahdha Rached Ghannouchi, son fils Mouadh, sa fille Soumaya Ghannouchi et son gendre Rafik Abdessalem, l\u2019ancien chef du gouvernement Hamadi Jebali, ses deux filles et son \u00e9pouse, en plus d\u2019autres personnes.<\/p>\n<p>Rappelons \u00e9galement que 33 personnes dont Rached Ghannouchi ont \u00e9t\u00e9 officiellement accus\u00e9s dans cette affaire, d\u2019appartenance \u00e0 une organisation terroriste.<\/p>\n<p>Comment a d\u00e9but\u00e9 l&rsquo;affaire Namaa Tounes ? Le minist\u00e8re de l\u2019Int\u00e9rieur a rep\u00e9r\u00e9 des op\u00e9rations financi\u00e8res louches de la part d\u2019activistes au sein de l\u2019association \u00ab Namaa \u00bb, ainsi qu\u2019un important flux d\u2019argent au profit de cette association qui ne correspond pas \u00e0 la nature de ses activit\u00e9s telles que d\u00e9clar\u00e9es, cela en plus de soup\u00e7ons de blanchiment d\u2019argent.<\/p>\n<p>Dans un premier temps, trois personnes ont \u00e9t\u00e9 arr\u00eat\u00e9es et des ordinateurs, du mat\u00e9riel \u00e9lectronique et des relev\u00e9s bancaires ont \u00e9t\u00e9 de m\u00eame saisis.<\/p>\n<p>Par la suite, plusieurs personnalit\u00e9s ont \u00e9t\u00e9 inscrites sur la liste des recherch\u00e9s faisant l\u2019objet de poursuites judiciaires pour blanchiment d\u2019argent.<\/p>\n","protected":false},"excerpt":{"rendered":"<p>Le juge d&rsquo;instruction pr\u00e8s le p\u00f4le judiciaire de lutte contre le terrorisme a auditionn\u00e9, ce mardi 1er novembre 2022, l&rsquo;ancien chef du gouvernement, Hamadi Jeba&#8230;<\/p>\n","protected":false},"author":3162,"featured_media":253397,"comment_status":"open","ping_status":"closed","sticky":false,"template":"","format":"standard","meta":{"footnotes":""},"categories":[44],"tags":[3043,5332,2619,6661],"class_list":["post-198354","post","type-post","status-publish","format-standard","has-post-thumbnail","hentry","category-national","tag-audition","tag-hamadi-jebali","tag-justice","tag-namaa-tounes"],"yoast_head":"<!-- This site is optimized with the Yoast SEO Premium plugin v27.5 (Yoast SEO v27.5) - https:\/\/yoast.com\/product\/yoast-seo-premium-wordpress\/ -->\n<title>Affaire Namaa Tounes : Hamadi Jebali auditionn\u00e9<\/title>\n<meta name=\"description\" content=\"Le juge d&#039;instruction pr\u00e8s le p\u00f4le judiciaire de lutte contre le terrorisme a auditionn\u00e9, ce mardi 1er novembre 2022, l&#039;ancien chef du gouvernement, Hamadi Jeba...\" \/>\n<link rel=\"canonical\" href=\"https:\/\/www.webdo.tn\/fr\/actualite\/national\/affaire-namaa-tounes-hamadi-jebali-auditionne\/198354\/\" \/>\n<meta property=\"og:locale\" content=\"fr_FR\" \/>\n<meta property=\"og:type\" content=\"article\" \/>\n<meta property=\"og:title\" content=\"Affaire &quot;Namaa Tounes &quot; : Hamadi Jebali auditionn\u00e9\" \/>\n<meta property=\"og:description\" content=\"Le juge d&#039;instruction pr\u00e8s le p\u00f4le judiciaire de lutte contre le terrorisme a auditionn\u00e9, ce mardi 1er novembre 2022, l&#039;ancien chef du gouvernement, Hamadi Jeba...\" \/>\n<meta property=\"og:url\" content=\"https:\/\/www.webdo.tn\/fr\/actualite\/national\/affaire-namaa-tounes-hamadi-jebali-auditionne\/198354\/\" \/>\n<meta property=\"og:site_name\" content=\"webdo\" \/>\n<meta property=\"article:publisher\" content=\"https:\/\/www.facebook.com\/webdotn\" \/>\n<meta property=\"article:published_time\" content=\"2022-11-01T20:05:00+00:00\" \/>\n<meta property=\"article:modified_time\" content=\"2025-05-20T22:05:06+00:00\" \/>\n<meta property=\"og:image\" content=\"https:\/\/www.webdo.tn\/fr\/wp-content\/uploads\/2022\/11\/5ac2399b0e2511124c9b833432a4bba4.jpg\" \/>\n\t<meta property=\"og:image:width\" content=\"750\" \/>\n\t<meta property=\"og:image:height\" content=\"400\" \/>\n\t<meta property=\"og:image:type\" content=\"image\/jpeg\" \/>\n<meta name=\"author\" content=\"MC\" \/>\n<meta name=\"twitter:card\" content=\"summary_large_image\" \/>\n<meta name=\"twitter:creator\" content=\"@webdo_tn\" \/>\n<meta name=\"twitter:site\" content=\"@webdo_tn\" \/>\n<meta name=\"twitter:label1\" content=\"\u00c9crit par\" \/>\n\t<meta name=\"twitter:data1\" content=\"MC\" \/>\n\t<meta name=\"twitter:label2\" content=\"Dur\u00e9e de lecture estim\u00e9e\" \/>\n\t<meta name=\"twitter:data2\" content=\"2 minutes\" \/>\n<script type=\"application\/ld+json\" class=\"yoast-schema-graph\">{\"@context\":\"https:\\\/\\\/schema.org\",\"@graph\":[{\"@type\":\"NewsArticle\",\"@id\":\"https:\\\/\\\/www.webdo.tn\\\/fr\\\/actualite\\\/national\\\/affaire-namaa-tounes-hamadi-jebali-auditionne\\\/198354\\\/#article\",\"isPartOf\":{\"@id\":\"https:\\\/\\\/www.webdo.tn\\\/fr\\\/actualite\\\/national\\\/affaire-namaa-tounes-hamadi-jebali-auditionne\\\/198354\\\/\"},\"author\":{\"name\":\"MC\",\"@id\":\"https:\\\/\\\/www.webdo.tn\\\/fr\\\/#\\\/schema\\\/person\\\/2c4929cbf5a809e3bd38617c6ce150f6\"},\"headline\":\"Affaire \u00ab\u00a0Namaa Tounes \u00a0\u00bb : Hamadi Jebali auditionn\u00e9\",\"datePublished\":\"2022-11-01T20:05:00+00:00\",\"dateModified\":\"2025-05-20T22:05:06+00:00\",\"mainEntityOfPage\":{\"@id\":\"https:\\\/\\\/www.webdo.tn\\\/fr\\\/actualite\\\/national\\\/affaire-namaa-tounes-hamadi-jebali-auditionne\\\/198354\\\/\"},\"wordCount\":455,\"commentCount\":0,\"publisher\":{\"@id\":\"https:\\\/\\\/www.webdo.tn\\\/fr\\\/#organization\"},\"image\":{\"@id\":\"https:\\\/\\\/www.webdo.tn\\\/fr\\\/actualite\\\/national\\\/affaire-namaa-tounes-hamadi-jebali-auditionne\\\/198354\\\/#primaryimage\"},\"thumbnailUrl\":\"https:\\\/\\\/www.webdo.tn\\\/fr\\\/wp-content\\\/uploads\\\/2022\\\/11\\\/5ac2399b0e2511124c9b833432a4bba4.jpg\",\"keywords\":[\"audition\",\"hamadi jebali\",\"justice\",\"namaa tounes\"],\"articleSection\":[\"National\"],\"inLanguage\":\"fr-FR\"},{\"@type\":\"WebPage\",\"@id\":\"https:\\\/\\\/www.webdo.tn\\\/fr\\\/actualite\\\/national\\\/affaire-namaa-tounes-hamadi-jebali-auditionne\\\/198354\\\/\",\"url\":\"https:\\\/\\\/www.webdo.tn\\\/fr\\\/actualite\\\/national\\\/affaire-namaa-tounes-hamadi-jebali-auditionne\\\/198354\\\/\",\"name\":\"Affaire Namaa Tounes : Hamadi Jebali auditionn\u00e9\",\"isPartOf\":{\"@id\":\"https:\\\/\\\/www.webdo.tn\\\/fr\\\/#website\"},\"primaryImageOfPage\":{\"@id\":\"https:\\\/\\\/www.webdo.tn\\\/fr\\\/actualite\\\/national\\\/affaire-namaa-tounes-hamadi-jebali-auditionne\\\/198354\\\/#primaryimage\"},\"image\":{\"@id\":\"https:\\\/\\\/www.webdo.tn\\\/fr\\\/actualite\\\/national\\\/affaire-namaa-tounes-hamadi-jebali-auditionne\\\/198354\\\/#primaryimage\"},\"thumbnailUrl\":\"https:\\\/\\\/www.webdo.tn\\\/fr\\\/wp-content\\\/uploads\\\/2022\\\/11\\\/5ac2399b0e2511124c9b833432a4bba4.jpg\",\"datePublished\":\"2022-11-01T20:05:00+00:00\",\"dateModified\":\"2025-05-20T22:05:06+00:00\",\"description\":\"Le juge d'instruction pr\u00e8s le p\u00f4le judiciaire de lutte contre le terrorisme a auditionn\u00e9, ce mardi 1er novembre 2022, l'ancien chef du gouvernement, Hamadi Jeba...\",\"breadcrumb\":{\"@id\":\"https:\\\/\\\/www.webdo.tn\\\/fr\\\/actualite\\\/national\\\/affaire-namaa-tounes-hamadi-jebali-auditionne\\\/198354\\\/#breadcrumb\"},\"inLanguage\":\"fr-FR\",\"potentialAction\":[{\"@type\":\"ReadAction\",\"target\":[\"https:\\\/\\\/www.webdo.tn\\\/fr\\\/actualite\\\/national\\\/affaire-namaa-tounes-hamadi-jebali-auditionne\\\/198354\\\/\"]}]},{\"@type\":\"ImageObject\",\"inLanguage\":\"fr-FR\",\"@id\":\"https:\\\/\\\/www.webdo.tn\\\/fr\\\/actualite\\\/national\\\/affaire-namaa-tounes-hamadi-jebali-auditionne\\\/198354\\\/#primaryimage\",\"url\":\"https:\\\/\\\/www.webdo.tn\\\/fr\\\/wp-content\\\/uploads\\\/2022\\\/11\\\/5ac2399b0e2511124c9b833432a4bba4.jpg\",\"contentUrl\":\"https:\\\/\\\/www.webdo.tn\\\/fr\\\/wp-content\\\/uploads\\\/2022\\\/11\\\/5ac2399b0e2511124c9b833432a4bba4.jpg\",\"width\":750,\"height\":400,\"caption\":\"Hamadi Jebali\"},{\"@type\":\"BreadcrumbList\",\"@id\":\"https:\\\/\\\/www.webdo.tn\\\/fr\\\/actualite\\\/national\\\/affaire-namaa-tounes-hamadi-jebali-auditionne\\\/198354\\\/#breadcrumb\",\"itemListElement\":[{\"@type\":\"ListItem\",\"position\":1,\"name\":\"Accueil\",\"item\":\"https:\\\/\\\/www.webdo.tn\\\/fr\\\/\"},{\"@type\":\"ListItem\",\"position\":2,\"name\":\"Affaire &#8220;Namaa Tounes &#8221; : Hamadi Jebali auditionn\u00e9\"}]},{\"@type\":\"WebSite\",\"@id\":\"https:\\\/\\\/www.webdo.tn\\\/fr\\\/#website\",\"url\":\"https:\\\/\\\/www.webdo.tn\\\/fr\\\/\",\"name\":\"webdo\",\"description\":\"Tunisie - News en Tunisie et \u00e0 l&#039;international sur Webdo.tn\",\"publisher\":{\"@id\":\"https:\\\/\\\/www.webdo.tn\\\/fr\\\/#organization\"},\"potentialAction\":[{\"@type\":\"SearchAction\",\"target\":{\"@type\":\"EntryPoint\",\"urlTemplate\":\"https:\\\/\\\/www.webdo.tn\\\/fr\\\/?s={search_term_string}\"},\"query-input\":{\"@type\":\"PropertyValueSpecification\",\"valueRequired\":true,\"valueName\":\"search_term_string\"}}],\"inLanguage\":\"fr-FR\"},{\"@type\":\"Organization\",\"@id\":\"https:\\\/\\\/www.webdo.tn\\\/fr\\\/#organization\",\"name\":\"Webdo\",\"alternateName\":\"Webdo.tn\",\"url\":\"https:\\\/\\\/www.webdo.tn\\\/fr\\\/\",\"logo\":{\"@type\":\"ImageObject\",\"inLanguage\":\"fr-FR\",\"@id\":\"https:\\\/\\\/www.webdo.tn\\\/fr\\\/#\\\/schema\\\/logo\\\/image\\\/\",\"url\":\"https:\\\/\\\/www.webdo.tn\\\/fr\\\/wp-content\\\/uploads\\\/2025\\\/06\\\/Webdo-Tunisie_168377.jpg\",\"contentUrl\":\"https:\\\/\\\/www.webdo.tn\\\/fr\\\/wp-content\\\/uploads\\\/2025\\\/06\\\/Webdo-Tunisie_168377.jpg\",\"width\":301,\"height\":301,\"caption\":\"Webdo\"},\"image\":{\"@id\":\"https:\\\/\\\/www.webdo.tn\\\/fr\\\/#\\\/schema\\\/logo\\\/image\\\/\"},\"sameAs\":[\"https:\\\/\\\/www.facebook.com\\\/webdotn\",\"https:\\\/\\\/x.com\\\/webdo_tn\"],\"description\":\"Webdo est un m\u00e9dia num\u00e9rique tunisien fond\u00e9 en 2010, sp\u00e9cialis\u00e9 dans l\u2019actualit\u00e9 nationale et internationale, l\u2019\u00e9conomie, la soci\u00e9t\u00e9 et les analyses politiques. Le site s\u2019adresse \u00e0 un large public francophone et couvre l\u2019information tunisienne en temps r\u00e9el.\",\"email\":\"redac@webdo.tn\",\"legalName\":\"YNJ SARL\",\"foundingDate\":\"2010-09-06\",\"numberOfEmployees\":{\"@type\":\"QuantitativeValue\",\"minValue\":\"11\",\"maxValue\":\"50\"}},{\"@type\":\"Person\",\"@id\":\"https:\\\/\\\/www.webdo.tn\\\/fr\\\/#\\\/schema\\\/person\\\/2c4929cbf5a809e3bd38617c6ce150f6\",\"name\":\"MC\",\"image\":{\"@type\":\"ImageObject\",\"inLanguage\":\"fr-FR\",\"@id\":\"https:\\\/\\\/secure.gravatar.com\\\/avatar\\\/a545bbb6f84efdd5553dbbc2895e3ca8f1d12c5215e00a041c9670b54aa9b18a?s=96&d=mm&r=g\",\"url\":\"https:\\\/\\\/secure.gravatar.com\\\/avatar\\\/a545bbb6f84efdd5553dbbc2895e3ca8f1d12c5215e00a041c9670b54aa9b18a?s=96&d=mm&r=g\",\"contentUrl\":\"https:\\\/\\\/secure.gravatar.com\\\/avatar\\\/a545bbb6f84efdd5553dbbc2895e3ca8f1d12c5215e00a041c9670b54aa9b18a?s=96&d=mm&r=g\",\"caption\":\"MC\"},\"url\":\"https:\\\/\\\/www.webdo.tn\\\/fr\\\/actualite\\\/author\\\/mc\\\/\"}]}<\/script>\n<!-- \/ Yoast SEO Premium plugin. -->","yoast_head_json":{"title":"Affaire Namaa Tounes : Hamadi Jebali auditionn\u00e9","description":"Le juge d'instruction pr\u00e8s le p\u00f4le judiciaire de lutte contre le terrorisme a auditionn\u00e9, ce mardi 1er novembre 2022, l'ancien chef du gouvernement, Hamadi Jeba...","canonical":"https:\/\/www.webdo.tn\/fr\/actualite\/national\/affaire-namaa-tounes-hamadi-jebali-auditionne\/198354\/","og_locale":"fr_FR","og_type":"article","og_title":"Affaire \"Namaa Tounes \" : Hamadi Jebali auditionn\u00e9","og_description":"Le juge d'instruction pr\u00e8s le p\u00f4le judiciaire de lutte contre le terrorisme a auditionn\u00e9, ce mardi 1er novembre 2022, l'ancien chef du gouvernement, Hamadi Jeba...","og_url":"https:\/\/www.webdo.tn\/fr\/actualite\/national\/affaire-namaa-tounes-hamadi-jebali-auditionne\/198354\/","og_site_name":"webdo","article_publisher":"https:\/\/www.facebook.com\/webdotn","article_published_time":"2022-11-01T20:05:00+00:00","article_modified_time":"2025-05-20T22:05:06+00:00","og_image":[{"width":750,"height":400,"url":"https:\/\/www.webdo.tn\/fr\/wp-content\/uploads\/2022\/11\/5ac2399b0e2511124c9b833432a4bba4.jpg","type":"image\/jpeg"}],"author":"MC","twitter_card":"summary_large_image","twitter_creator":"@webdo_tn","twitter_site":"@webdo_tn","twitter_misc":{"\u00c9crit par":"MC","Dur\u00e9e de lecture estim\u00e9e":"2 minutes"},"schema":{"@context":"https:\/\/schema.org","@graph":[{"@type":"NewsArticle","@id":"https:\/\/www.webdo.tn\/fr\/actualite\/national\/affaire-namaa-tounes-hamadi-jebali-auditionne\/198354\/#article","isPartOf":{"@id":"https:\/\/www.webdo.tn\/fr\/actualite\/national\/affaire-namaa-tounes-hamadi-jebali-auditionne\/198354\/"},"author":{"name":"MC","@id":"https:\/\/www.webdo.tn\/fr\/#\/schema\/person\/2c4929cbf5a809e3bd38617c6ce150f6"},"headline":"Affaire \u00ab\u00a0Namaa Tounes \u00a0\u00bb : Hamadi Jebali auditionn\u00e9","datePublished":"2022-11-01T20:05:00+00:00","dateModified":"2025-05-20T22:05:06+00:00","mainEntityOfPage":{"@id":"https:\/\/www.webdo.tn\/fr\/actualite\/national\/affaire-namaa-tounes-hamadi-jebali-auditionne\/198354\/"},"wordCount":455,"commentCount":0,"publisher":{"@id":"https:\/\/www.webdo.tn\/fr\/#organization"},"image":{"@id":"https:\/\/www.webdo.tn\/fr\/actualite\/national\/affaire-namaa-tounes-hamadi-jebali-auditionne\/198354\/#primaryimage"},"thumbnailUrl":"https:\/\/www.webdo.tn\/fr\/wp-content\/uploads\/2022\/11\/5ac2399b0e2511124c9b833432a4bba4.jpg","keywords":["audition","hamadi jebali","justice","namaa tounes"],"articleSection":["National"],"inLanguage":"fr-FR"},{"@type":"WebPage","@id":"https:\/\/www.webdo.tn\/fr\/actualite\/national\/affaire-namaa-tounes-hamadi-jebali-auditionne\/198354\/","url":"https:\/\/www.webdo.tn\/fr\/actualite\/national\/affaire-namaa-tounes-hamadi-jebali-auditionne\/198354\/","name":"Affaire Namaa Tounes : Hamadi Jebali auditionn\u00e9","isPartOf":{"@id":"https:\/\/www.webdo.tn\/fr\/#website"},"primaryImageOfPage":{"@id":"https:\/\/www.webdo.tn\/fr\/actualite\/national\/affaire-namaa-tounes-hamadi-jebali-auditionne\/198354\/#primaryimage"},"image":{"@id":"https:\/\/www.webdo.tn\/fr\/actualite\/national\/affaire-namaa-tounes-hamadi-jebali-auditionne\/198354\/#primaryimage"},"thumbnailUrl":"https:\/\/www.webdo.tn\/fr\/wp-content\/uploads\/2022\/11\/5ac2399b0e2511124c9b833432a4bba4.jpg","datePublished":"2022-11-01T20:05:00+00:00","dateModified":"2025-05-20T22:05:06+00:00","description":"Le juge d'instruction pr\u00e8s le p\u00f4le judiciaire de lutte contre le terrorisme a auditionn\u00e9, ce mardi 1er novembre 2022, l'ancien chef du gouvernement, Hamadi Jeba...","breadcrumb":{"@id":"https:\/\/www.webdo.tn\/fr\/actualite\/national\/affaire-namaa-tounes-hamadi-jebali-auditionne\/198354\/#breadcrumb"},"inLanguage":"fr-FR","potentialAction":[{"@type":"ReadAction","target":["https:\/\/www.webdo.tn\/fr\/actualite\/national\/affaire-namaa-tounes-hamadi-jebali-auditionne\/198354\/"]}]},{"@type":"ImageObject","inLanguage":"fr-FR","@id":"https:\/\/www.webdo.tn\/fr\/actualite\/national\/affaire-namaa-tounes-hamadi-jebali-auditionne\/198354\/#primaryimage","url":"https:\/\/www.webdo.tn\/fr\/wp-content\/uploads\/2022\/11\/5ac2399b0e2511124c9b833432a4bba4.jpg","contentUrl":"https:\/\/www.webdo.tn\/fr\/wp-content\/uploads\/2022\/11\/5ac2399b0e2511124c9b833432a4bba4.jpg","width":750,"height":400,"caption":"Hamadi Jebali"},{"@type":"BreadcrumbList","@id":"https:\/\/www.webdo.tn\/fr\/actualite\/national\/affaire-namaa-tounes-hamadi-jebali-auditionne\/198354\/#breadcrumb","itemListElement":[{"@type":"ListItem","position":1,"name":"Accueil","item":"https:\/\/www.webdo.tn\/fr\/"},{"@type":"ListItem","position":2,"name":"Affaire &#8220;Namaa Tounes &#8221; : Hamadi Jebali auditionn\u00e9"}]},{"@type":"WebSite","@id":"https:\/\/www.webdo.tn\/fr\/#website","url":"https:\/\/www.webdo.tn\/fr\/","name":"webdo","description":"Tunisie - News en Tunisie et \u00e0 l&#039;international sur Webdo.tn","publisher":{"@id":"https:\/\/www.webdo.tn\/fr\/#organization"},"potentialAction":[{"@type":"SearchAction","target":{"@type":"EntryPoint","urlTemplate":"https:\/\/www.webdo.tn\/fr\/?s={search_term_string}"},"query-input":{"@type":"PropertyValueSpecification","valueRequired":true,"valueName":"search_term_string"}}],"inLanguage":"fr-FR"},{"@type":"Organization","@id":"https:\/\/www.webdo.tn\/fr\/#organization","name":"Webdo","alternateName":"Webdo.tn","url":"https:\/\/www.webdo.tn\/fr\/","logo":{"@type":"ImageObject","inLanguage":"fr-FR","@id":"https:\/\/www.webdo.tn\/fr\/#\/schema\/logo\/image\/","url":"https:\/\/www.webdo.tn\/fr\/wp-content\/uploads\/2025\/06\/Webdo-Tunisie_168377.jpg","contentUrl":"https:\/\/www.webdo.tn\/fr\/wp-content\/uploads\/2025\/06\/Webdo-Tunisie_168377.jpg","width":301,"height":301,"caption":"Webdo"},"image":{"@id":"https:\/\/www.webdo.tn\/fr\/#\/schema\/logo\/image\/"},"sameAs":["https:\/\/www.facebook.com\/webdotn","https:\/\/x.com\/webdo_tn"],"description":"Webdo est un m\u00e9dia num\u00e9rique tunisien fond\u00e9 en 2010, sp\u00e9cialis\u00e9 dans l\u2019actualit\u00e9 nationale et internationale, l\u2019\u00e9conomie, la soci\u00e9t\u00e9 et les analyses politiques. Le site s\u2019adresse \u00e0 un large public francophone et couvre l\u2019information tunisienne en temps r\u00e9el.","email":"redac@webdo.tn","legalName":"YNJ SARL","foundingDate":"2010-09-06","numberOfEmployees":{"@type":"QuantitativeValue","minValue":"11","maxValue":"50"}},{"@type":"Person","@id":"https:\/\/www.webdo.tn\/fr\/#\/schema\/person\/2c4929cbf5a809e3bd38617c6ce150f6","name":"MC","image":{"@type":"ImageObject","inLanguage":"fr-FR","@id":"https:\/\/secure.gravatar.com\/avatar\/a545bbb6f84efdd5553dbbc2895e3ca8f1d12c5215e00a041c9670b54aa9b18a?s=96&d=mm&r=g","url":"https:\/\/secure.gravatar.com\/avatar\/a545bbb6f84efdd5553dbbc2895e3ca8f1d12c5215e00a041c9670b54aa9b18a?s=96&d=mm&r=g","contentUrl":"https:\/\/secure.gravatar.com\/avatar\/a545bbb6f84efdd5553dbbc2895e3ca8f1d12c5215e00a041c9670b54aa9b18a?s=96&d=mm&r=g","caption":"MC"},"url":"https:\/\/www.webdo.tn\/fr\/actualite\/author\/mc\/"}]}},"_links":{"self":[{"href":"https:\/\/www.webdo.tn\/fr\/wp-json\/wp\/v2\/posts\/198354","targetHints":{"allow":["GET"]}}],"collection":[{"href":"https:\/\/www.webdo.tn\/fr\/wp-json\/wp\/v2\/posts"}],"about":[{"href":"https:\/\/www.webdo.tn\/fr\/wp-json\/wp\/v2\/types\/post"}],"author":[{"embeddable":true,"href":"https:\/\/www.webdo.tn\/fr\/wp-json\/wp\/v2\/users\/3162"}],"replies":[{"embeddable":true,"href":"https:\/\/www.webdo.tn\/fr\/wp-json\/wp\/v2\/comments?post=198354"}],"version-history":[{"count":0,"href":"https:\/\/www.webdo.tn\/fr\/wp-json\/wp\/v2\/posts\/198354\/revisions"}],"wp:featuredmedia":[{"embeddable":true,"href":"https:\/\/www.webdo.tn\/fr\/wp-json\/wp\/v2\/media\/253397"}],"wp:attachment":[{"href":"https:\/\/www.webdo.tn\/fr\/wp-json\/wp\/v2\/media?parent=198354"}],"wp:term":[{"taxonomy":"category","embeddable":true,"href":"https:\/\/www.webdo.tn\/fr\/wp-json\/wp\/v2\/categories?post=198354"},{"taxonomy":"post_tag","embeddable":true,"href":"https:\/\/www.webdo.tn\/fr\/wp-json\/wp\/v2\/tags?post=198354"}],"curies":[{"name":"wp","href":"https:\/\/api.w.org\/{rel}","templated":true}]}}