{"id":198327,"date":"2022-11-01T11:15:00","date_gmt":"2022-11-01T11:15:00","guid":{"rendered":"https:\/\/www.webdo.tn\/fr\/actualite\/blog\/les-enseignants-suppleants-rejettent-les-propositions-du-ministere-de-l-education\/198327\/"},"modified":"2025-05-22T11:45:59","modified_gmt":"2025-05-22T11:45:59","slug":"les-enseignants-suppleants-rejettent-les-propositions-du-ministere-de-l-education","status":"publish","type":"post","link":"https:\/\/www.webdo.tn\/fr\/actualite\/national\/les-enseignants-suppleants-rejettent-les-propositions-du-ministere-de-l-education\/198327\/","title":{"rendered":"Les enseignants suppl\u00e9ants rejettent les propositions du minist\u00e8re de l\u2019Education"},"content":{"rendered":"<p>Les enseignants suppl\u00e9ants ont organis\u00e9, ce mardi 1er novembre 2022, un rassemblement de protestation devant le minist\u00e8re de l\u2019Education, sur appel de la F\u00e9d\u00e9ration g\u00e9n\u00e9rale de l&rsquo;enseignement de base.<\/p>\n<p> Ils revendiquent la r\u00e9gularisation de leurs situations d&rsquo;une mani\u00e8re d\u00e9finitive.<\/p>\n<p>Dans ce cadre, le secr\u00e9taire g\u00e9n\u00e9ral adjoint de la F\u00e9d\u00e9ration g\u00e9n\u00e9rale de l&rsquo;enseignement de base, Ikbel Azzabi a affirm\u00e9 que le syndicat a rejet\u00e9 les propositions du ministre de l\u2019Education, visant \u00e0 r\u00e9duire la dur\u00e9e du contrat de 4 ans \u00e0 3 ans.<\/p>\n","protected":false},"excerpt":{"rendered":"<p>Les enseignants suppl\u00e9ants ont organis\u00e9, ce mardi 1er novembre 2022, un rassemblement de protestation devant le minist\u00e8re de l\u2019Education, sur appel de la F\u00e9d\u00e9ra&#8230;<\/p>\n","protected":false},"author":3169,"featured_media":348679,"comment_status":"open","ping_status":"closed","sticky":false,"template":"","format":"standard","meta":{"footnotes":""},"categories":[44],"tags":[4458,9042,3532],"class_list":["post-198327","post","type-post","status-publish","format-standard","has-post-thumbnail","hentry","category-national","tag-enseignants-suppleants","tag-federation-generale-de-lenseignement-de-base","tag-ministere-de-leducation"],"yoast_head":"<!-- This site is optimized with the Yoast SEO Premium plugin v27.5 (Yoast SEO v27.5) - https:\/\/yoast.com\/product\/yoast-seo-premium-wordpress\/ -->\n<title>Les enseignants suppl\u00e9ants rejettent les propositions du minist\u00e8re de l\u2019Education<\/title>\n<meta name=\"description\" content=\"Les enseignants suppl\u00e9ants ont organis\u00e9, ce mardi 1er novembre 2022, un rassemblement de protestation devant le minist\u00e8re de l\u2019Education, sur appel de la F\u00e9d\u00e9ra...\" \/>\n<link rel=\"canonical\" href=\"https:\/\/www.webdo.tn\/fr\/actualite\/national-45\/les-enseignants-suppleants-rejettent-les-propositions-du-ministere-de-l-education\/198327\/\" \/>\n<meta property=\"og:locale\" content=\"fr_FR\" \/>\n<meta property=\"og:type\" content=\"article\" \/>\n<meta property=\"og:title\" content=\"Les enseignants suppl\u00e9ants rejettent les propositions du minist\u00e8re de l\u2019Education\" \/>\n<meta property=\"og:description\" content=\"Les enseignants suppl\u00e9ants ont organis\u00e9, ce mardi 1er novembre 2022, un rassemblement de protestation devant le minist\u00e8re de l\u2019Education, sur appel de la F\u00e9d\u00e9ra...\" \/>\n<meta property=\"og:url\" content=\"https:\/\/www.webdo.tn\/fr\/actualite\/national-45\/les-enseignants-suppleants-rejettent-les-propositions-du-ministere-de-l-education\/198327\/\" \/>\n<meta property=\"og:site_name\" content=\"webdo\" \/>\n<meta property=\"article:publisher\" content=\"https:\/\/www.facebook.com\/webdotn\" \/>\n<meta property=\"article:published_time\" content=\"2022-11-01T11:15:00+00:00\" \/>\n<meta property=\"article:modified_time\" content=\"2025-05-22T11:45:59+00:00\" \/>\n<meta property=\"og:image\" content=\"https:\/\/www.webdo.tn\/fr\/wp-content\/uploads\/2022\/11\/52faa26fb3fbc04921f0083c43145a59.jpg\" \/>\n\t<meta property=\"og:image:width\" content=\"750\" \/>\n\t<meta property=\"og:image:height\" content=\"400\" \/>\n\t<meta property=\"og:image:type\" content=\"image\/jpeg\" \/>\n<meta name=\"author\" content=\"Webdo\" \/>\n<meta name=\"twitter:card\" content=\"summary_large_image\" \/>\n<meta name=\"twitter:creator\" content=\"@webdo_tn\" \/>\n<meta name=\"twitter:site\" content=\"@webdo_tn\" \/>\n<meta name=\"twitter:label1\" content=\"\u00c9crit par\" \/>\n\t<meta name=\"twitter:data1\" content=\"Webdo\" \/>\n<script type=\"application\/ld+json\" class=\"yoast-schema-graph\">{\"@context\":\"https:\\\/\\\/schema.org\",\"@graph\":[{\"@type\":\"NewsArticle\",\"@id\":\"https:\\\/\\\/www.webdo.tn\\\/fr\\\/actualite\\\/national-45\\\/les-enseignants-suppleants-rejettent-les-propositions-du-ministere-de-l-education\\\/198327\\\/#article\",\"isPartOf\":{\"@id\":\"https:\\\/\\\/www.webdo.tn\\\/fr\\\/actualite\\\/national-45\\\/les-enseignants-suppleants-rejettent-les-propositions-du-ministere-de-l-education\\\/198327\\\/\"},\"author\":{\"name\":\"Webdo\",\"@id\":\"https:\\\/\\\/www.webdo.tn\\\/fr\\\/#\\\/schema\\\/person\\\/1f4e491e0907b413d61089e8eb573acc\"},\"headline\":\"Les enseignants suppl\u00e9ants rejettent les propositions du minist\u00e8re de l\u2019Education\",\"datePublished\":\"2022-11-01T11:15:00+00:00\",\"dateModified\":\"2025-05-22T11:45:59+00:00\",\"mainEntityOfPage\":{\"@id\":\"https:\\\/\\\/www.webdo.tn\\\/fr\\\/actualite\\\/national-45\\\/les-enseignants-suppleants-rejettent-les-propositions-du-ministere-de-l-education\\\/198327\\\/\"},\"wordCount\":113,\"commentCount\":0,\"publisher\":{\"@id\":\"https:\\\/\\\/www.webdo.tn\\\/fr\\\/#organization\"},\"image\":{\"@id\":\"https:\\\/\\\/www.webdo.tn\\\/fr\\\/actualite\\\/national-45\\\/les-enseignants-suppleants-rejettent-les-propositions-du-ministere-de-l-education\\\/198327\\\/#primaryimage\"},\"thumbnailUrl\":\"https:\\\/\\\/www.webdo.tn\\\/fr\\\/wp-content\\\/uploads\\\/2022\\\/11\\\/52faa26fb3fbc04921f0083c43145a59.jpg\",\"keywords\":[\"enseignants suppl\u00e9ants\",\"F\u00e9d\u00e9ration g\u00e9n\u00e9rale de l'enseignement de base\",\"minist\u00e8re de l'Education\"],\"articleSection\":[\"National\"],\"inLanguage\":\"fr-FR\"},{\"@type\":\"WebPage\",\"@id\":\"https:\\\/\\\/www.webdo.tn\\\/fr\\\/actualite\\\/national-45\\\/les-enseignants-suppleants-rejettent-les-propositions-du-ministere-de-l-education\\\/198327\\\/\",\"url\":\"https:\\\/\\\/www.webdo.tn\\\/fr\\\/actualite\\\/national-45\\\/les-enseignants-suppleants-rejettent-les-propositions-du-ministere-de-l-education\\\/198327\\\/\",\"name\":\"Les enseignants suppl\u00e9ants rejettent les propositions du minist\u00e8re de l\u2019Education\",\"isPartOf\":{\"@id\":\"https:\\\/\\\/www.webdo.tn\\\/fr\\\/#website\"},\"primaryImageOfPage\":{\"@id\":\"https:\\\/\\\/www.webdo.tn\\\/fr\\\/actualite\\\/national-45\\\/les-enseignants-suppleants-rejettent-les-propositions-du-ministere-de-l-education\\\/198327\\\/#primaryimage\"},\"image\":{\"@id\":\"https:\\\/\\\/www.webdo.tn\\\/fr\\\/actualite\\\/national-45\\\/les-enseignants-suppleants-rejettent-les-propositions-du-ministere-de-l-education\\\/198327\\\/#primaryimage\"},\"thumbnailUrl\":\"https:\\\/\\\/www.webdo.tn\\\/fr\\\/wp-content\\\/uploads\\\/2022\\\/11\\\/52faa26fb3fbc04921f0083c43145a59.jpg\",\"datePublished\":\"2022-11-01T11:15:00+00:00\",\"dateModified\":\"2025-05-22T11:45:59+00:00\",\"description\":\"Les enseignants suppl\u00e9ants ont organis\u00e9, ce mardi 1er novembre 2022, un rassemblement de protestation devant le minist\u00e8re de l\u2019Education, sur appel de la F\u00e9d\u00e9ra...\",\"breadcrumb\":{\"@id\":\"https:\\\/\\\/www.webdo.tn\\\/fr\\\/actualite\\\/national-45\\\/les-enseignants-suppleants-rejettent-les-propositions-du-ministere-de-l-education\\\/198327\\\/#breadcrumb\"},\"inLanguage\":\"fr-FR\",\"potentialAction\":[{\"@type\":\"ReadAction\",\"target\":[\"https:\\\/\\\/www.webdo.tn\\\/fr\\\/actualite\\\/national-45\\\/les-enseignants-suppleants-rejettent-les-propositions-du-ministere-de-l-education\\\/198327\\\/\"]}]},{\"@type\":\"ImageObject\",\"inLanguage\":\"fr-FR\",\"@id\":\"https:\\\/\\\/www.webdo.tn\\\/fr\\\/actualite\\\/national-45\\\/les-enseignants-suppleants-rejettent-les-propositions-du-ministere-de-l-education\\\/198327\\\/#primaryimage\",\"url\":\"https:\\\/\\\/www.webdo.tn\\\/fr\\\/wp-content\\\/uploads\\\/2022\\\/11\\\/52faa26fb3fbc04921f0083c43145a59.jpg\",\"contentUrl\":\"https:\\\/\\\/www.webdo.tn\\\/fr\\\/wp-content\\\/uploads\\\/2022\\\/11\\\/52faa26fb3fbc04921f0083c43145a59.jpg\",\"width\":750,\"height\":400,\"caption\":\"enseignants suppl\u00e9ants\"},{\"@type\":\"BreadcrumbList\",\"@id\":\"https:\\\/\\\/www.webdo.tn\\\/fr\\\/actualite\\\/national-45\\\/les-enseignants-suppleants-rejettent-les-propositions-du-ministere-de-l-education\\\/198327\\\/#breadcrumb\",\"itemListElement\":[{\"@type\":\"ListItem\",\"position\":1,\"name\":\"Accueil\",\"item\":\"https:\\\/\\\/www.webdo.tn\\\/fr\\\/\"},{\"@type\":\"ListItem\",\"position\":2,\"name\":\"Les enseignants suppl\u00e9ants rejettent les propositions du minist\u00e8re de l\u2019Education\"}]},{\"@type\":\"WebSite\",\"@id\":\"https:\\\/\\\/www.webdo.tn\\\/fr\\\/#website\",\"url\":\"https:\\\/\\\/www.webdo.tn\\\/fr\\\/\",\"name\":\"webdo\",\"description\":\"Tunisie - News en Tunisie et \u00e0 l&#039;international sur Webdo.tn\",\"publisher\":{\"@id\":\"https:\\\/\\\/www.webdo.tn\\\/fr\\\/#organization\"},\"potentialAction\":[{\"@type\":\"SearchAction\",\"target\":{\"@type\":\"EntryPoint\",\"urlTemplate\":\"https:\\\/\\\/www.webdo.tn\\\/fr\\\/?s={search_term_string}\"},\"query-input\":{\"@type\":\"PropertyValueSpecification\",\"valueRequired\":true,\"valueName\":\"search_term_string\"}}],\"inLanguage\":\"fr-FR\"},{\"@type\":\"Organization\",\"@id\":\"https:\\\/\\\/www.webdo.tn\\\/fr\\\/#organization\",\"name\":\"Webdo\",\"alternateName\":\"Webdo.tn\",\"url\":\"https:\\\/\\\/www.webdo.tn\\\/fr\\\/\",\"logo\":{\"@type\":\"ImageObject\",\"inLanguage\":\"fr-FR\",\"@id\":\"https:\\\/\\\/www.webdo.tn\\\/fr\\\/#\\\/schema\\\/logo\\\/image\\\/\",\"url\":\"https:\\\/\\\/www.webdo.tn\\\/fr\\\/wp-content\\\/uploads\\\/2025\\\/06\\\/Webdo-Tunisie_168377.jpg\",\"contentUrl\":\"https:\\\/\\\/www.webdo.tn\\\/fr\\\/wp-content\\\/uploads\\\/2025\\\/06\\\/Webdo-Tunisie_168377.jpg\",\"width\":301,\"height\":301,\"caption\":\"Webdo\"},\"image\":{\"@id\":\"https:\\\/\\\/www.webdo.tn\\\/fr\\\/#\\\/schema\\\/logo\\\/image\\\/\"},\"sameAs\":[\"https:\\\/\\\/www.facebook.com\\\/webdotn\",\"https:\\\/\\\/x.com\\\/webdo_tn\"],\"description\":\"Webdo est un m\u00e9dia num\u00e9rique tunisien fond\u00e9 en 2010, sp\u00e9cialis\u00e9 dans l\u2019actualit\u00e9 nationale et internationale, l\u2019\u00e9conomie, la soci\u00e9t\u00e9 et les analyses politiques. Le site s\u2019adresse \u00e0 un large public francophone et couvre l\u2019information tunisienne en temps r\u00e9el.\",\"email\":\"redac@webdo.tn\",\"legalName\":\"YNJ SARL\",\"foundingDate\":\"2010-09-06\",\"numberOfEmployees\":{\"@type\":\"QuantitativeValue\",\"minValue\":\"11\",\"maxValue\":\"50\"}},{\"@type\":\"Person\",\"@id\":\"https:\\\/\\\/www.webdo.tn\\\/fr\\\/#\\\/schema\\\/person\\\/1f4e491e0907b413d61089e8eb573acc\",\"name\":\"Webdo\",\"image\":{\"@type\":\"ImageObject\",\"inLanguage\":\"fr-FR\",\"@id\":\"https:\\\/\\\/secure.gravatar.com\\\/avatar\\\/de97aeec1bb80978a9dbb127e47dfc88aaacb2f3c29aac907d8d3222e3495d49?s=96&d=mm&r=g\",\"url\":\"https:\\\/\\\/secure.gravatar.com\\\/avatar\\\/de97aeec1bb80978a9dbb127e47dfc88aaacb2f3c29aac907d8d3222e3495d49?s=96&d=mm&r=g\",\"contentUrl\":\"https:\\\/\\\/secure.gravatar.com\\\/avatar\\\/de97aeec1bb80978a9dbb127e47dfc88aaacb2f3c29aac907d8d3222e3495d49?s=96&d=mm&r=g\",\"caption\":\"Webdo\"},\"url\":\"https:\\\/\\\/www.webdo.tn\\\/fr\\\/actualite\\\/author\\\/webdo\\\/\"}]}<\/script>\n<!-- \/ Yoast SEO Premium plugin. -->","yoast_head_json":{"title":"Les enseignants suppl\u00e9ants rejettent les propositions du minist\u00e8re de l\u2019Education","description":"Les enseignants suppl\u00e9ants ont organis\u00e9, ce mardi 1er novembre 2022, un rassemblement de protestation devant le minist\u00e8re de l\u2019Education, sur appel de la F\u00e9d\u00e9ra...","canonical":"https:\/\/www.webdo.tn\/fr\/actualite\/national-45\/les-enseignants-suppleants-rejettent-les-propositions-du-ministere-de-l-education\/198327\/","og_locale":"fr_FR","og_type":"article","og_title":"Les enseignants suppl\u00e9ants rejettent les propositions du minist\u00e8re de l\u2019Education","og_description":"Les enseignants suppl\u00e9ants ont organis\u00e9, ce mardi 1er novembre 2022, un rassemblement de protestation devant le minist\u00e8re de l\u2019Education, sur appel de la F\u00e9d\u00e9ra...","og_url":"https:\/\/www.webdo.tn\/fr\/actualite\/national-45\/les-enseignants-suppleants-rejettent-les-propositions-du-ministere-de-l-education\/198327\/","og_site_name":"webdo","article_publisher":"https:\/\/www.facebook.com\/webdotn","article_published_time":"2022-11-01T11:15:00+00:00","article_modified_time":"2025-05-22T11:45:59+00:00","og_image":[{"width":750,"height":400,"url":"https:\/\/www.webdo.tn\/fr\/wp-content\/uploads\/2022\/11\/52faa26fb3fbc04921f0083c43145a59.jpg","type":"image\/jpeg"}],"author":"Webdo","twitter_card":"summary_large_image","twitter_creator":"@webdo_tn","twitter_site":"@webdo_tn","twitter_misc":{"\u00c9crit par":"Webdo"},"schema":{"@context":"https:\/\/schema.org","@graph":[{"@type":"NewsArticle","@id":"https:\/\/www.webdo.tn\/fr\/actualite\/national-45\/les-enseignants-suppleants-rejettent-les-propositions-du-ministere-de-l-education\/198327\/#article","isPartOf":{"@id":"https:\/\/www.webdo.tn\/fr\/actualite\/national-45\/les-enseignants-suppleants-rejettent-les-propositions-du-ministere-de-l-education\/198327\/"},"author":{"name":"Webdo","@id":"https:\/\/www.webdo.tn\/fr\/#\/schema\/person\/1f4e491e0907b413d61089e8eb573acc"},"headline":"Les enseignants suppl\u00e9ants rejettent les propositions du minist\u00e8re de l\u2019Education","datePublished":"2022-11-01T11:15:00+00:00","dateModified":"2025-05-22T11:45:59+00:00","mainEntityOfPage":{"@id":"https:\/\/www.webdo.tn\/fr\/actualite\/national-45\/les-enseignants-suppleants-rejettent-les-propositions-du-ministere-de-l-education\/198327\/"},"wordCount":113,"commentCount":0,"publisher":{"@id":"https:\/\/www.webdo.tn\/fr\/#organization"},"image":{"@id":"https:\/\/www.webdo.tn\/fr\/actualite\/national-45\/les-enseignants-suppleants-rejettent-les-propositions-du-ministere-de-l-education\/198327\/#primaryimage"},"thumbnailUrl":"https:\/\/www.webdo.tn\/fr\/wp-content\/uploads\/2022\/11\/52faa26fb3fbc04921f0083c43145a59.jpg","keywords":["enseignants suppl\u00e9ants","F\u00e9d\u00e9ration g\u00e9n\u00e9rale de l'enseignement de base","minist\u00e8re de l'Education"],"articleSection":["National"],"inLanguage":"fr-FR"},{"@type":"WebPage","@id":"https:\/\/www.webdo.tn\/fr\/actualite\/national-45\/les-enseignants-suppleants-rejettent-les-propositions-du-ministere-de-l-education\/198327\/","url":"https:\/\/www.webdo.tn\/fr\/actualite\/national-45\/les-enseignants-suppleants-rejettent-les-propositions-du-ministere-de-l-education\/198327\/","name":"Les enseignants suppl\u00e9ants rejettent les propositions du minist\u00e8re de l\u2019Education","isPartOf":{"@id":"https:\/\/www.webdo.tn\/fr\/#website"},"primaryImageOfPage":{"@id":"https:\/\/www.webdo.tn\/fr\/actualite\/national-45\/les-enseignants-suppleants-rejettent-les-propositions-du-ministere-de-l-education\/198327\/#primaryimage"},"image":{"@id":"https:\/\/www.webdo.tn\/fr\/actualite\/national-45\/les-enseignants-suppleants-rejettent-les-propositions-du-ministere-de-l-education\/198327\/#primaryimage"},"thumbnailUrl":"https:\/\/www.webdo.tn\/fr\/wp-content\/uploads\/2022\/11\/52faa26fb3fbc04921f0083c43145a59.jpg","datePublished":"2022-11-01T11:15:00+00:00","dateModified":"2025-05-22T11:45:59+00:00","description":"Les enseignants suppl\u00e9ants ont organis\u00e9, ce mardi 1er novembre 2022, un rassemblement de protestation devant le minist\u00e8re de l\u2019Education, sur appel de la F\u00e9d\u00e9ra...","breadcrumb":{"@id":"https:\/\/www.webdo.tn\/fr\/actualite\/national-45\/les-enseignants-suppleants-rejettent-les-propositions-du-ministere-de-l-education\/198327\/#breadcrumb"},"inLanguage":"fr-FR","potentialAction":[{"@type":"ReadAction","target":["https:\/\/www.webdo.tn\/fr\/actualite\/national-45\/les-enseignants-suppleants-rejettent-les-propositions-du-ministere-de-l-education\/198327\/"]}]},{"@type":"ImageObject","inLanguage":"fr-FR","@id":"https:\/\/www.webdo.tn\/fr\/actualite\/national-45\/les-enseignants-suppleants-rejettent-les-propositions-du-ministere-de-l-education\/198327\/#primaryimage","url":"https:\/\/www.webdo.tn\/fr\/wp-content\/uploads\/2022\/11\/52faa26fb3fbc04921f0083c43145a59.jpg","contentUrl":"https:\/\/www.webdo.tn\/fr\/wp-content\/uploads\/2022\/11\/52faa26fb3fbc04921f0083c43145a59.jpg","width":750,"height":400,"caption":"enseignants suppl\u00e9ants"},{"@type":"BreadcrumbList","@id":"https:\/\/www.webdo.tn\/fr\/actualite\/national-45\/les-enseignants-suppleants-rejettent-les-propositions-du-ministere-de-l-education\/198327\/#breadcrumb","itemListElement":[{"@type":"ListItem","position":1,"name":"Accueil","item":"https:\/\/www.webdo.tn\/fr\/"},{"@type":"ListItem","position":2,"name":"Les enseignants suppl\u00e9ants rejettent les propositions du minist\u00e8re de l\u2019Education"}]},{"@type":"WebSite","@id":"https:\/\/www.webdo.tn\/fr\/#website","url":"https:\/\/www.webdo.tn\/fr\/","name":"webdo","description":"Tunisie - News en Tunisie et \u00e0 l&#039;international sur Webdo.tn","publisher":{"@id":"https:\/\/www.webdo.tn\/fr\/#organization"},"potentialAction":[{"@type":"SearchAction","target":{"@type":"EntryPoint","urlTemplate":"https:\/\/www.webdo.tn\/fr\/?s={search_term_string}"},"query-input":{"@type":"PropertyValueSpecification","valueRequired":true,"valueName":"search_term_string"}}],"inLanguage":"fr-FR"},{"@type":"Organization","@id":"https:\/\/www.webdo.tn\/fr\/#organization","name":"Webdo","alternateName":"Webdo.tn","url":"https:\/\/www.webdo.tn\/fr\/","logo":{"@type":"ImageObject","inLanguage":"fr-FR","@id":"https:\/\/www.webdo.tn\/fr\/#\/schema\/logo\/image\/","url":"https:\/\/www.webdo.tn\/fr\/wp-content\/uploads\/2025\/06\/Webdo-Tunisie_168377.jpg","contentUrl":"https:\/\/www.webdo.tn\/fr\/wp-content\/uploads\/2025\/06\/Webdo-Tunisie_168377.jpg","width":301,"height":301,"caption":"Webdo"},"image":{"@id":"https:\/\/www.webdo.tn\/fr\/#\/schema\/logo\/image\/"},"sameAs":["https:\/\/www.facebook.com\/webdotn","https:\/\/x.com\/webdo_tn"],"description":"Webdo est un m\u00e9dia num\u00e9rique tunisien fond\u00e9 en 2010, sp\u00e9cialis\u00e9 dans l\u2019actualit\u00e9 nationale et internationale, l\u2019\u00e9conomie, la soci\u00e9t\u00e9 et les analyses politiques. Le site s\u2019adresse \u00e0 un large public francophone et couvre l\u2019information tunisienne en temps r\u00e9el.","email":"redac@webdo.tn","legalName":"YNJ SARL","foundingDate":"2010-09-06","numberOfEmployees":{"@type":"QuantitativeValue","minValue":"11","maxValue":"50"}},{"@type":"Person","@id":"https:\/\/www.webdo.tn\/fr\/#\/schema\/person\/1f4e491e0907b413d61089e8eb573acc","name":"Webdo","image":{"@type":"ImageObject","inLanguage":"fr-FR","@id":"https:\/\/secure.gravatar.com\/avatar\/de97aeec1bb80978a9dbb127e47dfc88aaacb2f3c29aac907d8d3222e3495d49?s=96&d=mm&r=g","url":"https:\/\/secure.gravatar.com\/avatar\/de97aeec1bb80978a9dbb127e47dfc88aaacb2f3c29aac907d8d3222e3495d49?s=96&d=mm&r=g","contentUrl":"https:\/\/secure.gravatar.com\/avatar\/de97aeec1bb80978a9dbb127e47dfc88aaacb2f3c29aac907d8d3222e3495d49?s=96&d=mm&r=g","caption":"Webdo"},"url":"https:\/\/www.webdo.tn\/fr\/actualite\/author\/webdo\/"}]}},"_links":{"self":[{"href":"https:\/\/www.webdo.tn\/fr\/wp-json\/wp\/v2\/posts\/198327","targetHints":{"allow":["GET"]}}],"collection":[{"href":"https:\/\/www.webdo.tn\/fr\/wp-json\/wp\/v2\/posts"}],"about":[{"href":"https:\/\/www.webdo.tn\/fr\/wp-json\/wp\/v2\/types\/post"}],"author":[{"embeddable":true,"href":"https:\/\/www.webdo.tn\/fr\/wp-json\/wp\/v2\/users\/3169"}],"replies":[{"embeddable":true,"href":"https:\/\/www.webdo.tn\/fr\/wp-json\/wp\/v2\/comments?post=198327"}],"version-history":[{"count":0,"href":"https:\/\/www.webdo.tn\/fr\/wp-json\/wp\/v2\/posts\/198327\/revisions"}],"wp:featuredmedia":[{"embeddable":true,"href":"https:\/\/www.webdo.tn\/fr\/wp-json\/wp\/v2\/media\/348679"}],"wp:attachment":[{"href":"https:\/\/www.webdo.tn\/fr\/wp-json\/wp\/v2\/media?parent=198327"}],"wp:term":[{"taxonomy":"category","embeddable":true,"href":"https:\/\/www.webdo.tn\/fr\/wp-json\/wp\/v2\/categories?post=198327"},{"taxonomy":"post_tag","embeddable":true,"href":"https:\/\/www.webdo.tn\/fr\/wp-json\/wp\/v2\/tags?post=198327"}],"curies":[{"name":"wp","href":"https:\/\/api.w.org\/{rel}","templated":true}]}}