{"id":198316,"date":"2022-11-01T09:04:00","date_gmt":"2022-11-01T09:04:00","guid":{"rendered":"https:\/\/www.webdo.tn\/fr\/actualite\/blog\/la-toussaint-c-est-ce-mardi-au-cimetiere-chretien-du-borgel\/198316\/"},"modified":"2025-05-22T11:45:55","modified_gmt":"2025-05-22T11:45:55","slug":"la-toussaint-c-est-ce-mardi-au-cimetiere-chretien-du-borgel","status":"publish","type":"post","link":"https:\/\/www.webdo.tn\/fr\/actualite\/chroniques\/la-toussaint-c-est-ce-mardi-au-cimetiere-chretien-du-borgel\/198316\/","title":{"rendered":"La Toussaint, c&rsquo;est ce mardi au cimeti\u00e8re chr\u00e9tien du Borgel"},"content":{"rendered":"<p>Une messe \u00e0 l&rsquo;occasion de la Toussaint aura lieu mardi 1er novembre \u00e0 16h au cimeti\u00e8re chr\u00e9tien du Borgel et sera pr\u00e9sid\u00e9e par monseigneur Ilario Antoniazzi, archev\u00eaque de Tunis.<\/p>\n<p> Lors de cette journ\u00e9e de recueillement \u00e0 la m\u00e9moire des d\u00e9funts, l&rsquo;ambiance est tr\u00e8s anim\u00e9e aux alentours du cimeti\u00e8re.<\/p>\n<p>Les fleuristes sont en effet de retour et les all\u00e9es du cimeti\u00e8re fra\u00eechement balis\u00e9es et repass\u00e9es \u00e0 la chaux.<\/p>\n<p>Comme chaque premier jour de novembre, les visiteurs de toutes confessions seront nombreux au dernier cimeti\u00e8re chr\u00e9tien de la capitale.<\/p>\n<p>Ces derni\u00e8res ann\u00e9es, le Borgel tend d&rsquo;ailleurs \u00e0 devenir l&rsquo;unique cimeti\u00e8re chr\u00e9tien dans le pays. Hormis celui de Hammamet, rares sont les lieux de s\u00e9pulture chr\u00e9tiens qui existent encore.<\/p>\n<p>Au fil des ans, de nombreuses d\u00e9pouilles ont \u00e9t\u00e9 rapatri\u00e9es vers ce cimeti\u00e8re tunisois alors que fermaient les cimeti\u00e8res des autres villes et ceux plus petits qui se trouvent souvent \u00e0 la campagne.<\/p>\n<p>Le jour de la Toussaint, il est de tradition que le Borgel accueille une messe et ce sera le cas cette ann\u00e9e aussi.<\/p>\n<p>Pour l&rsquo;anecdote, le nom \u00ab\u00a0Borgel\u00a0\u00bb est celui de tout le quartier et d\u00e9signe un patronyme. L&rsquo;expression \u00e9voque en arabe un pied que l&rsquo;on pressent grand, boiteux ou manquant.<\/p>\n<p>Les uns vous diront qu&rsquo;il s&rsquo;agit du patronyme d&rsquo;un rabbin et d&rsquo;autres affirmeront qu&rsquo;il s&rsquo;agit du nom du propri\u00e9taire initial des terrains alentour.<\/p>\n<p>Tr\u00eave de digressions ! Pour un jour, ce cimeti\u00e8re revit litt\u00e9ralement. Des familles enti\u00e8res se pressent autour des caveaux alors que des passants d&rsquo;un jour fl\u00e2nent entre les all\u00e9es et les carr\u00e9s.<\/p>\n<p>Les tombes sont fleuries par des mains parfois anonymes et les visages recueillis sont en g\u00e9n\u00e9ral la norme.<\/p>\n<p>La Toussaint \u00e0 Tunis, c&rsquo;est aussi une f\u00eate qui se vit \u00e0 l&rsquo;\u00e9tranger, entre Malte, la France et la Sicile o\u00f9 chacun a un proche qui repose ici, \u00e0 l&rsquo;ombre des caveaux baroques ou des tombes sobres.<\/p>\n<p>Ci-gisent quelques-unes des racines de la Tunisie plurielle et des g\u00e9n\u00e9rations de Chr\u00e9tiens de Tunisie. Que leurs \u00e2mes, leur souvenir et leurs s\u00e9pultures soient honor\u00e9es pour les si\u00e8cles des si\u00e8cles.<\/p>\n","protected":false},"excerpt":{"rendered":"<p>Une messe \u00e0 l&rsquo;occasion de la Toussaint aura lieu mardi 1er novembre \u00e0 16h au cimeti\u00e8re chr\u00e9tien du Borgel et sera pr\u00e9sid\u00e9e par monseigneur Ilario Antoniazzi, ar&#8230;<\/p>\n","protected":false},"author":3229,"featured_media":348674,"comment_status":"open","ping_status":"closed","sticky":false,"template":"","format":"standard","meta":{"footnotes":""},"categories":[2596],"tags":[10746,7649,2640],"class_list":["post-198316","post","type-post","status-publish","format-standard","has-post-thumbnail","hentry","category-chroniques","tag-cimetiere-du-borgel","tag-toussaint","tag-tunis"],"yoast_head":"<!-- This site is optimized with the Yoast SEO Premium plugin v27.5 (Yoast SEO v27.5) - https:\/\/yoast.com\/product\/yoast-seo-premium-wordpress\/ -->\n<title>La Toussaint, c&#039;est ce mardi au cimeti\u00e8re chr\u00e9tien du Borgel<\/title>\n<meta name=\"description\" content=\"Une messe \u00e0 l&#039;occasion de la Toussaint aura lieu mardi 1er novembre \u00e0 16h au cimeti\u00e8re chr\u00e9tien du Borgel et sera pr\u00e9sid\u00e9e par monseigneur Ilario Antoniazzi, ar...\" \/>\n<link rel=\"canonical\" href=\"https:\/\/www.webdo.tn\/fr\/actualite\/chroniques\/la-toussaint-c-est-ce-mardi-au-cimetiere-chretien-du-borgel\/198316\/\" \/>\n<meta property=\"og:locale\" content=\"fr_FR\" \/>\n<meta property=\"og:type\" content=\"article\" \/>\n<meta property=\"og:title\" content=\"La Toussaint, c&#039;est ce mardi au cimeti\u00e8re chr\u00e9tien du Borgel\" \/>\n<meta property=\"og:description\" content=\"Une messe \u00e0 l&#039;occasion de la Toussaint aura lieu mardi 1er novembre \u00e0 16h au cimeti\u00e8re chr\u00e9tien du Borgel et sera pr\u00e9sid\u00e9e par monseigneur Ilario Antoniazzi, ar...\" \/>\n<meta property=\"og:url\" content=\"https:\/\/www.webdo.tn\/fr\/actualite\/chroniques\/la-toussaint-c-est-ce-mardi-au-cimetiere-chretien-du-borgel\/198316\/\" \/>\n<meta property=\"og:site_name\" content=\"webdo\" \/>\n<meta property=\"article:publisher\" content=\"https:\/\/www.facebook.com\/webdotn\" \/>\n<meta property=\"article:author\" content=\"https:\/\/www.facebook.com\/hatem.bourial.2025\" \/>\n<meta property=\"article:published_time\" content=\"2022-11-01T09:04:00+00:00\" \/>\n<meta property=\"article:modified_time\" content=\"2025-05-22T11:45:55+00:00\" \/>\n<meta property=\"og:image\" content=\"https:\/\/www.webdo.tn\/fr\/wp-content\/uploads\/2022\/11\/49dc29372d013a53402ff8c7e3cfa78d.jpg\" \/>\n\t<meta property=\"og:image:width\" content=\"720\" \/>\n\t<meta property=\"og:image:height\" content=\"384\" \/>\n\t<meta property=\"og:image:type\" content=\"image\/jpeg\" \/>\n<meta name=\"author\" content=\"Hatem Bourial\" \/>\n<meta name=\"twitter:card\" content=\"summary_large_image\" \/>\n<meta name=\"twitter:creator\" content=\"@webdo_tn\" \/>\n<meta name=\"twitter:site\" content=\"@webdo_tn\" \/>\n<meta name=\"twitter:label1\" content=\"\u00c9crit par\" \/>\n\t<meta name=\"twitter:data1\" content=\"Hatem Bourial\" \/>\n\t<meta name=\"twitter:label2\" content=\"Dur\u00e9e de lecture estim\u00e9e\" \/>\n\t<meta name=\"twitter:data2\" content=\"2 minutes\" \/>\n<script type=\"application\/ld+json\" class=\"yoast-schema-graph\">{\"@context\":\"https:\\\/\\\/schema.org\",\"@graph\":[{\"@type\":\"NewsArticle\",\"@id\":\"https:\\\/\\\/www.webdo.tn\\\/fr\\\/actualite\\\/chroniques\\\/la-toussaint-c-est-ce-mardi-au-cimetiere-chretien-du-borgel\\\/198316\\\/#article\",\"isPartOf\":{\"@id\":\"https:\\\/\\\/www.webdo.tn\\\/fr\\\/actualite\\\/chroniques\\\/la-toussaint-c-est-ce-mardi-au-cimetiere-chretien-du-borgel\\\/198316\\\/\"},\"author\":{\"name\":\"Hatem Bourial\",\"@id\":\"https:\\\/\\\/www.webdo.tn\\\/fr\\\/#\\\/schema\\\/person\\\/6bc0beba2cd23aec27cb5df85ca2554f\"},\"headline\":\"La Toussaint, c&rsquo;est ce mardi au cimeti\u00e8re chr\u00e9tien du Borgel\",\"datePublished\":\"2022-11-01T09:04:00+00:00\",\"dateModified\":\"2025-05-22T11:45:55+00:00\",\"mainEntityOfPage\":{\"@id\":\"https:\\\/\\\/www.webdo.tn\\\/fr\\\/actualite\\\/chroniques\\\/la-toussaint-c-est-ce-mardi-au-cimetiere-chretien-du-borgel\\\/198316\\\/\"},\"wordCount\":408,\"commentCount\":0,\"publisher\":{\"@id\":\"https:\\\/\\\/www.webdo.tn\\\/fr\\\/#organization\"},\"image\":{\"@id\":\"https:\\\/\\\/www.webdo.tn\\\/fr\\\/actualite\\\/chroniques\\\/la-toussaint-c-est-ce-mardi-au-cimetiere-chretien-du-borgel\\\/198316\\\/#primaryimage\"},\"thumbnailUrl\":\"https:\\\/\\\/www.webdo.tn\\\/fr\\\/wp-content\\\/uploads\\\/2022\\\/11\\\/49dc29372d013a53402ff8c7e3cfa78d.jpg\",\"keywords\":[\"'cimeti\u00e8re du Borgel'\",\"Toussaint\",\"Tunis\"],\"articleSection\":[\"Chroniques\"],\"inLanguage\":\"fr-FR\"},{\"@type\":\"WebPage\",\"@id\":\"https:\\\/\\\/www.webdo.tn\\\/fr\\\/actualite\\\/chroniques\\\/la-toussaint-c-est-ce-mardi-au-cimetiere-chretien-du-borgel\\\/198316\\\/\",\"url\":\"https:\\\/\\\/www.webdo.tn\\\/fr\\\/actualite\\\/chroniques\\\/la-toussaint-c-est-ce-mardi-au-cimetiere-chretien-du-borgel\\\/198316\\\/\",\"name\":\"La Toussaint, c'est ce mardi au cimeti\u00e8re chr\u00e9tien du Borgel\",\"isPartOf\":{\"@id\":\"https:\\\/\\\/www.webdo.tn\\\/fr\\\/#website\"},\"primaryImageOfPage\":{\"@id\":\"https:\\\/\\\/www.webdo.tn\\\/fr\\\/actualite\\\/chroniques\\\/la-toussaint-c-est-ce-mardi-au-cimetiere-chretien-du-borgel\\\/198316\\\/#primaryimage\"},\"image\":{\"@id\":\"https:\\\/\\\/www.webdo.tn\\\/fr\\\/actualite\\\/chroniques\\\/la-toussaint-c-est-ce-mardi-au-cimetiere-chretien-du-borgel\\\/198316\\\/#primaryimage\"},\"thumbnailUrl\":\"https:\\\/\\\/www.webdo.tn\\\/fr\\\/wp-content\\\/uploads\\\/2022\\\/11\\\/49dc29372d013a53402ff8c7e3cfa78d.jpg\",\"datePublished\":\"2022-11-01T09:04:00+00:00\",\"dateModified\":\"2025-05-22T11:45:55+00:00\",\"description\":\"Une messe \u00e0 l'occasion de la Toussaint aura lieu mardi 1er novembre \u00e0 16h au cimeti\u00e8re chr\u00e9tien du Borgel et sera pr\u00e9sid\u00e9e par monseigneur Ilario Antoniazzi, ar...\",\"breadcrumb\":{\"@id\":\"https:\\\/\\\/www.webdo.tn\\\/fr\\\/actualite\\\/chroniques\\\/la-toussaint-c-est-ce-mardi-au-cimetiere-chretien-du-borgel\\\/198316\\\/#breadcrumb\"},\"inLanguage\":\"fr-FR\",\"potentialAction\":[{\"@type\":\"ReadAction\",\"target\":[\"https:\\\/\\\/www.webdo.tn\\\/fr\\\/actualite\\\/chroniques\\\/la-toussaint-c-est-ce-mardi-au-cimetiere-chretien-du-borgel\\\/198316\\\/\"]}]},{\"@type\":\"ImageObject\",\"inLanguage\":\"fr-FR\",\"@id\":\"https:\\\/\\\/www.webdo.tn\\\/fr\\\/actualite\\\/chroniques\\\/la-toussaint-c-est-ce-mardi-au-cimetiere-chretien-du-borgel\\\/198316\\\/#primaryimage\",\"url\":\"https:\\\/\\\/www.webdo.tn\\\/fr\\\/wp-content\\\/uploads\\\/2022\\\/11\\\/49dc29372d013a53402ff8c7e3cfa78d.jpg\",\"contentUrl\":\"https:\\\/\\\/www.webdo.tn\\\/fr\\\/wp-content\\\/uploads\\\/2022\\\/11\\\/49dc29372d013a53402ff8c7e3cfa78d.jpg\",\"width\":720,\"height\":384,\"caption\":\"La Toussaint \u00e0 Tunis, c'est aussi une f\u00eate qui se vit \u00e0 l'\u00e9tranger, entre Malte, la France et la Sicile...\"},{\"@type\":\"BreadcrumbList\",\"@id\":\"https:\\\/\\\/www.webdo.tn\\\/fr\\\/actualite\\\/chroniques\\\/la-toussaint-c-est-ce-mardi-au-cimetiere-chretien-du-borgel\\\/198316\\\/#breadcrumb\",\"itemListElement\":[{\"@type\":\"ListItem\",\"position\":1,\"name\":\"Accueil\",\"item\":\"https:\\\/\\\/www.webdo.tn\\\/fr\\\/\"},{\"@type\":\"ListItem\",\"position\":2,\"name\":\"La Toussaint, c&#8217;est ce mardi au cimeti\u00e8re chr\u00e9tien du Borgel\"}]},{\"@type\":\"WebSite\",\"@id\":\"https:\\\/\\\/www.webdo.tn\\\/fr\\\/#website\",\"url\":\"https:\\\/\\\/www.webdo.tn\\\/fr\\\/\",\"name\":\"webdo\",\"description\":\"Tunisie - News en Tunisie et \u00e0 l&#039;international sur Webdo.tn\",\"publisher\":{\"@id\":\"https:\\\/\\\/www.webdo.tn\\\/fr\\\/#organization\"},\"potentialAction\":[{\"@type\":\"SearchAction\",\"target\":{\"@type\":\"EntryPoint\",\"urlTemplate\":\"https:\\\/\\\/www.webdo.tn\\\/fr\\\/?s={search_term_string}\"},\"query-input\":{\"@type\":\"PropertyValueSpecification\",\"valueRequired\":true,\"valueName\":\"search_term_string\"}}],\"inLanguage\":\"fr-FR\"},{\"@type\":\"Organization\",\"@id\":\"https:\\\/\\\/www.webdo.tn\\\/fr\\\/#organization\",\"name\":\"Webdo\",\"alternateName\":\"Webdo.tn\",\"url\":\"https:\\\/\\\/www.webdo.tn\\\/fr\\\/\",\"logo\":{\"@type\":\"ImageObject\",\"inLanguage\":\"fr-FR\",\"@id\":\"https:\\\/\\\/www.webdo.tn\\\/fr\\\/#\\\/schema\\\/logo\\\/image\\\/\",\"url\":\"https:\\\/\\\/www.webdo.tn\\\/fr\\\/wp-content\\\/uploads\\\/2025\\\/06\\\/Webdo-Tunisie_168377.jpg\",\"contentUrl\":\"https:\\\/\\\/www.webdo.tn\\\/fr\\\/wp-content\\\/uploads\\\/2025\\\/06\\\/Webdo-Tunisie_168377.jpg\",\"width\":301,\"height\":301,\"caption\":\"Webdo\"},\"image\":{\"@id\":\"https:\\\/\\\/www.webdo.tn\\\/fr\\\/#\\\/schema\\\/logo\\\/image\\\/\"},\"sameAs\":[\"https:\\\/\\\/www.facebook.com\\\/webdotn\",\"https:\\\/\\\/x.com\\\/webdo_tn\"],\"description\":\"Webdo est un m\u00e9dia num\u00e9rique tunisien fond\u00e9 en 2010, sp\u00e9cialis\u00e9 dans l\u2019actualit\u00e9 nationale et internationale, l\u2019\u00e9conomie, la soci\u00e9t\u00e9 et les analyses politiques. Le site s\u2019adresse \u00e0 un large public francophone et couvre l\u2019information tunisienne en temps r\u00e9el.\",\"email\":\"redac@webdo.tn\",\"legalName\":\"YNJ SARL\",\"foundingDate\":\"2010-09-06\",\"numberOfEmployees\":{\"@type\":\"QuantitativeValue\",\"minValue\":\"11\",\"maxValue\":\"50\"}},{\"@type\":\"Person\",\"@id\":\"https:\\\/\\\/www.webdo.tn\\\/fr\\\/#\\\/schema\\\/person\\\/6bc0beba2cd23aec27cb5df85ca2554f\",\"name\":\"Hatem Bourial\",\"image\":{\"@type\":\"ImageObject\",\"inLanguage\":\"fr-FR\",\"@id\":\"https:\\\/\\\/www.webdo.tn\\\/fr\\\/wp-content\\\/uploads\\\/2026\\\/04\\\/hatem-bourial_avatar-96x96.jpg\",\"url\":\"https:\\\/\\\/www.webdo.tn\\\/fr\\\/wp-content\\\/uploads\\\/2026\\\/04\\\/hatem-bourial_avatar-96x96.jpg\",\"contentUrl\":\"https:\\\/\\\/www.webdo.tn\\\/fr\\\/wp-content\\\/uploads\\\/2026\\\/04\\\/hatem-bourial_avatar-96x96.jpg\",\"caption\":\"Hatem Bourial\"},\"description\":\"Hatem Bourial est journaliste, \u00e9crivain et chroniqueur tunisien. Actif depuis plusieurs d\u00e9cennies, il s\u2019est impos\u00e9 comme un observateur attentif de la soci\u00e9t\u00e9 tunisienne, m\u00ealant dans ses \u00e9crits m\u00e9moire, culture et analyse du quotidien. Auteur de nombreux ouvrages, il d\u00e9veloppe une \u0153uvre \u00e0 la crois\u00e9e du r\u00e9cit, de la po\u00e9sie et de l\u2019observation sociologique. Parall\u00e8lement \u00e0 ses contributions dans la presse, il intervient r\u00e9guli\u00e8rement \u00e0 la radio et dans des espaces culturels, o\u00f9 il explore les enjeux li\u00e9s au patrimoine, \u00e0 l\u2019identit\u00e9 et aux transformations du monde contemporain. \u00c0 travers ses chroniques, Hatem Bourial propose une lecture sensible et approfondie de l\u2019actualit\u00e9, nourrie par une exp\u00e9rience journalistique et litt\u00e9raire reconnue. \ud83d\udd17 Facebook : https:\\\/\\\/www.facebook.com\\\/hatem.bourial.2025\",\"sameAs\":[\"https:\\\/\\\/www.facebook.com\\\/hatem.bourial.2025\",\"https:\\\/\\\/fr.wikipedia.org\\\/wiki\\\/Fichier:Hatem_Bourial.jpg\"],\"knowsAbout\":[\"Culture & patrimoine tunisien\",\"Chronique soci\u00e9tale\",\"Litt\u00e9rature & m\u00e9moire\",\"Cin\u00e9ma & critique culturelle\",\"Identit\u00e9 & mutations sociales\"],\"knowsLanguage\":[\"Arabe\",\"Fran\u00e7ais\",\"Anglais\",\"Italien\",\"Polonais\"],\"jobTitle\":\"Journaliste, \u00e9crivain et chroniqueur culturel\",\"worksFor\":\"Webdo\",\"url\":\"https:\\\/\\\/www.webdo.tn\\\/fr\\\/actualite\\\/author\\\/hatem-bourial-2\\\/\"}]}<\/script>\n<!-- \/ Yoast SEO Premium plugin. -->","yoast_head_json":{"title":"La Toussaint, c'est ce mardi au cimeti\u00e8re chr\u00e9tien du Borgel","description":"Une messe \u00e0 l'occasion de la Toussaint aura lieu mardi 1er novembre \u00e0 16h au cimeti\u00e8re chr\u00e9tien du Borgel et sera pr\u00e9sid\u00e9e par monseigneur Ilario Antoniazzi, ar...","canonical":"https:\/\/www.webdo.tn\/fr\/actualite\/chroniques\/la-toussaint-c-est-ce-mardi-au-cimetiere-chretien-du-borgel\/198316\/","og_locale":"fr_FR","og_type":"article","og_title":"La Toussaint, c'est ce mardi au cimeti\u00e8re chr\u00e9tien du Borgel","og_description":"Une messe \u00e0 l'occasion de la Toussaint aura lieu mardi 1er novembre \u00e0 16h au cimeti\u00e8re chr\u00e9tien du Borgel et sera pr\u00e9sid\u00e9e par monseigneur Ilario Antoniazzi, ar...","og_url":"https:\/\/www.webdo.tn\/fr\/actualite\/chroniques\/la-toussaint-c-est-ce-mardi-au-cimetiere-chretien-du-borgel\/198316\/","og_site_name":"webdo","article_publisher":"https:\/\/www.facebook.com\/webdotn","article_author":"https:\/\/www.facebook.com\/hatem.bourial.2025","article_published_time":"2022-11-01T09:04:00+00:00","article_modified_time":"2025-05-22T11:45:55+00:00","og_image":[{"width":720,"height":384,"url":"https:\/\/www.webdo.tn\/fr\/wp-content\/uploads\/2022\/11\/49dc29372d013a53402ff8c7e3cfa78d.jpg","type":"image\/jpeg"}],"author":"Hatem Bourial","twitter_card":"summary_large_image","twitter_creator":"@webdo_tn","twitter_site":"@webdo_tn","twitter_misc":{"\u00c9crit par":"Hatem Bourial","Dur\u00e9e de lecture estim\u00e9e":"2 minutes"},"schema":{"@context":"https:\/\/schema.org","@graph":[{"@type":"NewsArticle","@id":"https:\/\/www.webdo.tn\/fr\/actualite\/chroniques\/la-toussaint-c-est-ce-mardi-au-cimetiere-chretien-du-borgel\/198316\/#article","isPartOf":{"@id":"https:\/\/www.webdo.tn\/fr\/actualite\/chroniques\/la-toussaint-c-est-ce-mardi-au-cimetiere-chretien-du-borgel\/198316\/"},"author":{"name":"Hatem Bourial","@id":"https:\/\/www.webdo.tn\/fr\/#\/schema\/person\/6bc0beba2cd23aec27cb5df85ca2554f"},"headline":"La Toussaint, c&rsquo;est ce mardi au cimeti\u00e8re chr\u00e9tien du Borgel","datePublished":"2022-11-01T09:04:00+00:00","dateModified":"2025-05-22T11:45:55+00:00","mainEntityOfPage":{"@id":"https:\/\/www.webdo.tn\/fr\/actualite\/chroniques\/la-toussaint-c-est-ce-mardi-au-cimetiere-chretien-du-borgel\/198316\/"},"wordCount":408,"commentCount":0,"publisher":{"@id":"https:\/\/www.webdo.tn\/fr\/#organization"},"image":{"@id":"https:\/\/www.webdo.tn\/fr\/actualite\/chroniques\/la-toussaint-c-est-ce-mardi-au-cimetiere-chretien-du-borgel\/198316\/#primaryimage"},"thumbnailUrl":"https:\/\/www.webdo.tn\/fr\/wp-content\/uploads\/2022\/11\/49dc29372d013a53402ff8c7e3cfa78d.jpg","keywords":["'cimeti\u00e8re du Borgel'","Toussaint","Tunis"],"articleSection":["Chroniques"],"inLanguage":"fr-FR"},{"@type":"WebPage","@id":"https:\/\/www.webdo.tn\/fr\/actualite\/chroniques\/la-toussaint-c-est-ce-mardi-au-cimetiere-chretien-du-borgel\/198316\/","url":"https:\/\/www.webdo.tn\/fr\/actualite\/chroniques\/la-toussaint-c-est-ce-mardi-au-cimetiere-chretien-du-borgel\/198316\/","name":"La Toussaint, c'est ce mardi au cimeti\u00e8re chr\u00e9tien du Borgel","isPartOf":{"@id":"https:\/\/www.webdo.tn\/fr\/#website"},"primaryImageOfPage":{"@id":"https:\/\/www.webdo.tn\/fr\/actualite\/chroniques\/la-toussaint-c-est-ce-mardi-au-cimetiere-chretien-du-borgel\/198316\/#primaryimage"},"image":{"@id":"https:\/\/www.webdo.tn\/fr\/actualite\/chroniques\/la-toussaint-c-est-ce-mardi-au-cimetiere-chretien-du-borgel\/198316\/#primaryimage"},"thumbnailUrl":"https:\/\/www.webdo.tn\/fr\/wp-content\/uploads\/2022\/11\/49dc29372d013a53402ff8c7e3cfa78d.jpg","datePublished":"2022-11-01T09:04:00+00:00","dateModified":"2025-05-22T11:45:55+00:00","description":"Une messe \u00e0 l'occasion de la Toussaint aura lieu mardi 1er novembre \u00e0 16h au cimeti\u00e8re chr\u00e9tien du Borgel et sera pr\u00e9sid\u00e9e par monseigneur Ilario Antoniazzi, ar...","breadcrumb":{"@id":"https:\/\/www.webdo.tn\/fr\/actualite\/chroniques\/la-toussaint-c-est-ce-mardi-au-cimetiere-chretien-du-borgel\/198316\/#breadcrumb"},"inLanguage":"fr-FR","potentialAction":[{"@type":"ReadAction","target":["https:\/\/www.webdo.tn\/fr\/actualite\/chroniques\/la-toussaint-c-est-ce-mardi-au-cimetiere-chretien-du-borgel\/198316\/"]}]},{"@type":"ImageObject","inLanguage":"fr-FR","@id":"https:\/\/www.webdo.tn\/fr\/actualite\/chroniques\/la-toussaint-c-est-ce-mardi-au-cimetiere-chretien-du-borgel\/198316\/#primaryimage","url":"https:\/\/www.webdo.tn\/fr\/wp-content\/uploads\/2022\/11\/49dc29372d013a53402ff8c7e3cfa78d.jpg","contentUrl":"https:\/\/www.webdo.tn\/fr\/wp-content\/uploads\/2022\/11\/49dc29372d013a53402ff8c7e3cfa78d.jpg","width":720,"height":384,"caption":"La Toussaint \u00e0 Tunis, c'est aussi une f\u00eate qui se vit \u00e0 l'\u00e9tranger, entre Malte, la France et la Sicile..."},{"@type":"BreadcrumbList","@id":"https:\/\/www.webdo.tn\/fr\/actualite\/chroniques\/la-toussaint-c-est-ce-mardi-au-cimetiere-chretien-du-borgel\/198316\/#breadcrumb","itemListElement":[{"@type":"ListItem","position":1,"name":"Accueil","item":"https:\/\/www.webdo.tn\/fr\/"},{"@type":"ListItem","position":2,"name":"La Toussaint, c&#8217;est ce mardi au cimeti\u00e8re chr\u00e9tien du Borgel"}]},{"@type":"WebSite","@id":"https:\/\/www.webdo.tn\/fr\/#website","url":"https:\/\/www.webdo.tn\/fr\/","name":"webdo","description":"Tunisie - News en Tunisie et \u00e0 l&#039;international sur Webdo.tn","publisher":{"@id":"https:\/\/www.webdo.tn\/fr\/#organization"},"potentialAction":[{"@type":"SearchAction","target":{"@type":"EntryPoint","urlTemplate":"https:\/\/www.webdo.tn\/fr\/?s={search_term_string}"},"query-input":{"@type":"PropertyValueSpecification","valueRequired":true,"valueName":"search_term_string"}}],"inLanguage":"fr-FR"},{"@type":"Organization","@id":"https:\/\/www.webdo.tn\/fr\/#organization","name":"Webdo","alternateName":"Webdo.tn","url":"https:\/\/www.webdo.tn\/fr\/","logo":{"@type":"ImageObject","inLanguage":"fr-FR","@id":"https:\/\/www.webdo.tn\/fr\/#\/schema\/logo\/image\/","url":"https:\/\/www.webdo.tn\/fr\/wp-content\/uploads\/2025\/06\/Webdo-Tunisie_168377.jpg","contentUrl":"https:\/\/www.webdo.tn\/fr\/wp-content\/uploads\/2025\/06\/Webdo-Tunisie_168377.jpg","width":301,"height":301,"caption":"Webdo"},"image":{"@id":"https:\/\/www.webdo.tn\/fr\/#\/schema\/logo\/image\/"},"sameAs":["https:\/\/www.facebook.com\/webdotn","https:\/\/x.com\/webdo_tn"],"description":"Webdo est un m\u00e9dia num\u00e9rique tunisien fond\u00e9 en 2010, sp\u00e9cialis\u00e9 dans l\u2019actualit\u00e9 nationale et internationale, l\u2019\u00e9conomie, la soci\u00e9t\u00e9 et les analyses politiques. Le site s\u2019adresse \u00e0 un large public francophone et couvre l\u2019information tunisienne en temps r\u00e9el.","email":"redac@webdo.tn","legalName":"YNJ SARL","foundingDate":"2010-09-06","numberOfEmployees":{"@type":"QuantitativeValue","minValue":"11","maxValue":"50"}},{"@type":"Person","@id":"https:\/\/www.webdo.tn\/fr\/#\/schema\/person\/6bc0beba2cd23aec27cb5df85ca2554f","name":"Hatem Bourial","image":{"@type":"ImageObject","inLanguage":"fr-FR","@id":"https:\/\/www.webdo.tn\/fr\/wp-content\/uploads\/2026\/04\/hatem-bourial_avatar-96x96.jpg","url":"https:\/\/www.webdo.tn\/fr\/wp-content\/uploads\/2026\/04\/hatem-bourial_avatar-96x96.jpg","contentUrl":"https:\/\/www.webdo.tn\/fr\/wp-content\/uploads\/2026\/04\/hatem-bourial_avatar-96x96.jpg","caption":"Hatem Bourial"},"description":"Hatem Bourial est journaliste, \u00e9crivain et chroniqueur tunisien. Actif depuis plusieurs d\u00e9cennies, il s\u2019est impos\u00e9 comme un observateur attentif de la soci\u00e9t\u00e9 tunisienne, m\u00ealant dans ses \u00e9crits m\u00e9moire, culture et analyse du quotidien. Auteur de nombreux ouvrages, il d\u00e9veloppe une \u0153uvre \u00e0 la crois\u00e9e du r\u00e9cit, de la po\u00e9sie et de l\u2019observation sociologique. Parall\u00e8lement \u00e0 ses contributions dans la presse, il intervient r\u00e9guli\u00e8rement \u00e0 la radio et dans des espaces culturels, o\u00f9 il explore les enjeux li\u00e9s au patrimoine, \u00e0 l\u2019identit\u00e9 et aux transformations du monde contemporain. \u00c0 travers ses chroniques, Hatem Bourial propose une lecture sensible et approfondie de l\u2019actualit\u00e9, nourrie par une exp\u00e9rience journalistique et litt\u00e9raire reconnue. \ud83d\udd17 Facebook : https:\/\/www.facebook.com\/hatem.bourial.2025","sameAs":["https:\/\/www.facebook.com\/hatem.bourial.2025","https:\/\/fr.wikipedia.org\/wiki\/Fichier:Hatem_Bourial.jpg"],"knowsAbout":["Culture & patrimoine tunisien","Chronique soci\u00e9tale","Litt\u00e9rature & m\u00e9moire","Cin\u00e9ma & critique culturelle","Identit\u00e9 & mutations sociales"],"knowsLanguage":["Arabe","Fran\u00e7ais","Anglais","Italien","Polonais"],"jobTitle":"Journaliste, \u00e9crivain et chroniqueur culturel","worksFor":"Webdo","url":"https:\/\/www.webdo.tn\/fr\/actualite\/author\/hatem-bourial-2\/"}]}},"_links":{"self":[{"href":"https:\/\/www.webdo.tn\/fr\/wp-json\/wp\/v2\/posts\/198316","targetHints":{"allow":["GET"]}}],"collection":[{"href":"https:\/\/www.webdo.tn\/fr\/wp-json\/wp\/v2\/posts"}],"about":[{"href":"https:\/\/www.webdo.tn\/fr\/wp-json\/wp\/v2\/types\/post"}],"author":[{"embeddable":true,"href":"https:\/\/www.webdo.tn\/fr\/wp-json\/wp\/v2\/users\/3229"}],"replies":[{"embeddable":true,"href":"https:\/\/www.webdo.tn\/fr\/wp-json\/wp\/v2\/comments?post=198316"}],"version-history":[{"count":0,"href":"https:\/\/www.webdo.tn\/fr\/wp-json\/wp\/v2\/posts\/198316\/revisions"}],"wp:featuredmedia":[{"embeddable":true,"href":"https:\/\/www.webdo.tn\/fr\/wp-json\/wp\/v2\/media\/348674"}],"wp:attachment":[{"href":"https:\/\/www.webdo.tn\/fr\/wp-json\/wp\/v2\/media?parent=198316"}],"wp:term":[{"taxonomy":"category","embeddable":true,"href":"https:\/\/www.webdo.tn\/fr\/wp-json\/wp\/v2\/categories?post=198316"},{"taxonomy":"post_tag","embeddable":true,"href":"https:\/\/www.webdo.tn\/fr\/wp-json\/wp\/v2\/tags?post=198316"}],"curies":[{"name":"wp","href":"https:\/\/api.w.org\/{rel}","templated":true}]}}