{"id":198284,"date":"2022-10-31T13:55:00","date_gmt":"2022-10-31T13:55:00","guid":{"rendered":"https:\/\/www.webdo.tn\/fr\/blog\/twitter-elon-musk-envisage-de-rendre-les-comptes-certifies-payants\/198284\/"},"modified":"2025-05-17T20:58:01","modified_gmt":"2025-05-17T20:58:01","slug":"twitter-elon-musk-envisage-de-rendre-les-comptes-certifies-payants","status":"publish","type":"post","link":"https:\/\/www.webdo.tn\/fr\/actualite\/international\/twitter-elon-musk-envisage-de-rendre-les-comptes-certifies-payants\/198284\/","title":{"rendered":"Twitter : Elon Musk envisage de rendre les comptes certifi\u00e9s payants"},"content":{"rendered":"<p>Apr\u00e8s le rachat du r\u00e9seau social par le milliardaire Elon Musk, l\u2019abonnement mensuel \u00e0 la version pro Twitter Blue va passer \u00e0 19,99 dollars (20,15 euros) et pourrait \u00eatre obligatoire pour avoir ou conserver le badge bleu de certification.<\/p>\n<p>\t\t\t\t\t\t\t\t\tIl entend imm\u00e9diatement mettre en place une strat\u00e9gie payante. Quelques jours apr\u00e8s avoir pris le contr\u00f4le du r\u00e9seau social Twitter, Elon Musk a d\u00e9cid\u00e9 de faire payer la certification des comptes \u00e0 travers un abonnement mensuel \u00e0 Twitter Blue, selon le m\u00e9dia sp\u00e9cialis\u00e9 The Verge. Les employ\u00e9s de Twitter ont re\u00e7u la consigne dimanche d\u2019impl\u00e9menter d\u2019ici le 7 novembre prochain un syst\u00e8me de paiement. Le cas \u00e9ch\u00e9ant\u2026 ils seront vir\u00e9s.<\/p>\n<p>Concr\u00e8tement, l\u2019abonnement actuel \u00e0 Twitter Blue \u00e0 4,99$ (5,03 euros), utilis\u00e9 principalement par les entreprises, sera remplac\u00e9 par un abonnement \u00e0 19,99$ qui offrira des fonctionnalit\u00e9s en plus dont la certification du compte. Dans la configuration qui aurait \u00e9t\u00e9 retenue, les comptes d\u00e9j\u00e0 certifi\u00e9s devront s\u2019abonner au service d\u2019ici 90 jours, sinon ils perdront leur badge bleu.<\/p>\n<p>Le mod\u00e8le \u00e9conomique de Twitter a toujours \u00e9t\u00e9 bas\u00e9 sur la publicit\u00e9 mais Elon Musk compte sur des formules d\u2019abonnements pour compl\u00e9ter les revenus et enfin devenir rentable. Au risque de d\u00e9clencher un mouvement d\u2019exode des utilisateurs de la plateforme vers des concurrents comme Mastodon, un r\u00e9seau social issu du monde du logiciel libre.<\/p>\n","protected":false},"excerpt":{"rendered":"<p>Apr\u00e8s le rachat du r\u00e9seau social par le milliardaire Elon Musk, l\u2019abonnement mensuel \u00e0 la version pro Twitter Blue va passer \u00e0 19,99 dollars (20,15 euros) et po&#8230;<\/p>\n","protected":false},"author":3197,"featured_media":277276,"comment_status":"open","ping_status":"closed","sticky":false,"template":"","format":"standard","meta":{"footnotes":""},"categories":[2598],"tags":[9158,9159,4134,3453],"class_list":["post-198284","post","type-post","status-publish","format-standard","has-post-thumbnail","hentry","category-international","tag-badge-bleu","tag-compte-verifie","tag-elon-musk","tag-twitter"],"yoast_head":"<!-- This site is optimized with the Yoast SEO Premium plugin v27.5 (Yoast SEO v27.5) - https:\/\/yoast.com\/product\/yoast-seo-premium-wordpress\/ -->\n<title>Twitter : Elon Musk envisage de rendre les comptes certifi\u00e9s payants<\/title>\n<meta name=\"description\" content=\"Apr\u00e8s le rachat du r\u00e9seau social par le milliardaire Elon Musk, l\u2019abonnement mensuel \u00e0 la version pro Twitter Blue va passer \u00e0 19,99 dollars (20,15 euros) et po...\" \/>\n<link rel=\"canonical\" href=\"https:\/\/www.webdo.tn\/fr\/actualite\/international\/twitter-elon-musk-envisage-de-rendre-les-comptes-certifies-payants\/198284\/\" \/>\n<meta property=\"og:locale\" content=\"fr_FR\" \/>\n<meta property=\"og:type\" content=\"article\" \/>\n<meta property=\"og:title\" content=\"Twitter : Elon Musk envisage de rendre les comptes certifi\u00e9s payants\" \/>\n<meta property=\"og:description\" content=\"Apr\u00e8s le rachat du r\u00e9seau social par le milliardaire Elon Musk, l\u2019abonnement mensuel \u00e0 la version pro Twitter Blue va passer \u00e0 19,99 dollars (20,15 euros) et po...\" \/>\n<meta property=\"og:url\" content=\"https:\/\/www.webdo.tn\/fr\/actualite\/international\/twitter-elon-musk-envisage-de-rendre-les-comptes-certifies-payants\/198284\/\" \/>\n<meta property=\"og:site_name\" content=\"webdo\" \/>\n<meta property=\"article:publisher\" content=\"https:\/\/www.facebook.com\/webdotn\" \/>\n<meta property=\"article:published_time\" content=\"2022-10-31T13:55:00+00:00\" \/>\n<meta property=\"article:modified_time\" content=\"2025-05-17T20:58:01+00:00\" \/>\n<meta property=\"og:image\" content=\"https:\/\/www.webdo.tn\/fr\/wp-content\/uploads\/2022\/10\/cccdeed59ef7c8ef35626351f54d1a72.jpg\" \/>\n\t<meta property=\"og:image:width\" content=\"750\" \/>\n\t<meta property=\"og:image:height\" content=\"400\" \/>\n\t<meta property=\"og:image:type\" content=\"image\/jpeg\" \/>\n<meta name=\"author\" content=\"AGENCES\" \/>\n<meta name=\"twitter:card\" content=\"summary_large_image\" \/>\n<meta name=\"twitter:creator\" content=\"@webdo_tn\" \/>\n<meta name=\"twitter:site\" content=\"@webdo_tn\" \/>\n<meta name=\"twitter:label1\" content=\"\u00c9crit par\" \/>\n\t<meta name=\"twitter:data1\" content=\"AGENCES\" \/>\n\t<meta name=\"twitter:label2\" content=\"Dur\u00e9e de lecture estim\u00e9e\" \/>\n\t<meta name=\"twitter:data2\" content=\"1 minute\" \/>\n<script type=\"application\/ld+json\" class=\"yoast-schema-graph\">{\"@context\":\"https:\\\/\\\/schema.org\",\"@graph\":[{\"@type\":\"NewsArticle\",\"@id\":\"https:\\\/\\\/www.webdo.tn\\\/fr\\\/actualite\\\/international\\\/twitter-elon-musk-envisage-de-rendre-les-comptes-certifies-payants\\\/198284\\\/#article\",\"isPartOf\":{\"@id\":\"https:\\\/\\\/www.webdo.tn\\\/fr\\\/actualite\\\/international\\\/twitter-elon-musk-envisage-de-rendre-les-comptes-certifies-payants\\\/198284\\\/\"},\"author\":{\"name\":\"AGENCES\",\"@id\":\"https:\\\/\\\/www.webdo.tn\\\/fr\\\/#\\\/schema\\\/person\\\/6e50a3c1ebb9274fbc3e320ee40ab3cf\"},\"headline\":\"Twitter : Elon Musk envisage de rendre les comptes certifi\u00e9s payants\",\"datePublished\":\"2022-10-31T13:55:00+00:00\",\"dateModified\":\"2025-05-17T20:58:01+00:00\",\"mainEntityOfPage\":{\"@id\":\"https:\\\/\\\/www.webdo.tn\\\/fr\\\/actualite\\\/international\\\/twitter-elon-musk-envisage-de-rendre-les-comptes-certifies-payants\\\/198284\\\/\"},\"wordCount\":249,\"commentCount\":0,\"publisher\":{\"@id\":\"https:\\\/\\\/www.webdo.tn\\\/fr\\\/#organization\"},\"image\":{\"@id\":\"https:\\\/\\\/www.webdo.tn\\\/fr\\\/actualite\\\/international\\\/twitter-elon-musk-envisage-de-rendre-les-comptes-certifies-payants\\\/198284\\\/#primaryimage\"},\"thumbnailUrl\":\"https:\\\/\\\/www.webdo.tn\\\/fr\\\/wp-content\\\/uploads\\\/2022\\\/10\\\/cccdeed59ef7c8ef35626351f54d1a72.jpg\",\"keywords\":[\"Badge bleu\",\"compte v\u00e9rifi\u00e9\",\"Elon Musk\",\"Twitter\"],\"articleSection\":[\"International\"],\"inLanguage\":\"fr-FR\"},{\"@type\":\"WebPage\",\"@id\":\"https:\\\/\\\/www.webdo.tn\\\/fr\\\/actualite\\\/international\\\/twitter-elon-musk-envisage-de-rendre-les-comptes-certifies-payants\\\/198284\\\/\",\"url\":\"https:\\\/\\\/www.webdo.tn\\\/fr\\\/actualite\\\/international\\\/twitter-elon-musk-envisage-de-rendre-les-comptes-certifies-payants\\\/198284\\\/\",\"name\":\"Twitter : Elon Musk envisage de rendre les comptes certifi\u00e9s payants\",\"isPartOf\":{\"@id\":\"https:\\\/\\\/www.webdo.tn\\\/fr\\\/#website\"},\"primaryImageOfPage\":{\"@id\":\"https:\\\/\\\/www.webdo.tn\\\/fr\\\/actualite\\\/international\\\/twitter-elon-musk-envisage-de-rendre-les-comptes-certifies-payants\\\/198284\\\/#primaryimage\"},\"image\":{\"@id\":\"https:\\\/\\\/www.webdo.tn\\\/fr\\\/actualite\\\/international\\\/twitter-elon-musk-envisage-de-rendre-les-comptes-certifies-payants\\\/198284\\\/#primaryimage\"},\"thumbnailUrl\":\"https:\\\/\\\/www.webdo.tn\\\/fr\\\/wp-content\\\/uploads\\\/2022\\\/10\\\/cccdeed59ef7c8ef35626351f54d1a72.jpg\",\"datePublished\":\"2022-10-31T13:55:00+00:00\",\"dateModified\":\"2025-05-17T20:58:01+00:00\",\"description\":\"Apr\u00e8s le rachat du r\u00e9seau social par le milliardaire Elon Musk, l\u2019abonnement mensuel \u00e0 la version pro Twitter Blue va passer \u00e0 19,99 dollars (20,15 euros) et po...\",\"breadcrumb\":{\"@id\":\"https:\\\/\\\/www.webdo.tn\\\/fr\\\/actualite\\\/international\\\/twitter-elon-musk-envisage-de-rendre-les-comptes-certifies-payants\\\/198284\\\/#breadcrumb\"},\"inLanguage\":\"fr-FR\",\"potentialAction\":[{\"@type\":\"ReadAction\",\"target\":[\"https:\\\/\\\/www.webdo.tn\\\/fr\\\/actualite\\\/international\\\/twitter-elon-musk-envisage-de-rendre-les-comptes-certifies-payants\\\/198284\\\/\"]}]},{\"@type\":\"ImageObject\",\"inLanguage\":\"fr-FR\",\"@id\":\"https:\\\/\\\/www.webdo.tn\\\/fr\\\/actualite\\\/international\\\/twitter-elon-musk-envisage-de-rendre-les-comptes-certifies-payants\\\/198284\\\/#primaryimage\",\"url\":\"https:\\\/\\\/www.webdo.tn\\\/fr\\\/wp-content\\\/uploads\\\/2022\\\/10\\\/cccdeed59ef7c8ef35626351f54d1a72.jpg\",\"contentUrl\":\"https:\\\/\\\/www.webdo.tn\\\/fr\\\/wp-content\\\/uploads\\\/2022\\\/10\\\/cccdeed59ef7c8ef35626351f54d1a72.jpg\",\"width\":750,\"height\":400,\"caption\":\"Twitter\"},{\"@type\":\"BreadcrumbList\",\"@id\":\"https:\\\/\\\/www.webdo.tn\\\/fr\\\/actualite\\\/international\\\/twitter-elon-musk-envisage-de-rendre-les-comptes-certifies-payants\\\/198284\\\/#breadcrumb\",\"itemListElement\":[{\"@type\":\"ListItem\",\"position\":1,\"name\":\"Accueil\",\"item\":\"https:\\\/\\\/www.webdo.tn\\\/fr\\\/\"},{\"@type\":\"ListItem\",\"position\":2,\"name\":\"Twitter : Elon Musk envisage de rendre les comptes certifi\u00e9s payants\"}]},{\"@type\":\"WebSite\",\"@id\":\"https:\\\/\\\/www.webdo.tn\\\/fr\\\/#website\",\"url\":\"https:\\\/\\\/www.webdo.tn\\\/fr\\\/\",\"name\":\"webdo\",\"description\":\"Tunisie - News en Tunisie et \u00e0 l&#039;international sur Webdo.tn\",\"publisher\":{\"@id\":\"https:\\\/\\\/www.webdo.tn\\\/fr\\\/#organization\"},\"potentialAction\":[{\"@type\":\"SearchAction\",\"target\":{\"@type\":\"EntryPoint\",\"urlTemplate\":\"https:\\\/\\\/www.webdo.tn\\\/fr\\\/?s={search_term_string}\"},\"query-input\":{\"@type\":\"PropertyValueSpecification\",\"valueRequired\":true,\"valueName\":\"search_term_string\"}}],\"inLanguage\":\"fr-FR\"},{\"@type\":\"Organization\",\"@id\":\"https:\\\/\\\/www.webdo.tn\\\/fr\\\/#organization\",\"name\":\"Webdo\",\"alternateName\":\"Webdo.tn\",\"url\":\"https:\\\/\\\/www.webdo.tn\\\/fr\\\/\",\"logo\":{\"@type\":\"ImageObject\",\"inLanguage\":\"fr-FR\",\"@id\":\"https:\\\/\\\/www.webdo.tn\\\/fr\\\/#\\\/schema\\\/logo\\\/image\\\/\",\"url\":\"https:\\\/\\\/www.webdo.tn\\\/fr\\\/wp-content\\\/uploads\\\/2025\\\/06\\\/Webdo-Tunisie_168377.jpg\",\"contentUrl\":\"https:\\\/\\\/www.webdo.tn\\\/fr\\\/wp-content\\\/uploads\\\/2025\\\/06\\\/Webdo-Tunisie_168377.jpg\",\"width\":301,\"height\":301,\"caption\":\"Webdo\"},\"image\":{\"@id\":\"https:\\\/\\\/www.webdo.tn\\\/fr\\\/#\\\/schema\\\/logo\\\/image\\\/\"},\"sameAs\":[\"https:\\\/\\\/www.facebook.com\\\/webdotn\",\"https:\\\/\\\/x.com\\\/webdo_tn\"],\"description\":\"Webdo est un m\u00e9dia num\u00e9rique tunisien fond\u00e9 en 2010, sp\u00e9cialis\u00e9 dans l\u2019actualit\u00e9 nationale et internationale, l\u2019\u00e9conomie, la soci\u00e9t\u00e9 et les analyses politiques. Le site s\u2019adresse \u00e0 un large public francophone et couvre l\u2019information tunisienne en temps r\u00e9el.\",\"email\":\"redac@webdo.tn\",\"legalName\":\"YNJ SARL\",\"foundingDate\":\"2010-09-06\",\"numberOfEmployees\":{\"@type\":\"QuantitativeValue\",\"minValue\":\"11\",\"maxValue\":\"50\"}},{\"@type\":\"Person\",\"@id\":\"https:\\\/\\\/www.webdo.tn\\\/fr\\\/#\\\/schema\\\/person\\\/6e50a3c1ebb9274fbc3e320ee40ab3cf\",\"name\":\"AGENCES\",\"image\":{\"@type\":\"ImageObject\",\"inLanguage\":\"fr-FR\",\"@id\":\"https:\\\/\\\/secure.gravatar.com\\\/avatar\\\/192cf545e04a4d20df71f09060afe2e898c58de7001c8b9c56adb29027e8c38d?s=96&d=mm&r=g\",\"url\":\"https:\\\/\\\/secure.gravatar.com\\\/avatar\\\/192cf545e04a4d20df71f09060afe2e898c58de7001c8b9c56adb29027e8c38d?s=96&d=mm&r=g\",\"contentUrl\":\"https:\\\/\\\/secure.gravatar.com\\\/avatar\\\/192cf545e04a4d20df71f09060afe2e898c58de7001c8b9c56adb29027e8c38d?s=96&d=mm&r=g\",\"caption\":\"AGENCES\"},\"url\":\"https:\\\/\\\/www.webdo.tn\\\/fr\\\/actualite\\\/author\\\/agences\\\/\"}]}<\/script>\n<!-- \/ Yoast SEO Premium plugin. -->","yoast_head_json":{"title":"Twitter : Elon Musk envisage de rendre les comptes certifi\u00e9s payants","description":"Apr\u00e8s le rachat du r\u00e9seau social par le milliardaire Elon Musk, l\u2019abonnement mensuel \u00e0 la version pro Twitter Blue va passer \u00e0 19,99 dollars (20,15 euros) et po...","canonical":"https:\/\/www.webdo.tn\/fr\/actualite\/international\/twitter-elon-musk-envisage-de-rendre-les-comptes-certifies-payants\/198284\/","og_locale":"fr_FR","og_type":"article","og_title":"Twitter : Elon Musk envisage de rendre les comptes certifi\u00e9s payants","og_description":"Apr\u00e8s le rachat du r\u00e9seau social par le milliardaire Elon Musk, l\u2019abonnement mensuel \u00e0 la version pro Twitter Blue va passer \u00e0 19,99 dollars (20,15 euros) et po...","og_url":"https:\/\/www.webdo.tn\/fr\/actualite\/international\/twitter-elon-musk-envisage-de-rendre-les-comptes-certifies-payants\/198284\/","og_site_name":"webdo","article_publisher":"https:\/\/www.facebook.com\/webdotn","article_published_time":"2022-10-31T13:55:00+00:00","article_modified_time":"2025-05-17T20:58:01+00:00","og_image":[{"width":750,"height":400,"url":"https:\/\/www.webdo.tn\/fr\/wp-content\/uploads\/2022\/10\/cccdeed59ef7c8ef35626351f54d1a72.jpg","type":"image\/jpeg"}],"author":"AGENCES","twitter_card":"summary_large_image","twitter_creator":"@webdo_tn","twitter_site":"@webdo_tn","twitter_misc":{"\u00c9crit par":"AGENCES","Dur\u00e9e de lecture estim\u00e9e":"1 minute"},"schema":{"@context":"https:\/\/schema.org","@graph":[{"@type":"NewsArticle","@id":"https:\/\/www.webdo.tn\/fr\/actualite\/international\/twitter-elon-musk-envisage-de-rendre-les-comptes-certifies-payants\/198284\/#article","isPartOf":{"@id":"https:\/\/www.webdo.tn\/fr\/actualite\/international\/twitter-elon-musk-envisage-de-rendre-les-comptes-certifies-payants\/198284\/"},"author":{"name":"AGENCES","@id":"https:\/\/www.webdo.tn\/fr\/#\/schema\/person\/6e50a3c1ebb9274fbc3e320ee40ab3cf"},"headline":"Twitter : Elon Musk envisage de rendre les comptes certifi\u00e9s payants","datePublished":"2022-10-31T13:55:00+00:00","dateModified":"2025-05-17T20:58:01+00:00","mainEntityOfPage":{"@id":"https:\/\/www.webdo.tn\/fr\/actualite\/international\/twitter-elon-musk-envisage-de-rendre-les-comptes-certifies-payants\/198284\/"},"wordCount":249,"commentCount":0,"publisher":{"@id":"https:\/\/www.webdo.tn\/fr\/#organization"},"image":{"@id":"https:\/\/www.webdo.tn\/fr\/actualite\/international\/twitter-elon-musk-envisage-de-rendre-les-comptes-certifies-payants\/198284\/#primaryimage"},"thumbnailUrl":"https:\/\/www.webdo.tn\/fr\/wp-content\/uploads\/2022\/10\/cccdeed59ef7c8ef35626351f54d1a72.jpg","keywords":["Badge bleu","compte v\u00e9rifi\u00e9","Elon Musk","Twitter"],"articleSection":["International"],"inLanguage":"fr-FR"},{"@type":"WebPage","@id":"https:\/\/www.webdo.tn\/fr\/actualite\/international\/twitter-elon-musk-envisage-de-rendre-les-comptes-certifies-payants\/198284\/","url":"https:\/\/www.webdo.tn\/fr\/actualite\/international\/twitter-elon-musk-envisage-de-rendre-les-comptes-certifies-payants\/198284\/","name":"Twitter : Elon Musk envisage de rendre les comptes certifi\u00e9s payants","isPartOf":{"@id":"https:\/\/www.webdo.tn\/fr\/#website"},"primaryImageOfPage":{"@id":"https:\/\/www.webdo.tn\/fr\/actualite\/international\/twitter-elon-musk-envisage-de-rendre-les-comptes-certifies-payants\/198284\/#primaryimage"},"image":{"@id":"https:\/\/www.webdo.tn\/fr\/actualite\/international\/twitter-elon-musk-envisage-de-rendre-les-comptes-certifies-payants\/198284\/#primaryimage"},"thumbnailUrl":"https:\/\/www.webdo.tn\/fr\/wp-content\/uploads\/2022\/10\/cccdeed59ef7c8ef35626351f54d1a72.jpg","datePublished":"2022-10-31T13:55:00+00:00","dateModified":"2025-05-17T20:58:01+00:00","description":"Apr\u00e8s le rachat du r\u00e9seau social par le milliardaire Elon Musk, l\u2019abonnement mensuel \u00e0 la version pro Twitter Blue va passer \u00e0 19,99 dollars (20,15 euros) et po...","breadcrumb":{"@id":"https:\/\/www.webdo.tn\/fr\/actualite\/international\/twitter-elon-musk-envisage-de-rendre-les-comptes-certifies-payants\/198284\/#breadcrumb"},"inLanguage":"fr-FR","potentialAction":[{"@type":"ReadAction","target":["https:\/\/www.webdo.tn\/fr\/actualite\/international\/twitter-elon-musk-envisage-de-rendre-les-comptes-certifies-payants\/198284\/"]}]},{"@type":"ImageObject","inLanguage":"fr-FR","@id":"https:\/\/www.webdo.tn\/fr\/actualite\/international\/twitter-elon-musk-envisage-de-rendre-les-comptes-certifies-payants\/198284\/#primaryimage","url":"https:\/\/www.webdo.tn\/fr\/wp-content\/uploads\/2022\/10\/cccdeed59ef7c8ef35626351f54d1a72.jpg","contentUrl":"https:\/\/www.webdo.tn\/fr\/wp-content\/uploads\/2022\/10\/cccdeed59ef7c8ef35626351f54d1a72.jpg","width":750,"height":400,"caption":"Twitter"},{"@type":"BreadcrumbList","@id":"https:\/\/www.webdo.tn\/fr\/actualite\/international\/twitter-elon-musk-envisage-de-rendre-les-comptes-certifies-payants\/198284\/#breadcrumb","itemListElement":[{"@type":"ListItem","position":1,"name":"Accueil","item":"https:\/\/www.webdo.tn\/fr\/"},{"@type":"ListItem","position":2,"name":"Twitter : Elon Musk envisage de rendre les comptes certifi\u00e9s payants"}]},{"@type":"WebSite","@id":"https:\/\/www.webdo.tn\/fr\/#website","url":"https:\/\/www.webdo.tn\/fr\/","name":"webdo","description":"Tunisie - News en Tunisie et \u00e0 l&#039;international sur Webdo.tn","publisher":{"@id":"https:\/\/www.webdo.tn\/fr\/#organization"},"potentialAction":[{"@type":"SearchAction","target":{"@type":"EntryPoint","urlTemplate":"https:\/\/www.webdo.tn\/fr\/?s={search_term_string}"},"query-input":{"@type":"PropertyValueSpecification","valueRequired":true,"valueName":"search_term_string"}}],"inLanguage":"fr-FR"},{"@type":"Organization","@id":"https:\/\/www.webdo.tn\/fr\/#organization","name":"Webdo","alternateName":"Webdo.tn","url":"https:\/\/www.webdo.tn\/fr\/","logo":{"@type":"ImageObject","inLanguage":"fr-FR","@id":"https:\/\/www.webdo.tn\/fr\/#\/schema\/logo\/image\/","url":"https:\/\/www.webdo.tn\/fr\/wp-content\/uploads\/2025\/06\/Webdo-Tunisie_168377.jpg","contentUrl":"https:\/\/www.webdo.tn\/fr\/wp-content\/uploads\/2025\/06\/Webdo-Tunisie_168377.jpg","width":301,"height":301,"caption":"Webdo"},"image":{"@id":"https:\/\/www.webdo.tn\/fr\/#\/schema\/logo\/image\/"},"sameAs":["https:\/\/www.facebook.com\/webdotn","https:\/\/x.com\/webdo_tn"],"description":"Webdo est un m\u00e9dia num\u00e9rique tunisien fond\u00e9 en 2010, sp\u00e9cialis\u00e9 dans l\u2019actualit\u00e9 nationale et internationale, l\u2019\u00e9conomie, la soci\u00e9t\u00e9 et les analyses politiques. Le site s\u2019adresse \u00e0 un large public francophone et couvre l\u2019information tunisienne en temps r\u00e9el.","email":"redac@webdo.tn","legalName":"YNJ SARL","foundingDate":"2010-09-06","numberOfEmployees":{"@type":"QuantitativeValue","minValue":"11","maxValue":"50"}},{"@type":"Person","@id":"https:\/\/www.webdo.tn\/fr\/#\/schema\/person\/6e50a3c1ebb9274fbc3e320ee40ab3cf","name":"AGENCES","image":{"@type":"ImageObject","inLanguage":"fr-FR","@id":"https:\/\/secure.gravatar.com\/avatar\/192cf545e04a4d20df71f09060afe2e898c58de7001c8b9c56adb29027e8c38d?s=96&d=mm&r=g","url":"https:\/\/secure.gravatar.com\/avatar\/192cf545e04a4d20df71f09060afe2e898c58de7001c8b9c56adb29027e8c38d?s=96&d=mm&r=g","contentUrl":"https:\/\/secure.gravatar.com\/avatar\/192cf545e04a4d20df71f09060afe2e898c58de7001c8b9c56adb29027e8c38d?s=96&d=mm&r=g","caption":"AGENCES"},"url":"https:\/\/www.webdo.tn\/fr\/actualite\/author\/agences\/"}]}},"_links":{"self":[{"href":"https:\/\/www.webdo.tn\/fr\/wp-json\/wp\/v2\/posts\/198284","targetHints":{"allow":["GET"]}}],"collection":[{"href":"https:\/\/www.webdo.tn\/fr\/wp-json\/wp\/v2\/posts"}],"about":[{"href":"https:\/\/www.webdo.tn\/fr\/wp-json\/wp\/v2\/types\/post"}],"author":[{"embeddable":true,"href":"https:\/\/www.webdo.tn\/fr\/wp-json\/wp\/v2\/users\/3197"}],"replies":[{"embeddable":true,"href":"https:\/\/www.webdo.tn\/fr\/wp-json\/wp\/v2\/comments?post=198284"}],"version-history":[{"count":0,"href":"https:\/\/www.webdo.tn\/fr\/wp-json\/wp\/v2\/posts\/198284\/revisions"}],"wp:featuredmedia":[{"embeddable":true,"href":"https:\/\/www.webdo.tn\/fr\/wp-json\/wp\/v2\/media\/277276"}],"wp:attachment":[{"href":"https:\/\/www.webdo.tn\/fr\/wp-json\/wp\/v2\/media?parent=198284"}],"wp:term":[{"taxonomy":"category","embeddable":true,"href":"https:\/\/www.webdo.tn\/fr\/wp-json\/wp\/v2\/categories?post=198284"},{"taxonomy":"post_tag","embeddable":true,"href":"https:\/\/www.webdo.tn\/fr\/wp-json\/wp\/v2\/tags?post=198284"}],"curies":[{"name":"wp","href":"https:\/\/api.w.org\/{rel}","templated":true}]}}