{"id":198283,"date":"2022-10-31T13:54:00","date_gmt":"2022-10-31T13:54:00","guid":{"rendered":"https:\/\/www.webdo.tn\/fr\/blog\/l-italie-n-a-pas-refuse-le-retour-de-la-fillette-en-tunisie-selon-belhaj-moussa\/198283\/"},"modified":"2025-05-20T22:47:42","modified_gmt":"2025-05-20T22:47:42","slug":"l-italie-n-a-pas-refuse-le-retour-de-la-fillette-en-tunisie-selon-belhaj-moussa","status":"publish","type":"post","link":"https:\/\/www.webdo.tn\/fr\/actualite\/national\/l-italie-n-a-pas-refuse-le-retour-de-la-fillette-en-tunisie-selon-belhaj-moussa\/198283\/","title":{"rendered":"L\u2019Italie n\u2019a pas refus\u00e9 le retour de la fillette en Tunisie, selon Belhaj Moussa"},"content":{"rendered":"<p>La ministre de la Femme, Amel Belhadj Moussa, est revenue ce lundi 31 octobre 2022 sur l\u2019affaire de la fillette arriv\u00e9e seule \u00e0 Lampedusa en Italie.<\/p>\n<p>\t\t\t\t\t\t\t\t\tS\u2019exprimant sur les ondes de Mosa\u00efque FM, elle a d\u00e9menti les informations selon lesquelles l\u2019Italie aurait refus\u00e9 son retour en Tunisie.<\/p>\n<p>Elle a expliqu\u00e9 \u00e0 cet effet que plusieurs sessions sont effectu\u00e9es entre les parties tunisiennes et italiennes pour \u00e9tudier son cas.<\/p>\n<p>Elle a rappel\u00e9 dans ce sens que la premi\u00e8re audience judiciaire est pr\u00e9vue le 8 novembre 2022, avec la participation de plusieurs magistrats et de sp\u00e9cialistes en psychologie.<\/p>\n<p>L\u2019affaire de la fillette, \u00e2g\u00e9e de 4 ans, qui a fait, seule, la travers\u00e9e vers l\u2019\u00eele de Lampedusa en Italie, \u00e0 bord d\u2019une embarcation d&rsquo;\u00e9migration clandestine, est au point mort.<\/p>\n<p>Alors que la petite fille a \u00e9t\u00e9 plac\u00e9e dans un centre de pr\u00e9vention sp\u00e9cialis\u00e9 en attendant d\u2019\u00eatre rapatri\u00e9e, les autorit\u00e9s italiennes ont charg\u00e9 un avocat de ce dossier afin de refuser son rapatriement en Tunisie. C&rsquo;est ce qu&rsquo;a annonc\u00e9, pourtant, le porte-parole des tribunaux de Monastir, et Mahdia, Ferid Ben Jha.<\/p>\n","protected":false},"excerpt":{"rendered":"<p>La ministre de la Femme, Amel Belhadj Moussa, est revenue ce lundi 31 octobre 2022 sur l\u2019affaire de la fillette arriv\u00e9e seule \u00e0 Lampedusa en Italie.<\/p>\n","protected":false},"author":3175,"featured_media":277277,"comment_status":"open","ping_status":"closed","sticky":false,"template":"","format":"standard","meta":{"footnotes":""},"categories":[44],"tags":[8942,2660,2608],"class_list":["post-198283","post","type-post","status-publish","format-standard","has-post-thumbnail","hentry","category-national","tag-fillette","tag-italie","tag-tunisie"],"yoast_head":"<!-- This site is optimized with the Yoast SEO Premium plugin v27.5 (Yoast SEO v27.5) - https:\/\/yoast.com\/product\/yoast-seo-premium-wordpress\/ -->\n<title>L\u2019Italie n\u2019a pas refus\u00e9 le retour de la fillette en Tunisie, selon Belhaj Moussa<\/title>\n<meta name=\"description\" content=\"La ministre de la Femme, Amel Belhadj Moussa, est revenue ce lundi 31 octobre 2022 sur l\u2019affaire de la fillette arriv\u00e9e seule \u00e0 Lampedusa en Italie.\" \/>\n<link rel=\"canonical\" href=\"https:\/\/www.webdo.tn\/fr\/actualite\/national\/l-italie-n-a-pas-refuse-le-retour-de-la-fillette-en-tunisie-selon-belhaj-moussa\/198283\/\" \/>\n<meta property=\"og:locale\" content=\"fr_FR\" \/>\n<meta property=\"og:type\" content=\"article\" \/>\n<meta property=\"og:title\" content=\"L\u2019Italie n\u2019a pas refus\u00e9 le retour de la fillette en Tunisie, selon Belhaj Moussa\" \/>\n<meta property=\"og:description\" content=\"La ministre de la Femme, Amel Belhadj Moussa, est revenue ce lundi 31 octobre 2022 sur l\u2019affaire de la fillette arriv\u00e9e seule \u00e0 Lampedusa en Italie.\" \/>\n<meta property=\"og:url\" content=\"https:\/\/www.webdo.tn\/fr\/actualite\/national\/l-italie-n-a-pas-refuse-le-retour-de-la-fillette-en-tunisie-selon-belhaj-moussa\/198283\/\" \/>\n<meta property=\"og:site_name\" content=\"webdo\" \/>\n<meta property=\"article:publisher\" content=\"https:\/\/www.facebook.com\/webdotn\" \/>\n<meta property=\"article:published_time\" content=\"2022-10-31T13:54:00+00:00\" \/>\n<meta property=\"article:modified_time\" content=\"2025-05-20T22:47:42+00:00\" \/>\n<meta property=\"og:image\" content=\"https:\/\/www.webdo.tn\/fr\/wp-content\/uploads\/2022\/10\/12d528ee4192849553569d89a6aa2634.jpeg\" \/>\n\t<meta property=\"og:image:width\" content=\"299\" \/>\n\t<meta property=\"og:image:height\" content=\"159\" \/>\n\t<meta property=\"og:image:type\" content=\"image\/jpeg\" \/>\n<meta name=\"author\" content=\"CL\" \/>\n<meta name=\"twitter:card\" content=\"summary_large_image\" \/>\n<meta name=\"twitter:creator\" content=\"@webdo_tn\" \/>\n<meta name=\"twitter:site\" content=\"@webdo_tn\" \/>\n<meta name=\"twitter:label1\" content=\"\u00c9crit par\" \/>\n\t<meta name=\"twitter:data1\" content=\"CL\" \/>\n\t<meta name=\"twitter:label2\" content=\"Dur\u00e9e de lecture estim\u00e9e\" \/>\n\t<meta name=\"twitter:data2\" content=\"1 minute\" \/>\n<script type=\"application\/ld+json\" class=\"yoast-schema-graph\">{\"@context\":\"https:\\\/\\\/schema.org\",\"@graph\":[{\"@type\":\"NewsArticle\",\"@id\":\"https:\\\/\\\/www.webdo.tn\\\/fr\\\/actualite\\\/national\\\/l-italie-n-a-pas-refuse-le-retour-de-la-fillette-en-tunisie-selon-belhaj-moussa\\\/198283\\\/#article\",\"isPartOf\":{\"@id\":\"https:\\\/\\\/www.webdo.tn\\\/fr\\\/actualite\\\/national\\\/l-italie-n-a-pas-refuse-le-retour-de-la-fillette-en-tunisie-selon-belhaj-moussa\\\/198283\\\/\"},\"author\":{\"name\":\"CL\",\"@id\":\"https:\\\/\\\/www.webdo.tn\\\/fr\\\/#\\\/schema\\\/person\\\/f35b42a42c5e2511bbd282959d6385cc\"},\"headline\":\"L\u2019Italie n\u2019a pas refus\u00e9 le retour de la fillette en Tunisie, selon Belhaj Moussa\",\"datePublished\":\"2022-10-31T13:54:00+00:00\",\"dateModified\":\"2025-05-20T22:47:42+00:00\",\"mainEntityOfPage\":{\"@id\":\"https:\\\/\\\/www.webdo.tn\\\/fr\\\/actualite\\\/national\\\/l-italie-n-a-pas-refuse-le-retour-de-la-fillette-en-tunisie-selon-belhaj-moussa\\\/198283\\\/\"},\"wordCount\":209,\"commentCount\":0,\"publisher\":{\"@id\":\"https:\\\/\\\/www.webdo.tn\\\/fr\\\/#organization\"},\"image\":{\"@id\":\"https:\\\/\\\/www.webdo.tn\\\/fr\\\/actualite\\\/national\\\/l-italie-n-a-pas-refuse-le-retour-de-la-fillette-en-tunisie-selon-belhaj-moussa\\\/198283\\\/#primaryimage\"},\"thumbnailUrl\":\"https:\\\/\\\/www.webdo.tn\\\/fr\\\/wp-content\\\/uploads\\\/2022\\\/10\\\/12d528ee4192849553569d89a6aa2634.jpeg\",\"keywords\":[\"Fillette\",\"Italie\",\"Tunisie\"],\"articleSection\":[\"National\"],\"inLanguage\":\"fr-FR\"},{\"@type\":\"WebPage\",\"@id\":\"https:\\\/\\\/www.webdo.tn\\\/fr\\\/actualite\\\/national\\\/l-italie-n-a-pas-refuse-le-retour-de-la-fillette-en-tunisie-selon-belhaj-moussa\\\/198283\\\/\",\"url\":\"https:\\\/\\\/www.webdo.tn\\\/fr\\\/actualite\\\/national\\\/l-italie-n-a-pas-refuse-le-retour-de-la-fillette-en-tunisie-selon-belhaj-moussa\\\/198283\\\/\",\"name\":\"L\u2019Italie n\u2019a pas refus\u00e9 le retour de la fillette en Tunisie, selon Belhaj Moussa\",\"isPartOf\":{\"@id\":\"https:\\\/\\\/www.webdo.tn\\\/fr\\\/#website\"},\"primaryImageOfPage\":{\"@id\":\"https:\\\/\\\/www.webdo.tn\\\/fr\\\/actualite\\\/national\\\/l-italie-n-a-pas-refuse-le-retour-de-la-fillette-en-tunisie-selon-belhaj-moussa\\\/198283\\\/#primaryimage\"},\"image\":{\"@id\":\"https:\\\/\\\/www.webdo.tn\\\/fr\\\/actualite\\\/national\\\/l-italie-n-a-pas-refuse-le-retour-de-la-fillette-en-tunisie-selon-belhaj-moussa\\\/198283\\\/#primaryimage\"},\"thumbnailUrl\":\"https:\\\/\\\/www.webdo.tn\\\/fr\\\/wp-content\\\/uploads\\\/2022\\\/10\\\/12d528ee4192849553569d89a6aa2634.jpeg\",\"datePublished\":\"2022-10-31T13:54:00+00:00\",\"dateModified\":\"2025-05-20T22:47:42+00:00\",\"description\":\"La ministre de la Femme, Amel Belhadj Moussa, est revenue ce lundi 31 octobre 2022 sur l\u2019affaire de la fillette arriv\u00e9e seule \u00e0 Lampedusa en Italie.\",\"breadcrumb\":{\"@id\":\"https:\\\/\\\/www.webdo.tn\\\/fr\\\/actualite\\\/national\\\/l-italie-n-a-pas-refuse-le-retour-de-la-fillette-en-tunisie-selon-belhaj-moussa\\\/198283\\\/#breadcrumb\"},\"inLanguage\":\"fr-FR\",\"potentialAction\":[{\"@type\":\"ReadAction\",\"target\":[\"https:\\\/\\\/www.webdo.tn\\\/fr\\\/actualite\\\/national\\\/l-italie-n-a-pas-refuse-le-retour-de-la-fillette-en-tunisie-selon-belhaj-moussa\\\/198283\\\/\"]}]},{\"@type\":\"ImageObject\",\"inLanguage\":\"fr-FR\",\"@id\":\"https:\\\/\\\/www.webdo.tn\\\/fr\\\/actualite\\\/national\\\/l-italie-n-a-pas-refuse-le-retour-de-la-fillette-en-tunisie-selon-belhaj-moussa\\\/198283\\\/#primaryimage\",\"url\":\"https:\\\/\\\/www.webdo.tn\\\/fr\\\/wp-content\\\/uploads\\\/2022\\\/10\\\/12d528ee4192849553569d89a6aa2634.jpeg\",\"contentUrl\":\"https:\\\/\\\/www.webdo.tn\\\/fr\\\/wp-content\\\/uploads\\\/2022\\\/10\\\/12d528ee4192849553569d89a6aa2634.jpeg\",\"width\":299,\"height\":159,\"caption\":\"Fillette\"},{\"@type\":\"BreadcrumbList\",\"@id\":\"https:\\\/\\\/www.webdo.tn\\\/fr\\\/actualite\\\/national\\\/l-italie-n-a-pas-refuse-le-retour-de-la-fillette-en-tunisie-selon-belhaj-moussa\\\/198283\\\/#breadcrumb\",\"itemListElement\":[{\"@type\":\"ListItem\",\"position\":1,\"name\":\"Accueil\",\"item\":\"https:\\\/\\\/www.webdo.tn\\\/fr\\\/\"},{\"@type\":\"ListItem\",\"position\":2,\"name\":\"L\u2019Italie n\u2019a pas refus\u00e9 le retour de la fillette en Tunisie, selon Belhaj Moussa\"}]},{\"@type\":\"WebSite\",\"@id\":\"https:\\\/\\\/www.webdo.tn\\\/fr\\\/#website\",\"url\":\"https:\\\/\\\/www.webdo.tn\\\/fr\\\/\",\"name\":\"webdo\",\"description\":\"Tunisie - News en Tunisie et \u00e0 l&#039;international sur Webdo.tn\",\"publisher\":{\"@id\":\"https:\\\/\\\/www.webdo.tn\\\/fr\\\/#organization\"},\"potentialAction\":[{\"@type\":\"SearchAction\",\"target\":{\"@type\":\"EntryPoint\",\"urlTemplate\":\"https:\\\/\\\/www.webdo.tn\\\/fr\\\/?s={search_term_string}\"},\"query-input\":{\"@type\":\"PropertyValueSpecification\",\"valueRequired\":true,\"valueName\":\"search_term_string\"}}],\"inLanguage\":\"fr-FR\"},{\"@type\":\"Organization\",\"@id\":\"https:\\\/\\\/www.webdo.tn\\\/fr\\\/#organization\",\"name\":\"Webdo\",\"alternateName\":\"Webdo.tn\",\"url\":\"https:\\\/\\\/www.webdo.tn\\\/fr\\\/\",\"logo\":{\"@type\":\"ImageObject\",\"inLanguage\":\"fr-FR\",\"@id\":\"https:\\\/\\\/www.webdo.tn\\\/fr\\\/#\\\/schema\\\/logo\\\/image\\\/\",\"url\":\"https:\\\/\\\/www.webdo.tn\\\/fr\\\/wp-content\\\/uploads\\\/2025\\\/06\\\/Webdo-Tunisie_168377.jpg\",\"contentUrl\":\"https:\\\/\\\/www.webdo.tn\\\/fr\\\/wp-content\\\/uploads\\\/2025\\\/06\\\/Webdo-Tunisie_168377.jpg\",\"width\":301,\"height\":301,\"caption\":\"Webdo\"},\"image\":{\"@id\":\"https:\\\/\\\/www.webdo.tn\\\/fr\\\/#\\\/schema\\\/logo\\\/image\\\/\"},\"sameAs\":[\"https:\\\/\\\/www.facebook.com\\\/webdotn\",\"https:\\\/\\\/x.com\\\/webdo_tn\"],\"description\":\"Webdo est un m\u00e9dia num\u00e9rique tunisien fond\u00e9 en 2010, sp\u00e9cialis\u00e9 dans l\u2019actualit\u00e9 nationale et internationale, l\u2019\u00e9conomie, la soci\u00e9t\u00e9 et les analyses politiques. Le site s\u2019adresse \u00e0 un large public francophone et couvre l\u2019information tunisienne en temps r\u00e9el.\",\"email\":\"redac@webdo.tn\",\"legalName\":\"YNJ SARL\",\"foundingDate\":\"2010-09-06\",\"numberOfEmployees\":{\"@type\":\"QuantitativeValue\",\"minValue\":\"11\",\"maxValue\":\"50\"}},{\"@type\":\"Person\",\"@id\":\"https:\\\/\\\/www.webdo.tn\\\/fr\\\/#\\\/schema\\\/person\\\/f35b42a42c5e2511bbd282959d6385cc\",\"name\":\"CL\",\"image\":{\"@type\":\"ImageObject\",\"inLanguage\":\"fr-FR\",\"@id\":\"https:\\\/\\\/secure.gravatar.com\\\/avatar\\\/1447a49909b67aa657c488aec6512e1dd6143a480c1ecfee9b5b5cd74eb3b59e?s=96&d=mm&r=g\",\"url\":\"https:\\\/\\\/secure.gravatar.com\\\/avatar\\\/1447a49909b67aa657c488aec6512e1dd6143a480c1ecfee9b5b5cd74eb3b59e?s=96&d=mm&r=g\",\"contentUrl\":\"https:\\\/\\\/secure.gravatar.com\\\/avatar\\\/1447a49909b67aa657c488aec6512e1dd6143a480c1ecfee9b5b5cd74eb3b59e?s=96&d=mm&r=g\",\"caption\":\"CL\"},\"url\":\"https:\\\/\\\/www.webdo.tn\\\/fr\\\/actualite\\\/author\\\/cl\\\/\"}]}<\/script>\n<!-- \/ Yoast SEO Premium plugin. -->","yoast_head_json":{"title":"L\u2019Italie n\u2019a pas refus\u00e9 le retour de la fillette en Tunisie, selon Belhaj Moussa","description":"La ministre de la Femme, Amel Belhadj Moussa, est revenue ce lundi 31 octobre 2022 sur l\u2019affaire de la fillette arriv\u00e9e seule \u00e0 Lampedusa en Italie.","canonical":"https:\/\/www.webdo.tn\/fr\/actualite\/national\/l-italie-n-a-pas-refuse-le-retour-de-la-fillette-en-tunisie-selon-belhaj-moussa\/198283\/","og_locale":"fr_FR","og_type":"article","og_title":"L\u2019Italie n\u2019a pas refus\u00e9 le retour de la fillette en Tunisie, selon Belhaj Moussa","og_description":"La ministre de la Femme, Amel Belhadj Moussa, est revenue ce lundi 31 octobre 2022 sur l\u2019affaire de la fillette arriv\u00e9e seule \u00e0 Lampedusa en Italie.","og_url":"https:\/\/www.webdo.tn\/fr\/actualite\/national\/l-italie-n-a-pas-refuse-le-retour-de-la-fillette-en-tunisie-selon-belhaj-moussa\/198283\/","og_site_name":"webdo","article_publisher":"https:\/\/www.facebook.com\/webdotn","article_published_time":"2022-10-31T13:54:00+00:00","article_modified_time":"2025-05-20T22:47:42+00:00","og_image":[{"width":299,"height":159,"url":"https:\/\/www.webdo.tn\/fr\/wp-content\/uploads\/2022\/10\/12d528ee4192849553569d89a6aa2634.jpeg","type":"image\/jpeg"}],"author":"CL","twitter_card":"summary_large_image","twitter_creator":"@webdo_tn","twitter_site":"@webdo_tn","twitter_misc":{"\u00c9crit par":"CL","Dur\u00e9e de lecture estim\u00e9e":"1 minute"},"schema":{"@context":"https:\/\/schema.org","@graph":[{"@type":"NewsArticle","@id":"https:\/\/www.webdo.tn\/fr\/actualite\/national\/l-italie-n-a-pas-refuse-le-retour-de-la-fillette-en-tunisie-selon-belhaj-moussa\/198283\/#article","isPartOf":{"@id":"https:\/\/www.webdo.tn\/fr\/actualite\/national\/l-italie-n-a-pas-refuse-le-retour-de-la-fillette-en-tunisie-selon-belhaj-moussa\/198283\/"},"author":{"name":"CL","@id":"https:\/\/www.webdo.tn\/fr\/#\/schema\/person\/f35b42a42c5e2511bbd282959d6385cc"},"headline":"L\u2019Italie n\u2019a pas refus\u00e9 le retour de la fillette en Tunisie, selon Belhaj Moussa","datePublished":"2022-10-31T13:54:00+00:00","dateModified":"2025-05-20T22:47:42+00:00","mainEntityOfPage":{"@id":"https:\/\/www.webdo.tn\/fr\/actualite\/national\/l-italie-n-a-pas-refuse-le-retour-de-la-fillette-en-tunisie-selon-belhaj-moussa\/198283\/"},"wordCount":209,"commentCount":0,"publisher":{"@id":"https:\/\/www.webdo.tn\/fr\/#organization"},"image":{"@id":"https:\/\/www.webdo.tn\/fr\/actualite\/national\/l-italie-n-a-pas-refuse-le-retour-de-la-fillette-en-tunisie-selon-belhaj-moussa\/198283\/#primaryimage"},"thumbnailUrl":"https:\/\/www.webdo.tn\/fr\/wp-content\/uploads\/2022\/10\/12d528ee4192849553569d89a6aa2634.jpeg","keywords":["Fillette","Italie","Tunisie"],"articleSection":["National"],"inLanguage":"fr-FR"},{"@type":"WebPage","@id":"https:\/\/www.webdo.tn\/fr\/actualite\/national\/l-italie-n-a-pas-refuse-le-retour-de-la-fillette-en-tunisie-selon-belhaj-moussa\/198283\/","url":"https:\/\/www.webdo.tn\/fr\/actualite\/national\/l-italie-n-a-pas-refuse-le-retour-de-la-fillette-en-tunisie-selon-belhaj-moussa\/198283\/","name":"L\u2019Italie n\u2019a pas refus\u00e9 le retour de la fillette en Tunisie, selon Belhaj Moussa","isPartOf":{"@id":"https:\/\/www.webdo.tn\/fr\/#website"},"primaryImageOfPage":{"@id":"https:\/\/www.webdo.tn\/fr\/actualite\/national\/l-italie-n-a-pas-refuse-le-retour-de-la-fillette-en-tunisie-selon-belhaj-moussa\/198283\/#primaryimage"},"image":{"@id":"https:\/\/www.webdo.tn\/fr\/actualite\/national\/l-italie-n-a-pas-refuse-le-retour-de-la-fillette-en-tunisie-selon-belhaj-moussa\/198283\/#primaryimage"},"thumbnailUrl":"https:\/\/www.webdo.tn\/fr\/wp-content\/uploads\/2022\/10\/12d528ee4192849553569d89a6aa2634.jpeg","datePublished":"2022-10-31T13:54:00+00:00","dateModified":"2025-05-20T22:47:42+00:00","description":"La ministre de la Femme, Amel Belhadj Moussa, est revenue ce lundi 31 octobre 2022 sur l\u2019affaire de la fillette arriv\u00e9e seule \u00e0 Lampedusa en Italie.","breadcrumb":{"@id":"https:\/\/www.webdo.tn\/fr\/actualite\/national\/l-italie-n-a-pas-refuse-le-retour-de-la-fillette-en-tunisie-selon-belhaj-moussa\/198283\/#breadcrumb"},"inLanguage":"fr-FR","potentialAction":[{"@type":"ReadAction","target":["https:\/\/www.webdo.tn\/fr\/actualite\/national\/l-italie-n-a-pas-refuse-le-retour-de-la-fillette-en-tunisie-selon-belhaj-moussa\/198283\/"]}]},{"@type":"ImageObject","inLanguage":"fr-FR","@id":"https:\/\/www.webdo.tn\/fr\/actualite\/national\/l-italie-n-a-pas-refuse-le-retour-de-la-fillette-en-tunisie-selon-belhaj-moussa\/198283\/#primaryimage","url":"https:\/\/www.webdo.tn\/fr\/wp-content\/uploads\/2022\/10\/12d528ee4192849553569d89a6aa2634.jpeg","contentUrl":"https:\/\/www.webdo.tn\/fr\/wp-content\/uploads\/2022\/10\/12d528ee4192849553569d89a6aa2634.jpeg","width":299,"height":159,"caption":"Fillette"},{"@type":"BreadcrumbList","@id":"https:\/\/www.webdo.tn\/fr\/actualite\/national\/l-italie-n-a-pas-refuse-le-retour-de-la-fillette-en-tunisie-selon-belhaj-moussa\/198283\/#breadcrumb","itemListElement":[{"@type":"ListItem","position":1,"name":"Accueil","item":"https:\/\/www.webdo.tn\/fr\/"},{"@type":"ListItem","position":2,"name":"L\u2019Italie n\u2019a pas refus\u00e9 le retour de la fillette en Tunisie, selon Belhaj Moussa"}]},{"@type":"WebSite","@id":"https:\/\/www.webdo.tn\/fr\/#website","url":"https:\/\/www.webdo.tn\/fr\/","name":"webdo","description":"Tunisie - News en Tunisie et \u00e0 l&#039;international sur Webdo.tn","publisher":{"@id":"https:\/\/www.webdo.tn\/fr\/#organization"},"potentialAction":[{"@type":"SearchAction","target":{"@type":"EntryPoint","urlTemplate":"https:\/\/www.webdo.tn\/fr\/?s={search_term_string}"},"query-input":{"@type":"PropertyValueSpecification","valueRequired":true,"valueName":"search_term_string"}}],"inLanguage":"fr-FR"},{"@type":"Organization","@id":"https:\/\/www.webdo.tn\/fr\/#organization","name":"Webdo","alternateName":"Webdo.tn","url":"https:\/\/www.webdo.tn\/fr\/","logo":{"@type":"ImageObject","inLanguage":"fr-FR","@id":"https:\/\/www.webdo.tn\/fr\/#\/schema\/logo\/image\/","url":"https:\/\/www.webdo.tn\/fr\/wp-content\/uploads\/2025\/06\/Webdo-Tunisie_168377.jpg","contentUrl":"https:\/\/www.webdo.tn\/fr\/wp-content\/uploads\/2025\/06\/Webdo-Tunisie_168377.jpg","width":301,"height":301,"caption":"Webdo"},"image":{"@id":"https:\/\/www.webdo.tn\/fr\/#\/schema\/logo\/image\/"},"sameAs":["https:\/\/www.facebook.com\/webdotn","https:\/\/x.com\/webdo_tn"],"description":"Webdo est un m\u00e9dia num\u00e9rique tunisien fond\u00e9 en 2010, sp\u00e9cialis\u00e9 dans l\u2019actualit\u00e9 nationale et internationale, l\u2019\u00e9conomie, la soci\u00e9t\u00e9 et les analyses politiques. Le site s\u2019adresse \u00e0 un large public francophone et couvre l\u2019information tunisienne en temps r\u00e9el.","email":"redac@webdo.tn","legalName":"YNJ SARL","foundingDate":"2010-09-06","numberOfEmployees":{"@type":"QuantitativeValue","minValue":"11","maxValue":"50"}},{"@type":"Person","@id":"https:\/\/www.webdo.tn\/fr\/#\/schema\/person\/f35b42a42c5e2511bbd282959d6385cc","name":"CL","image":{"@type":"ImageObject","inLanguage":"fr-FR","@id":"https:\/\/secure.gravatar.com\/avatar\/1447a49909b67aa657c488aec6512e1dd6143a480c1ecfee9b5b5cd74eb3b59e?s=96&d=mm&r=g","url":"https:\/\/secure.gravatar.com\/avatar\/1447a49909b67aa657c488aec6512e1dd6143a480c1ecfee9b5b5cd74eb3b59e?s=96&d=mm&r=g","contentUrl":"https:\/\/secure.gravatar.com\/avatar\/1447a49909b67aa657c488aec6512e1dd6143a480c1ecfee9b5b5cd74eb3b59e?s=96&d=mm&r=g","caption":"CL"},"url":"https:\/\/www.webdo.tn\/fr\/actualite\/author\/cl\/"}]}},"_links":{"self":[{"href":"https:\/\/www.webdo.tn\/fr\/wp-json\/wp\/v2\/posts\/198283","targetHints":{"allow":["GET"]}}],"collection":[{"href":"https:\/\/www.webdo.tn\/fr\/wp-json\/wp\/v2\/posts"}],"about":[{"href":"https:\/\/www.webdo.tn\/fr\/wp-json\/wp\/v2\/types\/post"}],"author":[{"embeddable":true,"href":"https:\/\/www.webdo.tn\/fr\/wp-json\/wp\/v2\/users\/3175"}],"replies":[{"embeddable":true,"href":"https:\/\/www.webdo.tn\/fr\/wp-json\/wp\/v2\/comments?post=198283"}],"version-history":[{"count":0,"href":"https:\/\/www.webdo.tn\/fr\/wp-json\/wp\/v2\/posts\/198283\/revisions"}],"wp:featuredmedia":[{"embeddable":true,"href":"https:\/\/www.webdo.tn\/fr\/wp-json\/wp\/v2\/media\/277277"}],"wp:attachment":[{"href":"https:\/\/www.webdo.tn\/fr\/wp-json\/wp\/v2\/media?parent=198283"}],"wp:term":[{"taxonomy":"category","embeddable":true,"href":"https:\/\/www.webdo.tn\/fr\/wp-json\/wp\/v2\/categories?post=198283"},{"taxonomy":"post_tag","embeddable":true,"href":"https:\/\/www.webdo.tn\/fr\/wp-json\/wp\/v2\/tags?post=198283"}],"curies":[{"name":"wp","href":"https:\/\/api.w.org\/{rel}","templated":true}]}}