{"id":198277,"date":"2022-10-31T12:17:00","date_gmt":"2022-10-31T12:17:00","guid":{"rendered":"https:\/\/www.webdo.tn\/fr\/blog\/le-telescope-spatial-james-webb-sujet-d-une-soiree-a-la-cite-des-sciences-de-tunis\/198277\/"},"modified":"2025-05-20T23:02:24","modified_gmt":"2025-05-20T23:02:24","slug":"le-telescope-spatial-james-webb-sujet-d-une-soiree-a-la-cite-des-sciences-de-tunis","status":"publish","type":"post","link":"https:\/\/www.webdo.tn\/fr\/actualite\/national\/le-telescope-spatial-james-webb-sujet-d-une-soiree-a-la-cite-des-sciences-de-tunis\/198277\/","title":{"rendered":"Le t\u00e9lescope spatial \u00a0\u00bbJames Webb\u00a0\u00bb sujet d\u2019une soir\u00e9e \u00e0 la cit\u00e9 des sciences de Tunis"},"content":{"rendered":"<p>La cit\u00e9 des sciences \u00e0 Tunis organise, le 5 novembre prochain de 18H00 \u00e0 21H00, une soir\u00e9e astronomique sur le t\u00e9lescope spatial \u00a0\u00bbJames Webb\u00a0\u00bb, lanc\u00e9 depuis trois mois par la NASA, a d\u00e9clar\u00e9, lundi \u00e0 la TAP, le sp\u00e9cialiste en astronomie, Hichem Ben Yahya.<\/p>\n<p>\t\t\t\t\t\t\t\t\tIl a ajout\u00e9 que l&rsquo;\u00e9v\u00e9nement est ouvert, gratuitement, au public et que cette manifestation scientifique vise \u00e0 diffuser et \u00e0 simplifier l&rsquo;information scientifique.<br \/>\nIl a indiqu\u00e9 que la Cit\u00e9 des sciences a \u00e9labor\u00e9, \u00e0 cet \u00e9gard, un programme scientifique ax\u00e9 sur la pr\u00e9sentation du t\u00e9lescope James Webb, qui depuis son lancement sur son orbite dans l&rsquo;espace a remport\u00e9 un succ\u00e8s retentissant qui a d\u00e9pass\u00e9 les attentes des scientifiques et a fourni des images sur la pr\u00e9sence d&rsquo;eau sur une exoplan\u00e8te.<\/p>\n<p>Le sp\u00e9cialiste a fait savoir que cet \u00e9v\u00e9nement permettra aux visiteurs de voir Jupiter, Saturne et la Lune, et d&rsquo;assister \u00e0 des ateliers sur l&rsquo;application Stellarium Mobile de plan\u00e9tarium affichant une carte pr\u00e9cise du ciel pour d\u00e9couvrir les astres.<\/p>\n","protected":false},"excerpt":{"rendered":"<p>La cit\u00e9 des sciences \u00e0 Tunis organise, le 5 novembre prochain de 18H00 \u00e0 21H00, une soir\u00e9e astronomique sur le t\u00e9lescope spatial \u00a0\u00bbJames Webb\u00a0\u00bb, lanc\u00e9 depuis tr&#8230;<\/p>\n","protected":false},"author":3201,"featured_media":277271,"comment_status":"open","ping_status":"closed","sticky":false,"template":"","format":"standard","meta":{"footnotes":""},"categories":[44],"tags":[3621,9155],"class_list":["post-198277","post","type-post","status-publish","format-standard","has-post-thumbnail","hentry","category-national","tag-cite-des-sciences","tag-james-webb"],"yoast_head":"<!-- This site is optimized with the Yoast SEO Premium plugin v27.4 (Yoast SEO v27.4) - https:\/\/yoast.com\/product\/yoast-seo-premium-wordpress\/ -->\n<title>Le t\u00e9lescope spatial &#039;&#039;James Webb&#039;&#039; sujet d\u2019une soir\u00e9e \u00e0 la cit\u00e9 des sciences de Tunis<\/title>\n<meta name=\"description\" content=\"La cit\u00e9 des sciences \u00e0 Tunis organise, le 5 novembre prochain de 18H00 \u00e0 21H00, une soir\u00e9e astronomique sur le t\u00e9lescope spatial &#039;&#039;James Webb&#039;&#039;, lanc\u00e9 depuis tr...\" \/>\n<link rel=\"canonical\" href=\"https:\/\/www.webdo.tn\/fr\/actualite\/national\/le-telescope-spatial-james-webb-sujet-d-une-soiree-a-la-cite-des-sciences-de-tunis\/198277\/\" \/>\n<meta property=\"og:locale\" content=\"fr_FR\" \/>\n<meta property=\"og:type\" content=\"article\" \/>\n<meta property=\"og:title\" content=\"Le t\u00e9lescope spatial &#039;&#039;James Webb&#039;&#039; sujet d\u2019une soir\u00e9e \u00e0 la cit\u00e9 des sciences de Tunis\" \/>\n<meta property=\"og:description\" content=\"La cit\u00e9 des sciences \u00e0 Tunis organise, le 5 novembre prochain de 18H00 \u00e0 21H00, une soir\u00e9e astronomique sur le t\u00e9lescope spatial &#039;&#039;James Webb&#039;&#039;, lanc\u00e9 depuis tr...\" \/>\n<meta property=\"og:url\" content=\"https:\/\/www.webdo.tn\/fr\/actualite\/national\/le-telescope-spatial-james-webb-sujet-d-une-soiree-a-la-cite-des-sciences-de-tunis\/198277\/\" \/>\n<meta property=\"og:site_name\" content=\"webdo\" \/>\n<meta property=\"article:publisher\" content=\"https:\/\/www.facebook.com\/webdotn\" \/>\n<meta property=\"article:published_time\" content=\"2022-10-31T12:17:00+00:00\" \/>\n<meta property=\"article:modified_time\" content=\"2025-05-20T23:02:24+00:00\" \/>\n<meta property=\"og:image\" content=\"https:\/\/www.webdo.tn\/fr\/wp-content\/uploads\/2022\/10\/e315ae8faa39d934bd60c09edb1b6795.jpg\" \/>\n\t<meta property=\"og:image:width\" content=\"750\" \/>\n\t<meta property=\"og:image:height\" content=\"400\" \/>\n\t<meta property=\"og:image:type\" content=\"image\/jpeg\" \/>\n<meta name=\"author\" content=\"TAP\" \/>\n<meta name=\"twitter:card\" content=\"summary_large_image\" \/>\n<meta name=\"twitter:creator\" content=\"@webdo_tn\" \/>\n<meta name=\"twitter:site\" content=\"@webdo_tn\" \/>\n<meta name=\"twitter:label1\" content=\"\u00c9crit par\" \/>\n\t<meta name=\"twitter:data1\" content=\"TAP\" \/>\n\t<meta name=\"twitter:label2\" content=\"Dur\u00e9e de lecture estim\u00e9e\" \/>\n\t<meta name=\"twitter:data2\" content=\"1 minute\" \/>\n<script type=\"application\/ld+json\" class=\"yoast-schema-graph\">{\"@context\":\"https:\\\/\\\/schema.org\",\"@graph\":[{\"@type\":\"NewsArticle\",\"@id\":\"https:\\\/\\\/www.webdo.tn\\\/fr\\\/actualite\\\/national\\\/le-telescope-spatial-james-webb-sujet-d-une-soiree-a-la-cite-des-sciences-de-tunis\\\/198277\\\/#article\",\"isPartOf\":{\"@id\":\"https:\\\/\\\/www.webdo.tn\\\/fr\\\/actualite\\\/national\\\/le-telescope-spatial-james-webb-sujet-d-une-soiree-a-la-cite-des-sciences-de-tunis\\\/198277\\\/\"},\"author\":{\"name\":\"TAP\",\"@id\":\"https:\\\/\\\/www.webdo.tn\\\/fr\\\/#\\\/schema\\\/person\\\/2e5319695d57bc650443a6aa4aebadb3\"},\"headline\":\"Le t\u00e9lescope spatial \u00a0\u00bbJames Webb\u00a0\u00bb sujet d\u2019une soir\u00e9e \u00e0 la cit\u00e9 des sciences de Tunis\",\"datePublished\":\"2022-10-31T12:17:00+00:00\",\"dateModified\":\"2025-05-20T23:02:24+00:00\",\"mainEntityOfPage\":{\"@id\":\"https:\\\/\\\/www.webdo.tn\\\/fr\\\/actualite\\\/national\\\/le-telescope-spatial-james-webb-sujet-d-une-soiree-a-la-cite-des-sciences-de-tunis\\\/198277\\\/\"},\"wordCount\":194,\"commentCount\":0,\"publisher\":{\"@id\":\"https:\\\/\\\/www.webdo.tn\\\/fr\\\/#organization\"},\"image\":{\"@id\":\"https:\\\/\\\/www.webdo.tn\\\/fr\\\/actualite\\\/national\\\/le-telescope-spatial-james-webb-sujet-d-une-soiree-a-la-cite-des-sciences-de-tunis\\\/198277\\\/#primaryimage\"},\"thumbnailUrl\":\"https:\\\/\\\/www.webdo.tn\\\/fr\\\/wp-content\\\/uploads\\\/2022\\\/10\\\/e315ae8faa39d934bd60c09edb1b6795.jpg\",\"keywords\":[\"cit\u00e9 des sciences\",\"James Webb\"],\"articleSection\":[\"National\"],\"inLanguage\":\"fr-FR\"},{\"@type\":\"WebPage\",\"@id\":\"https:\\\/\\\/www.webdo.tn\\\/fr\\\/actualite\\\/national\\\/le-telescope-spatial-james-webb-sujet-d-une-soiree-a-la-cite-des-sciences-de-tunis\\\/198277\\\/\",\"url\":\"https:\\\/\\\/www.webdo.tn\\\/fr\\\/actualite\\\/national\\\/le-telescope-spatial-james-webb-sujet-d-une-soiree-a-la-cite-des-sciences-de-tunis\\\/198277\\\/\",\"name\":\"Le t\u00e9lescope spatial ''James Webb'' sujet d\u2019une soir\u00e9e \u00e0 la cit\u00e9 des sciences de Tunis\",\"isPartOf\":{\"@id\":\"https:\\\/\\\/www.webdo.tn\\\/fr\\\/#website\"},\"primaryImageOfPage\":{\"@id\":\"https:\\\/\\\/www.webdo.tn\\\/fr\\\/actualite\\\/national\\\/le-telescope-spatial-james-webb-sujet-d-une-soiree-a-la-cite-des-sciences-de-tunis\\\/198277\\\/#primaryimage\"},\"image\":{\"@id\":\"https:\\\/\\\/www.webdo.tn\\\/fr\\\/actualite\\\/national\\\/le-telescope-spatial-james-webb-sujet-d-une-soiree-a-la-cite-des-sciences-de-tunis\\\/198277\\\/#primaryimage\"},\"thumbnailUrl\":\"https:\\\/\\\/www.webdo.tn\\\/fr\\\/wp-content\\\/uploads\\\/2022\\\/10\\\/e315ae8faa39d934bd60c09edb1b6795.jpg\",\"datePublished\":\"2022-10-31T12:17:00+00:00\",\"dateModified\":\"2025-05-20T23:02:24+00:00\",\"description\":\"La cit\u00e9 des sciences \u00e0 Tunis organise, le 5 novembre prochain de 18H00 \u00e0 21H00, une soir\u00e9e astronomique sur le t\u00e9lescope spatial ''James Webb'', lanc\u00e9 depuis tr...\",\"breadcrumb\":{\"@id\":\"https:\\\/\\\/www.webdo.tn\\\/fr\\\/actualite\\\/national\\\/le-telescope-spatial-james-webb-sujet-d-une-soiree-a-la-cite-des-sciences-de-tunis\\\/198277\\\/#breadcrumb\"},\"inLanguage\":\"fr-FR\",\"potentialAction\":[{\"@type\":\"ReadAction\",\"target\":[\"https:\\\/\\\/www.webdo.tn\\\/fr\\\/actualite\\\/national\\\/le-telescope-spatial-james-webb-sujet-d-une-soiree-a-la-cite-des-sciences-de-tunis\\\/198277\\\/\"]}]},{\"@type\":\"ImageObject\",\"inLanguage\":\"fr-FR\",\"@id\":\"https:\\\/\\\/www.webdo.tn\\\/fr\\\/actualite\\\/national\\\/le-telescope-spatial-james-webb-sujet-d-une-soiree-a-la-cite-des-sciences-de-tunis\\\/198277\\\/#primaryimage\",\"url\":\"https:\\\/\\\/www.webdo.tn\\\/fr\\\/wp-content\\\/uploads\\\/2022\\\/10\\\/e315ae8faa39d934bd60c09edb1b6795.jpg\",\"contentUrl\":\"https:\\\/\\\/www.webdo.tn\\\/fr\\\/wp-content\\\/uploads\\\/2022\\\/10\\\/e315ae8faa39d934bd60c09edb1b6795.jpg\",\"width\":750,\"height\":400,\"caption\":\"James Webb\"},{\"@type\":\"BreadcrumbList\",\"@id\":\"https:\\\/\\\/www.webdo.tn\\\/fr\\\/actualite\\\/national\\\/le-telescope-spatial-james-webb-sujet-d-une-soiree-a-la-cite-des-sciences-de-tunis\\\/198277\\\/#breadcrumb\",\"itemListElement\":[{\"@type\":\"ListItem\",\"position\":1,\"name\":\"Accueil\",\"item\":\"https:\\\/\\\/www.webdo.tn\\\/fr\\\/\"},{\"@type\":\"ListItem\",\"position\":2,\"name\":\"Le t\u00e9lescope spatial \u00a0\u00bbJames Webb\u00a0\u00bb sujet d\u2019une soir\u00e9e \u00e0 la cit\u00e9 des sciences de Tunis\"}]},{\"@type\":\"WebSite\",\"@id\":\"https:\\\/\\\/www.webdo.tn\\\/fr\\\/#website\",\"url\":\"https:\\\/\\\/www.webdo.tn\\\/fr\\\/\",\"name\":\"webdo\",\"description\":\"Tunisie - News en Tunisie et \u00e0 l&#039;international sur Webdo.tn\",\"publisher\":{\"@id\":\"https:\\\/\\\/www.webdo.tn\\\/fr\\\/#organization\"},\"potentialAction\":[{\"@type\":\"SearchAction\",\"target\":{\"@type\":\"EntryPoint\",\"urlTemplate\":\"https:\\\/\\\/www.webdo.tn\\\/fr\\\/?s={search_term_string}\"},\"query-input\":{\"@type\":\"PropertyValueSpecification\",\"valueRequired\":true,\"valueName\":\"search_term_string\"}}],\"inLanguage\":\"fr-FR\"},{\"@type\":\"Organization\",\"@id\":\"https:\\\/\\\/www.webdo.tn\\\/fr\\\/#organization\",\"name\":\"Webdo\",\"alternateName\":\"Webdo.tn\",\"url\":\"https:\\\/\\\/www.webdo.tn\\\/fr\\\/\",\"logo\":{\"@type\":\"ImageObject\",\"inLanguage\":\"fr-FR\",\"@id\":\"https:\\\/\\\/www.webdo.tn\\\/fr\\\/#\\\/schema\\\/logo\\\/image\\\/\",\"url\":\"https:\\\/\\\/www.webdo.tn\\\/fr\\\/wp-content\\\/uploads\\\/2025\\\/06\\\/Webdo-Tunisie_168377.jpg\",\"contentUrl\":\"https:\\\/\\\/www.webdo.tn\\\/fr\\\/wp-content\\\/uploads\\\/2025\\\/06\\\/Webdo-Tunisie_168377.jpg\",\"width\":301,\"height\":301,\"caption\":\"Webdo\"},\"image\":{\"@id\":\"https:\\\/\\\/www.webdo.tn\\\/fr\\\/#\\\/schema\\\/logo\\\/image\\\/\"},\"sameAs\":[\"https:\\\/\\\/www.facebook.com\\\/webdotn\",\"https:\\\/\\\/x.com\\\/webdo_tn\"],\"description\":\"Webdo est un m\u00e9dia num\u00e9rique tunisien fond\u00e9 en 2010, sp\u00e9cialis\u00e9 dans l\u2019actualit\u00e9 nationale et internationale, l\u2019\u00e9conomie, la soci\u00e9t\u00e9 et les analyses politiques. Le site s\u2019adresse \u00e0 un large public francophone et couvre l\u2019information tunisienne en temps r\u00e9el.\",\"email\":\"redac@webdo.tn\",\"legalName\":\"YNJ SARL\",\"foundingDate\":\"2010-09-06\",\"numberOfEmployees\":{\"@type\":\"QuantitativeValue\",\"minValue\":\"11\",\"maxValue\":\"50\"}},{\"@type\":\"Person\",\"@id\":\"https:\\\/\\\/www.webdo.tn\\\/fr\\\/#\\\/schema\\\/person\\\/2e5319695d57bc650443a6aa4aebadb3\",\"name\":\"TAP\",\"image\":{\"@type\":\"ImageObject\",\"inLanguage\":\"fr-FR\",\"@id\":\"https:\\\/\\\/secure.gravatar.com\\\/avatar\\\/7d2865de71dd54b6ebd302393720f53ac28d9786885f7b0923f82552e73ac5e3?s=96&d=mm&r=g\",\"url\":\"https:\\\/\\\/secure.gravatar.com\\\/avatar\\\/7d2865de71dd54b6ebd302393720f53ac28d9786885f7b0923f82552e73ac5e3?s=96&d=mm&r=g\",\"contentUrl\":\"https:\\\/\\\/secure.gravatar.com\\\/avatar\\\/7d2865de71dd54b6ebd302393720f53ac28d9786885f7b0923f82552e73ac5e3?s=96&d=mm&r=g\",\"caption\":\"TAP\"},\"url\":\"https:\\\/\\\/www.webdo.tn\\\/fr\\\/actualite\\\/author\\\/tap\\\/\"}]}<\/script>\n<!-- \/ Yoast SEO Premium plugin. -->","yoast_head_json":{"title":"Le t\u00e9lescope spatial ''James Webb'' sujet d\u2019une soir\u00e9e \u00e0 la cit\u00e9 des sciences de Tunis","description":"La cit\u00e9 des sciences \u00e0 Tunis organise, le 5 novembre prochain de 18H00 \u00e0 21H00, une soir\u00e9e astronomique sur le t\u00e9lescope spatial ''James Webb'', lanc\u00e9 depuis tr...","canonical":"https:\/\/www.webdo.tn\/fr\/actualite\/national\/le-telescope-spatial-james-webb-sujet-d-une-soiree-a-la-cite-des-sciences-de-tunis\/198277\/","og_locale":"fr_FR","og_type":"article","og_title":"Le t\u00e9lescope spatial ''James Webb'' sujet d\u2019une soir\u00e9e \u00e0 la cit\u00e9 des sciences de Tunis","og_description":"La cit\u00e9 des sciences \u00e0 Tunis organise, le 5 novembre prochain de 18H00 \u00e0 21H00, une soir\u00e9e astronomique sur le t\u00e9lescope spatial ''James Webb'', lanc\u00e9 depuis tr...","og_url":"https:\/\/www.webdo.tn\/fr\/actualite\/national\/le-telescope-spatial-james-webb-sujet-d-une-soiree-a-la-cite-des-sciences-de-tunis\/198277\/","og_site_name":"webdo","article_publisher":"https:\/\/www.facebook.com\/webdotn","article_published_time":"2022-10-31T12:17:00+00:00","article_modified_time":"2025-05-20T23:02:24+00:00","og_image":[{"width":750,"height":400,"url":"https:\/\/www.webdo.tn\/fr\/wp-content\/uploads\/2022\/10\/e315ae8faa39d934bd60c09edb1b6795.jpg","type":"image\/jpeg"}],"author":"TAP","twitter_card":"summary_large_image","twitter_creator":"@webdo_tn","twitter_site":"@webdo_tn","twitter_misc":{"\u00c9crit par":"TAP","Dur\u00e9e de lecture estim\u00e9e":"1 minute"},"schema":{"@context":"https:\/\/schema.org","@graph":[{"@type":"NewsArticle","@id":"https:\/\/www.webdo.tn\/fr\/actualite\/national\/le-telescope-spatial-james-webb-sujet-d-une-soiree-a-la-cite-des-sciences-de-tunis\/198277\/#article","isPartOf":{"@id":"https:\/\/www.webdo.tn\/fr\/actualite\/national\/le-telescope-spatial-james-webb-sujet-d-une-soiree-a-la-cite-des-sciences-de-tunis\/198277\/"},"author":{"name":"TAP","@id":"https:\/\/www.webdo.tn\/fr\/#\/schema\/person\/2e5319695d57bc650443a6aa4aebadb3"},"headline":"Le t\u00e9lescope spatial \u00a0\u00bbJames Webb\u00a0\u00bb sujet d\u2019une soir\u00e9e \u00e0 la cit\u00e9 des sciences de Tunis","datePublished":"2022-10-31T12:17:00+00:00","dateModified":"2025-05-20T23:02:24+00:00","mainEntityOfPage":{"@id":"https:\/\/www.webdo.tn\/fr\/actualite\/national\/le-telescope-spatial-james-webb-sujet-d-une-soiree-a-la-cite-des-sciences-de-tunis\/198277\/"},"wordCount":194,"commentCount":0,"publisher":{"@id":"https:\/\/www.webdo.tn\/fr\/#organization"},"image":{"@id":"https:\/\/www.webdo.tn\/fr\/actualite\/national\/le-telescope-spatial-james-webb-sujet-d-une-soiree-a-la-cite-des-sciences-de-tunis\/198277\/#primaryimage"},"thumbnailUrl":"https:\/\/www.webdo.tn\/fr\/wp-content\/uploads\/2022\/10\/e315ae8faa39d934bd60c09edb1b6795.jpg","keywords":["cit\u00e9 des sciences","James Webb"],"articleSection":["National"],"inLanguage":"fr-FR"},{"@type":"WebPage","@id":"https:\/\/www.webdo.tn\/fr\/actualite\/national\/le-telescope-spatial-james-webb-sujet-d-une-soiree-a-la-cite-des-sciences-de-tunis\/198277\/","url":"https:\/\/www.webdo.tn\/fr\/actualite\/national\/le-telescope-spatial-james-webb-sujet-d-une-soiree-a-la-cite-des-sciences-de-tunis\/198277\/","name":"Le t\u00e9lescope spatial ''James Webb'' sujet d\u2019une soir\u00e9e \u00e0 la cit\u00e9 des sciences de Tunis","isPartOf":{"@id":"https:\/\/www.webdo.tn\/fr\/#website"},"primaryImageOfPage":{"@id":"https:\/\/www.webdo.tn\/fr\/actualite\/national\/le-telescope-spatial-james-webb-sujet-d-une-soiree-a-la-cite-des-sciences-de-tunis\/198277\/#primaryimage"},"image":{"@id":"https:\/\/www.webdo.tn\/fr\/actualite\/national\/le-telescope-spatial-james-webb-sujet-d-une-soiree-a-la-cite-des-sciences-de-tunis\/198277\/#primaryimage"},"thumbnailUrl":"https:\/\/www.webdo.tn\/fr\/wp-content\/uploads\/2022\/10\/e315ae8faa39d934bd60c09edb1b6795.jpg","datePublished":"2022-10-31T12:17:00+00:00","dateModified":"2025-05-20T23:02:24+00:00","description":"La cit\u00e9 des sciences \u00e0 Tunis organise, le 5 novembre prochain de 18H00 \u00e0 21H00, une soir\u00e9e astronomique sur le t\u00e9lescope spatial ''James Webb'', lanc\u00e9 depuis tr...","breadcrumb":{"@id":"https:\/\/www.webdo.tn\/fr\/actualite\/national\/le-telescope-spatial-james-webb-sujet-d-une-soiree-a-la-cite-des-sciences-de-tunis\/198277\/#breadcrumb"},"inLanguage":"fr-FR","potentialAction":[{"@type":"ReadAction","target":["https:\/\/www.webdo.tn\/fr\/actualite\/national\/le-telescope-spatial-james-webb-sujet-d-une-soiree-a-la-cite-des-sciences-de-tunis\/198277\/"]}]},{"@type":"ImageObject","inLanguage":"fr-FR","@id":"https:\/\/www.webdo.tn\/fr\/actualite\/national\/le-telescope-spatial-james-webb-sujet-d-une-soiree-a-la-cite-des-sciences-de-tunis\/198277\/#primaryimage","url":"https:\/\/www.webdo.tn\/fr\/wp-content\/uploads\/2022\/10\/e315ae8faa39d934bd60c09edb1b6795.jpg","contentUrl":"https:\/\/www.webdo.tn\/fr\/wp-content\/uploads\/2022\/10\/e315ae8faa39d934bd60c09edb1b6795.jpg","width":750,"height":400,"caption":"James Webb"},{"@type":"BreadcrumbList","@id":"https:\/\/www.webdo.tn\/fr\/actualite\/national\/le-telescope-spatial-james-webb-sujet-d-une-soiree-a-la-cite-des-sciences-de-tunis\/198277\/#breadcrumb","itemListElement":[{"@type":"ListItem","position":1,"name":"Accueil","item":"https:\/\/www.webdo.tn\/fr\/"},{"@type":"ListItem","position":2,"name":"Le t\u00e9lescope spatial \u00a0\u00bbJames Webb\u00a0\u00bb sujet d\u2019une soir\u00e9e \u00e0 la cit\u00e9 des sciences de Tunis"}]},{"@type":"WebSite","@id":"https:\/\/www.webdo.tn\/fr\/#website","url":"https:\/\/www.webdo.tn\/fr\/","name":"webdo","description":"Tunisie - News en Tunisie et \u00e0 l&#039;international sur Webdo.tn","publisher":{"@id":"https:\/\/www.webdo.tn\/fr\/#organization"},"potentialAction":[{"@type":"SearchAction","target":{"@type":"EntryPoint","urlTemplate":"https:\/\/www.webdo.tn\/fr\/?s={search_term_string}"},"query-input":{"@type":"PropertyValueSpecification","valueRequired":true,"valueName":"search_term_string"}}],"inLanguage":"fr-FR"},{"@type":"Organization","@id":"https:\/\/www.webdo.tn\/fr\/#organization","name":"Webdo","alternateName":"Webdo.tn","url":"https:\/\/www.webdo.tn\/fr\/","logo":{"@type":"ImageObject","inLanguage":"fr-FR","@id":"https:\/\/www.webdo.tn\/fr\/#\/schema\/logo\/image\/","url":"https:\/\/www.webdo.tn\/fr\/wp-content\/uploads\/2025\/06\/Webdo-Tunisie_168377.jpg","contentUrl":"https:\/\/www.webdo.tn\/fr\/wp-content\/uploads\/2025\/06\/Webdo-Tunisie_168377.jpg","width":301,"height":301,"caption":"Webdo"},"image":{"@id":"https:\/\/www.webdo.tn\/fr\/#\/schema\/logo\/image\/"},"sameAs":["https:\/\/www.facebook.com\/webdotn","https:\/\/x.com\/webdo_tn"],"description":"Webdo est un m\u00e9dia num\u00e9rique tunisien fond\u00e9 en 2010, sp\u00e9cialis\u00e9 dans l\u2019actualit\u00e9 nationale et internationale, l\u2019\u00e9conomie, la soci\u00e9t\u00e9 et les analyses politiques. Le site s\u2019adresse \u00e0 un large public francophone et couvre l\u2019information tunisienne en temps r\u00e9el.","email":"redac@webdo.tn","legalName":"YNJ SARL","foundingDate":"2010-09-06","numberOfEmployees":{"@type":"QuantitativeValue","minValue":"11","maxValue":"50"}},{"@type":"Person","@id":"https:\/\/www.webdo.tn\/fr\/#\/schema\/person\/2e5319695d57bc650443a6aa4aebadb3","name":"TAP","image":{"@type":"ImageObject","inLanguage":"fr-FR","@id":"https:\/\/secure.gravatar.com\/avatar\/7d2865de71dd54b6ebd302393720f53ac28d9786885f7b0923f82552e73ac5e3?s=96&d=mm&r=g","url":"https:\/\/secure.gravatar.com\/avatar\/7d2865de71dd54b6ebd302393720f53ac28d9786885f7b0923f82552e73ac5e3?s=96&d=mm&r=g","contentUrl":"https:\/\/secure.gravatar.com\/avatar\/7d2865de71dd54b6ebd302393720f53ac28d9786885f7b0923f82552e73ac5e3?s=96&d=mm&r=g","caption":"TAP"},"url":"https:\/\/www.webdo.tn\/fr\/actualite\/author\/tap\/"}]}},"_links":{"self":[{"href":"https:\/\/www.webdo.tn\/fr\/wp-json\/wp\/v2\/posts\/198277","targetHints":{"allow":["GET"]}}],"collection":[{"href":"https:\/\/www.webdo.tn\/fr\/wp-json\/wp\/v2\/posts"}],"about":[{"href":"https:\/\/www.webdo.tn\/fr\/wp-json\/wp\/v2\/types\/post"}],"author":[{"embeddable":true,"href":"https:\/\/www.webdo.tn\/fr\/wp-json\/wp\/v2\/users\/3201"}],"replies":[{"embeddable":true,"href":"https:\/\/www.webdo.tn\/fr\/wp-json\/wp\/v2\/comments?post=198277"}],"version-history":[{"count":0,"href":"https:\/\/www.webdo.tn\/fr\/wp-json\/wp\/v2\/posts\/198277\/revisions"}],"wp:featuredmedia":[{"embeddable":true,"href":"https:\/\/www.webdo.tn\/fr\/wp-json\/wp\/v2\/media\/277271"}],"wp:attachment":[{"href":"https:\/\/www.webdo.tn\/fr\/wp-json\/wp\/v2\/media?parent=198277"}],"wp:term":[{"taxonomy":"category","embeddable":true,"href":"https:\/\/www.webdo.tn\/fr\/wp-json\/wp\/v2\/categories?post=198277"},{"taxonomy":"post_tag","embeddable":true,"href":"https:\/\/www.webdo.tn\/fr\/wp-json\/wp\/v2\/tags?post=198277"}],"curies":[{"name":"wp","href":"https:\/\/api.w.org\/{rel}","templated":true}]}}