{"id":198240,"date":"2022-10-30T09:21:00","date_gmt":"2022-10-30T09:21:00","guid":{"rendered":"https:\/\/www.webdo.tn\/fr\/blog\/jcc-issam-bouguerra-loin-des-yeux-pres-du-coeur\/198240\/"},"modified":"2025-05-14T10:54:40","modified_gmt":"2025-05-14T10:54:40","slug":"jcc-issam-bouguerra-loin-des-yeux-pres-du-coeur","status":"publish","type":"post","link":"https:\/\/www.webdo.tn\/fr\/actualite\/culture\/jcc-issam-bouguerra-loin-des-yeux-pres-du-coeur\/198240\/","title":{"rendered":"JCC : Issam Bouguerra\u2026 loin des yeux, pr\u00e8s du c\u0153ur\u00a0"},"content":{"rendered":"<p>Si la plupart des artistes venus assister \u00e0 l\u2019ouverture des Journ\u00e9es cin\u00e9matographiques de Carthage (JCC) se sont mis sur leurs trente et un, d\u2019autres ont eu une petite pens\u00e9e \u00e0 Issam Bouguerra.<\/p>\n<p>\t\t\t\t\t\t\t\t\tFatma Sa\u00efdane et d\u2019autres artistes ont, en effet, enfil\u00e9 des teeshirts imprim\u00e9s par la photo du r\u00e9alisateur Issam Bouguerra, avec le message \u00ab Justice pour Issam \u00bb.<\/p>\n<p>Accus\u00e9 de trafic de cannabis, Issam Bouguerra croupit depuis plus d\u2019un an en prison, dans l\u2019attente de son proc\u00e8s. Il affirme \u00eatre un simple consommateur.<\/p>\n<p>Une campagne de soutien \u00ab FreeFaracha \u00bb a \u00e9t\u00e9 lanc\u00e9e depuis des mois sur la toile, d\u00e9non\u00e7ant des proc\u00e9dures qui s\u2019\u00e9ternisent et un flou qui r\u00e8gne autour de l\u2019affaire.<\/p>\n","protected":false},"excerpt":{"rendered":"<p>Si la plupart des artistes venus assister \u00e0 l\u2019ouverture des Journ\u00e9es cin\u00e9matographiques de Carthage (JCC) se sont mis sur leurs trente et un, d\u2019autres ont eu un&#8230;<\/p>\n","protected":false},"author":3169,"featured_media":253447,"comment_status":"open","ping_status":"closed","sticky":false,"template":"","format":"standard","meta":{"footnotes":""},"categories":[2594],"tags":[9065,3116,4660],"class_list":["post-198240","post","type-post","status-publish","format-standard","has-post-thumbnail","hentry","category-culture","tag-issam-bouguerra","tag-jcc","tag-journees-cinematographiques-de-carthage"],"yoast_head":"<!-- This site is optimized with the Yoast SEO Premium plugin v27.5 (Yoast SEO v27.5) - https:\/\/yoast.com\/product\/yoast-seo-premium-wordpress\/ -->\n<title>JCC : Issam Bouguerra\u2026 loin des yeux, pr\u00e8s du c\u0153ur\u00a0<\/title>\n<meta name=\"description\" content=\"Si la plupart des artistes venus assister \u00e0 l\u2019ouverture des Journ\u00e9es cin\u00e9matographiques de Carthage (JCC) se sont mis sur leurs trente et un, d\u2019autres ont eu un...\" \/>\n<link rel=\"canonical\" href=\"https:\/\/www.webdo.tn\/fr\/actualite\/culture\/jcc-issam-bouguerra-loin-des-yeux-pres-du-coeur\/198240\/\" \/>\n<meta property=\"og:locale\" content=\"fr_FR\" \/>\n<meta property=\"og:type\" content=\"article\" \/>\n<meta property=\"og:title\" content=\"JCC : Issam Bouguerra\u2026 loin des yeux, pr\u00e8s du c\u0153ur\u00a0\" \/>\n<meta property=\"og:description\" content=\"Si la plupart des artistes venus assister \u00e0 l\u2019ouverture des Journ\u00e9es cin\u00e9matographiques de Carthage (JCC) se sont mis sur leurs trente et un, d\u2019autres ont eu un...\" \/>\n<meta property=\"og:url\" content=\"https:\/\/www.webdo.tn\/fr\/actualite\/culture\/jcc-issam-bouguerra-loin-des-yeux-pres-du-coeur\/198240\/\" \/>\n<meta property=\"og:site_name\" content=\"webdo\" \/>\n<meta property=\"article:publisher\" content=\"https:\/\/www.facebook.com\/webdotn\" \/>\n<meta property=\"article:published_time\" content=\"2022-10-30T09:21:00+00:00\" \/>\n<meta property=\"article:modified_time\" content=\"2025-05-14T10:54:40+00:00\" \/>\n<meta property=\"og:image\" content=\"https:\/\/www.webdo.tn\/fr\/wp-content\/uploads\/2022\/10\/f6d950066058aa7a8fed795e31a99559.png\" \/>\n\t<meta property=\"og:image:width\" content=\"750\" \/>\n\t<meta property=\"og:image:height\" content=\"400\" \/>\n\t<meta property=\"og:image:type\" content=\"image\/png\" \/>\n<meta name=\"author\" content=\"Webdo\" \/>\n<meta name=\"twitter:card\" content=\"summary_large_image\" \/>\n<meta name=\"twitter:creator\" content=\"@webdo_tn\" \/>\n<meta name=\"twitter:site\" content=\"@webdo_tn\" \/>\n<meta name=\"twitter:label1\" content=\"\u00c9crit par\" \/>\n\t<meta name=\"twitter:data1\" content=\"Webdo\" \/>\n\t<meta name=\"twitter:label2\" content=\"Dur\u00e9e de lecture estim\u00e9e\" \/>\n\t<meta name=\"twitter:data2\" content=\"1 minute\" \/>\n<script type=\"application\/ld+json\" class=\"yoast-schema-graph\">{\"@context\":\"https:\\\/\\\/schema.org\",\"@graph\":[{\"@type\":\"NewsArticle\",\"@id\":\"https:\\\/\\\/www.webdo.tn\\\/fr\\\/actualite\\\/culture\\\/jcc-issam-bouguerra-loin-des-yeux-pres-du-coeur\\\/198240\\\/#article\",\"isPartOf\":{\"@id\":\"https:\\\/\\\/www.webdo.tn\\\/fr\\\/actualite\\\/culture\\\/jcc-issam-bouguerra-loin-des-yeux-pres-du-coeur\\\/198240\\\/\"},\"author\":{\"name\":\"Webdo\",\"@id\":\"https:\\\/\\\/www.webdo.tn\\\/fr\\\/#\\\/schema\\\/person\\\/1f4e491e0907b413d61089e8eb573acc\"},\"headline\":\"JCC : Issam Bouguerra\u2026 loin des yeux, pr\u00e8s du c\u0153ur\u00a0\",\"datePublished\":\"2022-10-30T09:21:00+00:00\",\"dateModified\":\"2025-05-14T10:54:40+00:00\",\"mainEntityOfPage\":{\"@id\":\"https:\\\/\\\/www.webdo.tn\\\/fr\\\/actualite\\\/culture\\\/jcc-issam-bouguerra-loin-des-yeux-pres-du-coeur\\\/198240\\\/\"},\"wordCount\":137,\"commentCount\":0,\"publisher\":{\"@id\":\"https:\\\/\\\/www.webdo.tn\\\/fr\\\/#organization\"},\"image\":{\"@id\":\"https:\\\/\\\/www.webdo.tn\\\/fr\\\/actualite\\\/culture\\\/jcc-issam-bouguerra-loin-des-yeux-pres-du-coeur\\\/198240\\\/#primaryimage\"},\"thumbnailUrl\":\"https:\\\/\\\/www.webdo.tn\\\/fr\\\/wp-content\\\/uploads\\\/2022\\\/10\\\/f6d950066058aa7a8fed795e31a99559.png\",\"keywords\":[\"Issam Bouguerra\",\"JCC\",\"Journ\u00e9es cin\u00e9matographiques de Carthage\"],\"articleSection\":[\"Culture\"],\"inLanguage\":\"fr-FR\"},{\"@type\":\"WebPage\",\"@id\":\"https:\\\/\\\/www.webdo.tn\\\/fr\\\/actualite\\\/culture\\\/jcc-issam-bouguerra-loin-des-yeux-pres-du-coeur\\\/198240\\\/\",\"url\":\"https:\\\/\\\/www.webdo.tn\\\/fr\\\/actualite\\\/culture\\\/jcc-issam-bouguerra-loin-des-yeux-pres-du-coeur\\\/198240\\\/\",\"name\":\"JCC : Issam Bouguerra\u2026 loin des yeux, pr\u00e8s du c\u0153ur\u00a0\",\"isPartOf\":{\"@id\":\"https:\\\/\\\/www.webdo.tn\\\/fr\\\/#website\"},\"primaryImageOfPage\":{\"@id\":\"https:\\\/\\\/www.webdo.tn\\\/fr\\\/actualite\\\/culture\\\/jcc-issam-bouguerra-loin-des-yeux-pres-du-coeur\\\/198240\\\/#primaryimage\"},\"image\":{\"@id\":\"https:\\\/\\\/www.webdo.tn\\\/fr\\\/actualite\\\/culture\\\/jcc-issam-bouguerra-loin-des-yeux-pres-du-coeur\\\/198240\\\/#primaryimage\"},\"thumbnailUrl\":\"https:\\\/\\\/www.webdo.tn\\\/fr\\\/wp-content\\\/uploads\\\/2022\\\/10\\\/f6d950066058aa7a8fed795e31a99559.png\",\"datePublished\":\"2022-10-30T09:21:00+00:00\",\"dateModified\":\"2025-05-14T10:54:40+00:00\",\"description\":\"Si la plupart des artistes venus assister \u00e0 l\u2019ouverture des Journ\u00e9es cin\u00e9matographiques de Carthage (JCC) se sont mis sur leurs trente et un, d\u2019autres ont eu un...\",\"breadcrumb\":{\"@id\":\"https:\\\/\\\/www.webdo.tn\\\/fr\\\/actualite\\\/culture\\\/jcc-issam-bouguerra-loin-des-yeux-pres-du-coeur\\\/198240\\\/#breadcrumb\"},\"inLanguage\":\"fr-FR\",\"potentialAction\":[{\"@type\":\"ReadAction\",\"target\":[\"https:\\\/\\\/www.webdo.tn\\\/fr\\\/actualite\\\/culture\\\/jcc-issam-bouguerra-loin-des-yeux-pres-du-coeur\\\/198240\\\/\"]}]},{\"@type\":\"ImageObject\",\"inLanguage\":\"fr-FR\",\"@id\":\"https:\\\/\\\/www.webdo.tn\\\/fr\\\/actualite\\\/culture\\\/jcc-issam-bouguerra-loin-des-yeux-pres-du-coeur\\\/198240\\\/#primaryimage\",\"url\":\"https:\\\/\\\/www.webdo.tn\\\/fr\\\/wp-content\\\/uploads\\\/2022\\\/10\\\/f6d950066058aa7a8fed795e31a99559.png\",\"contentUrl\":\"https:\\\/\\\/www.webdo.tn\\\/fr\\\/wp-content\\\/uploads\\\/2022\\\/10\\\/f6d950066058aa7a8fed795e31a99559.png\",\"width\":750,\"height\":400,\"caption\":\"le r\u00e9alisateur Issam Bouguerra \u00e9tait pr\u00e9sent \u00e0 l'ouverture des JCC\"},{\"@type\":\"BreadcrumbList\",\"@id\":\"https:\\\/\\\/www.webdo.tn\\\/fr\\\/actualite\\\/culture\\\/jcc-issam-bouguerra-loin-des-yeux-pres-du-coeur\\\/198240\\\/#breadcrumb\",\"itemListElement\":[{\"@type\":\"ListItem\",\"position\":1,\"name\":\"Accueil\",\"item\":\"https:\\\/\\\/www.webdo.tn\\\/fr\\\/\"},{\"@type\":\"ListItem\",\"position\":2,\"name\":\"JCC : Issam Bouguerra\u2026 loin des yeux, pr\u00e8s du c\u0153ur\u00a0\"}]},{\"@type\":\"WebSite\",\"@id\":\"https:\\\/\\\/www.webdo.tn\\\/fr\\\/#website\",\"url\":\"https:\\\/\\\/www.webdo.tn\\\/fr\\\/\",\"name\":\"webdo\",\"description\":\"Tunisie - News en Tunisie et \u00e0 l&#039;international sur Webdo.tn\",\"publisher\":{\"@id\":\"https:\\\/\\\/www.webdo.tn\\\/fr\\\/#organization\"},\"potentialAction\":[{\"@type\":\"SearchAction\",\"target\":{\"@type\":\"EntryPoint\",\"urlTemplate\":\"https:\\\/\\\/www.webdo.tn\\\/fr\\\/?s={search_term_string}\"},\"query-input\":{\"@type\":\"PropertyValueSpecification\",\"valueRequired\":true,\"valueName\":\"search_term_string\"}}],\"inLanguage\":\"fr-FR\"},{\"@type\":\"Organization\",\"@id\":\"https:\\\/\\\/www.webdo.tn\\\/fr\\\/#organization\",\"name\":\"Webdo\",\"alternateName\":\"Webdo.tn\",\"url\":\"https:\\\/\\\/www.webdo.tn\\\/fr\\\/\",\"logo\":{\"@type\":\"ImageObject\",\"inLanguage\":\"fr-FR\",\"@id\":\"https:\\\/\\\/www.webdo.tn\\\/fr\\\/#\\\/schema\\\/logo\\\/image\\\/\",\"url\":\"https:\\\/\\\/www.webdo.tn\\\/fr\\\/wp-content\\\/uploads\\\/2025\\\/06\\\/Webdo-Tunisie_168377.jpg\",\"contentUrl\":\"https:\\\/\\\/www.webdo.tn\\\/fr\\\/wp-content\\\/uploads\\\/2025\\\/06\\\/Webdo-Tunisie_168377.jpg\",\"width\":301,\"height\":301,\"caption\":\"Webdo\"},\"image\":{\"@id\":\"https:\\\/\\\/www.webdo.tn\\\/fr\\\/#\\\/schema\\\/logo\\\/image\\\/\"},\"sameAs\":[\"https:\\\/\\\/www.facebook.com\\\/webdotn\",\"https:\\\/\\\/x.com\\\/webdo_tn\"],\"description\":\"Webdo est un m\u00e9dia num\u00e9rique tunisien fond\u00e9 en 2010, sp\u00e9cialis\u00e9 dans l\u2019actualit\u00e9 nationale et internationale, l\u2019\u00e9conomie, la soci\u00e9t\u00e9 et les analyses politiques. Le site s\u2019adresse \u00e0 un large public francophone et couvre l\u2019information tunisienne en temps r\u00e9el.\",\"email\":\"redac@webdo.tn\",\"legalName\":\"YNJ SARL\",\"foundingDate\":\"2010-09-06\",\"numberOfEmployees\":{\"@type\":\"QuantitativeValue\",\"minValue\":\"11\",\"maxValue\":\"50\"}},{\"@type\":\"Person\",\"@id\":\"https:\\\/\\\/www.webdo.tn\\\/fr\\\/#\\\/schema\\\/person\\\/1f4e491e0907b413d61089e8eb573acc\",\"name\":\"Webdo\",\"image\":{\"@type\":\"ImageObject\",\"inLanguage\":\"fr-FR\",\"@id\":\"https:\\\/\\\/secure.gravatar.com\\\/avatar\\\/de97aeec1bb80978a9dbb127e47dfc88aaacb2f3c29aac907d8d3222e3495d49?s=96&d=mm&r=g\",\"url\":\"https:\\\/\\\/secure.gravatar.com\\\/avatar\\\/de97aeec1bb80978a9dbb127e47dfc88aaacb2f3c29aac907d8d3222e3495d49?s=96&d=mm&r=g\",\"contentUrl\":\"https:\\\/\\\/secure.gravatar.com\\\/avatar\\\/de97aeec1bb80978a9dbb127e47dfc88aaacb2f3c29aac907d8d3222e3495d49?s=96&d=mm&r=g\",\"caption\":\"Webdo\"},\"url\":\"https:\\\/\\\/www.webdo.tn\\\/fr\\\/actualite\\\/author\\\/webdo\\\/\"}]}<\/script>\n<!-- \/ Yoast SEO Premium plugin. -->","yoast_head_json":{"title":"JCC : Issam Bouguerra\u2026 loin des yeux, pr\u00e8s du c\u0153ur\u00a0","description":"Si la plupart des artistes venus assister \u00e0 l\u2019ouverture des Journ\u00e9es cin\u00e9matographiques de Carthage (JCC) se sont mis sur leurs trente et un, d\u2019autres ont eu un...","canonical":"https:\/\/www.webdo.tn\/fr\/actualite\/culture\/jcc-issam-bouguerra-loin-des-yeux-pres-du-coeur\/198240\/","og_locale":"fr_FR","og_type":"article","og_title":"JCC : Issam Bouguerra\u2026 loin des yeux, pr\u00e8s du c\u0153ur\u00a0","og_description":"Si la plupart des artistes venus assister \u00e0 l\u2019ouverture des Journ\u00e9es cin\u00e9matographiques de Carthage (JCC) se sont mis sur leurs trente et un, d\u2019autres ont eu un...","og_url":"https:\/\/www.webdo.tn\/fr\/actualite\/culture\/jcc-issam-bouguerra-loin-des-yeux-pres-du-coeur\/198240\/","og_site_name":"webdo","article_publisher":"https:\/\/www.facebook.com\/webdotn","article_published_time":"2022-10-30T09:21:00+00:00","article_modified_time":"2025-05-14T10:54:40+00:00","og_image":[{"width":750,"height":400,"url":"https:\/\/www.webdo.tn\/fr\/wp-content\/uploads\/2022\/10\/f6d950066058aa7a8fed795e31a99559.png","type":"image\/png"}],"author":"Webdo","twitter_card":"summary_large_image","twitter_creator":"@webdo_tn","twitter_site":"@webdo_tn","twitter_misc":{"\u00c9crit par":"Webdo","Dur\u00e9e de lecture estim\u00e9e":"1 minute"},"schema":{"@context":"https:\/\/schema.org","@graph":[{"@type":"NewsArticle","@id":"https:\/\/www.webdo.tn\/fr\/actualite\/culture\/jcc-issam-bouguerra-loin-des-yeux-pres-du-coeur\/198240\/#article","isPartOf":{"@id":"https:\/\/www.webdo.tn\/fr\/actualite\/culture\/jcc-issam-bouguerra-loin-des-yeux-pres-du-coeur\/198240\/"},"author":{"name":"Webdo","@id":"https:\/\/www.webdo.tn\/fr\/#\/schema\/person\/1f4e491e0907b413d61089e8eb573acc"},"headline":"JCC : Issam Bouguerra\u2026 loin des yeux, pr\u00e8s du c\u0153ur\u00a0","datePublished":"2022-10-30T09:21:00+00:00","dateModified":"2025-05-14T10:54:40+00:00","mainEntityOfPage":{"@id":"https:\/\/www.webdo.tn\/fr\/actualite\/culture\/jcc-issam-bouguerra-loin-des-yeux-pres-du-coeur\/198240\/"},"wordCount":137,"commentCount":0,"publisher":{"@id":"https:\/\/www.webdo.tn\/fr\/#organization"},"image":{"@id":"https:\/\/www.webdo.tn\/fr\/actualite\/culture\/jcc-issam-bouguerra-loin-des-yeux-pres-du-coeur\/198240\/#primaryimage"},"thumbnailUrl":"https:\/\/www.webdo.tn\/fr\/wp-content\/uploads\/2022\/10\/f6d950066058aa7a8fed795e31a99559.png","keywords":["Issam Bouguerra","JCC","Journ\u00e9es cin\u00e9matographiques de Carthage"],"articleSection":["Culture"],"inLanguage":"fr-FR"},{"@type":"WebPage","@id":"https:\/\/www.webdo.tn\/fr\/actualite\/culture\/jcc-issam-bouguerra-loin-des-yeux-pres-du-coeur\/198240\/","url":"https:\/\/www.webdo.tn\/fr\/actualite\/culture\/jcc-issam-bouguerra-loin-des-yeux-pres-du-coeur\/198240\/","name":"JCC : Issam Bouguerra\u2026 loin des yeux, pr\u00e8s du c\u0153ur\u00a0","isPartOf":{"@id":"https:\/\/www.webdo.tn\/fr\/#website"},"primaryImageOfPage":{"@id":"https:\/\/www.webdo.tn\/fr\/actualite\/culture\/jcc-issam-bouguerra-loin-des-yeux-pres-du-coeur\/198240\/#primaryimage"},"image":{"@id":"https:\/\/www.webdo.tn\/fr\/actualite\/culture\/jcc-issam-bouguerra-loin-des-yeux-pres-du-coeur\/198240\/#primaryimage"},"thumbnailUrl":"https:\/\/www.webdo.tn\/fr\/wp-content\/uploads\/2022\/10\/f6d950066058aa7a8fed795e31a99559.png","datePublished":"2022-10-30T09:21:00+00:00","dateModified":"2025-05-14T10:54:40+00:00","description":"Si la plupart des artistes venus assister \u00e0 l\u2019ouverture des Journ\u00e9es cin\u00e9matographiques de Carthage (JCC) se sont mis sur leurs trente et un, d\u2019autres ont eu un...","breadcrumb":{"@id":"https:\/\/www.webdo.tn\/fr\/actualite\/culture\/jcc-issam-bouguerra-loin-des-yeux-pres-du-coeur\/198240\/#breadcrumb"},"inLanguage":"fr-FR","potentialAction":[{"@type":"ReadAction","target":["https:\/\/www.webdo.tn\/fr\/actualite\/culture\/jcc-issam-bouguerra-loin-des-yeux-pres-du-coeur\/198240\/"]}]},{"@type":"ImageObject","inLanguage":"fr-FR","@id":"https:\/\/www.webdo.tn\/fr\/actualite\/culture\/jcc-issam-bouguerra-loin-des-yeux-pres-du-coeur\/198240\/#primaryimage","url":"https:\/\/www.webdo.tn\/fr\/wp-content\/uploads\/2022\/10\/f6d950066058aa7a8fed795e31a99559.png","contentUrl":"https:\/\/www.webdo.tn\/fr\/wp-content\/uploads\/2022\/10\/f6d950066058aa7a8fed795e31a99559.png","width":750,"height":400,"caption":"le r\u00e9alisateur Issam Bouguerra \u00e9tait pr\u00e9sent \u00e0 l'ouverture des JCC"},{"@type":"BreadcrumbList","@id":"https:\/\/www.webdo.tn\/fr\/actualite\/culture\/jcc-issam-bouguerra-loin-des-yeux-pres-du-coeur\/198240\/#breadcrumb","itemListElement":[{"@type":"ListItem","position":1,"name":"Accueil","item":"https:\/\/www.webdo.tn\/fr\/"},{"@type":"ListItem","position":2,"name":"JCC : Issam Bouguerra\u2026 loin des yeux, pr\u00e8s du c\u0153ur\u00a0"}]},{"@type":"WebSite","@id":"https:\/\/www.webdo.tn\/fr\/#website","url":"https:\/\/www.webdo.tn\/fr\/","name":"webdo","description":"Tunisie - News en Tunisie et \u00e0 l&#039;international sur Webdo.tn","publisher":{"@id":"https:\/\/www.webdo.tn\/fr\/#organization"},"potentialAction":[{"@type":"SearchAction","target":{"@type":"EntryPoint","urlTemplate":"https:\/\/www.webdo.tn\/fr\/?s={search_term_string}"},"query-input":{"@type":"PropertyValueSpecification","valueRequired":true,"valueName":"search_term_string"}}],"inLanguage":"fr-FR"},{"@type":"Organization","@id":"https:\/\/www.webdo.tn\/fr\/#organization","name":"Webdo","alternateName":"Webdo.tn","url":"https:\/\/www.webdo.tn\/fr\/","logo":{"@type":"ImageObject","inLanguage":"fr-FR","@id":"https:\/\/www.webdo.tn\/fr\/#\/schema\/logo\/image\/","url":"https:\/\/www.webdo.tn\/fr\/wp-content\/uploads\/2025\/06\/Webdo-Tunisie_168377.jpg","contentUrl":"https:\/\/www.webdo.tn\/fr\/wp-content\/uploads\/2025\/06\/Webdo-Tunisie_168377.jpg","width":301,"height":301,"caption":"Webdo"},"image":{"@id":"https:\/\/www.webdo.tn\/fr\/#\/schema\/logo\/image\/"},"sameAs":["https:\/\/www.facebook.com\/webdotn","https:\/\/x.com\/webdo_tn"],"description":"Webdo est un m\u00e9dia num\u00e9rique tunisien fond\u00e9 en 2010, sp\u00e9cialis\u00e9 dans l\u2019actualit\u00e9 nationale et internationale, l\u2019\u00e9conomie, la soci\u00e9t\u00e9 et les analyses politiques. Le site s\u2019adresse \u00e0 un large public francophone et couvre l\u2019information tunisienne en temps r\u00e9el.","email":"redac@webdo.tn","legalName":"YNJ SARL","foundingDate":"2010-09-06","numberOfEmployees":{"@type":"QuantitativeValue","minValue":"11","maxValue":"50"}},{"@type":"Person","@id":"https:\/\/www.webdo.tn\/fr\/#\/schema\/person\/1f4e491e0907b413d61089e8eb573acc","name":"Webdo","image":{"@type":"ImageObject","inLanguage":"fr-FR","@id":"https:\/\/secure.gravatar.com\/avatar\/de97aeec1bb80978a9dbb127e47dfc88aaacb2f3c29aac907d8d3222e3495d49?s=96&d=mm&r=g","url":"https:\/\/secure.gravatar.com\/avatar\/de97aeec1bb80978a9dbb127e47dfc88aaacb2f3c29aac907d8d3222e3495d49?s=96&d=mm&r=g","contentUrl":"https:\/\/secure.gravatar.com\/avatar\/de97aeec1bb80978a9dbb127e47dfc88aaacb2f3c29aac907d8d3222e3495d49?s=96&d=mm&r=g","caption":"Webdo"},"url":"https:\/\/www.webdo.tn\/fr\/actualite\/author\/webdo\/"}]}},"_links":{"self":[{"href":"https:\/\/www.webdo.tn\/fr\/wp-json\/wp\/v2\/posts\/198240","targetHints":{"allow":["GET"]}}],"collection":[{"href":"https:\/\/www.webdo.tn\/fr\/wp-json\/wp\/v2\/posts"}],"about":[{"href":"https:\/\/www.webdo.tn\/fr\/wp-json\/wp\/v2\/types\/post"}],"author":[{"embeddable":true,"href":"https:\/\/www.webdo.tn\/fr\/wp-json\/wp\/v2\/users\/3169"}],"replies":[{"embeddable":true,"href":"https:\/\/www.webdo.tn\/fr\/wp-json\/wp\/v2\/comments?post=198240"}],"version-history":[{"count":0,"href":"https:\/\/www.webdo.tn\/fr\/wp-json\/wp\/v2\/posts\/198240\/revisions"}],"wp:featuredmedia":[{"embeddable":true,"href":"https:\/\/www.webdo.tn\/fr\/wp-json\/wp\/v2\/media\/253447"}],"wp:attachment":[{"href":"https:\/\/www.webdo.tn\/fr\/wp-json\/wp\/v2\/media?parent=198240"}],"wp:term":[{"taxonomy":"category","embeddable":true,"href":"https:\/\/www.webdo.tn\/fr\/wp-json\/wp\/v2\/categories?post=198240"},{"taxonomy":"post_tag","embeddable":true,"href":"https:\/\/www.webdo.tn\/fr\/wp-json\/wp\/v2\/tags?post=198240"}],"curies":[{"name":"wp","href":"https:\/\/api.w.org\/{rel}","templated":true}]}}