{"id":198007,"date":"2022-10-22T11:45:00","date_gmt":"2022-10-22T11:45:00","guid":{"rendered":"https:\/\/www.webdo.tn\/fr\/blog\/programme-tv-des-retransmissions-sportives-2\/198007\/"},"modified":"2025-05-22T11:46:41","modified_gmt":"2025-05-22T11:46:41","slug":"programme-tv-des-retransmissions-sportives-2","status":"publish","type":"post","link":"https:\/\/www.webdo.tn\/fr\/actualite\/sport\/programme-tv-des-retransmissions-sportives-2\/198007\/","title":{"rendered":"Programme TV des retransmissions sportives"},"content":{"rendered":"<p>Au menu de ce samedi 22 octobre 2022, du handball avec le Super Globe et du football avec les diff\u00e9rents championnats europ\u00e9ens.<br \/>\nSuper Globe : Match de classement<\/p>\n<p> 13h30 : Esp\u00e9rance ST &#8211; HC Taubat\u00e9 (Watania 2)<\/p>\n<p>Premier League (13\u00e8me journ\u00e9e)<\/p>\n<p> 12h30 : Nottingham Forest &#8211; Liverpool (beinsports Premium 1, Canal+ Foot, DAZN 1 Espagne, Sky Sport Premier League, Sky Sport Autriche 1, Sky Sport Uno, Sky Sport Football)<br \/>\n 15h00 : Everton &#8211; Crystal Palace (beinsports Premium 2, Multisports 4, DAZN 2 Espagne, Sky Sport Allemagne 7)<br \/>\n 15h00 : Manchester City &#8211; Brighton (beinsports Premium 1, Canal+ Foot, DAZN 1 Espagne, Sky Sport Premier League, Sky Sport Football)<br \/>\n 17h30 : Chelsea &#8211; Manchester United (beinsports Premium 1, Canal+ Foot, DAZN 1 Espagne, Sky Sport Premier League, Sky Sport Football, Sky Sport Uno)<\/p>\n<p>LaLiga (11\u00e8me journ\u00e9e)<\/p>\n<p> 15h15 : Real Valladolid &#8211; Real Sociedad (beinsports ar 1, beinsports fr 8, Movistar LaLiga, DAZN 1 Allemagne)<br \/>\n 17h30 : Valence &#8211; Real Majorque (beinsports ar 1, beinsports fr 8, Movistar LaLiga 2, DAZN 1 Allemagne)<br \/>\n 20h00 : Real Madrid &#8211; S\u00e9ville FC (beinsports ar 1, beinsports fr 1, Movistar LaLiga, DAZN 1 Allemagne)<\/p>\n<p>Serie A (11\u00e8me journ\u00e9e)<\/p>\n<p> 17h00 : AC Milan &#8211; Monza (beinsports fr 1, Movistar Liga de Campeones, Sport TV 6, DAZN 2 Allemagne)<br \/>\n 19h45 : Fiorentina &#8211; Inter (beinsports fr 2, Movistar Liga de Campeones, Sport TV 3, DAZN 2 Allemagne, Sky Sport Calcio, Sky Sport Uno)<\/p>\n<p>Bundesliga (11\u00e8me journ\u00e9e)<\/p>\n<p> 14h30 : Bayer Leverkusen &#8211; Wolfsburg (beinsports fr 7, Movistar Liga de Campeones 2, Sky Sport Bundesliga 6)<br \/>\n 14h30 : Borussia Dortmund &#8211; Stuttgart (beinsports ar 4, beinsports fr 5, Movistar Liga de Campeones, Sky Sport Bundesliga 2)<br \/>\n 14h30 : Fribourg &#8211; Werder Br\u00eame (beinsports Premium 3, beinsports fr 6, Sky Sport Bundesliga 4)<br \/>\n 14h30 : Hoffenheim &#8211; Bayern Munich (beinsports ar 3, beinsports fr 2, Vamos, Movistar Liga de Campeones 3, Sky Sport Bundesliga 3, Sky Sport Uno)<br \/>\n 17h30 : Borussia Monchengladbach &#8211; Eintracht Francfort (beinsports ar 3, beinsports fr 5, Movistar Liga de Campeones 2, Sky Sport Bundesliga 1, Sky Sport Arena)<\/p>\n<p>Ligue 1 (12\u00e8me journ\u00e9e)<\/p>\n<p> 16h00 : Montpellier &#8211; Lyon (beinsports ar 2, Prime Vid\u00e9o)<br \/>\n 20h00 : Marseille &#8211; Lens (beinsports ar 2, Canal+ Foot, Canal+ Sport 360, Sky Sport Football)<\/p>\n","protected":false},"excerpt":{"rendered":"<p>Programme TV des retransmissions sportives<\/p>\n","protected":false},"author":3162,"featured_media":253511,"comment_status":"open","ping_status":"closed","sticky":false,"template":"","format":"standard","meta":{"footnotes":""},"categories":[2593],"tags":[7199],"class_list":["post-198007","post","type-post","status-publish","format-standard","has-post-thumbnail","hentry","category-sport","tag-programme-tv"],"yoast_head":"<!-- This site is optimized with the Yoast SEO Premium plugin v27.5 (Yoast SEO v27.5) - https:\/\/yoast.com\/product\/yoast-seo-premium-wordpress\/ -->\n<title>Programme TV des retransmissions sportives<\/title>\n<meta name=\"description\" content=\"Programme TV des retransmissions sportives\" \/>\n<link rel=\"canonical\" href=\"https:\/\/www.webdo.tn\/fr\/actualite\/sport\/programme-tv-des-retransmissions-sportives-2\/198007\/\" \/>\n<meta property=\"og:locale\" content=\"fr_FR\" \/>\n<meta property=\"og:type\" content=\"article\" \/>\n<meta property=\"og:title\" content=\"Programme TV des retransmissions sportives\" \/>\n<meta property=\"og:description\" content=\"Programme TV des retransmissions sportives\" \/>\n<meta property=\"og:url\" content=\"https:\/\/www.webdo.tn\/fr\/actualite\/sport\/programme-tv-des-retransmissions-sportives-2\/198007\/\" \/>\n<meta property=\"og:site_name\" content=\"webdo\" \/>\n<meta property=\"article:publisher\" content=\"https:\/\/www.facebook.com\/webdotn\" \/>\n<meta property=\"article:published_time\" content=\"2022-10-22T11:45:00+00:00\" \/>\n<meta property=\"article:modified_time\" content=\"2025-05-22T11:46:41+00:00\" \/>\n<meta property=\"og:image\" content=\"https:\/\/www.webdo.tn\/fr\/wp-content\/uploads\/2022\/10\/Droits-TV-1024x505-1.png\" \/>\n\t<meta property=\"og:image:width\" content=\"1024\" \/>\n\t<meta property=\"og:image:height\" content=\"505\" \/>\n\t<meta property=\"og:image:type\" content=\"image\/png\" \/>\n<meta name=\"author\" content=\"MC\" \/>\n<meta name=\"twitter:card\" content=\"summary_large_image\" \/>\n<meta name=\"twitter:creator\" content=\"@webdo_tn\" \/>\n<meta name=\"twitter:site\" content=\"@webdo_tn\" \/>\n<meta name=\"twitter:label1\" content=\"\u00c9crit par\" \/>\n\t<meta name=\"twitter:data1\" content=\"MC\" \/>\n\t<meta name=\"twitter:label2\" content=\"Dur\u00e9e de lecture estim\u00e9e\" \/>\n\t<meta name=\"twitter:data2\" content=\"2 minutes\" \/>\n<script type=\"application\/ld+json\" class=\"yoast-schema-graph\">{\"@context\":\"https:\\\/\\\/schema.org\",\"@graph\":[{\"@type\":\"NewsArticle\",\"@id\":\"https:\\\/\\\/www.webdo.tn\\\/fr\\\/actualite\\\/sport\\\/programme-tv-des-retransmissions-sportives-2\\\/198007\\\/#article\",\"isPartOf\":{\"@id\":\"https:\\\/\\\/www.webdo.tn\\\/fr\\\/actualite\\\/sport\\\/programme-tv-des-retransmissions-sportives-2\\\/198007\\\/\"},\"author\":{\"name\":\"MC\",\"@id\":\"https:\\\/\\\/www.webdo.tn\\\/fr\\\/#\\\/schema\\\/person\\\/2c4929cbf5a809e3bd38617c6ce150f6\"},\"headline\":\"Programme TV des retransmissions sportives\",\"datePublished\":\"2022-10-22T11:45:00+00:00\",\"dateModified\":\"2025-05-22T11:46:41+00:00\",\"mainEntityOfPage\":{\"@id\":\"https:\\\/\\\/www.webdo.tn\\\/fr\\\/actualite\\\/sport\\\/programme-tv-des-retransmissions-sportives-2\\\/198007\\\/\"},\"wordCount\":320,\"commentCount\":0,\"publisher\":{\"@id\":\"https:\\\/\\\/www.webdo.tn\\\/fr\\\/#organization\"},\"image\":{\"@id\":\"https:\\\/\\\/www.webdo.tn\\\/fr\\\/actualite\\\/sport\\\/programme-tv-des-retransmissions-sportives-2\\\/198007\\\/#primaryimage\"},\"thumbnailUrl\":\"https:\\\/\\\/www.webdo.tn\\\/fr\\\/wp-content\\\/uploads\\\/2022\\\/10\\\/Droits-TV-1024x505-1.png\",\"keywords\":[\"Programme TV\"],\"articleSection\":[\"Sport\"],\"inLanguage\":\"fr-FR\"},{\"@type\":\"WebPage\",\"@id\":\"https:\\\/\\\/www.webdo.tn\\\/fr\\\/actualite\\\/sport\\\/programme-tv-des-retransmissions-sportives-2\\\/198007\\\/\",\"url\":\"https:\\\/\\\/www.webdo.tn\\\/fr\\\/actualite\\\/sport\\\/programme-tv-des-retransmissions-sportives-2\\\/198007\\\/\",\"name\":\"Programme TV des retransmissions sportives\",\"isPartOf\":{\"@id\":\"https:\\\/\\\/www.webdo.tn\\\/fr\\\/#website\"},\"primaryImageOfPage\":{\"@id\":\"https:\\\/\\\/www.webdo.tn\\\/fr\\\/actualite\\\/sport\\\/programme-tv-des-retransmissions-sportives-2\\\/198007\\\/#primaryimage\"},\"image\":{\"@id\":\"https:\\\/\\\/www.webdo.tn\\\/fr\\\/actualite\\\/sport\\\/programme-tv-des-retransmissions-sportives-2\\\/198007\\\/#primaryimage\"},\"thumbnailUrl\":\"https:\\\/\\\/www.webdo.tn\\\/fr\\\/wp-content\\\/uploads\\\/2022\\\/10\\\/Droits-TV-1024x505-1.png\",\"datePublished\":\"2022-10-22T11:45:00+00:00\",\"dateModified\":\"2025-05-22T11:46:41+00:00\",\"description\":\"Programme TV des retransmissions sportives\",\"breadcrumb\":{\"@id\":\"https:\\\/\\\/www.webdo.tn\\\/fr\\\/actualite\\\/sport\\\/programme-tv-des-retransmissions-sportives-2\\\/198007\\\/#breadcrumb\"},\"inLanguage\":\"fr-FR\",\"potentialAction\":[{\"@type\":\"ReadAction\",\"target\":[\"https:\\\/\\\/www.webdo.tn\\\/fr\\\/actualite\\\/sport\\\/programme-tv-des-retransmissions-sportives-2\\\/198007\\\/\"]}]},{\"@type\":\"ImageObject\",\"inLanguage\":\"fr-FR\",\"@id\":\"https:\\\/\\\/www.webdo.tn\\\/fr\\\/actualite\\\/sport\\\/programme-tv-des-retransmissions-sportives-2\\\/198007\\\/#primaryimage\",\"url\":\"https:\\\/\\\/www.webdo.tn\\\/fr\\\/wp-content\\\/uploads\\\/2022\\\/10\\\/Droits-TV-1024x505-1.png\",\"contentUrl\":\"https:\\\/\\\/www.webdo.tn\\\/fr\\\/wp-content\\\/uploads\\\/2022\\\/10\\\/Droits-TV-1024x505-1.png\",\"width\":1024,\"height\":505,\"caption\":\"Tunisie\u00a0: Qui a le droit de diffuser les matches de la Ligue 1\u00a0?\"},{\"@type\":\"BreadcrumbList\",\"@id\":\"https:\\\/\\\/www.webdo.tn\\\/fr\\\/actualite\\\/sport\\\/programme-tv-des-retransmissions-sportives-2\\\/198007\\\/#breadcrumb\",\"itemListElement\":[{\"@type\":\"ListItem\",\"position\":1,\"name\":\"Accueil\",\"item\":\"https:\\\/\\\/www.webdo.tn\\\/fr\\\/\"},{\"@type\":\"ListItem\",\"position\":2,\"name\":\"Programme TV des retransmissions sportives\"}]},{\"@type\":\"WebSite\",\"@id\":\"https:\\\/\\\/www.webdo.tn\\\/fr\\\/#website\",\"url\":\"https:\\\/\\\/www.webdo.tn\\\/fr\\\/\",\"name\":\"webdo\",\"description\":\"Tunisie - News en Tunisie et \u00e0 l&#039;international sur Webdo.tn\",\"publisher\":{\"@id\":\"https:\\\/\\\/www.webdo.tn\\\/fr\\\/#organization\"},\"potentialAction\":[{\"@type\":\"SearchAction\",\"target\":{\"@type\":\"EntryPoint\",\"urlTemplate\":\"https:\\\/\\\/www.webdo.tn\\\/fr\\\/?s={search_term_string}\"},\"query-input\":{\"@type\":\"PropertyValueSpecification\",\"valueRequired\":true,\"valueName\":\"search_term_string\"}}],\"inLanguage\":\"fr-FR\"},{\"@type\":\"Organization\",\"@id\":\"https:\\\/\\\/www.webdo.tn\\\/fr\\\/#organization\",\"name\":\"Webdo\",\"alternateName\":\"Webdo.tn\",\"url\":\"https:\\\/\\\/www.webdo.tn\\\/fr\\\/\",\"logo\":{\"@type\":\"ImageObject\",\"inLanguage\":\"fr-FR\",\"@id\":\"https:\\\/\\\/www.webdo.tn\\\/fr\\\/#\\\/schema\\\/logo\\\/image\\\/\",\"url\":\"https:\\\/\\\/www.webdo.tn\\\/fr\\\/wp-content\\\/uploads\\\/2025\\\/06\\\/Webdo-Tunisie_168377.jpg\",\"contentUrl\":\"https:\\\/\\\/www.webdo.tn\\\/fr\\\/wp-content\\\/uploads\\\/2025\\\/06\\\/Webdo-Tunisie_168377.jpg\",\"width\":301,\"height\":301,\"caption\":\"Webdo\"},\"image\":{\"@id\":\"https:\\\/\\\/www.webdo.tn\\\/fr\\\/#\\\/schema\\\/logo\\\/image\\\/\"},\"sameAs\":[\"https:\\\/\\\/www.facebook.com\\\/webdotn\",\"https:\\\/\\\/x.com\\\/webdo_tn\"],\"description\":\"Webdo est un m\u00e9dia num\u00e9rique tunisien fond\u00e9 en 2010, sp\u00e9cialis\u00e9 dans l\u2019actualit\u00e9 nationale et internationale, l\u2019\u00e9conomie, la soci\u00e9t\u00e9 et les analyses politiques. Le site s\u2019adresse \u00e0 un large public francophone et couvre l\u2019information tunisienne en temps r\u00e9el.\",\"email\":\"redac@webdo.tn\",\"legalName\":\"YNJ SARL\",\"foundingDate\":\"2010-09-06\",\"numberOfEmployees\":{\"@type\":\"QuantitativeValue\",\"minValue\":\"11\",\"maxValue\":\"50\"}},{\"@type\":\"Person\",\"@id\":\"https:\\\/\\\/www.webdo.tn\\\/fr\\\/#\\\/schema\\\/person\\\/2c4929cbf5a809e3bd38617c6ce150f6\",\"name\":\"MC\",\"image\":{\"@type\":\"ImageObject\",\"inLanguage\":\"fr-FR\",\"@id\":\"https:\\\/\\\/secure.gravatar.com\\\/avatar\\\/a545bbb6f84efdd5553dbbc2895e3ca8f1d12c5215e00a041c9670b54aa9b18a?s=96&d=mm&r=g\",\"url\":\"https:\\\/\\\/secure.gravatar.com\\\/avatar\\\/a545bbb6f84efdd5553dbbc2895e3ca8f1d12c5215e00a041c9670b54aa9b18a?s=96&d=mm&r=g\",\"contentUrl\":\"https:\\\/\\\/secure.gravatar.com\\\/avatar\\\/a545bbb6f84efdd5553dbbc2895e3ca8f1d12c5215e00a041c9670b54aa9b18a?s=96&d=mm&r=g\",\"caption\":\"MC\"},\"url\":\"https:\\\/\\\/www.webdo.tn\\\/fr\\\/actualite\\\/author\\\/mc\\\/\"}]}<\/script>\n<!-- \/ Yoast SEO Premium plugin. -->","yoast_head_json":{"title":"Programme TV des retransmissions sportives","description":"Programme TV des retransmissions sportives","canonical":"https:\/\/www.webdo.tn\/fr\/actualite\/sport\/programme-tv-des-retransmissions-sportives-2\/198007\/","og_locale":"fr_FR","og_type":"article","og_title":"Programme TV des retransmissions sportives","og_description":"Programme TV des retransmissions sportives","og_url":"https:\/\/www.webdo.tn\/fr\/actualite\/sport\/programme-tv-des-retransmissions-sportives-2\/198007\/","og_site_name":"webdo","article_publisher":"https:\/\/www.facebook.com\/webdotn","article_published_time":"2022-10-22T11:45:00+00:00","article_modified_time":"2025-05-22T11:46:41+00:00","og_image":[{"width":1024,"height":505,"url":"https:\/\/www.webdo.tn\/fr\/wp-content\/uploads\/2022\/10\/Droits-TV-1024x505-1.png","type":"image\/png"}],"author":"MC","twitter_card":"summary_large_image","twitter_creator":"@webdo_tn","twitter_site":"@webdo_tn","twitter_misc":{"\u00c9crit par":"MC","Dur\u00e9e de lecture estim\u00e9e":"2 minutes"},"schema":{"@context":"https:\/\/schema.org","@graph":[{"@type":"NewsArticle","@id":"https:\/\/www.webdo.tn\/fr\/actualite\/sport\/programme-tv-des-retransmissions-sportives-2\/198007\/#article","isPartOf":{"@id":"https:\/\/www.webdo.tn\/fr\/actualite\/sport\/programme-tv-des-retransmissions-sportives-2\/198007\/"},"author":{"name":"MC","@id":"https:\/\/www.webdo.tn\/fr\/#\/schema\/person\/2c4929cbf5a809e3bd38617c6ce150f6"},"headline":"Programme TV des retransmissions sportives","datePublished":"2022-10-22T11:45:00+00:00","dateModified":"2025-05-22T11:46:41+00:00","mainEntityOfPage":{"@id":"https:\/\/www.webdo.tn\/fr\/actualite\/sport\/programme-tv-des-retransmissions-sportives-2\/198007\/"},"wordCount":320,"commentCount":0,"publisher":{"@id":"https:\/\/www.webdo.tn\/fr\/#organization"},"image":{"@id":"https:\/\/www.webdo.tn\/fr\/actualite\/sport\/programme-tv-des-retransmissions-sportives-2\/198007\/#primaryimage"},"thumbnailUrl":"https:\/\/www.webdo.tn\/fr\/wp-content\/uploads\/2022\/10\/Droits-TV-1024x505-1.png","keywords":["Programme TV"],"articleSection":["Sport"],"inLanguage":"fr-FR"},{"@type":"WebPage","@id":"https:\/\/www.webdo.tn\/fr\/actualite\/sport\/programme-tv-des-retransmissions-sportives-2\/198007\/","url":"https:\/\/www.webdo.tn\/fr\/actualite\/sport\/programme-tv-des-retransmissions-sportives-2\/198007\/","name":"Programme TV des retransmissions sportives","isPartOf":{"@id":"https:\/\/www.webdo.tn\/fr\/#website"},"primaryImageOfPage":{"@id":"https:\/\/www.webdo.tn\/fr\/actualite\/sport\/programme-tv-des-retransmissions-sportives-2\/198007\/#primaryimage"},"image":{"@id":"https:\/\/www.webdo.tn\/fr\/actualite\/sport\/programme-tv-des-retransmissions-sportives-2\/198007\/#primaryimage"},"thumbnailUrl":"https:\/\/www.webdo.tn\/fr\/wp-content\/uploads\/2022\/10\/Droits-TV-1024x505-1.png","datePublished":"2022-10-22T11:45:00+00:00","dateModified":"2025-05-22T11:46:41+00:00","description":"Programme TV des retransmissions sportives","breadcrumb":{"@id":"https:\/\/www.webdo.tn\/fr\/actualite\/sport\/programme-tv-des-retransmissions-sportives-2\/198007\/#breadcrumb"},"inLanguage":"fr-FR","potentialAction":[{"@type":"ReadAction","target":["https:\/\/www.webdo.tn\/fr\/actualite\/sport\/programme-tv-des-retransmissions-sportives-2\/198007\/"]}]},{"@type":"ImageObject","inLanguage":"fr-FR","@id":"https:\/\/www.webdo.tn\/fr\/actualite\/sport\/programme-tv-des-retransmissions-sportives-2\/198007\/#primaryimage","url":"https:\/\/www.webdo.tn\/fr\/wp-content\/uploads\/2022\/10\/Droits-TV-1024x505-1.png","contentUrl":"https:\/\/www.webdo.tn\/fr\/wp-content\/uploads\/2022\/10\/Droits-TV-1024x505-1.png","width":1024,"height":505,"caption":"Tunisie\u00a0: Qui a le droit de diffuser les matches de la Ligue 1\u00a0?"},{"@type":"BreadcrumbList","@id":"https:\/\/www.webdo.tn\/fr\/actualite\/sport\/programme-tv-des-retransmissions-sportives-2\/198007\/#breadcrumb","itemListElement":[{"@type":"ListItem","position":1,"name":"Accueil","item":"https:\/\/www.webdo.tn\/fr\/"},{"@type":"ListItem","position":2,"name":"Programme TV des retransmissions sportives"}]},{"@type":"WebSite","@id":"https:\/\/www.webdo.tn\/fr\/#website","url":"https:\/\/www.webdo.tn\/fr\/","name":"webdo","description":"Tunisie - News en Tunisie et \u00e0 l&#039;international sur Webdo.tn","publisher":{"@id":"https:\/\/www.webdo.tn\/fr\/#organization"},"potentialAction":[{"@type":"SearchAction","target":{"@type":"EntryPoint","urlTemplate":"https:\/\/www.webdo.tn\/fr\/?s={search_term_string}"},"query-input":{"@type":"PropertyValueSpecification","valueRequired":true,"valueName":"search_term_string"}}],"inLanguage":"fr-FR"},{"@type":"Organization","@id":"https:\/\/www.webdo.tn\/fr\/#organization","name":"Webdo","alternateName":"Webdo.tn","url":"https:\/\/www.webdo.tn\/fr\/","logo":{"@type":"ImageObject","inLanguage":"fr-FR","@id":"https:\/\/www.webdo.tn\/fr\/#\/schema\/logo\/image\/","url":"https:\/\/www.webdo.tn\/fr\/wp-content\/uploads\/2025\/06\/Webdo-Tunisie_168377.jpg","contentUrl":"https:\/\/www.webdo.tn\/fr\/wp-content\/uploads\/2025\/06\/Webdo-Tunisie_168377.jpg","width":301,"height":301,"caption":"Webdo"},"image":{"@id":"https:\/\/www.webdo.tn\/fr\/#\/schema\/logo\/image\/"},"sameAs":["https:\/\/www.facebook.com\/webdotn","https:\/\/x.com\/webdo_tn"],"description":"Webdo est un m\u00e9dia num\u00e9rique tunisien fond\u00e9 en 2010, sp\u00e9cialis\u00e9 dans l\u2019actualit\u00e9 nationale et internationale, l\u2019\u00e9conomie, la soci\u00e9t\u00e9 et les analyses politiques. Le site s\u2019adresse \u00e0 un large public francophone et couvre l\u2019information tunisienne en temps r\u00e9el.","email":"redac@webdo.tn","legalName":"YNJ SARL","foundingDate":"2010-09-06","numberOfEmployees":{"@type":"QuantitativeValue","minValue":"11","maxValue":"50"}},{"@type":"Person","@id":"https:\/\/www.webdo.tn\/fr\/#\/schema\/person\/2c4929cbf5a809e3bd38617c6ce150f6","name":"MC","image":{"@type":"ImageObject","inLanguage":"fr-FR","@id":"https:\/\/secure.gravatar.com\/avatar\/a545bbb6f84efdd5553dbbc2895e3ca8f1d12c5215e00a041c9670b54aa9b18a?s=96&d=mm&r=g","url":"https:\/\/secure.gravatar.com\/avatar\/a545bbb6f84efdd5553dbbc2895e3ca8f1d12c5215e00a041c9670b54aa9b18a?s=96&d=mm&r=g","contentUrl":"https:\/\/secure.gravatar.com\/avatar\/a545bbb6f84efdd5553dbbc2895e3ca8f1d12c5215e00a041c9670b54aa9b18a?s=96&d=mm&r=g","caption":"MC"},"url":"https:\/\/www.webdo.tn\/fr\/actualite\/author\/mc\/"}]}},"_links":{"self":[{"href":"https:\/\/www.webdo.tn\/fr\/wp-json\/wp\/v2\/posts\/198007","targetHints":{"allow":["GET"]}}],"collection":[{"href":"https:\/\/www.webdo.tn\/fr\/wp-json\/wp\/v2\/posts"}],"about":[{"href":"https:\/\/www.webdo.tn\/fr\/wp-json\/wp\/v2\/types\/post"}],"author":[{"embeddable":true,"href":"https:\/\/www.webdo.tn\/fr\/wp-json\/wp\/v2\/users\/3162"}],"replies":[{"embeddable":true,"href":"https:\/\/www.webdo.tn\/fr\/wp-json\/wp\/v2\/comments?post=198007"}],"version-history":[{"count":0,"href":"https:\/\/www.webdo.tn\/fr\/wp-json\/wp\/v2\/posts\/198007\/revisions"}],"wp:featuredmedia":[{"embeddable":true,"href":"https:\/\/www.webdo.tn\/fr\/wp-json\/wp\/v2\/media\/253511"}],"wp:attachment":[{"href":"https:\/\/www.webdo.tn\/fr\/wp-json\/wp\/v2\/media?parent=198007"}],"wp:term":[{"taxonomy":"category","embeddable":true,"href":"https:\/\/www.webdo.tn\/fr\/wp-json\/wp\/v2\/categories?post=198007"},{"taxonomy":"post_tag","embeddable":true,"href":"https:\/\/www.webdo.tn\/fr\/wp-json\/wp\/v2\/tags?post=198007"}],"curies":[{"name":"wp","href":"https:\/\/api.w.org\/{rel}","templated":true}]}}