{"id":198006,"date":"2022-10-22T08:58:00","date_gmt":"2022-10-22T08:58:00","guid":{"rendered":"https:\/\/www.webdo.tn\/fr\/blog\/taekwondo-khalil-jendoubi-medaille-dargent-au-grand-prix-de-manchester\/198006\/"},"modified":"2025-05-20T22:05:14","modified_gmt":"2025-05-20T22:05:14","slug":"taekwondo-khalil-jendoubi-medaille-dargent-au-grand-prix-de-manchester","status":"publish","type":"post","link":"https:\/\/www.webdo.tn\/fr\/actualite\/sport\/taekwondo-khalil-jendoubi-medaille-dargent-au-grand-prix-de-manchester\/198006\/","title":{"rendered":"Taekwondo : Khalil Jendoubi m\u00e9daill\u00e9 d&rsquo;argent au Grand Prix de Manchester"},"content":{"rendered":"<p>Le vice-champion olympique Mohamed Khalil Jendoubi (-58 kg) a remport\u00e9, ce vendredi 21 octobre 2022, la m\u00e9daille d&rsquo;argent de sa cat\u00e9gorie lors du Grand Prix de Manchester, le troisi\u00e8me World Taekwondo Grand Prix de la saison, apr\u00e8s Rome et Paris. Khalil Jendoubi aurait pu remporter l&rsquo;or mais il n&rsquo;a c\u00e9d\u00e9 que dans les derni\u00e8res secondes du troisi\u00e8me round en finale face Sud Cor\u00e9en Park Taejoon en s&rsquo;inclinant 1-2. En quarts de finale, il avait \u00e9limin\u00e9 l&rsquo;Hongrois Salim Sherif (2-0) avant d&rsquo;\u00e9carter en demi-finales l&rsquo;Irlandais Jack Woolley (2-0). Ce Grand Prix de Manchester a r\u00e9uni le top 32 de chaque cat\u00e9gorie olympique pour pr\u00e9parer les Championnats du monde pr\u00e9vus le mois prochain au Mexique et marquer des points pour le classement olympique World Taekwondo qui attribuera des quotas pour les Jeux de Paris 2024.<\/p>\n","protected":false},"excerpt":{"rendered":"<p>Taekwondo : Khalil Jendoubi m\u00e9daill\u00e9 d&rsquo;argent au Grand Prix de Manchester<\/p>\n","protected":false},"author":3162,"featured_media":253496,"comment_status":"open","ping_status":"closed","sticky":false,"template":"","format":"standard","meta":{"footnotes":""},"categories":[2593],"tags":[3794],"class_list":["post-198006","post","type-post","status-publish","format-standard","has-post-thumbnail","hentry","category-sport","tag-khalil-jendoubi"],"yoast_head":"<!-- This site is optimized with the Yoast SEO Premium plugin v27.4 (Yoast SEO v27.5) - https:\/\/yoast.com\/product\/yoast-seo-premium-wordpress\/ -->\n<title>Taekwondo : Khalil Jendoubi m\u00e9daill\u00e9 d&#039;argent au Grand Prix de Manchester<\/title>\n<meta name=\"description\" content=\"Taekwondo : Khalil Jendoubi m\u00e9daill\u00e9 d&#039;argent au Grand Prix de Manchester\" \/>\n<link rel=\"canonical\" href=\"https:\/\/www.webdo.tn\/fr\/actualite\/sport\/taekwondo-khalil-jendoubi-medaille-dargent-au-grand-prix-de-manchester\/198006\/\" \/>\n<meta property=\"og:locale\" content=\"fr_FR\" \/>\n<meta property=\"og:type\" content=\"article\" \/>\n<meta property=\"og:title\" content=\"Taekwondo : Khalil Jendoubi m\u00e9daill\u00e9 d&#039;argent au Grand Prix de Manchester\" \/>\n<meta property=\"og:description\" content=\"Taekwondo : Khalil Jendoubi m\u00e9daill\u00e9 d&#039;argent au Grand Prix de Manchester\" \/>\n<meta property=\"og:url\" content=\"https:\/\/www.webdo.tn\/fr\/actualite\/sport\/taekwondo-khalil-jendoubi-medaille-dargent-au-grand-prix-de-manchester\/198006\/\" \/>\n<meta property=\"og:site_name\" content=\"webdo\" \/>\n<meta property=\"article:publisher\" content=\"https:\/\/www.facebook.com\/webdotn\" \/>\n<meta property=\"article:published_time\" content=\"2022-10-22T08:58:00+00:00\" \/>\n<meta property=\"article:modified_time\" content=\"2025-05-20T22:05:14+00:00\" \/>\n<meta property=\"og:image\" content=\"https:\/\/www.webdo.tn\/fr\/wp-content\/uploads\/2022\/10\/606751d715af0865547e3e49aff3738d.jpg\" \/>\n\t<meta property=\"og:image:width\" content=\"683\" \/>\n\t<meta property=\"og:image:height\" content=\"364\" \/>\n\t<meta property=\"og:image:type\" content=\"image\/jpeg\" \/>\n<meta name=\"author\" content=\"MC\" \/>\n<meta name=\"twitter:card\" content=\"summary_large_image\" \/>\n<meta name=\"twitter:creator\" content=\"@webdo_tn\" \/>\n<meta name=\"twitter:site\" content=\"@webdo_tn\" \/>\n<meta name=\"twitter:label1\" content=\"\u00c9crit par\" \/>\n\t<meta name=\"twitter:data1\" content=\"MC\" \/>\n\t<meta name=\"twitter:label2\" content=\"Dur\u00e9e de lecture estim\u00e9e\" \/>\n\t<meta name=\"twitter:data2\" content=\"1 minute\" \/>\n<script type=\"application\/ld+json\" class=\"yoast-schema-graph\">{\"@context\":\"https:\\\/\\\/schema.org\",\"@graph\":[{\"@type\":\"NewsArticle\",\"@id\":\"https:\\\/\\\/www.webdo.tn\\\/fr\\\/actualite\\\/sport\\\/taekwondo-khalil-jendoubi-medaille-dargent-au-grand-prix-de-manchester\\\/198006\\\/#article\",\"isPartOf\":{\"@id\":\"https:\\\/\\\/www.webdo.tn\\\/fr\\\/actualite\\\/sport\\\/taekwondo-khalil-jendoubi-medaille-dargent-au-grand-prix-de-manchester\\\/198006\\\/\"},\"author\":{\"name\":\"MC\",\"@id\":\"https:\\\/\\\/www.webdo.tn\\\/fr\\\/#\\\/schema\\\/person\\\/2c4929cbf5a809e3bd38617c6ce150f6\"},\"headline\":\"Taekwondo : Khalil Jendoubi m\u00e9daill\u00e9 d&rsquo;argent au Grand Prix de Manchester\",\"datePublished\":\"2022-10-22T08:58:00+00:00\",\"dateModified\":\"2025-05-20T22:05:14+00:00\",\"mainEntityOfPage\":{\"@id\":\"https:\\\/\\\/www.webdo.tn\\\/fr\\\/actualite\\\/sport\\\/taekwondo-khalil-jendoubi-medaille-dargent-au-grand-prix-de-manchester\\\/198006\\\/\"},\"wordCount\":160,\"commentCount\":0,\"publisher\":{\"@id\":\"https:\\\/\\\/www.webdo.tn\\\/fr\\\/#organization\"},\"image\":{\"@id\":\"https:\\\/\\\/www.webdo.tn\\\/fr\\\/actualite\\\/sport\\\/taekwondo-khalil-jendoubi-medaille-dargent-au-grand-prix-de-manchester\\\/198006\\\/#primaryimage\"},\"thumbnailUrl\":\"https:\\\/\\\/www.webdo.tn\\\/fr\\\/wp-content\\\/uploads\\\/2022\\\/10\\\/606751d715af0865547e3e49aff3738d.jpg\",\"keywords\":[\"Khalil Jendoubi\"],\"articleSection\":[\"Sport\"],\"inLanguage\":\"fr-FR\"},{\"@type\":\"WebPage\",\"@id\":\"https:\\\/\\\/www.webdo.tn\\\/fr\\\/actualite\\\/sport\\\/taekwondo-khalil-jendoubi-medaille-dargent-au-grand-prix-de-manchester\\\/198006\\\/\",\"url\":\"https:\\\/\\\/www.webdo.tn\\\/fr\\\/actualite\\\/sport\\\/taekwondo-khalil-jendoubi-medaille-dargent-au-grand-prix-de-manchester\\\/198006\\\/\",\"name\":\"Taekwondo : Khalil Jendoubi m\u00e9daill\u00e9 d'argent au Grand Prix de Manchester\",\"isPartOf\":{\"@id\":\"https:\\\/\\\/www.webdo.tn\\\/fr\\\/#website\"},\"primaryImageOfPage\":{\"@id\":\"https:\\\/\\\/www.webdo.tn\\\/fr\\\/actualite\\\/sport\\\/taekwondo-khalil-jendoubi-medaille-dargent-au-grand-prix-de-manchester\\\/198006\\\/#primaryimage\"},\"image\":{\"@id\":\"https:\\\/\\\/www.webdo.tn\\\/fr\\\/actualite\\\/sport\\\/taekwondo-khalil-jendoubi-medaille-dargent-au-grand-prix-de-manchester\\\/198006\\\/#primaryimage\"},\"thumbnailUrl\":\"https:\\\/\\\/www.webdo.tn\\\/fr\\\/wp-content\\\/uploads\\\/2022\\\/10\\\/606751d715af0865547e3e49aff3738d.jpg\",\"datePublished\":\"2022-10-22T08:58:00+00:00\",\"dateModified\":\"2025-05-20T22:05:14+00:00\",\"description\":\"Taekwondo : Khalil Jendoubi m\u00e9daill\u00e9 d'argent au Grand Prix de Manchester\",\"breadcrumb\":{\"@id\":\"https:\\\/\\\/www.webdo.tn\\\/fr\\\/actualite\\\/sport\\\/taekwondo-khalil-jendoubi-medaille-dargent-au-grand-prix-de-manchester\\\/198006\\\/#breadcrumb\"},\"inLanguage\":\"fr-FR\",\"potentialAction\":[{\"@type\":\"ReadAction\",\"target\":[\"https:\\\/\\\/www.webdo.tn\\\/fr\\\/actualite\\\/sport\\\/taekwondo-khalil-jendoubi-medaille-dargent-au-grand-prix-de-manchester\\\/198006\\\/\"]}]},{\"@type\":\"ImageObject\",\"inLanguage\":\"fr-FR\",\"@id\":\"https:\\\/\\\/www.webdo.tn\\\/fr\\\/actualite\\\/sport\\\/taekwondo-khalil-jendoubi-medaille-dargent-au-grand-prix-de-manchester\\\/198006\\\/#primaryimage\",\"url\":\"https:\\\/\\\/www.webdo.tn\\\/fr\\\/wp-content\\\/uploads\\\/2022\\\/10\\\/606751d715af0865547e3e49aff3738d.jpg\",\"contentUrl\":\"https:\\\/\\\/www.webdo.tn\\\/fr\\\/wp-content\\\/uploads\\\/2022\\\/10\\\/606751d715af0865547e3e49aff3738d.jpg\",\"width\":683,\"height\":364,\"caption\":\"Taekwondo : Khalil Jendoubi m\u00e9daill\u00e9 d'argent au Grand Prix de Manchester\"},{\"@type\":\"BreadcrumbList\",\"@id\":\"https:\\\/\\\/www.webdo.tn\\\/fr\\\/actualite\\\/sport\\\/taekwondo-khalil-jendoubi-medaille-dargent-au-grand-prix-de-manchester\\\/198006\\\/#breadcrumb\",\"itemListElement\":[{\"@type\":\"ListItem\",\"position\":1,\"name\":\"Accueil\",\"item\":\"https:\\\/\\\/www.webdo.tn\\\/fr\\\/\"},{\"@type\":\"ListItem\",\"position\":2,\"name\":\"Taekwondo : Khalil Jendoubi m\u00e9daill\u00e9 d&rsquo;argent au Grand Prix de Manchester\"}]},{\"@type\":\"WebSite\",\"@id\":\"https:\\\/\\\/www.webdo.tn\\\/fr\\\/#website\",\"url\":\"https:\\\/\\\/www.webdo.tn\\\/fr\\\/\",\"name\":\"webdo\",\"description\":\"Tunisie - News en Tunisie et \u00e0 l&#039;international sur Webdo.tn\",\"publisher\":{\"@id\":\"https:\\\/\\\/www.webdo.tn\\\/fr\\\/#organization\"},\"potentialAction\":[{\"@type\":\"SearchAction\",\"target\":{\"@type\":\"EntryPoint\",\"urlTemplate\":\"https:\\\/\\\/www.webdo.tn\\\/fr\\\/?s={search_term_string}\"},\"query-input\":{\"@type\":\"PropertyValueSpecification\",\"valueRequired\":true,\"valueName\":\"search_term_string\"}}],\"inLanguage\":\"fr-FR\"},{\"@type\":\"Organization\",\"@id\":\"https:\\\/\\\/www.webdo.tn\\\/fr\\\/#organization\",\"name\":\"Webdo\",\"alternateName\":\"Webdo.tn\",\"url\":\"https:\\\/\\\/www.webdo.tn\\\/fr\\\/\",\"logo\":{\"@type\":\"ImageObject\",\"inLanguage\":\"fr-FR\",\"@id\":\"https:\\\/\\\/www.webdo.tn\\\/fr\\\/#\\\/schema\\\/logo\\\/image\\\/\",\"url\":\"https:\\\/\\\/www.webdo.tn\\\/fr\\\/wp-content\\\/uploads\\\/2025\\\/06\\\/Webdo-Tunisie_168377.jpg\",\"contentUrl\":\"https:\\\/\\\/www.webdo.tn\\\/fr\\\/wp-content\\\/uploads\\\/2025\\\/06\\\/Webdo-Tunisie_168377.jpg\",\"width\":301,\"height\":301,\"caption\":\"Webdo\"},\"image\":{\"@id\":\"https:\\\/\\\/www.webdo.tn\\\/fr\\\/#\\\/schema\\\/logo\\\/image\\\/\"},\"sameAs\":[\"https:\\\/\\\/www.facebook.com\\\/webdotn\",\"https:\\\/\\\/x.com\\\/webdo_tn\"],\"description\":\"Webdo est un m\u00e9dia num\u00e9rique tunisien fond\u00e9 en 2010, sp\u00e9cialis\u00e9 dans l\u2019actualit\u00e9 nationale et internationale, l\u2019\u00e9conomie, la soci\u00e9t\u00e9 et les analyses politiques. Le site s\u2019adresse \u00e0 un large public francophone et couvre l\u2019information tunisienne en temps r\u00e9el.\",\"email\":\"redac@webdo.tn\",\"legalName\":\"YNJ SARL\",\"foundingDate\":\"2010-09-06\",\"numberOfEmployees\":{\"@type\":\"QuantitativeValue\",\"minValue\":\"11\",\"maxValue\":\"50\"}},{\"@type\":\"Person\",\"@id\":\"https:\\\/\\\/www.webdo.tn\\\/fr\\\/#\\\/schema\\\/person\\\/2c4929cbf5a809e3bd38617c6ce150f6\",\"name\":\"MC\",\"image\":{\"@type\":\"ImageObject\",\"inLanguage\":\"fr-FR\",\"@id\":\"https:\\\/\\\/secure.gravatar.com\\\/avatar\\\/a545bbb6f84efdd5553dbbc2895e3ca8f1d12c5215e00a041c9670b54aa9b18a?s=96&d=mm&r=g\",\"url\":\"https:\\\/\\\/secure.gravatar.com\\\/avatar\\\/a545bbb6f84efdd5553dbbc2895e3ca8f1d12c5215e00a041c9670b54aa9b18a?s=96&d=mm&r=g\",\"contentUrl\":\"https:\\\/\\\/secure.gravatar.com\\\/avatar\\\/a545bbb6f84efdd5553dbbc2895e3ca8f1d12c5215e00a041c9670b54aa9b18a?s=96&d=mm&r=g\",\"caption\":\"MC\"},\"url\":\"https:\\\/\\\/www.webdo.tn\\\/fr\\\/actualite\\\/author\\\/mc\\\/\"}]}<\/script>\n<!-- \/ Yoast SEO Premium plugin. -->","yoast_head_json":{"title":"Taekwondo : Khalil Jendoubi m\u00e9daill\u00e9 d'argent au Grand Prix de Manchester","description":"Taekwondo : Khalil Jendoubi m\u00e9daill\u00e9 d'argent au Grand Prix de Manchester","canonical":"https:\/\/www.webdo.tn\/fr\/actualite\/sport\/taekwondo-khalil-jendoubi-medaille-dargent-au-grand-prix-de-manchester\/198006\/","og_locale":"fr_FR","og_type":"article","og_title":"Taekwondo : Khalil Jendoubi m\u00e9daill\u00e9 d'argent au Grand Prix de Manchester","og_description":"Taekwondo : Khalil Jendoubi m\u00e9daill\u00e9 d'argent au Grand Prix de Manchester","og_url":"https:\/\/www.webdo.tn\/fr\/actualite\/sport\/taekwondo-khalil-jendoubi-medaille-dargent-au-grand-prix-de-manchester\/198006\/","og_site_name":"webdo","article_publisher":"https:\/\/www.facebook.com\/webdotn","article_published_time":"2022-10-22T08:58:00+00:00","article_modified_time":"2025-05-20T22:05:14+00:00","og_image":[{"width":683,"height":364,"url":"https:\/\/www.webdo.tn\/fr\/wp-content\/uploads\/2022\/10\/606751d715af0865547e3e49aff3738d.jpg","type":"image\/jpeg"}],"author":"MC","twitter_card":"summary_large_image","twitter_creator":"@webdo_tn","twitter_site":"@webdo_tn","twitter_misc":{"\u00c9crit par":"MC","Dur\u00e9e de lecture estim\u00e9e":"1 minute"},"schema":{"@context":"https:\/\/schema.org","@graph":[{"@type":"NewsArticle","@id":"https:\/\/www.webdo.tn\/fr\/actualite\/sport\/taekwondo-khalil-jendoubi-medaille-dargent-au-grand-prix-de-manchester\/198006\/#article","isPartOf":{"@id":"https:\/\/www.webdo.tn\/fr\/actualite\/sport\/taekwondo-khalil-jendoubi-medaille-dargent-au-grand-prix-de-manchester\/198006\/"},"author":{"name":"MC","@id":"https:\/\/www.webdo.tn\/fr\/#\/schema\/person\/2c4929cbf5a809e3bd38617c6ce150f6"},"headline":"Taekwondo : Khalil Jendoubi m\u00e9daill\u00e9 d&rsquo;argent au Grand Prix de Manchester","datePublished":"2022-10-22T08:58:00+00:00","dateModified":"2025-05-20T22:05:14+00:00","mainEntityOfPage":{"@id":"https:\/\/www.webdo.tn\/fr\/actualite\/sport\/taekwondo-khalil-jendoubi-medaille-dargent-au-grand-prix-de-manchester\/198006\/"},"wordCount":160,"commentCount":0,"publisher":{"@id":"https:\/\/www.webdo.tn\/fr\/#organization"},"image":{"@id":"https:\/\/www.webdo.tn\/fr\/actualite\/sport\/taekwondo-khalil-jendoubi-medaille-dargent-au-grand-prix-de-manchester\/198006\/#primaryimage"},"thumbnailUrl":"https:\/\/www.webdo.tn\/fr\/wp-content\/uploads\/2022\/10\/606751d715af0865547e3e49aff3738d.jpg","keywords":["Khalil Jendoubi"],"articleSection":["Sport"],"inLanguage":"fr-FR"},{"@type":"WebPage","@id":"https:\/\/www.webdo.tn\/fr\/actualite\/sport\/taekwondo-khalil-jendoubi-medaille-dargent-au-grand-prix-de-manchester\/198006\/","url":"https:\/\/www.webdo.tn\/fr\/actualite\/sport\/taekwondo-khalil-jendoubi-medaille-dargent-au-grand-prix-de-manchester\/198006\/","name":"Taekwondo : Khalil Jendoubi m\u00e9daill\u00e9 d'argent au Grand Prix de Manchester","isPartOf":{"@id":"https:\/\/www.webdo.tn\/fr\/#website"},"primaryImageOfPage":{"@id":"https:\/\/www.webdo.tn\/fr\/actualite\/sport\/taekwondo-khalil-jendoubi-medaille-dargent-au-grand-prix-de-manchester\/198006\/#primaryimage"},"image":{"@id":"https:\/\/www.webdo.tn\/fr\/actualite\/sport\/taekwondo-khalil-jendoubi-medaille-dargent-au-grand-prix-de-manchester\/198006\/#primaryimage"},"thumbnailUrl":"https:\/\/www.webdo.tn\/fr\/wp-content\/uploads\/2022\/10\/606751d715af0865547e3e49aff3738d.jpg","datePublished":"2022-10-22T08:58:00+00:00","dateModified":"2025-05-20T22:05:14+00:00","description":"Taekwondo : Khalil Jendoubi m\u00e9daill\u00e9 d'argent au Grand Prix de Manchester","breadcrumb":{"@id":"https:\/\/www.webdo.tn\/fr\/actualite\/sport\/taekwondo-khalil-jendoubi-medaille-dargent-au-grand-prix-de-manchester\/198006\/#breadcrumb"},"inLanguage":"fr-FR","potentialAction":[{"@type":"ReadAction","target":["https:\/\/www.webdo.tn\/fr\/actualite\/sport\/taekwondo-khalil-jendoubi-medaille-dargent-au-grand-prix-de-manchester\/198006\/"]}]},{"@type":"ImageObject","inLanguage":"fr-FR","@id":"https:\/\/www.webdo.tn\/fr\/actualite\/sport\/taekwondo-khalil-jendoubi-medaille-dargent-au-grand-prix-de-manchester\/198006\/#primaryimage","url":"https:\/\/www.webdo.tn\/fr\/wp-content\/uploads\/2022\/10\/606751d715af0865547e3e49aff3738d.jpg","contentUrl":"https:\/\/www.webdo.tn\/fr\/wp-content\/uploads\/2022\/10\/606751d715af0865547e3e49aff3738d.jpg","width":683,"height":364,"caption":"Taekwondo : Khalil Jendoubi m\u00e9daill\u00e9 d'argent au Grand Prix de Manchester"},{"@type":"BreadcrumbList","@id":"https:\/\/www.webdo.tn\/fr\/actualite\/sport\/taekwondo-khalil-jendoubi-medaille-dargent-au-grand-prix-de-manchester\/198006\/#breadcrumb","itemListElement":[{"@type":"ListItem","position":1,"name":"Accueil","item":"https:\/\/www.webdo.tn\/fr\/"},{"@type":"ListItem","position":2,"name":"Taekwondo : Khalil Jendoubi m\u00e9daill\u00e9 d&rsquo;argent au Grand Prix de Manchester"}]},{"@type":"WebSite","@id":"https:\/\/www.webdo.tn\/fr\/#website","url":"https:\/\/www.webdo.tn\/fr\/","name":"webdo","description":"Tunisie - News en Tunisie et \u00e0 l&#039;international sur Webdo.tn","publisher":{"@id":"https:\/\/www.webdo.tn\/fr\/#organization"},"potentialAction":[{"@type":"SearchAction","target":{"@type":"EntryPoint","urlTemplate":"https:\/\/www.webdo.tn\/fr\/?s={search_term_string}"},"query-input":{"@type":"PropertyValueSpecification","valueRequired":true,"valueName":"search_term_string"}}],"inLanguage":"fr-FR"},{"@type":"Organization","@id":"https:\/\/www.webdo.tn\/fr\/#organization","name":"Webdo","alternateName":"Webdo.tn","url":"https:\/\/www.webdo.tn\/fr\/","logo":{"@type":"ImageObject","inLanguage":"fr-FR","@id":"https:\/\/www.webdo.tn\/fr\/#\/schema\/logo\/image\/","url":"https:\/\/www.webdo.tn\/fr\/wp-content\/uploads\/2025\/06\/Webdo-Tunisie_168377.jpg","contentUrl":"https:\/\/www.webdo.tn\/fr\/wp-content\/uploads\/2025\/06\/Webdo-Tunisie_168377.jpg","width":301,"height":301,"caption":"Webdo"},"image":{"@id":"https:\/\/www.webdo.tn\/fr\/#\/schema\/logo\/image\/"},"sameAs":["https:\/\/www.facebook.com\/webdotn","https:\/\/x.com\/webdo_tn"],"description":"Webdo est un m\u00e9dia num\u00e9rique tunisien fond\u00e9 en 2010, sp\u00e9cialis\u00e9 dans l\u2019actualit\u00e9 nationale et internationale, l\u2019\u00e9conomie, la soci\u00e9t\u00e9 et les analyses politiques. Le site s\u2019adresse \u00e0 un large public francophone et couvre l\u2019information tunisienne en temps r\u00e9el.","email":"redac@webdo.tn","legalName":"YNJ SARL","foundingDate":"2010-09-06","numberOfEmployees":{"@type":"QuantitativeValue","minValue":"11","maxValue":"50"}},{"@type":"Person","@id":"https:\/\/www.webdo.tn\/fr\/#\/schema\/person\/2c4929cbf5a809e3bd38617c6ce150f6","name":"MC","image":{"@type":"ImageObject","inLanguage":"fr-FR","@id":"https:\/\/secure.gravatar.com\/avatar\/a545bbb6f84efdd5553dbbc2895e3ca8f1d12c5215e00a041c9670b54aa9b18a?s=96&d=mm&r=g","url":"https:\/\/secure.gravatar.com\/avatar\/a545bbb6f84efdd5553dbbc2895e3ca8f1d12c5215e00a041c9670b54aa9b18a?s=96&d=mm&r=g","contentUrl":"https:\/\/secure.gravatar.com\/avatar\/a545bbb6f84efdd5553dbbc2895e3ca8f1d12c5215e00a041c9670b54aa9b18a?s=96&d=mm&r=g","caption":"MC"},"url":"https:\/\/www.webdo.tn\/fr\/actualite\/author\/mc\/"}]}},"_links":{"self":[{"href":"https:\/\/www.webdo.tn\/fr\/wp-json\/wp\/v2\/posts\/198006","targetHints":{"allow":["GET"]}}],"collection":[{"href":"https:\/\/www.webdo.tn\/fr\/wp-json\/wp\/v2\/posts"}],"about":[{"href":"https:\/\/www.webdo.tn\/fr\/wp-json\/wp\/v2\/types\/post"}],"author":[{"embeddable":true,"href":"https:\/\/www.webdo.tn\/fr\/wp-json\/wp\/v2\/users\/3162"}],"replies":[{"embeddable":true,"href":"https:\/\/www.webdo.tn\/fr\/wp-json\/wp\/v2\/comments?post=198006"}],"version-history":[{"count":0,"href":"https:\/\/www.webdo.tn\/fr\/wp-json\/wp\/v2\/posts\/198006\/revisions"}],"wp:featuredmedia":[{"embeddable":true,"href":"https:\/\/www.webdo.tn\/fr\/wp-json\/wp\/v2\/media\/253496"}],"wp:attachment":[{"href":"https:\/\/www.webdo.tn\/fr\/wp-json\/wp\/v2\/media?parent=198006"}],"wp:term":[{"taxonomy":"category","embeddable":true,"href":"https:\/\/www.webdo.tn\/fr\/wp-json\/wp\/v2\/categories?post=198006"},{"taxonomy":"post_tag","embeddable":true,"href":"https:\/\/www.webdo.tn\/fr\/wp-json\/wp\/v2\/tags?post=198006"}],"curies":[{"name":"wp","href":"https:\/\/api.w.org\/{rel}","templated":true}]}}