{"id":189189,"date":"2022-10-14T18:37:00","date_gmt":"2022-10-14T18:37:00","guid":{"rendered":"https:\/\/www.webdo.tn\/fr\/actualite\/blog\/carburant-samedi-fin-de-la-crise-annoncent-les-autorites\/189189\/"},"modified":"2025-05-22T11:47:27","modified_gmt":"2025-05-22T11:47:27","slug":"carburant-samedi-fin-de-la-crise-annoncent-les-autorites","status":"publish","type":"post","link":"https:\/\/www.webdo.tn\/fr\/actualite\/national\/carburant-samedi-fin-de-la-crise-annoncent-les-autorites\/189189\/","title":{"rendered":"Carburant : Samedi, fin de la crise, annoncent les autorit\u00e9s"},"content":{"rendered":"<p>Neila Nouira Gongi, ministre de l&rsquo;Industrie, de l&rsquo;Energie et des Mines, a annonc\u00e9 que les stations-services ont \u00e9t\u00e9 approvisionn\u00e9es en carburant et que la crise allait prendre fin demain samedi 15 octobre.<\/p>\n<p> S&rsquo;exprimant sur les ondes de Mosa\u00efque FM, elle a affirm\u00e9 que ce probl\u00e8me a touch\u00e9 certains gouvernorats comme le Grand-Tunis, Nabeul et Sousse, affirmant que les queues au niveau des stations-services disparaitront \u00e0 partir de demain. Elle a \u00e9galement imput\u00e9 la crise \u00e0 une fausse information laissant croire \u00e0 une p\u00e9nurie du carburant. Alors que la crise du carburant se dirige vers le d\u00e9nouement, les autorit\u00e9s ont \u00e9t\u00e9 contraintes d\u2019utiliser le stock strat\u00e9gique. La Pr\u00e9sidente-Directrice G\u00e9n\u00e9rale de la Soci\u00e9t\u00e9 tunisienne des Industries de Raffinage (STIR), Fakhta Mahouachi, a affirm\u00e9 que la Tunisie dispose d\u2019un stock de carburant et d\u00e9ment les informations selon lesquelles ce stock a \u00e9t\u00e9 \u00e9puis\u00e9. Cependant, dans des d\u00e9clarations m\u00e9diatiques, elle affirme qu\u2019une partie de ce stock a \u00e9t\u00e9 en effet utilis\u00e9e pour r\u00e9soudre la crise. \u00ab\u00a0Des facteurs internes et externes nous ont pouss\u00e9 \u00e0 utiliser ce stock\u00a0\u00bb a-t-elle reconnu. Selon ses dires, \u00ab le stock couvre, dans les situations ordinaires, plus de 75 jours, mais actuellement, de grandes quantit\u00e9s ont \u00e9t\u00e9 consomm\u00e9es, et le stock est \u00e0 un niveau bas, et sera r\u00e9tabli d\u2019une mani\u00e8re progressive \u00bb. Pour sa part, le pr\u00e9sident directeur g\u00e9n\u00e9ral de la soci\u00e9t\u00e9 nationale de distribution des p\u00e9troles \u00a0\u00bb SNDP Agil \u00a0\u00bb Khaled Betin avait affirm\u00e9 que l\u2019approvisionnement en carburant avait repris mercredi. La disponibilit\u00e9 en carburants est de retour et la distribution retrouve son rythme normal comme le montre cette vid\u00e9o post\u00e9e par la SNDP Agil (D\u00e9p\u00f4t de carburants \u00e0 la Goulette).<\/p>\n","protected":false},"excerpt":{"rendered":"<p>Carburant : Samedi, fin de la crise, annoncent les autorit\u00e9s<\/p>\n","protected":false},"author":3222,"featured_media":348748,"comment_status":"open","ping_status":"closed","sticky":false,"template":"","format":"standard","meta":{"footnotes":""},"categories":[44],"tags":[4956,11587],"class_list":["post-189189","post","type-post","status-publish","format-standard","has-post-thumbnail","hentry","category-national","tag-carburant","tag-neila-nouira-gongi"],"yoast_head":"<!-- This site is optimized with the Yoast SEO Premium plugin v27.5 (Yoast SEO v27.5) - https:\/\/yoast.com\/product\/yoast-seo-premium-wordpress\/ -->\n<title>Carburant : Samedi, fin de la crise, annoncent les autorit\u00e9s<\/title>\n<meta name=\"description\" content=\"Carburant : Samedi, fin de la crise, annoncent les autorit\u00e9s\" \/>\n<link rel=\"canonical\" href=\"https:\/\/www.webdo.tn\/fr\/actualite\/national-45\/carburant-samedi-fin-de-la-crise-annoncent-les-autorites\/189189\/\" \/>\n<meta property=\"og:locale\" content=\"fr_FR\" \/>\n<meta property=\"og:type\" content=\"article\" \/>\n<meta property=\"og:title\" content=\"Carburant : Samedi, fin de la crise, annoncent les autorit\u00e9s\" \/>\n<meta property=\"og:description\" content=\"Carburant : Samedi, fin de la crise, annoncent les autorit\u00e9s\" \/>\n<meta property=\"og:url\" content=\"https:\/\/www.webdo.tn\/fr\/actualite\/national-45\/carburant-samedi-fin-de-la-crise-annoncent-les-autorites\/189189\/\" \/>\n<meta property=\"og:site_name\" content=\"webdo\" \/>\n<meta property=\"article:publisher\" content=\"https:\/\/www.facebook.com\/webdotn\" \/>\n<meta property=\"article:published_time\" content=\"2022-10-14T18:37:00+00:00\" \/>\n<meta property=\"article:modified_time\" content=\"2025-05-22T11:47:27+00:00\" \/>\n<meta property=\"og:image\" content=\"https:\/\/www.webdo.tn\/fr\/wp-content\/uploads\/2022\/10\/Capture-1-1.jpg\" \/>\n\t<meta property=\"og:image:width\" content=\"803\" \/>\n\t<meta property=\"og:image:height\" content=\"444\" \/>\n\t<meta property=\"og:image:type\" content=\"image\/jpeg\" \/>\n<meta name=\"author\" content=\"webdo.tn\" \/>\n<meta name=\"twitter:card\" content=\"summary_large_image\" \/>\n<meta name=\"twitter:creator\" content=\"@webdo_tn\" \/>\n<meta name=\"twitter:site\" content=\"@webdo_tn\" \/>\n<meta name=\"twitter:label1\" content=\"\u00c9crit par\" \/>\n\t<meta name=\"twitter:data1\" content=\"webdo.tn\" \/>\n\t<meta name=\"twitter:label2\" content=\"Dur\u00e9e de lecture estim\u00e9e\" \/>\n\t<meta name=\"twitter:data2\" content=\"1 minute\" \/>\n<script type=\"application\/ld+json\" class=\"yoast-schema-graph\">{\"@context\":\"https:\\\/\\\/schema.org\",\"@graph\":[{\"@type\":\"NewsArticle\",\"@id\":\"https:\\\/\\\/www.webdo.tn\\\/fr\\\/actualite\\\/national-45\\\/carburant-samedi-fin-de-la-crise-annoncent-les-autorites\\\/189189\\\/#article\",\"isPartOf\":{\"@id\":\"https:\\\/\\\/www.webdo.tn\\\/fr\\\/actualite\\\/national-45\\\/carburant-samedi-fin-de-la-crise-annoncent-les-autorites\\\/189189\\\/\"},\"author\":{\"name\":\"webdo.tn\",\"@id\":\"https:\\\/\\\/www.webdo.tn\\\/fr\\\/#\\\/schema\\\/person\\\/9a9c6118d687c117df8ef3cc36a4d175\"},\"headline\":\"Carburant : Samedi, fin de la crise, annoncent les autorit\u00e9s\",\"datePublished\":\"2022-10-14T18:37:00+00:00\",\"dateModified\":\"2025-05-22T11:47:27+00:00\",\"mainEntityOfPage\":{\"@id\":\"https:\\\/\\\/www.webdo.tn\\\/fr\\\/actualite\\\/national-45\\\/carburant-samedi-fin-de-la-crise-annoncent-les-autorites\\\/189189\\\/\"},\"wordCount\":308,\"commentCount\":0,\"publisher\":{\"@id\":\"https:\\\/\\\/www.webdo.tn\\\/fr\\\/#organization\"},\"image\":{\"@id\":\"https:\\\/\\\/www.webdo.tn\\\/fr\\\/actualite\\\/national-45\\\/carburant-samedi-fin-de-la-crise-annoncent-les-autorites\\\/189189\\\/#primaryimage\"},\"thumbnailUrl\":\"https:\\\/\\\/www.webdo.tn\\\/fr\\\/wp-content\\\/uploads\\\/2022\\\/10\\\/Capture-1-1.jpg\",\"keywords\":[\"carburant\",\"Neila Nouira Gongi\"],\"articleSection\":[\"National\"],\"inLanguage\":\"fr-FR\"},{\"@type\":\"WebPage\",\"@id\":\"https:\\\/\\\/www.webdo.tn\\\/fr\\\/actualite\\\/national-45\\\/carburant-samedi-fin-de-la-crise-annoncent-les-autorites\\\/189189\\\/\",\"url\":\"https:\\\/\\\/www.webdo.tn\\\/fr\\\/actualite\\\/national-45\\\/carburant-samedi-fin-de-la-crise-annoncent-les-autorites\\\/189189\\\/\",\"name\":\"Carburant : Samedi, fin de la crise, annoncent les autorit\u00e9s\",\"isPartOf\":{\"@id\":\"https:\\\/\\\/www.webdo.tn\\\/fr\\\/#website\"},\"primaryImageOfPage\":{\"@id\":\"https:\\\/\\\/www.webdo.tn\\\/fr\\\/actualite\\\/national-45\\\/carburant-samedi-fin-de-la-crise-annoncent-les-autorites\\\/189189\\\/#primaryimage\"},\"image\":{\"@id\":\"https:\\\/\\\/www.webdo.tn\\\/fr\\\/actualite\\\/national-45\\\/carburant-samedi-fin-de-la-crise-annoncent-les-autorites\\\/189189\\\/#primaryimage\"},\"thumbnailUrl\":\"https:\\\/\\\/www.webdo.tn\\\/fr\\\/wp-content\\\/uploads\\\/2022\\\/10\\\/Capture-1-1.jpg\",\"datePublished\":\"2022-10-14T18:37:00+00:00\",\"dateModified\":\"2025-05-22T11:47:27+00:00\",\"description\":\"Carburant : Samedi, fin de la crise, annoncent les autorit\u00e9s\",\"breadcrumb\":{\"@id\":\"https:\\\/\\\/www.webdo.tn\\\/fr\\\/actualite\\\/national-45\\\/carburant-samedi-fin-de-la-crise-annoncent-les-autorites\\\/189189\\\/#breadcrumb\"},\"inLanguage\":\"fr-FR\",\"potentialAction\":[{\"@type\":\"ReadAction\",\"target\":[\"https:\\\/\\\/www.webdo.tn\\\/fr\\\/actualite\\\/national-45\\\/carburant-samedi-fin-de-la-crise-annoncent-les-autorites\\\/189189\\\/\"]}]},{\"@type\":\"ImageObject\",\"inLanguage\":\"fr-FR\",\"@id\":\"https:\\\/\\\/www.webdo.tn\\\/fr\\\/actualite\\\/national-45\\\/carburant-samedi-fin-de-la-crise-annoncent-les-autorites\\\/189189\\\/#primaryimage\",\"url\":\"https:\\\/\\\/www.webdo.tn\\\/fr\\\/wp-content\\\/uploads\\\/2022\\\/10\\\/Capture-1-1.jpg\",\"contentUrl\":\"https:\\\/\\\/www.webdo.tn\\\/fr\\\/wp-content\\\/uploads\\\/2022\\\/10\\\/Capture-1-1.jpg\",\"width\":803,\"height\":444,\"caption\":\"Carburant : Samedi, fin de la crise, annoncent les autorit\u00e9s\"},{\"@type\":\"BreadcrumbList\",\"@id\":\"https:\\\/\\\/www.webdo.tn\\\/fr\\\/actualite\\\/national-45\\\/carburant-samedi-fin-de-la-crise-annoncent-les-autorites\\\/189189\\\/#breadcrumb\",\"itemListElement\":[{\"@type\":\"ListItem\",\"position\":1,\"name\":\"Accueil\",\"item\":\"https:\\\/\\\/www.webdo.tn\\\/fr\\\/\"},{\"@type\":\"ListItem\",\"position\":2,\"name\":\"Carburant : Samedi, fin de la crise, annoncent les autorit\u00e9s\"}]},{\"@type\":\"WebSite\",\"@id\":\"https:\\\/\\\/www.webdo.tn\\\/fr\\\/#website\",\"url\":\"https:\\\/\\\/www.webdo.tn\\\/fr\\\/\",\"name\":\"webdo\",\"description\":\"Tunisie - News en Tunisie et \u00e0 l&#039;international sur Webdo.tn\",\"publisher\":{\"@id\":\"https:\\\/\\\/www.webdo.tn\\\/fr\\\/#organization\"},\"potentialAction\":[{\"@type\":\"SearchAction\",\"target\":{\"@type\":\"EntryPoint\",\"urlTemplate\":\"https:\\\/\\\/www.webdo.tn\\\/fr\\\/?s={search_term_string}\"},\"query-input\":{\"@type\":\"PropertyValueSpecification\",\"valueRequired\":true,\"valueName\":\"search_term_string\"}}],\"inLanguage\":\"fr-FR\"},{\"@type\":\"Organization\",\"@id\":\"https:\\\/\\\/www.webdo.tn\\\/fr\\\/#organization\",\"name\":\"Webdo\",\"alternateName\":\"Webdo.tn\",\"url\":\"https:\\\/\\\/www.webdo.tn\\\/fr\\\/\",\"logo\":{\"@type\":\"ImageObject\",\"inLanguage\":\"fr-FR\",\"@id\":\"https:\\\/\\\/www.webdo.tn\\\/fr\\\/#\\\/schema\\\/logo\\\/image\\\/\",\"url\":\"https:\\\/\\\/www.webdo.tn\\\/fr\\\/wp-content\\\/uploads\\\/2025\\\/06\\\/Webdo-Tunisie_168377.jpg\",\"contentUrl\":\"https:\\\/\\\/www.webdo.tn\\\/fr\\\/wp-content\\\/uploads\\\/2025\\\/06\\\/Webdo-Tunisie_168377.jpg\",\"width\":301,\"height\":301,\"caption\":\"Webdo\"},\"image\":{\"@id\":\"https:\\\/\\\/www.webdo.tn\\\/fr\\\/#\\\/schema\\\/logo\\\/image\\\/\"},\"sameAs\":[\"https:\\\/\\\/www.facebook.com\\\/webdotn\",\"https:\\\/\\\/x.com\\\/webdo_tn\"],\"description\":\"Webdo est un m\u00e9dia num\u00e9rique tunisien fond\u00e9 en 2010, sp\u00e9cialis\u00e9 dans l\u2019actualit\u00e9 nationale et internationale, l\u2019\u00e9conomie, la soci\u00e9t\u00e9 et les analyses politiques. Le site s\u2019adresse \u00e0 un large public francophone et couvre l\u2019information tunisienne en temps r\u00e9el.\",\"email\":\"redac@webdo.tn\",\"legalName\":\"YNJ SARL\",\"foundingDate\":\"2010-09-06\",\"numberOfEmployees\":{\"@type\":\"QuantitativeValue\",\"minValue\":\"11\",\"maxValue\":\"50\"}},{\"@type\":\"Person\",\"@id\":\"https:\\\/\\\/www.webdo.tn\\\/fr\\\/#\\\/schema\\\/person\\\/9a9c6118d687c117df8ef3cc36a4d175\",\"name\":\"webdo.tn\",\"image\":{\"@type\":\"ImageObject\",\"inLanguage\":\"fr-FR\",\"@id\":\"https:\\\/\\\/secure.gravatar.com\\\/avatar\\\/7ce1f28c0c3bbac99ff550b85ef8e44a6950c6ee24514fb6a5489e51d06f0298?s=96&d=mm&r=g\",\"url\":\"https:\\\/\\\/secure.gravatar.com\\\/avatar\\\/7ce1f28c0c3bbac99ff550b85ef8e44a6950c6ee24514fb6a5489e51d06f0298?s=96&d=mm&r=g\",\"contentUrl\":\"https:\\\/\\\/secure.gravatar.com\\\/avatar\\\/7ce1f28c0c3bbac99ff550b85ef8e44a6950c6ee24514fb6a5489e51d06f0298?s=96&d=mm&r=g\",\"caption\":\"webdo.tn\"},\"url\":\"https:\\\/\\\/www.webdo.tn\\\/fr\\\/actualite\\\/author\\\/webdotn\\\/\"}]}<\/script>\n<!-- \/ Yoast SEO Premium plugin. -->","yoast_head_json":{"title":"Carburant : Samedi, fin de la crise, annoncent les autorit\u00e9s","description":"Carburant : Samedi, fin de la crise, annoncent les autorit\u00e9s","canonical":"https:\/\/www.webdo.tn\/fr\/actualite\/national-45\/carburant-samedi-fin-de-la-crise-annoncent-les-autorites\/189189\/","og_locale":"fr_FR","og_type":"article","og_title":"Carburant : Samedi, fin de la crise, annoncent les autorit\u00e9s","og_description":"Carburant : Samedi, fin de la crise, annoncent les autorit\u00e9s","og_url":"https:\/\/www.webdo.tn\/fr\/actualite\/national-45\/carburant-samedi-fin-de-la-crise-annoncent-les-autorites\/189189\/","og_site_name":"webdo","article_publisher":"https:\/\/www.facebook.com\/webdotn","article_published_time":"2022-10-14T18:37:00+00:00","article_modified_time":"2025-05-22T11:47:27+00:00","og_image":[{"width":803,"height":444,"url":"https:\/\/www.webdo.tn\/fr\/wp-content\/uploads\/2022\/10\/Capture-1-1.jpg","type":"image\/jpeg"}],"author":"webdo.tn","twitter_card":"summary_large_image","twitter_creator":"@webdo_tn","twitter_site":"@webdo_tn","twitter_misc":{"\u00c9crit par":"webdo.tn","Dur\u00e9e de lecture estim\u00e9e":"1 minute"},"schema":{"@context":"https:\/\/schema.org","@graph":[{"@type":"NewsArticle","@id":"https:\/\/www.webdo.tn\/fr\/actualite\/national-45\/carburant-samedi-fin-de-la-crise-annoncent-les-autorites\/189189\/#article","isPartOf":{"@id":"https:\/\/www.webdo.tn\/fr\/actualite\/national-45\/carburant-samedi-fin-de-la-crise-annoncent-les-autorites\/189189\/"},"author":{"name":"webdo.tn","@id":"https:\/\/www.webdo.tn\/fr\/#\/schema\/person\/9a9c6118d687c117df8ef3cc36a4d175"},"headline":"Carburant : Samedi, fin de la crise, annoncent les autorit\u00e9s","datePublished":"2022-10-14T18:37:00+00:00","dateModified":"2025-05-22T11:47:27+00:00","mainEntityOfPage":{"@id":"https:\/\/www.webdo.tn\/fr\/actualite\/national-45\/carburant-samedi-fin-de-la-crise-annoncent-les-autorites\/189189\/"},"wordCount":308,"commentCount":0,"publisher":{"@id":"https:\/\/www.webdo.tn\/fr\/#organization"},"image":{"@id":"https:\/\/www.webdo.tn\/fr\/actualite\/national-45\/carburant-samedi-fin-de-la-crise-annoncent-les-autorites\/189189\/#primaryimage"},"thumbnailUrl":"https:\/\/www.webdo.tn\/fr\/wp-content\/uploads\/2022\/10\/Capture-1-1.jpg","keywords":["carburant","Neila Nouira Gongi"],"articleSection":["National"],"inLanguage":"fr-FR"},{"@type":"WebPage","@id":"https:\/\/www.webdo.tn\/fr\/actualite\/national-45\/carburant-samedi-fin-de-la-crise-annoncent-les-autorites\/189189\/","url":"https:\/\/www.webdo.tn\/fr\/actualite\/national-45\/carburant-samedi-fin-de-la-crise-annoncent-les-autorites\/189189\/","name":"Carburant : Samedi, fin de la crise, annoncent les autorit\u00e9s","isPartOf":{"@id":"https:\/\/www.webdo.tn\/fr\/#website"},"primaryImageOfPage":{"@id":"https:\/\/www.webdo.tn\/fr\/actualite\/national-45\/carburant-samedi-fin-de-la-crise-annoncent-les-autorites\/189189\/#primaryimage"},"image":{"@id":"https:\/\/www.webdo.tn\/fr\/actualite\/national-45\/carburant-samedi-fin-de-la-crise-annoncent-les-autorites\/189189\/#primaryimage"},"thumbnailUrl":"https:\/\/www.webdo.tn\/fr\/wp-content\/uploads\/2022\/10\/Capture-1-1.jpg","datePublished":"2022-10-14T18:37:00+00:00","dateModified":"2025-05-22T11:47:27+00:00","description":"Carburant : Samedi, fin de la crise, annoncent les autorit\u00e9s","breadcrumb":{"@id":"https:\/\/www.webdo.tn\/fr\/actualite\/national-45\/carburant-samedi-fin-de-la-crise-annoncent-les-autorites\/189189\/#breadcrumb"},"inLanguage":"fr-FR","potentialAction":[{"@type":"ReadAction","target":["https:\/\/www.webdo.tn\/fr\/actualite\/national-45\/carburant-samedi-fin-de-la-crise-annoncent-les-autorites\/189189\/"]}]},{"@type":"ImageObject","inLanguage":"fr-FR","@id":"https:\/\/www.webdo.tn\/fr\/actualite\/national-45\/carburant-samedi-fin-de-la-crise-annoncent-les-autorites\/189189\/#primaryimage","url":"https:\/\/www.webdo.tn\/fr\/wp-content\/uploads\/2022\/10\/Capture-1-1.jpg","contentUrl":"https:\/\/www.webdo.tn\/fr\/wp-content\/uploads\/2022\/10\/Capture-1-1.jpg","width":803,"height":444,"caption":"Carburant : Samedi, fin de la crise, annoncent les autorit\u00e9s"},{"@type":"BreadcrumbList","@id":"https:\/\/www.webdo.tn\/fr\/actualite\/national-45\/carburant-samedi-fin-de-la-crise-annoncent-les-autorites\/189189\/#breadcrumb","itemListElement":[{"@type":"ListItem","position":1,"name":"Accueil","item":"https:\/\/www.webdo.tn\/fr\/"},{"@type":"ListItem","position":2,"name":"Carburant : Samedi, fin de la crise, annoncent les autorit\u00e9s"}]},{"@type":"WebSite","@id":"https:\/\/www.webdo.tn\/fr\/#website","url":"https:\/\/www.webdo.tn\/fr\/","name":"webdo","description":"Tunisie - News en Tunisie et \u00e0 l&#039;international sur Webdo.tn","publisher":{"@id":"https:\/\/www.webdo.tn\/fr\/#organization"},"potentialAction":[{"@type":"SearchAction","target":{"@type":"EntryPoint","urlTemplate":"https:\/\/www.webdo.tn\/fr\/?s={search_term_string}"},"query-input":{"@type":"PropertyValueSpecification","valueRequired":true,"valueName":"search_term_string"}}],"inLanguage":"fr-FR"},{"@type":"Organization","@id":"https:\/\/www.webdo.tn\/fr\/#organization","name":"Webdo","alternateName":"Webdo.tn","url":"https:\/\/www.webdo.tn\/fr\/","logo":{"@type":"ImageObject","inLanguage":"fr-FR","@id":"https:\/\/www.webdo.tn\/fr\/#\/schema\/logo\/image\/","url":"https:\/\/www.webdo.tn\/fr\/wp-content\/uploads\/2025\/06\/Webdo-Tunisie_168377.jpg","contentUrl":"https:\/\/www.webdo.tn\/fr\/wp-content\/uploads\/2025\/06\/Webdo-Tunisie_168377.jpg","width":301,"height":301,"caption":"Webdo"},"image":{"@id":"https:\/\/www.webdo.tn\/fr\/#\/schema\/logo\/image\/"},"sameAs":["https:\/\/www.facebook.com\/webdotn","https:\/\/x.com\/webdo_tn"],"description":"Webdo est un m\u00e9dia num\u00e9rique tunisien fond\u00e9 en 2010, sp\u00e9cialis\u00e9 dans l\u2019actualit\u00e9 nationale et internationale, l\u2019\u00e9conomie, la soci\u00e9t\u00e9 et les analyses politiques. Le site s\u2019adresse \u00e0 un large public francophone et couvre l\u2019information tunisienne en temps r\u00e9el.","email":"redac@webdo.tn","legalName":"YNJ SARL","foundingDate":"2010-09-06","numberOfEmployees":{"@type":"QuantitativeValue","minValue":"11","maxValue":"50"}},{"@type":"Person","@id":"https:\/\/www.webdo.tn\/fr\/#\/schema\/person\/9a9c6118d687c117df8ef3cc36a4d175","name":"webdo.tn","image":{"@type":"ImageObject","inLanguage":"fr-FR","@id":"https:\/\/secure.gravatar.com\/avatar\/7ce1f28c0c3bbac99ff550b85ef8e44a6950c6ee24514fb6a5489e51d06f0298?s=96&d=mm&r=g","url":"https:\/\/secure.gravatar.com\/avatar\/7ce1f28c0c3bbac99ff550b85ef8e44a6950c6ee24514fb6a5489e51d06f0298?s=96&d=mm&r=g","contentUrl":"https:\/\/secure.gravatar.com\/avatar\/7ce1f28c0c3bbac99ff550b85ef8e44a6950c6ee24514fb6a5489e51d06f0298?s=96&d=mm&r=g","caption":"webdo.tn"},"url":"https:\/\/www.webdo.tn\/fr\/actualite\/author\/webdotn\/"}]}},"_links":{"self":[{"href":"https:\/\/www.webdo.tn\/fr\/wp-json\/wp\/v2\/posts\/189189","targetHints":{"allow":["GET"]}}],"collection":[{"href":"https:\/\/www.webdo.tn\/fr\/wp-json\/wp\/v2\/posts"}],"about":[{"href":"https:\/\/www.webdo.tn\/fr\/wp-json\/wp\/v2\/types\/post"}],"author":[{"embeddable":true,"href":"https:\/\/www.webdo.tn\/fr\/wp-json\/wp\/v2\/users\/3222"}],"replies":[{"embeddable":true,"href":"https:\/\/www.webdo.tn\/fr\/wp-json\/wp\/v2\/comments?post=189189"}],"version-history":[{"count":0,"href":"https:\/\/www.webdo.tn\/fr\/wp-json\/wp\/v2\/posts\/189189\/revisions"}],"wp:featuredmedia":[{"embeddable":true,"href":"https:\/\/www.webdo.tn\/fr\/wp-json\/wp\/v2\/media\/348748"}],"wp:attachment":[{"href":"https:\/\/www.webdo.tn\/fr\/wp-json\/wp\/v2\/media?parent=189189"}],"wp:term":[{"taxonomy":"category","embeddable":true,"href":"https:\/\/www.webdo.tn\/fr\/wp-json\/wp\/v2\/categories?post=189189"},{"taxonomy":"post_tag","embeddable":true,"href":"https:\/\/www.webdo.tn\/fr\/wp-json\/wp\/v2\/tags?post=189189"}],"curies":[{"name":"wp","href":"https:\/\/api.w.org\/{rel}","templated":true}]}}