{"id":189149,"date":"2022-10-12T11:51:00","date_gmt":"2022-10-12T11:51:00","guid":{"rendered":"https:\/\/www.webdo.tn\/fr\/actualite\/blog\/crise-sociale-associated-press-dresse-un-bilan-inquietant-pour-la-tunisie\/189149\/"},"modified":"2025-05-22T11:47:47","modified_gmt":"2025-05-22T11:47:47","slug":"crise-sociale-associated-press-dresse-un-bilan-inquietant-pour-la-tunisie","status":"publish","type":"post","link":"https:\/\/www.webdo.tn\/fr\/actualite\/national\/crise-sociale-associated-press-dresse-un-bilan-inquietant-pour-la-tunisie\/189149\/","title":{"rendered":"Crise sociale : Associated Press dresse un bilan inqui\u00e9tant pour la Tunisie"},"content":{"rendered":"<p>La crise sociale s\u2019intensifie en Tunisie, p\u00e9nurie de produits de premi\u00e8re n\u00e9cessit\u00e9, crise de carburants et chert\u00e9 de la vie, le quotidien des Tunisiens devient de plus en plus difficile.<\/p>\n<p>Cette situation fait \u00e9cho \u00e0 l\u2019\u00e9tranger et on pr\u00e9voit m\u00eame une explosion sociale, d\u2019autant plus que le gouvernement s\u2019oriente vers des r\u00e9formes douloureuses.<\/p>\n<p>L\u2019agence de presse am\u00e9ricaine Associated Press est revenue dans un reportage sur la situation en Tunisie. Publi\u00e9 ce mardi 11 octobre 2022, il dresse un bilan inqui\u00e9tant pour la situation sociale.<\/p>\n<p>\u00ab Les Tunisiens ont \u00e9t\u00e9 frapp\u00e9s par la flamb\u00e9e des prix des denr\u00e9es alimentaires et les p\u00e9nuries de produits de base ces derni\u00e8res semaines, mena\u00e7ant de transformer le m\u00e9contentement qui couve dans le pays d&rsquo;Afrique du Nord &#8211; le berceau des manifestations du printemps arabe &#8211; en une plus grande agitation \u00bb, a-t-on \u00e9crit, alertant contre une p\u00e9nurie qui pourrait \u00eatre \u00e0 l\u2019origine de grandes protestations.<\/p>\n<p>L\u2019agence affirme \u00e9galement que \u00ab des bagarres \u00e9clatent parfois dans les files d&rsquo;attente des march\u00e9s alimentaires, et des manifestations dispers\u00e9es et des affrontements avec la police au sujet de la hausse des prix et des p\u00e9nuries se sont produits dans tout le pays \u00bb.<\/p>\n<p>Elle rappelle \u00e9galement que l&rsquo;inflation a atteint un taux record de 9,1%, le plus \u00e9lev\u00e9 depuis trois d\u00e9cennies, selon l&rsquo;Institut national des statistiques. \u00ab La Banque centrale de Tunisie (BCT) a ajout\u00e9 un coup dur en augmentant les frais bancaires et les taux d&rsquo;int\u00e9r\u00eat, entravant l&rsquo;acc\u00e8s aux pr\u00eats \u00e0 la consommation \u00bb, a-t-on conclu.<\/p>\n","protected":false},"excerpt":{"rendered":"<p>Crise sociale : Associated Press dresse un bilan inqui\u00e9tant pour la Tunisie<\/p>\n","protected":false},"author":3222,"featured_media":348767,"comment_status":"open","ping_status":"closed","sticky":false,"template":"","format":"standard","meta":{"footnotes":""},"categories":[44],"tags":[],"class_list":["post-189149","post","type-post","status-publish","format-standard","has-post-thumbnail","hentry","category-national"],"yoast_head":"<!-- This site is optimized with the Yoast SEO Premium plugin v27.4 (Yoast SEO v27.4) - https:\/\/yoast.com\/product\/yoast-seo-premium-wordpress\/ -->\n<title>Crise sociale : Associated Press dresse un bilan inqui\u00e9tant pour la Tunisie<\/title>\n<meta name=\"description\" content=\"Crise sociale : Associated Press dresse un bilan inqui\u00e9tant pour la Tunisie\" \/>\n<link rel=\"canonical\" href=\"https:\/\/www.webdo.tn\/fr\/actualite\/national-45\/crise-sociale-associated-press-dresse-un-bilan-inquietant-pour-la-tunisie\/189149\/\" \/>\n<meta property=\"og:locale\" content=\"fr_FR\" \/>\n<meta property=\"og:type\" content=\"article\" \/>\n<meta property=\"og:title\" content=\"Crise sociale : Associated Press dresse un bilan inqui\u00e9tant pour la Tunisie\" \/>\n<meta property=\"og:description\" content=\"Crise sociale : Associated Press dresse un bilan inqui\u00e9tant pour la Tunisie\" \/>\n<meta property=\"og:url\" content=\"https:\/\/www.webdo.tn\/fr\/actualite\/national-45\/crise-sociale-associated-press-dresse-un-bilan-inquietant-pour-la-tunisie\/189149\/\" \/>\n<meta property=\"og:site_name\" content=\"webdo\" \/>\n<meta property=\"article:publisher\" content=\"https:\/\/www.facebook.com\/webdotn\" \/>\n<meta property=\"article:published_time\" content=\"2022-10-12T11:51:00+00:00\" \/>\n<meta property=\"article:modified_time\" content=\"2025-05-22T11:47:47+00:00\" \/>\n<meta property=\"og:image\" content=\"https:\/\/www.webdo.tn\/fr\/wp-content\/uploads\/2022\/10\/thumbs_b2_5dea06daf1d7bb985d70a55e836af0e2.jpg\" \/>\n\t<meta property=\"og:image:width\" content=\"954\" \/>\n\t<meta property=\"og:image:height\" content=\"636\" \/>\n\t<meta property=\"og:image:type\" content=\"image\/jpeg\" \/>\n<meta name=\"author\" content=\"webdo.tn\" \/>\n<meta name=\"twitter:card\" content=\"summary_large_image\" \/>\n<meta name=\"twitter:creator\" content=\"@webdo_tn\" \/>\n<meta name=\"twitter:site\" content=\"@webdo_tn\" \/>\n<meta name=\"twitter:label1\" content=\"\u00c9crit par\" \/>\n\t<meta name=\"twitter:data1\" content=\"webdo.tn\" \/>\n\t<meta name=\"twitter:label2\" content=\"Dur\u00e9e de lecture estim\u00e9e\" \/>\n\t<meta name=\"twitter:data2\" content=\"1 minute\" \/>\n<script type=\"application\/ld+json\" class=\"yoast-schema-graph\">{\"@context\":\"https:\\\/\\\/schema.org\",\"@graph\":[{\"@type\":\"NewsArticle\",\"@id\":\"https:\\\/\\\/www.webdo.tn\\\/fr\\\/actualite\\\/national-45\\\/crise-sociale-associated-press-dresse-un-bilan-inquietant-pour-la-tunisie\\\/189149\\\/#article\",\"isPartOf\":{\"@id\":\"https:\\\/\\\/www.webdo.tn\\\/fr\\\/actualite\\\/national-45\\\/crise-sociale-associated-press-dresse-un-bilan-inquietant-pour-la-tunisie\\\/189149\\\/\"},\"author\":{\"name\":\"webdo.tn\",\"@id\":\"https:\\\/\\\/www.webdo.tn\\\/fr\\\/#\\\/schema\\\/person\\\/9a9c6118d687c117df8ef3cc36a4d175\"},\"headline\":\"Crise sociale : Associated Press dresse un bilan inqui\u00e9tant pour la Tunisie\",\"datePublished\":\"2022-10-12T11:51:00+00:00\",\"dateModified\":\"2025-05-22T11:47:47+00:00\",\"mainEntityOfPage\":{\"@id\":\"https:\\\/\\\/www.webdo.tn\\\/fr\\\/actualite\\\/national-45\\\/crise-sociale-associated-press-dresse-un-bilan-inquietant-pour-la-tunisie\\\/189149\\\/\"},\"wordCount\":285,\"commentCount\":0,\"publisher\":{\"@id\":\"https:\\\/\\\/www.webdo.tn\\\/fr\\\/#organization\"},\"image\":{\"@id\":\"https:\\\/\\\/www.webdo.tn\\\/fr\\\/actualite\\\/national-45\\\/crise-sociale-associated-press-dresse-un-bilan-inquietant-pour-la-tunisie\\\/189149\\\/#primaryimage\"},\"thumbnailUrl\":\"https:\\\/\\\/www.webdo.tn\\\/fr\\\/wp-content\\\/uploads\\\/2022\\\/10\\\/thumbs_b2_5dea06daf1d7bb985d70a55e836af0e2.jpg\",\"articleSection\":[\"National\"],\"inLanguage\":\"fr-FR\"},{\"@type\":\"WebPage\",\"@id\":\"https:\\\/\\\/www.webdo.tn\\\/fr\\\/actualite\\\/national-45\\\/crise-sociale-associated-press-dresse-un-bilan-inquietant-pour-la-tunisie\\\/189149\\\/\",\"url\":\"https:\\\/\\\/www.webdo.tn\\\/fr\\\/actualite\\\/national-45\\\/crise-sociale-associated-press-dresse-un-bilan-inquietant-pour-la-tunisie\\\/189149\\\/\",\"name\":\"Crise sociale : Associated Press dresse un bilan inqui\u00e9tant pour la Tunisie\",\"isPartOf\":{\"@id\":\"https:\\\/\\\/www.webdo.tn\\\/fr\\\/#website\"},\"primaryImageOfPage\":{\"@id\":\"https:\\\/\\\/www.webdo.tn\\\/fr\\\/actualite\\\/national-45\\\/crise-sociale-associated-press-dresse-un-bilan-inquietant-pour-la-tunisie\\\/189149\\\/#primaryimage\"},\"image\":{\"@id\":\"https:\\\/\\\/www.webdo.tn\\\/fr\\\/actualite\\\/national-45\\\/crise-sociale-associated-press-dresse-un-bilan-inquietant-pour-la-tunisie\\\/189149\\\/#primaryimage\"},\"thumbnailUrl\":\"https:\\\/\\\/www.webdo.tn\\\/fr\\\/wp-content\\\/uploads\\\/2022\\\/10\\\/thumbs_b2_5dea06daf1d7bb985d70a55e836af0e2.jpg\",\"datePublished\":\"2022-10-12T11:51:00+00:00\",\"dateModified\":\"2025-05-22T11:47:47+00:00\",\"description\":\"Crise sociale : Associated Press dresse un bilan inqui\u00e9tant pour la Tunisie\",\"breadcrumb\":{\"@id\":\"https:\\\/\\\/www.webdo.tn\\\/fr\\\/actualite\\\/national-45\\\/crise-sociale-associated-press-dresse-un-bilan-inquietant-pour-la-tunisie\\\/189149\\\/#breadcrumb\"},\"inLanguage\":\"fr-FR\",\"potentialAction\":[{\"@type\":\"ReadAction\",\"target\":[\"https:\\\/\\\/www.webdo.tn\\\/fr\\\/actualite\\\/national-45\\\/crise-sociale-associated-press-dresse-un-bilan-inquietant-pour-la-tunisie\\\/189149\\\/\"]}]},{\"@type\":\"ImageObject\",\"inLanguage\":\"fr-FR\",\"@id\":\"https:\\\/\\\/www.webdo.tn\\\/fr\\\/actualite\\\/national-45\\\/crise-sociale-associated-press-dresse-un-bilan-inquietant-pour-la-tunisie\\\/189149\\\/#primaryimage\",\"url\":\"https:\\\/\\\/www.webdo.tn\\\/fr\\\/wp-content\\\/uploads\\\/2022\\\/10\\\/thumbs_b2_5dea06daf1d7bb985d70a55e836af0e2.jpg\",\"contentUrl\":\"https:\\\/\\\/www.webdo.tn\\\/fr\\\/wp-content\\\/uploads\\\/2022\\\/10\\\/thumbs_b2_5dea06daf1d7bb985d70a55e836af0e2.jpg\",\"width\":954,\"height\":636,\"caption\":\"Crise sociale : Associated Press dresse un bilan inqui\u00e9tant pour la Tunisie\"},{\"@type\":\"BreadcrumbList\",\"@id\":\"https:\\\/\\\/www.webdo.tn\\\/fr\\\/actualite\\\/national-45\\\/crise-sociale-associated-press-dresse-un-bilan-inquietant-pour-la-tunisie\\\/189149\\\/#breadcrumb\",\"itemListElement\":[{\"@type\":\"ListItem\",\"position\":1,\"name\":\"Accueil\",\"item\":\"https:\\\/\\\/www.webdo.tn\\\/fr\\\/\"},{\"@type\":\"ListItem\",\"position\":2,\"name\":\"Crise sociale : Associated Press dresse un bilan inqui\u00e9tant pour la Tunisie\"}]},{\"@type\":\"WebSite\",\"@id\":\"https:\\\/\\\/www.webdo.tn\\\/fr\\\/#website\",\"url\":\"https:\\\/\\\/www.webdo.tn\\\/fr\\\/\",\"name\":\"webdo\",\"description\":\"Tunisie - News en Tunisie et \u00e0 l&#039;international sur Webdo.tn\",\"publisher\":{\"@id\":\"https:\\\/\\\/www.webdo.tn\\\/fr\\\/#organization\"},\"potentialAction\":[{\"@type\":\"SearchAction\",\"target\":{\"@type\":\"EntryPoint\",\"urlTemplate\":\"https:\\\/\\\/www.webdo.tn\\\/fr\\\/?s={search_term_string}\"},\"query-input\":{\"@type\":\"PropertyValueSpecification\",\"valueRequired\":true,\"valueName\":\"search_term_string\"}}],\"inLanguage\":\"fr-FR\"},{\"@type\":\"Organization\",\"@id\":\"https:\\\/\\\/www.webdo.tn\\\/fr\\\/#organization\",\"name\":\"Webdo\",\"alternateName\":\"Webdo.tn\",\"url\":\"https:\\\/\\\/www.webdo.tn\\\/fr\\\/\",\"logo\":{\"@type\":\"ImageObject\",\"inLanguage\":\"fr-FR\",\"@id\":\"https:\\\/\\\/www.webdo.tn\\\/fr\\\/#\\\/schema\\\/logo\\\/image\\\/\",\"url\":\"https:\\\/\\\/www.webdo.tn\\\/fr\\\/wp-content\\\/uploads\\\/2025\\\/06\\\/Webdo-Tunisie_168377.jpg\",\"contentUrl\":\"https:\\\/\\\/www.webdo.tn\\\/fr\\\/wp-content\\\/uploads\\\/2025\\\/06\\\/Webdo-Tunisie_168377.jpg\",\"width\":301,\"height\":301,\"caption\":\"Webdo\"},\"image\":{\"@id\":\"https:\\\/\\\/www.webdo.tn\\\/fr\\\/#\\\/schema\\\/logo\\\/image\\\/\"},\"sameAs\":[\"https:\\\/\\\/www.facebook.com\\\/webdotn\",\"https:\\\/\\\/x.com\\\/webdo_tn\"],\"description\":\"Webdo est un m\u00e9dia num\u00e9rique tunisien fond\u00e9 en 2010, sp\u00e9cialis\u00e9 dans l\u2019actualit\u00e9 nationale et internationale, l\u2019\u00e9conomie, la soci\u00e9t\u00e9 et les analyses politiques. Le site s\u2019adresse \u00e0 un large public francophone et couvre l\u2019information tunisienne en temps r\u00e9el.\",\"email\":\"redac@webdo.tn\",\"legalName\":\"YNJ SARL\",\"foundingDate\":\"2010-09-06\",\"numberOfEmployees\":{\"@type\":\"QuantitativeValue\",\"minValue\":\"11\",\"maxValue\":\"50\"}},{\"@type\":\"Person\",\"@id\":\"https:\\\/\\\/www.webdo.tn\\\/fr\\\/#\\\/schema\\\/person\\\/9a9c6118d687c117df8ef3cc36a4d175\",\"name\":\"webdo.tn\",\"image\":{\"@type\":\"ImageObject\",\"inLanguage\":\"fr-FR\",\"@id\":\"https:\\\/\\\/secure.gravatar.com\\\/avatar\\\/7ce1f28c0c3bbac99ff550b85ef8e44a6950c6ee24514fb6a5489e51d06f0298?s=96&d=mm&r=g\",\"url\":\"https:\\\/\\\/secure.gravatar.com\\\/avatar\\\/7ce1f28c0c3bbac99ff550b85ef8e44a6950c6ee24514fb6a5489e51d06f0298?s=96&d=mm&r=g\",\"contentUrl\":\"https:\\\/\\\/secure.gravatar.com\\\/avatar\\\/7ce1f28c0c3bbac99ff550b85ef8e44a6950c6ee24514fb6a5489e51d06f0298?s=96&d=mm&r=g\",\"caption\":\"webdo.tn\"},\"url\":\"https:\\\/\\\/www.webdo.tn\\\/fr\\\/actualite\\\/author\\\/webdotn\\\/\"}]}<\/script>\n<!-- \/ Yoast SEO Premium plugin. -->","yoast_head_json":{"title":"Crise sociale : Associated Press dresse un bilan inqui\u00e9tant pour la Tunisie","description":"Crise sociale : Associated Press dresse un bilan inqui\u00e9tant pour la Tunisie","canonical":"https:\/\/www.webdo.tn\/fr\/actualite\/national-45\/crise-sociale-associated-press-dresse-un-bilan-inquietant-pour-la-tunisie\/189149\/","og_locale":"fr_FR","og_type":"article","og_title":"Crise sociale : Associated Press dresse un bilan inqui\u00e9tant pour la Tunisie","og_description":"Crise sociale : Associated Press dresse un bilan inqui\u00e9tant pour la Tunisie","og_url":"https:\/\/www.webdo.tn\/fr\/actualite\/national-45\/crise-sociale-associated-press-dresse-un-bilan-inquietant-pour-la-tunisie\/189149\/","og_site_name":"webdo","article_publisher":"https:\/\/www.facebook.com\/webdotn","article_published_time":"2022-10-12T11:51:00+00:00","article_modified_time":"2025-05-22T11:47:47+00:00","og_image":[{"width":954,"height":636,"url":"https:\/\/www.webdo.tn\/fr\/wp-content\/uploads\/2022\/10\/thumbs_b2_5dea06daf1d7bb985d70a55e836af0e2.jpg","type":"image\/jpeg"}],"author":"webdo.tn","twitter_card":"summary_large_image","twitter_creator":"@webdo_tn","twitter_site":"@webdo_tn","twitter_misc":{"\u00c9crit par":"webdo.tn","Dur\u00e9e de lecture estim\u00e9e":"1 minute"},"schema":{"@context":"https:\/\/schema.org","@graph":[{"@type":"NewsArticle","@id":"https:\/\/www.webdo.tn\/fr\/actualite\/national-45\/crise-sociale-associated-press-dresse-un-bilan-inquietant-pour-la-tunisie\/189149\/#article","isPartOf":{"@id":"https:\/\/www.webdo.tn\/fr\/actualite\/national-45\/crise-sociale-associated-press-dresse-un-bilan-inquietant-pour-la-tunisie\/189149\/"},"author":{"name":"webdo.tn","@id":"https:\/\/www.webdo.tn\/fr\/#\/schema\/person\/9a9c6118d687c117df8ef3cc36a4d175"},"headline":"Crise sociale : Associated Press dresse un bilan inqui\u00e9tant pour la Tunisie","datePublished":"2022-10-12T11:51:00+00:00","dateModified":"2025-05-22T11:47:47+00:00","mainEntityOfPage":{"@id":"https:\/\/www.webdo.tn\/fr\/actualite\/national-45\/crise-sociale-associated-press-dresse-un-bilan-inquietant-pour-la-tunisie\/189149\/"},"wordCount":285,"commentCount":0,"publisher":{"@id":"https:\/\/www.webdo.tn\/fr\/#organization"},"image":{"@id":"https:\/\/www.webdo.tn\/fr\/actualite\/national-45\/crise-sociale-associated-press-dresse-un-bilan-inquietant-pour-la-tunisie\/189149\/#primaryimage"},"thumbnailUrl":"https:\/\/www.webdo.tn\/fr\/wp-content\/uploads\/2022\/10\/thumbs_b2_5dea06daf1d7bb985d70a55e836af0e2.jpg","articleSection":["National"],"inLanguage":"fr-FR"},{"@type":"WebPage","@id":"https:\/\/www.webdo.tn\/fr\/actualite\/national-45\/crise-sociale-associated-press-dresse-un-bilan-inquietant-pour-la-tunisie\/189149\/","url":"https:\/\/www.webdo.tn\/fr\/actualite\/national-45\/crise-sociale-associated-press-dresse-un-bilan-inquietant-pour-la-tunisie\/189149\/","name":"Crise sociale : Associated Press dresse un bilan inqui\u00e9tant pour la Tunisie","isPartOf":{"@id":"https:\/\/www.webdo.tn\/fr\/#website"},"primaryImageOfPage":{"@id":"https:\/\/www.webdo.tn\/fr\/actualite\/national-45\/crise-sociale-associated-press-dresse-un-bilan-inquietant-pour-la-tunisie\/189149\/#primaryimage"},"image":{"@id":"https:\/\/www.webdo.tn\/fr\/actualite\/national-45\/crise-sociale-associated-press-dresse-un-bilan-inquietant-pour-la-tunisie\/189149\/#primaryimage"},"thumbnailUrl":"https:\/\/www.webdo.tn\/fr\/wp-content\/uploads\/2022\/10\/thumbs_b2_5dea06daf1d7bb985d70a55e836af0e2.jpg","datePublished":"2022-10-12T11:51:00+00:00","dateModified":"2025-05-22T11:47:47+00:00","description":"Crise sociale : Associated Press dresse un bilan inqui\u00e9tant pour la Tunisie","breadcrumb":{"@id":"https:\/\/www.webdo.tn\/fr\/actualite\/national-45\/crise-sociale-associated-press-dresse-un-bilan-inquietant-pour-la-tunisie\/189149\/#breadcrumb"},"inLanguage":"fr-FR","potentialAction":[{"@type":"ReadAction","target":["https:\/\/www.webdo.tn\/fr\/actualite\/national-45\/crise-sociale-associated-press-dresse-un-bilan-inquietant-pour-la-tunisie\/189149\/"]}]},{"@type":"ImageObject","inLanguage":"fr-FR","@id":"https:\/\/www.webdo.tn\/fr\/actualite\/national-45\/crise-sociale-associated-press-dresse-un-bilan-inquietant-pour-la-tunisie\/189149\/#primaryimage","url":"https:\/\/www.webdo.tn\/fr\/wp-content\/uploads\/2022\/10\/thumbs_b2_5dea06daf1d7bb985d70a55e836af0e2.jpg","contentUrl":"https:\/\/www.webdo.tn\/fr\/wp-content\/uploads\/2022\/10\/thumbs_b2_5dea06daf1d7bb985d70a55e836af0e2.jpg","width":954,"height":636,"caption":"Crise sociale : Associated Press dresse un bilan inqui\u00e9tant pour la Tunisie"},{"@type":"BreadcrumbList","@id":"https:\/\/www.webdo.tn\/fr\/actualite\/national-45\/crise-sociale-associated-press-dresse-un-bilan-inquietant-pour-la-tunisie\/189149\/#breadcrumb","itemListElement":[{"@type":"ListItem","position":1,"name":"Accueil","item":"https:\/\/www.webdo.tn\/fr\/"},{"@type":"ListItem","position":2,"name":"Crise sociale : Associated Press dresse un bilan inqui\u00e9tant pour la Tunisie"}]},{"@type":"WebSite","@id":"https:\/\/www.webdo.tn\/fr\/#website","url":"https:\/\/www.webdo.tn\/fr\/","name":"webdo","description":"Tunisie - News en Tunisie et \u00e0 l&#039;international sur Webdo.tn","publisher":{"@id":"https:\/\/www.webdo.tn\/fr\/#organization"},"potentialAction":[{"@type":"SearchAction","target":{"@type":"EntryPoint","urlTemplate":"https:\/\/www.webdo.tn\/fr\/?s={search_term_string}"},"query-input":{"@type":"PropertyValueSpecification","valueRequired":true,"valueName":"search_term_string"}}],"inLanguage":"fr-FR"},{"@type":"Organization","@id":"https:\/\/www.webdo.tn\/fr\/#organization","name":"Webdo","alternateName":"Webdo.tn","url":"https:\/\/www.webdo.tn\/fr\/","logo":{"@type":"ImageObject","inLanguage":"fr-FR","@id":"https:\/\/www.webdo.tn\/fr\/#\/schema\/logo\/image\/","url":"https:\/\/www.webdo.tn\/fr\/wp-content\/uploads\/2025\/06\/Webdo-Tunisie_168377.jpg","contentUrl":"https:\/\/www.webdo.tn\/fr\/wp-content\/uploads\/2025\/06\/Webdo-Tunisie_168377.jpg","width":301,"height":301,"caption":"Webdo"},"image":{"@id":"https:\/\/www.webdo.tn\/fr\/#\/schema\/logo\/image\/"},"sameAs":["https:\/\/www.facebook.com\/webdotn","https:\/\/x.com\/webdo_tn"],"description":"Webdo est un m\u00e9dia num\u00e9rique tunisien fond\u00e9 en 2010, sp\u00e9cialis\u00e9 dans l\u2019actualit\u00e9 nationale et internationale, l\u2019\u00e9conomie, la soci\u00e9t\u00e9 et les analyses politiques. Le site s\u2019adresse \u00e0 un large public francophone et couvre l\u2019information tunisienne en temps r\u00e9el.","email":"redac@webdo.tn","legalName":"YNJ SARL","foundingDate":"2010-09-06","numberOfEmployees":{"@type":"QuantitativeValue","minValue":"11","maxValue":"50"}},{"@type":"Person","@id":"https:\/\/www.webdo.tn\/fr\/#\/schema\/person\/9a9c6118d687c117df8ef3cc36a4d175","name":"webdo.tn","image":{"@type":"ImageObject","inLanguage":"fr-FR","@id":"https:\/\/secure.gravatar.com\/avatar\/7ce1f28c0c3bbac99ff550b85ef8e44a6950c6ee24514fb6a5489e51d06f0298?s=96&d=mm&r=g","url":"https:\/\/secure.gravatar.com\/avatar\/7ce1f28c0c3bbac99ff550b85ef8e44a6950c6ee24514fb6a5489e51d06f0298?s=96&d=mm&r=g","contentUrl":"https:\/\/secure.gravatar.com\/avatar\/7ce1f28c0c3bbac99ff550b85ef8e44a6950c6ee24514fb6a5489e51d06f0298?s=96&d=mm&r=g","caption":"webdo.tn"},"url":"https:\/\/www.webdo.tn\/fr\/actualite\/author\/webdotn\/"}]}},"_links":{"self":[{"href":"https:\/\/www.webdo.tn\/fr\/wp-json\/wp\/v2\/posts\/189149","targetHints":{"allow":["GET"]}}],"collection":[{"href":"https:\/\/www.webdo.tn\/fr\/wp-json\/wp\/v2\/posts"}],"about":[{"href":"https:\/\/www.webdo.tn\/fr\/wp-json\/wp\/v2\/types\/post"}],"author":[{"embeddable":true,"href":"https:\/\/www.webdo.tn\/fr\/wp-json\/wp\/v2\/users\/3222"}],"replies":[{"embeddable":true,"href":"https:\/\/www.webdo.tn\/fr\/wp-json\/wp\/v2\/comments?post=189149"}],"version-history":[{"count":0,"href":"https:\/\/www.webdo.tn\/fr\/wp-json\/wp\/v2\/posts\/189149\/revisions"}],"wp:featuredmedia":[{"embeddable":true,"href":"https:\/\/www.webdo.tn\/fr\/wp-json\/wp\/v2\/media\/348767"}],"wp:attachment":[{"href":"https:\/\/www.webdo.tn\/fr\/wp-json\/wp\/v2\/media?parent=189149"}],"wp:term":[{"taxonomy":"category","embeddable":true,"href":"https:\/\/www.webdo.tn\/fr\/wp-json\/wp\/v2\/categories?post=189149"},{"taxonomy":"post_tag","embeddable":true,"href":"https:\/\/www.webdo.tn\/fr\/wp-json\/wp\/v2\/tags?post=189149"}],"curies":[{"name":"wp","href":"https:\/\/api.w.org\/{rel}","templated":true}]}}