{"id":189144,"date":"2022-10-12T09:13:00","date_gmt":"2022-10-12T09:13:00","guid":{"rendered":"https:\/\/www.webdo.tn\/fr\/blog\/loi-electorale-lisie-na-aucune-idee-sur-les-modifications-qui-seront-apportees\/189144\/"},"modified":"2025-05-17T20:56:59","modified_gmt":"2025-05-17T20:56:59","slug":"loi-electorale-lisie-na-aucune-idee-sur-les-modifications-qui-seront-apportees","status":"publish","type":"post","link":"https:\/\/www.webdo.tn\/fr\/actualite\/national\/loi-electorale-lisie-na-aucune-idee-sur-les-modifications-qui-seront-apportees\/189144\/","title":{"rendered":"Loi \u00e9lectorale : L\u2019ISIE n\u2019a aucune id\u00e9e sur les modifications qui seront apport\u00e9es"},"content":{"rendered":"<p>\u00ab\u00a0L\u2019Instance sup\u00e9rieure ind\u00e9pendante pour les \u00e9lections (ISIE) n\u2019a aucune id\u00e9e sur les modifications qui seront apport\u00e9es \u00e0 la loi \u00e9lectoral\u00a0\u00bb, c&rsquo;est ce qu&rsquo;a d\u00e9clar\u00e9 son porte-parole, Mohamed Tlili Mansri dans une interview accord\u00e9e au quotidien \u00ab\u00a0Le Maghreb\u00a0\u00bb, dans son \u00e9dition de ce mercredi 12 octobre 2022.<\/p>\n<p>A un peu plus de deux mois des \u00e9lections l\u00e9gislatives du 17 d\u00e9cembre, l&rsquo;ISIE ignore quelles modifications va apporter le pr\u00e9sident de la R\u00e9publique, Kais Saied et veut \u00e9viter toute anticipation, comme l&rsquo;a fait savoir Mansri, rejoignant la position du pr\u00e9sident de l&rsquo;ISIE.<\/p>\n<p>Farouk Bouasker, a indiqu\u00e9, il y a deux jours qu\u2019il n\u2019y aura pas abandon de l\u2019actuelle loi \u00e9lectorale, soulignant que le processus est d\u00e9j\u00e0 lanc\u00e9 et que 140.000 parrainages ont \u00e9t\u00e9 enregistr\u00e9s.<\/p>\n<p>\u00ab\u00a0On peut agir sur des d\u00e9tails techniques pour limiter les fraudes, mais il est peu probable qu\u2019on abandonne totalement les parrainages. Il vaut mieux ne pas toucher \u00e0 la loi \u00e9lectorale \u00e0 ce stade\u00a0\u00bb, a-t-il dit, ajoutant que si des r\u00e9ajustements techniques doivent \u00eatre op\u00e9r\u00e9s, il faut le faire apr\u00e8s examen de la situation et en prenant en consid\u00e9ration l\u2019avis de l\u2019ISIE.<\/p>\n<p>Il est \u00e0 rappeler que le pr\u00e9sident de la R\u00e9publique, Kais Sa\u00efed, a estim\u00e9, en recevant, le 8 octobre, la cheffe du gouvernement, n\u00e9cessaire d\u2019amender la loi \u00e9lectorale au vu des pratiques ill\u00e9gales relatives aux parrainages.<\/p>\n<p>Cette d\u00e9cision intervient suite au communiqu\u00e9 publi\u00e9 par l\u2019ISIE le 6 octobre, dans lequel elle a annonc\u00e9 avoir d\u00e9couvert que certaines personnes souhaitant se pr\u00e9senter aux \u00e9lections l\u00e9gislatives avaient proc\u00e9d\u00e9 \u00e0 une collecte de parrainages avec contrepartie.<\/p>\n<p>Selon Mansri et compte tenu de ces 140.000 parrainages, on doit s&rsquo;attendre \u00e0 un nombre tr\u00e8s important de candidats aux l\u00e9gislatives. Pour l&rsquo;heure, le sort des parrainages en cas d\u2019amendement du Code \u00e9lectoral reste en suspend en attendant la d\u00e9cision de Kais Saied.<\/p>\n","protected":false},"excerpt":{"rendered":"<p>Loi \u00e9lectorale : L\u2019ISIE n\u2019a aucune id\u00e9e sur les modifications qui seront apport\u00e9es<\/p>\n","protected":false},"author":3222,"featured_media":277103,"comment_status":"open","ping_status":"closed","sticky":false,"template":"","format":"standard","meta":{"footnotes":""},"categories":[44],"tags":[2600],"class_list":["post-189144","post","type-post","status-publish","format-standard","has-post-thumbnail","hentry","category-national","tag-guerre"],"yoast_head":"<!-- This site is optimized with the Yoast SEO Premium plugin v27.4 (Yoast SEO v27.4) - https:\/\/yoast.com\/product\/yoast-seo-premium-wordpress\/ -->\n<title>Loi \u00e9lectorale : L\u2019ISIE n\u2019a aucune id\u00e9e sur les modifications qui seront apport\u00e9es<\/title>\n<meta name=\"description\" content=\"Loi \u00e9lectorale : L\u2019ISIE n\u2019a aucune id\u00e9e sur les modifications qui seront apport\u00e9es\" \/>\n<link rel=\"canonical\" href=\"https:\/\/www.webdo.tn\/fr\/actualite\/national\/loi-electorale-lisie-na-aucune-idee-sur-les-modifications-qui-seront-apportees\/189144\/\" \/>\n<meta property=\"og:locale\" content=\"fr_FR\" \/>\n<meta property=\"og:type\" content=\"article\" \/>\n<meta property=\"og:title\" content=\"Loi \u00e9lectorale : L\u2019ISIE n\u2019a aucune id\u00e9e sur les modifications qui seront apport\u00e9es\" \/>\n<meta property=\"og:description\" content=\"Loi \u00e9lectorale : L\u2019ISIE n\u2019a aucune id\u00e9e sur les modifications qui seront apport\u00e9es\" \/>\n<meta property=\"og:url\" content=\"https:\/\/www.webdo.tn\/fr\/actualite\/national\/loi-electorale-lisie-na-aucune-idee-sur-les-modifications-qui-seront-apportees\/189144\/\" \/>\n<meta property=\"og:site_name\" content=\"webdo\" \/>\n<meta property=\"article:publisher\" content=\"https:\/\/www.facebook.com\/webdotn\" \/>\n<meta property=\"article:published_time\" content=\"2022-10-12T09:13:00+00:00\" \/>\n<meta property=\"article:modified_time\" content=\"2025-05-17T20:56:59+00:00\" \/>\n<meta property=\"og:image\" content=\"https:\/\/www.webdo.tn\/fr\/wp-content\/uploads\/2022\/10\/ISIE-legislatives-1024x666-4.jpg\" \/>\n\t<meta property=\"og:image:width\" content=\"1024\" \/>\n\t<meta property=\"og:image:height\" content=\"666\" \/>\n\t<meta property=\"og:image:type\" content=\"image\/jpeg\" \/>\n<meta name=\"author\" content=\"webdo.tn\" \/>\n<meta name=\"twitter:card\" content=\"summary_large_image\" \/>\n<meta name=\"twitter:creator\" content=\"@webdo_tn\" \/>\n<meta name=\"twitter:site\" content=\"@webdo_tn\" \/>\n<meta name=\"twitter:label1\" content=\"\u00c9crit par\" \/>\n\t<meta name=\"twitter:data1\" content=\"webdo.tn\" \/>\n\t<meta name=\"twitter:label2\" content=\"Dur\u00e9e de lecture estim\u00e9e\" \/>\n\t<meta name=\"twitter:data2\" content=\"2 minutes\" \/>\n<script type=\"application\/ld+json\" class=\"yoast-schema-graph\">{\"@context\":\"https:\\\/\\\/schema.org\",\"@graph\":[{\"@type\":\"NewsArticle\",\"@id\":\"https:\\\/\\\/www.webdo.tn\\\/fr\\\/actualite\\\/national\\\/loi-electorale-lisie-na-aucune-idee-sur-les-modifications-qui-seront-apportees\\\/189144\\\/#article\",\"isPartOf\":{\"@id\":\"https:\\\/\\\/www.webdo.tn\\\/fr\\\/actualite\\\/national\\\/loi-electorale-lisie-na-aucune-idee-sur-les-modifications-qui-seront-apportees\\\/189144\\\/\"},\"author\":{\"name\":\"webdo.tn\",\"@id\":\"https:\\\/\\\/www.webdo.tn\\\/fr\\\/#\\\/schema\\\/person\\\/9a9c6118d687c117df8ef3cc36a4d175\"},\"headline\":\"Loi \u00e9lectorale : L\u2019ISIE n\u2019a aucune id\u00e9e sur les modifications qui seront apport\u00e9es\",\"datePublished\":\"2022-10-12T09:13:00+00:00\",\"dateModified\":\"2025-05-17T20:56:59+00:00\",\"mainEntityOfPage\":{\"@id\":\"https:\\\/\\\/www.webdo.tn\\\/fr\\\/actualite\\\/national\\\/loi-electorale-lisie-na-aucune-idee-sur-les-modifications-qui-seront-apportees\\\/189144\\\/\"},\"wordCount\":352,\"commentCount\":0,\"publisher\":{\"@id\":\"https:\\\/\\\/www.webdo.tn\\\/fr\\\/#organization\"},\"image\":{\"@id\":\"https:\\\/\\\/www.webdo.tn\\\/fr\\\/actualite\\\/national\\\/loi-electorale-lisie-na-aucune-idee-sur-les-modifications-qui-seront-apportees\\\/189144\\\/#primaryimage\"},\"thumbnailUrl\":\"https:\\\/\\\/www.webdo.tn\\\/fr\\\/wp-content\\\/uploads\\\/2022\\\/10\\\/ISIE-legislatives-1024x666-4.jpg\",\"keywords\":[\"guerre\"],\"articleSection\":[\"National\"],\"inLanguage\":\"fr-FR\"},{\"@type\":\"WebPage\",\"@id\":\"https:\\\/\\\/www.webdo.tn\\\/fr\\\/actualite\\\/national\\\/loi-electorale-lisie-na-aucune-idee-sur-les-modifications-qui-seront-apportees\\\/189144\\\/\",\"url\":\"https:\\\/\\\/www.webdo.tn\\\/fr\\\/actualite\\\/national\\\/loi-electorale-lisie-na-aucune-idee-sur-les-modifications-qui-seront-apportees\\\/189144\\\/\",\"name\":\"Loi \u00e9lectorale : L\u2019ISIE n\u2019a aucune id\u00e9e sur les modifications qui seront apport\u00e9es\",\"isPartOf\":{\"@id\":\"https:\\\/\\\/www.webdo.tn\\\/fr\\\/#website\"},\"primaryImageOfPage\":{\"@id\":\"https:\\\/\\\/www.webdo.tn\\\/fr\\\/actualite\\\/national\\\/loi-electorale-lisie-na-aucune-idee-sur-les-modifications-qui-seront-apportees\\\/189144\\\/#primaryimage\"},\"image\":{\"@id\":\"https:\\\/\\\/www.webdo.tn\\\/fr\\\/actualite\\\/national\\\/loi-electorale-lisie-na-aucune-idee-sur-les-modifications-qui-seront-apportees\\\/189144\\\/#primaryimage\"},\"thumbnailUrl\":\"https:\\\/\\\/www.webdo.tn\\\/fr\\\/wp-content\\\/uploads\\\/2022\\\/10\\\/ISIE-legislatives-1024x666-4.jpg\",\"datePublished\":\"2022-10-12T09:13:00+00:00\",\"dateModified\":\"2025-05-17T20:56:59+00:00\",\"description\":\"Loi \u00e9lectorale : L\u2019ISIE n\u2019a aucune id\u00e9e sur les modifications qui seront apport\u00e9es\",\"breadcrumb\":{\"@id\":\"https:\\\/\\\/www.webdo.tn\\\/fr\\\/actualite\\\/national\\\/loi-electorale-lisie-na-aucune-idee-sur-les-modifications-qui-seront-apportees\\\/189144\\\/#breadcrumb\"},\"inLanguage\":\"fr-FR\",\"potentialAction\":[{\"@type\":\"ReadAction\",\"target\":[\"https:\\\/\\\/www.webdo.tn\\\/fr\\\/actualite\\\/national\\\/loi-electorale-lisie-na-aucune-idee-sur-les-modifications-qui-seront-apportees\\\/189144\\\/\"]}]},{\"@type\":\"ImageObject\",\"inLanguage\":\"fr-FR\",\"@id\":\"https:\\\/\\\/www.webdo.tn\\\/fr\\\/actualite\\\/national\\\/loi-electorale-lisie-na-aucune-idee-sur-les-modifications-qui-seront-apportees\\\/189144\\\/#primaryimage\",\"url\":\"https:\\\/\\\/www.webdo.tn\\\/fr\\\/wp-content\\\/uploads\\\/2022\\\/10\\\/ISIE-legislatives-1024x666-4.jpg\",\"contentUrl\":\"https:\\\/\\\/www.webdo.tn\\\/fr\\\/wp-content\\\/uploads\\\/2022\\\/10\\\/ISIE-legislatives-1024x666-4.jpg\",\"width\":1024,\"height\":666,\"caption\":\"Loi \u00e9lectorale : L\u2019ISIE n\u2019a aucune id\u00e9e sur les modifications qui seront apport\u00e9es\"},{\"@type\":\"BreadcrumbList\",\"@id\":\"https:\\\/\\\/www.webdo.tn\\\/fr\\\/actualite\\\/national\\\/loi-electorale-lisie-na-aucune-idee-sur-les-modifications-qui-seront-apportees\\\/189144\\\/#breadcrumb\",\"itemListElement\":[{\"@type\":\"ListItem\",\"position\":1,\"name\":\"Accueil\",\"item\":\"https:\\\/\\\/www.webdo.tn\\\/fr\\\/\"},{\"@type\":\"ListItem\",\"position\":2,\"name\":\"Loi \u00e9lectorale : L\u2019ISIE n\u2019a aucune id\u00e9e sur les modifications qui seront apport\u00e9es\"}]},{\"@type\":\"WebSite\",\"@id\":\"https:\\\/\\\/www.webdo.tn\\\/fr\\\/#website\",\"url\":\"https:\\\/\\\/www.webdo.tn\\\/fr\\\/\",\"name\":\"webdo\",\"description\":\"Tunisie - News en Tunisie et \u00e0 l&#039;international sur Webdo.tn\",\"publisher\":{\"@id\":\"https:\\\/\\\/www.webdo.tn\\\/fr\\\/#organization\"},\"potentialAction\":[{\"@type\":\"SearchAction\",\"target\":{\"@type\":\"EntryPoint\",\"urlTemplate\":\"https:\\\/\\\/www.webdo.tn\\\/fr\\\/?s={search_term_string}\"},\"query-input\":{\"@type\":\"PropertyValueSpecification\",\"valueRequired\":true,\"valueName\":\"search_term_string\"}}],\"inLanguage\":\"fr-FR\"},{\"@type\":\"Organization\",\"@id\":\"https:\\\/\\\/www.webdo.tn\\\/fr\\\/#organization\",\"name\":\"Webdo\",\"alternateName\":\"Webdo.tn\",\"url\":\"https:\\\/\\\/www.webdo.tn\\\/fr\\\/\",\"logo\":{\"@type\":\"ImageObject\",\"inLanguage\":\"fr-FR\",\"@id\":\"https:\\\/\\\/www.webdo.tn\\\/fr\\\/#\\\/schema\\\/logo\\\/image\\\/\",\"url\":\"https:\\\/\\\/www.webdo.tn\\\/fr\\\/wp-content\\\/uploads\\\/2025\\\/06\\\/Webdo-Tunisie_168377.jpg\",\"contentUrl\":\"https:\\\/\\\/www.webdo.tn\\\/fr\\\/wp-content\\\/uploads\\\/2025\\\/06\\\/Webdo-Tunisie_168377.jpg\",\"width\":301,\"height\":301,\"caption\":\"Webdo\"},\"image\":{\"@id\":\"https:\\\/\\\/www.webdo.tn\\\/fr\\\/#\\\/schema\\\/logo\\\/image\\\/\"},\"sameAs\":[\"https:\\\/\\\/www.facebook.com\\\/webdotn\",\"https:\\\/\\\/x.com\\\/webdo_tn\"],\"description\":\"Webdo est un m\u00e9dia num\u00e9rique tunisien fond\u00e9 en 2010, sp\u00e9cialis\u00e9 dans l\u2019actualit\u00e9 nationale et internationale, l\u2019\u00e9conomie, la soci\u00e9t\u00e9 et les analyses politiques. Le site s\u2019adresse \u00e0 un large public francophone et couvre l\u2019information tunisienne en temps r\u00e9el.\",\"email\":\"redac@webdo.tn\",\"legalName\":\"YNJ SARL\",\"foundingDate\":\"2010-09-06\",\"numberOfEmployees\":{\"@type\":\"QuantitativeValue\",\"minValue\":\"11\",\"maxValue\":\"50\"}},{\"@type\":\"Person\",\"@id\":\"https:\\\/\\\/www.webdo.tn\\\/fr\\\/#\\\/schema\\\/person\\\/9a9c6118d687c117df8ef3cc36a4d175\",\"name\":\"webdo.tn\",\"image\":{\"@type\":\"ImageObject\",\"inLanguage\":\"fr-FR\",\"@id\":\"https:\\\/\\\/secure.gravatar.com\\\/avatar\\\/7ce1f28c0c3bbac99ff550b85ef8e44a6950c6ee24514fb6a5489e51d06f0298?s=96&d=mm&r=g\",\"url\":\"https:\\\/\\\/secure.gravatar.com\\\/avatar\\\/7ce1f28c0c3bbac99ff550b85ef8e44a6950c6ee24514fb6a5489e51d06f0298?s=96&d=mm&r=g\",\"contentUrl\":\"https:\\\/\\\/secure.gravatar.com\\\/avatar\\\/7ce1f28c0c3bbac99ff550b85ef8e44a6950c6ee24514fb6a5489e51d06f0298?s=96&d=mm&r=g\",\"caption\":\"webdo.tn\"},\"url\":\"https:\\\/\\\/www.webdo.tn\\\/fr\\\/actualite\\\/author\\\/webdotn\\\/\"}]}<\/script>\n<!-- \/ Yoast SEO Premium plugin. -->","yoast_head_json":{"title":"Loi \u00e9lectorale : L\u2019ISIE n\u2019a aucune id\u00e9e sur les modifications qui seront apport\u00e9es","description":"Loi \u00e9lectorale : L\u2019ISIE n\u2019a aucune id\u00e9e sur les modifications qui seront apport\u00e9es","canonical":"https:\/\/www.webdo.tn\/fr\/actualite\/national\/loi-electorale-lisie-na-aucune-idee-sur-les-modifications-qui-seront-apportees\/189144\/","og_locale":"fr_FR","og_type":"article","og_title":"Loi \u00e9lectorale : L\u2019ISIE n\u2019a aucune id\u00e9e sur les modifications qui seront apport\u00e9es","og_description":"Loi \u00e9lectorale : L\u2019ISIE n\u2019a aucune id\u00e9e sur les modifications qui seront apport\u00e9es","og_url":"https:\/\/www.webdo.tn\/fr\/actualite\/national\/loi-electorale-lisie-na-aucune-idee-sur-les-modifications-qui-seront-apportees\/189144\/","og_site_name":"webdo","article_publisher":"https:\/\/www.facebook.com\/webdotn","article_published_time":"2022-10-12T09:13:00+00:00","article_modified_time":"2025-05-17T20:56:59+00:00","og_image":[{"width":1024,"height":666,"url":"https:\/\/www.webdo.tn\/fr\/wp-content\/uploads\/2022\/10\/ISIE-legislatives-1024x666-4.jpg","type":"image\/jpeg"}],"author":"webdo.tn","twitter_card":"summary_large_image","twitter_creator":"@webdo_tn","twitter_site":"@webdo_tn","twitter_misc":{"\u00c9crit par":"webdo.tn","Dur\u00e9e de lecture estim\u00e9e":"2 minutes"},"schema":{"@context":"https:\/\/schema.org","@graph":[{"@type":"NewsArticle","@id":"https:\/\/www.webdo.tn\/fr\/actualite\/national\/loi-electorale-lisie-na-aucune-idee-sur-les-modifications-qui-seront-apportees\/189144\/#article","isPartOf":{"@id":"https:\/\/www.webdo.tn\/fr\/actualite\/national\/loi-electorale-lisie-na-aucune-idee-sur-les-modifications-qui-seront-apportees\/189144\/"},"author":{"name":"webdo.tn","@id":"https:\/\/www.webdo.tn\/fr\/#\/schema\/person\/9a9c6118d687c117df8ef3cc36a4d175"},"headline":"Loi \u00e9lectorale : L\u2019ISIE n\u2019a aucune id\u00e9e sur les modifications qui seront apport\u00e9es","datePublished":"2022-10-12T09:13:00+00:00","dateModified":"2025-05-17T20:56:59+00:00","mainEntityOfPage":{"@id":"https:\/\/www.webdo.tn\/fr\/actualite\/national\/loi-electorale-lisie-na-aucune-idee-sur-les-modifications-qui-seront-apportees\/189144\/"},"wordCount":352,"commentCount":0,"publisher":{"@id":"https:\/\/www.webdo.tn\/fr\/#organization"},"image":{"@id":"https:\/\/www.webdo.tn\/fr\/actualite\/national\/loi-electorale-lisie-na-aucune-idee-sur-les-modifications-qui-seront-apportees\/189144\/#primaryimage"},"thumbnailUrl":"https:\/\/www.webdo.tn\/fr\/wp-content\/uploads\/2022\/10\/ISIE-legislatives-1024x666-4.jpg","keywords":["guerre"],"articleSection":["National"],"inLanguage":"fr-FR"},{"@type":"WebPage","@id":"https:\/\/www.webdo.tn\/fr\/actualite\/national\/loi-electorale-lisie-na-aucune-idee-sur-les-modifications-qui-seront-apportees\/189144\/","url":"https:\/\/www.webdo.tn\/fr\/actualite\/national\/loi-electorale-lisie-na-aucune-idee-sur-les-modifications-qui-seront-apportees\/189144\/","name":"Loi \u00e9lectorale : L\u2019ISIE n\u2019a aucune id\u00e9e sur les modifications qui seront apport\u00e9es","isPartOf":{"@id":"https:\/\/www.webdo.tn\/fr\/#website"},"primaryImageOfPage":{"@id":"https:\/\/www.webdo.tn\/fr\/actualite\/national\/loi-electorale-lisie-na-aucune-idee-sur-les-modifications-qui-seront-apportees\/189144\/#primaryimage"},"image":{"@id":"https:\/\/www.webdo.tn\/fr\/actualite\/national\/loi-electorale-lisie-na-aucune-idee-sur-les-modifications-qui-seront-apportees\/189144\/#primaryimage"},"thumbnailUrl":"https:\/\/www.webdo.tn\/fr\/wp-content\/uploads\/2022\/10\/ISIE-legislatives-1024x666-4.jpg","datePublished":"2022-10-12T09:13:00+00:00","dateModified":"2025-05-17T20:56:59+00:00","description":"Loi \u00e9lectorale : L\u2019ISIE n\u2019a aucune id\u00e9e sur les modifications qui seront apport\u00e9es","breadcrumb":{"@id":"https:\/\/www.webdo.tn\/fr\/actualite\/national\/loi-electorale-lisie-na-aucune-idee-sur-les-modifications-qui-seront-apportees\/189144\/#breadcrumb"},"inLanguage":"fr-FR","potentialAction":[{"@type":"ReadAction","target":["https:\/\/www.webdo.tn\/fr\/actualite\/national\/loi-electorale-lisie-na-aucune-idee-sur-les-modifications-qui-seront-apportees\/189144\/"]}]},{"@type":"ImageObject","inLanguage":"fr-FR","@id":"https:\/\/www.webdo.tn\/fr\/actualite\/national\/loi-electorale-lisie-na-aucune-idee-sur-les-modifications-qui-seront-apportees\/189144\/#primaryimage","url":"https:\/\/www.webdo.tn\/fr\/wp-content\/uploads\/2022\/10\/ISIE-legislatives-1024x666-4.jpg","contentUrl":"https:\/\/www.webdo.tn\/fr\/wp-content\/uploads\/2022\/10\/ISIE-legislatives-1024x666-4.jpg","width":1024,"height":666,"caption":"Loi \u00e9lectorale : L\u2019ISIE n\u2019a aucune id\u00e9e sur les modifications qui seront apport\u00e9es"},{"@type":"BreadcrumbList","@id":"https:\/\/www.webdo.tn\/fr\/actualite\/national\/loi-electorale-lisie-na-aucune-idee-sur-les-modifications-qui-seront-apportees\/189144\/#breadcrumb","itemListElement":[{"@type":"ListItem","position":1,"name":"Accueil","item":"https:\/\/www.webdo.tn\/fr\/"},{"@type":"ListItem","position":2,"name":"Loi \u00e9lectorale : L\u2019ISIE n\u2019a aucune id\u00e9e sur les modifications qui seront apport\u00e9es"}]},{"@type":"WebSite","@id":"https:\/\/www.webdo.tn\/fr\/#website","url":"https:\/\/www.webdo.tn\/fr\/","name":"webdo","description":"Tunisie - News en Tunisie et \u00e0 l&#039;international sur Webdo.tn","publisher":{"@id":"https:\/\/www.webdo.tn\/fr\/#organization"},"potentialAction":[{"@type":"SearchAction","target":{"@type":"EntryPoint","urlTemplate":"https:\/\/www.webdo.tn\/fr\/?s={search_term_string}"},"query-input":{"@type":"PropertyValueSpecification","valueRequired":true,"valueName":"search_term_string"}}],"inLanguage":"fr-FR"},{"@type":"Organization","@id":"https:\/\/www.webdo.tn\/fr\/#organization","name":"Webdo","alternateName":"Webdo.tn","url":"https:\/\/www.webdo.tn\/fr\/","logo":{"@type":"ImageObject","inLanguage":"fr-FR","@id":"https:\/\/www.webdo.tn\/fr\/#\/schema\/logo\/image\/","url":"https:\/\/www.webdo.tn\/fr\/wp-content\/uploads\/2025\/06\/Webdo-Tunisie_168377.jpg","contentUrl":"https:\/\/www.webdo.tn\/fr\/wp-content\/uploads\/2025\/06\/Webdo-Tunisie_168377.jpg","width":301,"height":301,"caption":"Webdo"},"image":{"@id":"https:\/\/www.webdo.tn\/fr\/#\/schema\/logo\/image\/"},"sameAs":["https:\/\/www.facebook.com\/webdotn","https:\/\/x.com\/webdo_tn"],"description":"Webdo est un m\u00e9dia num\u00e9rique tunisien fond\u00e9 en 2010, sp\u00e9cialis\u00e9 dans l\u2019actualit\u00e9 nationale et internationale, l\u2019\u00e9conomie, la soci\u00e9t\u00e9 et les analyses politiques. Le site s\u2019adresse \u00e0 un large public francophone et couvre l\u2019information tunisienne en temps r\u00e9el.","email":"redac@webdo.tn","legalName":"YNJ SARL","foundingDate":"2010-09-06","numberOfEmployees":{"@type":"QuantitativeValue","minValue":"11","maxValue":"50"}},{"@type":"Person","@id":"https:\/\/www.webdo.tn\/fr\/#\/schema\/person\/9a9c6118d687c117df8ef3cc36a4d175","name":"webdo.tn","image":{"@type":"ImageObject","inLanguage":"fr-FR","@id":"https:\/\/secure.gravatar.com\/avatar\/7ce1f28c0c3bbac99ff550b85ef8e44a6950c6ee24514fb6a5489e51d06f0298?s=96&d=mm&r=g","url":"https:\/\/secure.gravatar.com\/avatar\/7ce1f28c0c3bbac99ff550b85ef8e44a6950c6ee24514fb6a5489e51d06f0298?s=96&d=mm&r=g","contentUrl":"https:\/\/secure.gravatar.com\/avatar\/7ce1f28c0c3bbac99ff550b85ef8e44a6950c6ee24514fb6a5489e51d06f0298?s=96&d=mm&r=g","caption":"webdo.tn"},"url":"https:\/\/www.webdo.tn\/fr\/actualite\/author\/webdotn\/"}]}},"_links":{"self":[{"href":"https:\/\/www.webdo.tn\/fr\/wp-json\/wp\/v2\/posts\/189144","targetHints":{"allow":["GET"]}}],"collection":[{"href":"https:\/\/www.webdo.tn\/fr\/wp-json\/wp\/v2\/posts"}],"about":[{"href":"https:\/\/www.webdo.tn\/fr\/wp-json\/wp\/v2\/types\/post"}],"author":[{"embeddable":true,"href":"https:\/\/www.webdo.tn\/fr\/wp-json\/wp\/v2\/users\/3222"}],"replies":[{"embeddable":true,"href":"https:\/\/www.webdo.tn\/fr\/wp-json\/wp\/v2\/comments?post=189144"}],"version-history":[{"count":0,"href":"https:\/\/www.webdo.tn\/fr\/wp-json\/wp\/v2\/posts\/189144\/revisions"}],"wp:featuredmedia":[{"embeddable":true,"href":"https:\/\/www.webdo.tn\/fr\/wp-json\/wp\/v2\/media\/277103"}],"wp:attachment":[{"href":"https:\/\/www.webdo.tn\/fr\/wp-json\/wp\/v2\/media?parent=189144"}],"wp:term":[{"taxonomy":"category","embeddable":true,"href":"https:\/\/www.webdo.tn\/fr\/wp-json\/wp\/v2\/categories?post=189144"},{"taxonomy":"post_tag","embeddable":true,"href":"https:\/\/www.webdo.tn\/fr\/wp-json\/wp\/v2\/tags?post=189144"}],"curies":[{"name":"wp","href":"https:\/\/api.w.org\/{rel}","templated":true}]}}